{"id":251336,"date":"2024-10-07T13:05:22","date_gmt":"2024-10-07T16:05:22","guid":{"rendered":"https:\/\/franciscanos.org.br\/noticias\/?p=251336"},"modified":"2024-10-07T15:44:07","modified_gmt":"2024-10-07T18:44:07","slug":"canarinhos-de-petropolis-realizam-concerto-especial-dos-800-anos-das-chagas-de-sao-francisco","status":"publish","type":"post","link":"https:\/\/franciscanos.org.br\/noticias\/canarinhos-de-petropolis-realizam-concerto-especial-dos-800-anos-das-chagas-de-sao-francisco.html","title":{"rendered":"Canarinhos de Petr\u00f3polis realizam Concerto Especial dos 800 anos das Chagas de S\u00e3o Francisco"},"content":{"rendered":"<p><img loading=\"lazy\" class=\"aligncenter wp-image-251338 size-full\" src=\"https:\/\/franciscanos.org.br\/noticias\/wp-content\/uploads\/2024\/10\/materia-2-1.jpg\" alt=\"\" width=\"1280\" height=\"720\" srcset=\"https:\/\/franciscanos.org.br\/noticias\/wp-content\/uploads\/2024\/10\/materia-2-1.jpg 1280w, https:\/\/franciscanos.org.br\/noticias\/wp-content\/uploads\/2024\/10\/materia-2-1-450x253.jpg 450w, https:\/\/franciscanos.org.br\/noticias\/wp-content\/uploads\/2024\/10\/materia-2-1-1024x576.jpg 1024w, https:\/\/franciscanos.org.br\/noticias\/wp-content\/uploads\/2024\/10\/materia-2-1-768x432.jpg 768w, https:\/\/franciscanos.org.br\/noticias\/wp-content\/uploads\/2024\/10\/materia-2-1-150x84.jpg 150w\" sizes=\"(max-width: 1280px) 100vw, 1280px\" \/><\/p>\n<p><span style=\"font-weight: 400;\">Emocionante, magn\u00edfico e profundo! Estes podem ser os adjetivos que descrevem o Concerto Especial dos 800 anos das Chagas de S\u00e3o Francisco que os Corais dos Canarinhos de Petr\u00f3polis apresentaram no \u00faltimo s\u00e1bado, dia 05 de outubro, na Igreja do Sagrado Cora\u00e7\u00e3o de Jesus, no centro da cidade Imperial, em Petr\u00f3polis (RJ).\u00a0<\/span><\/p>\n<p><span style=\"font-weight: 400;\">Nas comemora\u00e7\u00f5es do Jubileu dos 800 anos da Impress\u00e3o das Chagas de S\u00e3o Francisco, festejada de diversas formas pelos franciscanos e franciscanas de todo o mundo, o Instituto dos Meninos Cantores de Petr\u00f3polis (IMCP), uma institui\u00e7\u00e3o franciscana, decidiu celebrar esse Jubileu com a sua arte e a sua m\u00fasica.\u00a0<\/span><\/p>\n<p><span style=\"font-weight: 400;\">Assim como no ano passado, nas comemora\u00e7\u00f5es dos 800 anos do Pres\u00e9pio de Greccio, a equipe dos Canarinhos, para produzir este concerto, debru\u00e7ou-se nos textos cl\u00e1ssicos da hagiografia franciscana que apresentam esse momento singular na hist\u00f3ria do cristianismo: a cena do amor t\u00e3o profundo de um homem ao Cristo Crucificado que mereceu trazer em todo o seu ser as marcas da Paix\u00e3o do Senhor! Regidos pelo Maestro Marco Aur\u00e9lio Lischt, o Coral dos Canarinhos e o Coral das Meninas dos Canarinhos uniram-se em mais de sessenta vozes para louvarem o bom Deus pelas maravilhas operadas em seu humilde servo, Francisco de Assis.\u00a0<\/span><\/p>\n\n\t\t<style type=\"text\/css\">\n\t\t\t#gallery-1 {\n\t\t\t\tmargin: auto;\n\t\t\t}\n\t\t\t#gallery-1 .gallery-item {\n\t\t\t\tfloat: left;\n\t\t\t\tmargin-top: 10px;\n\t\t\t\ttext-align: center;\n\t\t\t\twidth: 25%;\n\t\t\t}\n\t\t\t#gallery-1 img {\n\t\t\t\tborder: 2px solid #cfcfcf;\n\t\t\t}\n\t\t\t#gallery-1 .gallery-caption {\n\t\t\t\tmargin-left: 0;\n\t\t\t}\n\t\t\t\/* see gallery_shortcode() in wp-includes\/media.php *\/\n\t\t<\/style>\n\t\t<div id='gallery-1' class='gallery galleryid-251336 gallery-columns-4 gallery-size-thumbnail'><dl class='gallery-item'>\n\t\t\t<dt class='gallery-icon landscape'>\n\t\t\t\t<a href='https:\/\/franciscanos.org.br\/noticias\/wp-content\/uploads\/2024\/10\/001-scaled.jpg'><img width=\"300\" height=\"300\" src=\"https:\/\/franciscanos.org.br\/noticias\/wp-content\/uploads\/2024\/10\/001-300x300.jpg\" class=\"attachment-thumbnail size-thumbnail\" alt=\"\" loading=\"lazy\" srcset=\"https:\/\/franciscanos.org.br\/noticias\/wp-content\/uploads\/2024\/10\/001-300x300.jpg 300w, https:\/\/franciscanos.org.br\/noticias\/wp-content\/uploads\/2024\/10\/001-100x100.jpg 100w\" sizes=\"(max-width: 300px) 100vw, 300px\" \/><\/a>\n\t\t\t<\/dt><\/dl><dl class='gallery-item'>\n\t\t\t<dt class='gallery-icon landscape'>\n\t\t\t\t<a href='https:\/\/franciscanos.org.br\/noticias\/wp-content\/uploads\/2024\/10\/002-scaled.jpg'><img width=\"300\" height=\"300\" src=\"https:\/\/franciscanos.org.br\/noticias\/wp-content\/uploads\/2024\/10\/002-300x300.jpg\" class=\"attachment-thumbnail size-thumbnail\" alt=\"\" loading=\"lazy\" srcset=\"https:\/\/franciscanos.org.br\/noticias\/wp-content\/uploads\/2024\/10\/002-300x300.jpg 300w, https:\/\/franciscanos.org.br\/noticias\/wp-content\/uploads\/2024\/10\/002-100x100.jpg 100w\" sizes=\"(max-width: 300px) 100vw, 300px\" \/><\/a>\n\t\t\t<\/dt><\/dl><dl class='gallery-item'>\n\t\t\t<dt class='gallery-icon landscape'>\n\t\t\t\t<a href='https:\/\/franciscanos.org.br\/noticias\/wp-content\/uploads\/2024\/10\/004-scaled.jpg'><img width=\"300\" height=\"300\" src=\"https:\/\/franciscanos.org.br\/noticias\/wp-content\/uploads\/2024\/10\/004-300x300.jpg\" class=\"attachment-thumbnail size-thumbnail\" alt=\"\" loading=\"lazy\" srcset=\"https:\/\/franciscanos.org.br\/noticias\/wp-content\/uploads\/2024\/10\/004-300x300.jpg 300w, https:\/\/franciscanos.org.br\/noticias\/wp-content\/uploads\/2024\/10\/004-100x100.jpg 100w\" sizes=\"(max-width: 300px) 100vw, 300px\" \/><\/a>\n\t\t\t<\/dt><\/dl><dl class='gallery-item'>\n\t\t\t<dt class='gallery-icon landscape'>\n\t\t\t\t<a href='https:\/\/franciscanos.org.br\/noticias\/wp-content\/uploads\/2024\/10\/005-scaled.jpg'><img width=\"300\" height=\"300\" src=\"https:\/\/franciscanos.org.br\/noticias\/wp-content\/uploads\/2024\/10\/005-300x300.jpg\" class=\"attachment-thumbnail size-thumbnail\" alt=\"\" loading=\"lazy\" srcset=\"https:\/\/franciscanos.org.br\/noticias\/wp-content\/uploads\/2024\/10\/005-300x300.jpg 300w, https:\/\/franciscanos.org.br\/noticias\/wp-content\/uploads\/2024\/10\/005-100x100.jpg 100w\" sizes=\"(max-width: 300px) 100vw, 300px\" \/><\/a>\n\t\t\t<\/dt><\/dl><br style=\"clear: both\" \/>\n\t\t<\/div>\n\n<p><span style=\"font-weight: 400;\">No in\u00edcio da apresenta\u00e7\u00e3o, em sil\u00eancio, os Tenores e Baixos tomaram posi\u00e7\u00e3o aos p\u00e9s da imagem do Sagrado Cora\u00e7\u00e3o de Jesus e num tom orante cantaram, \u00e0 capela, <\/span><i><span style=\"font-weight: 400;\">\u201cSalut, Dame Sainte<\/span><\/i><span style=\"font-weight: 400;\">\u201d do compositor franc\u00eas, Francis Poulenc, que musicou quatro ora\u00e7\u00f5es atribu\u00eddas a S\u00e3o Francisco. Ap\u00f3s esta primeira can\u00e7\u00e3o, o Presidente do IMCP, Frei Marcos Ant\u00f4nio de Andrade, iniciou a narrativa do texto dizendo aos presentes: \u201cA voca\u00e7\u00e3o de Francisco de Assis come\u00e7a com a Cruz, se d\u00e1 no seguimento da Cruz e encontra o seu \u00e1pice com a Cruz! S\u00e3o as marcas desse amor ao Crucificado que queremos lembrar nesta noite.\u201d\u00a0<\/span><\/p>\n\n\t\t<style type=\"text\/css\">\n\t\t\t#gallery-2 {\n\t\t\t\tmargin: auto;\n\t\t\t}\n\t\t\t#gallery-2 .gallery-item {\n\t\t\t\tfloat: left;\n\t\t\t\tmargin-top: 10px;\n\t\t\t\ttext-align: center;\n\t\t\t\twidth: 25%;\n\t\t\t}\n\t\t\t#gallery-2 img {\n\t\t\t\tborder: 2px solid #cfcfcf;\n\t\t\t}\n\t\t\t#gallery-2 .gallery-caption {\n\t\t\t\tmargin-left: 0;\n\t\t\t}\n\t\t\t\/* see gallery_shortcode() in wp-includes\/media.php *\/\n\t\t<\/style>\n\t\t<div id='gallery-2' class='gallery galleryid-251336 gallery-columns-4 gallery-size-thumbnail'><dl class='gallery-item'>\n\t\t\t<dt class='gallery-icon landscape'>\n\t\t\t\t<a href='https:\/\/franciscanos.org.br\/noticias\/wp-content\/uploads\/2024\/10\/006-scaled.jpg'><img width=\"300\" height=\"300\" src=\"https:\/\/franciscanos.org.br\/noticias\/wp-content\/uploads\/2024\/10\/006-300x300.jpg\" class=\"attachment-thumbnail size-thumbnail\" alt=\"\" loading=\"lazy\" srcset=\"https:\/\/franciscanos.org.br\/noticias\/wp-content\/uploads\/2024\/10\/006-300x300.jpg 300w, https:\/\/franciscanos.org.br\/noticias\/wp-content\/uploads\/2024\/10\/006-100x100.jpg 100w\" sizes=\"(max-width: 300px) 100vw, 300px\" \/><\/a>\n\t\t\t<\/dt><\/dl><dl class='gallery-item'>\n\t\t\t<dt class='gallery-icon landscape'>\n\t\t\t\t<a href='https:\/\/franciscanos.org.br\/noticias\/wp-content\/uploads\/2024\/10\/007-scaled.jpg'><img width=\"300\" height=\"300\" src=\"https:\/\/franciscanos.org.br\/noticias\/wp-content\/uploads\/2024\/10\/007-300x300.jpg\" class=\"attachment-thumbnail size-thumbnail\" alt=\"\" loading=\"lazy\" srcset=\"https:\/\/franciscanos.org.br\/noticias\/wp-content\/uploads\/2024\/10\/007-300x300.jpg 300w, https:\/\/franciscanos.org.br\/noticias\/wp-content\/uploads\/2024\/10\/007-100x100.jpg 100w\" sizes=\"(max-width: 300px) 100vw, 300px\" \/><\/a>\n\t\t\t<\/dt><\/dl><dl class='gallery-item'>\n\t\t\t<dt class='gallery-icon landscape'>\n\t\t\t\t<a href='https:\/\/franciscanos.org.br\/noticias\/wp-content\/uploads\/2024\/10\/008-scaled.jpg'><img width=\"300\" height=\"300\" src=\"https:\/\/franciscanos.org.br\/noticias\/wp-content\/uploads\/2024\/10\/008-300x300.jpg\" class=\"attachment-thumbnail size-thumbnail\" alt=\"\" loading=\"lazy\" srcset=\"https:\/\/franciscanos.org.br\/noticias\/wp-content\/uploads\/2024\/10\/008-300x300.jpg 300w, https:\/\/franciscanos.org.br\/noticias\/wp-content\/uploads\/2024\/10\/008-100x100.jpg 100w\" sizes=\"(max-width: 300px) 100vw, 300px\" \/><\/a>\n\t\t\t<\/dt><\/dl><dl class='gallery-item'>\n\t\t\t<dt class='gallery-icon landscape'>\n\t\t\t\t<a href='https:\/\/franciscanos.org.br\/noticias\/wp-content\/uploads\/2024\/10\/009-scaled.jpg'><img width=\"300\" height=\"300\" src=\"https:\/\/franciscanos.org.br\/noticias\/wp-content\/uploads\/2024\/10\/009-300x300.jpg\" class=\"attachment-thumbnail size-thumbnail\" alt=\"\" loading=\"lazy\" srcset=\"https:\/\/franciscanos.org.br\/noticias\/wp-content\/uploads\/2024\/10\/009-300x300.jpg 300w, https:\/\/franciscanos.org.br\/noticias\/wp-content\/uploads\/2024\/10\/009-100x100.jpg 100w\" sizes=\"(max-width: 300px) 100vw, 300px\" \/><\/a>\n\t\t\t<\/dt><\/dl><br style=\"clear: both\" \/>\n\t\t<\/div>\n\n<p><span style=\"font-weight: 400;\">Para recordar esse itiner\u00e1rio da voca\u00e7\u00e3o de S\u00e3o Francisco, todo transpassado pela Paix\u00e3o ao Crucificado, a narrativa lembrou, primeiramente, do encontro do jovem de Assis com o \u201cCrucifixo de S\u00e3o Dami\u00e3o\u201d, o mesmo teria dito ao santo nas ru\u00ednas daquele templo: <\/span><i><span style=\"font-weight: 400;\">\u201cFrancisco, vai e restaura a minha casa que, como v\u00eas, est\u00e1 em ru\u00ednas\u201d. <\/span><\/i><span style=\"font-weight: 400;\">Coube ao coralista \u00c2ngelo Saraiva Bitencourte representar S\u00e3o Francisco. Fazendo eco \u00e0 ora\u00e7\u00e3o dita pelo <\/span><i><span style=\"font-weight: 400;\">Poverello<\/span><\/i><span style=\"font-weight: 400;\">, o jovem coralista fez o solo da \u201cOra\u00e7\u00e3o diante do Crucifixo\u201d, musicada pelo italiano Marco Frisina (<\/span><i><span style=\"font-weight: 400;\">Alto e glorioso Dio). <\/span><\/i><span style=\"font-weight: 400;\">Seguindo o mandato do Jesus, o jovem Francisco inicia a reconstru\u00e7\u00e3o da Igreja do Senhor e nas palavras de Frei Marcos aos presentes: \u201cEle n\u00e3o ficou s\u00f3, muitos homens e mulheres uniram-se a ele para viverem essa suprema gra\u00e7a que de Assis iria irradiar para todo o mundo!\u201d Neste momento, alguns coralistas, caracterizados como franciscanos e clarissas, dirigem-se \u00e0 frente do presbit\u00e9rio da Igreja e ajudam a Francisco em sua miss\u00e3o. Tal gesto quis mostrar a grande fam\u00edlia religiosa que seguindo a Francisco deu continuidade ao carisma que dele nasceu.\u00a0\u00a0<\/span><\/p>\n<p><span style=\"font-weight: 400;\">Dando um salto no tempo, a narrativa lembrou a partir de Tom\u00e1s de Celano e S\u00e3o Boaventura o momento em que Francisco sobe ao Monte Alverne, dois anos antes de entregar sua alma ao c\u00e9u, para um per\u00edodo de profunda ora\u00e7\u00e3o e l\u00e1, absorto nas coisas do Alt\u00edssimo, recebe a vis\u00e3o do Serafim alado que trazia em si o Senhor Crucificado. Foi neste dia, 17 de setembro de 1224, que Francisco, admirado e assustado com aquela vis\u00e3o, encheu-se de amor e dor pelos sofrimentos da Paix\u00e3o de Jesus e recebeu em seu corpo as Chagas do Crucificado. Com a Igreja na penumbra, o coralista \u00c2ngelo sai da pequena gruta com as marcas das chagas em suas m\u00e3os, p\u00e9s e em seu lado, representando o miraculoso fato ocorrido h\u00e1 800 anos.\u00a0\u00a0<\/span><\/p>\n\n\t\t<style type=\"text\/css\">\n\t\t\t#gallery-3 {\n\t\t\t\tmargin: auto;\n\t\t\t}\n\t\t\t#gallery-3 .gallery-item {\n\t\t\t\tfloat: left;\n\t\t\t\tmargin-top: 10px;\n\t\t\t\ttext-align: center;\n\t\t\t\twidth: 33%;\n\t\t\t}\n\t\t\t#gallery-3 img {\n\t\t\t\tborder: 2px solid #cfcfcf;\n\t\t\t}\n\t\t\t#gallery-3 .gallery-caption {\n\t\t\t\tmargin-left: 0;\n\t\t\t}\n\t\t\t\/* see gallery_shortcode() in wp-includes\/media.php *\/\n\t\t<\/style>\n\t\t<div id='gallery-3' class='gallery galleryid-251336 gallery-columns-3 gallery-size-thumbnail'><dl class='gallery-item'>\n\t\t\t<dt class='gallery-icon landscape'>\n\t\t\t\t<a href='https:\/\/franciscanos.org.br\/noticias\/wp-content\/uploads\/2024\/10\/015-scaled.jpg'><img width=\"300\" height=\"300\" src=\"https:\/\/franciscanos.org.br\/noticias\/wp-content\/uploads\/2024\/10\/015-300x300.jpg\" class=\"attachment-thumbnail size-thumbnail\" alt=\"\" loading=\"lazy\" srcset=\"https:\/\/franciscanos.org.br\/noticias\/wp-content\/uploads\/2024\/10\/015-300x300.jpg 300w, https:\/\/franciscanos.org.br\/noticias\/wp-content\/uploads\/2024\/10\/015-100x100.jpg 100w\" sizes=\"(max-width: 300px) 100vw, 300px\" \/><\/a>\n\t\t\t<\/dt><\/dl><dl class='gallery-item'>\n\t\t\t<dt class='gallery-icon landscape'>\n\t\t\t\t<a href='https:\/\/franciscanos.org.br\/noticias\/wp-content\/uploads\/2024\/10\/017-scaled.jpg'><img width=\"300\" height=\"300\" src=\"https:\/\/franciscanos.org.br\/noticias\/wp-content\/uploads\/2024\/10\/017-300x300.jpg\" class=\"attachment-thumbnail size-thumbnail\" alt=\"\" loading=\"lazy\" srcset=\"https:\/\/franciscanos.org.br\/noticias\/wp-content\/uploads\/2024\/10\/017-300x300.jpg 300w, https:\/\/franciscanos.org.br\/noticias\/wp-content\/uploads\/2024\/10\/017-100x100.jpg 100w\" sizes=\"(max-width: 300px) 100vw, 300px\" \/><\/a>\n\t\t\t<\/dt><\/dl><dl class='gallery-item'>\n\t\t\t<dt class='gallery-icon landscape'>\n\t\t\t\t<a href='https:\/\/franciscanos.org.br\/noticias\/wp-content\/uploads\/2024\/10\/018-scaled.jpg'><img width=\"300\" height=\"300\" src=\"https:\/\/franciscanos.org.br\/noticias\/wp-content\/uploads\/2024\/10\/018-300x300.jpg\" class=\"attachment-thumbnail size-thumbnail\" alt=\"\" loading=\"lazy\" srcset=\"https:\/\/franciscanos.org.br\/noticias\/wp-content\/uploads\/2024\/10\/018-300x300.jpg 300w, https:\/\/franciscanos.org.br\/noticias\/wp-content\/uploads\/2024\/10\/018-100x100.jpg 100w\" sizes=\"(max-width: 300px) 100vw, 300px\" \/><\/a>\n\t\t\t<\/dt><\/dl><br style=\"clear: both\" \/>\n\t\t<\/div>\n\n<p><span style=\"font-weight: 400;\">Os tenores e baixos do Coral uniram-se ao Santo, agora chagado, para cantarem uma de suas ora\u00e7\u00f5es, tamb\u00e9m musicada por Poulenc, <\/span><i><span style=\"font-weight: 400;\">\u201cSeigneur, je vou em prie\u201d, <\/span><\/i><span style=\"font-weight: 400;\">texto que na vers\u00e3o em portugu\u00eas conhecemos como: <\/span><i><span style=\"font-weight: 400;\">\u201cAbsorvei, Senhor eu vos suplico\u201d.<\/span><\/i><span style=\"font-weight: 400;\"> Depois, os pequenos coralistas, representando os franciscanos, v\u00e3o at\u00e9 o Ser\u00e1fico Pai, para admirarem essa gra\u00e7a que o Alt\u00edssimo concedeu ao Pobrezinho.\u00a0<\/span><\/p>\n<p><span style=\"font-weight: 400;\">Frei Marcos lembrou aos presentes o sentido espiritual de tal evento: \u201cFrancisco concluiu a perfei\u00e7\u00e3o evang\u00e9lica n\u00e3o olhando para a cruz e o sepulcro como um fim, mas compreendeu como ningu\u00e9m a grandeza do Mist\u00e9rio da P\u00e1scoa do Senhor, que passa pelo calv\u00e1rio, mas tem sua resposta eterna na vit\u00f3ria da vida\u201d. Todas as luzes da Igreja foram acesas e com j\u00fabilo o grande Coral cantou \u201c<\/span><i><span style=\"font-weight: 400;\">Benedicat tibi Dominus\u201d, <\/span><\/i><span style=\"font-weight: 400;\">composi\u00e7\u00e3o de Siro Merlo, inspirada na B\u00ean\u00e7\u00e3o de S\u00e3o Francisco escrita no bilhete a Frei Le\u00e3o.<\/span><\/p>\n\n\t\t<style type=\"text\/css\">\n\t\t\t#gallery-4 {\n\t\t\t\tmargin: auto;\n\t\t\t}\n\t\t\t#gallery-4 .gallery-item {\n\t\t\t\tfloat: left;\n\t\t\t\tmargin-top: 10px;\n\t\t\t\ttext-align: center;\n\t\t\t\twidth: 25%;\n\t\t\t}\n\t\t\t#gallery-4 img {\n\t\t\t\tborder: 2px solid #cfcfcf;\n\t\t\t}\n\t\t\t#gallery-4 .gallery-caption {\n\t\t\t\tmargin-left: 0;\n\t\t\t}\n\t\t\t\/* see gallery_shortcode() in wp-includes\/media.php *\/\n\t\t<\/style>\n\t\t<div id='gallery-4' class='gallery galleryid-251336 gallery-columns-4 gallery-size-thumbnail'><dl class='gallery-item'>\n\t\t\t<dt class='gallery-icon landscape'>\n\t\t\t\t<a href='https:\/\/franciscanos.org.br\/noticias\/canarinhos-de-petropolis-realizam-concerto-especial-dos-800-anos-das-chagas-de-sao-francisco.html\/021-4'><img width=\"300\" height=\"300\" src=\"https:\/\/franciscanos.org.br\/noticias\/wp-content\/uploads\/2024\/10\/021-300x300.jpg\" class=\"attachment-thumbnail size-thumbnail\" alt=\"\" loading=\"lazy\" srcset=\"https:\/\/franciscanos.org.br\/noticias\/wp-content\/uploads\/2024\/10\/021-300x300.jpg 300w, https:\/\/franciscanos.org.br\/noticias\/wp-content\/uploads\/2024\/10\/021-100x100.jpg 100w\" sizes=\"(max-width: 300px) 100vw, 300px\" \/><\/a>\n\t\t\t<\/dt><\/dl><dl class='gallery-item'>\n\t\t\t<dt class='gallery-icon landscape'>\n\t\t\t\t<a href='https:\/\/franciscanos.org.br\/noticias\/canarinhos-de-petropolis-realizam-concerto-especial-dos-800-anos-das-chagas-de-sao-francisco.html\/attachment\/022'><img width=\"300\" height=\"300\" src=\"https:\/\/franciscanos.org.br\/noticias\/wp-content\/uploads\/2024\/10\/022-300x300.jpg\" class=\"attachment-thumbnail size-thumbnail\" alt=\"\" loading=\"lazy\" srcset=\"https:\/\/franciscanos.org.br\/noticias\/wp-content\/uploads\/2024\/10\/022-300x300.jpg 300w, https:\/\/franciscanos.org.br\/noticias\/wp-content\/uploads\/2024\/10\/022-100x100.jpg 100w\" sizes=\"(max-width: 300px) 100vw, 300px\" \/><\/a>\n\t\t\t<\/dt><\/dl><dl class='gallery-item'>\n\t\t\t<dt class='gallery-icon landscape'>\n\t\t\t\t<a href='https:\/\/franciscanos.org.br\/noticias\/canarinhos-de-petropolis-realizam-concerto-especial-dos-800-anos-das-chagas-de-sao-francisco.html\/attachment\/023'><img width=\"300\" height=\"300\" src=\"https:\/\/franciscanos.org.br\/noticias\/wp-content\/uploads\/2024\/10\/023-300x300.jpg\" class=\"attachment-thumbnail size-thumbnail\" alt=\"\" loading=\"lazy\" srcset=\"https:\/\/franciscanos.org.br\/noticias\/wp-content\/uploads\/2024\/10\/023-300x300.jpg 300w, https:\/\/franciscanos.org.br\/noticias\/wp-content\/uploads\/2024\/10\/023-100x100.jpg 100w\" sizes=\"(max-width: 300px) 100vw, 300px\" \/><\/a>\n\t\t\t<\/dt><\/dl><dl class='gallery-item'>\n\t\t\t<dt class='gallery-icon landscape'>\n\t\t\t\t<a href='https:\/\/franciscanos.org.br\/noticias\/canarinhos-de-petropolis-realizam-concerto-especial-dos-800-anos-das-chagas-de-sao-francisco.html\/attachment\/024'><img width=\"300\" height=\"300\" src=\"https:\/\/franciscanos.org.br\/noticias\/wp-content\/uploads\/2024\/10\/024-300x300.jpg\" class=\"attachment-thumbnail size-thumbnail\" alt=\"\" loading=\"lazy\" srcset=\"https:\/\/franciscanos.org.br\/noticias\/wp-content\/uploads\/2024\/10\/024-300x300.jpg 300w, https:\/\/franciscanos.org.br\/noticias\/wp-content\/uploads\/2024\/10\/024-100x100.jpg 100w\" sizes=\"(max-width: 300px) 100vw, 300px\" \/><\/a>\n\t\t\t<\/dt><\/dl><br style=\"clear: both\" \/>\n\t\t<\/div>\n\n<p><span style=\"font-weight: 400;\"><img loading=\"lazy\" class=\"size-medium wp-image-251359 alignright\" src=\"https:\/\/franciscanos.org.br\/noticias\/wp-content\/uploads\/2024\/10\/034-450x253.jpg\" alt=\"\" width=\"450\" height=\"253\" srcset=\"https:\/\/franciscanos.org.br\/noticias\/wp-content\/uploads\/2024\/10\/034-450x253.jpg 450w, https:\/\/franciscanos.org.br\/noticias\/wp-content\/uploads\/2024\/10\/034-1024x575.jpg 1024w, https:\/\/franciscanos.org.br\/noticias\/wp-content\/uploads\/2024\/10\/034-768x431.jpg 768w, https:\/\/franciscanos.org.br\/noticias\/wp-content\/uploads\/2024\/10\/034-1536x862.jpg 1536w, https:\/\/franciscanos.org.br\/noticias\/wp-content\/uploads\/2024\/10\/034-2048x1150.jpg 2048w, https:\/\/franciscanos.org.br\/noticias\/wp-content\/uploads\/2024\/10\/034-150x84.jpg 150w, https:\/\/franciscanos.org.br\/noticias\/wp-content\/uploads\/2024\/10\/034-scaled.jpg 1920w\" sizes=\"(max-width: 450px) 100vw, 450px\" \/>Por fim, disse o narrador: \u201cSer\u00e1fico Pai, hoje fazemos mem\u00f3ria dos 800 anos de suas chagas. Olhe por cada um de n\u00f3s, olhe por todos os chagados do nosso tempo, todos aqueles que em suas dores, sofrimentos e afli\u00e7\u00f5es unem-se ao mist\u00e9rio da Cruz do Senhor, mist\u00e9rio este em que fostes mestre! Roga por teus filhos e filhas, Francisco, pois o mundo tem saudades de ti!\u201d Neste instante, o coralista \u00c2ngelo, com o Crucifixo de S\u00e3o Dami\u00e3o nas m\u00e3os, iniciou uma prociss\u00e3o, seguido por todo o Coral e sa\u00edram pelo corredor central da Igreja cantando a famosa <\/span><i><span style=\"font-weight: 400;\">\u201cOra\u00e7\u00e3o de S\u00e3o Francisco\u201d <\/span><\/i><span style=\"font-weight: 400;\">musicada por Pe. Irala. O p\u00fablico, uniu-se aos coralistas e a uma s\u00f3 voz todos clamaram ao Senhor para serem \u201c<\/span><i><span style=\"font-weight: 400;\">instrumentos de paz\u201d<\/span><\/i><span style=\"font-weight: 400;\"> neste mundo em que vivemos, assim como foi Francisco, homem chagado pelo amor \u00e0s coisas do Senhor!<\/span><\/p>\n<p><span style=\"font-weight: 400;\">Ao voltarem \u00e0 Igreja, os coralistas foram, calorosamente, aplaudidos pelos presentes por este t\u00e3o belo e profundo momento de arte, ora\u00e7\u00e3o e espiritualidade. Frei Marcos, em nome do IMCP, agradeceu aos coralistas pelo grande empenho dedicado nesta apresenta\u00e7\u00e3o, \u00e0 Equipe dos Canarinhos pela produ\u00e7\u00e3o e montagem do concerto e a todo o p\u00fablico, pela carinhosa presen\u00e7a nesta comemora\u00e7\u00e3o t\u00e3o significativa para a Fam\u00edlia Franciscana. E despediu-se de todos do modo mais franciscano com um alto e eloquente, <\/span><i><span style=\"font-weight: 400;\">\u201cPaz e Bem!\u201d<\/span><\/i><\/p>\n<hr \/>\n<p><i><span style=\"font-weight: 400;\">Frei Jo\u00e3o Manoel Zechinatto<\/span><\/i><\/p>\n","protected":false},"excerpt":{"rendered":"<p>Jubileu dos 800 anos da Impress\u00e3o das Chagas<\/p>\n","protected":false},"author":11,"featured_media":251361,"comment_status":"open","ping_status":"open","sticky":false,"template":"","format":"standard","meta":[],"categories":[1],"tags":[2243,1378],"acf":[],"yoast_head":"<!-- This site is optimized with the Yoast SEO plugin v19.2 - https:\/\/yoast.com\/wordpress\/plugins\/seo\/ -->\n<title>Canarinhos de Petr\u00f3polis realizam Concerto Especial dos 800 anos das Chagas de S\u00e3o Francisco - Not\u00edcias - Franciscanos<\/title>\n<meta name=\"robots\" content=\"index, follow, max-snippet:-1, max-image-preview:large, max-video-preview:-1\" \/>\n<link rel=\"canonical\" href=\"https:\/\/franciscanos.org.br\/noticias\/canarinhos-de-petropolis-realizam-concerto-especial-dos-800-anos-das-chagas-de-sao-francisco.html\" \/>\n<meta property=\"og:locale\" content=\"pt_BR\" \/>\n<meta property=\"og:type\" content=\"article\" \/>\n<meta property=\"og:title\" content=\"Canarinhos de Petr\u00f3polis realizam Concerto Especial dos 800 anos das Chagas de S\u00e3o Francisco - Not\u00edcias - Franciscanos\" \/>\n<meta property=\"og:description\" content=\"Jubileu dos 800 anos da Impress\u00e3o das Chagas\" \/>\n<meta property=\"og:url\" content=\"https:\/\/franciscanos.org.br\/noticias\/canarinhos-de-petropolis-realizam-concerto-especial-dos-800-anos-das-chagas-de-sao-francisco.html\" \/>\n<meta property=\"og:site_name\" content=\"Not\u00edcias - Franciscanos\" \/>\n<meta property=\"article:published_time\" content=\"2024-10-07T16:05:22+00:00\" \/>\n<meta property=\"article:modified_time\" content=\"2024-10-07T18:44:07+00:00\" \/>\n<meta property=\"og:image\" content=\"https:\/\/franciscanos.org.br\/noticias\/wp-content\/uploads\/2024\/10\/CHAMADA-8.jpg\" \/>\n\t<meta property=\"og:image:width\" content=\"800\" \/>\n\t<meta property=\"og:image:height\" content=\"550\" \/>\n\t<meta property=\"og:image:type\" content=\"image\/jpeg\" \/>\n<meta name=\"author\" content=\"Adriana Rabelo\" \/>\n<meta name=\"twitter:card\" content=\"summary_large_image\" \/>\n<meta name=\"twitter:label1\" content=\"Escrito por\" \/>\n\t<meta name=\"twitter:data1\" content=\"Adriana Rabelo\" \/>\n\t<meta name=\"twitter:label2\" content=\"Est. tempo de leitura\" \/>\n\t<meta name=\"twitter:data2\" content=\"6 minutos\" \/>\n<script type=\"application\/ld+json\" class=\"yoast-schema-graph\">{\"@context\":\"https:\/\/schema.org\",\"@graph\":[{\"@type\":\"WebSite\",\"@id\":\"https:\/\/franciscanos.org.br\/noticias\/#website\",\"url\":\"https:\/\/franciscanos.org.br\/noticias\/\",\"name\":\"Not\u00edcias - Franciscanos\",\"description\":\"Prov\u00edncia Franciscana da Imaculada Concei\u00e7\u00e3o do Brasil - Ordem dos Frades Menores - OFM\",\"potentialAction\":[{\"@type\":\"SearchAction\",\"target\":{\"@type\":\"EntryPoint\",\"urlTemplate\":\"https:\/\/franciscanos.org.br\/noticias\/?s={search_term_string}\"},\"query-input\":\"required name=search_term_string\"}],\"inLanguage\":\"pt-BR\"},{\"@type\":\"ImageObject\",\"inLanguage\":\"pt-BR\",\"@id\":\"https:\/\/franciscanos.org.br\/noticias\/canarinhos-de-petropolis-realizam-concerto-especial-dos-800-anos-das-chagas-de-sao-francisco.html#primaryimage\",\"url\":\"https:\/\/franciscanos.org.br\/noticias\/wp-content\/uploads\/2024\/10\/CHAMADA-8.jpg\",\"contentUrl\":\"https:\/\/franciscanos.org.br\/noticias\/wp-content\/uploads\/2024\/10\/CHAMADA-8.jpg\",\"width\":800,\"height\":550},{\"@type\":\"WebPage\",\"@id\":\"https:\/\/franciscanos.org.br\/noticias\/canarinhos-de-petropolis-realizam-concerto-especial-dos-800-anos-das-chagas-de-sao-francisco.html#webpage\",\"url\":\"https:\/\/franciscanos.org.br\/noticias\/canarinhos-de-petropolis-realizam-concerto-especial-dos-800-anos-das-chagas-de-sao-francisco.html\",\"name\":\"Canarinhos de Petr\u00f3polis realizam Concerto Especial dos 800 anos das Chagas de S\u00e3o Francisco - Not\u00edcias - Franciscanos\",\"isPartOf\":{\"@id\":\"https:\/\/franciscanos.org.br\/noticias\/#website\"},\"primaryImageOfPage\":{\"@id\":\"https:\/\/franciscanos.org.br\/noticias\/canarinhos-de-petropolis-realizam-concerto-especial-dos-800-anos-das-chagas-de-sao-francisco.html#primaryimage\"},\"datePublished\":\"2024-10-07T16:05:22+00:00\",\"dateModified\":\"2024-10-07T18:44:07+00:00\",\"author\":{\"@id\":\"https:\/\/franciscanos.org.br\/noticias\/#\/schema\/person\/d9422e83121c3ad3b0f423d195f5bb25\"},\"breadcrumb\":{\"@id\":\"https:\/\/franciscanos.org.br\/noticias\/canarinhos-de-petropolis-realizam-concerto-especial-dos-800-anos-das-chagas-de-sao-francisco.html#breadcrumb\"},\"inLanguage\":\"pt-BR\",\"potentialAction\":[{\"@type\":\"ReadAction\",\"target\":[\"https:\/\/franciscanos.org.br\/noticias\/canarinhos-de-petropolis-realizam-concerto-especial-dos-800-anos-das-chagas-de-sao-francisco.html\"]}]},{\"@type\":\"BreadcrumbList\",\"@id\":\"https:\/\/franciscanos.org.br\/noticias\/canarinhos-de-petropolis-realizam-concerto-especial-dos-800-anos-das-chagas-de-sao-francisco.html#breadcrumb\",\"itemListElement\":[{\"@type\":\"ListItem\",\"position\":1,\"name\":\"Home\",\"item\":\"https:\/\/franciscanos.org.br\/noticias\"},{\"@type\":\"ListItem\",\"position\":2,\"name\":\"Canarinhos de Petr\u00f3polis realizam Concerto Especial dos 800 anos das Chagas de S\u00e3o Francisco\"}]},{\"@type\":\"Person\",\"@id\":\"https:\/\/franciscanos.org.br\/noticias\/#\/schema\/person\/d9422e83121c3ad3b0f423d195f5bb25\",\"name\":\"Adriana Rabelo\",\"image\":{\"@type\":\"ImageObject\",\"inLanguage\":\"pt-BR\",\"@id\":\"https:\/\/franciscanos.org.br\/noticias\/#\/schema\/person\/image\/\",\"url\":\"https:\/\/secure.gravatar.com\/avatar\/0a937b7500cd7df77540cfb8bede877d?s=96&d=mm&r=g\",\"contentUrl\":\"https:\/\/secure.gravatar.com\/avatar\/0a937b7500cd7df77540cfb8bede877d?s=96&d=mm&r=g\",\"caption\":\"Adriana Rabelo\"},\"url\":\"https:\/\/franciscanos.org.br\/noticias\/author\/adrianarabelo\"}]}<\/script>\n<!-- \/ Yoast SEO plugin. -->","yoast_head_json":{"title":"Canarinhos de Petr\u00f3polis realizam Concerto Especial dos 800 anos das Chagas de S\u00e3o Francisco - Not\u00edcias - Franciscanos","robots":{"index":"index","follow":"follow","max-snippet":"max-snippet:-1","max-image-preview":"max-image-preview:large","max-video-preview":"max-video-preview:-1"},"canonical":"https:\/\/franciscanos.org.br\/noticias\/canarinhos-de-petropolis-realizam-concerto-especial-dos-800-anos-das-chagas-de-sao-francisco.html","og_locale":"pt_BR","og_type":"article","og_title":"Canarinhos de Petr\u00f3polis realizam Concerto Especial dos 800 anos das Chagas de S\u00e3o Francisco - Not\u00edcias - Franciscanos","og_description":"Jubileu dos 800 anos da Impress\u00e3o das Chagas","og_url":"https:\/\/franciscanos.org.br\/noticias\/canarinhos-de-petropolis-realizam-concerto-especial-dos-800-anos-das-chagas-de-sao-francisco.html","og_site_name":"Not\u00edcias - Franciscanos","article_published_time":"2024-10-07T16:05:22+00:00","article_modified_time":"2024-10-07T18:44:07+00:00","og_image":[{"width":800,"height":550,"url":"https:\/\/franciscanos.org.br\/noticias\/wp-content\/uploads\/2024\/10\/CHAMADA-8.jpg","type":"image\/jpeg"}],"author":"Adriana Rabelo","twitter_card":"summary_large_image","twitter_misc":{"Escrito por":"Adriana Rabelo","Est. tempo de leitura":"6 minutos"},"schema":{"@context":"https:\/\/schema.org","@graph":[{"@type":"WebSite","@id":"https:\/\/franciscanos.org.br\/noticias\/#website","url":"https:\/\/franciscanos.org.br\/noticias\/","name":"Not\u00edcias - Franciscanos","description":"Prov\u00edncia Franciscana da Imaculada Concei\u00e7\u00e3o do Brasil - Ordem dos Frades Menores - OFM","potentialAction":[{"@type":"SearchAction","target":{"@type":"EntryPoint","urlTemplate":"https:\/\/franciscanos.org.br\/noticias\/?s={search_term_string}"},"query-input":"required name=search_term_string"}],"inLanguage":"pt-BR"},{"@type":"ImageObject","inLanguage":"pt-BR","@id":"https:\/\/franciscanos.org.br\/noticias\/canarinhos-de-petropolis-realizam-concerto-especial-dos-800-anos-das-chagas-de-sao-francisco.html#primaryimage","url":"https:\/\/franciscanos.org.br\/noticias\/wp-content\/uploads\/2024\/10\/CHAMADA-8.jpg","contentUrl":"https:\/\/franciscanos.org.br\/noticias\/wp-content\/uploads\/2024\/10\/CHAMADA-8.jpg","width":800,"height":550},{"@type":"WebPage","@id":"https:\/\/franciscanos.org.br\/noticias\/canarinhos-de-petropolis-realizam-concerto-especial-dos-800-anos-das-chagas-de-sao-francisco.html#webpage","url":"https:\/\/franciscanos.org.br\/noticias\/canarinhos-de-petropolis-realizam-concerto-especial-dos-800-anos-das-chagas-de-sao-francisco.html","name":"Canarinhos de Petr\u00f3polis realizam Concerto Especial dos 800 anos das Chagas de S\u00e3o Francisco - Not\u00edcias - Franciscanos","isPartOf":{"@id":"https:\/\/franciscanos.org.br\/noticias\/#website"},"primaryImageOfPage":{"@id":"https:\/\/franciscanos.org.br\/noticias\/canarinhos-de-petropolis-realizam-concerto-especial-dos-800-anos-das-chagas-de-sao-francisco.html#primaryimage"},"datePublished":"2024-10-07T16:05:22+00:00","dateModified":"2024-10-07T18:44:07+00:00","author":{"@id":"https:\/\/franciscanos.org.br\/noticias\/#\/schema\/person\/d9422e83121c3ad3b0f423d195f5bb25"},"breadcrumb":{"@id":"https:\/\/franciscanos.org.br\/noticias\/canarinhos-de-petropolis-realizam-concerto-especial-dos-800-anos-das-chagas-de-sao-francisco.html#breadcrumb"},"inLanguage":"pt-BR","potentialAction":[{"@type":"ReadAction","target":["https:\/\/franciscanos.org.br\/noticias\/canarinhos-de-petropolis-realizam-concerto-especial-dos-800-anos-das-chagas-de-sao-francisco.html"]}]},{"@type":"BreadcrumbList","@id":"https:\/\/franciscanos.org.br\/noticias\/canarinhos-de-petropolis-realizam-concerto-especial-dos-800-anos-das-chagas-de-sao-francisco.html#breadcrumb","itemListElement":[{"@type":"ListItem","position":1,"name":"Home","item":"https:\/\/franciscanos.org.br\/noticias"},{"@type":"ListItem","position":2,"name":"Canarinhos de Petr\u00f3polis realizam Concerto Especial dos 800 anos das Chagas de S\u00e3o Francisco"}]},{"@type":"Person","@id":"https:\/\/franciscanos.org.br\/noticias\/#\/schema\/person\/d9422e83121c3ad3b0f423d195f5bb25","name":"Adriana Rabelo","image":{"@type":"ImageObject","inLanguage":"pt-BR","@id":"https:\/\/franciscanos.org.br\/noticias\/#\/schema\/person\/image\/","url":"https:\/\/secure.gravatar.com\/avatar\/0a937b7500cd7df77540cfb8bede877d?s=96&d=mm&r=g","contentUrl":"https:\/\/secure.gravatar.com\/avatar\/0a937b7500cd7df77540cfb8bede877d?s=96&d=mm&r=g","caption":"Adriana Rabelo"},"url":"https:\/\/franciscanos.org.br\/noticias\/author\/adrianarabelo"}]}},"_links":{"self":[{"href":"https:\/\/franciscanos.org.br\/noticias\/wp-json\/wp\/v2\/posts\/251336"}],"collection":[{"href":"https:\/\/franciscanos.org.br\/noticias\/wp-json\/wp\/v2\/posts"}],"about":[{"href":"https:\/\/franciscanos.org.br\/noticias\/wp-json\/wp\/v2\/types\/post"}],"author":[{"embeddable":true,"href":"https:\/\/franciscanos.org.br\/noticias\/wp-json\/wp\/v2\/users\/11"}],"replies":[{"embeddable":true,"href":"https:\/\/franciscanos.org.br\/noticias\/wp-json\/wp\/v2\/comments?post=251336"}],"version-history":[{"count":2,"href":"https:\/\/franciscanos.org.br\/noticias\/wp-json\/wp\/v2\/posts\/251336\/revisions"}],"predecessor-version":[{"id":251362,"href":"https:\/\/franciscanos.org.br\/noticias\/wp-json\/wp\/v2\/posts\/251336\/revisions\/251362"}],"wp:featuredmedia":[{"embeddable":true,"href":"https:\/\/franciscanos.org.br\/noticias\/wp-json\/wp\/v2\/media\/251361"}],"wp:attachment":[{"href":"https:\/\/franciscanos.org.br\/noticias\/wp-json\/wp\/v2\/media?parent=251336"}],"wp:term":[{"taxonomy":"category","embeddable":true,"href":"https:\/\/franciscanos.org.br\/noticias\/wp-json\/wp\/v2\/categories?post=251336"},{"taxonomy":"post_tag","embeddable":true,"href":"https:\/\/franciscanos.org.br\/noticias\/wp-json\/wp\/v2\/tags?post=251336"}],"curies":[{"name":"wp","href":"https:\/\/api.w.org\/{rel}","templated":true}]}}