{"id":251297,"date":"2024-10-07T10:25:18","date_gmt":"2024-10-07T13:25:18","guid":{"rendered":"https:\/\/franciscanos.org.br\/noticias\/?p=251297"},"modified":"2024-10-07T10:32:17","modified_gmt":"2024-10-07T13:32:17","slug":"frades-e-postulantes-celebram-a-solenidade-de-sao-francisco-de-assis","status":"publish","type":"post","link":"https:\/\/franciscanos.org.br\/noticias\/frades-e-postulantes-celebram-a-solenidade-de-sao-francisco-de-assis.html","title":{"rendered":"Frades e Postulantes celebram a Solenidade de S\u00e3o Francisco de Assis"},"content":{"rendered":"<p><img loading=\"lazy\" class=\"aligncenter wp-image-251298 size-full\" src=\"https:\/\/franciscanos.org.br\/noticias\/wp-content\/uploads\/2024\/10\/MATERIA-5.jpg\" alt=\"\" width=\"1280\" height=\"720\" srcset=\"https:\/\/franciscanos.org.br\/noticias\/wp-content\/uploads\/2024\/10\/MATERIA-5.jpg 1280w, https:\/\/franciscanos.org.br\/noticias\/wp-content\/uploads\/2024\/10\/MATERIA-5-450x253.jpg 450w, https:\/\/franciscanos.org.br\/noticias\/wp-content\/uploads\/2024\/10\/MATERIA-5-1024x576.jpg 1024w, https:\/\/franciscanos.org.br\/noticias\/wp-content\/uploads\/2024\/10\/MATERIA-5-768x432.jpg 768w, https:\/\/franciscanos.org.br\/noticias\/wp-content\/uploads\/2024\/10\/MATERIA-5-150x84.jpg 150w\" sizes=\"(max-width: 1280px) 100vw, 1280px\" \/><\/p>\n<p>No dia 4 de outubro, o Semin\u00e1rio Frei Galv\u00e3o celebrou, em comunh\u00e3o com toda a Fam\u00edlia Franciscana, a solenidade do Poverello de Assis, aquele que, na Terra, foi a \u201cviva imagem do Cristo\u201d (Cf. Santoral Franciscano \u2013 Ora\u00e7\u00e3o do dia).<\/p>\n<p>Para que a solenidade fosse vivida e celebrada com rever\u00eancia, os postulantes de Guaratinguet\u00e1 (SP), prepararam um Tr\u00edduo com cantos, reflex\u00f5es e ora\u00e7\u00f5es, realizados ap\u00f3s as v\u00e9speras.<\/p>\n<p>Ainda em prepara\u00e7\u00e3o para a festa, os cinco postulantes organizaram uma singela exposi\u00e7\u00e3o do \u201cTr\u00e2nsito de S\u00e3o Francisco\u201d e realizaram uma leitura minuciosa das fontes franciscanas, para que todos os elementos simb\u00f3licos tivessem sentido real, e n\u00e3o apenas est\u00e9tico. \u201cSeus filhos se lamentam ao ver chegada a hora; Frei \u00c2ngelo suspira e Clara, ao longe, chora\u201d (Cf. Hino &#8211; I v\u00e9speras).<\/p>\n<p>O tema do Tr\u00edduo foi \u201cE todos sejam chamados frades menores\u201d (Cf. RnB 6,3). Cada dia do tr\u00edduo tinha um subtema, para que o postulante escolhido pudesse realizar uma reflex\u00e3o. No 1\u00b0 dia, o tema foi \u201cS\u00e3o Francisco e a fraternidade\u201d. O postulante Luciano Ferreira Leite, em sua reflex\u00e3o, nos exortou: \u201cA fraternidade nada mais \u00e9 do que amar. Isso \u00e9 um desafio para n\u00f3s, que somos fruto de uma sociedade individualista e seletiva. A busca pela fraternidade nos convida a praticar a virtude da sabedoria, e \u00e9 na busca da sabedoria que formamos a fraternidade!\u201d<\/p>\n<p>No 2\u00b0 dia, o tema proposto foi \u201cS\u00e3o Francisco e a minoridade\u201d. O postulante Francisco Ivon da Silva Jr trouxe a seguinte reflex\u00e3o: \u201cA minoridade \u00e9 a base para a constru\u00e7\u00e3o de uma fraternidade aut\u00eantica, que imita a vida de Cristo! S\u00e3o Francisco nos convida a sermos sempre menores, pois \u00e9 um convite prof\u00e9tico diante de um mundo individualista e sup\u00e9rfluo.\u201d<\/p>\n<p>No 3\u00b0 dia do Tr\u00edduo, celebramos a Mem\u00f3ria do Tr\u00e2nsito. \u201cFrancisco, n\u00e3o \u00e9s belo!\u201d, dizia Irm\u00e3o Masseo. \u201cA morte \u00e9 que embeleza, e a vida principia\u201d (Cf. Hino &#8211; I v\u00e9speras). Aquele que, em vida, se assemelhou em tudo a Cristo faz com que ousemos tomar a profecia de Isa\u00edas, transformada em liberdade po\u00e9tica, dizendo: \u201c&#8230;N\u00e3o fazia vista, nem tinha beleza a atrair o olhar, n\u00e3o tinha apar\u00eancia que agradasse\u201d (Isa\u00edas 53,2).<\/p>\n\n\t\t<style type=\"text\/css\">\n\t\t\t#gallery-1 {\n\t\t\t\tmargin: auto;\n\t\t\t}\n\t\t\t#gallery-1 .gallery-item {\n\t\t\t\tfloat: left;\n\t\t\t\tmargin-top: 10px;\n\t\t\t\ttext-align: center;\n\t\t\t\twidth: 33%;\n\t\t\t}\n\t\t\t#gallery-1 img {\n\t\t\t\tborder: 2px solid #cfcfcf;\n\t\t\t}\n\t\t\t#gallery-1 .gallery-caption {\n\t\t\t\tmargin-left: 0;\n\t\t\t}\n\t\t\t\/* see gallery_shortcode() in wp-includes\/media.php *\/\n\t\t<\/style>\n\t\t<div id='gallery-1' class='gallery galleryid-251297 gallery-columns-3 gallery-size-thumbnail'><dl class='gallery-item'>\n\t\t\t<dt class='gallery-icon landscape'>\n\t\t\t\t<a href='https:\/\/franciscanos.org.br\/noticias\/wp-content\/uploads\/2024\/10\/IMG-20241004-WA0139.jpg'><img width=\"300\" height=\"300\" src=\"https:\/\/franciscanos.org.br\/noticias\/wp-content\/uploads\/2024\/10\/IMG-20241004-WA0139-300x300.jpg\" class=\"attachment-thumbnail size-thumbnail\" alt=\"\" loading=\"lazy\" srcset=\"https:\/\/franciscanos.org.br\/noticias\/wp-content\/uploads\/2024\/10\/IMG-20241004-WA0139-300x300.jpg 300w, https:\/\/franciscanos.org.br\/noticias\/wp-content\/uploads\/2024\/10\/IMG-20241004-WA0139-100x100.jpg 100w\" sizes=\"(max-width: 300px) 100vw, 300px\" \/><\/a>\n\t\t\t<\/dt><\/dl><dl class='gallery-item'>\n\t\t\t<dt class='gallery-icon landscape'>\n\t\t\t\t<a href='https:\/\/franciscanos.org.br\/noticias\/wp-content\/uploads\/2024\/10\/IMG-20241004-WA0053-scaled.jpg'><img width=\"300\" height=\"300\" src=\"https:\/\/franciscanos.org.br\/noticias\/wp-content\/uploads\/2024\/10\/IMG-20241004-WA0053-300x300.jpg\" class=\"attachment-thumbnail size-thumbnail\" alt=\"\" loading=\"lazy\" srcset=\"https:\/\/franciscanos.org.br\/noticias\/wp-content\/uploads\/2024\/10\/IMG-20241004-WA0053-300x300.jpg 300w, https:\/\/franciscanos.org.br\/noticias\/wp-content\/uploads\/2024\/10\/IMG-20241004-WA0053-100x100.jpg 100w\" sizes=\"(max-width: 300px) 100vw, 300px\" \/><\/a>\n\t\t\t<\/dt><\/dl><dl class='gallery-item'>\n\t\t\t<dt class='gallery-icon landscape'>\n\t\t\t\t<a href='https:\/\/franciscanos.org.br\/noticias\/wp-content\/uploads\/2024\/10\/IMG-20241004-WA0055-scaled.jpg'><img width=\"300\" height=\"300\" src=\"https:\/\/franciscanos.org.br\/noticias\/wp-content\/uploads\/2024\/10\/IMG-20241004-WA0055-300x300.jpg\" class=\"attachment-thumbnail size-thumbnail\" alt=\"\" loading=\"lazy\" srcset=\"https:\/\/franciscanos.org.br\/noticias\/wp-content\/uploads\/2024\/10\/IMG-20241004-WA0055-300x300.jpg 300w, https:\/\/franciscanos.org.br\/noticias\/wp-content\/uploads\/2024\/10\/IMG-20241004-WA0055-100x100.jpg 100w\" sizes=\"(max-width: 300px) 100vw, 300px\" \/><\/a>\n\t\t\t<\/dt><\/dl><br style=\"clear: both\" \/>\n\t\t<\/div>\n\n<p>Participaram conosco nesta celebra\u00e7\u00e3o os frades do Santu\u00e1rio Frei Galv\u00e3o, as Irm\u00e3s Franciscanas Ser\u00e1ficas, da Ordem Franciscana Secular e alguns amigos e volunt\u00e1rios do Semin\u00e1rio.<\/p>\n<p>A celebra\u00e7\u00e3o foi marcada pelo zelo na prepara\u00e7\u00e3o dos cantos, ornamenta\u00e7\u00e3o, limpeza, etc. \u00c0 noite, os frades de h\u00e1bito e velas na m\u00e3o, os postulantes radiantes por encenar a mem\u00f3ria do Tr\u00e2nsito, e todos os presentes, agradecidos por rememorar o dia \u201cfeliz\u201d em que ganhamos um intercessor no C\u00e9u junto a Deus.<\/p>\n<p><img loading=\"lazy\" class=\"alignright wp-image-251304 size-thumbnail\" src=\"https:\/\/franciscanos.org.br\/noticias\/wp-content\/uploads\/2024\/10\/IMG-20241003-WA0047-300x300.jpg\" alt=\"\" width=\"300\" height=\"300\" srcset=\"https:\/\/franciscanos.org.br\/noticias\/wp-content\/uploads\/2024\/10\/IMG-20241003-WA0047-300x300.jpg 300w, https:\/\/franciscanos.org.br\/noticias\/wp-content\/uploads\/2024\/10\/IMG-20241003-WA0047-100x100.jpg 100w\" sizes=\"(max-width: 300px) 100vw, 300px\" \/>Durante a reflex\u00e3o, Frei Walter de Carvalho Junior, mestre dos postulantes, disse aos presentes: \u201cIrm\u00e3os e irm\u00e3s, se estamos celebrando com fervor o tr\u00e2nsito derradeiro de Nosso Pai Francisco, \u00e9 porque significativos, intensos e aben\u00e7oados foram os pequenos e constantes tr\u00e2nsitos e passagens que ele realizou desde que o Senhor lhe mostrou o que ele devia fazer.\u201d<\/p>\n<p>Ao t\u00e9rmino da celebra\u00e7\u00e3o, Irm\u00e3 Roseana Maria da Silva, TOS, nos disse: \u201cHoje, ao celebrar o Tr\u00e2nsito de S\u00e3o Francisco em Fraternidade, desejamos a todos uma feliz celebra\u00e7\u00e3o em honra ao nosso Pai Ser\u00e1fico. Que a comemora\u00e7\u00e3o dos 800 anos de S\u00e3o Francisco Estigmatizado nos lembre que Deus continua a chamar santos e santas para tocar as feridas de todas as pessoas e criaturas chagadas.\u201d<\/p>\n<p>Chegado o grande dia, a grande solenidade para a Fam\u00edlia Franciscana. Na manh\u00e3 do dia 4, foram rezadas solenemente as V\u00e9speras, e, em seguida, come\u00e7aram os preparativos para a Celebra\u00e7\u00e3o Eucar\u00edstica, que aconteceria \u00e0 noite. Durante a manh\u00e3 e tarde, os postulantes continuaram a preparar os ambientes para as festas, enquanto os frades aben\u00e7oavam os animais trazidos \u00e0 capela. \u00c0s 17h30, tivemos as segundas v\u00e9speras e, \u00e0s 19h30, a Santa Missa Solene.<\/p>\n<p>Os devotos do Humilde de Assis marcaram presen\u00e7a para estar conosco na festa do Pai dos Menores. Para encerrar o dia, tivemos uma alegre confraterniza\u00e7\u00e3o com todos os frades, postulantes, irm\u00e3s, membros da OFS e convidados.<\/p>\n<p><img loading=\"lazy\" class=\"alignleft wp-image-251306 size-thumbnail\" src=\"https:\/\/franciscanos.org.br\/noticias\/wp-content\/uploads\/2024\/10\/IMG-20241004-WA0123-300x300.jpg\" alt=\"\" width=\"300\" height=\"300\" srcset=\"https:\/\/franciscanos.org.br\/noticias\/wp-content\/uploads\/2024\/10\/IMG-20241004-WA0123-300x300.jpg 300w, https:\/\/franciscanos.org.br\/noticias\/wp-content\/uploads\/2024\/10\/IMG-20241004-WA0123-100x100.jpg 100w\" sizes=\"(max-width: 300px) 100vw, 300px\" \/>O guardi\u00e3o da fraternidade, Frei Jo\u00e3o Francisco da Silva, dirigiu aos presentes a seguinte reflex\u00e3o: \u201c800 anos passados e o \u2018mundo tem saudades de ti, Francisco!\u2019. A queixa dita por S\u00e3o Jo\u00e3o Paulo II, mais do que uma poesia, foi, e ainda \u00e9, uma constata\u00e7\u00e3o real e muito atual. Mas por que o mundo ainda tem saudades de Francisco? Ou, o que o mundo se tornou para que seja necess\u00e1rio invocar o Santo de Assis? O mundo tem saudade de Francisco porque \u2018aqui na Terra vamos mal vivendo\u2019 \u2013 poema de Dom Helder C\u00e2mara \u2013 a cobi\u00e7a \u00e9 grande, o amor pequeno.\u201d<\/p>\n<p>Dante Alighieri, em \u201cA Divina Com\u00e9dia\u201d, ao citar S\u00e3o Francisco, escreve: \u201cNasceu no mundo um sol\u201d. Sabemos que o Sol \u00e9 a estrela mais pr\u00f3xima da Terra, com cerca de 4,6 bilh\u00f5es de anos. Quando uma estrela morre (explode ap\u00f3s a fus\u00e3o nuclear em seu n\u00facleo diminuir), esse processo \u00e9 chamado de \u201csupernova\u201d, uma explos\u00e3o de energia que espalha v\u00e1rios elementos, formando novas estrelas! Pegando este vi\u00e9s e comparando a declara\u00e7\u00e3o de Dante, ao dizer que Francisco \u00e9 um \u201csol\u201d, ou seja, uma \u201cestrela\u201d, Francisco \u00e9 uma \u201cm\u00e3e\u201d que, em seu processo de \u201csupernova\u201d, d\u00e1 origem a diversos filhos para a Igreja. Em outras palavras: \u201csua morte n\u00e3o foi em v\u00e3o\u201d.<\/p>\n<p>O que seria de n\u00f3s, Senhor Onipotente, sem a f\u00e9 de Francisco de Assis e nossa devo\u00e7\u00e3o a ele, em um mundo chagado por males e desgra\u00e7as? Neste dia, somos convidados a rezar com S\u00e3o Jo\u00e3o Paulo II, assim como ele o fez em sua visita \u00e0 Bas\u00edlica de S\u00e3o Francisco em Assis, no dia 5 de novembro de 1978: \u201cTu, que tanto aproximaste Cristo da tua \u00e9poca, ajuda-nos a aproximar Cristo da nossa \u00e9poca, dos nossos tempos dif\u00edceis e cr\u00edticos.\u201d<\/p>\n\n\t\t<style type=\"text\/css\">\n\t\t\t#gallery-2 {\n\t\t\t\tmargin: auto;\n\t\t\t}\n\t\t\t#gallery-2 .gallery-item {\n\t\t\t\tfloat: left;\n\t\t\t\tmargin-top: 10px;\n\t\t\t\ttext-align: center;\n\t\t\t\twidth: 33%;\n\t\t\t}\n\t\t\t#gallery-2 img {\n\t\t\t\tborder: 2px solid #cfcfcf;\n\t\t\t}\n\t\t\t#gallery-2 .gallery-caption {\n\t\t\t\tmargin-left: 0;\n\t\t\t}\n\t\t\t\/* see gallery_shortcode() in wp-includes\/media.php *\/\n\t\t<\/style>\n\t\t<div id='gallery-2' class='gallery galleryid-251297 gallery-columns-3 gallery-size-thumbnail'><dl class='gallery-item'>\n\t\t\t<dt class='gallery-icon portrait'>\n\t\t\t\t<a href='https:\/\/franciscanos.org.br\/noticias\/wp-content\/uploads\/2024\/10\/IMG-20241004-WA0150.jpg'><img width=\"300\" height=\"300\" src=\"https:\/\/franciscanos.org.br\/noticias\/wp-content\/uploads\/2024\/10\/IMG-20241004-WA0150-300x300.jpg\" class=\"attachment-thumbnail size-thumbnail\" alt=\"\" loading=\"lazy\" srcset=\"https:\/\/franciscanos.org.br\/noticias\/wp-content\/uploads\/2024\/10\/IMG-20241004-WA0150-300x300.jpg 300w, https:\/\/franciscanos.org.br\/noticias\/wp-content\/uploads\/2024\/10\/IMG-20241004-WA0150-100x100.jpg 100w\" sizes=\"(max-width: 300px) 100vw, 300px\" \/><\/a>\n\t\t\t<\/dt><\/dl><dl class='gallery-item'>\n\t\t\t<dt class='gallery-icon portrait'>\n\t\t\t\t<a href='https:\/\/franciscanos.org.br\/noticias\/wp-content\/uploads\/2024\/10\/IMG-20241004-WA0151.jpg'><img width=\"300\" height=\"300\" src=\"https:\/\/franciscanos.org.br\/noticias\/wp-content\/uploads\/2024\/10\/IMG-20241004-WA0151-300x300.jpg\" class=\"attachment-thumbnail size-thumbnail\" alt=\"\" loading=\"lazy\" srcset=\"https:\/\/franciscanos.org.br\/noticias\/wp-content\/uploads\/2024\/10\/IMG-20241004-WA0151-300x300.jpg 300w, https:\/\/franciscanos.org.br\/noticias\/wp-content\/uploads\/2024\/10\/IMG-20241004-WA0151-100x100.jpg 100w\" sizes=\"(max-width: 300px) 100vw, 300px\" \/><\/a>\n\t\t\t<\/dt><\/dl><dl class='gallery-item'>\n\t\t\t<dt class='gallery-icon portrait'>\n\t\t\t\t<a href='https:\/\/franciscanos.org.br\/noticias\/wp-content\/uploads\/2024\/10\/IMG-20241004-WA0156.jpg'><img width=\"300\" height=\"300\" src=\"https:\/\/franciscanos.org.br\/noticias\/wp-content\/uploads\/2024\/10\/IMG-20241004-WA0156-300x300.jpg\" class=\"attachment-thumbnail size-thumbnail\" alt=\"\" loading=\"lazy\" srcset=\"https:\/\/franciscanos.org.br\/noticias\/wp-content\/uploads\/2024\/10\/IMG-20241004-WA0156-300x300.jpg 300w, https:\/\/franciscanos.org.br\/noticias\/wp-content\/uploads\/2024\/10\/IMG-20241004-WA0156-100x100.jpg 100w\" sizes=\"(max-width: 300px) 100vw, 300px\" \/><\/a>\n\t\t\t<\/dt><\/dl><br style=\"clear: both\" \/>\n\t\t<\/div>\n\n<p>Hoje, Francisco rejubila no C\u00e9u, juntamente com seus confrades e as Damas da Pobreza! O santo m\u00edstico goza nos c\u00e9us a palma da vit\u00f3ria. Frei Jo\u00e3o Mannes, em seu livro \u201cO Transcendente Imanente\u201d, cap\u00edtulo 4 (Experi\u00eancia M\u00edstica e Liberdade Perfeita), escreve que a m\u00edstica \u00e9 o \u201ccl\u00edmax da perfei\u00e7\u00e3o crist\u00e3, para al\u00e9m da qual n\u00e3o existe sen\u00e3o o estado final da gl\u00f3ria\u201d. S\u00e3o Francisco, com muita luta, chegou a esse cume sublime e glorioso.<\/p>\n<p>Que nosso Pai interceda por n\u00f3s, seus filhos, para que possamos ser \u201cChagados pelo Amor\u201d (tema do Cap\u00edtulo Provincial 2024), para que possamos \u201ctransmitir\u201d e chagar o mundo com amor.<\/p>\n<p>Deus nos conceda essa gra\u00e7a de um dia estarmos com Ele e S\u00e3o Francisco na P\u00e1tria Definitiva.<\/p>\n<p>Paz e Bem!<\/p>\n<hr \/>\n<p>Francisco Ivon da Silva Jr. e Luis Naldo Rodrigues da Concei\u00e7\u00e3o &#8211; Comunica\u00e7\u00f5es do Postulantado<\/p>\n\n\t\t<style type=\"text\/css\">\n\t\t\t#gallery-3 {\n\t\t\t\tmargin: auto;\n\t\t\t}\n\t\t\t#gallery-3 .gallery-item {\n\t\t\t\tfloat: left;\n\t\t\t\tmargin-top: 10px;\n\t\t\t\ttext-align: center;\n\t\t\t\twidth: 33%;\n\t\t\t}\n\t\t\t#gallery-3 img {\n\t\t\t\tborder: 2px solid #cfcfcf;\n\t\t\t}\n\t\t\t#gallery-3 .gallery-caption {\n\t\t\t\tmargin-left: 0;\n\t\t\t}\n\t\t\t\/* see gallery_shortcode() in wp-includes\/media.php *\/\n\t\t<\/style>\n\t\t<div id='gallery-3' class='gallery galleryid-251297 gallery-columns-3 gallery-size-thumbnail'><dl class='gallery-item'>\n\t\t\t<dt class='gallery-icon landscape'>\n\t\t\t\t<a href='https:\/\/franciscanos.org.br\/noticias\/wp-content\/uploads\/2024\/10\/IMG-20241004-WA0078.jpg'><img width=\"300\" height=\"300\" src=\"https:\/\/franciscanos.org.br\/noticias\/wp-content\/uploads\/2024\/10\/IMG-20241004-WA0078-300x300.jpg\" class=\"attachment-thumbnail size-thumbnail\" alt=\"\" loading=\"lazy\" srcset=\"https:\/\/franciscanos.org.br\/noticias\/wp-content\/uploads\/2024\/10\/IMG-20241004-WA0078-300x300.jpg 300w, https:\/\/franciscanos.org.br\/noticias\/wp-content\/uploads\/2024\/10\/IMG-20241004-WA0078-100x100.jpg 100w\" sizes=\"(max-width: 300px) 100vw, 300px\" \/><\/a>\n\t\t\t<\/dt><\/dl><dl class='gallery-item'>\n\t\t\t<dt class='gallery-icon landscape'>\n\t\t\t\t<a href='https:\/\/franciscanos.org.br\/noticias\/wp-content\/uploads\/2024\/10\/IMG-20241004-WA0149.jpg'><img width=\"300\" height=\"300\" src=\"https:\/\/franciscanos.org.br\/noticias\/wp-content\/uploads\/2024\/10\/IMG-20241004-WA0149-300x300.jpg\" class=\"attachment-thumbnail size-thumbnail\" alt=\"\" loading=\"lazy\" srcset=\"https:\/\/franciscanos.org.br\/noticias\/wp-content\/uploads\/2024\/10\/IMG-20241004-WA0149-300x300.jpg 300w, https:\/\/franciscanos.org.br\/noticias\/wp-content\/uploads\/2024\/10\/IMG-20241004-WA0149-100x100.jpg 100w\" sizes=\"(max-width: 300px) 100vw, 300px\" \/><\/a>\n\t\t\t<\/dt><\/dl><dl class='gallery-item'>\n\t\t\t<dt class='gallery-icon landscape'>\n\t\t\t\t<a href='https:\/\/franciscanos.org.br\/noticias\/wp-content\/uploads\/2024\/10\/CHAMADA-5.jpg'><img width=\"300\" height=\"300\" src=\"https:\/\/franciscanos.org.br\/noticias\/wp-content\/uploads\/2024\/10\/CHAMADA-5-300x300.jpg\" class=\"attachment-thumbnail size-thumbnail\" alt=\"\" loading=\"lazy\" srcset=\"https:\/\/franciscanos.org.br\/noticias\/wp-content\/uploads\/2024\/10\/CHAMADA-5-300x300.jpg 300w, https:\/\/franciscanos.org.br\/noticias\/wp-content\/uploads\/2024\/10\/CHAMADA-5-100x100.jpg 100w\" sizes=\"(max-width: 300px) 100vw, 300px\" \/><\/a>\n\t\t\t<\/dt><\/dl><br style=\"clear: both\" \/>\n\t\t<\/div>\n\n","protected":false},"excerpt":{"rendered":"<p>Semin\u00e1rio Frei Galv\u00e3o<\/p>\n","protected":false},"author":11,"featured_media":251314,"comment_status":"open","ping_status":"open","sticky":false,"template":"","format":"standard","meta":[],"categories":[1],"tags":[2171,2204,421],"acf":[],"yoast_head":"<!-- This site is optimized with the Yoast SEO plugin v19.2 - https:\/\/yoast.com\/wordpress\/plugins\/seo\/ -->\n<title>Frades e Postulantes celebram a Solenidade de S\u00e3o Francisco de Assis - Not\u00edcias - Franciscanos<\/title>\n<meta name=\"robots\" content=\"index, follow, max-snippet:-1, max-image-preview:large, max-video-preview:-1\" \/>\n<link rel=\"canonical\" href=\"https:\/\/franciscanos.org.br\/noticias\/frades-e-postulantes-celebram-a-solenidade-de-sao-francisco-de-assis.html\" \/>\n<meta property=\"og:locale\" content=\"pt_BR\" \/>\n<meta property=\"og:type\" content=\"article\" \/>\n<meta property=\"og:title\" content=\"Frades e Postulantes celebram a Solenidade de S\u00e3o Francisco de Assis - Not\u00edcias - Franciscanos\" \/>\n<meta property=\"og:description\" content=\"Semin\u00e1rio Frei Galv\u00e3o\" \/>\n<meta property=\"og:url\" content=\"https:\/\/franciscanos.org.br\/noticias\/frades-e-postulantes-celebram-a-solenidade-de-sao-francisco-de-assis.html\" \/>\n<meta property=\"og:site_name\" content=\"Not\u00edcias - Franciscanos\" \/>\n<meta property=\"article:published_time\" content=\"2024-10-07T13:25:18+00:00\" \/>\n<meta property=\"article:modified_time\" content=\"2024-10-07T13:32:17+00:00\" \/>\n<meta property=\"og:image\" content=\"https:\/\/franciscanos.org.br\/noticias\/wp-content\/uploads\/2024\/10\/CHAMADA-6.jpg\" \/>\n\t<meta property=\"og:image:width\" content=\"800\" \/>\n\t<meta property=\"og:image:height\" content=\"550\" \/>\n\t<meta property=\"og:image:type\" content=\"image\/jpeg\" \/>\n<meta name=\"author\" content=\"Adriana Rabelo\" \/>\n<meta name=\"twitter:card\" content=\"summary_large_image\" \/>\n<meta name=\"twitter:label1\" content=\"Escrito por\" \/>\n\t<meta name=\"twitter:data1\" content=\"Adriana Rabelo\" \/>\n\t<meta name=\"twitter:label2\" content=\"Est. tempo de leitura\" \/>\n\t<meta name=\"twitter:data2\" content=\"6 minutos\" \/>\n<script type=\"application\/ld+json\" class=\"yoast-schema-graph\">{\"@context\":\"https:\/\/schema.org\",\"@graph\":[{\"@type\":\"WebSite\",\"@id\":\"https:\/\/franciscanos.org.br\/noticias\/#website\",\"url\":\"https:\/\/franciscanos.org.br\/noticias\/\",\"name\":\"Not\u00edcias - Franciscanos\",\"description\":\"Prov\u00edncia Franciscana da Imaculada Concei\u00e7\u00e3o do Brasil - Ordem dos Frades Menores - OFM\",\"potentialAction\":[{\"@type\":\"SearchAction\",\"target\":{\"@type\":\"EntryPoint\",\"urlTemplate\":\"https:\/\/franciscanos.org.br\/noticias\/?s={search_term_string}\"},\"query-input\":\"required name=search_term_string\"}],\"inLanguage\":\"pt-BR\"},{\"@type\":\"ImageObject\",\"inLanguage\":\"pt-BR\",\"@id\":\"https:\/\/franciscanos.org.br\/noticias\/frades-e-postulantes-celebram-a-solenidade-de-sao-francisco-de-assis.html#primaryimage\",\"url\":\"https:\/\/franciscanos.org.br\/noticias\/wp-content\/uploads\/2024\/10\/CHAMADA-6.jpg\",\"contentUrl\":\"https:\/\/franciscanos.org.br\/noticias\/wp-content\/uploads\/2024\/10\/CHAMADA-6.jpg\",\"width\":800,\"height\":550},{\"@type\":\"WebPage\",\"@id\":\"https:\/\/franciscanos.org.br\/noticias\/frades-e-postulantes-celebram-a-solenidade-de-sao-francisco-de-assis.html#webpage\",\"url\":\"https:\/\/franciscanos.org.br\/noticias\/frades-e-postulantes-celebram-a-solenidade-de-sao-francisco-de-assis.html\",\"name\":\"Frades e Postulantes celebram a Solenidade de S\u00e3o Francisco de Assis - Not\u00edcias - Franciscanos\",\"isPartOf\":{\"@id\":\"https:\/\/franciscanos.org.br\/noticias\/#website\"},\"primaryImageOfPage\":{\"@id\":\"https:\/\/franciscanos.org.br\/noticias\/frades-e-postulantes-celebram-a-solenidade-de-sao-francisco-de-assis.html#primaryimage\"},\"datePublished\":\"2024-10-07T13:25:18+00:00\",\"dateModified\":\"2024-10-07T13:32:17+00:00\",\"author\":{\"@id\":\"https:\/\/franciscanos.org.br\/noticias\/#\/schema\/person\/d9422e83121c3ad3b0f423d195f5bb25\"},\"breadcrumb\":{\"@id\":\"https:\/\/franciscanos.org.br\/noticias\/frades-e-postulantes-celebram-a-solenidade-de-sao-francisco-de-assis.html#breadcrumb\"},\"inLanguage\":\"pt-BR\",\"potentialAction\":[{\"@type\":\"ReadAction\",\"target\":[\"https:\/\/franciscanos.org.br\/noticias\/frades-e-postulantes-celebram-a-solenidade-de-sao-francisco-de-assis.html\"]}]},{\"@type\":\"BreadcrumbList\",\"@id\":\"https:\/\/franciscanos.org.br\/noticias\/frades-e-postulantes-celebram-a-solenidade-de-sao-francisco-de-assis.html#breadcrumb\",\"itemListElement\":[{\"@type\":\"ListItem\",\"position\":1,\"name\":\"Home\",\"item\":\"https:\/\/franciscanos.org.br\/noticias\"},{\"@type\":\"ListItem\",\"position\":2,\"name\":\"Frades e Postulantes celebram a Solenidade de S\u00e3o Francisco de Assis\"}]},{\"@type\":\"Person\",\"@id\":\"https:\/\/franciscanos.org.br\/noticias\/#\/schema\/person\/d9422e83121c3ad3b0f423d195f5bb25\",\"name\":\"Adriana Rabelo\",\"image\":{\"@type\":\"ImageObject\",\"inLanguage\":\"pt-BR\",\"@id\":\"https:\/\/franciscanos.org.br\/noticias\/#\/schema\/person\/image\/\",\"url\":\"https:\/\/secure.gravatar.com\/avatar\/0a937b7500cd7df77540cfb8bede877d?s=96&d=mm&r=g\",\"contentUrl\":\"https:\/\/secure.gravatar.com\/avatar\/0a937b7500cd7df77540cfb8bede877d?s=96&d=mm&r=g\",\"caption\":\"Adriana Rabelo\"},\"url\":\"https:\/\/franciscanos.org.br\/noticias\/author\/adrianarabelo\"}]}<\/script>\n<!-- \/ Yoast SEO plugin. -->","yoast_head_json":{"title":"Frades e Postulantes celebram a Solenidade de S\u00e3o Francisco de Assis - Not\u00edcias - Franciscanos","robots":{"index":"index","follow":"follow","max-snippet":"max-snippet:-1","max-image-preview":"max-image-preview:large","max-video-preview":"max-video-preview:-1"},"canonical":"https:\/\/franciscanos.org.br\/noticias\/frades-e-postulantes-celebram-a-solenidade-de-sao-francisco-de-assis.html","og_locale":"pt_BR","og_type":"article","og_title":"Frades e Postulantes celebram a Solenidade de S\u00e3o Francisco de Assis - Not\u00edcias - Franciscanos","og_description":"Semin\u00e1rio Frei Galv\u00e3o","og_url":"https:\/\/franciscanos.org.br\/noticias\/frades-e-postulantes-celebram-a-solenidade-de-sao-francisco-de-assis.html","og_site_name":"Not\u00edcias - Franciscanos","article_published_time":"2024-10-07T13:25:18+00:00","article_modified_time":"2024-10-07T13:32:17+00:00","og_image":[{"width":800,"height":550,"url":"https:\/\/franciscanos.org.br\/noticias\/wp-content\/uploads\/2024\/10\/CHAMADA-6.jpg","type":"image\/jpeg"}],"author":"Adriana Rabelo","twitter_card":"summary_large_image","twitter_misc":{"Escrito por":"Adriana Rabelo","Est. tempo de leitura":"6 minutos"},"schema":{"@context":"https:\/\/schema.org","@graph":[{"@type":"WebSite","@id":"https:\/\/franciscanos.org.br\/noticias\/#website","url":"https:\/\/franciscanos.org.br\/noticias\/","name":"Not\u00edcias - Franciscanos","description":"Prov\u00edncia Franciscana da Imaculada Concei\u00e7\u00e3o do Brasil - Ordem dos Frades Menores - OFM","potentialAction":[{"@type":"SearchAction","target":{"@type":"EntryPoint","urlTemplate":"https:\/\/franciscanos.org.br\/noticias\/?s={search_term_string}"},"query-input":"required name=search_term_string"}],"inLanguage":"pt-BR"},{"@type":"ImageObject","inLanguage":"pt-BR","@id":"https:\/\/franciscanos.org.br\/noticias\/frades-e-postulantes-celebram-a-solenidade-de-sao-francisco-de-assis.html#primaryimage","url":"https:\/\/franciscanos.org.br\/noticias\/wp-content\/uploads\/2024\/10\/CHAMADA-6.jpg","contentUrl":"https:\/\/franciscanos.org.br\/noticias\/wp-content\/uploads\/2024\/10\/CHAMADA-6.jpg","width":800,"height":550},{"@type":"WebPage","@id":"https:\/\/franciscanos.org.br\/noticias\/frades-e-postulantes-celebram-a-solenidade-de-sao-francisco-de-assis.html#webpage","url":"https:\/\/franciscanos.org.br\/noticias\/frades-e-postulantes-celebram-a-solenidade-de-sao-francisco-de-assis.html","name":"Frades e Postulantes celebram a Solenidade de S\u00e3o Francisco de Assis - Not\u00edcias - Franciscanos","isPartOf":{"@id":"https:\/\/franciscanos.org.br\/noticias\/#website"},"primaryImageOfPage":{"@id":"https:\/\/franciscanos.org.br\/noticias\/frades-e-postulantes-celebram-a-solenidade-de-sao-francisco-de-assis.html#primaryimage"},"datePublished":"2024-10-07T13:25:18+00:00","dateModified":"2024-10-07T13:32:17+00:00","author":{"@id":"https:\/\/franciscanos.org.br\/noticias\/#\/schema\/person\/d9422e83121c3ad3b0f423d195f5bb25"},"breadcrumb":{"@id":"https:\/\/franciscanos.org.br\/noticias\/frades-e-postulantes-celebram-a-solenidade-de-sao-francisco-de-assis.html#breadcrumb"},"inLanguage":"pt-BR","potentialAction":[{"@type":"ReadAction","target":["https:\/\/franciscanos.org.br\/noticias\/frades-e-postulantes-celebram-a-solenidade-de-sao-francisco-de-assis.html"]}]},{"@type":"BreadcrumbList","@id":"https:\/\/franciscanos.org.br\/noticias\/frades-e-postulantes-celebram-a-solenidade-de-sao-francisco-de-assis.html#breadcrumb","itemListElement":[{"@type":"ListItem","position":1,"name":"Home","item":"https:\/\/franciscanos.org.br\/noticias"},{"@type":"ListItem","position":2,"name":"Frades e Postulantes celebram a Solenidade de S\u00e3o Francisco de Assis"}]},{"@type":"Person","@id":"https:\/\/franciscanos.org.br\/noticias\/#\/schema\/person\/d9422e83121c3ad3b0f423d195f5bb25","name":"Adriana Rabelo","image":{"@type":"ImageObject","inLanguage":"pt-BR","@id":"https:\/\/franciscanos.org.br\/noticias\/#\/schema\/person\/image\/","url":"https:\/\/secure.gravatar.com\/avatar\/0a937b7500cd7df77540cfb8bede877d?s=96&d=mm&r=g","contentUrl":"https:\/\/secure.gravatar.com\/avatar\/0a937b7500cd7df77540cfb8bede877d?s=96&d=mm&r=g","caption":"Adriana Rabelo"},"url":"https:\/\/franciscanos.org.br\/noticias\/author\/adrianarabelo"}]}},"_links":{"self":[{"href":"https:\/\/franciscanos.org.br\/noticias\/wp-json\/wp\/v2\/posts\/251297"}],"collection":[{"href":"https:\/\/franciscanos.org.br\/noticias\/wp-json\/wp\/v2\/posts"}],"about":[{"href":"https:\/\/franciscanos.org.br\/noticias\/wp-json\/wp\/v2\/types\/post"}],"author":[{"embeddable":true,"href":"https:\/\/franciscanos.org.br\/noticias\/wp-json\/wp\/v2\/users\/11"}],"replies":[{"embeddable":true,"href":"https:\/\/franciscanos.org.br\/noticias\/wp-json\/wp\/v2\/comments?post=251297"}],"version-history":[{"count":9,"href":"https:\/\/franciscanos.org.br\/noticias\/wp-json\/wp\/v2\/posts\/251297\/revisions"}],"predecessor-version":[{"id":251319,"href":"https:\/\/franciscanos.org.br\/noticias\/wp-json\/wp\/v2\/posts\/251297\/revisions\/251319"}],"wp:featuredmedia":[{"embeddable":true,"href":"https:\/\/franciscanos.org.br\/noticias\/wp-json\/wp\/v2\/media\/251314"}],"wp:attachment":[{"href":"https:\/\/franciscanos.org.br\/noticias\/wp-json\/wp\/v2\/media?parent=251297"}],"wp:term":[{"taxonomy":"category","embeddable":true,"href":"https:\/\/franciscanos.org.br\/noticias\/wp-json\/wp\/v2\/categories?post=251297"},{"taxonomy":"post_tag","embeddable":true,"href":"https:\/\/franciscanos.org.br\/noticias\/wp-json\/wp\/v2\/tags?post=251297"}],"curies":[{"name":"wp","href":"https:\/\/api.w.org\/{rel}","templated":true}]}}