{"id":251275,"date":"2024-10-06T08:56:49","date_gmt":"2024-10-06T11:56:49","guid":{"rendered":"https:\/\/franciscanos.org.br\/noticias\/?p=251275"},"modified":"2024-10-07T15:57:01","modified_gmt":"2024-10-07T18:57:01","slug":"eleicoes-municipais-um-exercicio-da-cidadania","status":"publish","type":"post","link":"https:\/\/franciscanos.org.br\/noticias\/eleicoes-municipais-um-exercicio-da-cidadania.html","title":{"rendered":"Elei\u00e7\u00f5es municipais: um exerc\u00edcio de cidadania"},"content":{"rendered":"<div id=\"attachment_251276\" style=\"width: 1180px\" class=\"wp-caption alignnone\"><img aria-describedby=\"caption-attachment-251276\" loading=\"lazy\" class=\"wp-image-251276 size-full\" src=\"https:\/\/franciscanos.org.br\/noticias\/wp-content\/uploads\/2024\/10\/urna-eletronica.jpg\" alt=\"\" width=\"1170\" height=\"700\" srcset=\"https:\/\/franciscanos.org.br\/noticias\/wp-content\/uploads\/2024\/10\/urna-eletronica.jpg 1170w, https:\/\/franciscanos.org.br\/noticias\/wp-content\/uploads\/2024\/10\/urna-eletronica-450x269.jpg 450w, https:\/\/franciscanos.org.br\/noticias\/wp-content\/uploads\/2024\/10\/urna-eletronica-1024x613.jpg 1024w, https:\/\/franciscanos.org.br\/noticias\/wp-content\/uploads\/2024\/10\/urna-eletronica-768x459.jpg 768w, https:\/\/franciscanos.org.br\/noticias\/wp-content\/uploads\/2024\/10\/urna-eletronica-150x90.jpg 150w\" sizes=\"(max-width: 1170px) 100vw, 1170px\" \/><p id=\"caption-attachment-251276\" class=\"wp-caption-text\">Foto: Antonio Augusto\/ASCOM\/TSE<\/p><\/div>\n<p>Neste dia 5 de outubro, a Constitui\u00e7\u00e3o Federal, a principal garantidora da democracia brasileira, completou 36 anos. Em seu artigo 14, a Carta Magna estabelece que &#8220;a soberania popular ser\u00e1 exercida pelo sufr\u00e1gio universal e pelo voto direto e secreto, com valor igual para todos&#8221;.<br \/>\n\u00c9 por meio deste direito legal que mais de 155 milh\u00f5es de eleitores aptos a votar ir\u00e3o \u00e0s urnas neste domingo, 6 de outubro, para escolher prefeitos e vereadores dos 5.568 munic\u00edpios, de acordo com o Instituto Brasileiro de Geografia e Estat\u00edstica (IBGE).<br \/>\nRecentemente, a ministra do Supremo Tribunal Federal, C\u00e1rmen L\u00facia, que tamb\u00e9m \u00e9 a atual presidente do TSE, afirmou que o voto \u00e9 a express\u00e3o de cidadania e um ato necess\u00e1rio para que o povo &#8220;continue a ter as institui\u00e7\u00f5es constitucionalmente estabelecidas e civicamente atuantes&#8221;.<br \/>\nDiante deste cen\u00e1rio vasto, repleto de cidad\u00e3os e cidad\u00e3s que desejam um futuro melhor para o pa\u00eds e suas cidades, a esperan\u00e7a marca presen\u00e7a. A hist\u00f3ria pol\u00edtica do Brasil j\u00e1 passou por diferentes momentos que nos garantiram, na atualidade, a democracia e, com ela, o direito ao voto.<br \/>\nAinda h\u00e1 quem pense que votar \u00e9 uma bobagem, uma perda de tempo, pois muitos j\u00e1 se desanimaram com a pol\u00edtica e com os pol\u00edticos legitimamente eleitos, aqueles que muito prometem e nada fazem, ou que se corrompem diante do poder. Mas por que esses representantes do povo agem dessa forma? Por que, depois de eleitos, deixam de colocar em pr\u00e1tica toda a beleza de seus discursos feitos durante as campanhas eleitorais? Nesse contexto, as promessas soam como um canto da sereia, t\u00e3o lindo e envolvente que leva as pessoas a acreditar, confiar e mergulhar nas profundezas das falsas promessas.<br \/>\nA resposta para essas e tantas outras perguntas est\u00e1 na hist\u00f3ria recente do Brasil, considerando nosso tempo de exist\u00eancia como Rep\u00fablica e tamb\u00e9m a falta de consci\u00eancia pol\u00edtica, que muitas vezes, ou quase sempre, deixa de ser trabalhada nas escolas. Sabemos e estudamos pouco sobre o nosso pa\u00eds.<br \/>\nEm nossa Constitui\u00e7\u00e3o de 1988, o primeiro par\u00e1grafo do artigo 14 institui que o alistamento eleitoral e o voto s\u00e3o obrigat\u00f3rios para todos os maiores de 18 anos e menores de 70 anos. Portanto, \u00e9 obrigat\u00f3rio votar at\u00e9 os 70 anos. O voto \u00e9 facultativo para jovens maiores de 16 anos e menores de 18 anos e para os analfabetos.<br \/>\nMas precisamos ter consci\u00eancia de que, antes de ser uma obriga\u00e7\u00e3o, temos o compromisso moral de exercer nosso direito de cidad\u00e3os. \u00c9 importante lembrar que muitas pessoas, ao longo da nossa hist\u00f3ria, sofreram e morreram para garantir o nosso direito de escolher, por meio do voto, aqueles que nos representar\u00e3o, no caso atual, na prefeitura e na c\u00e2mara municipal, por um per\u00edodo de quatro anos.<\/p>\n<p><strong>Presen\u00e7a da Igreja\u00a0<\/strong><br \/>\nQuando falamos de consci\u00eancia pol\u00edtica, a Igreja no Brasil tamb\u00e9m teve e tem um papel importante no trabalho de orienta\u00e7\u00e3o e est\u00edmulo \u00e0 reflex\u00e3o do povo de Deus, para que todos caminhem em dire\u00e7\u00e3o ao bem comum.<br \/>\n\u201cO voto consciente \u00e9 algo que se espera de um crist\u00e3o batizado. Deixar de votar ou anular o voto, na verdade, \u00e9 abrir espa\u00e7o para quem est\u00e1 interessado em promover uma pol\u00edtica descomprometida, agindo em benef\u00edcio pr\u00f3prio, ao inv\u00e9s de se doar pelo bem comum. Neste sentido, o empenho da Confer\u00eancia Nacional dos Bispos do Brasil (CNBB), em seus diversos regionais, em conscientizar o eleitor para o exerc\u00edcio cidad\u00e3o do voto, \u00e9 uma resposta crist\u00e3 e evang\u00e9lica diante dos muitos desafios que vivemos atualmente em nossas cidades\u201d, disse Frei Gustavo Wayand Medella, Vig\u00e1rio Provincial da Prov\u00edncia Franciscana da Imaculada Concei\u00e7\u00e3o do Brasil.<br \/>\nEm entrevista ao frade no programa radiof\u00f4nico \u201cManh\u00e3 Franciscana\u201d, que vai ao ar na R\u00e1dio Celinauta, em Pato Branco (PR), nas r\u00e1dios franciscanas Coroado e Movimento, ambas de Curitibanos (SC), e tamb\u00e9m pelo canal do Spotify da Prov\u00edncia, Dom Geremias Steinmetz, Arcebispo Metropolitano da Arquidiocese de Londrina, respondeu \u00e0 pergunta sobre a import\u00e2ncia do voto nas elei\u00e7\u00f5es municipais.<br \/>\n<img loading=\"lazy\" class=\" wp-image-251277 alignright\" src=\"https:\/\/franciscanos.org.br\/noticias\/wp-content\/uploads\/2024\/10\/medella-e-dom-geremias-450x252.jpg\" alt=\"\" width=\"466\" height=\"261\" srcset=\"https:\/\/franciscanos.org.br\/noticias\/wp-content\/uploads\/2024\/10\/medella-e-dom-geremias-450x252.jpg 450w, https:\/\/franciscanos.org.br\/noticias\/wp-content\/uploads\/2024\/10\/medella-e-dom-geremias-1024x573.jpg 1024w, https:\/\/franciscanos.org.br\/noticias\/wp-content\/uploads\/2024\/10\/medella-e-dom-geremias-768x430.jpg 768w, https:\/\/franciscanos.org.br\/noticias\/wp-content\/uploads\/2024\/10\/medella-e-dom-geremias-150x84.jpg 150w, https:\/\/franciscanos.org.br\/noticias\/wp-content\/uploads\/2024\/10\/medella-e-dom-geremias.jpg 1281w\" sizes=\"(max-width: 466px) 100vw, 466px\" \/>\u201cPrimeiro, devemos destacar que fazemos parte de uma sociedade. N\u00e3o vivemos isolados, n\u00e3o somos uma ilha, por isso precisamos estar atentos aos problemas que nossa sociedade enfrenta. Quando participamos ativamente das quest\u00f5es pol\u00edticas por meio do voto, estamos tentando entender qual \u00e9 o melhor caminho que devemos seguir como cidad\u00e3os na nossa sociedade, comunidade e, especialmente, em nossos munic\u00edpios. Assim, tamb\u00e9m estamos participando verdadeiramente das solu\u00e7\u00f5es\u201d, afirmou.<br \/>\nAinda sobre a import\u00e2ncia do voto, o Arcebispo completou: &#8220;Se eu deixo de lado minha participa\u00e7\u00e3o e n\u00e3o valorizo esse meu direito, estou entregando as solu\u00e7\u00f5es para quem pode pensar diferente ou contr\u00e1rio ao que eu acredito. A pol\u00edtica \u00e9 a organiza\u00e7\u00e3o da sociedade que eu quero, que a Igreja quer.&#8221;<br \/>\nDom Geremias ressaltou que, para os crist\u00e3os, o direito ao voto \u00e9 um compromisso assumido com a sociedade, sendo tamb\u00e9m a principal forma de garantir a manuten\u00e7\u00e3o da democracia. \u201cJ\u00e1 sofremos amea\u00e7as no Brasil de tantas outras formas de governo, e queremos continuar na linha da democracia. A gest\u00e3o p\u00fablica que eu quero \u00e9 tamb\u00e9m a que a Igreja quer, que \u00e9 a pr\u00f3pria proposta de Jesus Cristo, que o Reino de Deus deseja para que o mundo tenha vida em plenitude. \u201d Segundo ele, a certeza que devemos ter \u00e9 que, para ser um bom crist\u00e3o, os filhos e filhas de Deus precisam ser bons cidad\u00e3os.<br \/>\nA Prov\u00edncia Franciscana da Imaculada Concei\u00e7\u00e3o do Brasil tamb\u00e9m assumiu seu compromisso com a sociedade, apoiando a\u00e7\u00f5es que buscam estimular o exerc\u00edcio da cidadania. No m\u00eas de agosto, a Revista Casa Comum, uma produ\u00e7\u00e3o vinculada ao Sefras &#8211; A\u00e7\u00e3o Social Franciscana, e o Projeto \u201cEncantar a Pol\u00edtica\u201d, da CNBB, promoveram o curso \u201cMutir\u00e3o pela Democracia \u2013 Elei\u00e7\u00f5es 2024\u201d, com rodas de conversa que trouxeram \u00e0 tona aspectos relevantes da hist\u00f3ria pol\u00edtica do Brasil e da luta pela manuten\u00e7\u00e3o da democracia no pa\u00eds.<br \/>\nAcompanhando esse movimento de conscientiza\u00e7\u00e3o, neste domingo, os cidad\u00e3os e cidad\u00e3s seguem para as urnas cheios de esperan\u00e7a, com a certeza de que sua realidade pode mudar por meio do voto, sua principal forma de garantir o exerc\u00edcio da cidadania.<\/p>\n<p><strong><span style=\"color: #000080;\"><a style=\"color: #000080;\" href=\"https:\/\/youtu.be\/ECcxyf0g-Z4\">Confira a entrevista completa com Dom Geremias<\/a><\/span><\/strong><\/p>\n<hr \/>\n<p><em>Adriana Rabelo<\/em><\/p>\n","protected":false},"excerpt":{"rendered":"<p>Elei\u00e7\u00f5es municipais 2024<\/p>\n","protected":false},"author":11,"featured_media":251276,"comment_status":"open","ping_status":"open","sticky":false,"template":"","format":"standard","meta":[],"categories":[1],"tags":[1119],"acf":[],"yoast_head":"<!-- This site is optimized with the Yoast SEO plugin v19.2 - https:\/\/yoast.com\/wordpress\/plugins\/seo\/ -->\n<title>Elei\u00e7\u00f5es municipais: um exerc\u00edcio de cidadania - Not\u00edcias - Franciscanos<\/title>\n<meta name=\"robots\" content=\"index, follow, max-snippet:-1, max-image-preview:large, max-video-preview:-1\" \/>\n<link rel=\"canonical\" href=\"https:\/\/franciscanos.org.br\/noticias\/eleicoes-municipais-um-exercicio-da-cidadania.html\" \/>\n<meta property=\"og:locale\" content=\"pt_BR\" \/>\n<meta property=\"og:type\" content=\"article\" \/>\n<meta property=\"og:title\" content=\"Elei\u00e7\u00f5es municipais: um exerc\u00edcio de cidadania - Not\u00edcias - Franciscanos\" \/>\n<meta property=\"og:description\" content=\"Elei\u00e7\u00f5es municipais 2024\" \/>\n<meta property=\"og:url\" content=\"https:\/\/franciscanos.org.br\/noticias\/eleicoes-municipais-um-exercicio-da-cidadania.html\" \/>\n<meta property=\"og:site_name\" content=\"Not\u00edcias - Franciscanos\" \/>\n<meta property=\"article:published_time\" content=\"2024-10-06T11:56:49+00:00\" \/>\n<meta property=\"article:modified_time\" content=\"2024-10-07T18:57:01+00:00\" \/>\n<meta property=\"og:image\" content=\"https:\/\/franciscanos.org.br\/noticias\/wp-content\/uploads\/2024\/10\/urna-eletronica.jpg\" \/>\n\t<meta property=\"og:image:width\" content=\"1170\" \/>\n\t<meta property=\"og:image:height\" content=\"700\" \/>\n\t<meta property=\"og:image:type\" content=\"image\/jpeg\" \/>\n<meta name=\"author\" content=\"Adriana Rabelo\" \/>\n<meta name=\"twitter:card\" content=\"summary_large_image\" \/>\n<meta name=\"twitter:label1\" content=\"Escrito por\" \/>\n\t<meta name=\"twitter:data1\" content=\"Adriana Rabelo\" \/>\n\t<meta name=\"twitter:label2\" content=\"Est. tempo de leitura\" \/>\n\t<meta name=\"twitter:data2\" content=\"6 minutos\" \/>\n<script type=\"application\/ld+json\" class=\"yoast-schema-graph\">{\"@context\":\"https:\/\/schema.org\",\"@graph\":[{\"@type\":\"WebSite\",\"@id\":\"https:\/\/franciscanos.org.br\/noticias\/#website\",\"url\":\"https:\/\/franciscanos.org.br\/noticias\/\",\"name\":\"Not\u00edcias - Franciscanos\",\"description\":\"Prov\u00edncia Franciscana da Imaculada Concei\u00e7\u00e3o do Brasil - Ordem dos Frades Menores - OFM\",\"potentialAction\":[{\"@type\":\"SearchAction\",\"target\":{\"@type\":\"EntryPoint\",\"urlTemplate\":\"https:\/\/franciscanos.org.br\/noticias\/?s={search_term_string}\"},\"query-input\":\"required name=search_term_string\"}],\"inLanguage\":\"pt-BR\"},{\"@type\":\"ImageObject\",\"inLanguage\":\"pt-BR\",\"@id\":\"https:\/\/franciscanos.org.br\/noticias\/eleicoes-municipais-um-exercicio-da-cidadania.html#primaryimage\",\"url\":\"https:\/\/franciscanos.org.br\/noticias\/wp-content\/uploads\/2024\/10\/urna-eletronica.jpg\",\"contentUrl\":\"https:\/\/franciscanos.org.br\/noticias\/wp-content\/uploads\/2024\/10\/urna-eletronica.jpg\",\"width\":1170,\"height\":700},{\"@type\":\"WebPage\",\"@id\":\"https:\/\/franciscanos.org.br\/noticias\/eleicoes-municipais-um-exercicio-da-cidadania.html#webpage\",\"url\":\"https:\/\/franciscanos.org.br\/noticias\/eleicoes-municipais-um-exercicio-da-cidadania.html\",\"name\":\"Elei\u00e7\u00f5es municipais: um exerc\u00edcio de cidadania - Not\u00edcias - Franciscanos\",\"isPartOf\":{\"@id\":\"https:\/\/franciscanos.org.br\/noticias\/#website\"},\"primaryImageOfPage\":{\"@id\":\"https:\/\/franciscanos.org.br\/noticias\/eleicoes-municipais-um-exercicio-da-cidadania.html#primaryimage\"},\"datePublished\":\"2024-10-06T11:56:49+00:00\",\"dateModified\":\"2024-10-07T18:57:01+00:00\",\"author\":{\"@id\":\"https:\/\/franciscanos.org.br\/noticias\/#\/schema\/person\/d9422e83121c3ad3b0f423d195f5bb25\"},\"breadcrumb\":{\"@id\":\"https:\/\/franciscanos.org.br\/noticias\/eleicoes-municipais-um-exercicio-da-cidadania.html#breadcrumb\"},\"inLanguage\":\"pt-BR\",\"potentialAction\":[{\"@type\":\"ReadAction\",\"target\":[\"https:\/\/franciscanos.org.br\/noticias\/eleicoes-municipais-um-exercicio-da-cidadania.html\"]}]},{\"@type\":\"BreadcrumbList\",\"@id\":\"https:\/\/franciscanos.org.br\/noticias\/eleicoes-municipais-um-exercicio-da-cidadania.html#breadcrumb\",\"itemListElement\":[{\"@type\":\"ListItem\",\"position\":1,\"name\":\"Home\",\"item\":\"https:\/\/franciscanos.org.br\/noticias\"},{\"@type\":\"ListItem\",\"position\":2,\"name\":\"Elei\u00e7\u00f5es municipais: um exerc\u00edcio de cidadania\"}]},{\"@type\":\"Person\",\"@id\":\"https:\/\/franciscanos.org.br\/noticias\/#\/schema\/person\/d9422e83121c3ad3b0f423d195f5bb25\",\"name\":\"Adriana Rabelo\",\"image\":{\"@type\":\"ImageObject\",\"inLanguage\":\"pt-BR\",\"@id\":\"https:\/\/franciscanos.org.br\/noticias\/#\/schema\/person\/image\/\",\"url\":\"https:\/\/secure.gravatar.com\/avatar\/0a937b7500cd7df77540cfb8bede877d?s=96&d=mm&r=g\",\"contentUrl\":\"https:\/\/secure.gravatar.com\/avatar\/0a937b7500cd7df77540cfb8bede877d?s=96&d=mm&r=g\",\"caption\":\"Adriana Rabelo\"},\"url\":\"https:\/\/franciscanos.org.br\/noticias\/author\/adrianarabelo\"}]}<\/script>\n<!-- \/ Yoast SEO plugin. -->","yoast_head_json":{"title":"Elei\u00e7\u00f5es municipais: um exerc\u00edcio de cidadania - Not\u00edcias - Franciscanos","robots":{"index":"index","follow":"follow","max-snippet":"max-snippet:-1","max-image-preview":"max-image-preview:large","max-video-preview":"max-video-preview:-1"},"canonical":"https:\/\/franciscanos.org.br\/noticias\/eleicoes-municipais-um-exercicio-da-cidadania.html","og_locale":"pt_BR","og_type":"article","og_title":"Elei\u00e7\u00f5es municipais: um exerc\u00edcio de cidadania - Not\u00edcias - Franciscanos","og_description":"Elei\u00e7\u00f5es municipais 2024","og_url":"https:\/\/franciscanos.org.br\/noticias\/eleicoes-municipais-um-exercicio-da-cidadania.html","og_site_name":"Not\u00edcias - Franciscanos","article_published_time":"2024-10-06T11:56:49+00:00","article_modified_time":"2024-10-07T18:57:01+00:00","og_image":[{"width":1170,"height":700,"url":"https:\/\/franciscanos.org.br\/noticias\/wp-content\/uploads\/2024\/10\/urna-eletronica.jpg","type":"image\/jpeg"}],"author":"Adriana Rabelo","twitter_card":"summary_large_image","twitter_misc":{"Escrito por":"Adriana Rabelo","Est. tempo de leitura":"6 minutos"},"schema":{"@context":"https:\/\/schema.org","@graph":[{"@type":"WebSite","@id":"https:\/\/franciscanos.org.br\/noticias\/#website","url":"https:\/\/franciscanos.org.br\/noticias\/","name":"Not\u00edcias - Franciscanos","description":"Prov\u00edncia Franciscana da Imaculada Concei\u00e7\u00e3o do Brasil - Ordem dos Frades Menores - OFM","potentialAction":[{"@type":"SearchAction","target":{"@type":"EntryPoint","urlTemplate":"https:\/\/franciscanos.org.br\/noticias\/?s={search_term_string}"},"query-input":"required name=search_term_string"}],"inLanguage":"pt-BR"},{"@type":"ImageObject","inLanguage":"pt-BR","@id":"https:\/\/franciscanos.org.br\/noticias\/eleicoes-municipais-um-exercicio-da-cidadania.html#primaryimage","url":"https:\/\/franciscanos.org.br\/noticias\/wp-content\/uploads\/2024\/10\/urna-eletronica.jpg","contentUrl":"https:\/\/franciscanos.org.br\/noticias\/wp-content\/uploads\/2024\/10\/urna-eletronica.jpg","width":1170,"height":700},{"@type":"WebPage","@id":"https:\/\/franciscanos.org.br\/noticias\/eleicoes-municipais-um-exercicio-da-cidadania.html#webpage","url":"https:\/\/franciscanos.org.br\/noticias\/eleicoes-municipais-um-exercicio-da-cidadania.html","name":"Elei\u00e7\u00f5es municipais: um exerc\u00edcio de cidadania - Not\u00edcias - Franciscanos","isPartOf":{"@id":"https:\/\/franciscanos.org.br\/noticias\/#website"},"primaryImageOfPage":{"@id":"https:\/\/franciscanos.org.br\/noticias\/eleicoes-municipais-um-exercicio-da-cidadania.html#primaryimage"},"datePublished":"2024-10-06T11:56:49+00:00","dateModified":"2024-10-07T18:57:01+00:00","author":{"@id":"https:\/\/franciscanos.org.br\/noticias\/#\/schema\/person\/d9422e83121c3ad3b0f423d195f5bb25"},"breadcrumb":{"@id":"https:\/\/franciscanos.org.br\/noticias\/eleicoes-municipais-um-exercicio-da-cidadania.html#breadcrumb"},"inLanguage":"pt-BR","potentialAction":[{"@type":"ReadAction","target":["https:\/\/franciscanos.org.br\/noticias\/eleicoes-municipais-um-exercicio-da-cidadania.html"]}]},{"@type":"BreadcrumbList","@id":"https:\/\/franciscanos.org.br\/noticias\/eleicoes-municipais-um-exercicio-da-cidadania.html#breadcrumb","itemListElement":[{"@type":"ListItem","position":1,"name":"Home","item":"https:\/\/franciscanos.org.br\/noticias"},{"@type":"ListItem","position":2,"name":"Elei\u00e7\u00f5es municipais: um exerc\u00edcio de cidadania"}]},{"@type":"Person","@id":"https:\/\/franciscanos.org.br\/noticias\/#\/schema\/person\/d9422e83121c3ad3b0f423d195f5bb25","name":"Adriana Rabelo","image":{"@type":"ImageObject","inLanguage":"pt-BR","@id":"https:\/\/franciscanos.org.br\/noticias\/#\/schema\/person\/image\/","url":"https:\/\/secure.gravatar.com\/avatar\/0a937b7500cd7df77540cfb8bede877d?s=96&d=mm&r=g","contentUrl":"https:\/\/secure.gravatar.com\/avatar\/0a937b7500cd7df77540cfb8bede877d?s=96&d=mm&r=g","caption":"Adriana Rabelo"},"url":"https:\/\/franciscanos.org.br\/noticias\/author\/adrianarabelo"}]}},"_links":{"self":[{"href":"https:\/\/franciscanos.org.br\/noticias\/wp-json\/wp\/v2\/posts\/251275"}],"collection":[{"href":"https:\/\/franciscanos.org.br\/noticias\/wp-json\/wp\/v2\/posts"}],"about":[{"href":"https:\/\/franciscanos.org.br\/noticias\/wp-json\/wp\/v2\/types\/post"}],"author":[{"embeddable":true,"href":"https:\/\/franciscanos.org.br\/noticias\/wp-json\/wp\/v2\/users\/11"}],"replies":[{"embeddable":true,"href":"https:\/\/franciscanos.org.br\/noticias\/wp-json\/wp\/v2\/comments?post=251275"}],"version-history":[{"count":10,"href":"https:\/\/franciscanos.org.br\/noticias\/wp-json\/wp\/v2\/posts\/251275\/revisions"}],"predecessor-version":[{"id":251363,"href":"https:\/\/franciscanos.org.br\/noticias\/wp-json\/wp\/v2\/posts\/251275\/revisions\/251363"}],"wp:featuredmedia":[{"embeddable":true,"href":"https:\/\/franciscanos.org.br\/noticias\/wp-json\/wp\/v2\/media\/251276"}],"wp:attachment":[{"href":"https:\/\/franciscanos.org.br\/noticias\/wp-json\/wp\/v2\/media?parent=251275"}],"wp:term":[{"taxonomy":"category","embeddable":true,"href":"https:\/\/franciscanos.org.br\/noticias\/wp-json\/wp\/v2\/categories?post=251275"},{"taxonomy":"post_tag","embeddable":true,"href":"https:\/\/franciscanos.org.br\/noticias\/wp-json\/wp\/v2\/tags?post=251275"}],"curies":[{"name":"wp","href":"https:\/\/api.w.org\/{rel}","templated":true}]}}