{"id":251222,"date":"2024-10-04T15:41:17","date_gmt":"2024-10-04T18:41:17","guid":{"rendered":"https:\/\/franciscanos.org.br\/noticias\/?p=251222"},"modified":"2024-10-04T17:14:25","modified_gmt":"2024-10-04T20:14:25","slug":"convento-santo-antonio-celebra-o-transito-de-sao-francisco","status":"publish","type":"post","link":"https:\/\/franciscanos.org.br\/noticias\/convento-santo-antonio-celebra-o-transito-de-sao-francisco.html","title":{"rendered":"Convento Santo Ant\u00f4nio celebra o tr\u00e2nsito de S\u00e3o Francisco"},"content":{"rendered":"<p><img loading=\"lazy\" class=\"aligncenter wp-image-251223 size-full\" src=\"https:\/\/franciscanos.org.br\/noticias\/wp-content\/uploads\/2024\/10\/MATERIA-3.jpg\" alt=\"\" width=\"1280\" height=\"720\" srcset=\"https:\/\/franciscanos.org.br\/noticias\/wp-content\/uploads\/2024\/10\/MATERIA-3.jpg 1280w, https:\/\/franciscanos.org.br\/noticias\/wp-content\/uploads\/2024\/10\/MATERIA-3-450x253.jpg 450w, https:\/\/franciscanos.org.br\/noticias\/wp-content\/uploads\/2024\/10\/MATERIA-3-1024x576.jpg 1024w, https:\/\/franciscanos.org.br\/noticias\/wp-content\/uploads\/2024\/10\/MATERIA-3-768x432.jpg 768w, https:\/\/franciscanos.org.br\/noticias\/wp-content\/uploads\/2024\/10\/MATERIA-3-150x84.jpg 150w\" sizes=\"(max-width: 1280px) 100vw, 1280px\" \/><\/p>\n<p><span style=\"font-weight: 400;\">O Convento Santo Ant\u00f4nio, no Rio de Janeiro (RJ), recebeu, no in\u00edcio da noite desta quinta-feira, 03 de outubro, \u00e0s 18h, uma celebra\u00e7\u00e3o que teve como marcas a simplicidade e a intensidade. Os frades da fraternidade, algumas religiosas, irm\u00e3os e irm\u00e3s da Ordem Franciscana Secular, junto com o povo fiel devoto se reuniram para fazer mem\u00f3ria do Tr\u00e2nsito de S\u00e3o Francisco, que recorda a passagem do <\/span><i><span style=\"font-weight: 400;\">Pobrezinho de Assis<\/span><\/i><span style=\"font-weight: 400;\"> para a Vida Eterna.\u00a0<\/span><\/p>\n<p><span style=\"font-weight: 400;\">De forma solene os frades entraram em prociss\u00e3o a partir da nave da igreja, todos com o h\u00e1bito franciscano. Abrilhantando a ocasi\u00e3o e auxiliando na ora\u00e7\u00e3o dos presentes, o Coral das Meninas dos Canarinhos de Petr\u00f3polis, sob a reg\u00eancia do Maestro Marcelo Vizani Calazans. Elas executaram a composi\u00e7\u00e3o do Tr\u00e2nsito de S\u00e3o Francisco, com a Ant\u00edfona e o Salmo 141 cantados em latim. A tradu\u00e7\u00e3o da ant\u00edfona \u00e9: \u201c<\/span><span style=\"font-weight: 400;\">\u00a0Alma sant\u00edssima, em cujo passamento acorrem os cidad\u00e3os dos c\u00e9us, os coros dos anjos exultam e a gloriosa Trindade convida, dizendo: permanece conosco para sempre\u201d.<\/span><\/p>\n\n\t\t<style type=\"text\/css\">\n\t\t\t#gallery-1 {\n\t\t\t\tmargin: auto;\n\t\t\t}\n\t\t\t#gallery-1 .gallery-item {\n\t\t\t\tfloat: left;\n\t\t\t\tmargin-top: 10px;\n\t\t\t\ttext-align: center;\n\t\t\t\twidth: 25%;\n\t\t\t}\n\t\t\t#gallery-1 img {\n\t\t\t\tborder: 2px solid #cfcfcf;\n\t\t\t}\n\t\t\t#gallery-1 .gallery-caption {\n\t\t\t\tmargin-left: 0;\n\t\t\t}\n\t\t\t\/* see gallery_shortcode() in wp-includes\/media.php *\/\n\t\t<\/style>\n\t\t<div id='gallery-1' class='gallery galleryid-251222 gallery-columns-4 gallery-size-thumbnail'><dl class='gallery-item'>\n\t\t\t<dt class='gallery-icon portrait'>\n\t\t\t\t<a href='https:\/\/franciscanos.org.br\/noticias\/wp-content\/uploads\/2024\/10\/IMG-20241004-WA0001.jpg'><img width=\"300\" height=\"300\" src=\"https:\/\/franciscanos.org.br\/noticias\/wp-content\/uploads\/2024\/10\/IMG-20241004-WA0001-300x300.jpg\" class=\"attachment-thumbnail size-thumbnail\" alt=\"\" loading=\"lazy\" srcset=\"https:\/\/franciscanos.org.br\/noticias\/wp-content\/uploads\/2024\/10\/IMG-20241004-WA0001-300x300.jpg 300w, https:\/\/franciscanos.org.br\/noticias\/wp-content\/uploads\/2024\/10\/IMG-20241004-WA0001-100x100.jpg 100w\" sizes=\"(max-width: 300px) 100vw, 300px\" \/><\/a>\n\t\t\t<\/dt><\/dl><dl class='gallery-item'>\n\t\t\t<dt class='gallery-icon portrait'>\n\t\t\t\t<a href='https:\/\/franciscanos.org.br\/noticias\/wp-content\/uploads\/2024\/10\/IMG-20241004-WA0002.jpg'><img width=\"300\" height=\"300\" src=\"https:\/\/franciscanos.org.br\/noticias\/wp-content\/uploads\/2024\/10\/IMG-20241004-WA0002-300x300.jpg\" class=\"attachment-thumbnail size-thumbnail\" alt=\"\" loading=\"lazy\" srcset=\"https:\/\/franciscanos.org.br\/noticias\/wp-content\/uploads\/2024\/10\/IMG-20241004-WA0002-300x300.jpg 300w, https:\/\/franciscanos.org.br\/noticias\/wp-content\/uploads\/2024\/10\/IMG-20241004-WA0002-100x100.jpg 100w\" sizes=\"(max-width: 300px) 100vw, 300px\" \/><\/a>\n\t\t\t<\/dt><\/dl><dl class='gallery-item'>\n\t\t\t<dt class='gallery-icon portrait'>\n\t\t\t\t<a href='https:\/\/franciscanos.org.br\/noticias\/wp-content\/uploads\/2024\/10\/IMG-20241004-WA0003.jpg'><img width=\"300\" height=\"300\" src=\"https:\/\/franciscanos.org.br\/noticias\/wp-content\/uploads\/2024\/10\/IMG-20241004-WA0003-300x300.jpg\" class=\"attachment-thumbnail size-thumbnail\" alt=\"\" loading=\"lazy\" srcset=\"https:\/\/franciscanos.org.br\/noticias\/wp-content\/uploads\/2024\/10\/IMG-20241004-WA0003-300x300.jpg 300w, https:\/\/franciscanos.org.br\/noticias\/wp-content\/uploads\/2024\/10\/IMG-20241004-WA0003-100x100.jpg 100w\" sizes=\"(max-width: 300px) 100vw, 300px\" \/><\/a>\n\t\t\t<\/dt><\/dl><dl class='gallery-item'>\n\t\t\t<dt class='gallery-icon portrait'>\n\t\t\t\t<a href='https:\/\/franciscanos.org.br\/noticias\/wp-content\/uploads\/2024\/10\/IMG-20241004-WA0004.jpg'><img width=\"300\" height=\"300\" src=\"https:\/\/franciscanos.org.br\/noticias\/wp-content\/uploads\/2024\/10\/IMG-20241004-WA0004-300x300.jpg\" class=\"attachment-thumbnail size-thumbnail\" alt=\"\" loading=\"lazy\" srcset=\"https:\/\/franciscanos.org.br\/noticias\/wp-content\/uploads\/2024\/10\/IMG-20241004-WA0004-300x300.jpg 300w, https:\/\/franciscanos.org.br\/noticias\/wp-content\/uploads\/2024\/10\/IMG-20241004-WA0004-100x100.jpg 100w\" sizes=\"(max-width: 300px) 100vw, 300px\" \/><\/a>\n\t\t\t<\/dt><\/dl><br style=\"clear: both\" \/>\n\t\t<\/div>\n\n<p><span style=\"font-weight: 400;\"><img loading=\"lazy\" class=\"wp-image-251229 size-thumbnail alignright\" src=\"https:\/\/franciscanos.org.br\/noticias\/wp-content\/uploads\/2024\/10\/IMG-20241004-WA0008-300x300.jpg\" alt=\"\" width=\"300\" height=\"300\" srcset=\"https:\/\/franciscanos.org.br\/noticias\/wp-content\/uploads\/2024\/10\/IMG-20241004-WA0008-300x300.jpg 300w, https:\/\/franciscanos.org.br\/noticias\/wp-content\/uploads\/2024\/10\/IMG-20241004-WA0008-100x100.jpg 100w\" sizes=\"(max-width: 300px) 100vw, 300px\" \/>A celebra\u00e7\u00e3o, com o Of\u00edcio das Primeiras V\u00e9speras da Solenidade de S\u00e3o Francisco, foi dirigida por Frei Felipe Medeiros Carretta, o\u00a0 mais jovem da Fraternidade do Convento. Frei Jos\u00e9 Pereira proclamou a Leitura das Fontes Franciscanas em que o bi\u00f3grafo, Frei Tom\u00e1s de Celano, narra a emocionante passagem dos \u00faltimos momentos de S\u00e3o Francisco neste mundo. Em sua reflex\u00e3o, Frei Felipe recordou uma s\u00e9rie de atitudes e qualidades que fizeram de Francisco esta figura que segue como refer\u00eancia para a Igreja e para a humanidade. \u201cEnfim, Deus quis marcar Francisco e a nossa hist\u00f3ria, para que possamos compreender e entender que o amor pode ser amado! Marcas que brotam fidelidade no seguimento. Francisco \u00e9 tornado para n\u00f3s o vislumbre da possibilidade do final do caminho. Sem romantizar, Francisco \u00e9 a clara vis\u00e3o que o ideal crist\u00e3o \u00e9 poss\u00edvel de ser vivido e partilhado\u201d, destacou\u00a0 \u00a0o frade<\/span><span style=\"font-weight: 400;\">.<\/span><\/p>\n<p><span style=\"font-weight: 400;\">\u00a0<\/span><span style=\"font-weight: 400;\">Enquanto o Coral das Meninas entoava o Tr\u00e2nsito, a igreja ficou em meia luz e todos, em p\u00e9, acompanharam segurando velas acesas, mostrando a f\u00e9 na ressurrei\u00e7\u00e3o que ilumina a esperan\u00e7a crist\u00e3. Logo ap\u00f3s a b\u00ean\u00e7\u00e3o final, dada pelo Guardi\u00e3o do Convento, Frei Walter Ferreira Junior, com a Rel\u00edquia de S\u00e3o Francisco, todos os presentes se dirigiram ao claustro do Convento numa Prociss\u00e3o Luminosa. Ao som do cl\u00e1ssico \u201cDoce \u00e9 Sentir\u201d, os participantes da celebra\u00e7\u00e3o se colocaram diante da Capela do Tr\u00e2nsito de S\u00e3o Francisco, que retrata a cena que haviam acabado de celebrar.<\/span><\/p>\n<p><b><img loading=\"lazy\" class=\"wp-image-251234 size-thumbnail alignleft\" src=\"https:\/\/franciscanos.org.br\/noticias\/wp-content\/uploads\/2024\/10\/IMG-20241004-WA0033-300x300.jpg\" alt=\"\" width=\"300\" height=\"300\" srcset=\"https:\/\/franciscanos.org.br\/noticias\/wp-content\/uploads\/2024\/10\/IMG-20241004-WA0033-300x300.jpg 300w, https:\/\/franciscanos.org.br\/noticias\/wp-content\/uploads\/2024\/10\/IMG-20241004-WA0033-100x100.jpg 100w\" sizes=\"(max-width: 300px) 100vw, 300px\" \/>Encerramento do Tr\u00edduo contou com b\u00ean\u00e7\u00e3o do \u201cmascote do Convento\u201d<\/b><\/p>\n<p><span style=\"font-weight: 400;\">No terceiro e \u00faltimo dia do Tr\u00edduo em prepara\u00e7\u00e3o \u00e0 Festa de S\u00e3o Francisco, na celebra\u00e7\u00e3o \u00e0s 12h, na quinta, dia 03, Frei Luiz Colossi ligou o tema do dia, \u201cOra\u00e7\u00e3o e Miss\u00e3o: disc\u00edpulos-mission\u00e1rios da esperan\u00e7a\u201d, com a postura cultivada por Francisco de gratid\u00e3o e louvor a Deus pelos dons da Cria\u00e7\u00e3o. <\/span><\/p>\n<p><span style=\"font-weight: 400;\">Num bonito arranjo disposto junto ao altar, foram colocados a Cruz, a B\u00edblia e a imagem de S\u00e3o Francisco. Durante a homilia, Frei Colossi pediu que alguns fi\u00e9is presentes fossem completando a cena com outros elementos: a imagem do Menino Jesus, depositada delicadamente na manjedoura que j\u00e1 estava preparada, a terra, o fogo, a \u00e1gua e o ar. Este \u00faltimo elemento representado por algumas bexigas brancas. Ao final da reflex\u00e3o, uma surpresa: o vira-lata caramelo Le\u00e3o, mascote da Fraternidade do Convento, foi trazido \u00e0 Igreja para receber uma b\u00ean\u00e7\u00e3o representando todos os animais.<\/span><\/p>\n<p>&#8212;&#8212;&#8212;&#8212;&#8212;&#8212;&#8212;&#8212;&#8212;&#8212;&#8212;&#8212;&#8212;&#8212;&#8212;&#8212;&#8212;&#8212;&#8212;&#8212;&#8212;&#8212;&#8212;-<\/p>\n<p><em>Leia abaixo a reflex\u00e3o do Frei Felipe Medeiros Carreta preparada para o Tr\u00e2nsito de S\u00e3o Francisco<\/em><\/p>\n<p style=\"text-align: center;\"><strong>Solenidade de nosso Ser\u00e1fico Pai S\u00e3o Francisco de Assis I V\u00e9speras\u00a0<\/strong><\/p>\n<p><span style=\"font-weight: 400;\">Caros irm\u00e3os e irm\u00e3s! A todos a nossa sauda\u00e7\u00e3o franciscana de Paz e Bem! Viva S\u00e3o Francisco!<\/span><\/p>\n<p><span style=\"font-weight: 400;\">Com grande alegria nos reunimos como fam\u00edlia, ao redor da mesa do Senhor, neste of\u00edcio solene das I V\u00e9speras da solenidade de S\u00e3o Francisco, para celebrar a vida e a hist\u00f3ria deste homem que inspira a todos: Francisco de Assis. Celebrar sua vida e morte \u00e9 trazer ao cora\u00e7\u00e3o todo o seu legado.<\/span><\/p>\n<p><span style=\"font-weight: 400;\">Fazer mem\u00f3ria deste santo homem feito ora\u00e7\u00e3o \u00e9 trazer vida \u00e0 nossa espiritualidade e\u00a0 ao nosso modo de ser no mundo (franciscanos). Francisco nos encanta e nos compromete,\u00a0 nos ilumina e nos impulsiona a iluminar, nos mostra o caminho e nos ajuda a caminhar, porque sua vida foi simples e grandiosa, por\u00e9m, cheias de decis\u00f5es que vislumbram e apontam a vida do Cristo pobre, humilde e crucificado (nosso modo de seguimento).<\/span><\/p>\n<p><span style=\"font-weight: 400;\">Estamos aqui hoje, neste dia em que fazemos mem\u00f3ria de seu tr\u00e2nsito, sua passagem, sua P\u00e1scoa, no meio dos Jubileus do final de sua vida, para enaltecer suas marcas no mundo. Marcas que foram o pr\u00f3prio Deus que assim o quis: Marcas de sangue, cujo Jubileu das Chagas do Serafim Alado, que celebramos h\u00e1 pouco; marcas da vida nova, cujo jubileu celebramos no ano passado da Regra dos Frades Menores; marcas do amor encarnado, celebradas no jubilei do Pres\u00e9pio de <\/span><i><span style=\"font-weight: 400;\">Greccio, em 2023<\/span><\/i><span style=\"font-weight: 400;\">; marcas da sensibilidade do olhar amoroso na Cria\u00e7\u00e3o de Deus, cujo jubileu celebraremos no ano que vem, com o C\u00e2ntico das Criaturas e a marca da vit\u00f3ria, resultante de sua morte, que ser\u00e1 a \u00faltima celebra\u00e7\u00e3o dos jubileus.<\/span><\/p>\n<p><span style=\"font-weight: 400;\">Enfim, Deus quis marcar, Francisco e a nossa hist\u00f3ria para que possamos compreender e entender que o amor pode ser amado! Marcas que brotam fidelidade no seguimento. Francisco \u00e9 tornado para n\u00f3s o vislumbre da possibilidade do final do caminho, sem romantizar, Francisco \u00e9 a clara vis\u00e3o que o ideal crist\u00e3o \u00e9 poss\u00edvel de ser vivido e partilhado.<\/span><\/p>\n<p><span style=\"font-weight: 400;\">Todas essas marcas n\u00e3o foram fatos isolados na vida de Francisco, muito pelo contr\u00e1rio, estas marcas demonstram toda a assimila\u00e7\u00e3o de uma vida inteira dedicada ao Sumo Bem. Desde aquele incomodo salutar indo para a batalha de <\/span><i><span style=\"font-weight: 400;\">Perugia, <\/span><\/i><span style=\"font-weight: 400;\">desde aquele encontro com o Evangelho, desde o encontro derradeiro com o crucifixo de S\u00e3o Dami\u00e3o, desde o encontro com o leproso, desde todos os encontros de Francisco marcas foram criadas e para n\u00f3s fica sempre o convite de seguir tal assimila\u00e7\u00e3o.<\/span><\/p>\n<p>Celebrar o tr\u00e2nsito de S\u00e3o Francisco \u00e9 para n\u00f3s a possibilidade de reviver tal momento de sua vida e a esperan\u00e7a da possibilidade de viv\u00eancia de seus ideais. Celebrar os jubileus de sua vida \u00e9 a garantia de que o Senhor Jesus amparou o pobre de Assis e continua a nos liberar gra\u00e7as para a nossa vida e a vida de nossas fraternidades.<\/p>\n<p><span style=\"font-weight: 400;\">O servo humilde do Senhor sempre esteve muito atento e ligado com a Igreja de Roma, sempre quis ter por perto um cardeal protetor de sua Ordem, para garantir a catolicidade dos frades e de seu movimento. Desta forma, n\u00f3s tamb\u00e9m queremos estar ligados com a Igreja, por isso, o tema de nosso tr\u00edduo preparat\u00f3rio foi: \u201cFrancisco: Homem feito ora\u00e7\u00e3o, peregrino da Esperan\u00e7a\u201d.<\/span><\/p>\n<p><span style=\"font-weight: 400;\">Deste modo a primeira ant\u00edfona que cantamos neste of\u00edcio: \u201c<\/span><i><span style=\"font-weight: 400;\">Francisco, homem cat\u00f3lico e todo apost\u00f3lico por Deus foi enviado, a fim de preparar o Evangelho da Paz\u201d<\/span><\/i><span style=\"font-weight: 400;\">, nos introduz no mist\u00e9rio que foi a sua vida e assimila\u00e7\u00e3o da intui\u00e7\u00e3o \u00e0 vida nova. E nos fica a pergunta: Qual seria a novidade do Evangelho da Paz sugerida por Francisco?<\/span><\/p>\n<p><span style=\"font-weight: 400;\">Creio que a novidade est\u00e1 no modo de se ler a realidade que nos circunda, o olhar sens\u00edvel, o olhar fraterno, o olhar amoroso, o olhar da minoridade. Esta novidade \u00e9 que fez e faz do <\/span><i><span style=\"font-weight: 400;\">poverello <\/span><\/i><span style=\"font-weight: 400;\">de Assis ser t\u00e3o atual. Francisco nos faz, sempre de novo e mais uma vez, ser e viver tal como Jesus Cristo viveu.<\/span><\/p>\n<p><span style=\"font-weight: 400;\">E, assim, voltamos a primeira linha de nossa forma de vida: \u201cA regra e a vida dos frades menores \u00e9 esta: observar o santo Evangelho de Nosso Senhor Jesus Cristo\u201d. Eis meus irm\u00e3os o Evangelho da Paz.<\/span><\/p>\n<p><span style=\"font-weight: 400;\">Uma outra chave de leitura \u00e9 que a vida de nosso Pai Francisco sempre foi um sustento, assim cantamos na segunda ant\u00edfona: \u201cEm sua vida sustentou a casa do Senhor e durante os seus dias o templo restaurou\u201d. Ouso em afirmar que Francisco fora a outra face da pedra angular, pois a primeira \u00e9 Nosso Senhor Jesus Cristo Ressuscitado. Francisco ao escutar: \u201cVai e reconstr\u00f3i a minha Igreja\u201d, literalmente vai reconstruindo capelas com as pr\u00f3prias m\u00e3os, por\u00e9m, a casa do Senhor que precisava ser restaurada n\u00e3o era de pedra, mas sim, a Igreja do cora\u00e7\u00e3o, que estava perdida e sem amor. Francisco reconstr\u00f3i a Igreja do e no cora\u00e7\u00e3o da humanidade, sua reconstru\u00e7\u00e3o abre o novo, \u00e9 um apelo do pr\u00f3prio Esp\u00edrito.<\/span><\/p>\n<p><span style=\"font-weight: 400;\">A necessidade da mudan\u00e7a \u00e9 o olhar mais atento aos pobres e marginalizados. A reconstru\u00e7\u00e3o come\u00e7a a partir de n\u00f3s mesmos, e este \u00e9 o convite de Francisco para n\u00f3s hoje. Por isso, que em sua vida ele sustentou a casa do Senhor, n\u00e3o a do templo, mas a casa do cora\u00e7\u00e3o.<\/span><\/p>\n<p><span style=\"font-weight: 400;\">Um elemento fundamental na vida desse santo foi a ora\u00e7\u00e3o. Francisco sempre vivia em esp\u00edrito de ora\u00e7\u00e3o, ele era a ora\u00e7\u00e3o encarnada.<\/span><\/p>\n<p><span style=\"font-weight: 400;\">Tudo isso que estamos refletindo <\/span><span style=\"font-weight: 400;\">e vivendo, tem sua raiz na ora\u00e7\u00e3o. Ele atendeu e entendeu perfeitamente o mandato do Senhor: &#8220;Orai e vigiai&#8221;. Vigiar para que nada do \u201cmundo\u201d o tirasse deste estado contemplativo e ativo na miss\u00e3o. Tal esp\u00edrito lhe concedeu a sensibilidade para com as coisas, pois nada em Francisco acontece por acaso, toda sua vida \u00e9 um reflexo do Sumo Bem.<\/span><\/p>\n<p>Francisco n\u00e3o quer atrair nada para si, mas quer levar a todos para Deus. Da mesma forma, Ele tamb\u00e9m quer\u00a0 lev\u00e1-lo para o Alt\u00edssimo. Desta forma, o nosso tema da festa deste ano nos ajuda a bem viver e a entrar no clima do Jubileu da Igreja: o Jubileu da Esperan\u00e7a. Ora\u00e7\u00e3o e esperan\u00e7a, sin\u00f4nimos da vida de nosso amado Francisco. Coincid\u00eancia ou n\u00e3o, estamos nos melhores dias de nossa eclesialidade franciscana.<\/p>\n<p><span style=\"font-weight: 400;\">Francisco, hoje tu partes para o seu t\u00e3o aguardado encontro, sua vida foi de encontros. Agora tu encontras quem tanto viveu e anunciou. Ajudai-nos a sermos fi\u00e9is em nossos encontros, sermos pessoas de ora\u00e7\u00e3o, capazes de anunciar sempre a esperan\u00e7a de um mundo mais fraterno, mais amoroso e, principalmente, mais respeitoso. Am\u00e9m!<\/span><\/p>\n<hr \/>\n<p>Equipe de Comunica\u00e7\u00e3o Convento Santo Ant\u00f4nio do Largo da Carioca<\/p>\n","protected":false},"excerpt":{"rendered":"<p>Festa de S\u00e3o Francisco<\/p>\n","protected":false},"author":11,"featured_media":251224,"comment_status":"open","ping_status":"open","sticky":false,"template":"","format":"standard","meta":[],"categories":[1],"tags":[2221,2171],"acf":[],"yoast_head":"<!-- This site is optimized with the Yoast SEO plugin v19.2 - https:\/\/yoast.com\/wordpress\/plugins\/seo\/ -->\n<title>Convento Santo Ant\u00f4nio celebra o tr\u00e2nsito de S\u00e3o Francisco - Not\u00edcias - Franciscanos<\/title>\n<meta name=\"robots\" content=\"index, follow, max-snippet:-1, max-image-preview:large, max-video-preview:-1\" \/>\n<link rel=\"canonical\" href=\"https:\/\/franciscanos.org.br\/noticias\/convento-santo-antonio-celebra-o-transito-de-sao-francisco.html\" \/>\n<meta property=\"og:locale\" content=\"pt_BR\" \/>\n<meta property=\"og:type\" content=\"article\" \/>\n<meta property=\"og:title\" content=\"Convento Santo Ant\u00f4nio celebra o tr\u00e2nsito de S\u00e3o Francisco - Not\u00edcias - Franciscanos\" \/>\n<meta property=\"og:description\" content=\"Festa de S\u00e3o Francisco\" \/>\n<meta property=\"og:url\" content=\"https:\/\/franciscanos.org.br\/noticias\/convento-santo-antonio-celebra-o-transito-de-sao-francisco.html\" \/>\n<meta property=\"og:site_name\" content=\"Not\u00edcias - Franciscanos\" \/>\n<meta property=\"article:published_time\" content=\"2024-10-04T18:41:17+00:00\" \/>\n<meta property=\"article:modified_time\" content=\"2024-10-04T20:14:25+00:00\" \/>\n<meta property=\"og:image\" content=\"https:\/\/franciscanos.org.br\/noticias\/wp-content\/uploads\/2024\/10\/CHAMADA-3.jpg\" \/>\n\t<meta property=\"og:image:width\" content=\"800\" \/>\n\t<meta property=\"og:image:height\" content=\"550\" \/>\n\t<meta property=\"og:image:type\" content=\"image\/jpeg\" \/>\n<meta name=\"author\" content=\"Adriana Rabelo\" \/>\n<meta name=\"twitter:card\" content=\"summary_large_image\" \/>\n<meta name=\"twitter:label1\" content=\"Escrito por\" \/>\n\t<meta name=\"twitter:data1\" content=\"Adriana Rabelo\" \/>\n\t<meta name=\"twitter:label2\" content=\"Est. tempo de leitura\" \/>\n\t<meta name=\"twitter:data2\" content=\"9 minutos\" \/>\n<script type=\"application\/ld+json\" class=\"yoast-schema-graph\">{\"@context\":\"https:\/\/schema.org\",\"@graph\":[{\"@type\":\"WebSite\",\"@id\":\"https:\/\/franciscanos.org.br\/noticias\/#website\",\"url\":\"https:\/\/franciscanos.org.br\/noticias\/\",\"name\":\"Not\u00edcias - Franciscanos\",\"description\":\"Prov\u00edncia Franciscana da Imaculada Concei\u00e7\u00e3o do Brasil - Ordem dos Frades Menores - OFM\",\"potentialAction\":[{\"@type\":\"SearchAction\",\"target\":{\"@type\":\"EntryPoint\",\"urlTemplate\":\"https:\/\/franciscanos.org.br\/noticias\/?s={search_term_string}\"},\"query-input\":\"required name=search_term_string\"}],\"inLanguage\":\"pt-BR\"},{\"@type\":\"ImageObject\",\"inLanguage\":\"pt-BR\",\"@id\":\"https:\/\/franciscanos.org.br\/noticias\/convento-santo-antonio-celebra-o-transito-de-sao-francisco.html#primaryimage\",\"url\":\"https:\/\/franciscanos.org.br\/noticias\/wp-content\/uploads\/2024\/10\/CHAMADA-3.jpg\",\"contentUrl\":\"https:\/\/franciscanos.org.br\/noticias\/wp-content\/uploads\/2024\/10\/CHAMADA-3.jpg\",\"width\":800,\"height\":550},{\"@type\":\"WebPage\",\"@id\":\"https:\/\/franciscanos.org.br\/noticias\/convento-santo-antonio-celebra-o-transito-de-sao-francisco.html#webpage\",\"url\":\"https:\/\/franciscanos.org.br\/noticias\/convento-santo-antonio-celebra-o-transito-de-sao-francisco.html\",\"name\":\"Convento Santo Ant\u00f4nio celebra o tr\u00e2nsito de S\u00e3o Francisco - Not\u00edcias - Franciscanos\",\"isPartOf\":{\"@id\":\"https:\/\/franciscanos.org.br\/noticias\/#website\"},\"primaryImageOfPage\":{\"@id\":\"https:\/\/franciscanos.org.br\/noticias\/convento-santo-antonio-celebra-o-transito-de-sao-francisco.html#primaryimage\"},\"datePublished\":\"2024-10-04T18:41:17+00:00\",\"dateModified\":\"2024-10-04T20:14:25+00:00\",\"author\":{\"@id\":\"https:\/\/franciscanos.org.br\/noticias\/#\/schema\/person\/d9422e83121c3ad3b0f423d195f5bb25\"},\"breadcrumb\":{\"@id\":\"https:\/\/franciscanos.org.br\/noticias\/convento-santo-antonio-celebra-o-transito-de-sao-francisco.html#breadcrumb\"},\"inLanguage\":\"pt-BR\",\"potentialAction\":[{\"@type\":\"ReadAction\",\"target\":[\"https:\/\/franciscanos.org.br\/noticias\/convento-santo-antonio-celebra-o-transito-de-sao-francisco.html\"]}]},{\"@type\":\"BreadcrumbList\",\"@id\":\"https:\/\/franciscanos.org.br\/noticias\/convento-santo-antonio-celebra-o-transito-de-sao-francisco.html#breadcrumb\",\"itemListElement\":[{\"@type\":\"ListItem\",\"position\":1,\"name\":\"Home\",\"item\":\"https:\/\/franciscanos.org.br\/noticias\"},{\"@type\":\"ListItem\",\"position\":2,\"name\":\"Convento Santo Ant\u00f4nio celebra o tr\u00e2nsito de S\u00e3o Francisco\"}]},{\"@type\":\"Person\",\"@id\":\"https:\/\/franciscanos.org.br\/noticias\/#\/schema\/person\/d9422e83121c3ad3b0f423d195f5bb25\",\"name\":\"Adriana Rabelo\",\"image\":{\"@type\":\"ImageObject\",\"inLanguage\":\"pt-BR\",\"@id\":\"https:\/\/franciscanos.org.br\/noticias\/#\/schema\/person\/image\/\",\"url\":\"https:\/\/secure.gravatar.com\/avatar\/0a937b7500cd7df77540cfb8bede877d?s=96&d=mm&r=g\",\"contentUrl\":\"https:\/\/secure.gravatar.com\/avatar\/0a937b7500cd7df77540cfb8bede877d?s=96&d=mm&r=g\",\"caption\":\"Adriana Rabelo\"},\"url\":\"https:\/\/franciscanos.org.br\/noticias\/author\/adrianarabelo\"}]}<\/script>\n<!-- \/ Yoast SEO plugin. -->","yoast_head_json":{"title":"Convento Santo Ant\u00f4nio celebra o tr\u00e2nsito de S\u00e3o Francisco - Not\u00edcias - Franciscanos","robots":{"index":"index","follow":"follow","max-snippet":"max-snippet:-1","max-image-preview":"max-image-preview:large","max-video-preview":"max-video-preview:-1"},"canonical":"https:\/\/franciscanos.org.br\/noticias\/convento-santo-antonio-celebra-o-transito-de-sao-francisco.html","og_locale":"pt_BR","og_type":"article","og_title":"Convento Santo Ant\u00f4nio celebra o tr\u00e2nsito de S\u00e3o Francisco - Not\u00edcias - Franciscanos","og_description":"Festa de S\u00e3o Francisco","og_url":"https:\/\/franciscanos.org.br\/noticias\/convento-santo-antonio-celebra-o-transito-de-sao-francisco.html","og_site_name":"Not\u00edcias - Franciscanos","article_published_time":"2024-10-04T18:41:17+00:00","article_modified_time":"2024-10-04T20:14:25+00:00","og_image":[{"width":800,"height":550,"url":"https:\/\/franciscanos.org.br\/noticias\/wp-content\/uploads\/2024\/10\/CHAMADA-3.jpg","type":"image\/jpeg"}],"author":"Adriana Rabelo","twitter_card":"summary_large_image","twitter_misc":{"Escrito por":"Adriana Rabelo","Est. tempo de leitura":"9 minutos"},"schema":{"@context":"https:\/\/schema.org","@graph":[{"@type":"WebSite","@id":"https:\/\/franciscanos.org.br\/noticias\/#website","url":"https:\/\/franciscanos.org.br\/noticias\/","name":"Not\u00edcias - Franciscanos","description":"Prov\u00edncia Franciscana da Imaculada Concei\u00e7\u00e3o do Brasil - Ordem dos Frades Menores - OFM","potentialAction":[{"@type":"SearchAction","target":{"@type":"EntryPoint","urlTemplate":"https:\/\/franciscanos.org.br\/noticias\/?s={search_term_string}"},"query-input":"required name=search_term_string"}],"inLanguage":"pt-BR"},{"@type":"ImageObject","inLanguage":"pt-BR","@id":"https:\/\/franciscanos.org.br\/noticias\/convento-santo-antonio-celebra-o-transito-de-sao-francisco.html#primaryimage","url":"https:\/\/franciscanos.org.br\/noticias\/wp-content\/uploads\/2024\/10\/CHAMADA-3.jpg","contentUrl":"https:\/\/franciscanos.org.br\/noticias\/wp-content\/uploads\/2024\/10\/CHAMADA-3.jpg","width":800,"height":550},{"@type":"WebPage","@id":"https:\/\/franciscanos.org.br\/noticias\/convento-santo-antonio-celebra-o-transito-de-sao-francisco.html#webpage","url":"https:\/\/franciscanos.org.br\/noticias\/convento-santo-antonio-celebra-o-transito-de-sao-francisco.html","name":"Convento Santo Ant\u00f4nio celebra o tr\u00e2nsito de S\u00e3o Francisco - Not\u00edcias - Franciscanos","isPartOf":{"@id":"https:\/\/franciscanos.org.br\/noticias\/#website"},"primaryImageOfPage":{"@id":"https:\/\/franciscanos.org.br\/noticias\/convento-santo-antonio-celebra-o-transito-de-sao-francisco.html#primaryimage"},"datePublished":"2024-10-04T18:41:17+00:00","dateModified":"2024-10-04T20:14:25+00:00","author":{"@id":"https:\/\/franciscanos.org.br\/noticias\/#\/schema\/person\/d9422e83121c3ad3b0f423d195f5bb25"},"breadcrumb":{"@id":"https:\/\/franciscanos.org.br\/noticias\/convento-santo-antonio-celebra-o-transito-de-sao-francisco.html#breadcrumb"},"inLanguage":"pt-BR","potentialAction":[{"@type":"ReadAction","target":["https:\/\/franciscanos.org.br\/noticias\/convento-santo-antonio-celebra-o-transito-de-sao-francisco.html"]}]},{"@type":"BreadcrumbList","@id":"https:\/\/franciscanos.org.br\/noticias\/convento-santo-antonio-celebra-o-transito-de-sao-francisco.html#breadcrumb","itemListElement":[{"@type":"ListItem","position":1,"name":"Home","item":"https:\/\/franciscanos.org.br\/noticias"},{"@type":"ListItem","position":2,"name":"Convento Santo Ant\u00f4nio celebra o tr\u00e2nsito de S\u00e3o Francisco"}]},{"@type":"Person","@id":"https:\/\/franciscanos.org.br\/noticias\/#\/schema\/person\/d9422e83121c3ad3b0f423d195f5bb25","name":"Adriana Rabelo","image":{"@type":"ImageObject","inLanguage":"pt-BR","@id":"https:\/\/franciscanos.org.br\/noticias\/#\/schema\/person\/image\/","url":"https:\/\/secure.gravatar.com\/avatar\/0a937b7500cd7df77540cfb8bede877d?s=96&d=mm&r=g","contentUrl":"https:\/\/secure.gravatar.com\/avatar\/0a937b7500cd7df77540cfb8bede877d?s=96&d=mm&r=g","caption":"Adriana Rabelo"},"url":"https:\/\/franciscanos.org.br\/noticias\/author\/adrianarabelo"}]}},"_links":{"self":[{"href":"https:\/\/franciscanos.org.br\/noticias\/wp-json\/wp\/v2\/posts\/251222"}],"collection":[{"href":"https:\/\/franciscanos.org.br\/noticias\/wp-json\/wp\/v2\/posts"}],"about":[{"href":"https:\/\/franciscanos.org.br\/noticias\/wp-json\/wp\/v2\/types\/post"}],"author":[{"embeddable":true,"href":"https:\/\/franciscanos.org.br\/noticias\/wp-json\/wp\/v2\/users\/11"}],"replies":[{"embeddable":true,"href":"https:\/\/franciscanos.org.br\/noticias\/wp-json\/wp\/v2\/comments?post=251222"}],"version-history":[{"count":8,"href":"https:\/\/franciscanos.org.br\/noticias\/wp-json\/wp\/v2\/posts\/251222\/revisions"}],"predecessor-version":[{"id":251243,"href":"https:\/\/franciscanos.org.br\/noticias\/wp-json\/wp\/v2\/posts\/251222\/revisions\/251243"}],"wp:featuredmedia":[{"embeddable":true,"href":"https:\/\/franciscanos.org.br\/noticias\/wp-json\/wp\/v2\/media\/251224"}],"wp:attachment":[{"href":"https:\/\/franciscanos.org.br\/noticias\/wp-json\/wp\/v2\/media?parent=251222"}],"wp:term":[{"taxonomy":"category","embeddable":true,"href":"https:\/\/franciscanos.org.br\/noticias\/wp-json\/wp\/v2\/categories?post=251222"},{"taxonomy":"post_tag","embeddable":true,"href":"https:\/\/franciscanos.org.br\/noticias\/wp-json\/wp\/v2\/tags?post=251222"}],"curies":[{"name":"wp","href":"https:\/\/api.w.org\/{rel}","templated":true}]}}