{"id":251189,"date":"2024-10-03T16:02:37","date_gmt":"2024-10-03T19:02:37","guid":{"rendered":"https:\/\/franciscanos.org.br\/noticias\/?p=251189"},"modified":"2024-10-03T17:01:02","modified_gmt":"2024-10-03T20:01:02","slug":"mensagem-do-ministro-provincial-para-a-festa-de-sao-francisco","status":"publish","type":"post","link":"https:\/\/franciscanos.org.br\/noticias\/mensagem-do-ministro-provincial-para-a-festa-de-sao-francisco.html","title":{"rendered":"Mensagem do Ministro provincial para a Festa de S\u00e3o Francisco"},"content":{"rendered":"<p><img loading=\"lazy\" class=\"aligncenter wp-image-251191 size-full\" src=\"https:\/\/franciscanos.org.br\/noticias\/wp-content\/uploads\/2024\/10\/WhatsApp-Image-2024-10-03-at-15.54.30.jpeg\" alt=\"\" width=\"1280\" height=\"720\" srcset=\"https:\/\/franciscanos.org.br\/noticias\/wp-content\/uploads\/2024\/10\/WhatsApp-Image-2024-10-03-at-15.54.30.jpeg 1280w, https:\/\/franciscanos.org.br\/noticias\/wp-content\/uploads\/2024\/10\/WhatsApp-Image-2024-10-03-at-15.54.30-450x253.jpeg 450w, https:\/\/franciscanos.org.br\/noticias\/wp-content\/uploads\/2024\/10\/WhatsApp-Image-2024-10-03-at-15.54.30-1024x576.jpeg 1024w, https:\/\/franciscanos.org.br\/noticias\/wp-content\/uploads\/2024\/10\/WhatsApp-Image-2024-10-03-at-15.54.30-768x432.jpeg 768w, https:\/\/franciscanos.org.br\/noticias\/wp-content\/uploads\/2024\/10\/WhatsApp-Image-2024-10-03-at-15.54.30-150x84.jpeg 150w\" sizes=\"(max-width: 1280px) 100vw, 1280px\" \/><\/p>\n<p>Caros irm\u00e3os e irm\u00e3s,<\/p>\n<p>o Senhor vos d\u00ea a Paz.<\/p>\n<p>A cada ano podemos nos alegrar e, agradecidos, louvar a Deus por nos ter dado o vigoroso exemplo de santidade de S\u00e3o Francisco de Assis. A ocasi\u00e3o de sua festa nos traz \u00e0 mem\u00f3ria as muitas virtudes que ele descobriu e viveu ao longo de sua exist\u00eancia. Na celebra\u00e7\u00e3o da Solenidade do Santo de Assis, n\u00e3o nos esque\u00e7amos de dar aten\u00e7\u00e3o ao que ele mesmo deixou como alerta \u201c\u00e9, pois, uma grande vergonha para n\u00f3s, servos de Deus, que os santos tenham praticado tais obras e n\u00f3s querermos receber gl\u00f3ria e honra somente por contar e pregar o que eles fizeram\u201d (Ad 6).<\/p>\n<p>Celebrar o dia do santo e renovar o compromisso com a santidade em n\u00f3s mesmos e nas pessoas a nosso redor. Este dever\u00e1 ser o sentido da celebra\u00e7\u00e3o.<\/p>\n<p>Numa das suas Exorta\u00e7\u00f5es Apost\u00f3licas, o Papa Francisco abordou o tema da santidade poss\u00edvel, ou a santidade necess\u00e1ria ao nosso dia a dia. Para esclarecer este tema, h\u00e1 uma historieta bastante conhecida: Conta-se que um homem estava morrendo e come\u00e7ou a pedir a chave do C\u00e9u. Trouxeram imagens dos seus santos de devo\u00e7\u00e3o, trouxeram uma B\u00edblia, trouxeram uma vela&#8230; e ele continuava pedindo a chave do C\u00e9u. At\u00e9 que, enfim, algu\u00e9m se lembrou que, durante os muitos anos da sua vida, aquele homem tinha sido alfaiate. Foi, ent\u00e3o, que lhe trouxeram a tesoura e a agulha com a linha. Nesta hora ele estreitou sobre o peito os instrumentos que, diariamente, fizeram parte do seu trabalho e foram sinais de dedica\u00e7\u00e3o e cuidado. A partir da\u00ed ele serenou-se e morreu em paz.<\/p>\n<p>Ainda que os hagi\u00f3grafos tenham multiplicado os milagres de S\u00e3o Francisco, sabemos que o caminho de santidade que ele escolheu n\u00e3o se baseou em atitudes extraordin\u00e1rias; ao contr\u00e1rio, ele preferiu o caminho das coisas pequenas, insignificantes e at\u00e9 desprez\u00edveis. Ao inv\u00e9s da gl\u00f3ria reservada aos vitoriosos guerreiros, escolheu o servi\u00e7o e a conviv\u00eancia com os leprosos; ao inv\u00e9s de roupas adornadas e coloridas, escolheu a simplicidade monocrom\u00e1tica das vestimentas dos pobres; ao inv\u00e9s dos privil\u00e9gios dos superiores, escolheu a submiss\u00e3o ao novi\u00e7o da primeira hora&#8230;<\/p>\n<p><iframe loading=\"lazy\" title=\"Mensagem do Ministro Provincial - Frei Paulo Roberto Pereira | Dia de S\u00e3o Francisco de Assis\" width=\"500\" height=\"281\" src=\"https:\/\/www.youtube.com\/embed\/V41V1AJ1KJA?feature=oembed\" frameborder=\"0\" allow=\"accelerometer; autoplay; clipboard-write; encrypted-media; gyroscope; picture-in-picture; web-share\" referrerpolicy=\"strict-origin-when-cross-origin\" allowfullscreen><\/iframe><\/p>\n<p>Santidade poss\u00edvel, santidade necess\u00e1ria, santidade ao alcance das nossas d\u00e9beis m\u00e3os.<\/p>\n<p>Santidade a ser buscada a partir da vida di\u00e1ria das nossas fraternidades. Aqui cabe um alerta feito pelo Papa Francisco: \u201cO santo n\u00e3o gasta as suas energias a lamentar-se dos erros alheios, \u00e9 capaz de guardar sil\u00eancio sobre os defeitos dos seus irm\u00e3os e evita a viol\u00eancia verbal que destr\u00f3i e maltrata, porque n\u00e3o se julga digno de ser duro com os outros, mas os considera superiores a si pr\u00f3prio\u201d.<\/p>\n<p>Santidade poss\u00edvel, santidade necess\u00e1ria, santidade que d\u00e1 qualidade \u00e0 nossa conviv\u00eancia.<\/p>\n<p>Al\u00e9m dos exemplos de S\u00e3o Francisco que nos estimulam a buscar a santidade na simplicidade do dia a dia e tamb\u00e9m na vida em fraternidade, h\u00e1 muito o que com aprender na dedica\u00e7\u00e3o \u00e0 miss\u00e3o. Sua predile\u00e7\u00e3o pelos pobres, seu desejo de apostolado que o fez itinerante, a escolha por palavras simples e gestos concretos, garantiam credibilidade \u00e0 sua prega\u00e7\u00e3o. O compromisso com o Evangelho e com as escolhas de Jesus alcan\u00e7aram-lhe distin\u00e7\u00e3o. Sua ora\u00e7\u00e3o intensa o fez experimentar a intimidade com o Senhor.<\/p>\n<p>Santidade poss\u00edvel, santidade necess\u00e1ria, santidade que garante fecundidade \u00e0s sementes do Evangelho.<\/p>\n<p>S\u00e3o Francisco inaugurou o caminho. Sem temor, com determina\u00e7\u00e3o e confian\u00e7a, sigamos seus passos.<\/p>\n<p>Boas festas.<\/p>\n<p>Paz e Bem.<\/p>\n<hr \/>\n<p><em>\u00a0Ministro provincial , <\/em><em>Frei Paulo Roberto Pereira<\/em><\/p>\n","protected":false},"excerpt":{"rendered":"<p>Frei Paulo Roberto Pereira<\/p>\n","protected":false},"author":11,"featured_media":251190,"comment_status":"open","ping_status":"open","sticky":false,"template":"","format":"standard","meta":[],"categories":[1],"tags":[1537,1856],"acf":[],"yoast_head":"<!-- This site is optimized with the Yoast SEO plugin v19.2 - https:\/\/yoast.com\/wordpress\/plugins\/seo\/ -->\n<title>Mensagem do Ministro provincial para a Festa de S\u00e3o Francisco - Not\u00edcias - Franciscanos<\/title>\n<meta name=\"robots\" content=\"index, follow, max-snippet:-1, max-image-preview:large, max-video-preview:-1\" \/>\n<link rel=\"canonical\" href=\"https:\/\/franciscanos.org.br\/noticias\/mensagem-do-ministro-provincial-para-a-festa-de-sao-francisco.html\" \/>\n<meta property=\"og:locale\" content=\"pt_BR\" \/>\n<meta property=\"og:type\" content=\"article\" \/>\n<meta property=\"og:title\" content=\"Mensagem do Ministro provincial para a Festa de S\u00e3o Francisco - Not\u00edcias - Franciscanos\" \/>\n<meta property=\"og:description\" content=\"Frei Paulo Roberto Pereira\" \/>\n<meta property=\"og:url\" content=\"https:\/\/franciscanos.org.br\/noticias\/mensagem-do-ministro-provincial-para-a-festa-de-sao-francisco.html\" \/>\n<meta property=\"og:site_name\" content=\"Not\u00edcias - Franciscanos\" \/>\n<meta property=\"article:published_time\" content=\"2024-10-03T19:02:37+00:00\" \/>\n<meta property=\"article:modified_time\" content=\"2024-10-03T20:01:02+00:00\" \/>\n<meta property=\"og:image\" content=\"https:\/\/franciscanos.org.br\/noticias\/wp-content\/uploads\/2024\/10\/chamada-mensagem-provincial.jpg\" \/>\n\t<meta property=\"og:image:width\" content=\"800\" \/>\n\t<meta property=\"og:image:height\" content=\"550\" \/>\n\t<meta property=\"og:image:type\" content=\"image\/jpeg\" \/>\n<meta name=\"author\" content=\"Adriana Rabelo\" \/>\n<meta name=\"twitter:card\" content=\"summary_large_image\" \/>\n<meta name=\"twitter:label1\" content=\"Escrito por\" \/>\n\t<meta name=\"twitter:data1\" content=\"Adriana Rabelo\" \/>\n\t<meta name=\"twitter:label2\" content=\"Est. tempo de leitura\" \/>\n\t<meta name=\"twitter:data2\" content=\"3 minutos\" \/>\n<script type=\"application\/ld+json\" class=\"yoast-schema-graph\">{\"@context\":\"https:\/\/schema.org\",\"@graph\":[{\"@type\":\"WebSite\",\"@id\":\"https:\/\/franciscanos.org.br\/noticias\/#website\",\"url\":\"https:\/\/franciscanos.org.br\/noticias\/\",\"name\":\"Not\u00edcias - Franciscanos\",\"description\":\"Prov\u00edncia Franciscana da Imaculada Concei\u00e7\u00e3o do Brasil - Ordem dos Frades Menores - OFM\",\"potentialAction\":[{\"@type\":\"SearchAction\",\"target\":{\"@type\":\"EntryPoint\",\"urlTemplate\":\"https:\/\/franciscanos.org.br\/noticias\/?s={search_term_string}\"},\"query-input\":\"required name=search_term_string\"}],\"inLanguage\":\"pt-BR\"},{\"@type\":\"ImageObject\",\"inLanguage\":\"pt-BR\",\"@id\":\"https:\/\/franciscanos.org.br\/noticias\/mensagem-do-ministro-provincial-para-a-festa-de-sao-francisco.html#primaryimage\",\"url\":\"https:\/\/franciscanos.org.br\/noticias\/wp-content\/uploads\/2024\/10\/chamada-mensagem-provincial.jpg\",\"contentUrl\":\"https:\/\/franciscanos.org.br\/noticias\/wp-content\/uploads\/2024\/10\/chamada-mensagem-provincial.jpg\",\"width\":800,\"height\":550},{\"@type\":\"WebPage\",\"@id\":\"https:\/\/franciscanos.org.br\/noticias\/mensagem-do-ministro-provincial-para-a-festa-de-sao-francisco.html#webpage\",\"url\":\"https:\/\/franciscanos.org.br\/noticias\/mensagem-do-ministro-provincial-para-a-festa-de-sao-francisco.html\",\"name\":\"Mensagem do Ministro provincial para a Festa de S\u00e3o Francisco - Not\u00edcias - Franciscanos\",\"isPartOf\":{\"@id\":\"https:\/\/franciscanos.org.br\/noticias\/#website\"},\"primaryImageOfPage\":{\"@id\":\"https:\/\/franciscanos.org.br\/noticias\/mensagem-do-ministro-provincial-para-a-festa-de-sao-francisco.html#primaryimage\"},\"datePublished\":\"2024-10-03T19:02:37+00:00\",\"dateModified\":\"2024-10-03T20:01:02+00:00\",\"author\":{\"@id\":\"https:\/\/franciscanos.org.br\/noticias\/#\/schema\/person\/d9422e83121c3ad3b0f423d195f5bb25\"},\"breadcrumb\":{\"@id\":\"https:\/\/franciscanos.org.br\/noticias\/mensagem-do-ministro-provincial-para-a-festa-de-sao-francisco.html#breadcrumb\"},\"inLanguage\":\"pt-BR\",\"potentialAction\":[{\"@type\":\"ReadAction\",\"target\":[\"https:\/\/franciscanos.org.br\/noticias\/mensagem-do-ministro-provincial-para-a-festa-de-sao-francisco.html\"]}]},{\"@type\":\"BreadcrumbList\",\"@id\":\"https:\/\/franciscanos.org.br\/noticias\/mensagem-do-ministro-provincial-para-a-festa-de-sao-francisco.html#breadcrumb\",\"itemListElement\":[{\"@type\":\"ListItem\",\"position\":1,\"name\":\"Home\",\"item\":\"https:\/\/franciscanos.org.br\/noticias\"},{\"@type\":\"ListItem\",\"position\":2,\"name\":\"Mensagem do Ministro provincial para a Festa de S\u00e3o Francisco\"}]},{\"@type\":\"Person\",\"@id\":\"https:\/\/franciscanos.org.br\/noticias\/#\/schema\/person\/d9422e83121c3ad3b0f423d195f5bb25\",\"name\":\"Adriana Rabelo\",\"image\":{\"@type\":\"ImageObject\",\"inLanguage\":\"pt-BR\",\"@id\":\"https:\/\/franciscanos.org.br\/noticias\/#\/schema\/person\/image\/\",\"url\":\"https:\/\/secure.gravatar.com\/avatar\/0a937b7500cd7df77540cfb8bede877d?s=96&d=mm&r=g\",\"contentUrl\":\"https:\/\/secure.gravatar.com\/avatar\/0a937b7500cd7df77540cfb8bede877d?s=96&d=mm&r=g\",\"caption\":\"Adriana Rabelo\"},\"url\":\"https:\/\/franciscanos.org.br\/noticias\/author\/adrianarabelo\"}]}<\/script>\n<!-- \/ Yoast SEO plugin. -->","yoast_head_json":{"title":"Mensagem do Ministro provincial para a Festa de S\u00e3o Francisco - Not\u00edcias - Franciscanos","robots":{"index":"index","follow":"follow","max-snippet":"max-snippet:-1","max-image-preview":"max-image-preview:large","max-video-preview":"max-video-preview:-1"},"canonical":"https:\/\/franciscanos.org.br\/noticias\/mensagem-do-ministro-provincial-para-a-festa-de-sao-francisco.html","og_locale":"pt_BR","og_type":"article","og_title":"Mensagem do Ministro provincial para a Festa de S\u00e3o Francisco - Not\u00edcias - Franciscanos","og_description":"Frei Paulo Roberto Pereira","og_url":"https:\/\/franciscanos.org.br\/noticias\/mensagem-do-ministro-provincial-para-a-festa-de-sao-francisco.html","og_site_name":"Not\u00edcias - Franciscanos","article_published_time":"2024-10-03T19:02:37+00:00","article_modified_time":"2024-10-03T20:01:02+00:00","og_image":[{"width":800,"height":550,"url":"https:\/\/franciscanos.org.br\/noticias\/wp-content\/uploads\/2024\/10\/chamada-mensagem-provincial.jpg","type":"image\/jpeg"}],"author":"Adriana Rabelo","twitter_card":"summary_large_image","twitter_misc":{"Escrito por":"Adriana Rabelo","Est. tempo de leitura":"3 minutos"},"schema":{"@context":"https:\/\/schema.org","@graph":[{"@type":"WebSite","@id":"https:\/\/franciscanos.org.br\/noticias\/#website","url":"https:\/\/franciscanos.org.br\/noticias\/","name":"Not\u00edcias - Franciscanos","description":"Prov\u00edncia Franciscana da Imaculada Concei\u00e7\u00e3o do Brasil - Ordem dos Frades Menores - OFM","potentialAction":[{"@type":"SearchAction","target":{"@type":"EntryPoint","urlTemplate":"https:\/\/franciscanos.org.br\/noticias\/?s={search_term_string}"},"query-input":"required name=search_term_string"}],"inLanguage":"pt-BR"},{"@type":"ImageObject","inLanguage":"pt-BR","@id":"https:\/\/franciscanos.org.br\/noticias\/mensagem-do-ministro-provincial-para-a-festa-de-sao-francisco.html#primaryimage","url":"https:\/\/franciscanos.org.br\/noticias\/wp-content\/uploads\/2024\/10\/chamada-mensagem-provincial.jpg","contentUrl":"https:\/\/franciscanos.org.br\/noticias\/wp-content\/uploads\/2024\/10\/chamada-mensagem-provincial.jpg","width":800,"height":550},{"@type":"WebPage","@id":"https:\/\/franciscanos.org.br\/noticias\/mensagem-do-ministro-provincial-para-a-festa-de-sao-francisco.html#webpage","url":"https:\/\/franciscanos.org.br\/noticias\/mensagem-do-ministro-provincial-para-a-festa-de-sao-francisco.html","name":"Mensagem do Ministro provincial para a Festa de S\u00e3o Francisco - Not\u00edcias - Franciscanos","isPartOf":{"@id":"https:\/\/franciscanos.org.br\/noticias\/#website"},"primaryImageOfPage":{"@id":"https:\/\/franciscanos.org.br\/noticias\/mensagem-do-ministro-provincial-para-a-festa-de-sao-francisco.html#primaryimage"},"datePublished":"2024-10-03T19:02:37+00:00","dateModified":"2024-10-03T20:01:02+00:00","author":{"@id":"https:\/\/franciscanos.org.br\/noticias\/#\/schema\/person\/d9422e83121c3ad3b0f423d195f5bb25"},"breadcrumb":{"@id":"https:\/\/franciscanos.org.br\/noticias\/mensagem-do-ministro-provincial-para-a-festa-de-sao-francisco.html#breadcrumb"},"inLanguage":"pt-BR","potentialAction":[{"@type":"ReadAction","target":["https:\/\/franciscanos.org.br\/noticias\/mensagem-do-ministro-provincial-para-a-festa-de-sao-francisco.html"]}]},{"@type":"BreadcrumbList","@id":"https:\/\/franciscanos.org.br\/noticias\/mensagem-do-ministro-provincial-para-a-festa-de-sao-francisco.html#breadcrumb","itemListElement":[{"@type":"ListItem","position":1,"name":"Home","item":"https:\/\/franciscanos.org.br\/noticias"},{"@type":"ListItem","position":2,"name":"Mensagem do Ministro provincial para a Festa de S\u00e3o Francisco"}]},{"@type":"Person","@id":"https:\/\/franciscanos.org.br\/noticias\/#\/schema\/person\/d9422e83121c3ad3b0f423d195f5bb25","name":"Adriana Rabelo","image":{"@type":"ImageObject","inLanguage":"pt-BR","@id":"https:\/\/franciscanos.org.br\/noticias\/#\/schema\/person\/image\/","url":"https:\/\/secure.gravatar.com\/avatar\/0a937b7500cd7df77540cfb8bede877d?s=96&d=mm&r=g","contentUrl":"https:\/\/secure.gravatar.com\/avatar\/0a937b7500cd7df77540cfb8bede877d?s=96&d=mm&r=g","caption":"Adriana Rabelo"},"url":"https:\/\/franciscanos.org.br\/noticias\/author\/adrianarabelo"}]}},"_links":{"self":[{"href":"https:\/\/franciscanos.org.br\/noticias\/wp-json\/wp\/v2\/posts\/251189"}],"collection":[{"href":"https:\/\/franciscanos.org.br\/noticias\/wp-json\/wp\/v2\/posts"}],"about":[{"href":"https:\/\/franciscanos.org.br\/noticias\/wp-json\/wp\/v2\/types\/post"}],"author":[{"embeddable":true,"href":"https:\/\/franciscanos.org.br\/noticias\/wp-json\/wp\/v2\/users\/11"}],"replies":[{"embeddable":true,"href":"https:\/\/franciscanos.org.br\/noticias\/wp-json\/wp\/v2\/comments?post=251189"}],"version-history":[{"count":4,"href":"https:\/\/franciscanos.org.br\/noticias\/wp-json\/wp\/v2\/posts\/251189\/revisions"}],"predecessor-version":[{"id":251197,"href":"https:\/\/franciscanos.org.br\/noticias\/wp-json\/wp\/v2\/posts\/251189\/revisions\/251197"}],"wp:featuredmedia":[{"embeddable":true,"href":"https:\/\/franciscanos.org.br\/noticias\/wp-json\/wp\/v2\/media\/251190"}],"wp:attachment":[{"href":"https:\/\/franciscanos.org.br\/noticias\/wp-json\/wp\/v2\/media?parent=251189"}],"wp:term":[{"taxonomy":"category","embeddable":true,"href":"https:\/\/franciscanos.org.br\/noticias\/wp-json\/wp\/v2\/categories?post=251189"},{"taxonomy":"post_tag","embeddable":true,"href":"https:\/\/franciscanos.org.br\/noticias\/wp-json\/wp\/v2\/tags?post=251189"}],"curies":[{"name":"wp","href":"https:\/\/api.w.org\/{rel}","templated":true}]}}