{"id":251029,"date":"2024-09-26T15:59:58","date_gmt":"2024-09-26T18:59:58","guid":{"rendered":"https:\/\/franciscanos.org.br\/noticias\/?p=251029"},"modified":"2024-10-25T21:08:18","modified_gmt":"2024-10-26T00:08:18","slug":"fundacao-franciscana-imaculada-mae-de-deus-de-angola-completa-34-anos","status":"publish","type":"post","link":"https:\/\/franciscanos.org.br\/noticias\/fundacao-franciscana-imaculada-mae-de-deus-de-angola-completa-34-anos.html","title":{"rendered":"34 anos da Funda\u00e7\u00e3o Franciscana Imaculada M\u00e3e de Deus de Angola"},"content":{"rendered":"<p><img loading=\"lazy\" class=\"aligncenter wp-image-251042 size-full\" src=\"https:\/\/franciscanos.org.br\/noticias\/wp-content\/uploads\/2024\/09\/IMG-20240727-WA0109.jpg\" alt=\"\" width=\"1280\" height=\"575\" srcset=\"https:\/\/franciscanos.org.br\/noticias\/wp-content\/uploads\/2024\/09\/IMG-20240727-WA0109.jpg 1280w, https:\/\/franciscanos.org.br\/noticias\/wp-content\/uploads\/2024\/09\/IMG-20240727-WA0109-450x202.jpg 450w, https:\/\/franciscanos.org.br\/noticias\/wp-content\/uploads\/2024\/09\/IMG-20240727-WA0109-1024x460.jpg 1024w, https:\/\/franciscanos.org.br\/noticias\/wp-content\/uploads\/2024\/09\/IMG-20240727-WA0109-768x345.jpg 768w, https:\/\/franciscanos.org.br\/noticias\/wp-content\/uploads\/2024\/09\/IMG-20240727-WA0109-150x67.jpg 150w\" sizes=\"(max-width: 1280px) 100vw, 1280px\" \/><\/p>\n<p>\u201cEscutai! O semeador saiu a semear. Ao semear, uma parte caiu \u00e0 beira do caminho e os passarinhos vieram e comeram. Outra parte caiu em terreno cheio de pedras, onde n\u00e3o havia muita terra; brotou logo, porque a terra n\u00e3o era profunda, mas quando o sol saiu, a semente se queimou e secou, porque n\u00e3o tinha ra\u00edzes. Outra parte caiu no meio dos espinhos; estes cresceram e a sufocaram, e por isso n\u00e3o deu fruto. E outras sementes ca\u00edram em terra boa; brotaram, cresceram e deram frutos: trinta sessenta e at\u00e9 cem por um\u201d. E acrescentou: \u201cQuem tem ouvidos para ouvir que ou\u00e7a\u201d (cf. Mc 4,1-9).<\/p>\n<p>\u201cEst\u00e3o dispostos a renunciar seus modos culturais de viver, fazendo todo o esfor\u00e7o para levar a \u2018Paz e o bem\u2019 na conviv\u00eancia plena com uma nova cultura?\u201d. Com esta provoca\u00e7\u00e3o feita pelo Ministro provincial, Frei Est\u00eav\u00e3o Ottenbreit, na Missa do Envio, no dia 16 de setembro de 1990, no Semin\u00e1rio de Agudos (SP), os mission\u00e1rios: Frei Pl\u00ednio Gande da Silva, Frei Jos\u00e9 Zanchet e Frei Pedro Caron, seguiram como semeadores para Angola e l\u00e1 se instalaram no dia 25 de setembro de 1990, h\u00e1 exatos 34 anos.<\/p>\n<p>Os tr\u00eas mission\u00e1rios tamb\u00e9m \u201crenunciaram\u201d ao medo de enfrentar uma guerra civil na viagem ao pa\u00eds africano. Embebidos do mesmo esp\u00edrito mission\u00e1rio, heroico e destemido dos primeiros disc\u00edpulos da Ordem, os frades brasileiros iniciaram em terreno f\u00e9rtil uma das mais desafiadoras miss\u00f5es da Prov\u00edncia Franciscana da Imaculada Concei\u00e7\u00e3o do Brasil.<\/p>\n<p><img loading=\"lazy\" class=\" wp-image-251033 alignright\" src=\"https:\/\/franciscanos.org.br\/noticias\/wp-content\/uploads\/2024\/09\/angola_04-768x484-2-450x284.jpg\" alt=\"\" width=\"598\" height=\"377\" srcset=\"https:\/\/franciscanos.org.br\/noticias\/wp-content\/uploads\/2024\/09\/angola_04-768x484-2-450x284.jpg 450w, https:\/\/franciscanos.org.br\/noticias\/wp-content\/uploads\/2024\/09\/angola_04-768x484-2-150x95.jpg 150w, https:\/\/franciscanos.org.br\/noticias\/wp-content\/uploads\/2024\/09\/angola_04-768x484-2.jpg 768w\" sizes=\"(max-width: 598px) 100vw, 598px\" \/><\/p>\n<p>Na \u00e9poca, a motiva\u00e7\u00e3o chegou por meio de uma carta do, ent\u00e3o, Ministro geral, Frei John Vaughn, escrita em 1982, com o t\u00edtulo: \u2018A \u00c1frica nos chama\u2019. Este documento foi escrito a partir da constata\u00e7\u00e3o de que a Ordem estava espalhada pelo mundo inteiro, mas muito reduzida no continente africano.<\/p>\n<p>A carta dizia: \u201cUma presen\u00e7a mais intensa na \u00c1frica nos faz estarmos presentes, de um modo positivo e de fato, entre os povos que passam fome, que n\u00e3o t\u00eam casa, entre os enfermos, os analfabetos, as v\u00edtimas da guerra e da tirania. S\u00e3o Francisco e seus seguidores podem dar uma ajuda, mas sobretudo muita esperan\u00e7a, alegria e principalmente paz. Queira Deus conceder-nos a gra\u00e7a de sermos hoje grandes pacificadores\u201d.<\/p>\n<p>O posicionamento do Ministro geral chegou a Prov\u00edncia da Imaculada como um chamado que, ao longo de 34 d\u00e9cadas, tem contribu\u00eddo para plantar sementes do carisma e da espiritualidade franciscana. Em solo f\u00e9rtil, mas adormecido pelos confrontos, dores e fome, os frades foram pacientemente irrigando com o Evangelho, fazendo com que as sementes come\u00e7assem a germinar na forma da FIMDA (Funda\u00e7\u00e3o Franciscana da Imaculada M\u00e3e de Deus de Angola).<\/p>\n\n\t\t<style type=\"text\/css\">\n\t\t\t#gallery-1 {\n\t\t\t\tmargin: auto;\n\t\t\t}\n\t\t\t#gallery-1 .gallery-item {\n\t\t\t\tfloat: left;\n\t\t\t\tmargin-top: 10px;\n\t\t\t\ttext-align: center;\n\t\t\t\twidth: 25%;\n\t\t\t}\n\t\t\t#gallery-1 img {\n\t\t\t\tborder: 2px solid #cfcfcf;\n\t\t\t}\n\t\t\t#gallery-1 .gallery-caption {\n\t\t\t\tmargin-left: 0;\n\t\t\t}\n\t\t\t\/* see gallery_shortcode() in wp-includes\/media.php *\/\n\t\t<\/style>\n\t\t<div id='gallery-1' class='gallery galleryid-251029 gallery-columns-4 gallery-size-thumbnail'><dl class='gallery-item'>\n\t\t\t<dt class='gallery-icon landscape'>\n\t\t\t\t<a href='https:\/\/franciscanos.org.br\/noticias\/wp-content\/uploads\/2024\/09\/angola_07-768x406-1.jpg'><img width=\"300\" height=\"300\" src=\"https:\/\/franciscanos.org.br\/noticias\/wp-content\/uploads\/2024\/09\/angola_07-768x406-1-300x300.jpg\" class=\"attachment-thumbnail size-thumbnail\" alt=\"\" loading=\"lazy\" srcset=\"https:\/\/franciscanos.org.br\/noticias\/wp-content\/uploads\/2024\/09\/angola_07-768x406-1-300x300.jpg 300w, https:\/\/franciscanos.org.br\/noticias\/wp-content\/uploads\/2024\/09\/angola_07-768x406-1-100x100.jpg 100w\" sizes=\"(max-width: 300px) 100vw, 300px\" \/><\/a>\n\t\t\t<\/dt><\/dl><dl class='gallery-item'>\n\t\t\t<dt class='gallery-icon landscape'>\n\t\t\t\t<a href='https:\/\/franciscanos.org.br\/noticias\/wp-content\/uploads\/2024\/09\/angola_06-768x476-1.jpg'><img width=\"300\" height=\"300\" src=\"https:\/\/franciscanos.org.br\/noticias\/wp-content\/uploads\/2024\/09\/angola_06-768x476-1-300x300.jpg\" class=\"attachment-thumbnail size-thumbnail\" alt=\"\" loading=\"lazy\" srcset=\"https:\/\/franciscanos.org.br\/noticias\/wp-content\/uploads\/2024\/09\/angola_06-768x476-1-300x300.jpg 300w, https:\/\/franciscanos.org.br\/noticias\/wp-content\/uploads\/2024\/09\/angola_06-768x476-1-100x100.jpg 100w\" sizes=\"(max-width: 300px) 100vw, 300px\" \/><\/a>\n\t\t\t<\/dt><\/dl><dl class='gallery-item'>\n\t\t\t<dt class='gallery-icon landscape'>\n\t\t\t\t<a href='https:\/\/franciscanos.org.br\/noticias\/wp-content\/uploads\/2024\/09\/angola_03-768x475-1.jpg'><img width=\"300\" height=\"300\" src=\"https:\/\/franciscanos.org.br\/noticias\/wp-content\/uploads\/2024\/09\/angola_03-768x475-1-300x300.jpg\" class=\"attachment-thumbnail size-thumbnail\" alt=\"\" loading=\"lazy\" srcset=\"https:\/\/franciscanos.org.br\/noticias\/wp-content\/uploads\/2024\/09\/angola_03-768x475-1-300x300.jpg 300w, https:\/\/franciscanos.org.br\/noticias\/wp-content\/uploads\/2024\/09\/angola_03-768x475-1-100x100.jpg 100w\" sizes=\"(max-width: 300px) 100vw, 300px\" \/><\/a>\n\t\t\t<\/dt><\/dl><dl class='gallery-item'>\n\t\t\t<dt class='gallery-icon landscape'>\n\t\t\t\t<a href='https:\/\/franciscanos.org.br\/noticias\/wp-content\/uploads\/2024\/09\/abre_angola.jpg'><img width=\"300\" height=\"300\" src=\"https:\/\/franciscanos.org.br\/noticias\/wp-content\/uploads\/2024\/09\/abre_angola-300x300.jpg\" class=\"attachment-thumbnail size-thumbnail\" alt=\"\" loading=\"lazy\" srcset=\"https:\/\/franciscanos.org.br\/noticias\/wp-content\/uploads\/2024\/09\/abre_angola-300x300.jpg 300w, https:\/\/franciscanos.org.br\/noticias\/wp-content\/uploads\/2024\/09\/abre_angola-100x100.jpg 100w\" sizes=\"(max-width: 300px) 100vw, 300px\" \/><\/a>\n\t\t\t<\/dt><\/dl><br style=\"clear: both\" \/>\n\t\t<\/div>\n\n<p><strong>Momentos de desafios<\/strong><\/p>\n<p>Nesta miss\u00e3o pacificadora, a irm\u00e3 morte visitou e assustou os confrades quando, em 4 de janeiro de 1993, faleceu Frei Lot\u00e1rio Neumann, em Luanda, v\u00edtima de um quadro com v\u00e1rias complica\u00e7\u00f5es, agravado pelo paludismo. Outro susto veio quando Frei Valdir Nunes Ribeiro sofreu um atentado em Quibala. Os frades tiveram de deixar Quibala, mas n\u00e3o deixaram Angola. Em meio \u00e0s \u201cintemp\u00e9ries\u201d da hist\u00f3ria, a semente franciscana j\u00e1 estava lan\u00e7ada no solo angolano. Os frutos logo come\u00e7aram a surgir e, em 1996, era instalado o Aspirantado, em Malange e, no ano seguinte, o Postulantado, em Quibala. Frei Afonso Katchekele Quissongo foi o primeiro angolano a fazer a Profiss\u00e3o Solene.<\/p>\n<p>Em 3 de julho de 2008, a Ordem dos Frades Menores assinou decreto reconhecendo a FIMDA. Dez anos depois, essa Funda\u00e7\u00e3o vivia mais dois momentos hist\u00f3ricos: a elei\u00e7\u00e3o de Frei Ant\u00f3nio Boaventura Zovo Baza, o primeiro frade angolano a presidir a entidade, e a cria\u00e7\u00e3o do Noviciado em Quibala.<\/p>\n\n\t\t<style type=\"text\/css\">\n\t\t\t#gallery-2 {\n\t\t\t\tmargin: auto;\n\t\t\t}\n\t\t\t#gallery-2 .gallery-item {\n\t\t\t\tfloat: left;\n\t\t\t\tmargin-top: 10px;\n\t\t\t\ttext-align: center;\n\t\t\t\twidth: 25%;\n\t\t\t}\n\t\t\t#gallery-2 img {\n\t\t\t\tborder: 2px solid #cfcfcf;\n\t\t\t}\n\t\t\t#gallery-2 .gallery-caption {\n\t\t\t\tmargin-left: 0;\n\t\t\t}\n\t\t\t\/* see gallery_shortcode() in wp-includes\/media.php *\/\n\t\t<\/style>\n\t\t<div id='gallery-2' class='gallery galleryid-251029 gallery-columns-4 gallery-size-thumbnail'><dl class='gallery-item'>\n\t\t\t<dt class='gallery-icon landscape'>\n\t\t\t\t<a href='https:\/\/franciscanos.org.br\/noticias\/wp-content\/uploads\/2024\/09\/Angola-17-scaled.jpg'><img width=\"300\" height=\"300\" src=\"https:\/\/franciscanos.org.br\/noticias\/wp-content\/uploads\/2024\/09\/Angola-17-300x300.jpg\" class=\"attachment-thumbnail size-thumbnail\" alt=\"\" loading=\"lazy\" srcset=\"https:\/\/franciscanos.org.br\/noticias\/wp-content\/uploads\/2024\/09\/Angola-17-300x300.jpg 300w, https:\/\/franciscanos.org.br\/noticias\/wp-content\/uploads\/2024\/09\/Angola-17-100x100.jpg 100w\" sizes=\"(max-width: 300px) 100vw, 300px\" \/><\/a>\n\t\t\t<\/dt><\/dl><dl class='gallery-item'>\n\t\t\t<dt class='gallery-icon landscape'>\n\t\t\t\t<a href='https:\/\/franciscanos.org.br\/noticias\/wp-content\/uploads\/2024\/09\/Angola-18-scaled.jpg'><img width=\"300\" height=\"300\" src=\"https:\/\/franciscanos.org.br\/noticias\/wp-content\/uploads\/2024\/09\/Angola-18-300x300.jpg\" class=\"attachment-thumbnail size-thumbnail\" alt=\"\" loading=\"lazy\" srcset=\"https:\/\/franciscanos.org.br\/noticias\/wp-content\/uploads\/2024\/09\/Angola-18-300x300.jpg 300w, https:\/\/franciscanos.org.br\/noticias\/wp-content\/uploads\/2024\/09\/Angola-18-100x100.jpg 100w\" sizes=\"(max-width: 300px) 100vw, 300px\" \/><\/a>\n\t\t\t<\/dt><\/dl><dl class='gallery-item'>\n\t\t\t<dt class='gallery-icon landscape'>\n\t\t\t\t<a href='https:\/\/franciscanos.org.br\/noticias\/wp-content\/uploads\/2024\/09\/Angola-20-scaled.jpg'><img width=\"300\" height=\"300\" src=\"https:\/\/franciscanos.org.br\/noticias\/wp-content\/uploads\/2024\/09\/Angola-20-300x300.jpg\" class=\"attachment-thumbnail size-thumbnail\" alt=\"\" loading=\"lazy\" srcset=\"https:\/\/franciscanos.org.br\/noticias\/wp-content\/uploads\/2024\/09\/Angola-20-300x300.jpg 300w, https:\/\/franciscanos.org.br\/noticias\/wp-content\/uploads\/2024\/09\/Angola-20-100x100.jpg 100w\" sizes=\"(max-width: 300px) 100vw, 300px\" \/><\/a>\n\t\t\t<\/dt><\/dl><dl class='gallery-item'>\n\t\t\t<dt class='gallery-icon landscape'>\n\t\t\t\t<a href='https:\/\/franciscanos.org.br\/noticias\/wp-content\/uploads\/2024\/09\/Angola-21-scaled.jpg'><img width=\"300\" height=\"300\" src=\"https:\/\/franciscanos.org.br\/noticias\/wp-content\/uploads\/2024\/09\/Angola-21-300x300.jpg\" class=\"attachment-thumbnail size-thumbnail\" alt=\"\" loading=\"lazy\" srcset=\"https:\/\/franciscanos.org.br\/noticias\/wp-content\/uploads\/2024\/09\/Angola-21-300x300.jpg 300w, https:\/\/franciscanos.org.br\/noticias\/wp-content\/uploads\/2024\/09\/Angola-21-100x100.jpg 100w\" sizes=\"(max-width: 300px) 100vw, 300px\" \/><\/a>\n\t\t\t<\/dt><\/dl><br style=\"clear: both\" \/>\n\t\t<\/div>\n\n<p><strong>Vida e esperan\u00e7a<\/strong><\/p>\n<p>Cada Ministro provincial que assumiu essa miss\u00e3o com os demais frades continuou firme no prop\u00f3sito de manter sempre viva e atuante a presen\u00e7a franciscana. Nesse tempo, muitos projetos nasceram com a miss\u00e3o de transformar a vida do povo de Deus e as novas voca\u00e7\u00f5es trouxeram a presen\u00e7a franciscana banhada pela cultura e sabedorias locais, o que aproxima e amplia ainda mais a linguagem universal do amor semeada por S\u00e3o Francisco de Assis no seguimento de Jesus Cristo. Atualmente s\u00e3o 16 professos solenes, 55 professos tempor\u00e1rios, 7 novi\u00e7os, 9 postulantes e 39 seminaristas, todos filhos de Angola.<\/p>\n<p><img loading=\"lazy\" class=\"size-medium wp-image-251042 alignright\" src=\"https:\/\/franciscanos.org.br\/noticias\/wp-content\/uploads\/2024\/09\/IMG-20240727-WA0109-450x202.jpg\" alt=\"\" width=\"450\" height=\"202\" srcset=\"https:\/\/franciscanos.org.br\/noticias\/wp-content\/uploads\/2024\/09\/IMG-20240727-WA0109-450x202.jpg 450w, https:\/\/franciscanos.org.br\/noticias\/wp-content\/uploads\/2024\/09\/IMG-20240727-WA0109-1024x460.jpg 1024w, https:\/\/franciscanos.org.br\/noticias\/wp-content\/uploads\/2024\/09\/IMG-20240727-WA0109-768x345.jpg 768w, https:\/\/franciscanos.org.br\/noticias\/wp-content\/uploads\/2024\/09\/IMG-20240727-WA0109-150x67.jpg 150w, https:\/\/franciscanos.org.br\/noticias\/wp-content\/uploads\/2024\/09\/IMG-20240727-WA0109.jpg 1280w\" sizes=\"(max-width: 450px) 100vw, 450px\" \/>Em mensagem divulgada nesta quarta-feira (25\/09), dia do anivers\u00e1rio da Funda\u00e7\u00e3o Franciscana Imaculada M\u00e3e de Deus de Angola, Frei Ivair Bueno de Carvalho, atual presidente da FIMDA, disse: \u201cNeste dia em que somos convidados a relembrar as nossas origens. Que estejamos presentes onde est\u00e3o os nossos p\u00e9s, onde est\u00e1 o nosso cora\u00e7\u00e3o, onde est\u00e1 a nossa cabe\u00e7a. Que n\u00f3s, Funda\u00e7\u00e3o Imaculada M\u00e3e de Deus de Angola, que se projeta para se tornar uma futura Cust\u00f3dia, seja cada dia mais aquela que, em cada irm\u00e3o Frade Menor busque o esp\u00edrito do Senhor e o seu santo modo de operar\u201d.<\/p>\n<p>No Cap\u00edtulo da FIMDA deste ano, a caminhada para o processo de Cust\u00f3dia deu importantes passos. O Ministro provincial, Frei Paulo Roberto Pereira, anunciou mais duas novas fraternidades, que ainda est\u00e3o em processo de oficializa\u00e7\u00e3o. Atualmente a Funda\u00e7\u00e3o conta com 5 Fraternidades: S\u00e3o Francisco, no Bairro Palanca; S\u00e3o Dami\u00e3o e Monte Alverne, em Malange; Santo Ant\u00f3nio, em Quibala; e Porci\u00fancula, em Viana.<\/p>\n<p>Em terras f\u00e9rteis est\u00e3o as melhores sementes capazes de gerar frutos fertilizados pela Palavra de Deus levada pelas obras e a presen\u00e7a dos frades franciscanos. Assim \u00e9 a FIMDA, um importante gerador de semeadores de amor, esperan\u00e7a e caridade.<\/p>\n<hr \/>\n<p><em>Adriana Rabelo<\/em><\/p>\n","protected":false},"excerpt":{"rendered":"<p>Anivers\u00e1rio FIMDA<\/p>\n","protected":false},"author":11,"featured_media":251057,"comment_status":"open","ping_status":"open","sticky":false,"template":"","format":"standard","meta":[],"categories":[1],"tags":[195,360],"acf":[],"yoast_head":"<!-- This site is optimized with the Yoast SEO plugin v19.2 - https:\/\/yoast.com\/wordpress\/plugins\/seo\/ -->\n<title>34 anos da Funda\u00e7\u00e3o Franciscana Imaculada M\u00e3e de Deus de Angola - Not\u00edcias - Franciscanos<\/title>\n<meta name=\"robots\" content=\"index, follow, max-snippet:-1, max-image-preview:large, max-video-preview:-1\" \/>\n<link rel=\"canonical\" href=\"https:\/\/franciscanos.org.br\/noticias\/fundacao-franciscana-imaculada-mae-de-deus-de-angola-completa-34-anos.html\" \/>\n<meta property=\"og:locale\" content=\"pt_BR\" \/>\n<meta property=\"og:type\" content=\"article\" \/>\n<meta property=\"og:title\" content=\"34 anos da Funda\u00e7\u00e3o Franciscana Imaculada M\u00e3e de Deus de Angola - Not\u00edcias - Franciscanos\" \/>\n<meta property=\"og:description\" content=\"Anivers\u00e1rio FIMDA\" \/>\n<meta property=\"og:url\" content=\"https:\/\/franciscanos.org.br\/noticias\/fundacao-franciscana-imaculada-mae-de-deus-de-angola-completa-34-anos.html\" \/>\n<meta property=\"og:site_name\" content=\"Not\u00edcias - Franciscanos\" \/>\n<meta property=\"article:published_time\" content=\"2024-09-26T18:59:58+00:00\" \/>\n<meta property=\"article:modified_time\" content=\"2024-10-26T00:08:18+00:00\" \/>\n<meta property=\"og:image\" content=\"https:\/\/franciscanos.org.br\/noticias\/wp-content\/uploads\/2024\/09\/CHAMADA-ANGOLA.jpg\" \/>\n\t<meta property=\"og:image:width\" content=\"800\" \/>\n\t<meta property=\"og:image:height\" content=\"550\" \/>\n\t<meta property=\"og:image:type\" content=\"image\/jpeg\" \/>\n<meta name=\"author\" content=\"Adriana Rabelo\" \/>\n<meta name=\"twitter:card\" content=\"summary_large_image\" \/>\n<meta name=\"twitter:label1\" content=\"Escrito por\" \/>\n\t<meta name=\"twitter:data1\" content=\"Adriana Rabelo\" \/>\n\t<meta name=\"twitter:label2\" content=\"Est. tempo de leitura\" \/>\n\t<meta name=\"twitter:data2\" content=\"5 minutos\" \/>\n<script type=\"application\/ld+json\" class=\"yoast-schema-graph\">{\"@context\":\"https:\/\/schema.org\",\"@graph\":[{\"@type\":\"WebSite\",\"@id\":\"https:\/\/franciscanos.org.br\/noticias\/#website\",\"url\":\"https:\/\/franciscanos.org.br\/noticias\/\",\"name\":\"Not\u00edcias - Franciscanos\",\"description\":\"Prov\u00edncia Franciscana da Imaculada Concei\u00e7\u00e3o do Brasil - Ordem dos Frades Menores - OFM\",\"potentialAction\":[{\"@type\":\"SearchAction\",\"target\":{\"@type\":\"EntryPoint\",\"urlTemplate\":\"https:\/\/franciscanos.org.br\/noticias\/?s={search_term_string}\"},\"query-input\":\"required name=search_term_string\"}],\"inLanguage\":\"pt-BR\"},{\"@type\":\"ImageObject\",\"inLanguage\":\"pt-BR\",\"@id\":\"https:\/\/franciscanos.org.br\/noticias\/fundacao-franciscana-imaculada-mae-de-deus-de-angola-completa-34-anos.html#primaryimage\",\"url\":\"https:\/\/franciscanos.org.br\/noticias\/wp-content\/uploads\/2024\/09\/CHAMADA-ANGOLA.jpg\",\"contentUrl\":\"https:\/\/franciscanos.org.br\/noticias\/wp-content\/uploads\/2024\/09\/CHAMADA-ANGOLA.jpg\",\"width\":800,\"height\":550},{\"@type\":\"WebPage\",\"@id\":\"https:\/\/franciscanos.org.br\/noticias\/fundacao-franciscana-imaculada-mae-de-deus-de-angola-completa-34-anos.html#webpage\",\"url\":\"https:\/\/franciscanos.org.br\/noticias\/fundacao-franciscana-imaculada-mae-de-deus-de-angola-completa-34-anos.html\",\"name\":\"34 anos da Funda\u00e7\u00e3o Franciscana Imaculada M\u00e3e de Deus de Angola - Not\u00edcias - Franciscanos\",\"isPartOf\":{\"@id\":\"https:\/\/franciscanos.org.br\/noticias\/#website\"},\"primaryImageOfPage\":{\"@id\":\"https:\/\/franciscanos.org.br\/noticias\/fundacao-franciscana-imaculada-mae-de-deus-de-angola-completa-34-anos.html#primaryimage\"},\"datePublished\":\"2024-09-26T18:59:58+00:00\",\"dateModified\":\"2024-10-26T00:08:18+00:00\",\"author\":{\"@id\":\"https:\/\/franciscanos.org.br\/noticias\/#\/schema\/person\/d9422e83121c3ad3b0f423d195f5bb25\"},\"breadcrumb\":{\"@id\":\"https:\/\/franciscanos.org.br\/noticias\/fundacao-franciscana-imaculada-mae-de-deus-de-angola-completa-34-anos.html#breadcrumb\"},\"inLanguage\":\"pt-BR\",\"potentialAction\":[{\"@type\":\"ReadAction\",\"target\":[\"https:\/\/franciscanos.org.br\/noticias\/fundacao-franciscana-imaculada-mae-de-deus-de-angola-completa-34-anos.html\"]}]},{\"@type\":\"BreadcrumbList\",\"@id\":\"https:\/\/franciscanos.org.br\/noticias\/fundacao-franciscana-imaculada-mae-de-deus-de-angola-completa-34-anos.html#breadcrumb\",\"itemListElement\":[{\"@type\":\"ListItem\",\"position\":1,\"name\":\"Home\",\"item\":\"https:\/\/franciscanos.org.br\/noticias\"},{\"@type\":\"ListItem\",\"position\":2,\"name\":\"34 anos da Funda\u00e7\u00e3o Franciscana Imaculada M\u00e3e de Deus de Angola\"}]},{\"@type\":\"Person\",\"@id\":\"https:\/\/franciscanos.org.br\/noticias\/#\/schema\/person\/d9422e83121c3ad3b0f423d195f5bb25\",\"name\":\"Adriana Rabelo\",\"image\":{\"@type\":\"ImageObject\",\"inLanguage\":\"pt-BR\",\"@id\":\"https:\/\/franciscanos.org.br\/noticias\/#\/schema\/person\/image\/\",\"url\":\"https:\/\/secure.gravatar.com\/avatar\/0a937b7500cd7df77540cfb8bede877d?s=96&d=mm&r=g\",\"contentUrl\":\"https:\/\/secure.gravatar.com\/avatar\/0a937b7500cd7df77540cfb8bede877d?s=96&d=mm&r=g\",\"caption\":\"Adriana Rabelo\"},\"url\":\"https:\/\/franciscanos.org.br\/noticias\/author\/adrianarabelo\"}]}<\/script>\n<!-- \/ Yoast SEO plugin. -->","yoast_head_json":{"title":"34 anos da Funda\u00e7\u00e3o Franciscana Imaculada M\u00e3e de Deus de Angola - Not\u00edcias - Franciscanos","robots":{"index":"index","follow":"follow","max-snippet":"max-snippet:-1","max-image-preview":"max-image-preview:large","max-video-preview":"max-video-preview:-1"},"canonical":"https:\/\/franciscanos.org.br\/noticias\/fundacao-franciscana-imaculada-mae-de-deus-de-angola-completa-34-anos.html","og_locale":"pt_BR","og_type":"article","og_title":"34 anos da Funda\u00e7\u00e3o Franciscana Imaculada M\u00e3e de Deus de Angola - Not\u00edcias - Franciscanos","og_description":"Anivers\u00e1rio FIMDA","og_url":"https:\/\/franciscanos.org.br\/noticias\/fundacao-franciscana-imaculada-mae-de-deus-de-angola-completa-34-anos.html","og_site_name":"Not\u00edcias - Franciscanos","article_published_time":"2024-09-26T18:59:58+00:00","article_modified_time":"2024-10-26T00:08:18+00:00","og_image":[{"width":800,"height":550,"url":"https:\/\/franciscanos.org.br\/noticias\/wp-content\/uploads\/2024\/09\/CHAMADA-ANGOLA.jpg","type":"image\/jpeg"}],"author":"Adriana Rabelo","twitter_card":"summary_large_image","twitter_misc":{"Escrito por":"Adriana Rabelo","Est. tempo de leitura":"5 minutos"},"schema":{"@context":"https:\/\/schema.org","@graph":[{"@type":"WebSite","@id":"https:\/\/franciscanos.org.br\/noticias\/#website","url":"https:\/\/franciscanos.org.br\/noticias\/","name":"Not\u00edcias - Franciscanos","description":"Prov\u00edncia Franciscana da Imaculada Concei\u00e7\u00e3o do Brasil - Ordem dos Frades Menores - OFM","potentialAction":[{"@type":"SearchAction","target":{"@type":"EntryPoint","urlTemplate":"https:\/\/franciscanos.org.br\/noticias\/?s={search_term_string}"},"query-input":"required name=search_term_string"}],"inLanguage":"pt-BR"},{"@type":"ImageObject","inLanguage":"pt-BR","@id":"https:\/\/franciscanos.org.br\/noticias\/fundacao-franciscana-imaculada-mae-de-deus-de-angola-completa-34-anos.html#primaryimage","url":"https:\/\/franciscanos.org.br\/noticias\/wp-content\/uploads\/2024\/09\/CHAMADA-ANGOLA.jpg","contentUrl":"https:\/\/franciscanos.org.br\/noticias\/wp-content\/uploads\/2024\/09\/CHAMADA-ANGOLA.jpg","width":800,"height":550},{"@type":"WebPage","@id":"https:\/\/franciscanos.org.br\/noticias\/fundacao-franciscana-imaculada-mae-de-deus-de-angola-completa-34-anos.html#webpage","url":"https:\/\/franciscanos.org.br\/noticias\/fundacao-franciscana-imaculada-mae-de-deus-de-angola-completa-34-anos.html","name":"34 anos da Funda\u00e7\u00e3o Franciscana Imaculada M\u00e3e de Deus de Angola - Not\u00edcias - Franciscanos","isPartOf":{"@id":"https:\/\/franciscanos.org.br\/noticias\/#website"},"primaryImageOfPage":{"@id":"https:\/\/franciscanos.org.br\/noticias\/fundacao-franciscana-imaculada-mae-de-deus-de-angola-completa-34-anos.html#primaryimage"},"datePublished":"2024-09-26T18:59:58+00:00","dateModified":"2024-10-26T00:08:18+00:00","author":{"@id":"https:\/\/franciscanos.org.br\/noticias\/#\/schema\/person\/d9422e83121c3ad3b0f423d195f5bb25"},"breadcrumb":{"@id":"https:\/\/franciscanos.org.br\/noticias\/fundacao-franciscana-imaculada-mae-de-deus-de-angola-completa-34-anos.html#breadcrumb"},"inLanguage":"pt-BR","potentialAction":[{"@type":"ReadAction","target":["https:\/\/franciscanos.org.br\/noticias\/fundacao-franciscana-imaculada-mae-de-deus-de-angola-completa-34-anos.html"]}]},{"@type":"BreadcrumbList","@id":"https:\/\/franciscanos.org.br\/noticias\/fundacao-franciscana-imaculada-mae-de-deus-de-angola-completa-34-anos.html#breadcrumb","itemListElement":[{"@type":"ListItem","position":1,"name":"Home","item":"https:\/\/franciscanos.org.br\/noticias"},{"@type":"ListItem","position":2,"name":"34 anos da Funda\u00e7\u00e3o Franciscana Imaculada M\u00e3e de Deus de Angola"}]},{"@type":"Person","@id":"https:\/\/franciscanos.org.br\/noticias\/#\/schema\/person\/d9422e83121c3ad3b0f423d195f5bb25","name":"Adriana Rabelo","image":{"@type":"ImageObject","inLanguage":"pt-BR","@id":"https:\/\/franciscanos.org.br\/noticias\/#\/schema\/person\/image\/","url":"https:\/\/secure.gravatar.com\/avatar\/0a937b7500cd7df77540cfb8bede877d?s=96&d=mm&r=g","contentUrl":"https:\/\/secure.gravatar.com\/avatar\/0a937b7500cd7df77540cfb8bede877d?s=96&d=mm&r=g","caption":"Adriana Rabelo"},"url":"https:\/\/franciscanos.org.br\/noticias\/author\/adrianarabelo"}]}},"_links":{"self":[{"href":"https:\/\/franciscanos.org.br\/noticias\/wp-json\/wp\/v2\/posts\/251029"}],"collection":[{"href":"https:\/\/franciscanos.org.br\/noticias\/wp-json\/wp\/v2\/posts"}],"about":[{"href":"https:\/\/franciscanos.org.br\/noticias\/wp-json\/wp\/v2\/types\/post"}],"author":[{"embeddable":true,"href":"https:\/\/franciscanos.org.br\/noticias\/wp-json\/wp\/v2\/users\/11"}],"replies":[{"embeddable":true,"href":"https:\/\/franciscanos.org.br\/noticias\/wp-json\/wp\/v2\/comments?post=251029"}],"version-history":[{"count":17,"href":"https:\/\/franciscanos.org.br\/noticias\/wp-json\/wp\/v2\/posts\/251029\/revisions"}],"predecessor-version":[{"id":251808,"href":"https:\/\/franciscanos.org.br\/noticias\/wp-json\/wp\/v2\/posts\/251029\/revisions\/251808"}],"wp:featuredmedia":[{"embeddable":true,"href":"https:\/\/franciscanos.org.br\/noticias\/wp-json\/wp\/v2\/media\/251057"}],"wp:attachment":[{"href":"https:\/\/franciscanos.org.br\/noticias\/wp-json\/wp\/v2\/media?parent=251029"}],"wp:term":[{"taxonomy":"category","embeddable":true,"href":"https:\/\/franciscanos.org.br\/noticias\/wp-json\/wp\/v2\/categories?post=251029"},{"taxonomy":"post_tag","embeddable":true,"href":"https:\/\/franciscanos.org.br\/noticias\/wp-json\/wp\/v2\/tags?post=251029"}],"curies":[{"name":"wp","href":"https:\/\/api.w.org\/{rel}","templated":true}]}}