{"id":251001,"date":"2024-09-26T11:51:26","date_gmt":"2024-09-26T14:51:26","guid":{"rendered":"https:\/\/franciscanos.org.br\/noticias\/?p=251001"},"modified":"2024-09-26T11:54:11","modified_gmt":"2024-09-26T14:54:11","slug":"vi-encontro-continental-de-jpic-nas-americas-encerra-com-propostas-concretas","status":"publish","type":"post","link":"https:\/\/franciscanos.org.br\/noticias\/vi-encontro-continental-de-jpic-nas-americas-encerra-com-propostas-concretas.html","title":{"rendered":"VI Encontro Continental de JPIC nas Am\u00e9ricas encerra com propostas concretas"},"content":{"rendered":"<p><img loading=\"lazy\" class=\"aligncenter wp-image-251003 size-full\" src=\"https:\/\/franciscanos.org.br\/noticias\/wp-content\/uploads\/2024\/09\/MATERIA-2-3.jpg\" alt=\"\" width=\"1280\" height=\"720\" srcset=\"https:\/\/franciscanos.org.br\/noticias\/wp-content\/uploads\/2024\/09\/MATERIA-2-3.jpg 1280w, https:\/\/franciscanos.org.br\/noticias\/wp-content\/uploads\/2024\/09\/MATERIA-2-3-450x253.jpg 450w, https:\/\/franciscanos.org.br\/noticias\/wp-content\/uploads\/2024\/09\/MATERIA-2-3-1024x576.jpg 1024w, https:\/\/franciscanos.org.br\/noticias\/wp-content\/uploads\/2024\/09\/MATERIA-2-3-768x432.jpg 768w, https:\/\/franciscanos.org.br\/noticias\/wp-content\/uploads\/2024\/09\/MATERIA-2-3-150x84.jpg 150w\" sizes=\"(max-width: 1280px) 100vw, 1280px\" \/><\/p>\n<p><span style=\"font-weight: 400;\">Vinte e seis frades de dezessete entidades da Am\u00e9rica do Norte, Central e do Sul\u00a0 participaram,\u00a0 de 16 a 21 de setembro,\u00a0 do VI Encontro Continental de Justi\u00e7a, Paz e Integridade da Cria\u00e7\u00e3o das Am\u00e9ricas,\u00a0 na casa de retiros do Semin\u00e1rio Franciscano,\u00a0 localizado no distrito de <em>Boquete<\/em>,\u00a0 em David, Panam\u00e1.\u00a0 <\/span><\/p>\n<p><span style=\"font-weight: 400;\">No contexto do Centen\u00e1rio dos Estigmas de S\u00e3o Francisco, os participantes viveram momentos de ora\u00e7\u00e3o e reflex\u00e3o que incentivou os irm\u00e3os a continuarem vivendo e servindo os estigmatizados do continente americano por meio da justi\u00e7a, paz e cuidado com a casa comum.<\/span><\/p>\n<p><span style=\"font-weight: 400;\">O encontro \u00e9 realizado a cada\u00a0 tr\u00eas anos e procura fortalecer, retomar e dar continuidade ao trabalho de JPIC da Ordem dos Frades Menores em viagem pelo continente. Neste ano, o objetivo foi <\/span>criar um espa\u00e7o para compartilhar experi\u00eancias positivas nos cinco eixos tem\u00e1ticos acordados, relacionados aos valores do JPIC: par\u00f3quias e santu\u00e1rios, educa\u00e7\u00e3o, sociedade civil e defesa pol\u00edtica, estilos de vida e, por fim, migrantes e deslocamentos for\u00e7ados.<img loading=\"lazy\" class=\"size-medium wp-image-251004 alignright\" src=\"https:\/\/franciscanos.org.br\/noticias\/wp-content\/uploads\/2024\/09\/3-Encontro-conferencia-450x338.jpg\" alt=\"\" width=\"450\" height=\"338\" srcset=\"https:\/\/franciscanos.org.br\/noticias\/wp-content\/uploads\/2024\/09\/3-Encontro-conferencia-450x338.jpg 450w, https:\/\/franciscanos.org.br\/noticias\/wp-content\/uploads\/2024\/09\/3-Encontro-conferencia-1024x768.jpg 1024w, https:\/\/franciscanos.org.br\/noticias\/wp-content\/uploads\/2024\/09\/3-Encontro-conferencia-768x576.jpg 768w, https:\/\/franciscanos.org.br\/noticias\/wp-content\/uploads\/2024\/09\/3-Encontro-conferencia-150x113.jpg 150w, https:\/\/franciscanos.org.br\/noticias\/wp-content\/uploads\/2024\/09\/3-Encontro-conferencia-600x450.jpg 600w, https:\/\/franciscanos.org.br\/noticias\/wp-content\/uploads\/2024\/09\/3-Encontro-conferencia.jpg 1280w\" sizes=\"(max-width: 450px) 100vw, 450px\" \/><\/p>\n<p><span style=\"font-weight: 400;\">Em seu discurso de boas-vindas, Frei Edgardo Manuel P\u00e9rez Tejeira, Ministro provincial da Prov\u00edncia anfitri\u00e3 acolheu a todos em nome da Confer\u00eancia de Santa Maria de Guadalupe, e afirmou:\u00a0 \u201cAssim como uma f\u00e9 sem obras seria uma f\u00e9 morta, a espiritualidade franciscana sem JPIC seria uma espiritualidade morta\u201d.<\/span><\/p>\n<p><span style=\"font-weight: 400;\">Frei Massimo Fusarelli, Ministro geral, em mensagem enviada aos participantes, agradeceu aos frades pelo servi\u00e7o de anima\u00e7\u00e3o que oferecem e lembrou que o trabalho no JPIC n\u00e3o \u00e9 apenas \u201cuma s\u00e9rie de a\u00e7\u00f5es que realizamos, mas uma necessidade que brota do pr\u00f3prio cora\u00e7\u00e3o do carisma evang\u00e9lico de S\u00e3o Francisco e Santa Clara\u201d.<\/span><\/p>\n<p><span style=\"font-weight: 400;\">A Prov\u00edncia Franciscana\u00a0 da Imaculada Concei\u00e7\u00e3o do Brasil estava representada pelo Frei Marx Rodrigues dos Reis, Coordenador da Frente de Solidariedade para com os Empobrecidos e Animador do Servi\u00e7o de JPIC. Ele tamb\u00e9m partilhou as experi\u00eancias vividas no Brasil, a partir dos projetos desenvolvidos pelo Sefras \u2013 A\u00e7\u00e3o Social Franciscana.<\/span><\/p>\n<p><span style=\"font-weight: 400;\">A Dire\u00e7\u00e3o Geral da JPIC, representada pelo Frei Daniel Rodr\u00edguez Blanco, apresentou as diretrizes gerais que a Ordem implementa nos diferentes continentes. Por sua vez, Frei\u00a0 Jaime Campos fez uma retrospectiva dos cinco encontros continentais anteriores.<\/span><\/p>\n<p><span style=\"font-weight: 400;\">\u201cEste encontro \u00e9 uma oportunidade \u00fanica para refletir sobre como estamos vivendo o contexto atual, para podermos ouvir os projetos e experi\u00eancias concretas dos irm\u00e3os que enchem de esperan\u00e7a a exist\u00eancia e a voca\u00e7\u00e3o, pois s\u00e3o projetos que reafirmam a vida dentro das diferentes realidades do continente americano\u201d, afirmou Frei\u00a0 Daniel.<\/span><\/p>\n\n\t\t<style type=\"text\/css\">\n\t\t\t#gallery-1 {\n\t\t\t\tmargin: auto;\n\t\t\t}\n\t\t\t#gallery-1 .gallery-item {\n\t\t\t\tfloat: left;\n\t\t\t\tmargin-top: 10px;\n\t\t\t\ttext-align: center;\n\t\t\t\twidth: 33%;\n\t\t\t}\n\t\t\t#gallery-1 img {\n\t\t\t\tborder: 2px solid #cfcfcf;\n\t\t\t}\n\t\t\t#gallery-1 .gallery-caption {\n\t\t\t\tmargin-left: 0;\n\t\t\t}\n\t\t\t\/* see gallery_shortcode() in wp-includes\/media.php *\/\n\t\t<\/style>\n\t\t<div id='gallery-1' class='gallery galleryid-251001 gallery-columns-3 gallery-size-thumbnail'><dl class='gallery-item'>\n\t\t\t<dt class='gallery-icon landscape'>\n\t\t\t\t<a href='https:\/\/franciscanos.org.br\/noticias\/wp-content\/uploads\/2024\/09\/1-ECA-1.jpg'><img width=\"300\" height=\"300\" src=\"https:\/\/franciscanos.org.br\/noticias\/wp-content\/uploads\/2024\/09\/1-ECA-1-300x300.jpg\" class=\"attachment-thumbnail size-thumbnail\" alt=\"\" loading=\"lazy\" srcset=\"https:\/\/franciscanos.org.br\/noticias\/wp-content\/uploads\/2024\/09\/1-ECA-1-300x300.jpg 300w, https:\/\/franciscanos.org.br\/noticias\/wp-content\/uploads\/2024\/09\/1-ECA-1-100x100.jpg 100w\" sizes=\"(max-width: 300px) 100vw, 300px\" \/><\/a>\n\t\t\t<\/dt><\/dl><dl class='gallery-item'>\n\t\t\t<dt class='gallery-icon landscape'>\n\t\t\t\t<a href='https:\/\/franciscanos.org.br\/noticias\/wp-content\/uploads\/2024\/09\/4-ECA-scaled.jpg'><img width=\"300\" height=\"300\" src=\"https:\/\/franciscanos.org.br\/noticias\/wp-content\/uploads\/2024\/09\/4-ECA-300x300.jpg\" class=\"attachment-thumbnail size-thumbnail\" alt=\"\" loading=\"lazy\" srcset=\"https:\/\/franciscanos.org.br\/noticias\/wp-content\/uploads\/2024\/09\/4-ECA-300x300.jpg 300w, https:\/\/franciscanos.org.br\/noticias\/wp-content\/uploads\/2024\/09\/4-ECA-100x100.jpg 100w\" sizes=\"(max-width: 300px) 100vw, 300px\" \/><\/a>\n\t\t\t<\/dt><\/dl><dl class='gallery-item'>\n\t\t\t<dt class='gallery-icon landscape'>\n\t\t\t\t<a href='https:\/\/franciscanos.org.br\/noticias\/wp-content\/uploads\/2024\/09\/1-Encontro-Conferencia.jpg'><img width=\"300\" height=\"300\" src=\"https:\/\/franciscanos.org.br\/noticias\/wp-content\/uploads\/2024\/09\/1-Encontro-Conferencia-300x300.jpg\" class=\"attachment-thumbnail size-thumbnail\" alt=\"\" loading=\"lazy\" srcset=\"https:\/\/franciscanos.org.br\/noticias\/wp-content\/uploads\/2024\/09\/1-Encontro-Conferencia-300x300.jpg 300w, https:\/\/franciscanos.org.br\/noticias\/wp-content\/uploads\/2024\/09\/1-Encontro-Conferencia-100x100.jpg 100w\" sizes=\"(max-width: 300px) 100vw, 300px\" \/><\/a>\n\t\t\t<\/dt><\/dl><br style=\"clear: both\" \/>\n\t\t<\/div>\n\n<p><strong>Por que esta reuni\u00e3o \u00e9 importante?<\/strong><\/p>\n<ul>\n<li><span style=\"font-weight: 400;\"> Fortalecer a rede : Os frades tiveram a oportunidade de se encontrar, compartilhar seus desafios e celebrar suas conquistas, criando uma rede mais forte para trabalharem juntos.<\/span><\/li>\n<li><span style=\"font-weight: 400;\"> A\u00e7\u00e3o inspiradora : Ao partilharem experi\u00eancias concretas, os participantes inspiraram-se mutuamente para continuarem a trabalhar com criatividade e paix\u00e3o nas suas comunidades.<\/span><\/li>\n<li><span style=\"font-weight: 400;\"> Alinhar esfor\u00e7os : A reuni\u00e3o alinhou os esfor\u00e7os dos frades em toda a Am\u00e9rica, garantindo que trabalhem de forma coordenada e eficaz.<\/span><\/li>\n<li><span style=\"font-weight: 400;\"> Celebrar a espiritualidade franciscana : ao comemorar o VIII Centen\u00e1rio dos Estigmas de S\u00e3o Francisco, os frades reafirmaram seu compromisso com a espiritualidade franciscana e seu chamado a seguir os passos do Pobre de Assis, tocando com esperan\u00e7a a carne sofredora de Cristo nos outros .<\/span><\/li>\n<\/ul>\n<p><strong>Quais foram os principais temas abordados?<\/strong><\/p>\n<ul>\n<li><span style=\"font-weight: 400;\"> Migra\u00e7\u00e3o e deslocamento for\u00e7ado : Os frades discutiram como acompanharam grupos mistos de migrantes e refugiados ao continente, a fim de promover a\u00e7\u00f5es conjuntas atrav\u00e9s da Rede Franciscana para Migrantes das Am\u00e9ricas (RFM).<\/span><\/li>\n<li><span style=\"font-weight: 400;\"> Educa\u00e7\u00e3o : Foram exploradas formas inovadoras de integrar os valores JPIC na educa\u00e7\u00e3o, tanto formal como informal.<\/span><\/li>\n<li><span style=\"font-weight: 400;\"> Estilos de vida : os participantes refletiram sobre como viver de forma mais sustent\u00e1vel e como promover estilos de vida simples e solid\u00e1rios inspirados no estilo de vida dos Frades Menores, especialmente na forma\u00e7\u00e3o inicial.<\/span><\/li>\n<li><span style=\"font-weight: 400;\"> Par\u00f3quias e santu\u00e1rios : discutimos como as par\u00f3quias e os santu\u00e1rios podem ser espa\u00e7os de encontro e transforma\u00e7\u00e3o social.<\/span><\/li>\n<li><span style=\"font-weight: 400;\"> Sociedade civil e defesa pol\u00edtica : os frades exploraram a sua participa\u00e7\u00e3o na sociedade civil e o seu impacto nas pol\u00edticas p\u00fablicas para promover a justi\u00e7a e a paz.<\/span><\/li>\n<\/ul>\n<p><span style=\"font-weight: 400;\">\u00a0Ao final\u00a0 do encontro, os frades destacaram a import\u00e2ncia de trabalhar de forma colaborativa e em rede para alcan\u00e7ar um impacto significativo na sociedade. Al\u00e9m disso, reafirmaram o compromisso de seguir os passos de S\u00e3o Francisco, que dedicou a sua vida a servir e acolher os mais necessitados, a promover a paz e a reconcilia\u00e7\u00e3o, para continuar a construir o Reino de Deus . \u201cA \u00fanica coisa que um animador de JPIC precisa \u00e9 cumprir a sua miss\u00e3o. Paix\u00e3o por Cristo e paix\u00e3o pelo seu povo\u201d, disse Frei\u00a0 Daniel.<\/span><\/p>\n<p><a href=\"https:\/\/franciscanos.org.br\/banca\/wp-content\/uploads\/2024\/09\/Pt.-Carta-Manifesto-do-VI-Encontro-Continental-das-Americas-de-JPIC-FRANCISCANOS.pdf\"><span style=\"color: #000080;\"><strong>Clique e acesse a carta dos frades participantes do encontro<\/strong><\/span><\/a><\/p>\n<hr \/>\n<p>Fonte: https:\/\/www.ofm.org\/<\/p>\n","protected":false},"excerpt":{"rendered":"<p>Justi\u00e7a, Paz e Integridade da Cria\u00e7\u00e3o das Am\u00e9ricas<\/p>\n","protected":false},"author":11,"featured_media":251008,"comment_status":"open","ping_status":"open","sticky":false,"template":"","format":"standard","meta":[],"categories":[1],"tags":[202],"acf":[],"yoast_head":"<!-- This site is optimized with the Yoast SEO plugin v19.2 - https:\/\/yoast.com\/wordpress\/plugins\/seo\/ -->\n<title>VI Encontro Continental de JPIC nas Am\u00e9ricas encerra com propostas concretas - Not\u00edcias - Franciscanos<\/title>\n<meta name=\"robots\" content=\"index, follow, max-snippet:-1, max-image-preview:large, max-video-preview:-1\" \/>\n<link rel=\"canonical\" href=\"https:\/\/franciscanos.org.br\/noticias\/vi-encontro-continental-de-jpic-nas-americas-encerra-com-propostas-concretas.html\" \/>\n<meta property=\"og:locale\" content=\"pt_BR\" \/>\n<meta property=\"og:type\" content=\"article\" \/>\n<meta property=\"og:title\" content=\"VI Encontro Continental de JPIC nas Am\u00e9ricas encerra com propostas concretas - Not\u00edcias - Franciscanos\" \/>\n<meta property=\"og:description\" content=\"Justi\u00e7a, Paz e Integridade da Cria\u00e7\u00e3o das Am\u00e9ricas\" \/>\n<meta property=\"og:url\" content=\"https:\/\/franciscanos.org.br\/noticias\/vi-encontro-continental-de-jpic-nas-americas-encerra-com-propostas-concretas.html\" \/>\n<meta property=\"og:site_name\" content=\"Not\u00edcias - Franciscanos\" \/>\n<meta property=\"article:published_time\" content=\"2024-09-26T14:51:26+00:00\" \/>\n<meta property=\"article:modified_time\" content=\"2024-09-26T14:54:11+00:00\" \/>\n<meta property=\"og:image\" content=\"https:\/\/franciscanos.org.br\/noticias\/wp-content\/uploads\/2024\/09\/chamada-3-1.jpg\" \/>\n\t<meta property=\"og:image:width\" content=\"800\" \/>\n\t<meta property=\"og:image:height\" content=\"550\" \/>\n\t<meta property=\"og:image:type\" content=\"image\/jpeg\" \/>\n<meta name=\"author\" content=\"Adriana Rabelo\" \/>\n<meta name=\"twitter:card\" content=\"summary_large_image\" \/>\n<meta name=\"twitter:label1\" content=\"Escrito por\" \/>\n\t<meta name=\"twitter:data1\" content=\"Adriana Rabelo\" \/>\n\t<meta name=\"twitter:label2\" content=\"Est. tempo de leitura\" \/>\n\t<meta name=\"twitter:data2\" content=\"4 minutos\" \/>\n<script type=\"application\/ld+json\" class=\"yoast-schema-graph\">{\"@context\":\"https:\/\/schema.org\",\"@graph\":[{\"@type\":\"WebSite\",\"@id\":\"https:\/\/franciscanos.org.br\/noticias\/#website\",\"url\":\"https:\/\/franciscanos.org.br\/noticias\/\",\"name\":\"Not\u00edcias - Franciscanos\",\"description\":\"Prov\u00edncia Franciscana da Imaculada Concei\u00e7\u00e3o do Brasil - Ordem dos Frades Menores - OFM\",\"potentialAction\":[{\"@type\":\"SearchAction\",\"target\":{\"@type\":\"EntryPoint\",\"urlTemplate\":\"https:\/\/franciscanos.org.br\/noticias\/?s={search_term_string}\"},\"query-input\":\"required name=search_term_string\"}],\"inLanguage\":\"pt-BR\"},{\"@type\":\"ImageObject\",\"inLanguage\":\"pt-BR\",\"@id\":\"https:\/\/franciscanos.org.br\/noticias\/vi-encontro-continental-de-jpic-nas-americas-encerra-com-propostas-concretas.html#primaryimage\",\"url\":\"https:\/\/franciscanos.org.br\/noticias\/wp-content\/uploads\/2024\/09\/chamada-3-1.jpg\",\"contentUrl\":\"https:\/\/franciscanos.org.br\/noticias\/wp-content\/uploads\/2024\/09\/chamada-3-1.jpg\",\"width\":800,\"height\":550},{\"@type\":\"WebPage\",\"@id\":\"https:\/\/franciscanos.org.br\/noticias\/vi-encontro-continental-de-jpic-nas-americas-encerra-com-propostas-concretas.html#webpage\",\"url\":\"https:\/\/franciscanos.org.br\/noticias\/vi-encontro-continental-de-jpic-nas-americas-encerra-com-propostas-concretas.html\",\"name\":\"VI Encontro Continental de JPIC nas Am\u00e9ricas encerra com propostas concretas - Not\u00edcias - Franciscanos\",\"isPartOf\":{\"@id\":\"https:\/\/franciscanos.org.br\/noticias\/#website\"},\"primaryImageOfPage\":{\"@id\":\"https:\/\/franciscanos.org.br\/noticias\/vi-encontro-continental-de-jpic-nas-americas-encerra-com-propostas-concretas.html#primaryimage\"},\"datePublished\":\"2024-09-26T14:51:26+00:00\",\"dateModified\":\"2024-09-26T14:54:11+00:00\",\"author\":{\"@id\":\"https:\/\/franciscanos.org.br\/noticias\/#\/schema\/person\/d9422e83121c3ad3b0f423d195f5bb25\"},\"breadcrumb\":{\"@id\":\"https:\/\/franciscanos.org.br\/noticias\/vi-encontro-continental-de-jpic-nas-americas-encerra-com-propostas-concretas.html#breadcrumb\"},\"inLanguage\":\"pt-BR\",\"potentialAction\":[{\"@type\":\"ReadAction\",\"target\":[\"https:\/\/franciscanos.org.br\/noticias\/vi-encontro-continental-de-jpic-nas-americas-encerra-com-propostas-concretas.html\"]}]},{\"@type\":\"BreadcrumbList\",\"@id\":\"https:\/\/franciscanos.org.br\/noticias\/vi-encontro-continental-de-jpic-nas-americas-encerra-com-propostas-concretas.html#breadcrumb\",\"itemListElement\":[{\"@type\":\"ListItem\",\"position\":1,\"name\":\"Home\",\"item\":\"https:\/\/franciscanos.org.br\/noticias\"},{\"@type\":\"ListItem\",\"position\":2,\"name\":\"VI Encontro Continental de JPIC nas Am\u00e9ricas encerra com propostas concretas\"}]},{\"@type\":\"Person\",\"@id\":\"https:\/\/franciscanos.org.br\/noticias\/#\/schema\/person\/d9422e83121c3ad3b0f423d195f5bb25\",\"name\":\"Adriana Rabelo\",\"image\":{\"@type\":\"ImageObject\",\"inLanguage\":\"pt-BR\",\"@id\":\"https:\/\/franciscanos.org.br\/noticias\/#\/schema\/person\/image\/\",\"url\":\"https:\/\/secure.gravatar.com\/avatar\/0a937b7500cd7df77540cfb8bede877d?s=96&d=mm&r=g\",\"contentUrl\":\"https:\/\/secure.gravatar.com\/avatar\/0a937b7500cd7df77540cfb8bede877d?s=96&d=mm&r=g\",\"caption\":\"Adriana Rabelo\"},\"url\":\"https:\/\/franciscanos.org.br\/noticias\/author\/adrianarabelo\"}]}<\/script>\n<!-- \/ Yoast SEO plugin. -->","yoast_head_json":{"title":"VI Encontro Continental de JPIC nas Am\u00e9ricas encerra com propostas concretas - Not\u00edcias - Franciscanos","robots":{"index":"index","follow":"follow","max-snippet":"max-snippet:-1","max-image-preview":"max-image-preview:large","max-video-preview":"max-video-preview:-1"},"canonical":"https:\/\/franciscanos.org.br\/noticias\/vi-encontro-continental-de-jpic-nas-americas-encerra-com-propostas-concretas.html","og_locale":"pt_BR","og_type":"article","og_title":"VI Encontro Continental de JPIC nas Am\u00e9ricas encerra com propostas concretas - Not\u00edcias - Franciscanos","og_description":"Justi\u00e7a, Paz e Integridade da Cria\u00e7\u00e3o das Am\u00e9ricas","og_url":"https:\/\/franciscanos.org.br\/noticias\/vi-encontro-continental-de-jpic-nas-americas-encerra-com-propostas-concretas.html","og_site_name":"Not\u00edcias - Franciscanos","article_published_time":"2024-09-26T14:51:26+00:00","article_modified_time":"2024-09-26T14:54:11+00:00","og_image":[{"width":800,"height":550,"url":"https:\/\/franciscanos.org.br\/noticias\/wp-content\/uploads\/2024\/09\/chamada-3-1.jpg","type":"image\/jpeg"}],"author":"Adriana Rabelo","twitter_card":"summary_large_image","twitter_misc":{"Escrito por":"Adriana Rabelo","Est. tempo de leitura":"4 minutos"},"schema":{"@context":"https:\/\/schema.org","@graph":[{"@type":"WebSite","@id":"https:\/\/franciscanos.org.br\/noticias\/#website","url":"https:\/\/franciscanos.org.br\/noticias\/","name":"Not\u00edcias - Franciscanos","description":"Prov\u00edncia Franciscana da Imaculada Concei\u00e7\u00e3o do Brasil - Ordem dos Frades Menores - OFM","potentialAction":[{"@type":"SearchAction","target":{"@type":"EntryPoint","urlTemplate":"https:\/\/franciscanos.org.br\/noticias\/?s={search_term_string}"},"query-input":"required name=search_term_string"}],"inLanguage":"pt-BR"},{"@type":"ImageObject","inLanguage":"pt-BR","@id":"https:\/\/franciscanos.org.br\/noticias\/vi-encontro-continental-de-jpic-nas-americas-encerra-com-propostas-concretas.html#primaryimage","url":"https:\/\/franciscanos.org.br\/noticias\/wp-content\/uploads\/2024\/09\/chamada-3-1.jpg","contentUrl":"https:\/\/franciscanos.org.br\/noticias\/wp-content\/uploads\/2024\/09\/chamada-3-1.jpg","width":800,"height":550},{"@type":"WebPage","@id":"https:\/\/franciscanos.org.br\/noticias\/vi-encontro-continental-de-jpic-nas-americas-encerra-com-propostas-concretas.html#webpage","url":"https:\/\/franciscanos.org.br\/noticias\/vi-encontro-continental-de-jpic-nas-americas-encerra-com-propostas-concretas.html","name":"VI Encontro Continental de JPIC nas Am\u00e9ricas encerra com propostas concretas - Not\u00edcias - Franciscanos","isPartOf":{"@id":"https:\/\/franciscanos.org.br\/noticias\/#website"},"primaryImageOfPage":{"@id":"https:\/\/franciscanos.org.br\/noticias\/vi-encontro-continental-de-jpic-nas-americas-encerra-com-propostas-concretas.html#primaryimage"},"datePublished":"2024-09-26T14:51:26+00:00","dateModified":"2024-09-26T14:54:11+00:00","author":{"@id":"https:\/\/franciscanos.org.br\/noticias\/#\/schema\/person\/d9422e83121c3ad3b0f423d195f5bb25"},"breadcrumb":{"@id":"https:\/\/franciscanos.org.br\/noticias\/vi-encontro-continental-de-jpic-nas-americas-encerra-com-propostas-concretas.html#breadcrumb"},"inLanguage":"pt-BR","potentialAction":[{"@type":"ReadAction","target":["https:\/\/franciscanos.org.br\/noticias\/vi-encontro-continental-de-jpic-nas-americas-encerra-com-propostas-concretas.html"]}]},{"@type":"BreadcrumbList","@id":"https:\/\/franciscanos.org.br\/noticias\/vi-encontro-continental-de-jpic-nas-americas-encerra-com-propostas-concretas.html#breadcrumb","itemListElement":[{"@type":"ListItem","position":1,"name":"Home","item":"https:\/\/franciscanos.org.br\/noticias"},{"@type":"ListItem","position":2,"name":"VI Encontro Continental de JPIC nas Am\u00e9ricas encerra com propostas concretas"}]},{"@type":"Person","@id":"https:\/\/franciscanos.org.br\/noticias\/#\/schema\/person\/d9422e83121c3ad3b0f423d195f5bb25","name":"Adriana Rabelo","image":{"@type":"ImageObject","inLanguage":"pt-BR","@id":"https:\/\/franciscanos.org.br\/noticias\/#\/schema\/person\/image\/","url":"https:\/\/secure.gravatar.com\/avatar\/0a937b7500cd7df77540cfb8bede877d?s=96&d=mm&r=g","contentUrl":"https:\/\/secure.gravatar.com\/avatar\/0a937b7500cd7df77540cfb8bede877d?s=96&d=mm&r=g","caption":"Adriana Rabelo"},"url":"https:\/\/franciscanos.org.br\/noticias\/author\/adrianarabelo"}]}},"_links":{"self":[{"href":"https:\/\/franciscanos.org.br\/noticias\/wp-json\/wp\/v2\/posts\/251001"}],"collection":[{"href":"https:\/\/franciscanos.org.br\/noticias\/wp-json\/wp\/v2\/posts"}],"about":[{"href":"https:\/\/franciscanos.org.br\/noticias\/wp-json\/wp\/v2\/types\/post"}],"author":[{"embeddable":true,"href":"https:\/\/franciscanos.org.br\/noticias\/wp-json\/wp\/v2\/users\/11"}],"replies":[{"embeddable":true,"href":"https:\/\/franciscanos.org.br\/noticias\/wp-json\/wp\/v2\/comments?post=251001"}],"version-history":[{"count":2,"href":"https:\/\/franciscanos.org.br\/noticias\/wp-json\/wp\/v2\/posts\/251001\/revisions"}],"predecessor-version":[{"id":251010,"href":"https:\/\/franciscanos.org.br\/noticias\/wp-json\/wp\/v2\/posts\/251001\/revisions\/251010"}],"wp:featuredmedia":[{"embeddable":true,"href":"https:\/\/franciscanos.org.br\/noticias\/wp-json\/wp\/v2\/media\/251008"}],"wp:attachment":[{"href":"https:\/\/franciscanos.org.br\/noticias\/wp-json\/wp\/v2\/media?parent=251001"}],"wp:term":[{"taxonomy":"category","embeddable":true,"href":"https:\/\/franciscanos.org.br\/noticias\/wp-json\/wp\/v2\/categories?post=251001"},{"taxonomy":"post_tag","embeddable":true,"href":"https:\/\/franciscanos.org.br\/noticias\/wp-json\/wp\/v2\/tags?post=251001"}],"curies":[{"name":"wp","href":"https:\/\/api.w.org\/{rel}","templated":true}]}}