{"id":251000,"date":"2024-09-26T11:31:50","date_gmt":"2024-09-26T14:31:50","guid":{"rendered":"https:\/\/franciscanos.org.br\/noticias\/?p=251000"},"modified":"2024-09-26T12:28:30","modified_gmt":"2024-09-26T15:28:30","slug":"dizer-sim-a-doacao-de-orgaos-o-cristao-que-se-preze-vive-e-morre-fazendo-o-bem","status":"publish","type":"post","link":"https:\/\/franciscanos.org.br\/noticias\/dizer-sim-a-doacao-de-orgaos-o-cristao-que-se-preze-vive-e-morre-fazendo-o-bem.html","title":{"rendered":"Dizer \u2018sim\u2019 \u00e0 doa\u00e7\u00e3o de \u00f3rg\u00e3os: o crist\u00e3o que se preze, vive e morre fazendo o bem"},"content":{"rendered":"<p><img loading=\"lazy\" class=\"aligncenter wp-image-251011 size-full\" src=\"https:\/\/franciscanos.org.br\/noticias\/wp-content\/uploads\/2024\/09\/MATERIA-DOACAO-DE-ORGAOS.jpg\" alt=\"\" width=\"1280\" height=\"720\" srcset=\"https:\/\/franciscanos.org.br\/noticias\/wp-content\/uploads\/2024\/09\/MATERIA-DOACAO-DE-ORGAOS.jpg 1280w, https:\/\/franciscanos.org.br\/noticias\/wp-content\/uploads\/2024\/09\/MATERIA-DOACAO-DE-ORGAOS-450x253.jpg 450w, https:\/\/franciscanos.org.br\/noticias\/wp-content\/uploads\/2024\/09\/MATERIA-DOACAO-DE-ORGAOS-1024x576.jpg 1024w, https:\/\/franciscanos.org.br\/noticias\/wp-content\/uploads\/2024\/09\/MATERIA-DOACAO-DE-ORGAOS-768x432.jpg 768w, https:\/\/franciscanos.org.br\/noticias\/wp-content\/uploads\/2024\/09\/MATERIA-DOACAO-DE-ORGAOS-150x84.jpg 150w\" sizes=\"(max-width: 1280px) 100vw, 1280px\" \/><\/p>\n<p>O Convento da Penha, em Vila Velha (ES), aderiu \u00e0 campanha Setembro Verde, dedicada a doa\u00e7\u00e3o de \u00f3rg\u00e3os e,\u00a0 nesta quarta-feira (25\/09), na tradicional Santa Missa da Sa\u00fade, no Campinho do Convento, acolheu a Central Estadual de Transplantes do Esp\u00edrito Santo que, em conjunto com\u00a0 agentes e colaboradores da Secretaria de Estado da Sa\u00fade, realizaram uma a\u00e7\u00e3o conscientizadora sobre a import\u00e2ncia do ato para salvar vidas.<\/p>\n<p>Uma das institui\u00e7\u00f5es que fazem parte de todo o processo de transplante de \u00f3rg\u00e3os \u00e9 o Notaer (N\u00facleo de Opera\u00e7\u00f5es e Transportes A\u00e9reo), respons\u00e1vel pelo transporte do \u00f3rg\u00e3o doado, quando o doador e o receptor est\u00e3o em locais de maior dist\u00e2ncia. Antes da Missa, um helic\u00f3ptero do Notaer sobrevoou o Convento e circulou o monumento hist\u00f3rico por tr\u00eas vezes, destacando para todos a import\u00e2ncia de unir for\u00e7as e institui\u00e7\u00f5es em prol da vida.<\/p>\n<p>A celebra\u00e7\u00e3o Eucar\u00edstica foi presidida por Frei Paulo C\u00e9sar Ferreira da Silva, vig\u00e1rio do Convento, e concelebrada pelo Padre Rafael Martins, administrador da Par\u00f3quia Nossa Senhora da Concei\u00e7\u00e3o. Padre Rafael teve caso de doa\u00e7\u00e3o de \u00f3rg\u00e3os na fam\u00edlia quando um tr\u00e1gico acidente vitimou familiares. Todos faleceram e entre as v\u00edtimas fatais, um menino de 12 anos teve \u00f3rg\u00e3os doados pela fam\u00edlia. Quem tamb\u00e9m \u00e9 doador de \u00f3rg\u00e3os \u00e9 Frei Jorge L\u00e1zaro, o frade do Convento doou parte do f\u00edgado para um familiar.<\/p>\n<p>Ao iniciar a\u00a0 Santa Missa, Frei Paulo\u00a0 destacou que a Igreja se une aos agentes de sa\u00fade envolvidos na doa\u00e7\u00e3o de \u00f3rg\u00e3os. \u201cA Missa de hoje \u00e9 especial porque tem a participa\u00e7\u00e3o dos profissionais que trabalham na Central Estadual de Transplantes, da Secretaria Estadual de Sa\u00fade, de familiares de doadores, de receptores de \u00f3rg\u00e3os e da equipe do Notaer. Com toda alegria, esperan\u00e7a, lembramos esse trabalho bonito, esse apoio que os necessitados por\u00a0 transplantes t\u00eam recebido.\u00a0 Agradecemos \u00e0s fam\u00edlias de doadores que faleceram, aqueles que nos precederam no c\u00e9u. Nossa vida \u00e9 assim, quer vivos ou falecidos,\u00a0 n\u00e3o podemos deixar de fazer o bem, por isso, vamos celebrar na f\u00e9 e com devo\u00e7\u00e3o\u201d, disse o vig\u00e1rio .<\/p>\n<p>Na homilia, o frade lembrou a necessidade de sempre ouvir e colocar em pr\u00e1tica a Palavra de Deus, porque a\u00a0 Sagrada Escritura \u201cnos desafia a confiar nela, a termos confian\u00e7a incondicional, a sermos \u2018todo ouvidos\u2019 \u00e0 Palavra, porque assim, seremos melhores, preservados da falsidade, da ilus\u00e3o, da aliena\u00e7\u00e3o, do mal\u00a0 para alcan\u00e7armos o necess\u00e1rio,\u00a0 paz e o bem&#8221;.<\/p>\n\n\t\t<style type=\"text\/css\">\n\t\t\t#gallery-1 {\n\t\t\t\tmargin: auto;\n\t\t\t}\n\t\t\t#gallery-1 .gallery-item {\n\t\t\t\tfloat: left;\n\t\t\t\tmargin-top: 10px;\n\t\t\t\ttext-align: center;\n\t\t\t\twidth: 25%;\n\t\t\t}\n\t\t\t#gallery-1 img {\n\t\t\t\tborder: 2px solid #cfcfcf;\n\t\t\t}\n\t\t\t#gallery-1 .gallery-caption {\n\t\t\t\tmargin-left: 0;\n\t\t\t}\n\t\t\t\/* see gallery_shortcode() in wp-includes\/media.php *\/\n\t\t<\/style>\n\t\t<div id='gallery-1' class='gallery galleryid-251000 gallery-columns-4 gallery-size-thumbnail'><dl class='gallery-item'>\n\t\t\t<dt class='gallery-icon landscape'>\n\t\t\t\t<a href='https:\/\/franciscanos.org.br\/noticias\/wp-content\/uploads\/2024\/09\/Missa-pelos-Doadores-de-Orgaos-2024-40-1536x1024-1.jpg'><img width=\"300\" height=\"300\" src=\"https:\/\/franciscanos.org.br\/noticias\/wp-content\/uploads\/2024\/09\/Missa-pelos-Doadores-de-Orgaos-2024-40-1536x1024-1-300x300.jpg\" class=\"attachment-thumbnail size-thumbnail\" alt=\"\" loading=\"lazy\" srcset=\"https:\/\/franciscanos.org.br\/noticias\/wp-content\/uploads\/2024\/09\/Missa-pelos-Doadores-de-Orgaos-2024-40-1536x1024-1-300x300.jpg 300w, https:\/\/franciscanos.org.br\/noticias\/wp-content\/uploads\/2024\/09\/Missa-pelos-Doadores-de-Orgaos-2024-40-1536x1024-1-100x100.jpg 100w\" sizes=\"(max-width: 300px) 100vw, 300px\" \/><\/a>\n\t\t\t<\/dt><\/dl><dl class='gallery-item'>\n\t\t\t<dt class='gallery-icon landscape'>\n\t\t\t\t<a href='https:\/\/franciscanos.org.br\/noticias\/wp-content\/uploads\/2024\/09\/Missa-pelos-Doadores-de-Orgaos-2024-31-1536x1024-1.jpg'><img width=\"300\" height=\"300\" src=\"https:\/\/franciscanos.org.br\/noticias\/wp-content\/uploads\/2024\/09\/Missa-pelos-Doadores-de-Orgaos-2024-31-1536x1024-1-300x300.jpg\" class=\"attachment-thumbnail size-thumbnail\" alt=\"\" loading=\"lazy\" srcset=\"https:\/\/franciscanos.org.br\/noticias\/wp-content\/uploads\/2024\/09\/Missa-pelos-Doadores-de-Orgaos-2024-31-1536x1024-1-300x300.jpg 300w, https:\/\/franciscanos.org.br\/noticias\/wp-content\/uploads\/2024\/09\/Missa-pelos-Doadores-de-Orgaos-2024-31-1536x1024-1-100x100.jpg 100w\" sizes=\"(max-width: 300px) 100vw, 300px\" \/><\/a>\n\t\t\t<\/dt><\/dl><dl class='gallery-item'>\n\t\t\t<dt class='gallery-icon landscape'>\n\t\t\t\t<a href='https:\/\/franciscanos.org.br\/noticias\/wp-content\/uploads\/2024\/09\/Missa-pelos-Doadores-de-Orgaos-2024-32-1536x1024-1.jpg'><img width=\"300\" height=\"300\" src=\"https:\/\/franciscanos.org.br\/noticias\/wp-content\/uploads\/2024\/09\/Missa-pelos-Doadores-de-Orgaos-2024-32-1536x1024-1-300x300.jpg\" class=\"attachment-thumbnail size-thumbnail\" alt=\"\" loading=\"lazy\" srcset=\"https:\/\/franciscanos.org.br\/noticias\/wp-content\/uploads\/2024\/09\/Missa-pelos-Doadores-de-Orgaos-2024-32-1536x1024-1-300x300.jpg 300w, https:\/\/franciscanos.org.br\/noticias\/wp-content\/uploads\/2024\/09\/Missa-pelos-Doadores-de-Orgaos-2024-32-1536x1024-1-100x100.jpg 100w\" sizes=\"(max-width: 300px) 100vw, 300px\" \/><\/a>\n\t\t\t<\/dt><\/dl><dl class='gallery-item'>\n\t\t\t<dt class='gallery-icon landscape'>\n\t\t\t\t<a href='https:\/\/franciscanos.org.br\/noticias\/wp-content\/uploads\/2024\/09\/Missa-pelos-Doadores-de-Orgaos-2024-30-1536x1024-1.jpg'><img width=\"300\" height=\"300\" src=\"https:\/\/franciscanos.org.br\/noticias\/wp-content\/uploads\/2024\/09\/Missa-pelos-Doadores-de-Orgaos-2024-30-1536x1024-1-300x300.jpg\" class=\"attachment-thumbnail size-thumbnail\" alt=\"\" loading=\"lazy\" srcset=\"https:\/\/franciscanos.org.br\/noticias\/wp-content\/uploads\/2024\/09\/Missa-pelos-Doadores-de-Orgaos-2024-30-1536x1024-1-300x300.jpg 300w, https:\/\/franciscanos.org.br\/noticias\/wp-content\/uploads\/2024\/09\/Missa-pelos-Doadores-de-Orgaos-2024-30-1536x1024-1-100x100.jpg 100w\" sizes=\"(max-width: 300px) 100vw, 300px\" \/><\/a>\n\t\t\t<\/dt><\/dl><br style=\"clear: both\" \/>\n\t\t<\/div>\n\n<p>Na sequ\u00eancia, ao que chamou de \u201cpandemia do individualismo\u201d, o Vig\u00e1rio questionou: \u201cEstamos atentos? Somos obedientes, atuantes e procuramos ter o que a Palavra diz? Devemos ser cada vez melhores? Ou nos fazemos de surdos, indiferentes, talvez mais apegados \u00e0s veleidades deste mundo ou mais c\u00e9ticos, descrentes? Com Deus, faremos proezas, sem Ele, s\u00f3 tristeza, desola\u00e7\u00e3o, divis\u00e3o. Crist\u00e3o que se preza, vive e morre fazendo o bem. O nosso corpo morre, mas nosso esp\u00edrito, nossa alma, n\u00e3o! Quanta gente doente, quanta gente atormentada. Uma farm\u00e1cia em cada esquina. Vivemos a pandemia do individualismo, da engana\u00e7\u00e3o, e\u00a0 a Palavra de Deus \u00e9 a verdade\u201d, refletiu.<\/p>\n<p>Na sequ\u00eancia da reflex\u00e3o, Frei Paulo falou diretamente aos fi\u00e9is sobre a doa\u00e7\u00e3o. \u201cNossa morada nesta vida \u00e9 mat\u00e9ria, se acaba, portanto, o transplante, se for poss\u00edvel, seguindo os tr\u00e2mites, os procedimentos, pode servir sim para que outros irm\u00e3os nossos , padecendo com problemas graves, cr\u00f4nicos, possam ganhar qualidade de vida. Ent\u00e3o, essa celebra\u00e7\u00e3o quer justamente isso, conscientizar sobre a import\u00e2ncia de sermos solid\u00e1rios, vivos ou falecidos. Que as fam\u00edlias se conscientizem da import\u00e2ncia de sermos solid\u00e1rios\u201d, afirmou.<\/p>\n<p>No final da celebra\u00e7\u00e3o, antes da b\u00ean\u00e7\u00e3o aos doentes e enfermos, a devota Solange Coura contou seu testemunho. Ela perdeu o irm\u00e3o em 2019 e\u00a0 a fam\u00edlia optou pela doa\u00e7\u00e3o dos \u00f3rg\u00e3os. As c\u00f3rneas do rapaz foram transplantadas para dois pacientes, que puderam enxergar melhor e ter mais qualidade de vida. Foram distribu\u00eddas camisetas e materiais com informa\u00e7\u00f5es sobre\u00a0 o processo de doa\u00e7\u00e3o de \u00f3rg\u00e3os.<\/p>\n<p>A coordenadora da Central Estadual de Transplantes do Esp\u00edrito Santo (CET-ES), Maria Machado, ressaltou que \u201c\u00e9 por meio da conscientiza\u00e7\u00e3o e da informa\u00e7\u00e3o que as pessoas ter\u00e3o a oportunidade de discutir o tema abertamente, permitindo que outras pessoas se sintam confort\u00e1veis e seguras em se declarar doadores de \u00f3rg\u00e3os\u201d.<\/p>\n\n\t\t<style type=\"text\/css\">\n\t\t\t#gallery-2 {\n\t\t\t\tmargin: auto;\n\t\t\t}\n\t\t\t#gallery-2 .gallery-item {\n\t\t\t\tfloat: left;\n\t\t\t\tmargin-top: 10px;\n\t\t\t\ttext-align: center;\n\t\t\t\twidth: 25%;\n\t\t\t}\n\t\t\t#gallery-2 img {\n\t\t\t\tborder: 2px solid #cfcfcf;\n\t\t\t}\n\t\t\t#gallery-2 .gallery-caption {\n\t\t\t\tmargin-left: 0;\n\t\t\t}\n\t\t\t\/* see gallery_shortcode() in wp-includes\/media.php *\/\n\t\t<\/style>\n\t\t<div id='gallery-2' class='gallery galleryid-251000 gallery-columns-4 gallery-size-thumbnail'><dl class='gallery-item'>\n\t\t\t<dt class='gallery-icon landscape'>\n\t\t\t\t<a href='https:\/\/franciscanos.org.br\/noticias\/wp-content\/uploads\/2024\/09\/Missa-pelos-Doadores-de-Orgaos-2024-19-1536x1024-1.jpg'><img width=\"300\" height=\"300\" src=\"https:\/\/franciscanos.org.br\/noticias\/wp-content\/uploads\/2024\/09\/Missa-pelos-Doadores-de-Orgaos-2024-19-1536x1024-1-300x300.jpg\" class=\"attachment-thumbnail size-thumbnail\" alt=\"\" loading=\"lazy\" srcset=\"https:\/\/franciscanos.org.br\/noticias\/wp-content\/uploads\/2024\/09\/Missa-pelos-Doadores-de-Orgaos-2024-19-1536x1024-1-300x300.jpg 300w, https:\/\/franciscanos.org.br\/noticias\/wp-content\/uploads\/2024\/09\/Missa-pelos-Doadores-de-Orgaos-2024-19-1536x1024-1-100x100.jpg 100w\" sizes=\"(max-width: 300px) 100vw, 300px\" \/><\/a>\n\t\t\t<\/dt><\/dl><dl class='gallery-item'>\n\t\t\t<dt class='gallery-icon landscape'>\n\t\t\t\t<a href='https:\/\/franciscanos.org.br\/noticias\/wp-content\/uploads\/2024\/09\/Missa-pelos-Doadores-de-Orgaos-2024-25-1536x1024-1.jpg'><img width=\"300\" height=\"300\" src=\"https:\/\/franciscanos.org.br\/noticias\/wp-content\/uploads\/2024\/09\/Missa-pelos-Doadores-de-Orgaos-2024-25-1536x1024-1-300x300.jpg\" class=\"attachment-thumbnail size-thumbnail\" alt=\"\" loading=\"lazy\" srcset=\"https:\/\/franciscanos.org.br\/noticias\/wp-content\/uploads\/2024\/09\/Missa-pelos-Doadores-de-Orgaos-2024-25-1536x1024-1-300x300.jpg 300w, https:\/\/franciscanos.org.br\/noticias\/wp-content\/uploads\/2024\/09\/Missa-pelos-Doadores-de-Orgaos-2024-25-1536x1024-1-100x100.jpg 100w\" sizes=\"(max-width: 300px) 100vw, 300px\" \/><\/a>\n\t\t\t<\/dt><\/dl><dl class='gallery-item'>\n\t\t\t<dt class='gallery-icon landscape'>\n\t\t\t\t<a href='https:\/\/franciscanos.org.br\/noticias\/wp-content\/uploads\/2024\/09\/Missa-pelos-Doadores-de-Orgaos-2024-35-1536x1024-1.jpg'><img width=\"300\" height=\"300\" src=\"https:\/\/franciscanos.org.br\/noticias\/wp-content\/uploads\/2024\/09\/Missa-pelos-Doadores-de-Orgaos-2024-35-1536x1024-1-300x300.jpg\" class=\"attachment-thumbnail size-thumbnail\" alt=\"\" loading=\"lazy\" srcset=\"https:\/\/franciscanos.org.br\/noticias\/wp-content\/uploads\/2024\/09\/Missa-pelos-Doadores-de-Orgaos-2024-35-1536x1024-1-300x300.jpg 300w, https:\/\/franciscanos.org.br\/noticias\/wp-content\/uploads\/2024\/09\/Missa-pelos-Doadores-de-Orgaos-2024-35-1536x1024-1-100x100.jpg 100w\" sizes=\"(max-width: 300px) 100vw, 300px\" \/><\/a>\n\t\t\t<\/dt><\/dl><dl class='gallery-item'>\n\t\t\t<dt class='gallery-icon landscape'>\n\t\t\t\t<a href='https:\/\/franciscanos.org.br\/noticias\/wp-content\/uploads\/2024\/09\/Missa-pelos-Doadores-de-Orgaos-2024-46-1536x1024-1.jpg'><img width=\"300\" height=\"300\" src=\"https:\/\/franciscanos.org.br\/noticias\/wp-content\/uploads\/2024\/09\/Missa-pelos-Doadores-de-Orgaos-2024-46-1536x1024-1-300x300.jpg\" class=\"attachment-thumbnail size-thumbnail\" alt=\"\" loading=\"lazy\" srcset=\"https:\/\/franciscanos.org.br\/noticias\/wp-content\/uploads\/2024\/09\/Missa-pelos-Doadores-de-Orgaos-2024-46-1536x1024-1-300x300.jpg 300w, https:\/\/franciscanos.org.br\/noticias\/wp-content\/uploads\/2024\/09\/Missa-pelos-Doadores-de-Orgaos-2024-46-1536x1024-1-100x100.jpg 100w\" sizes=\"(max-width: 300px) 100vw, 300px\" \/><\/a>\n\t\t\t<\/dt><\/dl><br style=\"clear: both\" \/>\n\t\t<\/div>\n\n<p>Ela tamb\u00e9m atualizou os dados dos transplantes no Estado.<\/p>\n<p>\u2013 No Esp\u00edrito Santo, s\u00e3o realizados transplantes de cora\u00e7\u00e3o, f\u00edgado, rim, c\u00f3rnea\/esclera, medula \u00f3ssea aut\u00f3logo e medula \u00f3ssea aparentado e n\u00e3o aparentado.<\/p>\n<p>\u2013 De janeiro a julho deste ano, o Estado realizou 332 transplantes de \u00f3rg\u00e3os s\u00f3lidos, tecidos e medula. No mesmo per\u00edodo, foram realizadas 104 entrevistas familiares para doa\u00e7\u00e3o de \u00f3rg\u00e3os, com 53% de aceita\u00e7\u00e3o, isto \u00e9, com o \u201csim\u201d da fam\u00edlia, e 38% de recusa.<\/p>\n<p>\u2013 Em 2023, o Estado realizou 474 transplantes de \u00f3rg\u00e3os s\u00f3lidos, tecidos e medula. No mesmo ano foram realizadas 162 entrevistas familiares, com 45% de aceita\u00e7\u00e3o, com o \u2018sim\u2019 para a doa\u00e7\u00e3o de \u00f3rg\u00e3os, e 42% de recusa.<\/p>\n<p>\u2013 As entrevistas ocorrem nos servi\u00e7os de sa\u00fade ap\u00f3s a confirma\u00e7\u00e3o por morte encef\u00e1lica do potencial doador, onde os profissionais de sa\u00fade, que atuam nas Comiss\u00f5es Intra-Hospitalar para Doa\u00e7\u00e3o de \u00d3rg\u00e3os e Tecidos para Transplantes (CIHDOTT), promovem o acolhimento familiar.<\/p>\n<p>\u2013 S\u00e3o aproximadamente 2.500 capixabas\u00a0 aguardando por um \u00f3rg\u00e3o no Estado, sendo 1.176 para rim, 1.279 para c\u00f3rnea, 43 para f\u00edgado e dois \u00e0 espera de um cora\u00e7\u00e3o.<\/p>\n<p>O Estado conta ainda com seis equipes credenciadas no Sistema Nacional de Transplantes (SNT) e habilitadas para transplantes de \u00f3rg\u00e3os s\u00f3lidos, cujos procedimentos s\u00e3o realizados no Hospital Meridional de Cariacica e no Hospital Evang\u00e9lico de Vila Velha, al\u00e9m das unidades que realizam transplante de medula e de c\u00f3rneas. As unidades s\u00e3o:<\/p>\n<p>\u2013 Hospital Meridional de Cariacica: cora\u00e7\u00e3o, f\u00edgado e rins;<\/p>\n<p>\u2013 Hospital Evang\u00e9lico de Vila Velha: cora\u00e7\u00e3o, rim, f\u00edgado e c\u00f3rnea;<\/p>\n<p>\u2013 Hospital Universit\u00e1rio Cassiano Ant\u00f4nio de Moraes (HUCAM): c\u00f3rnea;<\/p>\n<p>\u2013 Hospital Santa Rita: transplante de medula aut\u00f3logo e alog\u00eanico aparentado;<\/p>\n<p>\u2013 Hospital Santa Casa de Miseric\u00f3rdia de Vit\u00f3ria: c\u00f3rnea;<\/p>\n<p>\u2013 Centro de Cirurgia Ocular do Esp\u00edrito Santo (CECOES): c\u00f3rnea (procedimento por conv\u00eanio particular);<\/p>\n<p>\u2013 Instituto de Olhos do Esp\u00edrito Santo (IOES): c\u00f3rnea (procedimento por conv\u00eanio particular);<\/p>\n<p>\u2013 Instituto Oftalmol\u00f3gico Santa Luzia: c\u00f3rnea (procedimento por conv\u00eanio particular);<\/p>\n<p>\u2013 Hospital Mata da Praia: c\u00f3rnea (procedimento por conv\u00eanio particular);<\/p>\n<p>Embora haja unidades particulares, todo o processo de notifica\u00e7\u00e3o, capta\u00e7\u00e3o e doa\u00e7\u00e3o de \u00f3rg\u00e3os \u00e9 feito pelo Sistema \u00danico de Sa\u00fade (SUS). Nas unidades particulares, os pacientes integram a mesma lista do Sistema Nacional de Transplantes (SNT), com aloca\u00e7\u00e3o conforme ordem, prioridade e compatibilidade. A diferen\u00e7a est\u00e1 no financiamento da cirurgia, exames e hospitaliza\u00e7\u00e3o, que s\u00e3o arcados por meio do conv\u00eanio ou particular.<\/p>\n<p>No Estado, h\u00e1 tamb\u00e9m os bancos de olhos que fazem a capta\u00e7\u00e3o de c\u00f3rneas. Eles est\u00e3o localizados no Hospital Universit\u00e1rio Cassiano Ant\u00f4nio de Moraes (HUCAM), que realiza a capta\u00e7\u00e3o de c\u00f3rneas em Vit\u00f3ria; e no Hospital Evang\u00e9lico de Vila Velha, que faz a capta\u00e7\u00e3o de c\u00f3rneas nos demais munic\u00edpios do Esp\u00edrito Santo.<\/p>\n<p><em>Com informa\u00e7\u00f5es da Secretaria de Estado da S\u00e1ude.<\/em><\/p>\n<hr \/>\n<p><em>Cristian Oliveira- Convento da Penha<\/em><\/p>\n","protected":false},"excerpt":{"rendered":"<p>Campanha de doa\u00e7\u00e3o de \u00f3rg\u00e3os<\/p>\n","protected":false},"author":11,"featured_media":251012,"comment_status":"open","ping_status":"open","sticky":false,"template":"","format":"standard","meta":[],"categories":[1],"tags":[248],"acf":[],"yoast_head":"<!-- This site is optimized with the Yoast SEO plugin v19.2 - https:\/\/yoast.com\/wordpress\/plugins\/seo\/ -->\n<title>Dizer \u2018sim\u2019 \u00e0 doa\u00e7\u00e3o de \u00f3rg\u00e3os: o crist\u00e3o que se preze, vive e morre fazendo o bem - Not\u00edcias - Franciscanos<\/title>\n<meta name=\"robots\" content=\"index, follow, max-snippet:-1, max-image-preview:large, max-video-preview:-1\" \/>\n<link rel=\"canonical\" href=\"https:\/\/franciscanos.org.br\/noticias\/dizer-sim-a-doacao-de-orgaos-o-cristao-que-se-preze-vive-e-morre-fazendo-o-bem.html\" \/>\n<meta property=\"og:locale\" content=\"pt_BR\" \/>\n<meta property=\"og:type\" content=\"article\" \/>\n<meta property=\"og:title\" content=\"Dizer \u2018sim\u2019 \u00e0 doa\u00e7\u00e3o de \u00f3rg\u00e3os: o crist\u00e3o que se preze, vive e morre fazendo o bem - Not\u00edcias - Franciscanos\" \/>\n<meta property=\"og:description\" content=\"Campanha de doa\u00e7\u00e3o de \u00f3rg\u00e3os\" \/>\n<meta property=\"og:url\" content=\"https:\/\/franciscanos.org.br\/noticias\/dizer-sim-a-doacao-de-orgaos-o-cristao-que-se-preze-vive-e-morre-fazendo-o-bem.html\" \/>\n<meta property=\"og:site_name\" content=\"Not\u00edcias - Franciscanos\" \/>\n<meta property=\"article:published_time\" content=\"2024-09-26T14:31:50+00:00\" \/>\n<meta property=\"article:modified_time\" content=\"2024-09-26T15:28:30+00:00\" \/>\n<meta property=\"og:image\" content=\"https:\/\/franciscanos.org.br\/noticias\/wp-content\/uploads\/2024\/09\/destaque-doacao.jpg\" \/>\n\t<meta property=\"og:image:width\" content=\"800\" \/>\n\t<meta property=\"og:image:height\" content=\"550\" \/>\n\t<meta property=\"og:image:type\" content=\"image\/jpeg\" \/>\n<meta name=\"author\" content=\"Adriana Rabelo\" \/>\n<meta name=\"twitter:card\" content=\"summary_large_image\" \/>\n<meta name=\"twitter:label1\" content=\"Escrito por\" \/>\n\t<meta name=\"twitter:data1\" content=\"Adriana Rabelo\" \/>\n\t<meta name=\"twitter:label2\" content=\"Est. tempo de leitura\" \/>\n\t<meta name=\"twitter:data2\" content=\"7 minutos\" \/>\n<script type=\"application\/ld+json\" class=\"yoast-schema-graph\">{\"@context\":\"https:\/\/schema.org\",\"@graph\":[{\"@type\":\"WebSite\",\"@id\":\"https:\/\/franciscanos.org.br\/noticias\/#website\",\"url\":\"https:\/\/franciscanos.org.br\/noticias\/\",\"name\":\"Not\u00edcias - Franciscanos\",\"description\":\"Prov\u00edncia Franciscana da Imaculada Concei\u00e7\u00e3o do Brasil - Ordem dos Frades Menores - OFM\",\"potentialAction\":[{\"@type\":\"SearchAction\",\"target\":{\"@type\":\"EntryPoint\",\"urlTemplate\":\"https:\/\/franciscanos.org.br\/noticias\/?s={search_term_string}\"},\"query-input\":\"required name=search_term_string\"}],\"inLanguage\":\"pt-BR\"},{\"@type\":\"ImageObject\",\"inLanguage\":\"pt-BR\",\"@id\":\"https:\/\/franciscanos.org.br\/noticias\/dizer-sim-a-doacao-de-orgaos-o-cristao-que-se-preze-vive-e-morre-fazendo-o-bem.html#primaryimage\",\"url\":\"https:\/\/franciscanos.org.br\/noticias\/wp-content\/uploads\/2024\/09\/destaque-doacao.jpg\",\"contentUrl\":\"https:\/\/franciscanos.org.br\/noticias\/wp-content\/uploads\/2024\/09\/destaque-doacao.jpg\",\"width\":800,\"height\":550},{\"@type\":\"WebPage\",\"@id\":\"https:\/\/franciscanos.org.br\/noticias\/dizer-sim-a-doacao-de-orgaos-o-cristao-que-se-preze-vive-e-morre-fazendo-o-bem.html#webpage\",\"url\":\"https:\/\/franciscanos.org.br\/noticias\/dizer-sim-a-doacao-de-orgaos-o-cristao-que-se-preze-vive-e-morre-fazendo-o-bem.html\",\"name\":\"Dizer \u2018sim\u2019 \u00e0 doa\u00e7\u00e3o de \u00f3rg\u00e3os: o crist\u00e3o que se preze, vive e morre fazendo o bem - Not\u00edcias - Franciscanos\",\"isPartOf\":{\"@id\":\"https:\/\/franciscanos.org.br\/noticias\/#website\"},\"primaryImageOfPage\":{\"@id\":\"https:\/\/franciscanos.org.br\/noticias\/dizer-sim-a-doacao-de-orgaos-o-cristao-que-se-preze-vive-e-morre-fazendo-o-bem.html#primaryimage\"},\"datePublished\":\"2024-09-26T14:31:50+00:00\",\"dateModified\":\"2024-09-26T15:28:30+00:00\",\"author\":{\"@id\":\"https:\/\/franciscanos.org.br\/noticias\/#\/schema\/person\/d9422e83121c3ad3b0f423d195f5bb25\"},\"breadcrumb\":{\"@id\":\"https:\/\/franciscanos.org.br\/noticias\/dizer-sim-a-doacao-de-orgaos-o-cristao-que-se-preze-vive-e-morre-fazendo-o-bem.html#breadcrumb\"},\"inLanguage\":\"pt-BR\",\"potentialAction\":[{\"@type\":\"ReadAction\",\"target\":[\"https:\/\/franciscanos.org.br\/noticias\/dizer-sim-a-doacao-de-orgaos-o-cristao-que-se-preze-vive-e-morre-fazendo-o-bem.html\"]}]},{\"@type\":\"BreadcrumbList\",\"@id\":\"https:\/\/franciscanos.org.br\/noticias\/dizer-sim-a-doacao-de-orgaos-o-cristao-que-se-preze-vive-e-morre-fazendo-o-bem.html#breadcrumb\",\"itemListElement\":[{\"@type\":\"ListItem\",\"position\":1,\"name\":\"Home\",\"item\":\"https:\/\/franciscanos.org.br\/noticias\"},{\"@type\":\"ListItem\",\"position\":2,\"name\":\"Dizer \u2018sim\u2019 \u00e0 doa\u00e7\u00e3o de \u00f3rg\u00e3os: o crist\u00e3o que se preze, vive e morre fazendo o bem\"}]},{\"@type\":\"Person\",\"@id\":\"https:\/\/franciscanos.org.br\/noticias\/#\/schema\/person\/d9422e83121c3ad3b0f423d195f5bb25\",\"name\":\"Adriana Rabelo\",\"image\":{\"@type\":\"ImageObject\",\"inLanguage\":\"pt-BR\",\"@id\":\"https:\/\/franciscanos.org.br\/noticias\/#\/schema\/person\/image\/\",\"url\":\"https:\/\/secure.gravatar.com\/avatar\/0a937b7500cd7df77540cfb8bede877d?s=96&d=mm&r=g\",\"contentUrl\":\"https:\/\/secure.gravatar.com\/avatar\/0a937b7500cd7df77540cfb8bede877d?s=96&d=mm&r=g\",\"caption\":\"Adriana Rabelo\"},\"url\":\"https:\/\/franciscanos.org.br\/noticias\/author\/adrianarabelo\"}]}<\/script>\n<!-- \/ Yoast SEO plugin. -->","yoast_head_json":{"title":"Dizer \u2018sim\u2019 \u00e0 doa\u00e7\u00e3o de \u00f3rg\u00e3os: o crist\u00e3o que se preze, vive e morre fazendo o bem - Not\u00edcias - Franciscanos","robots":{"index":"index","follow":"follow","max-snippet":"max-snippet:-1","max-image-preview":"max-image-preview:large","max-video-preview":"max-video-preview:-1"},"canonical":"https:\/\/franciscanos.org.br\/noticias\/dizer-sim-a-doacao-de-orgaos-o-cristao-que-se-preze-vive-e-morre-fazendo-o-bem.html","og_locale":"pt_BR","og_type":"article","og_title":"Dizer \u2018sim\u2019 \u00e0 doa\u00e7\u00e3o de \u00f3rg\u00e3os: o crist\u00e3o que se preze, vive e morre fazendo o bem - Not\u00edcias - Franciscanos","og_description":"Campanha de doa\u00e7\u00e3o de \u00f3rg\u00e3os","og_url":"https:\/\/franciscanos.org.br\/noticias\/dizer-sim-a-doacao-de-orgaos-o-cristao-que-se-preze-vive-e-morre-fazendo-o-bem.html","og_site_name":"Not\u00edcias - Franciscanos","article_published_time":"2024-09-26T14:31:50+00:00","article_modified_time":"2024-09-26T15:28:30+00:00","og_image":[{"width":800,"height":550,"url":"https:\/\/franciscanos.org.br\/noticias\/wp-content\/uploads\/2024\/09\/destaque-doacao.jpg","type":"image\/jpeg"}],"author":"Adriana Rabelo","twitter_card":"summary_large_image","twitter_misc":{"Escrito por":"Adriana Rabelo","Est. tempo de leitura":"7 minutos"},"schema":{"@context":"https:\/\/schema.org","@graph":[{"@type":"WebSite","@id":"https:\/\/franciscanos.org.br\/noticias\/#website","url":"https:\/\/franciscanos.org.br\/noticias\/","name":"Not\u00edcias - Franciscanos","description":"Prov\u00edncia Franciscana da Imaculada Concei\u00e7\u00e3o do Brasil - Ordem dos Frades Menores - OFM","potentialAction":[{"@type":"SearchAction","target":{"@type":"EntryPoint","urlTemplate":"https:\/\/franciscanos.org.br\/noticias\/?s={search_term_string}"},"query-input":"required name=search_term_string"}],"inLanguage":"pt-BR"},{"@type":"ImageObject","inLanguage":"pt-BR","@id":"https:\/\/franciscanos.org.br\/noticias\/dizer-sim-a-doacao-de-orgaos-o-cristao-que-se-preze-vive-e-morre-fazendo-o-bem.html#primaryimage","url":"https:\/\/franciscanos.org.br\/noticias\/wp-content\/uploads\/2024\/09\/destaque-doacao.jpg","contentUrl":"https:\/\/franciscanos.org.br\/noticias\/wp-content\/uploads\/2024\/09\/destaque-doacao.jpg","width":800,"height":550},{"@type":"WebPage","@id":"https:\/\/franciscanos.org.br\/noticias\/dizer-sim-a-doacao-de-orgaos-o-cristao-que-se-preze-vive-e-morre-fazendo-o-bem.html#webpage","url":"https:\/\/franciscanos.org.br\/noticias\/dizer-sim-a-doacao-de-orgaos-o-cristao-que-se-preze-vive-e-morre-fazendo-o-bem.html","name":"Dizer \u2018sim\u2019 \u00e0 doa\u00e7\u00e3o de \u00f3rg\u00e3os: o crist\u00e3o que se preze, vive e morre fazendo o bem - Not\u00edcias - Franciscanos","isPartOf":{"@id":"https:\/\/franciscanos.org.br\/noticias\/#website"},"primaryImageOfPage":{"@id":"https:\/\/franciscanos.org.br\/noticias\/dizer-sim-a-doacao-de-orgaos-o-cristao-que-se-preze-vive-e-morre-fazendo-o-bem.html#primaryimage"},"datePublished":"2024-09-26T14:31:50+00:00","dateModified":"2024-09-26T15:28:30+00:00","author":{"@id":"https:\/\/franciscanos.org.br\/noticias\/#\/schema\/person\/d9422e83121c3ad3b0f423d195f5bb25"},"breadcrumb":{"@id":"https:\/\/franciscanos.org.br\/noticias\/dizer-sim-a-doacao-de-orgaos-o-cristao-que-se-preze-vive-e-morre-fazendo-o-bem.html#breadcrumb"},"inLanguage":"pt-BR","potentialAction":[{"@type":"ReadAction","target":["https:\/\/franciscanos.org.br\/noticias\/dizer-sim-a-doacao-de-orgaos-o-cristao-que-se-preze-vive-e-morre-fazendo-o-bem.html"]}]},{"@type":"BreadcrumbList","@id":"https:\/\/franciscanos.org.br\/noticias\/dizer-sim-a-doacao-de-orgaos-o-cristao-que-se-preze-vive-e-morre-fazendo-o-bem.html#breadcrumb","itemListElement":[{"@type":"ListItem","position":1,"name":"Home","item":"https:\/\/franciscanos.org.br\/noticias"},{"@type":"ListItem","position":2,"name":"Dizer \u2018sim\u2019 \u00e0 doa\u00e7\u00e3o de \u00f3rg\u00e3os: o crist\u00e3o que se preze, vive e morre fazendo o bem"}]},{"@type":"Person","@id":"https:\/\/franciscanos.org.br\/noticias\/#\/schema\/person\/d9422e83121c3ad3b0f423d195f5bb25","name":"Adriana Rabelo","image":{"@type":"ImageObject","inLanguage":"pt-BR","@id":"https:\/\/franciscanos.org.br\/noticias\/#\/schema\/person\/image\/","url":"https:\/\/secure.gravatar.com\/avatar\/0a937b7500cd7df77540cfb8bede877d?s=96&d=mm&r=g","contentUrl":"https:\/\/secure.gravatar.com\/avatar\/0a937b7500cd7df77540cfb8bede877d?s=96&d=mm&r=g","caption":"Adriana Rabelo"},"url":"https:\/\/franciscanos.org.br\/noticias\/author\/adrianarabelo"}]}},"_links":{"self":[{"href":"https:\/\/franciscanos.org.br\/noticias\/wp-json\/wp\/v2\/posts\/251000"}],"collection":[{"href":"https:\/\/franciscanos.org.br\/noticias\/wp-json\/wp\/v2\/posts"}],"about":[{"href":"https:\/\/franciscanos.org.br\/noticias\/wp-json\/wp\/v2\/types\/post"}],"author":[{"embeddable":true,"href":"https:\/\/franciscanos.org.br\/noticias\/wp-json\/wp\/v2\/users\/11"}],"replies":[{"embeddable":true,"href":"https:\/\/franciscanos.org.br\/noticias\/wp-json\/wp\/v2\/comments?post=251000"}],"version-history":[{"count":8,"href":"https:\/\/franciscanos.org.br\/noticias\/wp-json\/wp\/v2\/posts\/251000\/revisions"}],"predecessor-version":[{"id":251028,"href":"https:\/\/franciscanos.org.br\/noticias\/wp-json\/wp\/v2\/posts\/251000\/revisions\/251028"}],"wp:featuredmedia":[{"embeddable":true,"href":"https:\/\/franciscanos.org.br\/noticias\/wp-json\/wp\/v2\/media\/251012"}],"wp:attachment":[{"href":"https:\/\/franciscanos.org.br\/noticias\/wp-json\/wp\/v2\/media?parent=251000"}],"wp:term":[{"taxonomy":"category","embeddable":true,"href":"https:\/\/franciscanos.org.br\/noticias\/wp-json\/wp\/v2\/categories?post=251000"},{"taxonomy":"post_tag","embeddable":true,"href":"https:\/\/franciscanos.org.br\/noticias\/wp-json\/wp\/v2\/tags?post=251000"}],"curies":[{"name":"wp","href":"https:\/\/api.w.org\/{rel}","templated":true}]}}