{"id":250988,"date":"2024-09-24T11:27:21","date_gmt":"2024-09-24T14:27:21","guid":{"rendered":"https:\/\/franciscanos.org.br\/noticias\/?p=250988"},"modified":"2024-09-26T06:49:26","modified_gmt":"2024-09-26T09:49:26","slug":"semana-franciscana-2024-jubileus-franciscanos-800-anos-de-inspiracao-evangelica","status":"publish","type":"post","link":"https:\/\/franciscanos.org.br\/noticias\/semana-franciscana-2024-jubileus-franciscanos-800-anos-de-inspiracao-evangelica.html","title":{"rendered":"Semana Franciscana 2024: Jubileus Franciscanos \u2013 800 anos de Inspira\u00e7\u00e3o Evang\u00e9lica"},"content":{"rendered":"<p><img loading=\"lazy\" class=\"aligncenter wp-image-250989 size-full\" src=\"https:\/\/franciscanos.org.br\/noticias\/wp-content\/uploads\/2024\/09\/WhatsApp-Image-2024-09-24-at-11.19.42.jpeg\" alt=\"\" width=\"1280\" height=\"720\" srcset=\"https:\/\/franciscanos.org.br\/noticias\/wp-content\/uploads\/2024\/09\/WhatsApp-Image-2024-09-24-at-11.19.42.jpeg 1280w, https:\/\/franciscanos.org.br\/noticias\/wp-content\/uploads\/2024\/09\/WhatsApp-Image-2024-09-24-at-11.19.42-450x253.jpeg 450w, https:\/\/franciscanos.org.br\/noticias\/wp-content\/uploads\/2024\/09\/WhatsApp-Image-2024-09-24-at-11.19.42-1024x576.jpeg 1024w, https:\/\/franciscanos.org.br\/noticias\/wp-content\/uploads\/2024\/09\/WhatsApp-Image-2024-09-24-at-11.19.42-768x432.jpeg 768w, https:\/\/franciscanos.org.br\/noticias\/wp-content\/uploads\/2024\/09\/WhatsApp-Image-2024-09-24-at-11.19.42-150x84.jpeg 150w\" sizes=\"(max-width: 1280px) 100vw, 1280px\" \/><\/p>\n<p>Com o objetivo celebrar os 800 anos de inspira\u00e7\u00e3o evang\u00e9lica do franciscanismo, o ITF (Instituto Teol\u00f3gico Franciscano), em parceria com a Estef (Escola Superior de Teologia e Espiritualidade Franciscana), USF (Universidade S\u00e3o Francisco), Editora Vozes e CFFB (Confer\u00eancia da Fam\u00edlia Franciscana do Brasil) e apoio da Prov\u00edncia Franciscana da Imaculada Concei\u00e7\u00e3o do Brasil, iniciou nesta segunda-feira (23\/09),\u00a0 a <strong>Semana Franciscana<\/strong>. At\u00e9 o pr\u00f3ximo dia 27, das 20h \u00e0s 21h, ser\u00e3o realizadas palestras online gratuitas sobre temas relacionados \u00e0 tradi\u00e7\u00e3o franciscana, com \u00eanfase na hist\u00f3ria, espiritualidade e impacto na sociedade atual. As reflex\u00f5es est\u00e3o sendo conduzidas por frades franciscanos, religiosas, membros da Ordem Franciscana Secular (OFS) e professores convidados.<\/p>\n<p>Para Frei Sandro Roberto da Costa, diretor do ITF, a Semana Franciscana \u00e9 um importante momento para rever aspectos essenciais da hist\u00f3ria e dos impactos da presen\u00e7a franciscana no mundo e em nossa sociedade. &#8220;Quando trazemos profissionais, religiosos e frades para abordar temas relevantes do franciscanismo, \u00e9 porque queremos partilhar com todos elementos que justificam e esclarecem a import\u00e2ncia da presen\u00e7a franciscana, n\u00e3o s\u00f3 para a Igreja, mas tamb\u00e9m para a nossa sociedade, t\u00e3o impactada por situa\u00e7\u00f5es que est\u00e3o prejudicando o futuro da nossa Casa Comum e, consequentemente, nossas rela\u00e7\u00f5es humanas.&#8221;<\/p>\n<p>Segundo o frade, essas e outras atividades realizadas ao longo das celebra\u00e7\u00f5es dos centen\u00e1rios franciscanos s\u00e3o formas de aproximar saberes. &#8220;As institui\u00e7\u00f5es presentes no evento est\u00e3o voltadas para pesquisas acad\u00eamicas, fundamentais para o aprofundamento cient\u00edfico da religi\u00e3o e, no nosso caso, para os estudos que envolvem o processo hist\u00f3rico e religioso da OFM. Esse vi\u00e9s contribui para o fortalecimento do carisma e da espiritualidade franciscana, uma vez que a f\u00e9 tamb\u00e9m deve estar alicer\u00e7ada em dados concretos, que colaboram para a continuidade da nossa caminhada religiosa. Por outro lado, essas informa\u00e7\u00f5es favorecem o esclarecimento de leigos e leigas sobre aspectos da vida e da hist\u00f3ria de S\u00e3o Francisco de Assis, que evidenciam o quanto seus exemplos e miss\u00e3o se tornam fortes instrumentos para nossa caminhada na luta por um mundo mais justo, coerente e solid\u00e1rio&#8221;, afirma.<\/p>\n<p>A transmiss\u00e3o das palestras est\u00e1 sendo realizada ao vivo pelo StreamYard, nos canais do ITF, CFFB e da Prov\u00edncia Franciscana da Imaculada Concei\u00e7\u00e3o. Ainda \u00e9 poss\u00edvel se inscrever e receber o certificado de participa\u00e7\u00e3o. Acesse o link e fa\u00e7a a sua inscri\u00e7\u00e3o: <span style=\"color: #000080;\"><strong><a style=\"color: #000080;\" href=\"https:\/\/www.usf.edu.br\/apps\/eventos\/inscricao\/?evento=328994\">https:\/\/www.usf.edu.br\/apps\/eventos\/inscricao\/?evento=328994<\/a><\/strong><\/span><\/p>\n<p><strong>Confira a programa\u00e7\u00e3o:<\/strong><\/p>\n<p><strong>23\/09<\/strong> &#8211; Segunda-feira: <strong>Os 20 anos da publica\u00e7\u00e3o das Fontes franciscanas e Clarianas\u00a0<\/strong><\/p>\n<p><strong>Palestrante:<\/strong>\u00a0Frei Celso M\u00e1rcio Teixeira, OFM \/\u00a0<strong>Moderador:<\/strong>\u00a0Prof. Andr\u00e9 Pelegrinelli<\/p>\n<p>O link com a palestra j\u00e1 est\u00e1 dispon\u00edvel\u00a0 no link: <a href=\"https:\/\/www.usf.edu.br\/apps\/eventos\/inscricao\/?evento=328994\"><span style=\"color: #000080;\"><strong>https:\/\/www.usf.edu.br\/apps\/eventos\/inscricao\/?evento=328994<\/strong><\/span><\/a><\/p>\n<p><strong>24\/09<\/strong> &#8211; Ter\u00e7a-feira:\u00a0<strong>As Fontes Franciscanas e sua relev\u00e2ncia para o conhecimento de Frei Francisco<\/strong><\/p>\n<p><strong>Palestrante:<\/strong>\u00a0Prof. Andr\u00e9 Pellegrinelli \/\u00a0<strong>Moderador:<\/strong>\u00a0Frei\u00a0Aldir Crocoli, OFMcap<\/p>\n<p><span style=\"color: #000080;\"><strong><a style=\"color: #000080;\" href=\"https:\/\/www.youtube.com\/watch?v=cu1RzGgzYww\">https:\/\/www.youtube.com\/watch?v=cu1RzGgzYww<\/a><\/strong><\/span><\/p>\n<p><strong>25\/09<\/strong> &#8211; Quarta-feira:\u00a0<strong>Os Estigmas de S\u00e3o Francisco<\/strong><\/p>\n<p><strong>Palestrante<\/strong>: Frei\u00a0Sidney Damasio Machado, OFMCap \/\u00a0<strong>Moderador<\/strong>: Frei\u00a0Jos\u00e9 Ant\u00f4nio, OFM<\/p>\n<p><span style=\"color: #000080;\"><a style=\"color: #000080;\" href=\"https:\/\/www.youtube.com\/watch?v=bjNR346YHJ8\"><strong>https:\/\/www.youtube.com\/watch?v=bjNR346YHJ8<\/strong><\/a><\/span><\/p>\n<p><strong>26\/09 &#8211;<\/strong> Quinta-feira:\u00a0<strong>Os 800 anos da Carta de Francisco a Santo Ant\u00f4nio<\/strong><\/p>\n<p><strong>Palestrante:<\/strong>\u00a0Frei Fid\u00eancio V. OFM\u00a0\/\u00a0<strong>Moderador:<\/strong>\u00a0Jefferson Machado, OFS<\/p>\n<p><span style=\"color: #000080;\"><a style=\"color: #000080;\" href=\"https:\/\/www.youtube.com\/watch?v=ywKDY5Rez44\"><strong>https:\/\/www.youtube.com\/watch?v=ywKDY5Rez44<\/strong><\/a><\/span><\/p>\n<p><strong>27\/09<\/strong> &#8211; Sexta-feira:\u00a0<strong>Provoca\u00e7\u00f5es e propostas do franciscanismo aos dramas atuais da humanidade<\/strong><\/p>\n<p><strong>Palestrante:<\/strong>\u00a0Prof. Alberto Moreira \/\u00a0<strong>Moderadora:<\/strong> Irm\u00e3\u00a0Samanta Karla de Sousa Carneiro<\/p>\n<p><strong><a href=\"https:\/\/www.youtube.com\/watch?v=2_3JkF5knoU\"><span style=\"color: #000080;\">https:\/\/www.youtube.com\/watch?v=2_3JkF5knoU<\/span><\/a><\/strong><\/p>\n<hr \/>\n<p><em>Adriana Rabelo<\/em><\/p>\n<p>Fonte: <a href=\"https:\/\/www.itf.edu.br\/institucional\/noticias-exibe\/213521165\/semana+franciscana.htm\">https:\/\/www.itf.edu.br\/institucional\/noticias-exibe\/213521165\/semana+franciscana.htm<\/a><\/p>\n","protected":false},"excerpt":{"rendered":"<p>Encerramento  ser\u00e1 em 27 de setembro<\/p>\n","protected":false},"author":11,"featured_media":250989,"comment_status":"open","ping_status":"open","sticky":false,"template":"","format":"standard","meta":[],"categories":[1],"tags":[189,1907],"acf":[],"yoast_head":"<!-- This site is optimized with the Yoast SEO plugin v19.2 - https:\/\/yoast.com\/wordpress\/plugins\/seo\/ -->\n<title>Semana Franciscana 2024: Jubileus Franciscanos \u2013 800 anos de Inspira\u00e7\u00e3o Evang\u00e9lica - Not\u00edcias - Franciscanos<\/title>\n<meta name=\"robots\" content=\"index, follow, max-snippet:-1, max-image-preview:large, max-video-preview:-1\" \/>\n<link rel=\"canonical\" href=\"https:\/\/franciscanos.org.br\/noticias\/semana-franciscana-2024-jubileus-franciscanos-800-anos-de-inspiracao-evangelica.html\" \/>\n<meta property=\"og:locale\" content=\"pt_BR\" \/>\n<meta property=\"og:type\" content=\"article\" \/>\n<meta property=\"og:title\" content=\"Semana Franciscana 2024: Jubileus Franciscanos \u2013 800 anos de Inspira\u00e7\u00e3o Evang\u00e9lica - Not\u00edcias - Franciscanos\" \/>\n<meta property=\"og:description\" content=\"Encerramento ser\u00e1 em 27 de setembro\" \/>\n<meta property=\"og:url\" content=\"https:\/\/franciscanos.org.br\/noticias\/semana-franciscana-2024-jubileus-franciscanos-800-anos-de-inspiracao-evangelica.html\" \/>\n<meta property=\"og:site_name\" content=\"Not\u00edcias - Franciscanos\" \/>\n<meta property=\"article:published_time\" content=\"2024-09-24T14:27:21+00:00\" \/>\n<meta property=\"article:modified_time\" content=\"2024-09-26T09:49:26+00:00\" \/>\n<meta property=\"og:image\" content=\"https:\/\/franciscanos.org.br\/noticias\/wp-content\/uploads\/2024\/09\/WhatsApp-Image-2024-09-24-at-11.19.42.jpeg\" \/>\n\t<meta property=\"og:image:width\" content=\"1280\" \/>\n\t<meta property=\"og:image:height\" content=\"720\" \/>\n\t<meta property=\"og:image:type\" content=\"image\/jpeg\" \/>\n<meta name=\"author\" content=\"Adriana Rabelo\" \/>\n<meta name=\"twitter:card\" content=\"summary_large_image\" \/>\n<meta name=\"twitter:label1\" content=\"Escrito por\" \/>\n\t<meta name=\"twitter:data1\" content=\"Adriana Rabelo\" \/>\n\t<meta name=\"twitter:label2\" content=\"Est. tempo de leitura\" \/>\n\t<meta name=\"twitter:data2\" content=\"3 minutos\" \/>\n<script type=\"application\/ld+json\" class=\"yoast-schema-graph\">{\"@context\":\"https:\/\/schema.org\",\"@graph\":[{\"@type\":\"WebSite\",\"@id\":\"https:\/\/franciscanos.org.br\/noticias\/#website\",\"url\":\"https:\/\/franciscanos.org.br\/noticias\/\",\"name\":\"Not\u00edcias - Franciscanos\",\"description\":\"Prov\u00edncia Franciscana da Imaculada Concei\u00e7\u00e3o do Brasil - Ordem dos Frades Menores - OFM\",\"potentialAction\":[{\"@type\":\"SearchAction\",\"target\":{\"@type\":\"EntryPoint\",\"urlTemplate\":\"https:\/\/franciscanos.org.br\/noticias\/?s={search_term_string}\"},\"query-input\":\"required name=search_term_string\"}],\"inLanguage\":\"pt-BR\"},{\"@type\":\"ImageObject\",\"inLanguage\":\"pt-BR\",\"@id\":\"https:\/\/franciscanos.org.br\/noticias\/semana-franciscana-2024-jubileus-franciscanos-800-anos-de-inspiracao-evangelica.html#primaryimage\",\"url\":\"https:\/\/franciscanos.org.br\/noticias\/wp-content\/uploads\/2024\/09\/WhatsApp-Image-2024-09-24-at-11.19.42.jpeg\",\"contentUrl\":\"https:\/\/franciscanos.org.br\/noticias\/wp-content\/uploads\/2024\/09\/WhatsApp-Image-2024-09-24-at-11.19.42.jpeg\",\"width\":1280,\"height\":720},{\"@type\":\"WebPage\",\"@id\":\"https:\/\/franciscanos.org.br\/noticias\/semana-franciscana-2024-jubileus-franciscanos-800-anos-de-inspiracao-evangelica.html#webpage\",\"url\":\"https:\/\/franciscanos.org.br\/noticias\/semana-franciscana-2024-jubileus-franciscanos-800-anos-de-inspiracao-evangelica.html\",\"name\":\"Semana Franciscana 2024: Jubileus Franciscanos \u2013 800 anos de Inspira\u00e7\u00e3o Evang\u00e9lica - Not\u00edcias - Franciscanos\",\"isPartOf\":{\"@id\":\"https:\/\/franciscanos.org.br\/noticias\/#website\"},\"primaryImageOfPage\":{\"@id\":\"https:\/\/franciscanos.org.br\/noticias\/semana-franciscana-2024-jubileus-franciscanos-800-anos-de-inspiracao-evangelica.html#primaryimage\"},\"datePublished\":\"2024-09-24T14:27:21+00:00\",\"dateModified\":\"2024-09-26T09:49:26+00:00\",\"author\":{\"@id\":\"https:\/\/franciscanos.org.br\/noticias\/#\/schema\/person\/d9422e83121c3ad3b0f423d195f5bb25\"},\"breadcrumb\":{\"@id\":\"https:\/\/franciscanos.org.br\/noticias\/semana-franciscana-2024-jubileus-franciscanos-800-anos-de-inspiracao-evangelica.html#breadcrumb\"},\"inLanguage\":\"pt-BR\",\"potentialAction\":[{\"@type\":\"ReadAction\",\"target\":[\"https:\/\/franciscanos.org.br\/noticias\/semana-franciscana-2024-jubileus-franciscanos-800-anos-de-inspiracao-evangelica.html\"]}]},{\"@type\":\"BreadcrumbList\",\"@id\":\"https:\/\/franciscanos.org.br\/noticias\/semana-franciscana-2024-jubileus-franciscanos-800-anos-de-inspiracao-evangelica.html#breadcrumb\",\"itemListElement\":[{\"@type\":\"ListItem\",\"position\":1,\"name\":\"Home\",\"item\":\"https:\/\/franciscanos.org.br\/noticias\"},{\"@type\":\"ListItem\",\"position\":2,\"name\":\"Semana Franciscana 2024: Jubileus Franciscanos \u2013 800 anos de Inspira\u00e7\u00e3o Evang\u00e9lica\"}]},{\"@type\":\"Person\",\"@id\":\"https:\/\/franciscanos.org.br\/noticias\/#\/schema\/person\/d9422e83121c3ad3b0f423d195f5bb25\",\"name\":\"Adriana Rabelo\",\"image\":{\"@type\":\"ImageObject\",\"inLanguage\":\"pt-BR\",\"@id\":\"https:\/\/franciscanos.org.br\/noticias\/#\/schema\/person\/image\/\",\"url\":\"https:\/\/secure.gravatar.com\/avatar\/0a937b7500cd7df77540cfb8bede877d?s=96&d=mm&r=g\",\"contentUrl\":\"https:\/\/secure.gravatar.com\/avatar\/0a937b7500cd7df77540cfb8bede877d?s=96&d=mm&r=g\",\"caption\":\"Adriana Rabelo\"},\"url\":\"https:\/\/franciscanos.org.br\/noticias\/author\/adrianarabelo\"}]}<\/script>\n<!-- \/ Yoast SEO plugin. -->","yoast_head_json":{"title":"Semana Franciscana 2024: Jubileus Franciscanos \u2013 800 anos de Inspira\u00e7\u00e3o Evang\u00e9lica - Not\u00edcias - Franciscanos","robots":{"index":"index","follow":"follow","max-snippet":"max-snippet:-1","max-image-preview":"max-image-preview:large","max-video-preview":"max-video-preview:-1"},"canonical":"https:\/\/franciscanos.org.br\/noticias\/semana-franciscana-2024-jubileus-franciscanos-800-anos-de-inspiracao-evangelica.html","og_locale":"pt_BR","og_type":"article","og_title":"Semana Franciscana 2024: Jubileus Franciscanos \u2013 800 anos de Inspira\u00e7\u00e3o Evang\u00e9lica - Not\u00edcias - Franciscanos","og_description":"Encerramento ser\u00e1 em 27 de setembro","og_url":"https:\/\/franciscanos.org.br\/noticias\/semana-franciscana-2024-jubileus-franciscanos-800-anos-de-inspiracao-evangelica.html","og_site_name":"Not\u00edcias - Franciscanos","article_published_time":"2024-09-24T14:27:21+00:00","article_modified_time":"2024-09-26T09:49:26+00:00","og_image":[{"width":1280,"height":720,"url":"https:\/\/franciscanos.org.br\/noticias\/wp-content\/uploads\/2024\/09\/WhatsApp-Image-2024-09-24-at-11.19.42.jpeg","type":"image\/jpeg"}],"author":"Adriana Rabelo","twitter_card":"summary_large_image","twitter_misc":{"Escrito por":"Adriana Rabelo","Est. tempo de leitura":"3 minutos"},"schema":{"@context":"https:\/\/schema.org","@graph":[{"@type":"WebSite","@id":"https:\/\/franciscanos.org.br\/noticias\/#website","url":"https:\/\/franciscanos.org.br\/noticias\/","name":"Not\u00edcias - Franciscanos","description":"Prov\u00edncia Franciscana da Imaculada Concei\u00e7\u00e3o do Brasil - Ordem dos Frades Menores - OFM","potentialAction":[{"@type":"SearchAction","target":{"@type":"EntryPoint","urlTemplate":"https:\/\/franciscanos.org.br\/noticias\/?s={search_term_string}"},"query-input":"required name=search_term_string"}],"inLanguage":"pt-BR"},{"@type":"ImageObject","inLanguage":"pt-BR","@id":"https:\/\/franciscanos.org.br\/noticias\/semana-franciscana-2024-jubileus-franciscanos-800-anos-de-inspiracao-evangelica.html#primaryimage","url":"https:\/\/franciscanos.org.br\/noticias\/wp-content\/uploads\/2024\/09\/WhatsApp-Image-2024-09-24-at-11.19.42.jpeg","contentUrl":"https:\/\/franciscanos.org.br\/noticias\/wp-content\/uploads\/2024\/09\/WhatsApp-Image-2024-09-24-at-11.19.42.jpeg","width":1280,"height":720},{"@type":"WebPage","@id":"https:\/\/franciscanos.org.br\/noticias\/semana-franciscana-2024-jubileus-franciscanos-800-anos-de-inspiracao-evangelica.html#webpage","url":"https:\/\/franciscanos.org.br\/noticias\/semana-franciscana-2024-jubileus-franciscanos-800-anos-de-inspiracao-evangelica.html","name":"Semana Franciscana 2024: Jubileus Franciscanos \u2013 800 anos de Inspira\u00e7\u00e3o Evang\u00e9lica - Not\u00edcias - Franciscanos","isPartOf":{"@id":"https:\/\/franciscanos.org.br\/noticias\/#website"},"primaryImageOfPage":{"@id":"https:\/\/franciscanos.org.br\/noticias\/semana-franciscana-2024-jubileus-franciscanos-800-anos-de-inspiracao-evangelica.html#primaryimage"},"datePublished":"2024-09-24T14:27:21+00:00","dateModified":"2024-09-26T09:49:26+00:00","author":{"@id":"https:\/\/franciscanos.org.br\/noticias\/#\/schema\/person\/d9422e83121c3ad3b0f423d195f5bb25"},"breadcrumb":{"@id":"https:\/\/franciscanos.org.br\/noticias\/semana-franciscana-2024-jubileus-franciscanos-800-anos-de-inspiracao-evangelica.html#breadcrumb"},"inLanguage":"pt-BR","potentialAction":[{"@type":"ReadAction","target":["https:\/\/franciscanos.org.br\/noticias\/semana-franciscana-2024-jubileus-franciscanos-800-anos-de-inspiracao-evangelica.html"]}]},{"@type":"BreadcrumbList","@id":"https:\/\/franciscanos.org.br\/noticias\/semana-franciscana-2024-jubileus-franciscanos-800-anos-de-inspiracao-evangelica.html#breadcrumb","itemListElement":[{"@type":"ListItem","position":1,"name":"Home","item":"https:\/\/franciscanos.org.br\/noticias"},{"@type":"ListItem","position":2,"name":"Semana Franciscana 2024: Jubileus Franciscanos \u2013 800 anos de Inspira\u00e7\u00e3o Evang\u00e9lica"}]},{"@type":"Person","@id":"https:\/\/franciscanos.org.br\/noticias\/#\/schema\/person\/d9422e83121c3ad3b0f423d195f5bb25","name":"Adriana Rabelo","image":{"@type":"ImageObject","inLanguage":"pt-BR","@id":"https:\/\/franciscanos.org.br\/noticias\/#\/schema\/person\/image\/","url":"https:\/\/secure.gravatar.com\/avatar\/0a937b7500cd7df77540cfb8bede877d?s=96&d=mm&r=g","contentUrl":"https:\/\/secure.gravatar.com\/avatar\/0a937b7500cd7df77540cfb8bede877d?s=96&d=mm&r=g","caption":"Adriana Rabelo"},"url":"https:\/\/franciscanos.org.br\/noticias\/author\/adrianarabelo"}]}},"_links":{"self":[{"href":"https:\/\/franciscanos.org.br\/noticias\/wp-json\/wp\/v2\/posts\/250988"}],"collection":[{"href":"https:\/\/franciscanos.org.br\/noticias\/wp-json\/wp\/v2\/posts"}],"about":[{"href":"https:\/\/franciscanos.org.br\/noticias\/wp-json\/wp\/v2\/types\/post"}],"author":[{"embeddable":true,"href":"https:\/\/franciscanos.org.br\/noticias\/wp-json\/wp\/v2\/users\/11"}],"replies":[{"embeddable":true,"href":"https:\/\/franciscanos.org.br\/noticias\/wp-json\/wp\/v2\/comments?post=250988"}],"version-history":[{"count":5,"href":"https:\/\/franciscanos.org.br\/noticias\/wp-json\/wp\/v2\/posts\/250988\/revisions"}],"predecessor-version":[{"id":250999,"href":"https:\/\/franciscanos.org.br\/noticias\/wp-json\/wp\/v2\/posts\/250988\/revisions\/250999"}],"wp:featuredmedia":[{"embeddable":true,"href":"https:\/\/franciscanos.org.br\/noticias\/wp-json\/wp\/v2\/media\/250989"}],"wp:attachment":[{"href":"https:\/\/franciscanos.org.br\/noticias\/wp-json\/wp\/v2\/media?parent=250988"}],"wp:term":[{"taxonomy":"category","embeddable":true,"href":"https:\/\/franciscanos.org.br\/noticias\/wp-json\/wp\/v2\/categories?post=250988"},{"taxonomy":"post_tag","embeddable":true,"href":"https:\/\/franciscanos.org.br\/noticias\/wp-json\/wp\/v2\/tags?post=250988"}],"curies":[{"name":"wp","href":"https:\/\/api.w.org\/{rel}","templated":true}]}}