{"id":250973,"date":"2024-09-20T10:49:51","date_gmt":"2024-09-20T13:49:51","guid":{"rendered":"https:\/\/franciscanos.org.br\/noticias\/?p=250973"},"modified":"2024-09-20T11:08:16","modified_gmt":"2024-09-20T14:08:16","slug":"vi-encontro-continental-de-jpic-nas-americas","status":"publish","type":"post","link":"https:\/\/franciscanos.org.br\/noticias\/vi-encontro-continental-de-jpic-nas-americas.html","title":{"rendered":"VI Encontro Continental de JPIC nas Am\u00e9ricas"},"content":{"rendered":"<p><img loading=\"lazy\" class=\"aligncenter wp-image-250974 size-full\" src=\"https:\/\/franciscanos.org.br\/noticias\/wp-content\/uploads\/2024\/09\/MATERIA-21.jpg\" alt=\"\" width=\"1280\" height=\"720\" srcset=\"https:\/\/franciscanos.org.br\/noticias\/wp-content\/uploads\/2024\/09\/MATERIA-21.jpg 1280w, https:\/\/franciscanos.org.br\/noticias\/wp-content\/uploads\/2024\/09\/MATERIA-21-450x253.jpg 450w, https:\/\/franciscanos.org.br\/noticias\/wp-content\/uploads\/2024\/09\/MATERIA-21-1024x576.jpg 1024w, https:\/\/franciscanos.org.br\/noticias\/wp-content\/uploads\/2024\/09\/MATERIA-21-768x432.jpg 768w, https:\/\/franciscanos.org.br\/noticias\/wp-content\/uploads\/2024\/09\/MATERIA-21-150x84.jpg 150w\" sizes=\"(max-width: 1280px) 100vw, 1280px\" \/><\/p>\n<p>No contexto do Centen\u00e1rio dos Estigmas de S\u00e3o Francisco, o VI Encontro Continental de Justi\u00e7a, Paz e Integridade da Cria\u00e7\u00e3o das Am\u00e9ricas come\u00e7ou na ter\u00e7a-feira, 17 de setembro, na casa de retiros do Semin\u00e1rio Franciscano, no distrito de Boquete,\u00a0 em David, Panam\u00e1.<\/p>\n<p><img loading=\"lazy\" class=\" wp-image-250975 alignright\" src=\"https:\/\/franciscanos.org.br\/noticias\/wp-content\/uploads\/2024\/09\/ECA_Panama_GPIC-1-450x338.jpg\" alt=\"\" width=\"333\" height=\"250\" srcset=\"https:\/\/franciscanos.org.br\/noticias\/wp-content\/uploads\/2024\/09\/ECA_Panama_GPIC-1-450x338.jpg 450w, https:\/\/franciscanos.org.br\/noticias\/wp-content\/uploads\/2024\/09\/ECA_Panama_GPIC-1-1024x768.jpg 1024w, https:\/\/franciscanos.org.br\/noticias\/wp-content\/uploads\/2024\/09\/ECA_Panama_GPIC-1-768x576.jpg 768w, https:\/\/franciscanos.org.br\/noticias\/wp-content\/uploads\/2024\/09\/ECA_Panama_GPIC-1-1536x1152.jpg 1536w, https:\/\/franciscanos.org.br\/noticias\/wp-content\/uploads\/2024\/09\/ECA_Panama_GPIC-1-150x113.jpg 150w, https:\/\/franciscanos.org.br\/noticias\/wp-content\/uploads\/2024\/09\/ECA_Panama_GPIC-1-600x450.jpg 600w, https:\/\/franciscanos.org.br\/noticias\/wp-content\/uploads\/2024\/09\/ECA_Panama_GPIC-1.jpg 1440w\" sizes=\"(max-width: 333px) 100vw, 333px\" \/>No primeiro dia, os vinte e seis participantes de dezessete entidades da Am\u00e9rica do Norte, Central e do Sul vivenciaram momentos de ora\u00e7\u00e3o e reflex\u00e3o, liderados pelo Frei Juan Jairo Rend\u00f3n, que incentivou os irm\u00e3os a continuarem vivendo e servindo os estigmatizados do continente americano por meio da justi\u00e7a, paz e cuidado com a casa comum.<\/p>\n<p>Em seu discurso de boas-vindas, Frei Edgardo Manuel P\u00e9rez Tejeira, Ministro provincial da Prov\u00edncia anfitri\u00e3 acolheu a todos em nome da Confer\u00eancia de Santa Maria de Guadalupe, e afirmou:\u00a0 \u201cAssim como uma f\u00e9 sem obras seria uma f\u00e9 morta, a espiritualidade franciscana sem JPIC seria uma espiritualidade morta\u201d.<\/p>\n<p>O VI Encontro Continental JPIC das Am\u00e9ricas busca criar um espa\u00e7o para compartilhar experi\u00eancias positivas nos cinco eixos tem\u00e1ticos acordados, relacionados aos valores do JPIC: par\u00f3quias e santu\u00e1rios, educa\u00e7\u00e3o, sociedade civil e defesa pol\u00edtica, estilos de vida e, por fim, migrantes e deslocamentos for\u00e7ados.<\/p>\n<p>A Dire\u00e7\u00e3o Geral da JPIC, representada pelo Frei Daniel Rodr\u00edguez Blanco, apresentou as diretrizes gerais que a Ordem implementa nos diferentes continentes. Por sua vez, o Irm\u00e3o Jaime Campos fez uma retrospectiva dos cinco encontros continentais anteriores.<\/p>\n<p>Frei Massimo Fusarelli, Ministro geral, em mensagem enviada aos participantes, agradeceu aos frades pelo servi\u00e7o de anima\u00e7\u00e3o que oferecem e lembrou que o trabalho no JPIC n\u00e3o \u00e9 apenas \u201cuma s\u00e9rie de a\u00e7\u00f5es que realizamos, mas uma necessidade que brota do pr\u00f3prio cora\u00e7\u00e3o do carisma evang\u00e9lico de S\u00e3o Francisco e Santa Clara\u201d.<\/p>\n<p><img loading=\"lazy\" class=\" wp-image-250976 alignleft\" src=\"https:\/\/franciscanos.org.br\/noticias\/wp-content\/uploads\/2024\/09\/ECA_Panama_GPIC-2-450x338.jpg\" alt=\"\" width=\"301\" height=\"226\" srcset=\"https:\/\/franciscanos.org.br\/noticias\/wp-content\/uploads\/2024\/09\/ECA_Panama_GPIC-2-450x338.jpg 450w, https:\/\/franciscanos.org.br\/noticias\/wp-content\/uploads\/2024\/09\/ECA_Panama_GPIC-2-1024x768.jpg 1024w, https:\/\/franciscanos.org.br\/noticias\/wp-content\/uploads\/2024\/09\/ECA_Panama_GPIC-2-768x576.jpg 768w, https:\/\/franciscanos.org.br\/noticias\/wp-content\/uploads\/2024\/09\/ECA_Panama_GPIC-2-1536x1152.jpg 1536w, https:\/\/franciscanos.org.br\/noticias\/wp-content\/uploads\/2024\/09\/ECA_Panama_GPIC-2-150x113.jpg 150w, https:\/\/franciscanos.org.br\/noticias\/wp-content\/uploads\/2024\/09\/ECA_Panama_GPIC-2-600x450.jpg 600w, https:\/\/franciscanos.org.br\/noticias\/wp-content\/uploads\/2024\/09\/ECA_Panama_GPIC-2.jpg 1440w\" sizes=\"(max-width: 301px) 100vw, 301px\" \/>A Eucaristia foi celebrada com a comunidade da Par\u00f3quia franciscana de S\u00e3o Jo\u00e3o Batista de Boquete, presidida pelo Frei Edgardo P\u00e9rez.<\/p>\n<p>Ao longo do dia, foi lembrado Juan L\u00f3pez, agente pastoral da diocese de Trujillo, Honduras, comprometido com a justi\u00e7a, paz e cuidado com a cria\u00e7\u00e3o, assassinado no domingo, 15 de setembro.<\/p>\n<p>Frei Marx Rodrigues dos Reis, Coordenador da Frente de Solidariedade para com os Empobrecidos e Animador do Servi\u00e7o de JPIC, na Prov\u00edncia Franciscana da Imaculada Concei\u00e7\u00e3o do Brasil, tamb\u00e9m est\u00e1 no Panam\u00e1 para partilhar as experi\u00eancias vividas no Brasil, a partir dos projetos desenvolvidos pelo Sefras &#8211; A\u00e7\u00e3o Social Franciscana.<\/p>\n<p><span style=\"color: #333399;\"><a style=\"color: #333399;\" href=\"https:\/\/franciscanos.org.br\/banca\/wp-content\/uploads\/2024\/09\/Messaggio_MG-em-portugues-1.pdf\"><strong>Acesse a mensagem do Ministro geral para os participantes do evento<\/strong><\/a><\/span><\/p>\n<hr \/>\n<p>Fonte: <a href=\"https:\/\/www.ofm.org\/vi-incontro-continentale-di-gpic-nelle-americhe.html\">https:\/\/www.ofm.org\/vi-incontro-continentale-di-gpic-nelle-americhe.html<\/a><\/p>\n<p>&nbsp;<\/p>\n","protected":false},"excerpt":{"rendered":"<p>Evento re\u00fane entidades da Am\u00e9rica do Norte, Central e do Sul<\/p>\n","protected":false},"author":11,"featured_media":250974,"comment_status":"open","ping_status":"open","sticky":false,"template":"","format":"standard","meta":[],"categories":[1],"tags":[202,397],"acf":[],"yoast_head":"<!-- This site is optimized with the Yoast SEO plugin v19.2 - https:\/\/yoast.com\/wordpress\/plugins\/seo\/ -->\n<title>VI Encontro Continental de JPIC nas Am\u00e9ricas - Not\u00edcias - Franciscanos<\/title>\n<meta name=\"robots\" content=\"index, follow, max-snippet:-1, max-image-preview:large, max-video-preview:-1\" \/>\n<link rel=\"canonical\" href=\"https:\/\/franciscanos.org.br\/noticias\/vi-encontro-continental-de-jpic-nas-americas.html\" \/>\n<meta property=\"og:locale\" content=\"pt_BR\" \/>\n<meta property=\"og:type\" content=\"article\" \/>\n<meta property=\"og:title\" content=\"VI Encontro Continental de JPIC nas Am\u00e9ricas - Not\u00edcias - Franciscanos\" \/>\n<meta property=\"og:description\" content=\"Evento re\u00fane entidades da Am\u00e9rica do Norte, Central e do Sul\" \/>\n<meta property=\"og:url\" content=\"https:\/\/franciscanos.org.br\/noticias\/vi-encontro-continental-de-jpic-nas-americas.html\" \/>\n<meta property=\"og:site_name\" content=\"Not\u00edcias - Franciscanos\" \/>\n<meta property=\"article:published_time\" content=\"2024-09-20T13:49:51+00:00\" \/>\n<meta property=\"article:modified_time\" content=\"2024-09-20T14:08:16+00:00\" \/>\n<meta property=\"og:image\" content=\"https:\/\/franciscanos.org.br\/noticias\/wp-content\/uploads\/2024\/09\/MATERIA-21.jpg\" \/>\n\t<meta property=\"og:image:width\" content=\"1280\" \/>\n\t<meta property=\"og:image:height\" content=\"720\" \/>\n\t<meta property=\"og:image:type\" content=\"image\/jpeg\" \/>\n<meta name=\"author\" content=\"Adriana Rabelo\" \/>\n<meta name=\"twitter:card\" content=\"summary_large_image\" \/>\n<meta name=\"twitter:label1\" content=\"Escrito por\" \/>\n\t<meta name=\"twitter:data1\" content=\"Adriana Rabelo\" \/>\n\t<meta name=\"twitter:label2\" content=\"Est. tempo de leitura\" \/>\n\t<meta name=\"twitter:data2\" content=\"2 minutos\" \/>\n<script type=\"application\/ld+json\" class=\"yoast-schema-graph\">{\"@context\":\"https:\/\/schema.org\",\"@graph\":[{\"@type\":\"WebSite\",\"@id\":\"https:\/\/franciscanos.org.br\/noticias\/#website\",\"url\":\"https:\/\/franciscanos.org.br\/noticias\/\",\"name\":\"Not\u00edcias - Franciscanos\",\"description\":\"Prov\u00edncia Franciscana da Imaculada Concei\u00e7\u00e3o do Brasil - Ordem dos Frades Menores - OFM\",\"potentialAction\":[{\"@type\":\"SearchAction\",\"target\":{\"@type\":\"EntryPoint\",\"urlTemplate\":\"https:\/\/franciscanos.org.br\/noticias\/?s={search_term_string}\"},\"query-input\":\"required name=search_term_string\"}],\"inLanguage\":\"pt-BR\"},{\"@type\":\"ImageObject\",\"inLanguage\":\"pt-BR\",\"@id\":\"https:\/\/franciscanos.org.br\/noticias\/vi-encontro-continental-de-jpic-nas-americas.html#primaryimage\",\"url\":\"https:\/\/franciscanos.org.br\/noticias\/wp-content\/uploads\/2024\/09\/MATERIA-21.jpg\",\"contentUrl\":\"https:\/\/franciscanos.org.br\/noticias\/wp-content\/uploads\/2024\/09\/MATERIA-21.jpg\",\"width\":1280,\"height\":720},{\"@type\":\"WebPage\",\"@id\":\"https:\/\/franciscanos.org.br\/noticias\/vi-encontro-continental-de-jpic-nas-americas.html#webpage\",\"url\":\"https:\/\/franciscanos.org.br\/noticias\/vi-encontro-continental-de-jpic-nas-americas.html\",\"name\":\"VI Encontro Continental de JPIC nas Am\u00e9ricas - Not\u00edcias - Franciscanos\",\"isPartOf\":{\"@id\":\"https:\/\/franciscanos.org.br\/noticias\/#website\"},\"primaryImageOfPage\":{\"@id\":\"https:\/\/franciscanos.org.br\/noticias\/vi-encontro-continental-de-jpic-nas-americas.html#primaryimage\"},\"datePublished\":\"2024-09-20T13:49:51+00:00\",\"dateModified\":\"2024-09-20T14:08:16+00:00\",\"author\":{\"@id\":\"https:\/\/franciscanos.org.br\/noticias\/#\/schema\/person\/d9422e83121c3ad3b0f423d195f5bb25\"},\"breadcrumb\":{\"@id\":\"https:\/\/franciscanos.org.br\/noticias\/vi-encontro-continental-de-jpic-nas-americas.html#breadcrumb\"},\"inLanguage\":\"pt-BR\",\"potentialAction\":[{\"@type\":\"ReadAction\",\"target\":[\"https:\/\/franciscanos.org.br\/noticias\/vi-encontro-continental-de-jpic-nas-americas.html\"]}]},{\"@type\":\"BreadcrumbList\",\"@id\":\"https:\/\/franciscanos.org.br\/noticias\/vi-encontro-continental-de-jpic-nas-americas.html#breadcrumb\",\"itemListElement\":[{\"@type\":\"ListItem\",\"position\":1,\"name\":\"Home\",\"item\":\"https:\/\/franciscanos.org.br\/noticias\"},{\"@type\":\"ListItem\",\"position\":2,\"name\":\"VI Encontro Continental de JPIC nas Am\u00e9ricas\"}]},{\"@type\":\"Person\",\"@id\":\"https:\/\/franciscanos.org.br\/noticias\/#\/schema\/person\/d9422e83121c3ad3b0f423d195f5bb25\",\"name\":\"Adriana Rabelo\",\"image\":{\"@type\":\"ImageObject\",\"inLanguage\":\"pt-BR\",\"@id\":\"https:\/\/franciscanos.org.br\/noticias\/#\/schema\/person\/image\/\",\"url\":\"https:\/\/secure.gravatar.com\/avatar\/0a937b7500cd7df77540cfb8bede877d?s=96&d=mm&r=g\",\"contentUrl\":\"https:\/\/secure.gravatar.com\/avatar\/0a937b7500cd7df77540cfb8bede877d?s=96&d=mm&r=g\",\"caption\":\"Adriana Rabelo\"},\"url\":\"https:\/\/franciscanos.org.br\/noticias\/author\/adrianarabelo\"}]}<\/script>\n<!-- \/ Yoast SEO plugin. -->","yoast_head_json":{"title":"VI Encontro Continental de JPIC nas Am\u00e9ricas - Not\u00edcias - Franciscanos","robots":{"index":"index","follow":"follow","max-snippet":"max-snippet:-1","max-image-preview":"max-image-preview:large","max-video-preview":"max-video-preview:-1"},"canonical":"https:\/\/franciscanos.org.br\/noticias\/vi-encontro-continental-de-jpic-nas-americas.html","og_locale":"pt_BR","og_type":"article","og_title":"VI Encontro Continental de JPIC nas Am\u00e9ricas - Not\u00edcias - Franciscanos","og_description":"Evento re\u00fane entidades da Am\u00e9rica do Norte, Central e do Sul","og_url":"https:\/\/franciscanos.org.br\/noticias\/vi-encontro-continental-de-jpic-nas-americas.html","og_site_name":"Not\u00edcias - Franciscanos","article_published_time":"2024-09-20T13:49:51+00:00","article_modified_time":"2024-09-20T14:08:16+00:00","og_image":[{"width":1280,"height":720,"url":"https:\/\/franciscanos.org.br\/noticias\/wp-content\/uploads\/2024\/09\/MATERIA-21.jpg","type":"image\/jpeg"}],"author":"Adriana Rabelo","twitter_card":"summary_large_image","twitter_misc":{"Escrito por":"Adriana Rabelo","Est. tempo de leitura":"2 minutos"},"schema":{"@context":"https:\/\/schema.org","@graph":[{"@type":"WebSite","@id":"https:\/\/franciscanos.org.br\/noticias\/#website","url":"https:\/\/franciscanos.org.br\/noticias\/","name":"Not\u00edcias - Franciscanos","description":"Prov\u00edncia Franciscana da Imaculada Concei\u00e7\u00e3o do Brasil - Ordem dos Frades Menores - OFM","potentialAction":[{"@type":"SearchAction","target":{"@type":"EntryPoint","urlTemplate":"https:\/\/franciscanos.org.br\/noticias\/?s={search_term_string}"},"query-input":"required name=search_term_string"}],"inLanguage":"pt-BR"},{"@type":"ImageObject","inLanguage":"pt-BR","@id":"https:\/\/franciscanos.org.br\/noticias\/vi-encontro-continental-de-jpic-nas-americas.html#primaryimage","url":"https:\/\/franciscanos.org.br\/noticias\/wp-content\/uploads\/2024\/09\/MATERIA-21.jpg","contentUrl":"https:\/\/franciscanos.org.br\/noticias\/wp-content\/uploads\/2024\/09\/MATERIA-21.jpg","width":1280,"height":720},{"@type":"WebPage","@id":"https:\/\/franciscanos.org.br\/noticias\/vi-encontro-continental-de-jpic-nas-americas.html#webpage","url":"https:\/\/franciscanos.org.br\/noticias\/vi-encontro-continental-de-jpic-nas-americas.html","name":"VI Encontro Continental de JPIC nas Am\u00e9ricas - Not\u00edcias - Franciscanos","isPartOf":{"@id":"https:\/\/franciscanos.org.br\/noticias\/#website"},"primaryImageOfPage":{"@id":"https:\/\/franciscanos.org.br\/noticias\/vi-encontro-continental-de-jpic-nas-americas.html#primaryimage"},"datePublished":"2024-09-20T13:49:51+00:00","dateModified":"2024-09-20T14:08:16+00:00","author":{"@id":"https:\/\/franciscanos.org.br\/noticias\/#\/schema\/person\/d9422e83121c3ad3b0f423d195f5bb25"},"breadcrumb":{"@id":"https:\/\/franciscanos.org.br\/noticias\/vi-encontro-continental-de-jpic-nas-americas.html#breadcrumb"},"inLanguage":"pt-BR","potentialAction":[{"@type":"ReadAction","target":["https:\/\/franciscanos.org.br\/noticias\/vi-encontro-continental-de-jpic-nas-americas.html"]}]},{"@type":"BreadcrumbList","@id":"https:\/\/franciscanos.org.br\/noticias\/vi-encontro-continental-de-jpic-nas-americas.html#breadcrumb","itemListElement":[{"@type":"ListItem","position":1,"name":"Home","item":"https:\/\/franciscanos.org.br\/noticias"},{"@type":"ListItem","position":2,"name":"VI Encontro Continental de JPIC nas Am\u00e9ricas"}]},{"@type":"Person","@id":"https:\/\/franciscanos.org.br\/noticias\/#\/schema\/person\/d9422e83121c3ad3b0f423d195f5bb25","name":"Adriana Rabelo","image":{"@type":"ImageObject","inLanguage":"pt-BR","@id":"https:\/\/franciscanos.org.br\/noticias\/#\/schema\/person\/image\/","url":"https:\/\/secure.gravatar.com\/avatar\/0a937b7500cd7df77540cfb8bede877d?s=96&d=mm&r=g","contentUrl":"https:\/\/secure.gravatar.com\/avatar\/0a937b7500cd7df77540cfb8bede877d?s=96&d=mm&r=g","caption":"Adriana Rabelo"},"url":"https:\/\/franciscanos.org.br\/noticias\/author\/adrianarabelo"}]}},"_links":{"self":[{"href":"https:\/\/franciscanos.org.br\/noticias\/wp-json\/wp\/v2\/posts\/250973"}],"collection":[{"href":"https:\/\/franciscanos.org.br\/noticias\/wp-json\/wp\/v2\/posts"}],"about":[{"href":"https:\/\/franciscanos.org.br\/noticias\/wp-json\/wp\/v2\/types\/post"}],"author":[{"embeddable":true,"href":"https:\/\/franciscanos.org.br\/noticias\/wp-json\/wp\/v2\/users\/11"}],"replies":[{"embeddable":true,"href":"https:\/\/franciscanos.org.br\/noticias\/wp-json\/wp\/v2\/comments?post=250973"}],"version-history":[{"count":5,"href":"https:\/\/franciscanos.org.br\/noticias\/wp-json\/wp\/v2\/posts\/250973\/revisions"}],"predecessor-version":[{"id":250981,"href":"https:\/\/franciscanos.org.br\/noticias\/wp-json\/wp\/v2\/posts\/250973\/revisions\/250981"}],"wp:featuredmedia":[{"embeddable":true,"href":"https:\/\/franciscanos.org.br\/noticias\/wp-json\/wp\/v2\/media\/250974"}],"wp:attachment":[{"href":"https:\/\/franciscanos.org.br\/noticias\/wp-json\/wp\/v2\/media?parent=250973"}],"wp:term":[{"taxonomy":"category","embeddable":true,"href":"https:\/\/franciscanos.org.br\/noticias\/wp-json\/wp\/v2\/categories?post=250973"},{"taxonomy":"post_tag","embeddable":true,"href":"https:\/\/franciscanos.org.br\/noticias\/wp-json\/wp\/v2\/tags?post=250973"}],"curies":[{"name":"wp","href":"https:\/\/api.w.org\/{rel}","templated":true}]}}