{"id":250954,"date":"2024-09-19T17:04:08","date_gmt":"2024-09-19T20:04:08","guid":{"rendered":"https:\/\/franciscanos.org.br\/noticias\/?p=250954"},"modified":"2024-09-19T17:11:10","modified_gmt":"2024-09-19T20:11:10","slug":"paroquia-santo-antonio-em-sorocaba-comemora-os-800-anos-da-impressao-das-chagas-de-sao-francisco","status":"publish","type":"post","link":"https:\/\/franciscanos.org.br\/noticias\/paroquia-santo-antonio-em-sorocaba-comemora-os-800-anos-da-impressao-das-chagas-de-sao-francisco.html","title":{"rendered":"Par\u00f3quia Santo Ant\u00f4nio, em Sorocaba, comemora os 800 anos da Impress\u00e3o das Chagas de S\u00e3o Francisco"},"content":{"rendered":"<p><img loading=\"lazy\" class=\"aligncenter wp-image-250955 size-full\" src=\"https:\/\/franciscanos.org.br\/noticias\/wp-content\/uploads\/2024\/09\/MATERIA-20.jpg\" alt=\"\" width=\"1280\" height=\"720\" srcset=\"https:\/\/franciscanos.org.br\/noticias\/wp-content\/uploads\/2024\/09\/MATERIA-20.jpg 1280w, https:\/\/franciscanos.org.br\/noticias\/wp-content\/uploads\/2024\/09\/MATERIA-20-450x253.jpg 450w, https:\/\/franciscanos.org.br\/noticias\/wp-content\/uploads\/2024\/09\/MATERIA-20-1024x576.jpg 1024w, https:\/\/franciscanos.org.br\/noticias\/wp-content\/uploads\/2024\/09\/MATERIA-20-768x432.jpg 768w, https:\/\/franciscanos.org.br\/noticias\/wp-content\/uploads\/2024\/09\/MATERIA-20-150x84.jpg 150w\" sizes=\"(max-width: 1280px) 100vw, 1280px\" \/><\/p>\n<p>Uma Santa Missa na Par\u00f3quia Santo Ant\u00f4nio, em Sorocaba (SP), marcou o encerramento da Festa dos 800 anos da Impress\u00e3o das Chagas em S\u00e3o Francisco de Assis, no \u00faltimo dia 17 de setembro.<\/p>\n<p><img loading=\"lazy\" class=\"size-medium wp-image-250970 alignright\" src=\"https:\/\/franciscanos.org.br\/noticias\/wp-content\/uploads\/2024\/09\/WhatsApp-Image-2024-09-19-at-09.31.26-257x450.jpeg\" alt=\"\" width=\"257\" height=\"450\" srcset=\"https:\/\/franciscanos.org.br\/noticias\/wp-content\/uploads\/2024\/09\/WhatsApp-Image-2024-09-19-at-09.31.26-257x450.jpeg 257w, https:\/\/franciscanos.org.br\/noticias\/wp-content\/uploads\/2024\/09\/WhatsApp-Image-2024-09-19-at-09.31.26-586x1024.jpeg 586w, https:\/\/franciscanos.org.br\/noticias\/wp-content\/uploads\/2024\/09\/WhatsApp-Image-2024-09-19-at-09.31.26-768x1343.jpeg 768w, https:\/\/franciscanos.org.br\/noticias\/wp-content\/uploads\/2024\/09\/WhatsApp-Image-2024-09-19-at-09.31.26-878x1536.jpeg 878w, https:\/\/franciscanos.org.br\/noticias\/wp-content\/uploads\/2024\/09\/WhatsApp-Image-2024-09-19-at-09.31.26-150x262.jpeg 150w, https:\/\/franciscanos.org.br\/noticias\/wp-content\/uploads\/2024\/09\/WhatsApp-Image-2024-09-19-at-09.31.26.jpeg 618w\" sizes=\"(max-width: 257px) 100vw, 257px\" \/>No in\u00edcio da celebra\u00e7\u00e3o, o p\u00e1roco Frei Gilberto Marcos Sessino Piscitelli inaugurou, na entrada da igreja matriz, um painel trazido diretamente do Monte Alverne, que retrata S\u00e3o Francisco e o Serafim, no momento em que ele recebe os estigmas.<\/p>\n<p>\u201c\u2018Meu Deus e meu tudo\u2019 e \u2018O amor n\u00e3o \u00e9 amado\u2019. Essas foram as palavras de S\u00e3o Francisco que demonstraram seu amor profundo por Cristo. O Santo Ser\u00e1fico amou tanto Jesus, amou tanto a cruz que quis identificar-se com o pr\u00f3prio Cristo\u201d, disse o frade.<\/p>\n<p>Ap\u00f3s a comunh\u00e3o, foi lido o 13\u00ba cap\u00edtulo da Legenda Maior, escrito por S\u00e3o Boaventura, no qual \u00e9 abordado o momento em que S\u00e3o Francisco recebeu os Sagrados Estigmas. Enquanto o cap\u00edtulo era lido, houve uma encena\u00e7\u00e3o feita pelo Grupo de Jovens Saluz.<\/p>\n<p>Ao final da celebra\u00e7\u00e3o, todos os fi\u00e9is presentes receberam a ora\u00e7\u00e3o dos \u201cLouvores ao Deus Alt\u00edssimo\u201d. Essa ora\u00e7\u00e3o foi escrita em um pergaminho por S\u00e3o Francisco ap\u00f3s receber os estigmas e entregue a Frei Le\u00e3o, que carregou o escrito consigo durante toda a vida, at\u00e9 o momento de sua morte.<\/p>\n<p><strong>Celebra\u00e7\u00e3o do Tr\u00edduo<\/strong><\/p>\n<p>As celebra\u00e7\u00f5es na par\u00f3quia come\u00e7aram no dia 14 de setembro, com o Tr\u00edduo, momentos que promoveram profundas reflex\u00f5es sobre a vida do Santo Ser\u00e1fico. \u201cS\u00e3o Francisco nos traz n\u00e3o apenas a recorda\u00e7\u00e3o de um acontecimento ocorrido h\u00e1 800 anos, mas nos revela que \u00e9 poss\u00edvel, a todo ser humano, amar profundamente o Cristo sofredor\u201d, disse Frei Gilberto.<\/p>\n\n\t\t<style type=\"text\/css\">\n\t\t\t#gallery-1 {\n\t\t\t\tmargin: auto;\n\t\t\t}\n\t\t\t#gallery-1 .gallery-item {\n\t\t\t\tfloat: left;\n\t\t\t\tmargin-top: 10px;\n\t\t\t\ttext-align: center;\n\t\t\t\twidth: 25%;\n\t\t\t}\n\t\t\t#gallery-1 img {\n\t\t\t\tborder: 2px solid #cfcfcf;\n\t\t\t}\n\t\t\t#gallery-1 .gallery-caption {\n\t\t\t\tmargin-left: 0;\n\t\t\t}\n\t\t\t\/* see gallery_shortcode() in wp-includes\/media.php *\/\n\t\t<\/style>\n\t\t<div id='gallery-1' class='gallery galleryid-250954 gallery-columns-4 gallery-size-thumbnail'><dl class='gallery-item'>\n\t\t\t<dt class='gallery-icon landscape'>\n\t\t\t\t<a href='https:\/\/franciscanos.org.br\/noticias\/wp-content\/uploads\/2024\/09\/IMG-20240919-WA0008.jpg'><img width=\"300\" height=\"300\" src=\"https:\/\/franciscanos.org.br\/noticias\/wp-content\/uploads\/2024\/09\/IMG-20240919-WA0008-300x300.jpg\" class=\"attachment-thumbnail size-thumbnail\" alt=\"\" loading=\"lazy\" srcset=\"https:\/\/franciscanos.org.br\/noticias\/wp-content\/uploads\/2024\/09\/IMG-20240919-WA0008-300x300.jpg 300w, https:\/\/franciscanos.org.br\/noticias\/wp-content\/uploads\/2024\/09\/IMG-20240919-WA0008-100x100.jpg 100w\" sizes=\"(max-width: 300px) 100vw, 300px\" \/><\/a>\n\t\t\t<\/dt><\/dl><dl class='gallery-item'>\n\t\t\t<dt class='gallery-icon landscape'>\n\t\t\t\t<a href='https:\/\/franciscanos.org.br\/noticias\/wp-content\/uploads\/2024\/09\/IMG-20240919-WA0009.jpg'><img width=\"300\" height=\"300\" src=\"https:\/\/franciscanos.org.br\/noticias\/wp-content\/uploads\/2024\/09\/IMG-20240919-WA0009-300x300.jpg\" class=\"attachment-thumbnail size-thumbnail\" alt=\"\" loading=\"lazy\" srcset=\"https:\/\/franciscanos.org.br\/noticias\/wp-content\/uploads\/2024\/09\/IMG-20240919-WA0009-300x300.jpg 300w, https:\/\/franciscanos.org.br\/noticias\/wp-content\/uploads\/2024\/09\/IMG-20240919-WA0009-100x100.jpg 100w\" sizes=\"(max-width: 300px) 100vw, 300px\" \/><\/a>\n\t\t\t<\/dt><\/dl><dl class='gallery-item'>\n\t\t\t<dt class='gallery-icon landscape'>\n\t\t\t\t<a href='https:\/\/franciscanos.org.br\/noticias\/wp-content\/uploads\/2024\/09\/IMG-20240919-WA0010.jpg'><img width=\"300\" height=\"300\" src=\"https:\/\/franciscanos.org.br\/noticias\/wp-content\/uploads\/2024\/09\/IMG-20240919-WA0010-300x300.jpg\" class=\"attachment-thumbnail size-thumbnail\" alt=\"\" loading=\"lazy\" srcset=\"https:\/\/franciscanos.org.br\/noticias\/wp-content\/uploads\/2024\/09\/IMG-20240919-WA0010-300x300.jpg 300w, https:\/\/franciscanos.org.br\/noticias\/wp-content\/uploads\/2024\/09\/IMG-20240919-WA0010-100x100.jpg 100w\" sizes=\"(max-width: 300px) 100vw, 300px\" \/><\/a>\n\t\t\t<\/dt><\/dl><dl class='gallery-item'>\n\t\t\t<dt class='gallery-icon landscape'>\n\t\t\t\t<a href='https:\/\/franciscanos.org.br\/noticias\/wp-content\/uploads\/2024\/09\/IMG-20240919-WA0011.jpg'><img width=\"300\" height=\"300\" src=\"https:\/\/franciscanos.org.br\/noticias\/wp-content\/uploads\/2024\/09\/IMG-20240919-WA0011-300x300.jpg\" class=\"attachment-thumbnail size-thumbnail\" alt=\"\" loading=\"lazy\" srcset=\"https:\/\/franciscanos.org.br\/noticias\/wp-content\/uploads\/2024\/09\/IMG-20240919-WA0011-300x300.jpg 300w, https:\/\/franciscanos.org.br\/noticias\/wp-content\/uploads\/2024\/09\/IMG-20240919-WA0011-100x100.jpg 100w\" sizes=\"(max-width: 300px) 100vw, 300px\" \/><\/a>\n\t\t\t<\/dt><\/dl><br style=\"clear: both\" \/>\n\t\t<\/div>\n\n<p>No primeiro dia, o grupo de jovens encenou o momento em que S\u00e3o Francisco, ajoelhado diante do crucifixo na capela de S\u00e3o Dami\u00e3o, ouviu a voz do Senhor, que lhe disse para reconstruir a Sua igreja, que estava em ru\u00ednas.<\/p>\n<p>Durante a homilia, o p\u00e1roco explicou que a convers\u00e3o de S\u00e3o Francisco n\u00e3o aconteceu da noite para o dia. \u201cEle era um jovem que vivia sua vida com seus amigos, cantava, dan\u00e7ava e bebia vinhos nas cantinas da cidade. Certo dia, ele sentiu a necessidade de ter Deus em sua vida. Daquele momento em diante, passou a visitar in\u00fameras capelas, at\u00e9 que entrou na capela de S\u00e3o Dami\u00e3o. O local estava abandonado, mas foi naquele ambiente que Francisco ouviu um chamado de Deus em seu cora\u00e7\u00e3o, que dizia para ele reconstruir a Sua igreja, que estava em ru\u00ednas\u201d.<\/p>\n\n\t\t<style type=\"text\/css\">\n\t\t\t#gallery-2 {\n\t\t\t\tmargin: auto;\n\t\t\t}\n\t\t\t#gallery-2 .gallery-item {\n\t\t\t\tfloat: left;\n\t\t\t\tmargin-top: 10px;\n\t\t\t\ttext-align: center;\n\t\t\t\twidth: 25%;\n\t\t\t}\n\t\t\t#gallery-2 img {\n\t\t\t\tborder: 2px solid #cfcfcf;\n\t\t\t}\n\t\t\t#gallery-2 .gallery-caption {\n\t\t\t\tmargin-left: 0;\n\t\t\t}\n\t\t\t\/* see gallery_shortcode() in wp-includes\/media.php *\/\n\t\t<\/style>\n\t\t<div id='gallery-2' class='gallery galleryid-250954 gallery-columns-4 gallery-size-thumbnail'><dl class='gallery-item'>\n\t\t\t<dt class='gallery-icon landscape'>\n\t\t\t\t<a href='https:\/\/franciscanos.org.br\/noticias\/wp-content\/uploads\/2024\/09\/IMG-20240919-WA0013.jpg'><img width=\"300\" height=\"300\" src=\"https:\/\/franciscanos.org.br\/noticias\/wp-content\/uploads\/2024\/09\/IMG-20240919-WA0013-300x300.jpg\" class=\"attachment-thumbnail size-thumbnail\" alt=\"\" loading=\"lazy\" srcset=\"https:\/\/franciscanos.org.br\/noticias\/wp-content\/uploads\/2024\/09\/IMG-20240919-WA0013-300x300.jpg 300w, https:\/\/franciscanos.org.br\/noticias\/wp-content\/uploads\/2024\/09\/IMG-20240919-WA0013-100x100.jpg 100w\" sizes=\"(max-width: 300px) 100vw, 300px\" \/><\/a>\n\t\t\t<\/dt><\/dl><dl class='gallery-item'>\n\t\t\t<dt class='gallery-icon landscape'>\n\t\t\t\t<a href='https:\/\/franciscanos.org.br\/noticias\/wp-content\/uploads\/2024\/09\/IMG-20240919-WA0014.jpg'><img width=\"300\" height=\"300\" src=\"https:\/\/franciscanos.org.br\/noticias\/wp-content\/uploads\/2024\/09\/IMG-20240919-WA0014-300x300.jpg\" class=\"attachment-thumbnail size-thumbnail\" alt=\"\" loading=\"lazy\" srcset=\"https:\/\/franciscanos.org.br\/noticias\/wp-content\/uploads\/2024\/09\/IMG-20240919-WA0014-300x300.jpg 300w, https:\/\/franciscanos.org.br\/noticias\/wp-content\/uploads\/2024\/09\/IMG-20240919-WA0014-100x100.jpg 100w\" sizes=\"(max-width: 300px) 100vw, 300px\" \/><\/a>\n\t\t\t<\/dt><\/dl><dl class='gallery-item'>\n\t\t\t<dt class='gallery-icon landscape'>\n\t\t\t\t<a href='https:\/\/franciscanos.org.br\/noticias\/wp-content\/uploads\/2024\/09\/IMG-20240919-WA0015.jpg'><img width=\"300\" height=\"300\" src=\"https:\/\/franciscanos.org.br\/noticias\/wp-content\/uploads\/2024\/09\/IMG-20240919-WA0015-300x300.jpg\" class=\"attachment-thumbnail size-thumbnail\" alt=\"\" loading=\"lazy\" srcset=\"https:\/\/franciscanos.org.br\/noticias\/wp-content\/uploads\/2024\/09\/IMG-20240919-WA0015-300x300.jpg 300w, https:\/\/franciscanos.org.br\/noticias\/wp-content\/uploads\/2024\/09\/IMG-20240919-WA0015-100x100.jpg 100w\" sizes=\"(max-width: 300px) 100vw, 300px\" \/><\/a>\n\t\t\t<\/dt><\/dl><dl class='gallery-item'>\n\t\t\t<dt class='gallery-icon landscape'>\n\t\t\t\t<a href='https:\/\/franciscanos.org.br\/noticias\/wp-content\/uploads\/2024\/09\/IMG-20240919-WA0016.jpg'><img width=\"300\" height=\"300\" src=\"https:\/\/franciscanos.org.br\/noticias\/wp-content\/uploads\/2024\/09\/IMG-20240919-WA0016-300x300.jpg\" class=\"attachment-thumbnail size-thumbnail\" alt=\"\" loading=\"lazy\" srcset=\"https:\/\/franciscanos.org.br\/noticias\/wp-content\/uploads\/2024\/09\/IMG-20240919-WA0016-300x300.jpg 300w, https:\/\/franciscanos.org.br\/noticias\/wp-content\/uploads\/2024\/09\/IMG-20240919-WA0016-100x100.jpg 100w\" sizes=\"(max-width: 300px) 100vw, 300px\" \/><\/a>\n\t\t\t<\/dt><\/dl><br style=\"clear: both\" \/>\n\t\t<\/div>\n\n<p>No domingo (15\/09), os jovens encenaram mais tr\u00eas momentos da vida de S\u00e3o Francisco: ele e seus primeiros companheiros, o conv\u00edvio com os frades e com os leprosos. O grupo tamb\u00e9m representou a voca\u00e7\u00e3o de Santa Clara.<\/p>\n<p>De acordo com Frei Gilberto, no come\u00e7o o jovem Francisco n\u00e3o conseguia suportar o cheiro dos leprosos, mas, conforme foi caminhando ao encontro de sua santidade, passou a aceitar a condi\u00e7\u00e3o e as fragilidades daqueles filhos e filhas de Deus que eram exclu\u00eddos da sociedade. \u201cEle descobriu no leproso o irm\u00e3o em Cristo\u201d, disse.<\/p>\n<p>No terceiro e \u00faltimo dia do tr\u00edduo (16\/09), logo ap\u00f3s o Evangelho, a comunidade mais uma vez acompanhou a representa\u00e7\u00e3o do di\u00e1logo do Santo Ser\u00e1fico com Frei Le\u00e3o, momento no qual o di\u00e1logo entre os dois deu origem a uma profunda reflex\u00e3o, que resultou em um encontro especial com Deus a partir da \u201cPerfeita Alegria&#8221;.<\/p>\n\n\t\t<style type=\"text\/css\">\n\t\t\t#gallery-3 {\n\t\t\t\tmargin: auto;\n\t\t\t}\n\t\t\t#gallery-3 .gallery-item {\n\t\t\t\tfloat: left;\n\t\t\t\tmargin-top: 10px;\n\t\t\t\ttext-align: center;\n\t\t\t\twidth: 25%;\n\t\t\t}\n\t\t\t#gallery-3 img {\n\t\t\t\tborder: 2px solid #cfcfcf;\n\t\t\t}\n\t\t\t#gallery-3 .gallery-caption {\n\t\t\t\tmargin-left: 0;\n\t\t\t}\n\t\t\t\/* see gallery_shortcode() in wp-includes\/media.php *\/\n\t\t<\/style>\n\t\t<div id='gallery-3' class='gallery galleryid-250954 gallery-columns-4 gallery-size-thumbnail'><dl class='gallery-item'>\n\t\t\t<dt class='gallery-icon landscape'>\n\t\t\t\t<a href='https:\/\/franciscanos.org.br\/noticias\/wp-content\/uploads\/2024\/09\/IMG-20240919-WA0038.jpg'><img width=\"300\" height=\"300\" src=\"https:\/\/franciscanos.org.br\/noticias\/wp-content\/uploads\/2024\/09\/IMG-20240919-WA0038-300x300.jpg\" class=\"attachment-thumbnail size-thumbnail\" alt=\"\" loading=\"lazy\" srcset=\"https:\/\/franciscanos.org.br\/noticias\/wp-content\/uploads\/2024\/09\/IMG-20240919-WA0038-300x300.jpg 300w, https:\/\/franciscanos.org.br\/noticias\/wp-content\/uploads\/2024\/09\/IMG-20240919-WA0038-100x100.jpg 100w\" sizes=\"(max-width: 300px) 100vw, 300px\" \/><\/a>\n\t\t\t<\/dt><\/dl><dl class='gallery-item'>\n\t\t\t<dt class='gallery-icon landscape'>\n\t\t\t\t<a href='https:\/\/franciscanos.org.br\/noticias\/wp-content\/uploads\/2024\/09\/IMG-20240919-WA0039.jpg'><img width=\"300\" height=\"300\" src=\"https:\/\/franciscanos.org.br\/noticias\/wp-content\/uploads\/2024\/09\/IMG-20240919-WA0039-300x300.jpg\" class=\"attachment-thumbnail size-thumbnail\" alt=\"\" loading=\"lazy\" srcset=\"https:\/\/franciscanos.org.br\/noticias\/wp-content\/uploads\/2024\/09\/IMG-20240919-WA0039-300x300.jpg 300w, https:\/\/franciscanos.org.br\/noticias\/wp-content\/uploads\/2024\/09\/IMG-20240919-WA0039-100x100.jpg 100w\" sizes=\"(max-width: 300px) 100vw, 300px\" \/><\/a>\n\t\t\t<\/dt><\/dl><dl class='gallery-item'>\n\t\t\t<dt class='gallery-icon landscape'>\n\t\t\t\t<a href='https:\/\/franciscanos.org.br\/noticias\/wp-content\/uploads\/2024\/09\/IMG-20240919-WA0040.jpg'><img width=\"300\" height=\"300\" src=\"https:\/\/franciscanos.org.br\/noticias\/wp-content\/uploads\/2024\/09\/IMG-20240919-WA0040-300x300.jpg\" class=\"attachment-thumbnail size-thumbnail\" alt=\"\" loading=\"lazy\" srcset=\"https:\/\/franciscanos.org.br\/noticias\/wp-content\/uploads\/2024\/09\/IMG-20240919-WA0040-300x300.jpg 300w, https:\/\/franciscanos.org.br\/noticias\/wp-content\/uploads\/2024\/09\/IMG-20240919-WA0040-100x100.jpg 100w\" sizes=\"(max-width: 300px) 100vw, 300px\" \/><\/a>\n\t\t\t<\/dt><\/dl><dl class='gallery-item'>\n\t\t\t<dt class='gallery-icon landscape'>\n\t\t\t\t<a href='https:\/\/franciscanos.org.br\/noticias\/wp-content\/uploads\/2024\/09\/IMG-20240919-WA0041.jpg'><img width=\"300\" height=\"300\" src=\"https:\/\/franciscanos.org.br\/noticias\/wp-content\/uploads\/2024\/09\/IMG-20240919-WA0041-300x300.jpg\" class=\"attachment-thumbnail size-thumbnail\" alt=\"\" loading=\"lazy\" srcset=\"https:\/\/franciscanos.org.br\/noticias\/wp-content\/uploads\/2024\/09\/IMG-20240919-WA0041-300x300.jpg 300w, https:\/\/franciscanos.org.br\/noticias\/wp-content\/uploads\/2024\/09\/IMG-20240919-WA0041-100x100.jpg 100w\" sizes=\"(max-width: 300px) 100vw, 300px\" \/><\/a>\n\t\t\t<\/dt><\/dl><br style=\"clear: both\" \/>\n\t\t<\/div>\n\n<p>Em seguida, Frei Gilberto, em sua homilia, explicou o sentido da \u201cPerfeita Alegria\u201d a partir da \u00f3tica de S\u00e3o Francisco: \u201cA hist\u00f3ria da \u2018Perfeita Alegria\u2019 de S\u00e3o Francisco de Assis ensina que a verdadeira felicidade n\u00e3o est\u00e1 nas coisas materiais ou nas boas circunst\u00e2ncias da vida, mas na forma como enfrentamos as dificuldades com paci\u00eancia e humildade\u201d, disse.<\/p>\n<p>O frade continuou contando que S\u00e3o Francisco explicou a Frei Le\u00e3o, em uma de suas viagens, que, se eles chegassem a um mosteiro cansados, com frio e fome, e os monges n\u00e3o os reconhecessem, n\u00e3o os deixassem entrar e os maltratassem, a verdadeira alegria seria aceitar tudo isso com serenidade e sem raiva. \u201cA ideia de S\u00e3o Francisco \u00e9 que, mesmo diante das humilha\u00e7\u00f5es e sofrimentos, se conseguirmos manter a paz interior e continuar amando a Deus e as pessoas, teremos a perfeita alegria\u201d.<\/p>\n<p>Segundo ele, S\u00e3o Francisco n\u00e3o via a verdadeira alegria nos milagres ou nos momentos de reconhecimento, mas sim na capacidade de aceitar as adversidades sem perder a paci\u00eancia ou o amor. \u201cO ensinamento principal \u00e9 que a felicidade vem de dentro, de como lidamos com os desafios, e n\u00e3o do que acontece ao nosso redor. Essa \u00e9 uma li\u00e7\u00e3o sobre a import\u00e2ncia da humildade e da paz interior, mesmo nos momentos mais dif\u00edceis&#8221;, concluiu.<\/p>\n<hr \/>\n<p><em>Texto e fotos Larissa Dell&#8217;Aringa Campos<\/em><\/p>\n<p><em>Fotos:Fernanda Fonseca e Frei Gilberto Marcos Sessino Piscitelli<\/em><\/p>\n","protected":false},"excerpt":{"rendered":"<p>Jovens encenaram a hist\u00f3ria de S\u00e3o Francisco<\/p>\n","protected":false},"author":11,"featured_media":250956,"comment_status":"open","ping_status":"open","sticky":false,"template":"","format":"standard","meta":[],"categories":[1],"tags":[2034,2244],"acf":[],"yoast_head":"<!-- This site is optimized with the Yoast SEO plugin v19.2 - https:\/\/yoast.com\/wordpress\/plugins\/seo\/ -->\n<title>Par\u00f3quia Santo Ant\u00f4nio, em Sorocaba, comemora os 800 anos da Impress\u00e3o das Chagas de S\u00e3o Francisco - Not\u00edcias - Franciscanos<\/title>\n<meta name=\"robots\" content=\"index, follow, max-snippet:-1, max-image-preview:large, max-video-preview:-1\" \/>\n<link rel=\"canonical\" href=\"https:\/\/franciscanos.org.br\/noticias\/paroquia-santo-antonio-em-sorocaba-comemora-os-800-anos-da-impressao-das-chagas-de-sao-francisco.html\" \/>\n<meta property=\"og:locale\" content=\"pt_BR\" \/>\n<meta property=\"og:type\" content=\"article\" \/>\n<meta property=\"og:title\" content=\"Par\u00f3quia Santo Ant\u00f4nio, em Sorocaba, comemora os 800 anos da Impress\u00e3o das Chagas de S\u00e3o Francisco - Not\u00edcias - Franciscanos\" \/>\n<meta property=\"og:description\" content=\"Jovens encenaram a hist\u00f3ria de S\u00e3o Francisco\" \/>\n<meta property=\"og:url\" content=\"https:\/\/franciscanos.org.br\/noticias\/paroquia-santo-antonio-em-sorocaba-comemora-os-800-anos-da-impressao-das-chagas-de-sao-francisco.html\" \/>\n<meta property=\"og:site_name\" content=\"Not\u00edcias - Franciscanos\" \/>\n<meta property=\"article:published_time\" content=\"2024-09-19T20:04:08+00:00\" \/>\n<meta property=\"article:modified_time\" content=\"2024-09-19T20:11:10+00:00\" \/>\n<meta property=\"og:image\" content=\"https:\/\/franciscanos.org.br\/noticias\/wp-content\/uploads\/2024\/09\/chamada-11.jpg\" \/>\n\t<meta property=\"og:image:width\" content=\"800\" \/>\n\t<meta property=\"og:image:height\" content=\"550\" \/>\n\t<meta property=\"og:image:type\" content=\"image\/jpeg\" \/>\n<meta name=\"author\" content=\"Adriana Rabelo\" \/>\n<meta name=\"twitter:card\" content=\"summary_large_image\" \/>\n<meta name=\"twitter:label1\" content=\"Escrito por\" \/>\n\t<meta name=\"twitter:data1\" content=\"Adriana Rabelo\" \/>\n\t<meta name=\"twitter:label2\" content=\"Est. tempo de leitura\" \/>\n\t<meta name=\"twitter:data2\" content=\"4 minutos\" \/>\n<script type=\"application\/ld+json\" class=\"yoast-schema-graph\">{\"@context\":\"https:\/\/schema.org\",\"@graph\":[{\"@type\":\"WebSite\",\"@id\":\"https:\/\/franciscanos.org.br\/noticias\/#website\",\"url\":\"https:\/\/franciscanos.org.br\/noticias\/\",\"name\":\"Not\u00edcias - Franciscanos\",\"description\":\"Prov\u00edncia Franciscana da Imaculada Concei\u00e7\u00e3o do Brasil - Ordem dos Frades Menores - OFM\",\"potentialAction\":[{\"@type\":\"SearchAction\",\"target\":{\"@type\":\"EntryPoint\",\"urlTemplate\":\"https:\/\/franciscanos.org.br\/noticias\/?s={search_term_string}\"},\"query-input\":\"required name=search_term_string\"}],\"inLanguage\":\"pt-BR\"},{\"@type\":\"ImageObject\",\"inLanguage\":\"pt-BR\",\"@id\":\"https:\/\/franciscanos.org.br\/noticias\/paroquia-santo-antonio-em-sorocaba-comemora-os-800-anos-da-impressao-das-chagas-de-sao-francisco.html#primaryimage\",\"url\":\"https:\/\/franciscanos.org.br\/noticias\/wp-content\/uploads\/2024\/09\/chamada-11.jpg\",\"contentUrl\":\"https:\/\/franciscanos.org.br\/noticias\/wp-content\/uploads\/2024\/09\/chamada-11.jpg\",\"width\":800,\"height\":550},{\"@type\":\"WebPage\",\"@id\":\"https:\/\/franciscanos.org.br\/noticias\/paroquia-santo-antonio-em-sorocaba-comemora-os-800-anos-da-impressao-das-chagas-de-sao-francisco.html#webpage\",\"url\":\"https:\/\/franciscanos.org.br\/noticias\/paroquia-santo-antonio-em-sorocaba-comemora-os-800-anos-da-impressao-das-chagas-de-sao-francisco.html\",\"name\":\"Par\u00f3quia Santo Ant\u00f4nio, em Sorocaba, comemora os 800 anos da Impress\u00e3o das Chagas de S\u00e3o Francisco - Not\u00edcias - Franciscanos\",\"isPartOf\":{\"@id\":\"https:\/\/franciscanos.org.br\/noticias\/#website\"},\"primaryImageOfPage\":{\"@id\":\"https:\/\/franciscanos.org.br\/noticias\/paroquia-santo-antonio-em-sorocaba-comemora-os-800-anos-da-impressao-das-chagas-de-sao-francisco.html#primaryimage\"},\"datePublished\":\"2024-09-19T20:04:08+00:00\",\"dateModified\":\"2024-09-19T20:11:10+00:00\",\"author\":{\"@id\":\"https:\/\/franciscanos.org.br\/noticias\/#\/schema\/person\/d9422e83121c3ad3b0f423d195f5bb25\"},\"breadcrumb\":{\"@id\":\"https:\/\/franciscanos.org.br\/noticias\/paroquia-santo-antonio-em-sorocaba-comemora-os-800-anos-da-impressao-das-chagas-de-sao-francisco.html#breadcrumb\"},\"inLanguage\":\"pt-BR\",\"potentialAction\":[{\"@type\":\"ReadAction\",\"target\":[\"https:\/\/franciscanos.org.br\/noticias\/paroquia-santo-antonio-em-sorocaba-comemora-os-800-anos-da-impressao-das-chagas-de-sao-francisco.html\"]}]},{\"@type\":\"BreadcrumbList\",\"@id\":\"https:\/\/franciscanos.org.br\/noticias\/paroquia-santo-antonio-em-sorocaba-comemora-os-800-anos-da-impressao-das-chagas-de-sao-francisco.html#breadcrumb\",\"itemListElement\":[{\"@type\":\"ListItem\",\"position\":1,\"name\":\"Home\",\"item\":\"https:\/\/franciscanos.org.br\/noticias\"},{\"@type\":\"ListItem\",\"position\":2,\"name\":\"Par\u00f3quia Santo Ant\u00f4nio, em Sorocaba, comemora os 800 anos da Impress\u00e3o das Chagas de S\u00e3o Francisco\"}]},{\"@type\":\"Person\",\"@id\":\"https:\/\/franciscanos.org.br\/noticias\/#\/schema\/person\/d9422e83121c3ad3b0f423d195f5bb25\",\"name\":\"Adriana Rabelo\",\"image\":{\"@type\":\"ImageObject\",\"inLanguage\":\"pt-BR\",\"@id\":\"https:\/\/franciscanos.org.br\/noticias\/#\/schema\/person\/image\/\",\"url\":\"https:\/\/secure.gravatar.com\/avatar\/0a937b7500cd7df77540cfb8bede877d?s=96&d=mm&r=g\",\"contentUrl\":\"https:\/\/secure.gravatar.com\/avatar\/0a937b7500cd7df77540cfb8bede877d?s=96&d=mm&r=g\",\"caption\":\"Adriana Rabelo\"},\"url\":\"https:\/\/franciscanos.org.br\/noticias\/author\/adrianarabelo\"}]}<\/script>\n<!-- \/ Yoast SEO plugin. -->","yoast_head_json":{"title":"Par\u00f3quia Santo Ant\u00f4nio, em Sorocaba, comemora os 800 anos da Impress\u00e3o das Chagas de S\u00e3o Francisco - Not\u00edcias - Franciscanos","robots":{"index":"index","follow":"follow","max-snippet":"max-snippet:-1","max-image-preview":"max-image-preview:large","max-video-preview":"max-video-preview:-1"},"canonical":"https:\/\/franciscanos.org.br\/noticias\/paroquia-santo-antonio-em-sorocaba-comemora-os-800-anos-da-impressao-das-chagas-de-sao-francisco.html","og_locale":"pt_BR","og_type":"article","og_title":"Par\u00f3quia Santo Ant\u00f4nio, em Sorocaba, comemora os 800 anos da Impress\u00e3o das Chagas de S\u00e3o Francisco - Not\u00edcias - Franciscanos","og_description":"Jovens encenaram a hist\u00f3ria de S\u00e3o Francisco","og_url":"https:\/\/franciscanos.org.br\/noticias\/paroquia-santo-antonio-em-sorocaba-comemora-os-800-anos-da-impressao-das-chagas-de-sao-francisco.html","og_site_name":"Not\u00edcias - Franciscanos","article_published_time":"2024-09-19T20:04:08+00:00","article_modified_time":"2024-09-19T20:11:10+00:00","og_image":[{"width":800,"height":550,"url":"https:\/\/franciscanos.org.br\/noticias\/wp-content\/uploads\/2024\/09\/chamada-11.jpg","type":"image\/jpeg"}],"author":"Adriana Rabelo","twitter_card":"summary_large_image","twitter_misc":{"Escrito por":"Adriana Rabelo","Est. tempo de leitura":"4 minutos"},"schema":{"@context":"https:\/\/schema.org","@graph":[{"@type":"WebSite","@id":"https:\/\/franciscanos.org.br\/noticias\/#website","url":"https:\/\/franciscanos.org.br\/noticias\/","name":"Not\u00edcias - Franciscanos","description":"Prov\u00edncia Franciscana da Imaculada Concei\u00e7\u00e3o do Brasil - Ordem dos Frades Menores - OFM","potentialAction":[{"@type":"SearchAction","target":{"@type":"EntryPoint","urlTemplate":"https:\/\/franciscanos.org.br\/noticias\/?s={search_term_string}"},"query-input":"required name=search_term_string"}],"inLanguage":"pt-BR"},{"@type":"ImageObject","inLanguage":"pt-BR","@id":"https:\/\/franciscanos.org.br\/noticias\/paroquia-santo-antonio-em-sorocaba-comemora-os-800-anos-da-impressao-das-chagas-de-sao-francisco.html#primaryimage","url":"https:\/\/franciscanos.org.br\/noticias\/wp-content\/uploads\/2024\/09\/chamada-11.jpg","contentUrl":"https:\/\/franciscanos.org.br\/noticias\/wp-content\/uploads\/2024\/09\/chamada-11.jpg","width":800,"height":550},{"@type":"WebPage","@id":"https:\/\/franciscanos.org.br\/noticias\/paroquia-santo-antonio-em-sorocaba-comemora-os-800-anos-da-impressao-das-chagas-de-sao-francisco.html#webpage","url":"https:\/\/franciscanos.org.br\/noticias\/paroquia-santo-antonio-em-sorocaba-comemora-os-800-anos-da-impressao-das-chagas-de-sao-francisco.html","name":"Par\u00f3quia Santo Ant\u00f4nio, em Sorocaba, comemora os 800 anos da Impress\u00e3o das Chagas de S\u00e3o Francisco - Not\u00edcias - Franciscanos","isPartOf":{"@id":"https:\/\/franciscanos.org.br\/noticias\/#website"},"primaryImageOfPage":{"@id":"https:\/\/franciscanos.org.br\/noticias\/paroquia-santo-antonio-em-sorocaba-comemora-os-800-anos-da-impressao-das-chagas-de-sao-francisco.html#primaryimage"},"datePublished":"2024-09-19T20:04:08+00:00","dateModified":"2024-09-19T20:11:10+00:00","author":{"@id":"https:\/\/franciscanos.org.br\/noticias\/#\/schema\/person\/d9422e83121c3ad3b0f423d195f5bb25"},"breadcrumb":{"@id":"https:\/\/franciscanos.org.br\/noticias\/paroquia-santo-antonio-em-sorocaba-comemora-os-800-anos-da-impressao-das-chagas-de-sao-francisco.html#breadcrumb"},"inLanguage":"pt-BR","potentialAction":[{"@type":"ReadAction","target":["https:\/\/franciscanos.org.br\/noticias\/paroquia-santo-antonio-em-sorocaba-comemora-os-800-anos-da-impressao-das-chagas-de-sao-francisco.html"]}]},{"@type":"BreadcrumbList","@id":"https:\/\/franciscanos.org.br\/noticias\/paroquia-santo-antonio-em-sorocaba-comemora-os-800-anos-da-impressao-das-chagas-de-sao-francisco.html#breadcrumb","itemListElement":[{"@type":"ListItem","position":1,"name":"Home","item":"https:\/\/franciscanos.org.br\/noticias"},{"@type":"ListItem","position":2,"name":"Par\u00f3quia Santo Ant\u00f4nio, em Sorocaba, comemora os 800 anos da Impress\u00e3o das Chagas de S\u00e3o Francisco"}]},{"@type":"Person","@id":"https:\/\/franciscanos.org.br\/noticias\/#\/schema\/person\/d9422e83121c3ad3b0f423d195f5bb25","name":"Adriana Rabelo","image":{"@type":"ImageObject","inLanguage":"pt-BR","@id":"https:\/\/franciscanos.org.br\/noticias\/#\/schema\/person\/image\/","url":"https:\/\/secure.gravatar.com\/avatar\/0a937b7500cd7df77540cfb8bede877d?s=96&d=mm&r=g","contentUrl":"https:\/\/secure.gravatar.com\/avatar\/0a937b7500cd7df77540cfb8bede877d?s=96&d=mm&r=g","caption":"Adriana Rabelo"},"url":"https:\/\/franciscanos.org.br\/noticias\/author\/adrianarabelo"}]}},"_links":{"self":[{"href":"https:\/\/franciscanos.org.br\/noticias\/wp-json\/wp\/v2\/posts\/250954"}],"collection":[{"href":"https:\/\/franciscanos.org.br\/noticias\/wp-json\/wp\/v2\/posts"}],"about":[{"href":"https:\/\/franciscanos.org.br\/noticias\/wp-json\/wp\/v2\/types\/post"}],"author":[{"embeddable":true,"href":"https:\/\/franciscanos.org.br\/noticias\/wp-json\/wp\/v2\/users\/11"}],"replies":[{"embeddable":true,"href":"https:\/\/franciscanos.org.br\/noticias\/wp-json\/wp\/v2\/comments?post=250954"}],"version-history":[{"count":3,"href":"https:\/\/franciscanos.org.br\/noticias\/wp-json\/wp\/v2\/posts\/250954\/revisions"}],"predecessor-version":[{"id":250972,"href":"https:\/\/franciscanos.org.br\/noticias\/wp-json\/wp\/v2\/posts\/250954\/revisions\/250972"}],"wp:featuredmedia":[{"embeddable":true,"href":"https:\/\/franciscanos.org.br\/noticias\/wp-json\/wp\/v2\/media\/250956"}],"wp:attachment":[{"href":"https:\/\/franciscanos.org.br\/noticias\/wp-json\/wp\/v2\/media?parent=250954"}],"wp:term":[{"taxonomy":"category","embeddable":true,"href":"https:\/\/franciscanos.org.br\/noticias\/wp-json\/wp\/v2\/categories?post=250954"},{"taxonomy":"post_tag","embeddable":true,"href":"https:\/\/franciscanos.org.br\/noticias\/wp-json\/wp\/v2\/tags?post=250954"}],"curies":[{"name":"wp","href":"https:\/\/api.w.org\/{rel}","templated":true}]}}