{"id":250912,"date":"2024-09-18T16:53:22","date_gmt":"2024-09-18T19:53:22","guid":{"rendered":"https:\/\/franciscanos.org.br\/noticias\/?p=250912"},"modified":"2024-09-18T16:55:56","modified_gmt":"2024-09-18T19:55:56","slug":"franciscanos-de-vila-velha-e-regiao-celebram-os-800-anos-das-chagas-de-sao-francisco","status":"publish","type":"post","link":"https:\/\/franciscanos.org.br\/noticias\/franciscanos-de-vila-velha-e-regiao-celebram-os-800-anos-das-chagas-de-sao-francisco.html","title":{"rendered":"Franciscanos de Vila Velha e regi\u00e3o celebram os 800 anos das Chagas de S\u00e3o Francisco"},"content":{"rendered":"<p><img loading=\"lazy\" class=\"aligncenter wp-image-250913 size-full\" src=\"https:\/\/franciscanos.org.br\/noticias\/wp-content\/uploads\/2024\/09\/slides.jpg\" alt=\"\" width=\"1280\" height=\"720\" srcset=\"https:\/\/franciscanos.org.br\/noticias\/wp-content\/uploads\/2024\/09\/slides.jpg 1280w, https:\/\/franciscanos.org.br\/noticias\/wp-content\/uploads\/2024\/09\/slides-450x253.jpg 450w, https:\/\/franciscanos.org.br\/noticias\/wp-content\/uploads\/2024\/09\/slides-1024x576.jpg 1024w, https:\/\/franciscanos.org.br\/noticias\/wp-content\/uploads\/2024\/09\/slides-768x432.jpg 768w, https:\/\/franciscanos.org.br\/noticias\/wp-content\/uploads\/2024\/09\/slides-150x84.jpg 150w\" sizes=\"(max-width: 1280px) 100vw, 1280px\" \/><\/p>\n<p>Com a presen\u00e7a da comunidade e dos frades da Prov\u00edncia Franciscana da Imaculada Concei\u00e7\u00e3o do Brasil, a Par\u00f3quia Nossa Senhora do Ros\u00e1rio, em Vila Velha (ES), tamb\u00e9m celebrou no dia 17 de setembro, os 800 anos dos Estigmas de S\u00e3o Francisco de Assis.<\/p>\n<p>A Santa Missa foi presidida pelo p\u00e1roco, Frei Vanderlei da Silva Neves e concelebrada por Frei Clar\u00eancio Neotti, vig\u00e1rio paroquial, e frades da Fraternidade Nossa Senhora da Penha, de Colatina e o di\u00e1cono permanente Carlos da Silva.<\/p>\n<p>Logo no in\u00edcio da homilia, Frei Clar\u00eancio saudou os confrades, os irm\u00e3os e as irm\u00e3s da Ordem Franciscana Secular (OFS), bem como os amigos devotos de S\u00e3o Francisco de Assis. \u201cAs chagas fazem parte do cerne da espiritualidade franciscana. Estamos celebrando a carne e o sangue do nosso carisma com os 800 anos da Impress\u00e3o das Chagas de Cristo em S\u00e3o Francisco, o ponto mais alto e mais sublime que nenhuma criatura humana ou angelical alcan\u00e7ou\u201d, disse.<\/p>\n<p><img loading=\"lazy\" class=\" wp-image-250914 alignright\" src=\"https:\/\/franciscanos.org.br\/noticias\/wp-content\/uploads\/2024\/09\/IMG_9863-450x300.jpg\" alt=\"\" width=\"557\" height=\"372\" srcset=\"https:\/\/franciscanos.org.br\/noticias\/wp-content\/uploads\/2024\/09\/IMG_9863-450x300.jpg 450w, https:\/\/franciscanos.org.br\/noticias\/wp-content\/uploads\/2024\/09\/IMG_9863-1024x683.jpg 1024w, https:\/\/franciscanos.org.br\/noticias\/wp-content\/uploads\/2024\/09\/IMG_9863-768x512.jpg 768w, https:\/\/franciscanos.org.br\/noticias\/wp-content\/uploads\/2024\/09\/IMG_9863-1536x1024.jpg 1536w, https:\/\/franciscanos.org.br\/noticias\/wp-content\/uploads\/2024\/09\/IMG_9863-150x100.jpg 150w, https:\/\/franciscanos.org.br\/noticias\/wp-content\/uploads\/2024\/09\/IMG_9863.jpg 1620w\" sizes=\"(max-width: 557px) 100vw, 557px\" \/>O frade explicou aos fi\u00e9is que \u201cas chagas em Francisco n\u00e3o foram impressas por acaso&#8221;. \u00a0Citando Tom\u00e1s Celano, ele narrou que &#8216;na aurora do dia 14 de setembro de 1224, festa da Santa Cruz, numa grota do Monte Alverne, a 1283 metros de altura, Francisco se retira para o Monte Alverne com 4 confrades&#8217;. Segundo ele, &#8216;cada um escolheu sua gruta, mas, na manh\u00e3 daquele dia, Francisco voltado para o sol nascente rezou assim: \u2018Oh, Senhor, meu Jesus Cristo, duas gra\u00e7as te pe\u00e7o que fa\u00e7as antes de morrer. A primeira que em vida que eu sinta na alma e no corpo, o quanto for poss\u00edvel, aquelas dores, que Tu, doce Jesus, suportastes na hora da Sant\u00edssima Paix\u00e3o. A segunda: que eu sinta no meu cora\u00e7\u00e3o, quanto for poss\u00edvel, aquele excessivo amor que Tu, filho de Deus estavas inflamado para suportar tal paix\u00e3o por n\u00f3s pecadores. E estando longo tempo nessa ora\u00e7\u00e3o, S\u00e3o Francisco compreendeu que Deus o escutaria&#8217;.<\/p>\n<p>Frei Clar\u00eancio concluiu dizendo que \u201ca grande li\u00e7\u00e3o que S\u00e3o Francisco nos d\u00e1 hoje \u00e9 sobre a import\u00e2ncia e a determina\u00e7\u00e3o para abra\u00e7ar a cruz e seguir o Mestre. \u201cSe algu\u00e9m quiser ser franciscano, deve fazer assim como S\u00e3o Francisco que foi fiel ao Evangelho: \u2018Se algu\u00e9m quer vir ap\u00f3s mim, renuncie a si mesmo, tome sua cruz, cada dia, e siga-me\u2019 (cf.Lc9-23).<\/p>\n<p>\u201cHoje devemos rezar como Tom\u00e1s de Celano olhando para as chagas: \u2018Pelos m\u00e9ritos do Ser\u00e1fico Pai S\u00e3o Francisco, Cristo Jesus crucificado nos marque por suas chagas e nos introduza um dia no c\u00e9u, onde a cruz do Senhor \u00e9 gl\u00f3ria triunfal e triunfo glorioso pelos s\u00e9culos dos s\u00e9culos. Am\u00e9m!\u2019\u201d<\/p>\n<p>&nbsp;<\/p>\n\n\t\t<style type=\"text\/css\">\n\t\t\t#gallery-1 {\n\t\t\t\tmargin: auto;\n\t\t\t}\n\t\t\t#gallery-1 .gallery-item {\n\t\t\t\tfloat: left;\n\t\t\t\tmargin-top: 10px;\n\t\t\t\ttext-align: center;\n\t\t\t\twidth: 25%;\n\t\t\t}\n\t\t\t#gallery-1 img {\n\t\t\t\tborder: 2px solid #cfcfcf;\n\t\t\t}\n\t\t\t#gallery-1 .gallery-caption {\n\t\t\t\tmargin-left: 0;\n\t\t\t}\n\t\t\t\/* see gallery_shortcode() in wp-includes\/media.php *\/\n\t\t<\/style>\n\t\t<div id='gallery-1' class='gallery galleryid-250912 gallery-columns-4 gallery-size-thumbnail'><dl class='gallery-item'>\n\t\t\t<dt class='gallery-icon landscape'>\n\t\t\t\t<a href='https:\/\/franciscanos.org.br\/noticias\/wp-content\/uploads\/2024\/09\/IMG_9911.jpg'><img width=\"300\" height=\"300\" src=\"https:\/\/franciscanos.org.br\/noticias\/wp-content\/uploads\/2024\/09\/IMG_9911-300x300.jpg\" class=\"attachment-thumbnail size-thumbnail\" alt=\"\" loading=\"lazy\" srcset=\"https:\/\/franciscanos.org.br\/noticias\/wp-content\/uploads\/2024\/09\/IMG_9911-300x300.jpg 300w, https:\/\/franciscanos.org.br\/noticias\/wp-content\/uploads\/2024\/09\/IMG_9911-100x100.jpg 100w\" sizes=\"(max-width: 300px) 100vw, 300px\" \/><\/a>\n\t\t\t<\/dt><\/dl><dl class='gallery-item'>\n\t\t\t<dt class='gallery-icon landscape'>\n\t\t\t\t<a href='https:\/\/franciscanos.org.br\/noticias\/wp-content\/uploads\/2024\/09\/IMG_9836.jpg'><img width=\"300\" height=\"300\" src=\"https:\/\/franciscanos.org.br\/noticias\/wp-content\/uploads\/2024\/09\/IMG_9836-300x300.jpg\" class=\"attachment-thumbnail size-thumbnail\" alt=\"\" loading=\"lazy\" srcset=\"https:\/\/franciscanos.org.br\/noticias\/wp-content\/uploads\/2024\/09\/IMG_9836-300x300.jpg 300w, https:\/\/franciscanos.org.br\/noticias\/wp-content\/uploads\/2024\/09\/IMG_9836-100x100.jpg 100w\" sizes=\"(max-width: 300px) 100vw, 300px\" \/><\/a>\n\t\t\t<\/dt><\/dl><dl class='gallery-item'>\n\t\t\t<dt class='gallery-icon landscape'>\n\t\t\t\t<a href='https:\/\/franciscanos.org.br\/noticias\/wp-content\/uploads\/2024\/09\/IMG_9842.jpg'><img width=\"300\" height=\"300\" src=\"https:\/\/franciscanos.org.br\/noticias\/wp-content\/uploads\/2024\/09\/IMG_9842-300x300.jpg\" class=\"attachment-thumbnail size-thumbnail\" alt=\"\" loading=\"lazy\" srcset=\"https:\/\/franciscanos.org.br\/noticias\/wp-content\/uploads\/2024\/09\/IMG_9842-300x300.jpg 300w, https:\/\/franciscanos.org.br\/noticias\/wp-content\/uploads\/2024\/09\/IMG_9842-100x100.jpg 100w\" sizes=\"(max-width: 300px) 100vw, 300px\" \/><\/a>\n\t\t\t<\/dt><\/dl><dl class='gallery-item'>\n\t\t\t<dt class='gallery-icon landscape'>\n\t\t\t\t<a href='https:\/\/franciscanos.org.br\/noticias\/wp-content\/uploads\/2024\/09\/IMG_9852.jpg'><img width=\"300\" height=\"300\" src=\"https:\/\/franciscanos.org.br\/noticias\/wp-content\/uploads\/2024\/09\/IMG_9852-300x300.jpg\" class=\"attachment-thumbnail size-thumbnail\" alt=\"\" loading=\"lazy\" srcset=\"https:\/\/franciscanos.org.br\/noticias\/wp-content\/uploads\/2024\/09\/IMG_9852-300x300.jpg 300w, https:\/\/franciscanos.org.br\/noticias\/wp-content\/uploads\/2024\/09\/IMG_9852-100x100.jpg 100w\" sizes=\"(max-width: 300px) 100vw, 300px\" \/><\/a>\n\t\t\t<\/dt><\/dl><br style=\"clear: both\" \/>\n\t\t<\/div>\n\n<p>Ao final da celebra\u00e7\u00e3o, Frei Vanderlei agradeceu a presen\u00e7a dos frades \u00a0da Par\u00f3quia,\u00a0 do Convento da Penha e\u00a0 do Frei Vin\u00edcius Oliveira Betim, que mora em Colatina, e est\u00e1 passando um per\u00edodo em Vila Velha. O p\u00e1roco tamb\u00e9m saudou os irm\u00e3os da OFS e os demais movimentos inspirados por S\u00e3o Francisco de Assis, e destacou:<\/p>\n<p>\u201cHoje \u00e9 um dia especial, de festa e todos n\u00f3s devemos nos alegrar. A nossa Par\u00f3quia \u00e9 administrada pelos franciscanos e se formos relembrar o passado, toda esta regi\u00e3o foi evangelizada pelos frades. Isso significa que nas veias do povo de Vila Velha corre tamb\u00e9m a espiritualidade franciscana, que nos convida a sempre olharmos para Jesus. Por isso, o carisma franciscano \u00e9 ativo e nos mostra o melhor caminho para chegar a Jesus Cristo\u201d.<\/p>\n<hr \/>\n<p><em>Texto e fotos: Isabela de Sousa Ladeira- Par\u00f3quia Nossa Senhora do Ros\u00e1rio<\/em><\/p>\n","protected":false},"excerpt":{"rendered":"<p>&#8220;Corre nas veias de Vila Velha a espiritualidade franciscana&#8221;<\/p>\n","protected":false},"author":11,"featured_media":250919,"comment_status":"open","ping_status":"open","sticky":false,"template":"","format":"standard","meta":[],"categories":[1],"tags":[1415,2244],"acf":[],"yoast_head":"<!-- This site is optimized with the Yoast SEO plugin v19.2 - https:\/\/yoast.com\/wordpress\/plugins\/seo\/ -->\n<title>Franciscanos de Vila Velha e regi\u00e3o celebram os 800 anos das Chagas de S\u00e3o Francisco - Not\u00edcias - Franciscanos<\/title>\n<meta name=\"robots\" content=\"index, follow, max-snippet:-1, max-image-preview:large, max-video-preview:-1\" \/>\n<link rel=\"canonical\" href=\"https:\/\/franciscanos.org.br\/noticias\/franciscanos-de-vila-velha-e-regiao-celebram-os-800-anos-das-chagas-de-sao-francisco.html\" \/>\n<meta property=\"og:locale\" content=\"pt_BR\" \/>\n<meta property=\"og:type\" content=\"article\" \/>\n<meta property=\"og:title\" content=\"Franciscanos de Vila Velha e regi\u00e3o celebram os 800 anos das Chagas de S\u00e3o Francisco - Not\u00edcias - Franciscanos\" \/>\n<meta property=\"og:description\" content=\"&quot;Corre nas veias de Vila Velha a espiritualidade franciscana&quot;\" \/>\n<meta property=\"og:url\" content=\"https:\/\/franciscanos.org.br\/noticias\/franciscanos-de-vila-velha-e-regiao-celebram-os-800-anos-das-chagas-de-sao-francisco.html\" \/>\n<meta property=\"og:site_name\" content=\"Not\u00edcias - Franciscanos\" \/>\n<meta property=\"article:published_time\" content=\"2024-09-18T19:53:22+00:00\" \/>\n<meta property=\"article:modified_time\" content=\"2024-09-18T19:55:56+00:00\" \/>\n<meta property=\"og:image\" content=\"https:\/\/franciscanos.org.br\/noticias\/wp-content\/uploads\/2024\/09\/slides-1.jpg\" \/>\n\t<meta property=\"og:image:width\" content=\"1280\" \/>\n\t<meta property=\"og:image:height\" content=\"720\" \/>\n\t<meta property=\"og:image:type\" content=\"image\/jpeg\" \/>\n<meta name=\"author\" content=\"Adriana Rabelo\" \/>\n<meta name=\"twitter:card\" content=\"summary_large_image\" \/>\n<meta name=\"twitter:label1\" content=\"Escrito por\" \/>\n\t<meta name=\"twitter:data1\" content=\"Adriana Rabelo\" \/>\n\t<meta name=\"twitter:label2\" content=\"Est. tempo de leitura\" \/>\n\t<meta name=\"twitter:data2\" content=\"3 minutos\" \/>\n<script type=\"application\/ld+json\" class=\"yoast-schema-graph\">{\"@context\":\"https:\/\/schema.org\",\"@graph\":[{\"@type\":\"WebSite\",\"@id\":\"https:\/\/franciscanos.org.br\/noticias\/#website\",\"url\":\"https:\/\/franciscanos.org.br\/noticias\/\",\"name\":\"Not\u00edcias - Franciscanos\",\"description\":\"Prov\u00edncia Franciscana da Imaculada Concei\u00e7\u00e3o do Brasil - Ordem dos Frades Menores - OFM\",\"potentialAction\":[{\"@type\":\"SearchAction\",\"target\":{\"@type\":\"EntryPoint\",\"urlTemplate\":\"https:\/\/franciscanos.org.br\/noticias\/?s={search_term_string}\"},\"query-input\":\"required name=search_term_string\"}],\"inLanguage\":\"pt-BR\"},{\"@type\":\"ImageObject\",\"inLanguage\":\"pt-BR\",\"@id\":\"https:\/\/franciscanos.org.br\/noticias\/franciscanos-de-vila-velha-e-regiao-celebram-os-800-anos-das-chagas-de-sao-francisco.html#primaryimage\",\"url\":\"https:\/\/franciscanos.org.br\/noticias\/wp-content\/uploads\/2024\/09\/slides-1.jpg\",\"contentUrl\":\"https:\/\/franciscanos.org.br\/noticias\/wp-content\/uploads\/2024\/09\/slides-1.jpg\",\"width\":1280,\"height\":720},{\"@type\":\"WebPage\",\"@id\":\"https:\/\/franciscanos.org.br\/noticias\/franciscanos-de-vila-velha-e-regiao-celebram-os-800-anos-das-chagas-de-sao-francisco.html#webpage\",\"url\":\"https:\/\/franciscanos.org.br\/noticias\/franciscanos-de-vila-velha-e-regiao-celebram-os-800-anos-das-chagas-de-sao-francisco.html\",\"name\":\"Franciscanos de Vila Velha e regi\u00e3o celebram os 800 anos das Chagas de S\u00e3o Francisco - Not\u00edcias - Franciscanos\",\"isPartOf\":{\"@id\":\"https:\/\/franciscanos.org.br\/noticias\/#website\"},\"primaryImageOfPage\":{\"@id\":\"https:\/\/franciscanos.org.br\/noticias\/franciscanos-de-vila-velha-e-regiao-celebram-os-800-anos-das-chagas-de-sao-francisco.html#primaryimage\"},\"datePublished\":\"2024-09-18T19:53:22+00:00\",\"dateModified\":\"2024-09-18T19:55:56+00:00\",\"author\":{\"@id\":\"https:\/\/franciscanos.org.br\/noticias\/#\/schema\/person\/d9422e83121c3ad3b0f423d195f5bb25\"},\"breadcrumb\":{\"@id\":\"https:\/\/franciscanos.org.br\/noticias\/franciscanos-de-vila-velha-e-regiao-celebram-os-800-anos-das-chagas-de-sao-francisco.html#breadcrumb\"},\"inLanguage\":\"pt-BR\",\"potentialAction\":[{\"@type\":\"ReadAction\",\"target\":[\"https:\/\/franciscanos.org.br\/noticias\/franciscanos-de-vila-velha-e-regiao-celebram-os-800-anos-das-chagas-de-sao-francisco.html\"]}]},{\"@type\":\"BreadcrumbList\",\"@id\":\"https:\/\/franciscanos.org.br\/noticias\/franciscanos-de-vila-velha-e-regiao-celebram-os-800-anos-das-chagas-de-sao-francisco.html#breadcrumb\",\"itemListElement\":[{\"@type\":\"ListItem\",\"position\":1,\"name\":\"Home\",\"item\":\"https:\/\/franciscanos.org.br\/noticias\"},{\"@type\":\"ListItem\",\"position\":2,\"name\":\"Franciscanos de Vila Velha e regi\u00e3o celebram os 800 anos das Chagas de S\u00e3o Francisco\"}]},{\"@type\":\"Person\",\"@id\":\"https:\/\/franciscanos.org.br\/noticias\/#\/schema\/person\/d9422e83121c3ad3b0f423d195f5bb25\",\"name\":\"Adriana Rabelo\",\"image\":{\"@type\":\"ImageObject\",\"inLanguage\":\"pt-BR\",\"@id\":\"https:\/\/franciscanos.org.br\/noticias\/#\/schema\/person\/image\/\",\"url\":\"https:\/\/secure.gravatar.com\/avatar\/0a937b7500cd7df77540cfb8bede877d?s=96&d=mm&r=g\",\"contentUrl\":\"https:\/\/secure.gravatar.com\/avatar\/0a937b7500cd7df77540cfb8bede877d?s=96&d=mm&r=g\",\"caption\":\"Adriana Rabelo\"},\"url\":\"https:\/\/franciscanos.org.br\/noticias\/author\/adrianarabelo\"}]}<\/script>\n<!-- \/ Yoast SEO plugin. -->","yoast_head_json":{"title":"Franciscanos de Vila Velha e regi\u00e3o celebram os 800 anos das Chagas de S\u00e3o Francisco - Not\u00edcias - Franciscanos","robots":{"index":"index","follow":"follow","max-snippet":"max-snippet:-1","max-image-preview":"max-image-preview:large","max-video-preview":"max-video-preview:-1"},"canonical":"https:\/\/franciscanos.org.br\/noticias\/franciscanos-de-vila-velha-e-regiao-celebram-os-800-anos-das-chagas-de-sao-francisco.html","og_locale":"pt_BR","og_type":"article","og_title":"Franciscanos de Vila Velha e regi\u00e3o celebram os 800 anos das Chagas de S\u00e3o Francisco - Not\u00edcias - Franciscanos","og_description":"\"Corre nas veias de Vila Velha a espiritualidade franciscana\"","og_url":"https:\/\/franciscanos.org.br\/noticias\/franciscanos-de-vila-velha-e-regiao-celebram-os-800-anos-das-chagas-de-sao-francisco.html","og_site_name":"Not\u00edcias - Franciscanos","article_published_time":"2024-09-18T19:53:22+00:00","article_modified_time":"2024-09-18T19:55:56+00:00","og_image":[{"width":1280,"height":720,"url":"https:\/\/franciscanos.org.br\/noticias\/wp-content\/uploads\/2024\/09\/slides-1.jpg","type":"image\/jpeg"}],"author":"Adriana Rabelo","twitter_card":"summary_large_image","twitter_misc":{"Escrito por":"Adriana Rabelo","Est. tempo de leitura":"3 minutos"},"schema":{"@context":"https:\/\/schema.org","@graph":[{"@type":"WebSite","@id":"https:\/\/franciscanos.org.br\/noticias\/#website","url":"https:\/\/franciscanos.org.br\/noticias\/","name":"Not\u00edcias - Franciscanos","description":"Prov\u00edncia Franciscana da Imaculada Concei\u00e7\u00e3o do Brasil - Ordem dos Frades Menores - OFM","potentialAction":[{"@type":"SearchAction","target":{"@type":"EntryPoint","urlTemplate":"https:\/\/franciscanos.org.br\/noticias\/?s={search_term_string}"},"query-input":"required name=search_term_string"}],"inLanguage":"pt-BR"},{"@type":"ImageObject","inLanguage":"pt-BR","@id":"https:\/\/franciscanos.org.br\/noticias\/franciscanos-de-vila-velha-e-regiao-celebram-os-800-anos-das-chagas-de-sao-francisco.html#primaryimage","url":"https:\/\/franciscanos.org.br\/noticias\/wp-content\/uploads\/2024\/09\/slides-1.jpg","contentUrl":"https:\/\/franciscanos.org.br\/noticias\/wp-content\/uploads\/2024\/09\/slides-1.jpg","width":1280,"height":720},{"@type":"WebPage","@id":"https:\/\/franciscanos.org.br\/noticias\/franciscanos-de-vila-velha-e-regiao-celebram-os-800-anos-das-chagas-de-sao-francisco.html#webpage","url":"https:\/\/franciscanos.org.br\/noticias\/franciscanos-de-vila-velha-e-regiao-celebram-os-800-anos-das-chagas-de-sao-francisco.html","name":"Franciscanos de Vila Velha e regi\u00e3o celebram os 800 anos das Chagas de S\u00e3o Francisco - Not\u00edcias - Franciscanos","isPartOf":{"@id":"https:\/\/franciscanos.org.br\/noticias\/#website"},"primaryImageOfPage":{"@id":"https:\/\/franciscanos.org.br\/noticias\/franciscanos-de-vila-velha-e-regiao-celebram-os-800-anos-das-chagas-de-sao-francisco.html#primaryimage"},"datePublished":"2024-09-18T19:53:22+00:00","dateModified":"2024-09-18T19:55:56+00:00","author":{"@id":"https:\/\/franciscanos.org.br\/noticias\/#\/schema\/person\/d9422e83121c3ad3b0f423d195f5bb25"},"breadcrumb":{"@id":"https:\/\/franciscanos.org.br\/noticias\/franciscanos-de-vila-velha-e-regiao-celebram-os-800-anos-das-chagas-de-sao-francisco.html#breadcrumb"},"inLanguage":"pt-BR","potentialAction":[{"@type":"ReadAction","target":["https:\/\/franciscanos.org.br\/noticias\/franciscanos-de-vila-velha-e-regiao-celebram-os-800-anos-das-chagas-de-sao-francisco.html"]}]},{"@type":"BreadcrumbList","@id":"https:\/\/franciscanos.org.br\/noticias\/franciscanos-de-vila-velha-e-regiao-celebram-os-800-anos-das-chagas-de-sao-francisco.html#breadcrumb","itemListElement":[{"@type":"ListItem","position":1,"name":"Home","item":"https:\/\/franciscanos.org.br\/noticias"},{"@type":"ListItem","position":2,"name":"Franciscanos de Vila Velha e regi\u00e3o celebram os 800 anos das Chagas de S\u00e3o Francisco"}]},{"@type":"Person","@id":"https:\/\/franciscanos.org.br\/noticias\/#\/schema\/person\/d9422e83121c3ad3b0f423d195f5bb25","name":"Adriana Rabelo","image":{"@type":"ImageObject","inLanguage":"pt-BR","@id":"https:\/\/franciscanos.org.br\/noticias\/#\/schema\/person\/image\/","url":"https:\/\/secure.gravatar.com\/avatar\/0a937b7500cd7df77540cfb8bede877d?s=96&d=mm&r=g","contentUrl":"https:\/\/secure.gravatar.com\/avatar\/0a937b7500cd7df77540cfb8bede877d?s=96&d=mm&r=g","caption":"Adriana Rabelo"},"url":"https:\/\/franciscanos.org.br\/noticias\/author\/adrianarabelo"}]}},"_links":{"self":[{"href":"https:\/\/franciscanos.org.br\/noticias\/wp-json\/wp\/v2\/posts\/250912"}],"collection":[{"href":"https:\/\/franciscanos.org.br\/noticias\/wp-json\/wp\/v2\/posts"}],"about":[{"href":"https:\/\/franciscanos.org.br\/noticias\/wp-json\/wp\/v2\/types\/post"}],"author":[{"embeddable":true,"href":"https:\/\/franciscanos.org.br\/noticias\/wp-json\/wp\/v2\/users\/11"}],"replies":[{"embeddable":true,"href":"https:\/\/franciscanos.org.br\/noticias\/wp-json\/wp\/v2\/comments?post=250912"}],"version-history":[{"count":14,"href":"https:\/\/franciscanos.org.br\/noticias\/wp-json\/wp\/v2\/posts\/250912\/revisions"}],"predecessor-version":[{"id":250933,"href":"https:\/\/franciscanos.org.br\/noticias\/wp-json\/wp\/v2\/posts\/250912\/revisions\/250933"}],"wp:featuredmedia":[{"embeddable":true,"href":"https:\/\/franciscanos.org.br\/noticias\/wp-json\/wp\/v2\/media\/250919"}],"wp:attachment":[{"href":"https:\/\/franciscanos.org.br\/noticias\/wp-json\/wp\/v2\/media?parent=250912"}],"wp:term":[{"taxonomy":"category","embeddable":true,"href":"https:\/\/franciscanos.org.br\/noticias\/wp-json\/wp\/v2\/categories?post=250912"},{"taxonomy":"post_tag","embeddable":true,"href":"https:\/\/franciscanos.org.br\/noticias\/wp-json\/wp\/v2\/tags?post=250912"}],"curies":[{"name":"wp","href":"https:\/\/api.w.org\/{rel}","templated":true}]}}