{"id":250856,"date":"2024-09-18T09:10:23","date_gmt":"2024-09-18T12:10:23","guid":{"rendered":"https:\/\/franciscanos.org.br\/noticias\/?p=250856"},"modified":"2024-09-18T09:10:23","modified_gmt":"2024-09-18T12:10:23","slug":"celebracao-dos-800-anos-das-chagas-de-sao-francisco-lota-igreja-historica-no-rio-de-janeiro","status":"publish","type":"post","link":"https:\/\/franciscanos.org.br\/noticias\/celebracao-dos-800-anos-das-chagas-de-sao-francisco-lota-igreja-historica-no-rio-de-janeiro.html","title":{"rendered":"Celebra\u00e7\u00e3o dos 800 anos das Chagas de S\u00e3o Francisco lota Igreja hist\u00f3rica no Rio de Janeiro"},"content":{"rendered":"<p><img loading=\"lazy\" class=\"aligncenter wp-image-250857 size-full\" src=\"https:\/\/franciscanos.org.br\/noticias\/wp-content\/uploads\/2024\/09\/MATERIA-18.jpg\" alt=\"\" width=\"1280\" height=\"720\" srcset=\"https:\/\/franciscanos.org.br\/noticias\/wp-content\/uploads\/2024\/09\/MATERIA-18.jpg 1280w, https:\/\/franciscanos.org.br\/noticias\/wp-content\/uploads\/2024\/09\/MATERIA-18-450x253.jpg 450w, https:\/\/franciscanos.org.br\/noticias\/wp-content\/uploads\/2024\/09\/MATERIA-18-1024x576.jpg 1024w, https:\/\/franciscanos.org.br\/noticias\/wp-content\/uploads\/2024\/09\/MATERIA-18-768x432.jpg 768w, https:\/\/franciscanos.org.br\/noticias\/wp-content\/uploads\/2024\/09\/MATERIA-18-150x84.jpg 150w\" sizes=\"(max-width: 1280px) 100vw, 1280px\" \/><\/p>\n<p>A Fraternidade da Ordem Franciscana Secular de S\u00e3o Francisco da Penit\u00eancia abriu as portas de sua Igreja hist\u00f3rica, considerada a \u201cP\u00e9rola da Barroco Brasileiro\u201d, para acolher a Fam\u00edlia Franciscana da Cidade do Rio de Janeiro (RJ) na celebra\u00e7\u00e3o dos 800 anos da Estigmatiza\u00e7\u00e3o de S\u00e3o Francisco, nesta ter\u00e7a-feira (17\/09), \u00e0s 15h. A igreja, localizada ao lado do Convento Santo Ant\u00f4nio, no Largo da Carioca, ficou lotada por irm\u00e3os e irm\u00e3s da Ordem Franciscana Secular, religiosas e pelo povo fiel devoto. A missa foi presidida por Frei Claudio Broca, assistente espiritual da Fraternidade anfitri\u00e3. Na homilia, ele recordou a busca incessante de Francisco em conformar-se a Cristo, que culminou com a recep\u00e7\u00e3o dos estigmas do Senhor na pr\u00f3pria carne. Destacou que este amor incondicional a Cristo deve ser uma meta abra\u00e7ada por todos os que desejam seguir a Jesus atrav\u00e9s das pegadas de Francisco.<\/p>\n\n\t\t<style type=\"text\/css\">\n\t\t\t#gallery-1 {\n\t\t\t\tmargin: auto;\n\t\t\t}\n\t\t\t#gallery-1 .gallery-item {\n\t\t\t\tfloat: left;\n\t\t\t\tmargin-top: 10px;\n\t\t\t\ttext-align: center;\n\t\t\t\twidth: 33%;\n\t\t\t}\n\t\t\t#gallery-1 img {\n\t\t\t\tborder: 2px solid #cfcfcf;\n\t\t\t}\n\t\t\t#gallery-1 .gallery-caption {\n\t\t\t\tmargin-left: 0;\n\t\t\t}\n\t\t\t\/* see gallery_shortcode() in wp-includes\/media.php *\/\n\t\t<\/style>\n\t\t<div id='gallery-1' class='gallery galleryid-250856 gallery-columns-3 gallery-size-thumbnail'><dl class='gallery-item'>\n\t\t\t<dt class='gallery-icon landscape'>\n\t\t\t\t<a href='https:\/\/franciscanos.org.br\/noticias\/wp-content\/uploads\/2024\/09\/WhatsApp-Image-2024-09-17-at-20.12.06-11.jpeg'><img width=\"300\" height=\"300\" src=\"https:\/\/franciscanos.org.br\/noticias\/wp-content\/uploads\/2024\/09\/WhatsApp-Image-2024-09-17-at-20.12.06-11-300x300.jpeg\" class=\"attachment-thumbnail size-thumbnail\" alt=\"\" loading=\"lazy\" srcset=\"https:\/\/franciscanos.org.br\/noticias\/wp-content\/uploads\/2024\/09\/WhatsApp-Image-2024-09-17-at-20.12.06-11-300x300.jpeg 300w, https:\/\/franciscanos.org.br\/noticias\/wp-content\/uploads\/2024\/09\/WhatsApp-Image-2024-09-17-at-20.12.06-11-100x100.jpeg 100w\" sizes=\"(max-width: 300px) 100vw, 300px\" \/><\/a>\n\t\t\t<\/dt><\/dl><dl class='gallery-item'>\n\t\t\t<dt class='gallery-icon landscape'>\n\t\t\t\t<a href='https:\/\/franciscanos.org.br\/noticias\/wp-content\/uploads\/2024\/09\/WhatsApp-Image-2024-09-17-at-20.12.06-3.jpeg'><img width=\"300\" height=\"300\" src=\"https:\/\/franciscanos.org.br\/noticias\/wp-content\/uploads\/2024\/09\/WhatsApp-Image-2024-09-17-at-20.12.06-3-300x300.jpeg\" class=\"attachment-thumbnail size-thumbnail\" alt=\"\" loading=\"lazy\" srcset=\"https:\/\/franciscanos.org.br\/noticias\/wp-content\/uploads\/2024\/09\/WhatsApp-Image-2024-09-17-at-20.12.06-3-300x300.jpeg 300w, https:\/\/franciscanos.org.br\/noticias\/wp-content\/uploads\/2024\/09\/WhatsApp-Image-2024-09-17-at-20.12.06-3-100x100.jpeg 100w\" sizes=\"(max-width: 300px) 100vw, 300px\" \/><\/a>\n\t\t\t<\/dt><\/dl><dl class='gallery-item'>\n\t\t\t<dt class='gallery-icon landscape'>\n\t\t\t\t<a href='https:\/\/franciscanos.org.br\/noticias\/wp-content\/uploads\/2024\/09\/WhatsApp-Image-2024-09-17-at-20.12.06-1.jpeg'><img width=\"300\" height=\"300\" src=\"https:\/\/franciscanos.org.br\/noticias\/wp-content\/uploads\/2024\/09\/WhatsApp-Image-2024-09-17-at-20.12.06-1-300x300.jpeg\" class=\"attachment-thumbnail size-thumbnail\" alt=\"\" loading=\"lazy\" srcset=\"https:\/\/franciscanos.org.br\/noticias\/wp-content\/uploads\/2024\/09\/WhatsApp-Image-2024-09-17-at-20.12.06-1-300x300.jpeg 300w, https:\/\/franciscanos.org.br\/noticias\/wp-content\/uploads\/2024\/09\/WhatsApp-Image-2024-09-17-at-20.12.06-1-100x100.jpeg 100w\" sizes=\"(max-width: 300px) 100vw, 300px\" \/><\/a>\n\t\t\t<\/dt><\/dl><br style=\"clear: both\" \/>\n\t\t<\/div>\n\n<p>A missa foi concelebrada ainda por Frei Carlos Charles, Cust\u00f3dio da Ordem dos Frades Menores Conventuais no Rio de Janeiro e regi\u00e3o, residente no Convento S\u00e3o Francisco, no Rio Comprido; Frei Reinaldo Avila de Moura, OFMCap, guardi\u00e3o da Fraternidade da Bas\u00edlica Santu\u00e1rio S\u00e3o Sebasti\u00e3o, da Tijuca; e Frei Walter Ferreira Junior, guardi\u00e3o do Convento Santo Ant\u00f4nio. Outros frades dos tr\u00eas ramos da Primeira Ordem tamb\u00e9m participaram da Celebra\u00e7\u00e3o. Em nome dos anfitri\u00f5es e dos irm\u00e3os e irm\u00e3s da OFS, a Ministra da Fraternidade, Marcia Regina da Silva Costa, manifestou a alegria e a satisfa\u00e7\u00e3o em receber a todos que participaram do importante ato celebrativo.<\/p>\n<p>Nas palavras de gratid\u00e3o, ao final da Missa, Frei Carlos Charles destacou o esp\u00edrito de comunh\u00e3o vivido durante o tr\u00edduo celebrado em prepara\u00e7\u00e3o \u00e0 Festa das Chagas de S\u00e3o Francisco. O itiner\u00e1rio teve in\u00edcio no s\u00e1bado, 14 de setembro, na Par\u00f3quia S\u00e3o Francisco, no Rio Comprido, sob os cuidados dos frades da Ordem dos Frades Menores Conventuais. O segundo dia, no domingo, 15 de setembro, ocorreu no Santu\u00e1rio Bas\u00edlica de S\u00e3o Sebasti\u00e3o, na Tijuca, coordenado pelos irm\u00e3os da Ordem dos Frades Menores Capuchinhos. E o terceiro e \u00faltimo dia do tr\u00edduo foi celebrado na Igreja do Convento Santo Ant\u00f4nio, no Largo da Carioca. O tema geral do tr\u00edduo e da festa foi: \u201cDas feridas \u00e0 vida nova: \u2018trago em mim as marcas do Crucificado\u2019\u201d (Gl 6,7).<\/p>\n\n\t\t<style type=\"text\/css\">\n\t\t\t#gallery-2 {\n\t\t\t\tmargin: auto;\n\t\t\t}\n\t\t\t#gallery-2 .gallery-item {\n\t\t\t\tfloat: left;\n\t\t\t\tmargin-top: 10px;\n\t\t\t\ttext-align: center;\n\t\t\t\twidth: 25%;\n\t\t\t}\n\t\t\t#gallery-2 img {\n\t\t\t\tborder: 2px solid #cfcfcf;\n\t\t\t}\n\t\t\t#gallery-2 .gallery-caption {\n\t\t\t\tmargin-left: 0;\n\t\t\t}\n\t\t\t\/* see gallery_shortcode() in wp-includes\/media.php *\/\n\t\t<\/style>\n\t\t<div id='gallery-2' class='gallery galleryid-250856 gallery-columns-4 gallery-size-thumbnail'><dl class='gallery-item'>\n\t\t\t<dt class='gallery-icon portrait'>\n\t\t\t\t<a href='https:\/\/franciscanos.org.br\/noticias\/wp-content\/uploads\/2024\/09\/WhatsApp-Image-2024-09-17-at-20.12.06-17.jpeg'><img width=\"300\" height=\"300\" src=\"https:\/\/franciscanos.org.br\/noticias\/wp-content\/uploads\/2024\/09\/WhatsApp-Image-2024-09-17-at-20.12.06-17-300x300.jpeg\" class=\"attachment-thumbnail size-thumbnail\" alt=\"\" loading=\"lazy\" srcset=\"https:\/\/franciscanos.org.br\/noticias\/wp-content\/uploads\/2024\/09\/WhatsApp-Image-2024-09-17-at-20.12.06-17-300x300.jpeg 300w, https:\/\/franciscanos.org.br\/noticias\/wp-content\/uploads\/2024\/09\/WhatsApp-Image-2024-09-17-at-20.12.06-17-100x100.jpeg 100w\" sizes=\"(max-width: 300px) 100vw, 300px\" \/><\/a>\n\t\t\t<\/dt><\/dl><dl class='gallery-item'>\n\t\t\t<dt class='gallery-icon portrait'>\n\t\t\t\t<a href='https:\/\/franciscanos.org.br\/noticias\/wp-content\/uploads\/2024\/09\/WhatsApp-Image-2024-09-17-at-20.12.06-14.jpeg'><img width=\"300\" height=\"300\" src=\"https:\/\/franciscanos.org.br\/noticias\/wp-content\/uploads\/2024\/09\/WhatsApp-Image-2024-09-17-at-20.12.06-14-300x300.jpeg\" class=\"attachment-thumbnail size-thumbnail\" alt=\"\" loading=\"lazy\" srcset=\"https:\/\/franciscanos.org.br\/noticias\/wp-content\/uploads\/2024\/09\/WhatsApp-Image-2024-09-17-at-20.12.06-14-300x300.jpeg 300w, https:\/\/franciscanos.org.br\/noticias\/wp-content\/uploads\/2024\/09\/WhatsApp-Image-2024-09-17-at-20.12.06-14-100x100.jpeg 100w\" sizes=\"(max-width: 300px) 100vw, 300px\" \/><\/a>\n\t\t\t<\/dt><\/dl><dl class='gallery-item'>\n\t\t\t<dt class='gallery-icon portrait'>\n\t\t\t\t<a href='https:\/\/franciscanos.org.br\/noticias\/wp-content\/uploads\/2024\/09\/WhatsApp-Image-2024-09-17-at-20.12.05-3.jpeg'><img width=\"300\" height=\"300\" src=\"https:\/\/franciscanos.org.br\/noticias\/wp-content\/uploads\/2024\/09\/WhatsApp-Image-2024-09-17-at-20.12.05-3-300x300.jpeg\" class=\"attachment-thumbnail size-thumbnail\" alt=\"\" loading=\"lazy\" srcset=\"https:\/\/franciscanos.org.br\/noticias\/wp-content\/uploads\/2024\/09\/WhatsApp-Image-2024-09-17-at-20.12.05-3-300x300.jpeg 300w, https:\/\/franciscanos.org.br\/noticias\/wp-content\/uploads\/2024\/09\/WhatsApp-Image-2024-09-17-at-20.12.05-3-100x100.jpeg 100w\" sizes=\"(max-width: 300px) 100vw, 300px\" \/><\/a>\n\t\t\t<\/dt><\/dl><dl class='gallery-item'>\n\t\t\t<dt class='gallery-icon portrait'>\n\t\t\t\t<a href='https:\/\/franciscanos.org.br\/noticias\/wp-content\/uploads\/2024\/09\/WhatsApp-Image-2024-09-17-at-20.12.06-5.jpeg'><img width=\"300\" height=\"300\" src=\"https:\/\/franciscanos.org.br\/noticias\/wp-content\/uploads\/2024\/09\/WhatsApp-Image-2024-09-17-at-20.12.06-5-300x300.jpeg\" class=\"attachment-thumbnail size-thumbnail\" alt=\"\" loading=\"lazy\" srcset=\"https:\/\/franciscanos.org.br\/noticias\/wp-content\/uploads\/2024\/09\/WhatsApp-Image-2024-09-17-at-20.12.06-5-300x300.jpeg 300w, https:\/\/franciscanos.org.br\/noticias\/wp-content\/uploads\/2024\/09\/WhatsApp-Image-2024-09-17-at-20.12.06-5-100x100.jpeg 100w\" sizes=\"(max-width: 300px) 100vw, 300px\" \/><\/a>\n\t\t\t<\/dt><\/dl><br style=\"clear: both\" \/>\n\t\t<\/div>\n\n<p>Em nome dos frades capuchinhos, Frei Reinaldo comparou o percurso do tr\u00edduo a um verdadeiro retiro espiritual, de onde ele pessoalmente sairia mais animado e feliz. O sentimento expresso pelo frade tamb\u00e9m transparecia no semblante de alegria e satisfa\u00e7\u00e3o estampado no rosto dos presentes. A t\u00edtulo de proposta e provoca\u00e7\u00e3o, Frei Gustavo Wayand Medella, Vig\u00e1rio Provincial da Prov\u00edncia Franciscana da Imaculada Concei\u00e7\u00e3o do Brasil, sugeriu que a iniciativa de se reunir os tr\u00eas ramos da Primeira Ordem e demais express\u00f5es da Fam\u00edlia Franciscana se tornasse uma tradi\u00e7\u00e3o na Cidade do Rio Janeiro, por ocasi\u00e3o da celebra\u00e7\u00e3o das Chagas de S\u00e3o Francisco. \u201cSeria um belo testemunho da Unidade Franciscana na Cidade Maravilhosa e Regi\u00e3o\u201d, acentuou. A ideia foi recebida com forte aplauso, indicando que, no pr\u00f3ximo ano, provavelmente a experi\u00eancia seja retomada.<\/p>\n<hr \/>\n<p>Equipe de comunica\u00e7\u00e3o Convento Santo Ant\u00f4nio<\/p>\n","protected":false},"excerpt":{"rendered":"<p>Celebra\u00e7\u00e3o reuniu Fam\u00edlia Franciscana da Cidade do Rio de Janeiro<\/p>\n","protected":false},"author":11,"featured_media":250865,"comment_status":"open","ping_status":"open","sticky":false,"template":"","format":"standard","meta":[],"categories":[1],"tags":[2221,60,1131],"acf":[],"yoast_head":"<!-- This site is optimized with the Yoast SEO plugin v19.2 - https:\/\/yoast.com\/wordpress\/plugins\/seo\/ -->\n<title>Celebra\u00e7\u00e3o dos 800 anos das Chagas de S\u00e3o Francisco lota Igreja hist\u00f3rica no Rio de Janeiro - Not\u00edcias - Franciscanos<\/title>\n<meta name=\"robots\" content=\"index, follow, max-snippet:-1, max-image-preview:large, max-video-preview:-1\" \/>\n<link rel=\"canonical\" href=\"https:\/\/franciscanos.org.br\/noticias\/celebracao-dos-800-anos-das-chagas-de-sao-francisco-lota-igreja-historica-no-rio-de-janeiro.html\" \/>\n<meta property=\"og:locale\" content=\"pt_BR\" \/>\n<meta property=\"og:type\" content=\"article\" \/>\n<meta property=\"og:title\" content=\"Celebra\u00e7\u00e3o dos 800 anos das Chagas de S\u00e3o Francisco lota Igreja hist\u00f3rica no Rio de Janeiro - Not\u00edcias - Franciscanos\" \/>\n<meta property=\"og:description\" content=\"Celebra\u00e7\u00e3o reuniu Fam\u00edlia Franciscana da Cidade do Rio de Janeiro\" \/>\n<meta property=\"og:url\" content=\"https:\/\/franciscanos.org.br\/noticias\/celebracao-dos-800-anos-das-chagas-de-sao-francisco-lota-igreja-historica-no-rio-de-janeiro.html\" \/>\n<meta property=\"og:site_name\" content=\"Not\u00edcias - Franciscanos\" \/>\n<meta property=\"article:published_time\" content=\"2024-09-18T12:10:23+00:00\" \/>\n<meta property=\"og:image\" content=\"https:\/\/franciscanos.org.br\/noticias\/wp-content\/uploads\/2024\/09\/CHAMADA-7.jpg\" \/>\n\t<meta property=\"og:image:width\" content=\"800\" \/>\n\t<meta property=\"og:image:height\" content=\"550\" \/>\n\t<meta property=\"og:image:type\" content=\"image\/jpeg\" \/>\n<meta name=\"author\" content=\"Adriana Rabelo\" \/>\n<meta name=\"twitter:card\" content=\"summary_large_image\" \/>\n<meta name=\"twitter:label1\" content=\"Escrito por\" \/>\n\t<meta name=\"twitter:data1\" content=\"Adriana Rabelo\" \/>\n\t<meta name=\"twitter:label2\" content=\"Est. tempo de leitura\" \/>\n\t<meta name=\"twitter:data2\" content=\"3 minutos\" \/>\n<script type=\"application\/ld+json\" class=\"yoast-schema-graph\">{\"@context\":\"https:\/\/schema.org\",\"@graph\":[{\"@type\":\"WebSite\",\"@id\":\"https:\/\/franciscanos.org.br\/noticias\/#website\",\"url\":\"https:\/\/franciscanos.org.br\/noticias\/\",\"name\":\"Not\u00edcias - Franciscanos\",\"description\":\"Prov\u00edncia Franciscana da Imaculada Concei\u00e7\u00e3o do Brasil - Ordem dos Frades Menores - OFM\",\"potentialAction\":[{\"@type\":\"SearchAction\",\"target\":{\"@type\":\"EntryPoint\",\"urlTemplate\":\"https:\/\/franciscanos.org.br\/noticias\/?s={search_term_string}\"},\"query-input\":\"required name=search_term_string\"}],\"inLanguage\":\"pt-BR\"},{\"@type\":\"ImageObject\",\"inLanguage\":\"pt-BR\",\"@id\":\"https:\/\/franciscanos.org.br\/noticias\/celebracao-dos-800-anos-das-chagas-de-sao-francisco-lota-igreja-historica-no-rio-de-janeiro.html#primaryimage\",\"url\":\"https:\/\/franciscanos.org.br\/noticias\/wp-content\/uploads\/2024\/09\/CHAMADA-7.jpg\",\"contentUrl\":\"https:\/\/franciscanos.org.br\/noticias\/wp-content\/uploads\/2024\/09\/CHAMADA-7.jpg\",\"width\":800,\"height\":550},{\"@type\":\"WebPage\",\"@id\":\"https:\/\/franciscanos.org.br\/noticias\/celebracao-dos-800-anos-das-chagas-de-sao-francisco-lota-igreja-historica-no-rio-de-janeiro.html#webpage\",\"url\":\"https:\/\/franciscanos.org.br\/noticias\/celebracao-dos-800-anos-das-chagas-de-sao-francisco-lota-igreja-historica-no-rio-de-janeiro.html\",\"name\":\"Celebra\u00e7\u00e3o dos 800 anos das Chagas de S\u00e3o Francisco lota Igreja hist\u00f3rica no Rio de Janeiro - Not\u00edcias - Franciscanos\",\"isPartOf\":{\"@id\":\"https:\/\/franciscanos.org.br\/noticias\/#website\"},\"primaryImageOfPage\":{\"@id\":\"https:\/\/franciscanos.org.br\/noticias\/celebracao-dos-800-anos-das-chagas-de-sao-francisco-lota-igreja-historica-no-rio-de-janeiro.html#primaryimage\"},\"datePublished\":\"2024-09-18T12:10:23+00:00\",\"dateModified\":\"2024-09-18T12:10:23+00:00\",\"author\":{\"@id\":\"https:\/\/franciscanos.org.br\/noticias\/#\/schema\/person\/d9422e83121c3ad3b0f423d195f5bb25\"},\"breadcrumb\":{\"@id\":\"https:\/\/franciscanos.org.br\/noticias\/celebracao-dos-800-anos-das-chagas-de-sao-francisco-lota-igreja-historica-no-rio-de-janeiro.html#breadcrumb\"},\"inLanguage\":\"pt-BR\",\"potentialAction\":[{\"@type\":\"ReadAction\",\"target\":[\"https:\/\/franciscanos.org.br\/noticias\/celebracao-dos-800-anos-das-chagas-de-sao-francisco-lota-igreja-historica-no-rio-de-janeiro.html\"]}]},{\"@type\":\"BreadcrumbList\",\"@id\":\"https:\/\/franciscanos.org.br\/noticias\/celebracao-dos-800-anos-das-chagas-de-sao-francisco-lota-igreja-historica-no-rio-de-janeiro.html#breadcrumb\",\"itemListElement\":[{\"@type\":\"ListItem\",\"position\":1,\"name\":\"Home\",\"item\":\"https:\/\/franciscanos.org.br\/noticias\"},{\"@type\":\"ListItem\",\"position\":2,\"name\":\"Celebra\u00e7\u00e3o dos 800 anos das Chagas de S\u00e3o Francisco lota Igreja hist\u00f3rica no Rio de Janeiro\"}]},{\"@type\":\"Person\",\"@id\":\"https:\/\/franciscanos.org.br\/noticias\/#\/schema\/person\/d9422e83121c3ad3b0f423d195f5bb25\",\"name\":\"Adriana Rabelo\",\"image\":{\"@type\":\"ImageObject\",\"inLanguage\":\"pt-BR\",\"@id\":\"https:\/\/franciscanos.org.br\/noticias\/#\/schema\/person\/image\/\",\"url\":\"https:\/\/secure.gravatar.com\/avatar\/0a937b7500cd7df77540cfb8bede877d?s=96&d=mm&r=g\",\"contentUrl\":\"https:\/\/secure.gravatar.com\/avatar\/0a937b7500cd7df77540cfb8bede877d?s=96&d=mm&r=g\",\"caption\":\"Adriana Rabelo\"},\"url\":\"https:\/\/franciscanos.org.br\/noticias\/author\/adrianarabelo\"}]}<\/script>\n<!-- \/ Yoast SEO plugin. -->","yoast_head_json":{"title":"Celebra\u00e7\u00e3o dos 800 anos das Chagas de S\u00e3o Francisco lota Igreja hist\u00f3rica no Rio de Janeiro - Not\u00edcias - Franciscanos","robots":{"index":"index","follow":"follow","max-snippet":"max-snippet:-1","max-image-preview":"max-image-preview:large","max-video-preview":"max-video-preview:-1"},"canonical":"https:\/\/franciscanos.org.br\/noticias\/celebracao-dos-800-anos-das-chagas-de-sao-francisco-lota-igreja-historica-no-rio-de-janeiro.html","og_locale":"pt_BR","og_type":"article","og_title":"Celebra\u00e7\u00e3o dos 800 anos das Chagas de S\u00e3o Francisco lota Igreja hist\u00f3rica no Rio de Janeiro - Not\u00edcias - Franciscanos","og_description":"Celebra\u00e7\u00e3o reuniu Fam\u00edlia Franciscana da Cidade do Rio de Janeiro","og_url":"https:\/\/franciscanos.org.br\/noticias\/celebracao-dos-800-anos-das-chagas-de-sao-francisco-lota-igreja-historica-no-rio-de-janeiro.html","og_site_name":"Not\u00edcias - Franciscanos","article_published_time":"2024-09-18T12:10:23+00:00","og_image":[{"width":800,"height":550,"url":"https:\/\/franciscanos.org.br\/noticias\/wp-content\/uploads\/2024\/09\/CHAMADA-7.jpg","type":"image\/jpeg"}],"author":"Adriana Rabelo","twitter_card":"summary_large_image","twitter_misc":{"Escrito por":"Adriana Rabelo","Est. tempo de leitura":"3 minutos"},"schema":{"@context":"https:\/\/schema.org","@graph":[{"@type":"WebSite","@id":"https:\/\/franciscanos.org.br\/noticias\/#website","url":"https:\/\/franciscanos.org.br\/noticias\/","name":"Not\u00edcias - Franciscanos","description":"Prov\u00edncia Franciscana da Imaculada Concei\u00e7\u00e3o do Brasil - Ordem dos Frades Menores - OFM","potentialAction":[{"@type":"SearchAction","target":{"@type":"EntryPoint","urlTemplate":"https:\/\/franciscanos.org.br\/noticias\/?s={search_term_string}"},"query-input":"required name=search_term_string"}],"inLanguage":"pt-BR"},{"@type":"ImageObject","inLanguage":"pt-BR","@id":"https:\/\/franciscanos.org.br\/noticias\/celebracao-dos-800-anos-das-chagas-de-sao-francisco-lota-igreja-historica-no-rio-de-janeiro.html#primaryimage","url":"https:\/\/franciscanos.org.br\/noticias\/wp-content\/uploads\/2024\/09\/CHAMADA-7.jpg","contentUrl":"https:\/\/franciscanos.org.br\/noticias\/wp-content\/uploads\/2024\/09\/CHAMADA-7.jpg","width":800,"height":550},{"@type":"WebPage","@id":"https:\/\/franciscanos.org.br\/noticias\/celebracao-dos-800-anos-das-chagas-de-sao-francisco-lota-igreja-historica-no-rio-de-janeiro.html#webpage","url":"https:\/\/franciscanos.org.br\/noticias\/celebracao-dos-800-anos-das-chagas-de-sao-francisco-lota-igreja-historica-no-rio-de-janeiro.html","name":"Celebra\u00e7\u00e3o dos 800 anos das Chagas de S\u00e3o Francisco lota Igreja hist\u00f3rica no Rio de Janeiro - Not\u00edcias - Franciscanos","isPartOf":{"@id":"https:\/\/franciscanos.org.br\/noticias\/#website"},"primaryImageOfPage":{"@id":"https:\/\/franciscanos.org.br\/noticias\/celebracao-dos-800-anos-das-chagas-de-sao-francisco-lota-igreja-historica-no-rio-de-janeiro.html#primaryimage"},"datePublished":"2024-09-18T12:10:23+00:00","dateModified":"2024-09-18T12:10:23+00:00","author":{"@id":"https:\/\/franciscanos.org.br\/noticias\/#\/schema\/person\/d9422e83121c3ad3b0f423d195f5bb25"},"breadcrumb":{"@id":"https:\/\/franciscanos.org.br\/noticias\/celebracao-dos-800-anos-das-chagas-de-sao-francisco-lota-igreja-historica-no-rio-de-janeiro.html#breadcrumb"},"inLanguage":"pt-BR","potentialAction":[{"@type":"ReadAction","target":["https:\/\/franciscanos.org.br\/noticias\/celebracao-dos-800-anos-das-chagas-de-sao-francisco-lota-igreja-historica-no-rio-de-janeiro.html"]}]},{"@type":"BreadcrumbList","@id":"https:\/\/franciscanos.org.br\/noticias\/celebracao-dos-800-anos-das-chagas-de-sao-francisco-lota-igreja-historica-no-rio-de-janeiro.html#breadcrumb","itemListElement":[{"@type":"ListItem","position":1,"name":"Home","item":"https:\/\/franciscanos.org.br\/noticias"},{"@type":"ListItem","position":2,"name":"Celebra\u00e7\u00e3o dos 800 anos das Chagas de S\u00e3o Francisco lota Igreja hist\u00f3rica no Rio de Janeiro"}]},{"@type":"Person","@id":"https:\/\/franciscanos.org.br\/noticias\/#\/schema\/person\/d9422e83121c3ad3b0f423d195f5bb25","name":"Adriana Rabelo","image":{"@type":"ImageObject","inLanguage":"pt-BR","@id":"https:\/\/franciscanos.org.br\/noticias\/#\/schema\/person\/image\/","url":"https:\/\/secure.gravatar.com\/avatar\/0a937b7500cd7df77540cfb8bede877d?s=96&d=mm&r=g","contentUrl":"https:\/\/secure.gravatar.com\/avatar\/0a937b7500cd7df77540cfb8bede877d?s=96&d=mm&r=g","caption":"Adriana Rabelo"},"url":"https:\/\/franciscanos.org.br\/noticias\/author\/adrianarabelo"}]}},"_links":{"self":[{"href":"https:\/\/franciscanos.org.br\/noticias\/wp-json\/wp\/v2\/posts\/250856"}],"collection":[{"href":"https:\/\/franciscanos.org.br\/noticias\/wp-json\/wp\/v2\/posts"}],"about":[{"href":"https:\/\/franciscanos.org.br\/noticias\/wp-json\/wp\/v2\/types\/post"}],"author":[{"embeddable":true,"href":"https:\/\/franciscanos.org.br\/noticias\/wp-json\/wp\/v2\/users\/11"}],"replies":[{"embeddable":true,"href":"https:\/\/franciscanos.org.br\/noticias\/wp-json\/wp\/v2\/comments?post=250856"}],"version-history":[{"count":1,"href":"https:\/\/franciscanos.org.br\/noticias\/wp-json\/wp\/v2\/posts\/250856\/revisions"}],"predecessor-version":[{"id":250866,"href":"https:\/\/franciscanos.org.br\/noticias\/wp-json\/wp\/v2\/posts\/250856\/revisions\/250866"}],"wp:featuredmedia":[{"embeddable":true,"href":"https:\/\/franciscanos.org.br\/noticias\/wp-json\/wp\/v2\/media\/250865"}],"wp:attachment":[{"href":"https:\/\/franciscanos.org.br\/noticias\/wp-json\/wp\/v2\/media?parent=250856"}],"wp:term":[{"taxonomy":"category","embeddable":true,"href":"https:\/\/franciscanos.org.br\/noticias\/wp-json\/wp\/v2\/categories?post=250856"},{"taxonomy":"post_tag","embeddable":true,"href":"https:\/\/franciscanos.org.br\/noticias\/wp-json\/wp\/v2\/tags?post=250856"}],"curies":[{"name":"wp","href":"https:\/\/api.w.org\/{rel}","templated":true}]}}