{"id":250838,"date":"2024-09-17T11:25:22","date_gmt":"2024-09-17T14:25:22","guid":{"rendered":"https:\/\/franciscanos.org.br\/noticias\/?p=250838"},"modified":"2024-09-17T11:42:07","modified_gmt":"2024-09-17T14:42:07","slug":"250838","status":"publish","type":"post","link":"https:\/\/franciscanos.org.br\/noticias\/250838.html","title":{"rendered":"Concerto de harpa marca celebra\u00e7\u00e3o do Centen\u00e1rio das Chagas em Vila Velha"},"content":{"rendered":"<p><img loading=\"lazy\" class=\"aligncenter wp-image-250839 size-full\" src=\"https:\/\/franciscanos.org.br\/noticias\/wp-content\/uploads\/2024\/09\/MATERIA-17.jpg\" alt=\"\" width=\"1280\" height=\"720\" srcset=\"https:\/\/franciscanos.org.br\/noticias\/wp-content\/uploads\/2024\/09\/MATERIA-17.jpg 1280w, https:\/\/franciscanos.org.br\/noticias\/wp-content\/uploads\/2024\/09\/MATERIA-17-450x253.jpg 450w, https:\/\/franciscanos.org.br\/noticias\/wp-content\/uploads\/2024\/09\/MATERIA-17-1024x576.jpg 1024w, https:\/\/franciscanos.org.br\/noticias\/wp-content\/uploads\/2024\/09\/MATERIA-17-768x432.jpg 768w, https:\/\/franciscanos.org.br\/noticias\/wp-content\/uploads\/2024\/09\/MATERIA-17-150x84.jpg 150w\" sizes=\"(max-width: 1280px) 100vw, 1280px\" \/><\/p>\n<p>Por ocasi\u00e3o das celebra\u00e7\u00f5es dos 800 anos da Impress\u00e3o das Chagas de S\u00e3o Francisco de Assis, os franciscanos de Vila Velha (ES), realizaram na noite desta segunda-feira (16), no Santu\u00e1rio Divino Esp\u00edrito Santo, um bel\u00edssimo concerto, ao som de uma harpa, com can\u00e7\u00f5es populares e cl\u00e1ssicas,\u00a0 com a harpista da Orquestra Sinf\u00f4nica do Esp\u00edrito Santo, Ma\u00edni Moreno.<\/p>\n<p><img loading=\"lazy\" class=\"size-medium wp-image-250840 alignright\" src=\"https:\/\/franciscanos.org.br\/noticias\/wp-content\/uploads\/2024\/09\/Apresentacao-da-Harpista-Maine-Moreno-Santuario-de-Vila-Velha-4-1536x1024-1-450x300.jpg\" alt=\"\" width=\"450\" height=\"300\" srcset=\"https:\/\/franciscanos.org.br\/noticias\/wp-content\/uploads\/2024\/09\/Apresentacao-da-Harpista-Maine-Moreno-Santuario-de-Vila-Velha-4-1536x1024-1-450x300.jpg 450w, https:\/\/franciscanos.org.br\/noticias\/wp-content\/uploads\/2024\/09\/Apresentacao-da-Harpista-Maine-Moreno-Santuario-de-Vila-Velha-4-1536x1024-1-1024x683.jpg 1024w, https:\/\/franciscanos.org.br\/noticias\/wp-content\/uploads\/2024\/09\/Apresentacao-da-Harpista-Maine-Moreno-Santuario-de-Vila-Velha-4-1536x1024-1-768x512.jpg 768w, https:\/\/franciscanos.org.br\/noticias\/wp-content\/uploads\/2024\/09\/Apresentacao-da-Harpista-Maine-Moreno-Santuario-de-Vila-Velha-4-1536x1024-1-150x100.jpg 150w, https:\/\/franciscanos.org.br\/noticias\/wp-content\/uploads\/2024\/09\/Apresentacao-da-Harpista-Maine-Moreno-Santuario-de-Vila-Velha-4-1536x1024-1.jpg 1536w\" sizes=\"(max-width: 450px) 100vw, 450px\" \/>A apresenta\u00e7\u00e3o faz parte da programa\u00e7\u00e3o especial organizada pela Fam\u00edlia Franciscana do Regional capixaba e teve in\u00edcio com uma contextualiza\u00e7\u00e3o hist\u00f3rica feira pelo Frei Clar\u00eancio Neotti, sobre a import\u00e2ncia dos Estigmas de S\u00e3o Francisco. O frade publicou, em 2023, um livro com serm\u00f5es do Padre Ant\u00f4nio Vieira, acerca da experi\u00eancia do \u201cCalv\u00e1rio Franciscano\u201d, quando foram impressas nas m\u00e3os e p\u00e9s do Santo de Assis, os sinais dos cravos, iguais em tudo ao que antes havia visto na imagem do \u201cSerafim Crucificado\u201d.<\/p>\n<p>A artista Ma\u00edni apresentou m\u00fasicas populares de duas harpistas americanas, temas de filmes, m\u00fasicas religiosas, <em>Sole Mio, La Vie En Rose<\/em>, 9\u00aa Sinfonia de Beethoven, entre outras can\u00e7\u00f5es. \u201cMe senti realizada e muito honrada com o convite do Frei Clar\u00eancio. Fui recebida com tanto carinho e tanto amor. Desde crian\u00e7a eu via a harpa e aos 7 anos, comecei a tocar. A harpa \u00e9 minha vida, me traz muita alegria. Na verdade, a m\u00fasica faz parte da nossa vida. Quando temos um instrumento, conseguimos nos \u2018desligar\u2019 de todos os problemas\u201d, recordou Ma\u00edni ao explicar seu amor pela m\u00fasica.<\/p>\n<p>O frade explicou porque escolheu a harpa para um concerto. \u201c\u00c9 um instrumento b\u00edblico. Davi tocava harpa, os hebreus cantavam salmos ao som da harpa ou da lira, como precisamos celebrar o divino que existe nas criaturas de Deus, como S\u00e3o Francisco cantou no C\u00e2ntico do Irm\u00e3o Sol, ent\u00e3o escolhemos um concerto de harpa. Convidamos a Ma\u00edni que nos brindou com uma bel\u00edssima apresenta\u00e7\u00e3o&#8221;,\u00a0 afirmou o Vig\u00e1rio da Par\u00f3quia do Ros\u00e1rio.<\/p>\n\n\t\t<style type=\"text\/css\">\n\t\t\t#gallery-1 {\n\t\t\t\tmargin: auto;\n\t\t\t}\n\t\t\t#gallery-1 .gallery-item {\n\t\t\t\tfloat: left;\n\t\t\t\tmargin-top: 10px;\n\t\t\t\ttext-align: center;\n\t\t\t\twidth: 33%;\n\t\t\t}\n\t\t\t#gallery-1 img {\n\t\t\t\tborder: 2px solid #cfcfcf;\n\t\t\t}\n\t\t\t#gallery-1 .gallery-caption {\n\t\t\t\tmargin-left: 0;\n\t\t\t}\n\t\t\t\/* see gallery_shortcode() in wp-includes\/media.php *\/\n\t\t<\/style>\n\t\t<div id='gallery-1' class='gallery galleryid-250838 gallery-columns-3 gallery-size-thumbnail'><dl class='gallery-item'>\n\t\t\t<dt class='gallery-icon landscape'>\n\t\t\t\t<a href='https:\/\/franciscanos.org.br\/noticias\/wp-content\/uploads\/2024\/09\/Apresentacao-da-Harpista-Maine-Moreno-Santuario-de-Vila-Velha-29-1536x1024-1.jpg'><img width=\"300\" height=\"300\" src=\"https:\/\/franciscanos.org.br\/noticias\/wp-content\/uploads\/2024\/09\/Apresentacao-da-Harpista-Maine-Moreno-Santuario-de-Vila-Velha-29-1536x1024-1-300x300.jpg\" class=\"attachment-thumbnail size-thumbnail\" alt=\"\" loading=\"lazy\" srcset=\"https:\/\/franciscanos.org.br\/noticias\/wp-content\/uploads\/2024\/09\/Apresentacao-da-Harpista-Maine-Moreno-Santuario-de-Vila-Velha-29-1536x1024-1-300x300.jpg 300w, https:\/\/franciscanos.org.br\/noticias\/wp-content\/uploads\/2024\/09\/Apresentacao-da-Harpista-Maine-Moreno-Santuario-de-Vila-Velha-29-1536x1024-1-100x100.jpg 100w\" sizes=\"(max-width: 300px) 100vw, 300px\" \/><\/a>\n\t\t\t<\/dt><\/dl><dl class='gallery-item'>\n\t\t\t<dt class='gallery-icon landscape'>\n\t\t\t\t<a href='https:\/\/franciscanos.org.br\/noticias\/wp-content\/uploads\/2024\/09\/Apresentacao-da-Harpista-Maine-Moreno-Santuario-de-Vila-Velha-42-1536x1024-1.jpg'><img width=\"300\" height=\"300\" src=\"https:\/\/franciscanos.org.br\/noticias\/wp-content\/uploads\/2024\/09\/Apresentacao-da-Harpista-Maine-Moreno-Santuario-de-Vila-Velha-42-1536x1024-1-300x300.jpg\" class=\"attachment-thumbnail size-thumbnail\" alt=\"\" loading=\"lazy\" srcset=\"https:\/\/franciscanos.org.br\/noticias\/wp-content\/uploads\/2024\/09\/Apresentacao-da-Harpista-Maine-Moreno-Santuario-de-Vila-Velha-42-1536x1024-1-300x300.jpg 300w, https:\/\/franciscanos.org.br\/noticias\/wp-content\/uploads\/2024\/09\/Apresentacao-da-Harpista-Maine-Moreno-Santuario-de-Vila-Velha-42-1536x1024-1-100x100.jpg 100w\" sizes=\"(max-width: 300px) 100vw, 300px\" \/><\/a>\n\t\t\t<\/dt><\/dl><dl class='gallery-item'>\n\t\t\t<dt class='gallery-icon landscape'>\n\t\t\t\t<a href='https:\/\/franciscanos.org.br\/noticias\/wp-content\/uploads\/2024\/09\/Apresentacao-da-Harpista-Maine-Moreno-Santuario-de-Vila-Velha-36-1536x1024-1.jpg'><img width=\"300\" height=\"300\" src=\"https:\/\/franciscanos.org.br\/noticias\/wp-content\/uploads\/2024\/09\/Apresentacao-da-Harpista-Maine-Moreno-Santuario-de-Vila-Velha-36-1536x1024-1-300x300.jpg\" class=\"attachment-thumbnail size-thumbnail\" alt=\"\" loading=\"lazy\" srcset=\"https:\/\/franciscanos.org.br\/noticias\/wp-content\/uploads\/2024\/09\/Apresentacao-da-Harpista-Maine-Moreno-Santuario-de-Vila-Velha-36-1536x1024-1-300x300.jpg 300w, https:\/\/franciscanos.org.br\/noticias\/wp-content\/uploads\/2024\/09\/Apresentacao-da-Harpista-Maine-Moreno-Santuario-de-Vila-Velha-36-1536x1024-1-100x100.jpg 100w\" sizes=\"(max-width: 300px) 100vw, 300px\" \/><\/a>\n\t\t\t<\/dt><\/dl><br style=\"clear: both\" \/>\n\t\t<\/div>\n\n<p>O evento contou com a participa\u00e7\u00e3o da OFS\u00a0 (Ordem Franciscana Secular) da Fraternidade Nossa Senhora da Penha. Ao final da apresenta\u00e7\u00e3o, Ma\u00edni foi presenteada com um livro do Frei Clar\u00eancio.<\/p>\n<p>A programa\u00e7\u00e3o continua nesta ter\u00e7a-feira, quando ser\u00e1 celebrada a Missa Solene, \u00e0s 19h, no Santu\u00e1rio de Vila Velha, com presen\u00e7a de todos os frades do regional do Esp\u00edrito Santo.<\/p>\n<hr \/>\n<p><em>Cristian Oliveira- Comunica\u00e7\u00e3o Convento da Penha<\/em><\/p>\n","protected":false},"excerpt":{"rendered":"<p>Celebra\u00e7\u00f5es continuam nesta ter\u00e7a-feira, 17 de setembro<\/p>\n","protected":false},"author":11,"featured_media":250845,"comment_status":"open","ping_status":"open","sticky":false,"template":"","format":"standard","meta":[],"categories":[1],"tags":[1180,2244,231],"acf":[],"yoast_head":"<!-- This site is optimized with the Yoast SEO plugin v19.2 - https:\/\/yoast.com\/wordpress\/plugins\/seo\/ -->\n<title>Concerto de harpa marca celebra\u00e7\u00e3o do Centen\u00e1rio das Chagas em Vila Velha - Not\u00edcias - Franciscanos<\/title>\n<meta name=\"robots\" content=\"index, follow, max-snippet:-1, max-image-preview:large, max-video-preview:-1\" \/>\n<link rel=\"canonical\" href=\"https:\/\/franciscanos.org.br\/noticias\/250838.html\" \/>\n<meta property=\"og:locale\" content=\"pt_BR\" \/>\n<meta property=\"og:type\" content=\"article\" \/>\n<meta property=\"og:title\" content=\"Concerto de harpa marca celebra\u00e7\u00e3o do Centen\u00e1rio das Chagas em Vila Velha - Not\u00edcias - Franciscanos\" \/>\n<meta property=\"og:description\" content=\"Celebra\u00e7\u00f5es continuam nesta ter\u00e7a-feira, 17 de setembro\" \/>\n<meta property=\"og:url\" content=\"https:\/\/franciscanos.org.br\/noticias\/250838.html\" \/>\n<meta property=\"og:site_name\" content=\"Not\u00edcias - Franciscanos\" \/>\n<meta property=\"article:published_time\" content=\"2024-09-17T14:25:22+00:00\" \/>\n<meta property=\"article:modified_time\" content=\"2024-09-17T14:42:07+00:00\" \/>\n<meta property=\"og:image\" content=\"https:\/\/franciscanos.org.br\/noticias\/wp-content\/uploads\/2024\/09\/CHAMADA-6.jpg\" \/>\n\t<meta property=\"og:image:width\" content=\"800\" \/>\n\t<meta property=\"og:image:height\" content=\"550\" \/>\n\t<meta property=\"og:image:type\" content=\"image\/jpeg\" \/>\n<meta name=\"author\" content=\"Adriana Rabelo\" \/>\n<meta name=\"twitter:card\" content=\"summary_large_image\" \/>\n<meta name=\"twitter:label1\" content=\"Escrito por\" \/>\n\t<meta name=\"twitter:data1\" content=\"Adriana Rabelo\" \/>\n\t<meta name=\"twitter:label2\" content=\"Est. tempo de leitura\" \/>\n\t<meta name=\"twitter:data2\" content=\"2 minutos\" \/>\n<script type=\"application\/ld+json\" class=\"yoast-schema-graph\">{\"@context\":\"https:\/\/schema.org\",\"@graph\":[{\"@type\":\"WebSite\",\"@id\":\"https:\/\/franciscanos.org.br\/noticias\/#website\",\"url\":\"https:\/\/franciscanos.org.br\/noticias\/\",\"name\":\"Not\u00edcias - Franciscanos\",\"description\":\"Prov\u00edncia Franciscana da Imaculada Concei\u00e7\u00e3o do Brasil - Ordem dos Frades Menores - OFM\",\"potentialAction\":[{\"@type\":\"SearchAction\",\"target\":{\"@type\":\"EntryPoint\",\"urlTemplate\":\"https:\/\/franciscanos.org.br\/noticias\/?s={search_term_string}\"},\"query-input\":\"required name=search_term_string\"}],\"inLanguage\":\"pt-BR\"},{\"@type\":\"ImageObject\",\"inLanguage\":\"pt-BR\",\"@id\":\"https:\/\/franciscanos.org.br\/noticias\/250838.html#primaryimage\",\"url\":\"https:\/\/franciscanos.org.br\/noticias\/wp-content\/uploads\/2024\/09\/CHAMADA-6.jpg\",\"contentUrl\":\"https:\/\/franciscanos.org.br\/noticias\/wp-content\/uploads\/2024\/09\/CHAMADA-6.jpg\",\"width\":800,\"height\":550},{\"@type\":\"WebPage\",\"@id\":\"https:\/\/franciscanos.org.br\/noticias\/250838.html#webpage\",\"url\":\"https:\/\/franciscanos.org.br\/noticias\/250838.html\",\"name\":\"Concerto de harpa marca celebra\u00e7\u00e3o do Centen\u00e1rio das Chagas em Vila Velha - Not\u00edcias - Franciscanos\",\"isPartOf\":{\"@id\":\"https:\/\/franciscanos.org.br\/noticias\/#website\"},\"primaryImageOfPage\":{\"@id\":\"https:\/\/franciscanos.org.br\/noticias\/250838.html#primaryimage\"},\"datePublished\":\"2024-09-17T14:25:22+00:00\",\"dateModified\":\"2024-09-17T14:42:07+00:00\",\"author\":{\"@id\":\"https:\/\/franciscanos.org.br\/noticias\/#\/schema\/person\/d9422e83121c3ad3b0f423d195f5bb25\"},\"breadcrumb\":{\"@id\":\"https:\/\/franciscanos.org.br\/noticias\/250838.html#breadcrumb\"},\"inLanguage\":\"pt-BR\",\"potentialAction\":[{\"@type\":\"ReadAction\",\"target\":[\"https:\/\/franciscanos.org.br\/noticias\/250838.html\"]}]},{\"@type\":\"BreadcrumbList\",\"@id\":\"https:\/\/franciscanos.org.br\/noticias\/250838.html#breadcrumb\",\"itemListElement\":[{\"@type\":\"ListItem\",\"position\":1,\"name\":\"Home\",\"item\":\"https:\/\/franciscanos.org.br\/noticias\"},{\"@type\":\"ListItem\",\"position\":2,\"name\":\"Concerto de harpa marca celebra\u00e7\u00e3o do Centen\u00e1rio das Chagas em Vila Velha\"}]},{\"@type\":\"Person\",\"@id\":\"https:\/\/franciscanos.org.br\/noticias\/#\/schema\/person\/d9422e83121c3ad3b0f423d195f5bb25\",\"name\":\"Adriana Rabelo\",\"image\":{\"@type\":\"ImageObject\",\"inLanguage\":\"pt-BR\",\"@id\":\"https:\/\/franciscanos.org.br\/noticias\/#\/schema\/person\/image\/\",\"url\":\"https:\/\/secure.gravatar.com\/avatar\/0a937b7500cd7df77540cfb8bede877d?s=96&d=mm&r=g\",\"contentUrl\":\"https:\/\/secure.gravatar.com\/avatar\/0a937b7500cd7df77540cfb8bede877d?s=96&d=mm&r=g\",\"caption\":\"Adriana Rabelo\"},\"url\":\"https:\/\/franciscanos.org.br\/noticias\/author\/adrianarabelo\"}]}<\/script>\n<!-- \/ Yoast SEO plugin. -->","yoast_head_json":{"title":"Concerto de harpa marca celebra\u00e7\u00e3o do Centen\u00e1rio das Chagas em Vila Velha - Not\u00edcias - Franciscanos","robots":{"index":"index","follow":"follow","max-snippet":"max-snippet:-1","max-image-preview":"max-image-preview:large","max-video-preview":"max-video-preview:-1"},"canonical":"https:\/\/franciscanos.org.br\/noticias\/250838.html","og_locale":"pt_BR","og_type":"article","og_title":"Concerto de harpa marca celebra\u00e7\u00e3o do Centen\u00e1rio das Chagas em Vila Velha - Not\u00edcias - Franciscanos","og_description":"Celebra\u00e7\u00f5es continuam nesta ter\u00e7a-feira, 17 de setembro","og_url":"https:\/\/franciscanos.org.br\/noticias\/250838.html","og_site_name":"Not\u00edcias - Franciscanos","article_published_time":"2024-09-17T14:25:22+00:00","article_modified_time":"2024-09-17T14:42:07+00:00","og_image":[{"width":800,"height":550,"url":"https:\/\/franciscanos.org.br\/noticias\/wp-content\/uploads\/2024\/09\/CHAMADA-6.jpg","type":"image\/jpeg"}],"author":"Adriana Rabelo","twitter_card":"summary_large_image","twitter_misc":{"Escrito por":"Adriana Rabelo","Est. tempo de leitura":"2 minutos"},"schema":{"@context":"https:\/\/schema.org","@graph":[{"@type":"WebSite","@id":"https:\/\/franciscanos.org.br\/noticias\/#website","url":"https:\/\/franciscanos.org.br\/noticias\/","name":"Not\u00edcias - Franciscanos","description":"Prov\u00edncia Franciscana da Imaculada Concei\u00e7\u00e3o do Brasil - Ordem dos Frades Menores - OFM","potentialAction":[{"@type":"SearchAction","target":{"@type":"EntryPoint","urlTemplate":"https:\/\/franciscanos.org.br\/noticias\/?s={search_term_string}"},"query-input":"required name=search_term_string"}],"inLanguage":"pt-BR"},{"@type":"ImageObject","inLanguage":"pt-BR","@id":"https:\/\/franciscanos.org.br\/noticias\/250838.html#primaryimage","url":"https:\/\/franciscanos.org.br\/noticias\/wp-content\/uploads\/2024\/09\/CHAMADA-6.jpg","contentUrl":"https:\/\/franciscanos.org.br\/noticias\/wp-content\/uploads\/2024\/09\/CHAMADA-6.jpg","width":800,"height":550},{"@type":"WebPage","@id":"https:\/\/franciscanos.org.br\/noticias\/250838.html#webpage","url":"https:\/\/franciscanos.org.br\/noticias\/250838.html","name":"Concerto de harpa marca celebra\u00e7\u00e3o do Centen\u00e1rio das Chagas em Vila Velha - Not\u00edcias - Franciscanos","isPartOf":{"@id":"https:\/\/franciscanos.org.br\/noticias\/#website"},"primaryImageOfPage":{"@id":"https:\/\/franciscanos.org.br\/noticias\/250838.html#primaryimage"},"datePublished":"2024-09-17T14:25:22+00:00","dateModified":"2024-09-17T14:42:07+00:00","author":{"@id":"https:\/\/franciscanos.org.br\/noticias\/#\/schema\/person\/d9422e83121c3ad3b0f423d195f5bb25"},"breadcrumb":{"@id":"https:\/\/franciscanos.org.br\/noticias\/250838.html#breadcrumb"},"inLanguage":"pt-BR","potentialAction":[{"@type":"ReadAction","target":["https:\/\/franciscanos.org.br\/noticias\/250838.html"]}]},{"@type":"BreadcrumbList","@id":"https:\/\/franciscanos.org.br\/noticias\/250838.html#breadcrumb","itemListElement":[{"@type":"ListItem","position":1,"name":"Home","item":"https:\/\/franciscanos.org.br\/noticias"},{"@type":"ListItem","position":2,"name":"Concerto de harpa marca celebra\u00e7\u00e3o do Centen\u00e1rio das Chagas em Vila Velha"}]},{"@type":"Person","@id":"https:\/\/franciscanos.org.br\/noticias\/#\/schema\/person\/d9422e83121c3ad3b0f423d195f5bb25","name":"Adriana Rabelo","image":{"@type":"ImageObject","inLanguage":"pt-BR","@id":"https:\/\/franciscanos.org.br\/noticias\/#\/schema\/person\/image\/","url":"https:\/\/secure.gravatar.com\/avatar\/0a937b7500cd7df77540cfb8bede877d?s=96&d=mm&r=g","contentUrl":"https:\/\/secure.gravatar.com\/avatar\/0a937b7500cd7df77540cfb8bede877d?s=96&d=mm&r=g","caption":"Adriana Rabelo"},"url":"https:\/\/franciscanos.org.br\/noticias\/author\/adrianarabelo"}]}},"_links":{"self":[{"href":"https:\/\/franciscanos.org.br\/noticias\/wp-json\/wp\/v2\/posts\/250838"}],"collection":[{"href":"https:\/\/franciscanos.org.br\/noticias\/wp-json\/wp\/v2\/posts"}],"about":[{"href":"https:\/\/franciscanos.org.br\/noticias\/wp-json\/wp\/v2\/types\/post"}],"author":[{"embeddable":true,"href":"https:\/\/franciscanos.org.br\/noticias\/wp-json\/wp\/v2\/users\/11"}],"replies":[{"embeddable":true,"href":"https:\/\/franciscanos.org.br\/noticias\/wp-json\/wp\/v2\/comments?post=250838"}],"version-history":[{"count":7,"href":"https:\/\/franciscanos.org.br\/noticias\/wp-json\/wp\/v2\/posts\/250838\/revisions"}],"predecessor-version":[{"id":250852,"href":"https:\/\/franciscanos.org.br\/noticias\/wp-json\/wp\/v2\/posts\/250838\/revisions\/250852"}],"wp:featuredmedia":[{"embeddable":true,"href":"https:\/\/franciscanos.org.br\/noticias\/wp-json\/wp\/v2\/media\/250845"}],"wp:attachment":[{"href":"https:\/\/franciscanos.org.br\/noticias\/wp-json\/wp\/v2\/media?parent=250838"}],"wp:term":[{"taxonomy":"category","embeddable":true,"href":"https:\/\/franciscanos.org.br\/noticias\/wp-json\/wp\/v2\/categories?post=250838"},{"taxonomy":"post_tag","embeddable":true,"href":"https:\/\/franciscanos.org.br\/noticias\/wp-json\/wp\/v2\/tags?post=250838"}],"curies":[{"name":"wp","href":"https:\/\/api.w.org\/{rel}","templated":true}]}}