{"id":250829,"date":"2024-09-16T17:19:40","date_gmt":"2024-09-16T20:19:40","guid":{"rendered":"https:\/\/franciscanos.org.br\/noticias\/?p=250829"},"modified":"2024-09-18T14:28:01","modified_gmt":"2024-09-18T17:28:01","slug":"celebracao-dos-800-anos-das-chagas-de-sao-francisco-marca-historia-da-familia-franciscana","status":"publish","type":"post","link":"https:\/\/franciscanos.org.br\/noticias\/celebracao-dos-800-anos-das-chagas-de-sao-francisco-marca-historia-da-familia-franciscana.html","title":{"rendered":"Celebra\u00e7\u00e3o dos 800 Anos das Chagas de S\u00e3o Francisco marca hist\u00f3ria da Fam\u00edlia Franciscana"},"content":{"rendered":"<p><img loading=\"lazy\" class=\"aligncenter wp-image-250830 size-full\" src=\"https:\/\/franciscanos.org.br\/noticias\/wp-content\/uploads\/2024\/09\/MATERIA-16.jpg\" alt=\"\" width=\"1280\" height=\"720\" srcset=\"https:\/\/franciscanos.org.br\/noticias\/wp-content\/uploads\/2024\/09\/MATERIA-16.jpg 1280w, https:\/\/franciscanos.org.br\/noticias\/wp-content\/uploads\/2024\/09\/MATERIA-16-450x253.jpg 450w, https:\/\/franciscanos.org.br\/noticias\/wp-content\/uploads\/2024\/09\/MATERIA-16-1024x576.jpg 1024w, https:\/\/franciscanos.org.br\/noticias\/wp-content\/uploads\/2024\/09\/MATERIA-16-768x432.jpg 768w, https:\/\/franciscanos.org.br\/noticias\/wp-content\/uploads\/2024\/09\/MATERIA-16-150x84.jpg 150w\" sizes=\"(max-width: 1280px) 100vw, 1280px\" \/><\/p>\n<p>No \u00faltimo domingo, dia 15 de setembro, a Fraternidade Secular das Chagas do Ser\u00e1fico Pai S\u00e3o Francisco, pertencente \u00e0 Ordem Franciscana Secular, celebrou os 380 anos de sua cria\u00e7\u00e3o e aproveitou para celebrar os 800 anos da Impress\u00e3o das Chagas de S\u00e3o Francisco, que ocorreria no dia 17 de setembro. A celebra\u00e7\u00e3o da solene Missa foi realizada na igreja sob seus cuidados, ao lado do Convento S\u00e3o Francisco, no Largo S\u00e3o Francisco, regi\u00e3o central de S\u00e3o Paulo.<\/p>\n<p>Cerca de 200 pessoas, entre membros das Fraternidades S\u00e3o Francisco, de Guarulhos (SP), e Nossa Senhora de Lourdes, de Botucatu (SP), participaram da Santa Missa, que foi presidida pelo Cardeal Odilo Pedro Scherer, Arcebispo Metropolitano de S\u00e3o Paulo, e concelebrada pelo Frei M\u00e1rio Luiz Tagliari, reitor do Santu\u00e1rio S\u00e3o Francisco, e Frei Gabriel Dellandrea. Na mesma ocasi\u00e3o, tamb\u00e9m foram celebrados os 377 anos do Convento S\u00e3o Francisco.<\/p>\n<p>Em sua sauda\u00e7\u00e3o inicial, a Ministra da Fraternidade das Chagas, Maria Aparecida Crepaldi, acolheu a todos com alegria e fraternidade. Ela ressaltou que o dia oficial da referida celebra\u00e7\u00e3o \u00e9 17 de setembro, \u201cmas, para favorecer a presen\u00e7a de todos, solicitamos a gra\u00e7a de celebrar festivamente neste domingo\u201d. Ela concluiu pedindo que o esp\u00edrito do Senhor Jesus Cristo guiasse a todos no seguimento dos passos de S\u00e3o Francisco de Assis. \u201cQue possamos ser no mundo instrumentos de paz e alegria para todos e continuemos celebrando, a cada dia, a beleza de nossa santa voca\u00e7\u00e3o!\u201d.<\/p>\n<p><img loading=\"lazy\" class=\"size-medium wp-image-250831 alignright\" src=\"https:\/\/franciscanos.org.br\/noticias\/wp-content\/uploads\/2024\/09\/IMG-20240916-WA0064-450x259.jpg\" alt=\"\" width=\"450\" height=\"259\" srcset=\"https:\/\/franciscanos.org.br\/noticias\/wp-content\/uploads\/2024\/09\/IMG-20240916-WA0064-450x259.jpg 450w, https:\/\/franciscanos.org.br\/noticias\/wp-content\/uploads\/2024\/09\/IMG-20240916-WA0064-1024x589.jpg 1024w, https:\/\/franciscanos.org.br\/noticias\/wp-content\/uploads\/2024\/09\/IMG-20240916-WA0064-768x442.jpg 768w, https:\/\/franciscanos.org.br\/noticias\/wp-content\/uploads\/2024\/09\/IMG-20240916-WA0064-150x86.jpg 150w, https:\/\/franciscanos.org.br\/noticias\/wp-content\/uploads\/2024\/09\/IMG-20240916-WA0064.jpg 1280w\" sizes=\"(max-width: 450px) 100vw, 450px\" \/>A partir da liturgia do 24\u00ba Domingo do Tempo Comum, centrada no Evangelho de Marcos (8,27-35), Dom Odilo destacou a import\u00e2ncia de viver autenticamente o Evangelho, assim como fez S\u00e3o Francisco de Assis. \u201cJesus nos diz: \u2018Quem n\u00e3o arriscar a sua vida por mim vai perd\u00ea-la, mas quem arriscar sua vida por mim e pelo Evangelho, esse vai salv\u00e1-la\u2019. Quem \u00e9 Jesus? Por Ele vale a pena arriscar a vida. Ele vale mais que todos os tesouros que nos podem ser oferecidos nesta vida. S\u00e3o Francisco se desfez de todos os seus bens e nos ensina o caminho da verdadeira paz e fraternidade, da viv\u00eancia como irm\u00e3os, sem a gan\u00e2ncia do dom\u00ednio\u201d, afirmou.<\/p>\n<p>De acordo com o Arcebispo, a celebra\u00e7\u00e3o dos 800 anos marca tamb\u00e9m a recorda\u00e7\u00e3o das chagas do Santo Ser\u00e1fico, que viveu plenamente o Evangelho. \u201c\u00c9 importante lembrar este momento da hist\u00f3ria da nossa Igreja, que nos ajuda a viver de forma nova em nosso tempo. Precisamos desse sinal para um mundo que vive sem esperan\u00e7a, desorientado, correndo atr\u00e1s de fantasias e moldando Cristo de acordo com seus gostos, sem encarar quem Jesus realmente \u00e9. Jesus \u00e9 o Evangelho, e S\u00e3o Francisco compreendeu quem Ele \u00e9. Vamos aprender com este santo quem \u00e9 Jesus\u201d, concluiu.<\/p>\n<p><img loading=\"lazy\" class=\"size-medium wp-image-250833 alignleft\" src=\"https:\/\/franciscanos.org.br\/noticias\/wp-content\/uploads\/2024\/09\/IMG-20240915-WA0021-450x338.jpg\" alt=\"\" width=\"450\" height=\"338\" srcset=\"https:\/\/franciscanos.org.br\/noticias\/wp-content\/uploads\/2024\/09\/IMG-20240915-WA0021-450x338.jpg 450w, https:\/\/franciscanos.org.br\/noticias\/wp-content\/uploads\/2024\/09\/IMG-20240915-WA0021-1024x768.jpg 1024w, https:\/\/franciscanos.org.br\/noticias\/wp-content\/uploads\/2024\/09\/IMG-20240915-WA0021-768x576.jpg 768w, https:\/\/franciscanos.org.br\/noticias\/wp-content\/uploads\/2024\/09\/IMG-20240915-WA0021-1536x1152.jpg 1536w, https:\/\/franciscanos.org.br\/noticias\/wp-content\/uploads\/2024\/09\/IMG-20240915-WA0021-150x113.jpg 150w, https:\/\/franciscanos.org.br\/noticias\/wp-content\/uploads\/2024\/09\/IMG-20240915-WA0021-600x450.jpg 600w, https:\/\/franciscanos.org.br\/noticias\/wp-content\/uploads\/2024\/09\/IMG-20240915-WA0021.jpg 1600w\" sizes=\"(max-width: 450px) 100vw, 450px\" \/>Para Frei Gabriel Dellandrea, celebrar a Impress\u00e3o das Chagas de S\u00e3o Francisco, como Fam\u00edlia Franciscana, foi uma oportunidade de revigoramento. \u201cDom Odilo, durante a homilia, lembrou que S\u00e3o Francisco recebeu as chagas em meio a uma crise que enfrentava. Elas vieram tamb\u00e9m como uma confirma\u00e7\u00e3o de sua dedica\u00e7\u00e3o \u00e0 caminhada de f\u00e9. Assim, n\u00f3s tamb\u00e9m, em nossas experi\u00eancias de f\u00e9 e crises, devemos manter a certeza de que o Senhor sempre nos visita e caminha conosco. Celebrar as chagas de S\u00e3o Francisco \u00e9 tamb\u00e9m revisitar nossas crises atuais e buscar nelas uma resposta do Senhor, para que Ele continue a nos acompanhar\u201d, salientou.<\/p>\n<p>Ap\u00f3s a celebra\u00e7\u00e3o, os membros da Fraternidade Secular das Chagas, o Cardeal Odilo Scherer, os frades do Convento S\u00e3o Francisco e as Irm\u00e3s Servas do Senhor participaram de um almo\u00e7o festivo para celebrar a riqueza da vida fraterna.<\/p>\n<hr \/>\n<p>Texto: Adriana Rabelo e\u00a0 Maria Aparecida Crepaldi, Ministra OFS<\/p>\n<p>Fotos: Jo\u00e3o Paulo Ziza, George Luiz Cardoso e Jos\u00e9 Arimateia Soares<\/p>\n","protected":false},"excerpt":{"rendered":"<p>Evento reuniu cerca de 200 membros da Fam\u00edlia Franciscana<\/p>\n","protected":false},"author":11,"featured_media":250830,"comment_status":"open","ping_status":"open","sticky":false,"template":"","format":"standard","meta":[],"categories":[1],"tags":[60],"acf":[],"yoast_head":"<!-- This site is optimized with the Yoast SEO plugin v19.2 - https:\/\/yoast.com\/wordpress\/plugins\/seo\/ -->\n<title>Celebra\u00e7\u00e3o dos 800 Anos das Chagas de S\u00e3o Francisco marca hist\u00f3ria da Fam\u00edlia Franciscana - Not\u00edcias - Franciscanos<\/title>\n<meta name=\"robots\" content=\"index, follow, max-snippet:-1, max-image-preview:large, max-video-preview:-1\" \/>\n<link rel=\"canonical\" href=\"https:\/\/franciscanos.org.br\/noticias\/celebracao-dos-800-anos-das-chagas-de-sao-francisco-marca-historia-da-familia-franciscana.html\" \/>\n<meta property=\"og:locale\" content=\"pt_BR\" \/>\n<meta property=\"og:type\" content=\"article\" \/>\n<meta property=\"og:title\" content=\"Celebra\u00e7\u00e3o dos 800 Anos das Chagas de S\u00e3o Francisco marca hist\u00f3ria da Fam\u00edlia Franciscana - Not\u00edcias - Franciscanos\" \/>\n<meta property=\"og:description\" content=\"Evento reuniu cerca de 200 membros da Fam\u00edlia Franciscana\" \/>\n<meta property=\"og:url\" content=\"https:\/\/franciscanos.org.br\/noticias\/celebracao-dos-800-anos-das-chagas-de-sao-francisco-marca-historia-da-familia-franciscana.html\" \/>\n<meta property=\"og:site_name\" content=\"Not\u00edcias - Franciscanos\" \/>\n<meta property=\"article:published_time\" content=\"2024-09-16T20:19:40+00:00\" \/>\n<meta property=\"article:modified_time\" content=\"2024-09-18T17:28:01+00:00\" \/>\n<meta property=\"og:image\" content=\"https:\/\/franciscanos.org.br\/noticias\/wp-content\/uploads\/2024\/09\/MATERIA-16.jpg\" \/>\n\t<meta property=\"og:image:width\" content=\"1280\" \/>\n\t<meta property=\"og:image:height\" content=\"720\" \/>\n\t<meta property=\"og:image:type\" content=\"image\/jpeg\" \/>\n<meta name=\"author\" content=\"Adriana Rabelo\" \/>\n<meta name=\"twitter:card\" content=\"summary_large_image\" \/>\n<meta name=\"twitter:label1\" content=\"Escrito por\" \/>\n\t<meta name=\"twitter:data1\" content=\"Adriana Rabelo\" \/>\n\t<meta name=\"twitter:label2\" content=\"Est. tempo de leitura\" \/>\n\t<meta name=\"twitter:data2\" content=\"3 minutos\" \/>\n<script type=\"application\/ld+json\" class=\"yoast-schema-graph\">{\"@context\":\"https:\/\/schema.org\",\"@graph\":[{\"@type\":\"WebSite\",\"@id\":\"https:\/\/franciscanos.org.br\/noticias\/#website\",\"url\":\"https:\/\/franciscanos.org.br\/noticias\/\",\"name\":\"Not\u00edcias - Franciscanos\",\"description\":\"Prov\u00edncia Franciscana da Imaculada Concei\u00e7\u00e3o do Brasil - Ordem dos Frades Menores - OFM\",\"potentialAction\":[{\"@type\":\"SearchAction\",\"target\":{\"@type\":\"EntryPoint\",\"urlTemplate\":\"https:\/\/franciscanos.org.br\/noticias\/?s={search_term_string}\"},\"query-input\":\"required name=search_term_string\"}],\"inLanguage\":\"pt-BR\"},{\"@type\":\"ImageObject\",\"inLanguage\":\"pt-BR\",\"@id\":\"https:\/\/franciscanos.org.br\/noticias\/celebracao-dos-800-anos-das-chagas-de-sao-francisco-marca-historia-da-familia-franciscana.html#primaryimage\",\"url\":\"https:\/\/franciscanos.org.br\/noticias\/wp-content\/uploads\/2024\/09\/MATERIA-16.jpg\",\"contentUrl\":\"https:\/\/franciscanos.org.br\/noticias\/wp-content\/uploads\/2024\/09\/MATERIA-16.jpg\",\"width\":1280,\"height\":720},{\"@type\":\"WebPage\",\"@id\":\"https:\/\/franciscanos.org.br\/noticias\/celebracao-dos-800-anos-das-chagas-de-sao-francisco-marca-historia-da-familia-franciscana.html#webpage\",\"url\":\"https:\/\/franciscanos.org.br\/noticias\/celebracao-dos-800-anos-das-chagas-de-sao-francisco-marca-historia-da-familia-franciscana.html\",\"name\":\"Celebra\u00e7\u00e3o dos 800 Anos das Chagas de S\u00e3o Francisco marca hist\u00f3ria da Fam\u00edlia Franciscana - Not\u00edcias - Franciscanos\",\"isPartOf\":{\"@id\":\"https:\/\/franciscanos.org.br\/noticias\/#website\"},\"primaryImageOfPage\":{\"@id\":\"https:\/\/franciscanos.org.br\/noticias\/celebracao-dos-800-anos-das-chagas-de-sao-francisco-marca-historia-da-familia-franciscana.html#primaryimage\"},\"datePublished\":\"2024-09-16T20:19:40+00:00\",\"dateModified\":\"2024-09-18T17:28:01+00:00\",\"author\":{\"@id\":\"https:\/\/franciscanos.org.br\/noticias\/#\/schema\/person\/d9422e83121c3ad3b0f423d195f5bb25\"},\"breadcrumb\":{\"@id\":\"https:\/\/franciscanos.org.br\/noticias\/celebracao-dos-800-anos-das-chagas-de-sao-francisco-marca-historia-da-familia-franciscana.html#breadcrumb\"},\"inLanguage\":\"pt-BR\",\"potentialAction\":[{\"@type\":\"ReadAction\",\"target\":[\"https:\/\/franciscanos.org.br\/noticias\/celebracao-dos-800-anos-das-chagas-de-sao-francisco-marca-historia-da-familia-franciscana.html\"]}]},{\"@type\":\"BreadcrumbList\",\"@id\":\"https:\/\/franciscanos.org.br\/noticias\/celebracao-dos-800-anos-das-chagas-de-sao-francisco-marca-historia-da-familia-franciscana.html#breadcrumb\",\"itemListElement\":[{\"@type\":\"ListItem\",\"position\":1,\"name\":\"Home\",\"item\":\"https:\/\/franciscanos.org.br\/noticias\"},{\"@type\":\"ListItem\",\"position\":2,\"name\":\"Celebra\u00e7\u00e3o dos 800 Anos das Chagas de S\u00e3o Francisco marca hist\u00f3ria da Fam\u00edlia Franciscana\"}]},{\"@type\":\"Person\",\"@id\":\"https:\/\/franciscanos.org.br\/noticias\/#\/schema\/person\/d9422e83121c3ad3b0f423d195f5bb25\",\"name\":\"Adriana Rabelo\",\"image\":{\"@type\":\"ImageObject\",\"inLanguage\":\"pt-BR\",\"@id\":\"https:\/\/franciscanos.org.br\/noticias\/#\/schema\/person\/image\/\",\"url\":\"https:\/\/secure.gravatar.com\/avatar\/0a937b7500cd7df77540cfb8bede877d?s=96&d=mm&r=g\",\"contentUrl\":\"https:\/\/secure.gravatar.com\/avatar\/0a937b7500cd7df77540cfb8bede877d?s=96&d=mm&r=g\",\"caption\":\"Adriana Rabelo\"},\"url\":\"https:\/\/franciscanos.org.br\/noticias\/author\/adrianarabelo\"}]}<\/script>\n<!-- \/ Yoast SEO plugin. -->","yoast_head_json":{"title":"Celebra\u00e7\u00e3o dos 800 Anos das Chagas de S\u00e3o Francisco marca hist\u00f3ria da Fam\u00edlia Franciscana - Not\u00edcias - Franciscanos","robots":{"index":"index","follow":"follow","max-snippet":"max-snippet:-1","max-image-preview":"max-image-preview:large","max-video-preview":"max-video-preview:-1"},"canonical":"https:\/\/franciscanos.org.br\/noticias\/celebracao-dos-800-anos-das-chagas-de-sao-francisco-marca-historia-da-familia-franciscana.html","og_locale":"pt_BR","og_type":"article","og_title":"Celebra\u00e7\u00e3o dos 800 Anos das Chagas de S\u00e3o Francisco marca hist\u00f3ria da Fam\u00edlia Franciscana - Not\u00edcias - Franciscanos","og_description":"Evento reuniu cerca de 200 membros da Fam\u00edlia Franciscana","og_url":"https:\/\/franciscanos.org.br\/noticias\/celebracao-dos-800-anos-das-chagas-de-sao-francisco-marca-historia-da-familia-franciscana.html","og_site_name":"Not\u00edcias - Franciscanos","article_published_time":"2024-09-16T20:19:40+00:00","article_modified_time":"2024-09-18T17:28:01+00:00","og_image":[{"width":1280,"height":720,"url":"https:\/\/franciscanos.org.br\/noticias\/wp-content\/uploads\/2024\/09\/MATERIA-16.jpg","type":"image\/jpeg"}],"author":"Adriana Rabelo","twitter_card":"summary_large_image","twitter_misc":{"Escrito por":"Adriana Rabelo","Est. tempo de leitura":"3 minutos"},"schema":{"@context":"https:\/\/schema.org","@graph":[{"@type":"WebSite","@id":"https:\/\/franciscanos.org.br\/noticias\/#website","url":"https:\/\/franciscanos.org.br\/noticias\/","name":"Not\u00edcias - Franciscanos","description":"Prov\u00edncia Franciscana da Imaculada Concei\u00e7\u00e3o do Brasil - Ordem dos Frades Menores - OFM","potentialAction":[{"@type":"SearchAction","target":{"@type":"EntryPoint","urlTemplate":"https:\/\/franciscanos.org.br\/noticias\/?s={search_term_string}"},"query-input":"required name=search_term_string"}],"inLanguage":"pt-BR"},{"@type":"ImageObject","inLanguage":"pt-BR","@id":"https:\/\/franciscanos.org.br\/noticias\/celebracao-dos-800-anos-das-chagas-de-sao-francisco-marca-historia-da-familia-franciscana.html#primaryimage","url":"https:\/\/franciscanos.org.br\/noticias\/wp-content\/uploads\/2024\/09\/MATERIA-16.jpg","contentUrl":"https:\/\/franciscanos.org.br\/noticias\/wp-content\/uploads\/2024\/09\/MATERIA-16.jpg","width":1280,"height":720},{"@type":"WebPage","@id":"https:\/\/franciscanos.org.br\/noticias\/celebracao-dos-800-anos-das-chagas-de-sao-francisco-marca-historia-da-familia-franciscana.html#webpage","url":"https:\/\/franciscanos.org.br\/noticias\/celebracao-dos-800-anos-das-chagas-de-sao-francisco-marca-historia-da-familia-franciscana.html","name":"Celebra\u00e7\u00e3o dos 800 Anos das Chagas de S\u00e3o Francisco marca hist\u00f3ria da Fam\u00edlia Franciscana - Not\u00edcias - Franciscanos","isPartOf":{"@id":"https:\/\/franciscanos.org.br\/noticias\/#website"},"primaryImageOfPage":{"@id":"https:\/\/franciscanos.org.br\/noticias\/celebracao-dos-800-anos-das-chagas-de-sao-francisco-marca-historia-da-familia-franciscana.html#primaryimage"},"datePublished":"2024-09-16T20:19:40+00:00","dateModified":"2024-09-18T17:28:01+00:00","author":{"@id":"https:\/\/franciscanos.org.br\/noticias\/#\/schema\/person\/d9422e83121c3ad3b0f423d195f5bb25"},"breadcrumb":{"@id":"https:\/\/franciscanos.org.br\/noticias\/celebracao-dos-800-anos-das-chagas-de-sao-francisco-marca-historia-da-familia-franciscana.html#breadcrumb"},"inLanguage":"pt-BR","potentialAction":[{"@type":"ReadAction","target":["https:\/\/franciscanos.org.br\/noticias\/celebracao-dos-800-anos-das-chagas-de-sao-francisco-marca-historia-da-familia-franciscana.html"]}]},{"@type":"BreadcrumbList","@id":"https:\/\/franciscanos.org.br\/noticias\/celebracao-dos-800-anos-das-chagas-de-sao-francisco-marca-historia-da-familia-franciscana.html#breadcrumb","itemListElement":[{"@type":"ListItem","position":1,"name":"Home","item":"https:\/\/franciscanos.org.br\/noticias"},{"@type":"ListItem","position":2,"name":"Celebra\u00e7\u00e3o dos 800 Anos das Chagas de S\u00e3o Francisco marca hist\u00f3ria da Fam\u00edlia Franciscana"}]},{"@type":"Person","@id":"https:\/\/franciscanos.org.br\/noticias\/#\/schema\/person\/d9422e83121c3ad3b0f423d195f5bb25","name":"Adriana Rabelo","image":{"@type":"ImageObject","inLanguage":"pt-BR","@id":"https:\/\/franciscanos.org.br\/noticias\/#\/schema\/person\/image\/","url":"https:\/\/secure.gravatar.com\/avatar\/0a937b7500cd7df77540cfb8bede877d?s=96&d=mm&r=g","contentUrl":"https:\/\/secure.gravatar.com\/avatar\/0a937b7500cd7df77540cfb8bede877d?s=96&d=mm&r=g","caption":"Adriana Rabelo"},"url":"https:\/\/franciscanos.org.br\/noticias\/author\/adrianarabelo"}]}},"_links":{"self":[{"href":"https:\/\/franciscanos.org.br\/noticias\/wp-json\/wp\/v2\/posts\/250829"}],"collection":[{"href":"https:\/\/franciscanos.org.br\/noticias\/wp-json\/wp\/v2\/posts"}],"about":[{"href":"https:\/\/franciscanos.org.br\/noticias\/wp-json\/wp\/v2\/types\/post"}],"author":[{"embeddable":true,"href":"https:\/\/franciscanos.org.br\/noticias\/wp-json\/wp\/v2\/users\/11"}],"replies":[{"embeddable":true,"href":"https:\/\/franciscanos.org.br\/noticias\/wp-json\/wp\/v2\/comments?post=250829"}],"version-history":[{"count":6,"href":"https:\/\/franciscanos.org.br\/noticias\/wp-json\/wp\/v2\/posts\/250829\/revisions"}],"predecessor-version":[{"id":250911,"href":"https:\/\/franciscanos.org.br\/noticias\/wp-json\/wp\/v2\/posts\/250829\/revisions\/250911"}],"wp:featuredmedia":[{"embeddable":true,"href":"https:\/\/franciscanos.org.br\/noticias\/wp-json\/wp\/v2\/media\/250830"}],"wp:attachment":[{"href":"https:\/\/franciscanos.org.br\/noticias\/wp-json\/wp\/v2\/media?parent=250829"}],"wp:term":[{"taxonomy":"category","embeddable":true,"href":"https:\/\/franciscanos.org.br\/noticias\/wp-json\/wp\/v2\/categories?post=250829"},{"taxonomy":"post_tag","embeddable":true,"href":"https:\/\/franciscanos.org.br\/noticias\/wp-json\/wp\/v2\/tags?post=250829"}],"curies":[{"name":"wp","href":"https:\/\/api.w.org\/{rel}","templated":true}]}}