{"id":250806,"date":"2024-09-13T17:58:47","date_gmt":"2024-09-13T20:58:47","guid":{"rendered":"https:\/\/franciscanos.org.br\/noticias\/?p=250806"},"modified":"2024-09-17T12:13:55","modified_gmt":"2024-09-17T15:13:55","slug":"comunidades-comecam-viver-as-celebracoes-dos-estigmas-de-sao-francisco","status":"publish","type":"post","link":"https:\/\/franciscanos.org.br\/noticias\/comunidades-comecam-viver-as-celebracoes-dos-estigmas-de-sao-francisco.html","title":{"rendered":"Comunidades come\u00e7am viver as celebra\u00e7\u00f5es dos Estigmas de S\u00e3o Francisco"},"content":{"rendered":"<p><img loading=\"lazy\" class=\"aligncenter wp-image-250808 size-full\" src=\"https:\/\/franciscanos.org.br\/noticias\/wp-content\/uploads\/2024\/09\/WhatsApp-Image-2024-09-13-at-16.58.12-1.jpeg\" alt=\"\" width=\"1280\" height=\"719\" srcset=\"https:\/\/franciscanos.org.br\/noticias\/wp-content\/uploads\/2024\/09\/WhatsApp-Image-2024-09-13-at-16.58.12-1.jpeg 1280w, https:\/\/franciscanos.org.br\/noticias\/wp-content\/uploads\/2024\/09\/WhatsApp-Image-2024-09-13-at-16.58.12-1-450x253.jpeg 450w, https:\/\/franciscanos.org.br\/noticias\/wp-content\/uploads\/2024\/09\/WhatsApp-Image-2024-09-13-at-16.58.12-1-1024x575.jpeg 1024w, https:\/\/franciscanos.org.br\/noticias\/wp-content\/uploads\/2024\/09\/WhatsApp-Image-2024-09-13-at-16.58.12-1-768x431.jpeg 768w, https:\/\/franciscanos.org.br\/noticias\/wp-content\/uploads\/2024\/09\/WhatsApp-Image-2024-09-13-at-16.58.12-1-150x84.jpeg 150w\" sizes=\"(max-width: 1280px) 100vw, 1280px\" \/><\/p>\n<p>No pr\u00f3ximo dia 17 de setembro, a Fam\u00edlia Franciscana em todo o mundo celebra a Festa da Impress\u00e3o das Chagas, tamb\u00e9m conhecida como Estigmas de S\u00e3o Francisco de Assis. Esta data faz parte das celebra\u00e7\u00f5es do VIII Centen\u00e1rio Franciscano, que teve in\u00edcio com os 800 anos da Regra de Vida e os 800 anos do Natal de Greccio.<\/p>\n<p>Na Prov\u00edncia Franciscana da Imaculada Concei\u00e7\u00e3o do Brasil, as celebra\u00e7\u00f5es dos Estigmas de S\u00e3o Francisco foram preparadas de forma a permitir que a comunidade vivencie momentos de reflex\u00e3o, com base na hist\u00f3ria e no percurso do Santo Ser\u00e1fico, que experimentou em sua carne as marcas de Jesus Cristo.<\/p>\n<p><img loading=\"lazy\" class=\"alignleft wp-image-250811 size-thumbnail\" src=\"https:\/\/franciscanos.org.br\/noticias\/wp-content\/uploads\/2024\/09\/WhatsApp-Image-2024-09-11-at-15.01.06-300x300.jpeg\" alt=\"\" width=\"300\" height=\"300\" srcset=\"https:\/\/franciscanos.org.br\/noticias\/wp-content\/uploads\/2024\/09\/WhatsApp-Image-2024-09-11-at-15.01.06-300x300.jpeg 300w, https:\/\/franciscanos.org.br\/noticias\/wp-content\/uploads\/2024\/09\/WhatsApp-Image-2024-09-11-at-15.01.06-100x100.jpeg 100w\" sizes=\"(max-width: 300px) 100vw, 300px\" \/>De acordo com conte\u00fado dispon\u00edvel no site <span style=\"color: #333399;\"><a style=\"color: #333399;\" href=\"https:\/\/franciscanos.org.br\/carisma\/especiais\/chagasdesf#gsc.tab=0\">franciscanos.org.br<\/a><\/span>, no ver\u00e3o de 1224, durante sua \u00faltima visita ao Monte Alverne, Francisco procurou um lugar ainda mais \u201csolit\u00e1rio e secreto\u201d para fazer a quaresma de S\u00e3o Miguel Arcanjo. Na manh\u00e3 de 17 de setembro de 1224, os c\u00e9us se abriram, e Cristo crucificado desceu ao Monte na forma de um serafim. \u201cFrancisco desceu do monte trazendo consigo a imagem do Crucificado, n\u00e3o esculpida em blocos de pedra ou madeira por m\u00e3os habilidosas, mas reproduzida em sua pr\u00f3pria carne pelo dedo do Deus vivo\u201d (Legenda Maior 13, 5).<\/p>\n<p>Tocado por Deus, S\u00e3o Francisco foi ao encontro dos pobres, dos doentes e dos necessitados, transmitindo-lhes o amor divino. O encontro com o Crucificado levou Francisco a buscar os crucificados da hist\u00f3ria.<\/p>\n<p>Seguindo os passos de S\u00e3o Francisco e atentas \u00e0s realidades deste mundo, algumas Fraternidades iniciaram as celebra\u00e7\u00f5es na sexta-feira (13\/09), como ocorreu na programa\u00e7\u00e3o organizada pela <strong>Fam\u00edlia Franciscana da capital do Rio de Janeiro<\/strong>, que organizou diversas celebra\u00e7\u00f5es e atividades, presenciais e on-line, at\u00e9 o dia da festa. Para acompanhar as atividades, os fi\u00e9is podem acessar a p\u00e1gina do <span style=\"color: #333399;\"><a style=\"color: #333399;\" href=\"https:\/\/franciscanos.org.br\/conventosantoantonio\/\">Convento de Santo Ant\u00f4nio do Largo da Carioca.<\/a><\/span><\/p>\n<p><strong>Par\u00f3quia Santo Ant\u00f4nio<\/strong><\/p>\n<p>Na Par\u00f3quia Santo Ant\u00f4nio, em Sorocaba (SP), foi preparado um tr\u00edduo, come\u00e7ou no dia 14 de setembro, com missa \u00e0s 19h. No dia 15 de setembro, o tr\u00edduo foi celebrado na missa das 10h, e o encerramento ocorreu no dia 16 de setembro, com missa \u00e0s 19h. A solenidade em comemora\u00e7\u00e3o aos 800 anos dos estigmas ser\u00e1 neste dia 17 de setembro, \u00e0s 19h. Os detalhes da programa\u00e7\u00e3o est\u00e3o dispon\u00edveis nas redes sociais da Par\u00f3quia.<\/p>\n<p><img loading=\"lazy\" class=\"wp-image-250809 size-thumbnail alignright\" src=\"https:\/\/franciscanos.org.br\/noticias\/wp-content\/uploads\/2024\/09\/WhatsApp-Image-2024-09-12-at-10.44.40-300x300.jpeg\" alt=\"\" width=\"300\" height=\"300\" srcset=\"https:\/\/franciscanos.org.br\/noticias\/wp-content\/uploads\/2024\/09\/WhatsApp-Image-2024-09-12-at-10.44.40-300x300.jpeg 300w, https:\/\/franciscanos.org.br\/noticias\/wp-content\/uploads\/2024\/09\/WhatsApp-Image-2024-09-12-at-10.44.40-450x450.jpeg 450w, https:\/\/franciscanos.org.br\/noticias\/wp-content\/uploads\/2024\/09\/WhatsApp-Image-2024-09-12-at-10.44.40-150x150.jpeg 150w, https:\/\/franciscanos.org.br\/noticias\/wp-content\/uploads\/2024\/09\/WhatsApp-Image-2024-09-12-at-10.44.40-100x100.jpeg 100w, https:\/\/franciscanos.org.br\/noticias\/wp-content\/uploads\/2024\/09\/WhatsApp-Image-2024-09-12-at-10.44.40.jpeg 667w\" sizes=\"(max-width: 300px) 100vw, 300px\" \/>De acordo com o p\u00e1roco, Frei Gilberto Marcos Sessino, \u00e9 importante celebrar as Chagas daquele que se identificou com Cristo nas dores, na pobreza e na humildade. \u201cS\u00e3o Francisco nos traz, n\u00e3o apenas a recorda\u00e7\u00e3o de um acontecimento ocorrido h\u00e1 800 anos, mas nos mostra que \u00e9 poss\u00edvel a todo ser humano amar profundamente o Cristo sofredor\u201d.<\/p>\n<p>Ele explicou que celebrar as chagas hoje \u00e9 reviver o amor de Deus por n\u00f3s, pois Ele nos quer santos e nos mostra que, em um mundo t\u00e3o insens\u00edvel, desumano e consumista, h\u00e1 uma alternativa: amar Aquele que nos ama incondicionalmente. \u201cHoje, os chagados s\u00e3o os pobres, os dependentes qu\u00edmicos, os moradores de rua e os desprezados em geral. Acolher cada um deles \u00e9 ver no irm\u00e3o o pr\u00f3prio Cristo, que disse: \u2018Porque tive fome e me destes de comer; tive sede e me destes de beber; era peregrino e me acolhestes; nu e me vestistes; enfermo e me visitastes; estava na pris\u00e3o e viestes a mim\u2019 (cf. Mt 25-35,36). Acolher cada um desses filhos e filhas de Deus \u00e9 disseminar o amor e nos tornar testemunhas da Boa Nova de Jesus Cristo.\u201d<\/p>\n<p><strong>Santu\u00e1rio S\u00e3o Francisco<\/strong><\/p>\n<p>No Santu\u00e1rio de S\u00e3o Francisco de Assis, localizado no Largo S\u00e3o Francisco, regi\u00e3o central de S\u00e3o Paulo, as celebra\u00e7\u00f5es tamb\u00e9m come\u00e7aram com um tr\u00edduo no s\u00e1bado, 14 de setembro. Em todas as celebra\u00e7\u00f5es haver\u00e1 exposi\u00e7\u00e3o e b\u00ean\u00e7\u00e3o com o Santo Lenho da Cruz de Cristo. Neste dia 17 as celebra\u00e7\u00f5es da Festa das Chagas de S\u00e3o Francisco, come\u00e7aram \u00e0s 7h30, 10h, 12h e a \u00faltima \u00e0s 15h.<\/p>\n<p>Para Frei M\u00e1rio Luiz Tagliari, reitor do santu\u00e1rio, S\u00e3o Francisco \u00e9 sempre atual. \u201cEle encontrou-se com o Cristo pobre e crucificado no in\u00edcio da sua convers\u00e3o. No crucifixo de S\u00e3o Dami\u00e3o, pediu que sua casa em ru\u00ednas fosse reconstru\u00edda; depois, encontrou-se com o Cristo crucificado no leproso. Em pouco tempo, S\u00e3o Francisco descobriu que o projeto de Deus para ele n\u00e3o era apenas reconstruir sua Igreja em ru\u00ednas, mas a humanidade em ru\u00ednas. A partir daquele momento, o Santo Ser\u00e1fico passou a identificar-se com os pobres do seu tempo, curando suas feridas e dedicando-lhes amor, pois via neles o Cristo. Por isso, S\u00e3o Francisco \u00e9 t\u00e3o atual para n\u00f3s. Celebrar os estigmas nos aproxima da dor do Filho de Deus e do Seu amor \u201d.<img loading=\"lazy\" class=\"size-medium wp-image-250816 alignleft\" src=\"https:\/\/franciscanos.org.br\/noticias\/wp-content\/uploads\/2024\/09\/WhatsApp-Image-2024-09-11-at-16.43.43-318x450.jpeg\" alt=\"\" width=\"318\" height=\"450\" srcset=\"https:\/\/franciscanos.org.br\/noticias\/wp-content\/uploads\/2024\/09\/WhatsApp-Image-2024-09-11-at-16.43.43-318x450.jpeg 318w, https:\/\/franciscanos.org.br\/noticias\/wp-content\/uploads\/2024\/09\/WhatsApp-Image-2024-09-11-at-16.43.43-724x1024.jpeg 724w, https:\/\/franciscanos.org.br\/noticias\/wp-content\/uploads\/2024\/09\/WhatsApp-Image-2024-09-11-at-16.43.43-768x1086.jpeg 768w, https:\/\/franciscanos.org.br\/noticias\/wp-content\/uploads\/2024\/09\/WhatsApp-Image-2024-09-11-at-16.43.43-1086x1536.jpeg 1086w, https:\/\/franciscanos.org.br\/noticias\/wp-content\/uploads\/2024\/09\/WhatsApp-Image-2024-09-11-at-16.43.43-150x212.jpeg 150w, https:\/\/franciscanos.org.br\/noticias\/wp-content\/uploads\/2024\/09\/WhatsApp-Image-2024-09-11-at-16.43.43.jpeg 763w\" sizes=\"(max-width: 318px) 100vw, 318px\" \/><\/p>\n<p>Segundo o frade, a celebra\u00e7\u00e3o dos 800 anos das Chagas do Pai Francisco nos faz enxerg\u00e1-lo como um importante modelo e exemplo de seguimento do Cristo pobre e crucificado. Assim como ele, devemos acolher os chagados de nossa comunidade, de nosso mundo e de nossa cidade. \u201cQue a celebra\u00e7\u00e3o das chagas possa atualizar a mensagem sempre viva do Evangelho: \u2018Todas as vezes que fizestes isto a um destes meus irm\u00e3os mais pequeninos, foi a mim mesmo que o fizestes\u2019 (cf. Mt 25,40). Assim disse Jesus na bela Par\u00e1bola do Ju\u00edzo Final. O que vai nos identificar como disc\u00edpulos de Jesus \u00e9 o quanto nos dedicamos aos cuidados com os crucificados de hoje\u201d, afirma.<\/p>\n<p>Logo ap\u00f3s a celebra\u00e7\u00e3o dos estigmas, no dia 21 de setembro, o Santu\u00e1rio iniciar\u00e1 as atividades em prepara\u00e7\u00e3o \u00e0 Festa de S\u00e3o Francisco de Assis, no dia 4 de outubro. A novena de S\u00e3o Francisco e o devocional a Frei Galv\u00e3o ter\u00e3o in\u00edcio no dia 25 de setembro. At\u00e9 o dia 3 de outubro, os hor\u00e1rios ser\u00e3o: 15h, de segunda-feira a s\u00e1bado, e 10h aos domingos. O devocional ser\u00e1 sempre \u00e0s 10h, com b\u00ean\u00e7\u00e3o da sa\u00fade, ter\u00e7o votivo e distribui\u00e7\u00e3o das p\u00edlulas de Frei Galv\u00e3o.<\/p>\n<p>No dia de S\u00e3o Francisco de Assis, 4 de outubro, haver\u00e1 celebra\u00e7\u00f5es \u00e0s 7h, 8h30, 10h, 12h, 15h, 16h30 e 18h. Ao longo do dia, haver\u00e1 b\u00ean\u00e7\u00e3o dos animais e b\u00ean\u00e7\u00e3o dos fi\u00e9is.<\/p>\n<p>A programa\u00e7\u00e3o ser\u00e1 encerrada em 25 de outubro, Dia de S\u00e3o Frei Galv\u00e3o, com missas, b\u00ean\u00e7\u00e3os da sa\u00fade, distribui\u00e7\u00e3o das p\u00edlulas e o tradicional bolo de Frei Galv\u00e3o.<\/p>\n<hr \/>\n<p><em>Adriana Rabelo<\/em><\/p>\n","protected":false},"excerpt":{"rendered":"<p>Ponto alto das celebra\u00e7\u00f5es ser\u00e1 no dia 17 de setembro<\/p>\n","protected":false},"author":11,"featured_media":250807,"comment_status":"open","ping_status":"open","sticky":false,"template":"","format":"standard","meta":[],"categories":[1],"tags":[2243],"acf":[],"yoast_head":"<!-- This site is optimized with the Yoast SEO plugin v19.2 - https:\/\/yoast.com\/wordpress\/plugins\/seo\/ -->\n<title>Comunidades come\u00e7am viver as celebra\u00e7\u00f5es dos Estigmas de S\u00e3o Francisco - Not\u00edcias - Franciscanos<\/title>\n<meta name=\"robots\" content=\"index, follow, max-snippet:-1, max-image-preview:large, max-video-preview:-1\" \/>\n<link rel=\"canonical\" href=\"https:\/\/franciscanos.org.br\/noticias\/comunidades-comecam-viver-as-celebracoes-dos-estigmas-de-sao-francisco.html\" \/>\n<meta property=\"og:locale\" content=\"pt_BR\" \/>\n<meta property=\"og:type\" content=\"article\" \/>\n<meta property=\"og:title\" content=\"Comunidades come\u00e7am viver as celebra\u00e7\u00f5es dos Estigmas de S\u00e3o Francisco - Not\u00edcias - Franciscanos\" \/>\n<meta property=\"og:description\" content=\"Ponto alto das celebra\u00e7\u00f5es ser\u00e1 no dia 17 de setembro\" \/>\n<meta property=\"og:url\" content=\"https:\/\/franciscanos.org.br\/noticias\/comunidades-comecam-viver-as-celebracoes-dos-estigmas-de-sao-francisco.html\" \/>\n<meta property=\"og:site_name\" content=\"Not\u00edcias - Franciscanos\" \/>\n<meta property=\"article:published_time\" content=\"2024-09-13T20:58:47+00:00\" \/>\n<meta property=\"article:modified_time\" content=\"2024-09-17T15:13:55+00:00\" \/>\n<meta property=\"og:image\" content=\"https:\/\/franciscanos.org.br\/noticias\/wp-content\/uploads\/2024\/09\/CHAMADA-5.jpg\" \/>\n\t<meta property=\"og:image:width\" content=\"800\" \/>\n\t<meta property=\"og:image:height\" content=\"550\" \/>\n\t<meta property=\"og:image:type\" content=\"image\/jpeg\" \/>\n<meta name=\"author\" content=\"Adriana Rabelo\" \/>\n<meta name=\"twitter:card\" content=\"summary_large_image\" \/>\n<meta name=\"twitter:label1\" content=\"Escrito por\" \/>\n\t<meta name=\"twitter:data1\" content=\"Adriana Rabelo\" \/>\n\t<meta name=\"twitter:label2\" content=\"Est. tempo de leitura\" \/>\n\t<meta name=\"twitter:data2\" content=\"6 minutos\" \/>\n<script type=\"application\/ld+json\" class=\"yoast-schema-graph\">{\"@context\":\"https:\/\/schema.org\",\"@graph\":[{\"@type\":\"WebSite\",\"@id\":\"https:\/\/franciscanos.org.br\/noticias\/#website\",\"url\":\"https:\/\/franciscanos.org.br\/noticias\/\",\"name\":\"Not\u00edcias - Franciscanos\",\"description\":\"Prov\u00edncia Franciscana da Imaculada Concei\u00e7\u00e3o do Brasil - Ordem dos Frades Menores - OFM\",\"potentialAction\":[{\"@type\":\"SearchAction\",\"target\":{\"@type\":\"EntryPoint\",\"urlTemplate\":\"https:\/\/franciscanos.org.br\/noticias\/?s={search_term_string}\"},\"query-input\":\"required name=search_term_string\"}],\"inLanguage\":\"pt-BR\"},{\"@type\":\"ImageObject\",\"inLanguage\":\"pt-BR\",\"@id\":\"https:\/\/franciscanos.org.br\/noticias\/comunidades-comecam-viver-as-celebracoes-dos-estigmas-de-sao-francisco.html#primaryimage\",\"url\":\"https:\/\/franciscanos.org.br\/noticias\/wp-content\/uploads\/2024\/09\/CHAMADA-5.jpg\",\"contentUrl\":\"https:\/\/franciscanos.org.br\/noticias\/wp-content\/uploads\/2024\/09\/CHAMADA-5.jpg\",\"width\":800,\"height\":550},{\"@type\":\"WebPage\",\"@id\":\"https:\/\/franciscanos.org.br\/noticias\/comunidades-comecam-viver-as-celebracoes-dos-estigmas-de-sao-francisco.html#webpage\",\"url\":\"https:\/\/franciscanos.org.br\/noticias\/comunidades-comecam-viver-as-celebracoes-dos-estigmas-de-sao-francisco.html\",\"name\":\"Comunidades come\u00e7am viver as celebra\u00e7\u00f5es dos Estigmas de S\u00e3o Francisco - Not\u00edcias - Franciscanos\",\"isPartOf\":{\"@id\":\"https:\/\/franciscanos.org.br\/noticias\/#website\"},\"primaryImageOfPage\":{\"@id\":\"https:\/\/franciscanos.org.br\/noticias\/comunidades-comecam-viver-as-celebracoes-dos-estigmas-de-sao-francisco.html#primaryimage\"},\"datePublished\":\"2024-09-13T20:58:47+00:00\",\"dateModified\":\"2024-09-17T15:13:55+00:00\",\"author\":{\"@id\":\"https:\/\/franciscanos.org.br\/noticias\/#\/schema\/person\/d9422e83121c3ad3b0f423d195f5bb25\"},\"breadcrumb\":{\"@id\":\"https:\/\/franciscanos.org.br\/noticias\/comunidades-comecam-viver-as-celebracoes-dos-estigmas-de-sao-francisco.html#breadcrumb\"},\"inLanguage\":\"pt-BR\",\"potentialAction\":[{\"@type\":\"ReadAction\",\"target\":[\"https:\/\/franciscanos.org.br\/noticias\/comunidades-comecam-viver-as-celebracoes-dos-estigmas-de-sao-francisco.html\"]}]},{\"@type\":\"BreadcrumbList\",\"@id\":\"https:\/\/franciscanos.org.br\/noticias\/comunidades-comecam-viver-as-celebracoes-dos-estigmas-de-sao-francisco.html#breadcrumb\",\"itemListElement\":[{\"@type\":\"ListItem\",\"position\":1,\"name\":\"Home\",\"item\":\"https:\/\/franciscanos.org.br\/noticias\"},{\"@type\":\"ListItem\",\"position\":2,\"name\":\"Comunidades come\u00e7am viver as celebra\u00e7\u00f5es dos Estigmas de S\u00e3o Francisco\"}]},{\"@type\":\"Person\",\"@id\":\"https:\/\/franciscanos.org.br\/noticias\/#\/schema\/person\/d9422e83121c3ad3b0f423d195f5bb25\",\"name\":\"Adriana Rabelo\",\"image\":{\"@type\":\"ImageObject\",\"inLanguage\":\"pt-BR\",\"@id\":\"https:\/\/franciscanos.org.br\/noticias\/#\/schema\/person\/image\/\",\"url\":\"https:\/\/secure.gravatar.com\/avatar\/0a937b7500cd7df77540cfb8bede877d?s=96&d=mm&r=g\",\"contentUrl\":\"https:\/\/secure.gravatar.com\/avatar\/0a937b7500cd7df77540cfb8bede877d?s=96&d=mm&r=g\",\"caption\":\"Adriana Rabelo\"},\"url\":\"https:\/\/franciscanos.org.br\/noticias\/author\/adrianarabelo\"}]}<\/script>\n<!-- \/ Yoast SEO plugin. -->","yoast_head_json":{"title":"Comunidades come\u00e7am viver as celebra\u00e7\u00f5es dos Estigmas de S\u00e3o Francisco - Not\u00edcias - Franciscanos","robots":{"index":"index","follow":"follow","max-snippet":"max-snippet:-1","max-image-preview":"max-image-preview:large","max-video-preview":"max-video-preview:-1"},"canonical":"https:\/\/franciscanos.org.br\/noticias\/comunidades-comecam-viver-as-celebracoes-dos-estigmas-de-sao-francisco.html","og_locale":"pt_BR","og_type":"article","og_title":"Comunidades come\u00e7am viver as celebra\u00e7\u00f5es dos Estigmas de S\u00e3o Francisco - Not\u00edcias - Franciscanos","og_description":"Ponto alto das celebra\u00e7\u00f5es ser\u00e1 no dia 17 de setembro","og_url":"https:\/\/franciscanos.org.br\/noticias\/comunidades-comecam-viver-as-celebracoes-dos-estigmas-de-sao-francisco.html","og_site_name":"Not\u00edcias - Franciscanos","article_published_time":"2024-09-13T20:58:47+00:00","article_modified_time":"2024-09-17T15:13:55+00:00","og_image":[{"width":800,"height":550,"url":"https:\/\/franciscanos.org.br\/noticias\/wp-content\/uploads\/2024\/09\/CHAMADA-5.jpg","type":"image\/jpeg"}],"author":"Adriana Rabelo","twitter_card":"summary_large_image","twitter_misc":{"Escrito por":"Adriana Rabelo","Est. tempo de leitura":"6 minutos"},"schema":{"@context":"https:\/\/schema.org","@graph":[{"@type":"WebSite","@id":"https:\/\/franciscanos.org.br\/noticias\/#website","url":"https:\/\/franciscanos.org.br\/noticias\/","name":"Not\u00edcias - Franciscanos","description":"Prov\u00edncia Franciscana da Imaculada Concei\u00e7\u00e3o do Brasil - Ordem dos Frades Menores - OFM","potentialAction":[{"@type":"SearchAction","target":{"@type":"EntryPoint","urlTemplate":"https:\/\/franciscanos.org.br\/noticias\/?s={search_term_string}"},"query-input":"required name=search_term_string"}],"inLanguage":"pt-BR"},{"@type":"ImageObject","inLanguage":"pt-BR","@id":"https:\/\/franciscanos.org.br\/noticias\/comunidades-comecam-viver-as-celebracoes-dos-estigmas-de-sao-francisco.html#primaryimage","url":"https:\/\/franciscanos.org.br\/noticias\/wp-content\/uploads\/2024\/09\/CHAMADA-5.jpg","contentUrl":"https:\/\/franciscanos.org.br\/noticias\/wp-content\/uploads\/2024\/09\/CHAMADA-5.jpg","width":800,"height":550},{"@type":"WebPage","@id":"https:\/\/franciscanos.org.br\/noticias\/comunidades-comecam-viver-as-celebracoes-dos-estigmas-de-sao-francisco.html#webpage","url":"https:\/\/franciscanos.org.br\/noticias\/comunidades-comecam-viver-as-celebracoes-dos-estigmas-de-sao-francisco.html","name":"Comunidades come\u00e7am viver as celebra\u00e7\u00f5es dos Estigmas de S\u00e3o Francisco - Not\u00edcias - Franciscanos","isPartOf":{"@id":"https:\/\/franciscanos.org.br\/noticias\/#website"},"primaryImageOfPage":{"@id":"https:\/\/franciscanos.org.br\/noticias\/comunidades-comecam-viver-as-celebracoes-dos-estigmas-de-sao-francisco.html#primaryimage"},"datePublished":"2024-09-13T20:58:47+00:00","dateModified":"2024-09-17T15:13:55+00:00","author":{"@id":"https:\/\/franciscanos.org.br\/noticias\/#\/schema\/person\/d9422e83121c3ad3b0f423d195f5bb25"},"breadcrumb":{"@id":"https:\/\/franciscanos.org.br\/noticias\/comunidades-comecam-viver-as-celebracoes-dos-estigmas-de-sao-francisco.html#breadcrumb"},"inLanguage":"pt-BR","potentialAction":[{"@type":"ReadAction","target":["https:\/\/franciscanos.org.br\/noticias\/comunidades-comecam-viver-as-celebracoes-dos-estigmas-de-sao-francisco.html"]}]},{"@type":"BreadcrumbList","@id":"https:\/\/franciscanos.org.br\/noticias\/comunidades-comecam-viver-as-celebracoes-dos-estigmas-de-sao-francisco.html#breadcrumb","itemListElement":[{"@type":"ListItem","position":1,"name":"Home","item":"https:\/\/franciscanos.org.br\/noticias"},{"@type":"ListItem","position":2,"name":"Comunidades come\u00e7am viver as celebra\u00e7\u00f5es dos Estigmas de S\u00e3o Francisco"}]},{"@type":"Person","@id":"https:\/\/franciscanos.org.br\/noticias\/#\/schema\/person\/d9422e83121c3ad3b0f423d195f5bb25","name":"Adriana Rabelo","image":{"@type":"ImageObject","inLanguage":"pt-BR","@id":"https:\/\/franciscanos.org.br\/noticias\/#\/schema\/person\/image\/","url":"https:\/\/secure.gravatar.com\/avatar\/0a937b7500cd7df77540cfb8bede877d?s=96&d=mm&r=g","contentUrl":"https:\/\/secure.gravatar.com\/avatar\/0a937b7500cd7df77540cfb8bede877d?s=96&d=mm&r=g","caption":"Adriana Rabelo"},"url":"https:\/\/franciscanos.org.br\/noticias\/author\/adrianarabelo"}]}},"_links":{"self":[{"href":"https:\/\/franciscanos.org.br\/noticias\/wp-json\/wp\/v2\/posts\/250806"}],"collection":[{"href":"https:\/\/franciscanos.org.br\/noticias\/wp-json\/wp\/v2\/posts"}],"about":[{"href":"https:\/\/franciscanos.org.br\/noticias\/wp-json\/wp\/v2\/types\/post"}],"author":[{"embeddable":true,"href":"https:\/\/franciscanos.org.br\/noticias\/wp-json\/wp\/v2\/users\/11"}],"replies":[{"embeddable":true,"href":"https:\/\/franciscanos.org.br\/noticias\/wp-json\/wp\/v2\/comments?post=250806"}],"version-history":[{"count":11,"href":"https:\/\/franciscanos.org.br\/noticias\/wp-json\/wp\/v2\/posts\/250806\/revisions"}],"predecessor-version":[{"id":250853,"href":"https:\/\/franciscanos.org.br\/noticias\/wp-json\/wp\/v2\/posts\/250806\/revisions\/250853"}],"wp:featuredmedia":[{"embeddable":true,"href":"https:\/\/franciscanos.org.br\/noticias\/wp-json\/wp\/v2\/media\/250807"}],"wp:attachment":[{"href":"https:\/\/franciscanos.org.br\/noticias\/wp-json\/wp\/v2\/media?parent=250806"}],"wp:term":[{"taxonomy":"category","embeddable":true,"href":"https:\/\/franciscanos.org.br\/noticias\/wp-json\/wp\/v2\/categories?post=250806"},{"taxonomy":"post_tag","embeddable":true,"href":"https:\/\/franciscanos.org.br\/noticias\/wp-json\/wp\/v2\/tags?post=250806"}],"curies":[{"name":"wp","href":"https:\/\/api.w.org\/{rel}","templated":true}]}}