{"id":250787,"date":"2024-09-12T09:15:35","date_gmt":"2024-09-12T12:15:35","guid":{"rendered":"https:\/\/franciscanos.org.br\/noticias\/?p=250787"},"modified":"2024-09-18T10:12:41","modified_gmt":"2024-09-18T13:12:41","slug":"as-celebracoes-do-viii-centenario-dos-estigmas","status":"publish","type":"post","link":"https:\/\/franciscanos.org.br\/noticias\/as-celebracoes-do-viii-centenario-dos-estigmas.html","title":{"rendered":"As celebra\u00e7\u00f5es do VIII Centen\u00e1rio dos Estigmas"},"content":{"rendered":"<p><img loading=\"lazy\" class=\"aligncenter wp-image-250788 size-full\" src=\"https:\/\/franciscanos.org.br\/noticias\/wp-content\/uploads\/2024\/09\/la-verna.jpg\" alt=\"\" width=\"1291\" height=\"658\" srcset=\"https:\/\/franciscanos.org.br\/noticias\/wp-content\/uploads\/2024\/09\/la-verna.jpg 1291w, https:\/\/franciscanos.org.br\/noticias\/wp-content\/uploads\/2024\/09\/la-verna-450x229.jpg 450w, https:\/\/franciscanos.org.br\/noticias\/wp-content\/uploads\/2024\/09\/la-verna-1024x522.jpg 1024w, https:\/\/franciscanos.org.br\/noticias\/wp-content\/uploads\/2024\/09\/la-verna-768x391.jpg 768w, https:\/\/franciscanos.org.br\/noticias\/wp-content\/uploads\/2024\/09\/la-verna-150x76.jpg 150w\" sizes=\"(max-width: 1291px) 100vw, 1291px\" \/><\/p>\n<p style=\"text-align: center;\">Alverne, 16 a 17 de setembro<\/p>\n<p>No pr\u00f3ximo\u00a0<strong>dia 17 de setembro<\/strong>\u00a0celebraremos o\u00a0<strong>VIII Centen\u00e1rio dos Estigmas<\/strong>, terceira etapa (depois da aprova\u00e7\u00e3o da Regra Bulada e do Natal de Greccio) no caminho dos Centen\u00e1rios Franciscanos, que nos ajudam a refazer &#8211; e muitas vezes a redescobrir &#8211; os \u00faltimos anos de vida de S\u00e3o Francisco.<\/p>\n<p>Para o Pai Ser\u00e1fico foi um per\u00edodo de dor e amor, caracterizado pelo profundo desejo de seguir a Cristo e se conformar totalmente com Ele.<\/p>\n<p>O encontro com o Crucificado, que imprime no cora\u00e7\u00e3o e no corpo os sinais do amor, \u00e9 assim resumido por S\u00e3o Boaventura: &#8220;O verdadeiro amor de Cristo transformou o amante na pr\u00f3pria imagem do Amado&#8221; (Legenda Maior 13,5).<\/p>\n<p>Celebrar o Centen\u00e1rio dos Estigmas como Fam\u00edlia Franciscana \u00e9 um convite a recuperar na nossa vida quotidiana aquela dimens\u00e3o de sil\u00eancio orante e contemplativo que nos coloca diante do essencial, que nos permite reconhecer o desejo de infinito que reside nos nossos cora\u00e7\u00f5es, que permite-nos ouvir a n\u00f3s mesmos, aos outros e a Deus.<\/p>\n<p><strong>\u201cDas feridas nasce a vida nova\u201d<\/strong>:<strong>\u00a0<\/strong>depois de receber os sagrados estigmas, Francisco saiu ao encontro dos pobres, dos doentes e dos necessitados para toc\u00e1-los, para lhes transmitir o amor divino. Recordar e celebrar o Pobre de Assis tocado pelo Crucifixo exorta-nos a sair de n\u00f3s mesmos para &#8220;tocar nos outros a carne sofredora de Cristo&#8221; (<i>Gaudete et exsultate<\/i>, 37) e, ao mesmo tempo, deixar-nos tocar e desafiar pelas numerosas situa\u00e7\u00f5es dram\u00e1ticas de dor e sofrimento em que tantos dos nossos irm\u00e3os e irm\u00e3s em todo o mundo se encontram imersos.<\/p>\n<hr \/>\n<p><a href=\"https:\/\/ofm.org\/le-celebrazioni-per-l-viii-centenario-delle-stimmate.html\">Site OFM<\/a><\/p>\n","protected":false},"excerpt":{"rendered":"<p>No pr\u00f3ximo\u00a0dia 17 de setembro\u00a0celebraremos o\u00a0VIII Centen\u00e1rio dos Estigmas<\/p>\n","protected":false},"author":10,"featured_media":250788,"comment_status":"open","ping_status":"open","sticky":false,"template":"","format":"standard","meta":[],"categories":[1],"tags":[2242],"acf":[],"yoast_head":"<!-- This site is optimized with the Yoast SEO plugin v19.2 - https:\/\/yoast.com\/wordpress\/plugins\/seo\/ -->\n<title>As celebra\u00e7\u00f5es do VIII Centen\u00e1rio dos Estigmas - Not\u00edcias - Franciscanos<\/title>\n<meta name=\"robots\" content=\"index, follow, max-snippet:-1, max-image-preview:large, max-video-preview:-1\" \/>\n<link rel=\"canonical\" href=\"https:\/\/franciscanos.org.br\/noticias\/as-celebracoes-do-viii-centenario-dos-estigmas.html\" \/>\n<meta property=\"og:locale\" content=\"pt_BR\" \/>\n<meta property=\"og:type\" content=\"article\" \/>\n<meta property=\"og:title\" content=\"As celebra\u00e7\u00f5es do VIII Centen\u00e1rio dos Estigmas - Not\u00edcias - Franciscanos\" \/>\n<meta property=\"og:description\" content=\"No pr\u00f3ximo\u00a0dia 17 de setembro\u00a0celebraremos o\u00a0VIII Centen\u00e1rio dos Estigmas\" \/>\n<meta property=\"og:url\" content=\"https:\/\/franciscanos.org.br\/noticias\/as-celebracoes-do-viii-centenario-dos-estigmas.html\" \/>\n<meta property=\"og:site_name\" content=\"Not\u00edcias - Franciscanos\" \/>\n<meta property=\"article:published_time\" content=\"2024-09-12T12:15:35+00:00\" \/>\n<meta property=\"article:modified_time\" content=\"2024-09-18T13:12:41+00:00\" \/>\n<meta property=\"og:image\" content=\"https:\/\/franciscanos.org.br\/noticias\/wp-content\/uploads\/2024\/09\/la-verna.jpg\" \/>\n\t<meta property=\"og:image:width\" content=\"1291\" \/>\n\t<meta property=\"og:image:height\" content=\"658\" \/>\n\t<meta property=\"og:image:type\" content=\"image\/jpeg\" \/>\n<meta name=\"author\" content=\"Jo\u00e3o Vitor\" \/>\n<meta name=\"twitter:card\" content=\"summary_large_image\" \/>\n<meta name=\"twitter:label1\" content=\"Escrito por\" \/>\n\t<meta name=\"twitter:data1\" content=\"Jo\u00e3o Vitor\" \/>\n\t<meta name=\"twitter:label2\" content=\"Est. tempo de leitura\" \/>\n\t<meta name=\"twitter:data2\" content=\"1 minuto\" \/>\n<script type=\"application\/ld+json\" class=\"yoast-schema-graph\">{\"@context\":\"https:\/\/schema.org\",\"@graph\":[{\"@type\":\"WebSite\",\"@id\":\"https:\/\/franciscanos.org.br\/noticias\/#website\",\"url\":\"https:\/\/franciscanos.org.br\/noticias\/\",\"name\":\"Not\u00edcias - Franciscanos\",\"description\":\"Prov\u00edncia Franciscana da Imaculada Concei\u00e7\u00e3o do Brasil - Ordem dos Frades Menores - OFM\",\"potentialAction\":[{\"@type\":\"SearchAction\",\"target\":{\"@type\":\"EntryPoint\",\"urlTemplate\":\"https:\/\/franciscanos.org.br\/noticias\/?s={search_term_string}\"},\"query-input\":\"required name=search_term_string\"}],\"inLanguage\":\"pt-BR\"},{\"@type\":\"ImageObject\",\"inLanguage\":\"pt-BR\",\"@id\":\"https:\/\/franciscanos.org.br\/noticias\/as-celebracoes-do-viii-centenario-dos-estigmas.html#primaryimage\",\"url\":\"https:\/\/franciscanos.org.br\/noticias\/wp-content\/uploads\/2024\/09\/la-verna.jpg\",\"contentUrl\":\"https:\/\/franciscanos.org.br\/noticias\/wp-content\/uploads\/2024\/09\/la-verna.jpg\",\"width\":1291,\"height\":658},{\"@type\":\"WebPage\",\"@id\":\"https:\/\/franciscanos.org.br\/noticias\/as-celebracoes-do-viii-centenario-dos-estigmas.html#webpage\",\"url\":\"https:\/\/franciscanos.org.br\/noticias\/as-celebracoes-do-viii-centenario-dos-estigmas.html\",\"name\":\"As celebra\u00e7\u00f5es do VIII Centen\u00e1rio dos Estigmas - Not\u00edcias - Franciscanos\",\"isPartOf\":{\"@id\":\"https:\/\/franciscanos.org.br\/noticias\/#website\"},\"primaryImageOfPage\":{\"@id\":\"https:\/\/franciscanos.org.br\/noticias\/as-celebracoes-do-viii-centenario-dos-estigmas.html#primaryimage\"},\"datePublished\":\"2024-09-12T12:15:35+00:00\",\"dateModified\":\"2024-09-18T13:12:41+00:00\",\"author\":{\"@id\":\"https:\/\/franciscanos.org.br\/noticias\/#\/schema\/person\/8c11f06a466b856a11dd48d20600055f\"},\"breadcrumb\":{\"@id\":\"https:\/\/franciscanos.org.br\/noticias\/as-celebracoes-do-viii-centenario-dos-estigmas.html#breadcrumb\"},\"inLanguage\":\"pt-BR\",\"potentialAction\":[{\"@type\":\"ReadAction\",\"target\":[\"https:\/\/franciscanos.org.br\/noticias\/as-celebracoes-do-viii-centenario-dos-estigmas.html\"]}]},{\"@type\":\"BreadcrumbList\",\"@id\":\"https:\/\/franciscanos.org.br\/noticias\/as-celebracoes-do-viii-centenario-dos-estigmas.html#breadcrumb\",\"itemListElement\":[{\"@type\":\"ListItem\",\"position\":1,\"name\":\"Home\",\"item\":\"https:\/\/franciscanos.org.br\/noticias\"},{\"@type\":\"ListItem\",\"position\":2,\"name\":\"As celebra\u00e7\u00f5es do VIII Centen\u00e1rio dos Estigmas\"}]},{\"@type\":\"Person\",\"@id\":\"https:\/\/franciscanos.org.br\/noticias\/#\/schema\/person\/8c11f06a466b856a11dd48d20600055f\",\"name\":\"Jo\u00e3o Vitor\",\"image\":{\"@type\":\"ImageObject\",\"inLanguage\":\"pt-BR\",\"@id\":\"https:\/\/franciscanos.org.br\/noticias\/#\/schema\/person\/image\/\",\"url\":\"https:\/\/secure.gravatar.com\/avatar\/10ba5c9713e0c323617b4309a19e3a46?s=96&d=mm&r=g\",\"contentUrl\":\"https:\/\/secure.gravatar.com\/avatar\/10ba5c9713e0c323617b4309a19e3a46?s=96&d=mm&r=g\",\"caption\":\"Jo\u00e3o Vitor\"},\"url\":\"https:\/\/franciscanos.org.br\/noticias\/author\/joaovitor\"}]}<\/script>\n<!-- \/ Yoast SEO plugin. -->","yoast_head_json":{"title":"As celebra\u00e7\u00f5es do VIII Centen\u00e1rio dos Estigmas - Not\u00edcias - Franciscanos","robots":{"index":"index","follow":"follow","max-snippet":"max-snippet:-1","max-image-preview":"max-image-preview:large","max-video-preview":"max-video-preview:-1"},"canonical":"https:\/\/franciscanos.org.br\/noticias\/as-celebracoes-do-viii-centenario-dos-estigmas.html","og_locale":"pt_BR","og_type":"article","og_title":"As celebra\u00e7\u00f5es do VIII Centen\u00e1rio dos Estigmas - Not\u00edcias - Franciscanos","og_description":"No pr\u00f3ximo\u00a0dia 17 de setembro\u00a0celebraremos o\u00a0VIII Centen\u00e1rio dos Estigmas","og_url":"https:\/\/franciscanos.org.br\/noticias\/as-celebracoes-do-viii-centenario-dos-estigmas.html","og_site_name":"Not\u00edcias - Franciscanos","article_published_time":"2024-09-12T12:15:35+00:00","article_modified_time":"2024-09-18T13:12:41+00:00","og_image":[{"width":1291,"height":658,"url":"https:\/\/franciscanos.org.br\/noticias\/wp-content\/uploads\/2024\/09\/la-verna.jpg","type":"image\/jpeg"}],"author":"Jo\u00e3o Vitor","twitter_card":"summary_large_image","twitter_misc":{"Escrito por":"Jo\u00e3o Vitor","Est. tempo de leitura":"1 minuto"},"schema":{"@context":"https:\/\/schema.org","@graph":[{"@type":"WebSite","@id":"https:\/\/franciscanos.org.br\/noticias\/#website","url":"https:\/\/franciscanos.org.br\/noticias\/","name":"Not\u00edcias - Franciscanos","description":"Prov\u00edncia Franciscana da Imaculada Concei\u00e7\u00e3o do Brasil - Ordem dos Frades Menores - OFM","potentialAction":[{"@type":"SearchAction","target":{"@type":"EntryPoint","urlTemplate":"https:\/\/franciscanos.org.br\/noticias\/?s={search_term_string}"},"query-input":"required name=search_term_string"}],"inLanguage":"pt-BR"},{"@type":"ImageObject","inLanguage":"pt-BR","@id":"https:\/\/franciscanos.org.br\/noticias\/as-celebracoes-do-viii-centenario-dos-estigmas.html#primaryimage","url":"https:\/\/franciscanos.org.br\/noticias\/wp-content\/uploads\/2024\/09\/la-verna.jpg","contentUrl":"https:\/\/franciscanos.org.br\/noticias\/wp-content\/uploads\/2024\/09\/la-verna.jpg","width":1291,"height":658},{"@type":"WebPage","@id":"https:\/\/franciscanos.org.br\/noticias\/as-celebracoes-do-viii-centenario-dos-estigmas.html#webpage","url":"https:\/\/franciscanos.org.br\/noticias\/as-celebracoes-do-viii-centenario-dos-estigmas.html","name":"As celebra\u00e7\u00f5es do VIII Centen\u00e1rio dos Estigmas - Not\u00edcias - Franciscanos","isPartOf":{"@id":"https:\/\/franciscanos.org.br\/noticias\/#website"},"primaryImageOfPage":{"@id":"https:\/\/franciscanos.org.br\/noticias\/as-celebracoes-do-viii-centenario-dos-estigmas.html#primaryimage"},"datePublished":"2024-09-12T12:15:35+00:00","dateModified":"2024-09-18T13:12:41+00:00","author":{"@id":"https:\/\/franciscanos.org.br\/noticias\/#\/schema\/person\/8c11f06a466b856a11dd48d20600055f"},"breadcrumb":{"@id":"https:\/\/franciscanos.org.br\/noticias\/as-celebracoes-do-viii-centenario-dos-estigmas.html#breadcrumb"},"inLanguage":"pt-BR","potentialAction":[{"@type":"ReadAction","target":["https:\/\/franciscanos.org.br\/noticias\/as-celebracoes-do-viii-centenario-dos-estigmas.html"]}]},{"@type":"BreadcrumbList","@id":"https:\/\/franciscanos.org.br\/noticias\/as-celebracoes-do-viii-centenario-dos-estigmas.html#breadcrumb","itemListElement":[{"@type":"ListItem","position":1,"name":"Home","item":"https:\/\/franciscanos.org.br\/noticias"},{"@type":"ListItem","position":2,"name":"As celebra\u00e7\u00f5es do VIII Centen\u00e1rio dos Estigmas"}]},{"@type":"Person","@id":"https:\/\/franciscanos.org.br\/noticias\/#\/schema\/person\/8c11f06a466b856a11dd48d20600055f","name":"Jo\u00e3o Vitor","image":{"@type":"ImageObject","inLanguage":"pt-BR","@id":"https:\/\/franciscanos.org.br\/noticias\/#\/schema\/person\/image\/","url":"https:\/\/secure.gravatar.com\/avatar\/10ba5c9713e0c323617b4309a19e3a46?s=96&d=mm&r=g","contentUrl":"https:\/\/secure.gravatar.com\/avatar\/10ba5c9713e0c323617b4309a19e3a46?s=96&d=mm&r=g","caption":"Jo\u00e3o Vitor"},"url":"https:\/\/franciscanos.org.br\/noticias\/author\/joaovitor"}]}},"_links":{"self":[{"href":"https:\/\/franciscanos.org.br\/noticias\/wp-json\/wp\/v2\/posts\/250787"}],"collection":[{"href":"https:\/\/franciscanos.org.br\/noticias\/wp-json\/wp\/v2\/posts"}],"about":[{"href":"https:\/\/franciscanos.org.br\/noticias\/wp-json\/wp\/v2\/types\/post"}],"author":[{"embeddable":true,"href":"https:\/\/franciscanos.org.br\/noticias\/wp-json\/wp\/v2\/users\/10"}],"replies":[{"embeddable":true,"href":"https:\/\/franciscanos.org.br\/noticias\/wp-json\/wp\/v2\/comments?post=250787"}],"version-history":[{"count":5,"href":"https:\/\/franciscanos.org.br\/noticias\/wp-json\/wp\/v2\/posts\/250787\/revisions"}],"predecessor-version":[{"id":250871,"href":"https:\/\/franciscanos.org.br\/noticias\/wp-json\/wp\/v2\/posts\/250787\/revisions\/250871"}],"wp:featuredmedia":[{"embeddable":true,"href":"https:\/\/franciscanos.org.br\/noticias\/wp-json\/wp\/v2\/media\/250788"}],"wp:attachment":[{"href":"https:\/\/franciscanos.org.br\/noticias\/wp-json\/wp\/v2\/media?parent=250787"}],"wp:term":[{"taxonomy":"category","embeddable":true,"href":"https:\/\/franciscanos.org.br\/noticias\/wp-json\/wp\/v2\/categories?post=250787"},{"taxonomy":"post_tag","embeddable":true,"href":"https:\/\/franciscanos.org.br\/noticias\/wp-json\/wp\/v2\/tags?post=250787"}],"curies":[{"name":"wp","href":"https:\/\/api.w.org\/{rel}","templated":true}]}}