{"id":25076,"date":"2012-10-01T12:51:52","date_gmt":"2012-10-01T15:51:52","guid":{"rendered":"http:\/\/new.franciscanos.org.br\/?p=25076"},"modified":"2019-11-01T12:03:18","modified_gmt":"2019-11-01T15:03:18","slug":"iniciacao-na-fe-entre-os-lancamentos","status":"publish","type":"post","link":"https:\/\/franciscanos.org.br\/noticias\/iniciacao-na-fe-entre-os-lancamentos.html","title":{"rendered":"\u201cInicia\u00e7\u00e3o na f\u00e9&#8221; entre os lan\u00e7amentos"},"content":{"rendered":"<p><img loading=\"lazy\" class=\"alignright size-full wp-image-25582\" title=\"Inicia\u00e7\u00e3o na f\u00e9\" src=\"http:\/\/franciscanos.org.br\/wp-content\/uploads\/2012\/10\/3623_011012.jpg\" alt=\"\" width=\"450\" height=\"650\" \/>Entre os \u00faltimos lan\u00e7amentos da Editora Vozes, que neste ano completa 111 anos de funda\u00e7\u00e3o e tem sede em Petr\u00f3polis (RJ), est\u00e1 o livro \u201cInicia\u00e7\u00e3o na f\u00e9 &#8211; Um caminho de anima\u00e7\u00e3o b\u00edblica e evangeliza\u00e7\u00e3o de adultos\u201d.<\/p>\n<p>Este livro \u00e9 uma resposta ao convite da CNBB em rela\u00e7\u00e3o \u00e0s cinco urg\u00eancias apontadas nas \u00faltimas diretrizes: &#8220;Igreja em estado permanente de miss\u00e3o; Igreja: casa da inicia\u00e7\u00e3o crist\u00e3; Igreja: lugar de anima\u00e7\u00e3o b\u00edblica da vida e da pastoral; Igreja: comunidade de comunidades; Igreja a servi\u00e7o da vida plena para todos&#8221;. Com uma metodologia de trabalho simples, o livro fornece subs\u00eddios para as comunidades, pois desenvolve um processo de inicia\u00e7\u00e3o na vida crist\u00e3, ajuda a proporcionar retiros, cursos, encontros e oferece subs\u00eddios para a leitura individual, familiar e em pequenos grupos da Palavra de Deus.<\/p>\n<h5>Inicia\u00e7\u00e3o na f\u00e9 &#8211; Um caminho de anima\u00e7\u00e3o b\u00edblica e evangeliza\u00e7\u00e3o de adultos<\/h5>\n<p><strong>ISBN:<\/strong> 9788532643957<br \/>\n200 p\u00e1ginas<br \/>\n<strong>Pre\u00e7o:<\/strong> R$ 29,20<br \/>\n<strong>autor:<\/strong> Pe. Paulo Haenraets<br \/>\n<strong>Peso:<\/strong> 350 gramas<br \/>\n1\u00aa edi\u00e7\u00e3o<br \/>\n<strong>Assunto:<\/strong> Catequese para Primeira Eucaristia<\/p>\n<h5>Psic\u00f3logo e as pol\u00edticas p\u00fablicas de assist\u00eancia social<\/h5>\n<p><strong>ISBN:<\/strong> 9788532643971<br \/>\n240 p\u00e1ginas<br \/>\n<strong>Pre\u00e7o:<\/strong> R$ 40,00<br \/>\n<strong>autor<\/strong>: L\u00edlian Rodrigues da Cruz e Neuza Guareschi (Orgs.)<br \/>\n<strong>Peso:<\/strong> 262 gramas<br \/>\n1\u00aa edi\u00e7\u00e3o<br \/>\n<strong>Assunto:<\/strong> Psicologia<br \/>\n<strong>Cole\u00e7\u00e3o:<\/strong> Psicologia social<\/p>\n<p><em>O Sistema \u00danico da Assist\u00eancia Social (SUAS) prev\u00ea nos Centros de Refer\u00eancia em Assist\u00eancia Social (CRAS) e nos Centros de Refer\u00eancia Especializados em Assist\u00eancia Social (CREAS) a inclus\u00e3o do profissional da Psicologia na composi\u00e7\u00e3o da equipe m\u00ednima. Neste sentido, as pr\u00e1ticas psicol\u00f3gicas na assist\u00eancia social tornam-se um eixo de investiga\u00e7\u00e3o e problematiza\u00e7\u00e3o no campo da Psicologia Social. Os cursos de Psicologia, por exig\u00eancia do MEC, tiveram que oferecer \u00eanfases e, em fun\u00e7\u00e3o da grande demanda de profissionais nesta \u00e1rea a partir do SUS e do SUAS, muitos colocaram em seus curr\u00edculos a \u00eanfase em &#8216;forma\u00e7\u00e3o em pol\u00edticas p\u00fablicas&#8217;. Contudo, a produ\u00e7\u00e3o de conhecimento \u00e9 deficit\u00e1ria, o que acarreta em grande demanda por material bibliogr\u00e1fico. Os profissionais interrogam-se constantemente sobre o lugar da psicologia nestes Centros. No sentido de contribuir com este debate propomos a obra &#8220;O Psic\u00f3logo e Pol\u00edticas P\u00fablicas de Assist\u00eancia Social&#8221;, que re\u00fane trabalhos 14 trabalhos in\u00e9ditos de pesquisadores e profissionais da Psicologia.<\/em><\/p>\n<h5>Domestica\u00e7\u00e3o da mente selvagem (A)<\/h5>\n<p><strong>ISBN:<\/strong> 9788532643841<br \/>\n200 p\u00e1ginas<br \/>\n<strong>Pre\u00e7o:<\/strong> R$ 40,50<br \/>\n<strong>autor:<\/strong> Jack Goody<br \/>\n<strong>Peso:<\/strong> 318 gramas<br \/>\n1\u00aa edi\u00e7\u00e3o<br \/>\n<strong>Assunto:<\/strong> Antropologia<br \/>\n<strong>Cole\u00e7\u00e3o:<\/strong> Antropologia<\/p>\n<p><em>Neste livro o autor tenta nos dar o arcabou\u00e7o para uma explica\u00e7\u00e3o mais satisfat\u00f3ria para as diferen\u00e7as na &#8220;mente&#8221; das sociedades humanas, relacionando certas diferen\u00e7as amplas nas &#8220;mentalidades&#8221; com as mudan\u00e7as nos meios de comunica\u00e7\u00e3o, e especificamente com a s\u00e9rie de mudan\u00e7as envolvidas no desenvolvimento da escrita. O argumento tem como base considera\u00e7\u00f5es te\u00f3ricas e tamb\u00e9m evid\u00eancia emp\u00edrica resultante de um trabalho de campo recente na \u00c1frica ocidental bem assim como uma grande variedade de materiais sobre as antigas sociedades do Oriente Pr\u00f3ximo.<\/em><\/p>\n<h5>Educa\u00e7\u00e3o Infantil &#8211; Teorias e pr\u00e1ticas para uma proposta pedag\u00f3gica<\/h5>\n<p><strong>ISBN:<\/strong> 9788532643964<br \/>\n328 p\u00e1ginas<br \/>\n<strong>Pre\u00e7o:<\/strong> R$ 45,00<br \/>\n<strong>autor:<\/strong> Sonia Nunes Ayres<br \/>\n<strong>Peso:<\/strong> 454 gramas<br \/>\n1\u00aa edi\u00e7\u00e3o<br \/>\n<strong>Assunto:<\/strong> Educa\u00e7\u00e3o e pedagogia<\/p>\n<p><em>De um modo geral, o problema da defasagem na aprendizagem escolar come\u00e7a a apresentar sintomas j\u00e1 na fase da Educa\u00e7\u00e3o Infantil. Esta \u00e9 a fase mais importante para se produzir um trabalho eficiente e preventivo dando maior assist\u00eancia \u00e0 crian\u00e7a e \u00e0 equipe, preparando a crian\u00e7a para que ela possa atingir o desenvolvimento biopsicossocial desej\u00e1vel para esta faixa et\u00e1ria, antes de ingressar na classe de alfabetiza\u00e7\u00e3o.<\/em><\/p>\n<h5>Educar pode ser F\u00e1cil<\/h5>\n<p><strong>ISBN:<\/strong> 9788532644053<br \/>\n64 p\u00e1ginas<br \/>\n<strong>Pre\u00e7o:<\/strong> R$ 15,00<br \/>\n<strong>autor:<\/strong> Fabiana Jurca Dadas<br \/>\n<strong>Peso:<\/strong> 82 gramas<br \/>\n1\u00aa edi\u00e7\u00e3o<br \/>\n<strong>Assunto:<\/strong> Educa\u00e7\u00e3o e pedagogia<\/p>\n<p><em>Nesse livro, a autora procurou reunir informa\u00e7\u00f5es norteadoras na arte de educar. Porque assim como a arte, a educa\u00e7\u00e3o necessita de sensibilidade, amor, dedica\u00e7\u00e3o, criatividade, demanda tempo e o produto final est\u00e1 sempre sujeito a observa\u00e7\u00f5es e cr\u00edticas, por vezes, positivas e, em outras, negativas. \u00c9 um caminho de ida sem volta e esta obra quer acompanh\u00e1-lo nessa estrada. O primeiro convite \u00e9 deixar as bagagens (culpas) de lado!<\/em><\/p>\n","protected":false},"excerpt":{"rendered":"<p>Editora Vozes<\/p>\n","protected":false},"author":1,"featured_media":213357,"comment_status":"closed","ping_status":"open","sticky":false,"template":"","format":"standard","meta":[],"categories":[1],"tags":[238],"acf":[],"yoast_head":"<!-- This site is optimized with the Yoast SEO plugin v19.2 - https:\/\/yoast.com\/wordpress\/plugins\/seo\/ -->\n<title>\u201cInicia\u00e7\u00e3o na f\u00e9&quot; entre os lan\u00e7amentos - Not\u00edcias - Franciscanos<\/title>\n<meta name=\"robots\" content=\"index, follow, max-snippet:-1, max-image-preview:large, max-video-preview:-1\" \/>\n<link rel=\"canonical\" href=\"https:\/\/franciscanos.org.br\/noticias\/iniciacao-na-fe-entre-os-lancamentos.html\" \/>\n<meta property=\"og:locale\" content=\"pt_BR\" \/>\n<meta property=\"og:type\" content=\"article\" \/>\n<meta property=\"og:title\" content=\"\u201cInicia\u00e7\u00e3o na f\u00e9&quot; entre os lan\u00e7amentos - Not\u00edcias - Franciscanos\" \/>\n<meta property=\"og:description\" content=\"Editora Vozes\" \/>\n<meta property=\"og:url\" content=\"https:\/\/franciscanos.org.br\/noticias\/iniciacao-na-fe-entre-os-lancamentos.html\" \/>\n<meta property=\"og:site_name\" content=\"Not\u00edcias - Franciscanos\" \/>\n<meta property=\"article:published_time\" content=\"2012-10-01T15:51:52+00:00\" \/>\n<meta property=\"article:modified_time\" content=\"2019-11-01T15:03:18+00:00\" \/>\n<meta property=\"og:image\" content=\"https:\/\/franciscanos.org.br\/noticias\/wp-content\/uploads\/2012\/10\/3623_011012.jpg\" \/>\n\t<meta property=\"og:image:width\" content=\"273\" \/>\n\t<meta property=\"og:image:height\" content=\"181\" \/>\n\t<meta property=\"og:image:type\" content=\"image\/jpeg\" \/>\n<meta name=\"author\" content=\"admin\" \/>\n<meta name=\"twitter:card\" content=\"summary_large_image\" \/>\n<meta name=\"twitter:label1\" content=\"Escrito por\" \/>\n\t<meta name=\"twitter:data1\" content=\"admin\" \/>\n\t<meta name=\"twitter:label2\" content=\"Est. tempo de leitura\" \/>\n\t<meta name=\"twitter:data2\" content=\"4 minutos\" \/>\n<script type=\"application\/ld+json\" class=\"yoast-schema-graph\">{\"@context\":\"https:\/\/schema.org\",\"@graph\":[{\"@type\":\"WebSite\",\"@id\":\"https:\/\/franciscanos.org.br\/noticias\/#website\",\"url\":\"https:\/\/franciscanos.org.br\/noticias\/\",\"name\":\"Not\u00edcias - Franciscanos\",\"description\":\"Prov\u00edncia Franciscana da Imaculada Concei\u00e7\u00e3o do Brasil - Ordem dos Frades Menores - OFM\",\"potentialAction\":[{\"@type\":\"SearchAction\",\"target\":{\"@type\":\"EntryPoint\",\"urlTemplate\":\"https:\/\/franciscanos.org.br\/noticias\/?s={search_term_string}\"},\"query-input\":\"required name=search_term_string\"}],\"inLanguage\":\"pt-BR\"},{\"@type\":\"ImageObject\",\"inLanguage\":\"pt-BR\",\"@id\":\"https:\/\/franciscanos.org.br\/noticias\/iniciacao-na-fe-entre-os-lancamentos.html#primaryimage\",\"url\":\"https:\/\/franciscanos.org.br\/noticias\/wp-content\/uploads\/2012\/10\/3623_011012.jpg\",\"contentUrl\":\"https:\/\/franciscanos.org.br\/noticias\/wp-content\/uploads\/2012\/10\/3623_011012.jpg\",\"width\":273,\"height\":181},{\"@type\":\"WebPage\",\"@id\":\"https:\/\/franciscanos.org.br\/noticias\/iniciacao-na-fe-entre-os-lancamentos.html#webpage\",\"url\":\"https:\/\/franciscanos.org.br\/noticias\/iniciacao-na-fe-entre-os-lancamentos.html\",\"name\":\"\u201cInicia\u00e7\u00e3o na f\u00e9\\\" entre os lan\u00e7amentos - Not\u00edcias - Franciscanos\",\"isPartOf\":{\"@id\":\"https:\/\/franciscanos.org.br\/noticias\/#website\"},\"primaryImageOfPage\":{\"@id\":\"https:\/\/franciscanos.org.br\/noticias\/iniciacao-na-fe-entre-os-lancamentos.html#primaryimage\"},\"datePublished\":\"2012-10-01T15:51:52+00:00\",\"dateModified\":\"2019-11-01T15:03:18+00:00\",\"author\":{\"@id\":\"https:\/\/franciscanos.org.br\/noticias\/#\/schema\/person\/b38fbf43118f02820bd932f2e4b14ad3\"},\"breadcrumb\":{\"@id\":\"https:\/\/franciscanos.org.br\/noticias\/iniciacao-na-fe-entre-os-lancamentos.html#breadcrumb\"},\"inLanguage\":\"pt-BR\",\"potentialAction\":[{\"@type\":\"ReadAction\",\"target\":[\"https:\/\/franciscanos.org.br\/noticias\/iniciacao-na-fe-entre-os-lancamentos.html\"]}]},{\"@type\":\"BreadcrumbList\",\"@id\":\"https:\/\/franciscanos.org.br\/noticias\/iniciacao-na-fe-entre-os-lancamentos.html#breadcrumb\",\"itemListElement\":[{\"@type\":\"ListItem\",\"position\":1,\"name\":\"Home\",\"item\":\"https:\/\/franciscanos.org.br\/noticias\"},{\"@type\":\"ListItem\",\"position\":2,\"name\":\"\u201cInicia\u00e7\u00e3o na f\u00e9&#8221; entre os lan\u00e7amentos\"}]},{\"@type\":\"Person\",\"@id\":\"https:\/\/franciscanos.org.br\/noticias\/#\/schema\/person\/b38fbf43118f02820bd932f2e4b14ad3\",\"name\":\"admin\",\"image\":{\"@type\":\"ImageObject\",\"inLanguage\":\"pt-BR\",\"@id\":\"https:\/\/franciscanos.org.br\/noticias\/#\/schema\/person\/image\/\",\"url\":\"https:\/\/secure.gravatar.com\/avatar\/e8495742d34d0ba6448ea1c628263b3e?s=96&d=mm&r=g\",\"contentUrl\":\"https:\/\/secure.gravatar.com\/avatar\/e8495742d34d0ba6448ea1c628263b3e?s=96&d=mm&r=g\",\"caption\":\"admin\"},\"url\":\"https:\/\/franciscanos.org.br\/noticias\/author\/admin\"}]}<\/script>\n<!-- \/ Yoast SEO plugin. -->","yoast_head_json":{"title":"\u201cInicia\u00e7\u00e3o na f\u00e9\" entre os lan\u00e7amentos - Not\u00edcias - Franciscanos","robots":{"index":"index","follow":"follow","max-snippet":"max-snippet:-1","max-image-preview":"max-image-preview:large","max-video-preview":"max-video-preview:-1"},"canonical":"https:\/\/franciscanos.org.br\/noticias\/iniciacao-na-fe-entre-os-lancamentos.html","og_locale":"pt_BR","og_type":"article","og_title":"\u201cInicia\u00e7\u00e3o na f\u00e9\" entre os lan\u00e7amentos - Not\u00edcias - Franciscanos","og_description":"Editora Vozes","og_url":"https:\/\/franciscanos.org.br\/noticias\/iniciacao-na-fe-entre-os-lancamentos.html","og_site_name":"Not\u00edcias - Franciscanos","article_published_time":"2012-10-01T15:51:52+00:00","article_modified_time":"2019-11-01T15:03:18+00:00","og_image":[{"width":273,"height":181,"url":"https:\/\/franciscanos.org.br\/noticias\/wp-content\/uploads\/2012\/10\/3623_011012.jpg","type":"image\/jpeg"}],"author":"admin","twitter_card":"summary_large_image","twitter_misc":{"Escrito por":"admin","Est. tempo de leitura":"4 minutos"},"schema":{"@context":"https:\/\/schema.org","@graph":[{"@type":"WebSite","@id":"https:\/\/franciscanos.org.br\/noticias\/#website","url":"https:\/\/franciscanos.org.br\/noticias\/","name":"Not\u00edcias - Franciscanos","description":"Prov\u00edncia Franciscana da Imaculada Concei\u00e7\u00e3o do Brasil - Ordem dos Frades Menores - OFM","potentialAction":[{"@type":"SearchAction","target":{"@type":"EntryPoint","urlTemplate":"https:\/\/franciscanos.org.br\/noticias\/?s={search_term_string}"},"query-input":"required name=search_term_string"}],"inLanguage":"pt-BR"},{"@type":"ImageObject","inLanguage":"pt-BR","@id":"https:\/\/franciscanos.org.br\/noticias\/iniciacao-na-fe-entre-os-lancamentos.html#primaryimage","url":"https:\/\/franciscanos.org.br\/noticias\/wp-content\/uploads\/2012\/10\/3623_011012.jpg","contentUrl":"https:\/\/franciscanos.org.br\/noticias\/wp-content\/uploads\/2012\/10\/3623_011012.jpg","width":273,"height":181},{"@type":"WebPage","@id":"https:\/\/franciscanos.org.br\/noticias\/iniciacao-na-fe-entre-os-lancamentos.html#webpage","url":"https:\/\/franciscanos.org.br\/noticias\/iniciacao-na-fe-entre-os-lancamentos.html","name":"\u201cInicia\u00e7\u00e3o na f\u00e9\" entre os lan\u00e7amentos - Not\u00edcias - Franciscanos","isPartOf":{"@id":"https:\/\/franciscanos.org.br\/noticias\/#website"},"primaryImageOfPage":{"@id":"https:\/\/franciscanos.org.br\/noticias\/iniciacao-na-fe-entre-os-lancamentos.html#primaryimage"},"datePublished":"2012-10-01T15:51:52+00:00","dateModified":"2019-11-01T15:03:18+00:00","author":{"@id":"https:\/\/franciscanos.org.br\/noticias\/#\/schema\/person\/b38fbf43118f02820bd932f2e4b14ad3"},"breadcrumb":{"@id":"https:\/\/franciscanos.org.br\/noticias\/iniciacao-na-fe-entre-os-lancamentos.html#breadcrumb"},"inLanguage":"pt-BR","potentialAction":[{"@type":"ReadAction","target":["https:\/\/franciscanos.org.br\/noticias\/iniciacao-na-fe-entre-os-lancamentos.html"]}]},{"@type":"BreadcrumbList","@id":"https:\/\/franciscanos.org.br\/noticias\/iniciacao-na-fe-entre-os-lancamentos.html#breadcrumb","itemListElement":[{"@type":"ListItem","position":1,"name":"Home","item":"https:\/\/franciscanos.org.br\/noticias"},{"@type":"ListItem","position":2,"name":"\u201cInicia\u00e7\u00e3o na f\u00e9&#8221; entre os lan\u00e7amentos"}]},{"@type":"Person","@id":"https:\/\/franciscanos.org.br\/noticias\/#\/schema\/person\/b38fbf43118f02820bd932f2e4b14ad3","name":"admin","image":{"@type":"ImageObject","inLanguage":"pt-BR","@id":"https:\/\/franciscanos.org.br\/noticias\/#\/schema\/person\/image\/","url":"https:\/\/secure.gravatar.com\/avatar\/e8495742d34d0ba6448ea1c628263b3e?s=96&d=mm&r=g","contentUrl":"https:\/\/secure.gravatar.com\/avatar\/e8495742d34d0ba6448ea1c628263b3e?s=96&d=mm&r=g","caption":"admin"},"url":"https:\/\/franciscanos.org.br\/noticias\/author\/admin"}]}},"_links":{"self":[{"href":"https:\/\/franciscanos.org.br\/noticias\/wp-json\/wp\/v2\/posts\/25076"}],"collection":[{"href":"https:\/\/franciscanos.org.br\/noticias\/wp-json\/wp\/v2\/posts"}],"about":[{"href":"https:\/\/franciscanos.org.br\/noticias\/wp-json\/wp\/v2\/types\/post"}],"author":[{"embeddable":true,"href":"https:\/\/franciscanos.org.br\/noticias\/wp-json\/wp\/v2\/users\/1"}],"replies":[{"embeddable":true,"href":"https:\/\/franciscanos.org.br\/noticias\/wp-json\/wp\/v2\/comments?post=25076"}],"version-history":[{"count":0,"href":"https:\/\/franciscanos.org.br\/noticias\/wp-json\/wp\/v2\/posts\/25076\/revisions"}],"wp:featuredmedia":[{"embeddable":true,"href":"https:\/\/franciscanos.org.br\/noticias\/wp-json\/wp\/v2\/media\/213357"}],"wp:attachment":[{"href":"https:\/\/franciscanos.org.br\/noticias\/wp-json\/wp\/v2\/media?parent=25076"}],"wp:term":[{"taxonomy":"category","embeddable":true,"href":"https:\/\/franciscanos.org.br\/noticias\/wp-json\/wp\/v2\/categories?post=25076"},{"taxonomy":"post_tag","embeddable":true,"href":"https:\/\/franciscanos.org.br\/noticias\/wp-json\/wp\/v2\/tags?post=25076"}],"curies":[{"name":"wp","href":"https:\/\/api.w.org\/{rel}","templated":true}]}}