{"id":250723,"date":"2024-09-11T16:19:07","date_gmt":"2024-09-11T19:19:07","guid":{"rendered":"https:\/\/franciscanos.org.br\/noticias\/?p=250723"},"modified":"2024-09-17T12:29:58","modified_gmt":"2024-09-17T15:29:58","slug":"familia-franciscana-do-rio-celebra-800-anos-das-chagas-de-sao-francisco","status":"publish","type":"post","link":"https:\/\/franciscanos.org.br\/noticias\/familia-franciscana-do-rio-celebra-800-anos-das-chagas-de-sao-francisco.html","title":{"rendered":"Fam\u00edlia Franciscana do Rio celebra 800 anos das Chagas de S\u00e3o Francisco"},"content":{"rendered":"<p><img loading=\"lazy\" class=\"size-medium wp-image-250724 alignleft\" src=\"https:\/\/franciscanos.org.br\/noticias\/wp-content\/uploads\/2024\/09\/Imagem-do-WhatsApp-de-2024-09-11-as-15.08.30_cdecc553-338x450.jpg\" alt=\"\" width=\"338\" height=\"450\" srcset=\"https:\/\/franciscanos.org.br\/noticias\/wp-content\/uploads\/2024\/09\/Imagem-do-WhatsApp-de-2024-09-11-as-15.08.30_cdecc553-338x450.jpg 338w, https:\/\/franciscanos.org.br\/noticias\/wp-content\/uploads\/2024\/09\/Imagem-do-WhatsApp-de-2024-09-11-as-15.08.30_cdecc553-768x1024.jpg 768w, https:\/\/franciscanos.org.br\/noticias\/wp-content\/uploads\/2024\/09\/Imagem-do-WhatsApp-de-2024-09-11-as-15.08.30_cdecc553-1152x1536.jpg 1152w, https:\/\/franciscanos.org.br\/noticias\/wp-content\/uploads\/2024\/09\/Imagem-do-WhatsApp-de-2024-09-11-as-15.08.30_cdecc553-150x200.jpg 150w, https:\/\/franciscanos.org.br\/noticias\/wp-content\/uploads\/2024\/09\/Imagem-do-WhatsApp-de-2024-09-11-as-15.08.30_cdecc553.jpg 810w\" sizes=\"(max-width: 338px) 100vw, 338px\" \/>No pr\u00f3ximo dia 17 de setembro, a Igreja, em especial a Fam\u00edlia Franciscana, celebra os 800 anos de um epis\u00f3dio m\u00edstico fundamental na vida de S\u00e3o Francisco. Dois anos antes de sua morte, em 1224, no alto do Monte Alverne, distante cerca de 160 km de Assis, num per\u00edodo de profundo recolhimento e ora\u00e7\u00e3o, Francisco recebe, no pr\u00f3prio corpo, as cinco chagas do Cristo na cruz: nas m\u00e3os, nos p\u00e9s e no lado. Este epis\u00f3dio ficou conhecido como a Estigmatiza\u00e7\u00e3o de Francisco e, decorrente dele, nasceu a devo\u00e7\u00e3o a S\u00e3o Francisco das Chagas. Para marcar este Jubileu especial, a Fam\u00edlia Franciscana da Capital do Rio de Janeiro se uniu para a realiza\u00e7\u00e3o de um evento comemorativo, marcado por diversas celebra\u00e7\u00f5es e atividades, presenciais e <em>on-line<\/em>, para as quais todos est\u00e3o convidados.<\/p>\n<p>A jornada come\u00e7a no dia 13 de setembro, sexta-feira, com a Edi\u00e7\u00e3o especial de Santo Ant\u00f4nio <em>IN LIVE<\/em>, direto do Convento Santo Ant\u00f4nio, no Largo da Carioca, a partir das 20h30, transmitida pelos canais do Convento na internet (Facebook e YouTube). Este evento ser\u00e1 exclusivamente <em>on-line<\/em>.<\/p>\n<p>No dia 14 de setembro, s\u00e1bado, na Igreja de S\u00e3o Francisco da Penit\u00eancia,\u00a0 ser\u00e1 realizada a <em>Manh\u00e3 Franciscana, <\/em>em comemora\u00e7\u00e3o aos 800 anos dos Estigmas de S\u00e3o Francisco. Come\u00e7ar\u00e1 \u00e0s 8h30, com um caf\u00e9 da manh\u00e3 partilhado. Todos que v\u00eam participar s\u00e3o convidados a trazer algo para ser posto em comum. Haver\u00e1 ainda Ora\u00e7\u00e3o das <em>Laudes<\/em>, seguida por um momento de espiritualidade sobre os estigmas. O interior da Igreja, constru\u00edda em honra a S\u00e3o Francisco das Chagas, \u00e9 um dos cart\u00f5es postais mais bonitos do Rio de Janeiro.<\/p>\n<p>No mesmo dia, \u00e0 19h, na Par\u00f3quia S\u00e3o Francisco de Assis, no Rio Comprido, coordenada pelos Frades Menores Conventuais (OFMConv), ser\u00e1 celebrada a missa de abertura do Tr\u00edduo Comemorativo, que tem como lema \u201cDas feridas \u00e0 vida nova: trago em mim as marcas do Crucificado (Gl 6,7)\u201d. O tema deste primeiro dia ser\u00e1 \u201cUma f\u00e9 verdadeira diante do mist\u00e9rio da Cruz\u201d. A Par\u00f3quia S\u00e3o Francisco do Rio Comprido fica \u00e0 Rua Caetano Martins, 42. Acompanhando cada dia do Tr\u00edduo estar\u00e3o a rel\u00edquia de S\u00e3o Francisco e um Fragmento do Santo Lenho da Cruz.<\/p>\n<p>No dia 15 de setembro, domingo, \u00e0s 18h30, a celebra\u00e7\u00e3o eucar\u00edstica ser\u00e1 \u00e0s 18h30, na Bas\u00edlica Santu\u00e1rio S\u00e3o Sebasti\u00e3o, dos Frades Capuchinhos (OFMCap), na Tijuca. O tema deste segundo dia do tr\u00edduo ser\u00e1 \u201cUma esperan\u00e7a firme que cura os cora\u00e7\u00f5es feridos\u201d. A Igreja de S\u00e3o Sebasti\u00e3o fica \u00e0 Rua Haddock Lobo, 266, na Tijuca.<\/p>\n<p>Na segunda-feira, dia 16 de setembro, \u00e0s 18h, a celebra\u00e7\u00e3o ser\u00e1 no Convento Santo Ant\u00f4nio, no Largo da Carioca, com o tema \u201cUm amor perfeito que deixa marcas\u201d. No mesmo complexo do Largo da Carioca, no Centro do Rio de Janeiro, est\u00e3o o Convento Santo Ant\u00f4nio, da Ordem dos Frades Menores (OFM) e duas Fraternidades da Ordem Franciscana Secular: a de Santo Ant\u00f4nio e a de S\u00e3o Francisco da Penit\u00eancia, respons\u00e1vel pelo complexo hist\u00f3rico ao lado do Convento.<\/p>\n<p>No dia 17 de setembro, ter\u00e7a-feira, Festa das Chagas, na Igreja de S\u00e3o Francisco da Penit\u00eancia, no Largo da Carioca, com apresenta\u00e7\u00e3o de Coral, \u00e0s 12h e, \u00e0s 15h, Missa Solene das Chagas de S\u00e3o Francisco, reunindo toda a Fam\u00edlia Franciscana.<\/p>\n\n\t\t<style type=\"text\/css\">\n\t\t\t#gallery-1 {\n\t\t\t\tmargin: auto;\n\t\t\t}\n\t\t\t#gallery-1 .gallery-item {\n\t\t\t\tfloat: left;\n\t\t\t\tmargin-top: 10px;\n\t\t\t\ttext-align: center;\n\t\t\t\twidth: 50%;\n\t\t\t}\n\t\t\t#gallery-1 img {\n\t\t\t\tborder: 2px solid #cfcfcf;\n\t\t\t}\n\t\t\t#gallery-1 .gallery-caption {\n\t\t\t\tmargin-left: 0;\n\t\t\t}\n\t\t\t\/* see gallery_shortcode() in wp-includes\/media.php *\/\n\t\t<\/style>\n\t\t<div id='gallery-1' class='gallery galleryid-250723 gallery-columns-2 gallery-size-thumbnail'><dl class='gallery-item'>\n\t\t\t<dt class='gallery-icon portrait'>\n\t\t\t\t<a href='https:\/\/franciscanos.org.br\/noticias\/wp-content\/uploads\/2024\/09\/Imagem-do-WhatsApp-de-2024-09-11-as-15.08.42_b93d17b4.jpg'><img width=\"300\" height=\"300\" src=\"https:\/\/franciscanos.org.br\/noticias\/wp-content\/uploads\/2024\/09\/Imagem-do-WhatsApp-de-2024-09-11-as-15.08.42_b93d17b4-300x300.jpg\" class=\"attachment-thumbnail size-thumbnail\" alt=\"\" loading=\"lazy\" srcset=\"https:\/\/franciscanos.org.br\/noticias\/wp-content\/uploads\/2024\/09\/Imagem-do-WhatsApp-de-2024-09-11-as-15.08.42_b93d17b4-300x300.jpg 300w, https:\/\/franciscanos.org.br\/noticias\/wp-content\/uploads\/2024\/09\/Imagem-do-WhatsApp-de-2024-09-11-as-15.08.42_b93d17b4-100x100.jpg 100w\" sizes=\"(max-width: 300px) 100vw, 300px\" \/><\/a>\n\t\t\t<\/dt><\/dl><dl class='gallery-item'>\n\t\t\t<dt class='gallery-icon portrait'>\n\t\t\t\t<a href='https:\/\/franciscanos.org.br\/noticias\/wp-content\/uploads\/2024\/09\/Imagem-do-WhatsApp-de-2024-09-11-as-15.08.30_bebc820f-1.jpg'><img width=\"300\" height=\"300\" src=\"https:\/\/franciscanos.org.br\/noticias\/wp-content\/uploads\/2024\/09\/Imagem-do-WhatsApp-de-2024-09-11-as-15.08.30_bebc820f-1-300x300.jpg\" class=\"attachment-thumbnail size-thumbnail\" alt=\"\" loading=\"lazy\" srcset=\"https:\/\/franciscanos.org.br\/noticias\/wp-content\/uploads\/2024\/09\/Imagem-do-WhatsApp-de-2024-09-11-as-15.08.30_bebc820f-1-300x300.jpg 300w, https:\/\/franciscanos.org.br\/noticias\/wp-content\/uploads\/2024\/09\/Imagem-do-WhatsApp-de-2024-09-11-as-15.08.30_bebc820f-1-100x100.jpg 100w\" sizes=\"(max-width: 300px) 100vw, 300px\" \/><\/a>\n\t\t\t<\/dt><\/dl><br style=\"clear: both\" \/>\n\t\t<\/div>\n\n<hr \/>\n<p>Equipe de comunica\u00e7\u00e3o Convento Santo Ant\u00f4nio do Largo da Carioca<\/p>\n","protected":false},"excerpt":{"rendered":"<p>Celebra\u00e7\u00e3o das Chagas ser\u00e1 no dia 17 de setembro<\/p>\n","protected":false},"author":10,"featured_media":250731,"comment_status":"open","ping_status":"open","sticky":false,"template":"","format":"standard","meta":[],"categories":[1],"tags":[444,401,356],"acf":[],"yoast_head":"<!-- This site is optimized with the Yoast SEO plugin v19.2 - https:\/\/yoast.com\/wordpress\/plugins\/seo\/ -->\n<title>Fam\u00edlia Franciscana do Rio celebra 800 anos das Chagas de S\u00e3o Francisco - Not\u00edcias - Franciscanos<\/title>\n<meta name=\"robots\" content=\"index, follow, max-snippet:-1, max-image-preview:large, max-video-preview:-1\" \/>\n<link rel=\"canonical\" href=\"https:\/\/franciscanos.org.br\/noticias\/familia-franciscana-do-rio-celebra-800-anos-das-chagas-de-sao-francisco.html\" \/>\n<meta property=\"og:locale\" content=\"pt_BR\" \/>\n<meta property=\"og:type\" content=\"article\" \/>\n<meta property=\"og:title\" content=\"Fam\u00edlia Franciscana do Rio celebra 800 anos das Chagas de S\u00e3o Francisco - Not\u00edcias - Franciscanos\" \/>\n<meta property=\"og:description\" content=\"Celebra\u00e7\u00e3o das Chagas ser\u00e1 no dia 17 de setembro\" \/>\n<meta property=\"og:url\" content=\"https:\/\/franciscanos.org.br\/noticias\/familia-franciscana-do-rio-celebra-800-anos-das-chagas-de-sao-francisco.html\" \/>\n<meta property=\"og:site_name\" content=\"Not\u00edcias - Franciscanos\" \/>\n<meta property=\"article:published_time\" content=\"2024-09-11T19:19:07+00:00\" \/>\n<meta property=\"article:modified_time\" content=\"2024-09-17T15:29:58+00:00\" \/>\n<meta property=\"og:image\" content=\"https:\/\/franciscanos.org.br\/noticias\/wp-content\/uploads\/2024\/09\/Design-sem-nome.jpg\" \/>\n\t<meta property=\"og:image:width\" content=\"1080\" \/>\n\t<meta property=\"og:image:height\" content=\"1080\" \/>\n\t<meta property=\"og:image:type\" content=\"image\/jpeg\" \/>\n<meta name=\"author\" content=\"Jo\u00e3o Vitor\" \/>\n<meta name=\"twitter:card\" content=\"summary_large_image\" \/>\n<meta name=\"twitter:label1\" content=\"Escrito por\" \/>\n\t<meta name=\"twitter:data1\" content=\"Jo\u00e3o Vitor\" \/>\n\t<meta name=\"twitter:label2\" content=\"Est. tempo de leitura\" \/>\n\t<meta name=\"twitter:data2\" content=\"3 minutos\" \/>\n<script type=\"application\/ld+json\" class=\"yoast-schema-graph\">{\"@context\":\"https:\/\/schema.org\",\"@graph\":[{\"@type\":\"WebSite\",\"@id\":\"https:\/\/franciscanos.org.br\/noticias\/#website\",\"url\":\"https:\/\/franciscanos.org.br\/noticias\/\",\"name\":\"Not\u00edcias - Franciscanos\",\"description\":\"Prov\u00edncia Franciscana da Imaculada Concei\u00e7\u00e3o do Brasil - Ordem dos Frades Menores - OFM\",\"potentialAction\":[{\"@type\":\"SearchAction\",\"target\":{\"@type\":\"EntryPoint\",\"urlTemplate\":\"https:\/\/franciscanos.org.br\/noticias\/?s={search_term_string}\"},\"query-input\":\"required name=search_term_string\"}],\"inLanguage\":\"pt-BR\"},{\"@type\":\"ImageObject\",\"inLanguage\":\"pt-BR\",\"@id\":\"https:\/\/franciscanos.org.br\/noticias\/familia-franciscana-do-rio-celebra-800-anos-das-chagas-de-sao-francisco.html#primaryimage\",\"url\":\"https:\/\/franciscanos.org.br\/noticias\/wp-content\/uploads\/2024\/09\/Design-sem-nome.jpg\",\"contentUrl\":\"https:\/\/franciscanos.org.br\/noticias\/wp-content\/uploads\/2024\/09\/Design-sem-nome.jpg\",\"width\":1080,\"height\":1080},{\"@type\":\"WebPage\",\"@id\":\"https:\/\/franciscanos.org.br\/noticias\/familia-franciscana-do-rio-celebra-800-anos-das-chagas-de-sao-francisco.html#webpage\",\"url\":\"https:\/\/franciscanos.org.br\/noticias\/familia-franciscana-do-rio-celebra-800-anos-das-chagas-de-sao-francisco.html\",\"name\":\"Fam\u00edlia Franciscana do Rio celebra 800 anos das Chagas de S\u00e3o Francisco - Not\u00edcias - Franciscanos\",\"isPartOf\":{\"@id\":\"https:\/\/franciscanos.org.br\/noticias\/#website\"},\"primaryImageOfPage\":{\"@id\":\"https:\/\/franciscanos.org.br\/noticias\/familia-franciscana-do-rio-celebra-800-anos-das-chagas-de-sao-francisco.html#primaryimage\"},\"datePublished\":\"2024-09-11T19:19:07+00:00\",\"dateModified\":\"2024-09-17T15:29:58+00:00\",\"author\":{\"@id\":\"https:\/\/franciscanos.org.br\/noticias\/#\/schema\/person\/8c11f06a466b856a11dd48d20600055f\"},\"breadcrumb\":{\"@id\":\"https:\/\/franciscanos.org.br\/noticias\/familia-franciscana-do-rio-celebra-800-anos-das-chagas-de-sao-francisco.html#breadcrumb\"},\"inLanguage\":\"pt-BR\",\"potentialAction\":[{\"@type\":\"ReadAction\",\"target\":[\"https:\/\/franciscanos.org.br\/noticias\/familia-franciscana-do-rio-celebra-800-anos-das-chagas-de-sao-francisco.html\"]}]},{\"@type\":\"BreadcrumbList\",\"@id\":\"https:\/\/franciscanos.org.br\/noticias\/familia-franciscana-do-rio-celebra-800-anos-das-chagas-de-sao-francisco.html#breadcrumb\",\"itemListElement\":[{\"@type\":\"ListItem\",\"position\":1,\"name\":\"Home\",\"item\":\"https:\/\/franciscanos.org.br\/noticias\"},{\"@type\":\"ListItem\",\"position\":2,\"name\":\"Fam\u00edlia Franciscana do Rio celebra 800 anos das Chagas de S\u00e3o Francisco\"}]},{\"@type\":\"Person\",\"@id\":\"https:\/\/franciscanos.org.br\/noticias\/#\/schema\/person\/8c11f06a466b856a11dd48d20600055f\",\"name\":\"Jo\u00e3o Vitor\",\"image\":{\"@type\":\"ImageObject\",\"inLanguage\":\"pt-BR\",\"@id\":\"https:\/\/franciscanos.org.br\/noticias\/#\/schema\/person\/image\/\",\"url\":\"https:\/\/secure.gravatar.com\/avatar\/10ba5c9713e0c323617b4309a19e3a46?s=96&d=mm&r=g\",\"contentUrl\":\"https:\/\/secure.gravatar.com\/avatar\/10ba5c9713e0c323617b4309a19e3a46?s=96&d=mm&r=g\",\"caption\":\"Jo\u00e3o Vitor\"},\"url\":\"https:\/\/franciscanos.org.br\/noticias\/author\/joaovitor\"}]}<\/script>\n<!-- \/ Yoast SEO plugin. -->","yoast_head_json":{"title":"Fam\u00edlia Franciscana do Rio celebra 800 anos das Chagas de S\u00e3o Francisco - Not\u00edcias - Franciscanos","robots":{"index":"index","follow":"follow","max-snippet":"max-snippet:-1","max-image-preview":"max-image-preview:large","max-video-preview":"max-video-preview:-1"},"canonical":"https:\/\/franciscanos.org.br\/noticias\/familia-franciscana-do-rio-celebra-800-anos-das-chagas-de-sao-francisco.html","og_locale":"pt_BR","og_type":"article","og_title":"Fam\u00edlia Franciscana do Rio celebra 800 anos das Chagas de S\u00e3o Francisco - Not\u00edcias - Franciscanos","og_description":"Celebra\u00e7\u00e3o das Chagas ser\u00e1 no dia 17 de setembro","og_url":"https:\/\/franciscanos.org.br\/noticias\/familia-franciscana-do-rio-celebra-800-anos-das-chagas-de-sao-francisco.html","og_site_name":"Not\u00edcias - Franciscanos","article_published_time":"2024-09-11T19:19:07+00:00","article_modified_time":"2024-09-17T15:29:58+00:00","og_image":[{"width":1080,"height":1080,"url":"https:\/\/franciscanos.org.br\/noticias\/wp-content\/uploads\/2024\/09\/Design-sem-nome.jpg","type":"image\/jpeg"}],"author":"Jo\u00e3o Vitor","twitter_card":"summary_large_image","twitter_misc":{"Escrito por":"Jo\u00e3o Vitor","Est. tempo de leitura":"3 minutos"},"schema":{"@context":"https:\/\/schema.org","@graph":[{"@type":"WebSite","@id":"https:\/\/franciscanos.org.br\/noticias\/#website","url":"https:\/\/franciscanos.org.br\/noticias\/","name":"Not\u00edcias - Franciscanos","description":"Prov\u00edncia Franciscana da Imaculada Concei\u00e7\u00e3o do Brasil - Ordem dos Frades Menores - OFM","potentialAction":[{"@type":"SearchAction","target":{"@type":"EntryPoint","urlTemplate":"https:\/\/franciscanos.org.br\/noticias\/?s={search_term_string}"},"query-input":"required name=search_term_string"}],"inLanguage":"pt-BR"},{"@type":"ImageObject","inLanguage":"pt-BR","@id":"https:\/\/franciscanos.org.br\/noticias\/familia-franciscana-do-rio-celebra-800-anos-das-chagas-de-sao-francisco.html#primaryimage","url":"https:\/\/franciscanos.org.br\/noticias\/wp-content\/uploads\/2024\/09\/Design-sem-nome.jpg","contentUrl":"https:\/\/franciscanos.org.br\/noticias\/wp-content\/uploads\/2024\/09\/Design-sem-nome.jpg","width":1080,"height":1080},{"@type":"WebPage","@id":"https:\/\/franciscanos.org.br\/noticias\/familia-franciscana-do-rio-celebra-800-anos-das-chagas-de-sao-francisco.html#webpage","url":"https:\/\/franciscanos.org.br\/noticias\/familia-franciscana-do-rio-celebra-800-anos-das-chagas-de-sao-francisco.html","name":"Fam\u00edlia Franciscana do Rio celebra 800 anos das Chagas de S\u00e3o Francisco - Not\u00edcias - Franciscanos","isPartOf":{"@id":"https:\/\/franciscanos.org.br\/noticias\/#website"},"primaryImageOfPage":{"@id":"https:\/\/franciscanos.org.br\/noticias\/familia-franciscana-do-rio-celebra-800-anos-das-chagas-de-sao-francisco.html#primaryimage"},"datePublished":"2024-09-11T19:19:07+00:00","dateModified":"2024-09-17T15:29:58+00:00","author":{"@id":"https:\/\/franciscanos.org.br\/noticias\/#\/schema\/person\/8c11f06a466b856a11dd48d20600055f"},"breadcrumb":{"@id":"https:\/\/franciscanos.org.br\/noticias\/familia-franciscana-do-rio-celebra-800-anos-das-chagas-de-sao-francisco.html#breadcrumb"},"inLanguage":"pt-BR","potentialAction":[{"@type":"ReadAction","target":["https:\/\/franciscanos.org.br\/noticias\/familia-franciscana-do-rio-celebra-800-anos-das-chagas-de-sao-francisco.html"]}]},{"@type":"BreadcrumbList","@id":"https:\/\/franciscanos.org.br\/noticias\/familia-franciscana-do-rio-celebra-800-anos-das-chagas-de-sao-francisco.html#breadcrumb","itemListElement":[{"@type":"ListItem","position":1,"name":"Home","item":"https:\/\/franciscanos.org.br\/noticias"},{"@type":"ListItem","position":2,"name":"Fam\u00edlia Franciscana do Rio celebra 800 anos das Chagas de S\u00e3o Francisco"}]},{"@type":"Person","@id":"https:\/\/franciscanos.org.br\/noticias\/#\/schema\/person\/8c11f06a466b856a11dd48d20600055f","name":"Jo\u00e3o Vitor","image":{"@type":"ImageObject","inLanguage":"pt-BR","@id":"https:\/\/franciscanos.org.br\/noticias\/#\/schema\/person\/image\/","url":"https:\/\/secure.gravatar.com\/avatar\/10ba5c9713e0c323617b4309a19e3a46?s=96&d=mm&r=g","contentUrl":"https:\/\/secure.gravatar.com\/avatar\/10ba5c9713e0c323617b4309a19e3a46?s=96&d=mm&r=g","caption":"Jo\u00e3o Vitor"},"url":"https:\/\/franciscanos.org.br\/noticias\/author\/joaovitor"}]}},"_links":{"self":[{"href":"https:\/\/franciscanos.org.br\/noticias\/wp-json\/wp\/v2\/posts\/250723"}],"collection":[{"href":"https:\/\/franciscanos.org.br\/noticias\/wp-json\/wp\/v2\/posts"}],"about":[{"href":"https:\/\/franciscanos.org.br\/noticias\/wp-json\/wp\/v2\/types\/post"}],"author":[{"embeddable":true,"href":"https:\/\/franciscanos.org.br\/noticias\/wp-json\/wp\/v2\/users\/10"}],"replies":[{"embeddable":true,"href":"https:\/\/franciscanos.org.br\/noticias\/wp-json\/wp\/v2\/comments?post=250723"}],"version-history":[{"count":5,"href":"https:\/\/franciscanos.org.br\/noticias\/wp-json\/wp\/v2\/posts\/250723\/revisions"}],"predecessor-version":[{"id":250855,"href":"https:\/\/franciscanos.org.br\/noticias\/wp-json\/wp\/v2\/posts\/250723\/revisions\/250855"}],"wp:featuredmedia":[{"embeddable":true,"href":"https:\/\/franciscanos.org.br\/noticias\/wp-json\/wp\/v2\/media\/250731"}],"wp:attachment":[{"href":"https:\/\/franciscanos.org.br\/noticias\/wp-json\/wp\/v2\/media?parent=250723"}],"wp:term":[{"taxonomy":"category","embeddable":true,"href":"https:\/\/franciscanos.org.br\/noticias\/wp-json\/wp\/v2\/categories?post=250723"},{"taxonomy":"post_tag","embeddable":true,"href":"https:\/\/franciscanos.org.br\/noticias\/wp-json\/wp\/v2\/tags?post=250723"}],"curies":[{"name":"wp","href":"https:\/\/api.w.org\/{rel}","templated":true}]}}