{"id":250640,"date":"2024-09-09T09:04:24","date_gmt":"2024-09-09T12:04:24","guid":{"rendered":"https:\/\/franciscanos.org.br\/noticias\/?p=250640"},"modified":"2024-09-16T10:14:30","modified_gmt":"2024-09-16T13:14:30","slug":"nasce-a-integracao-de-assistencia-ofs-e-ofm-nao-nos-falte-a-profecia-e-a-alegria","status":"publish","type":"post","link":"https:\/\/franciscanos.org.br\/noticias\/nasce-a-integracao-de-assistencia-ofs-e-ofm-nao-nos-falte-a-profecia-e-a-alegria.html","title":{"rendered":"Nasce a Integra\u00e7\u00e3o de Assist\u00eancia OFS e OFM; \u201cN\u00e3o nos falte a profecia e a alegria\u201d"},"content":{"rendered":"<p><img loading=\"lazy\" class=\"alignnone wp-image-250641 size-full\" src=\"https:\/\/franciscanos.org.br\/noticias\/wp-content\/uploads\/2024\/09\/MATERIA-8.jpg\" alt=\"\" width=\"1280\" height=\"720\" srcset=\"https:\/\/franciscanos.org.br\/noticias\/wp-content\/uploads\/2024\/09\/MATERIA-8.jpg 1280w, https:\/\/franciscanos.org.br\/noticias\/wp-content\/uploads\/2024\/09\/MATERIA-8-450x253.jpg 450w, https:\/\/franciscanos.org.br\/noticias\/wp-content\/uploads\/2024\/09\/MATERIA-8-1024x576.jpg 1024w, https:\/\/franciscanos.org.br\/noticias\/wp-content\/uploads\/2024\/09\/MATERIA-8-768x432.jpg 768w, https:\/\/franciscanos.org.br\/noticias\/wp-content\/uploads\/2024\/09\/MATERIA-8-150x84.jpg 150w\" sizes=\"(max-width: 1280px) 100vw, 1280px\" \/><\/p>\n<p>\u201cN\u00e3o nos falte profecia e alegria para sermos franciscanos e franciscanas\u201d \u00e9 o pedido de Frei Paulo Roberto Pereira, Ministro provincial, no final do 1\u00ba Encontro da OFS e Assistentes da Prov\u00edncia neste domingo, 8. Durante a manh\u00e3 os participantes se reuniram para estabelecerem algumas diretrizes e firmarem compromisso com um projeto comum, constru\u00eddo a muitas m\u00e3os.<\/p>\n<p>A celebra\u00e7\u00e3o eucar\u00edstica no in\u00edcio do dia foi presidida pelo Frei Paulo Pereira, e em sua homilia provocou: \u201cnossa voca\u00e7\u00e3o franciscana \u00e9 essencialmente resposta \u00e0 Palavra do Senhor. Foi assim na vida de Francisco. Celebr\u00e1vamos no ano passado os 800 anos da Regra e o que \u00e9 a Regra de S\u00e3o Francisco se n\u00e3o o cumprimento do desejo de cumprir e ser fiel ao Evangelho de Nosso Senhor? A regra e a vida dos irm\u00e3os \u00e9 esta, viver o Evangelho. At\u00e9 aquele texto que n\u00e3o foi aprovado, \u00e9 recheado de cita\u00e7\u00f5es b\u00edblicas. \u00c9 a repeti\u00e7\u00e3o da Palavra. \u00c9 isso que eu quero: viver o Evangelho, ter uma intimidade com o Senhor e com a Sua Palavra, a mesma intimidade que ressalta no texto do Evangelho de S\u00e3o Marcos que n\u00f3s escutamos. Na verdade, a confirma\u00e7\u00e3o do car\u00e1ter messi\u00e2nico da miss\u00e3o de Jesus se d\u00e1 aqui. Aquilo que em Isa\u00edas era promessa, como n\u00f3s ouvimos hoje, em Jesus j\u00e1 \u00e9 realiza\u00e7\u00e3o\u201d<strong>.\u00a0<\/strong><\/p>\n\n\t\t<style type=\"text\/css\">\n\t\t\t#gallery-1 {\n\t\t\t\tmargin: auto;\n\t\t\t}\n\t\t\t#gallery-1 .gallery-item {\n\t\t\t\tfloat: left;\n\t\t\t\tmargin-top: 10px;\n\t\t\t\ttext-align: center;\n\t\t\t\twidth: 33%;\n\t\t\t}\n\t\t\t#gallery-1 img {\n\t\t\t\tborder: 2px solid #cfcfcf;\n\t\t\t}\n\t\t\t#gallery-1 .gallery-caption {\n\t\t\t\tmargin-left: 0;\n\t\t\t}\n\t\t\t\/* see gallery_shortcode() in wp-includes\/media.php *\/\n\t\t<\/style>\n\t\t<div id='gallery-1' class='gallery galleryid-250640 gallery-columns-3 gallery-size-thumbnail'><dl class='gallery-item'>\n\t\t\t<dt class='gallery-icon landscape'>\n\t\t\t\t<a href='https:\/\/franciscanos.org.br\/noticias\/wp-content\/uploads\/2024\/09\/IMG_3058-1-scaled.jpg'><img width=\"300\" height=\"300\" src=\"https:\/\/franciscanos.org.br\/noticias\/wp-content\/uploads\/2024\/09\/IMG_3058-1-300x300.jpg\" class=\"attachment-thumbnail size-thumbnail\" alt=\"\" loading=\"lazy\" srcset=\"https:\/\/franciscanos.org.br\/noticias\/wp-content\/uploads\/2024\/09\/IMG_3058-1-300x300.jpg 300w, https:\/\/franciscanos.org.br\/noticias\/wp-content\/uploads\/2024\/09\/IMG_3058-1-100x100.jpg 100w\" sizes=\"(max-width: 300px) 100vw, 300px\" \/><\/a>\n\t\t\t<\/dt><\/dl><dl class='gallery-item'>\n\t\t\t<dt class='gallery-icon landscape'>\n\t\t\t\t<a href='https:\/\/franciscanos.org.br\/noticias\/wp-content\/uploads\/2024\/09\/IMG_3056-scaled.jpg'><img width=\"300\" height=\"300\" src=\"https:\/\/franciscanos.org.br\/noticias\/wp-content\/uploads\/2024\/09\/IMG_3056-300x300.jpg\" class=\"attachment-thumbnail size-thumbnail\" alt=\"\" loading=\"lazy\" srcset=\"https:\/\/franciscanos.org.br\/noticias\/wp-content\/uploads\/2024\/09\/IMG_3056-300x300.jpg 300w, https:\/\/franciscanos.org.br\/noticias\/wp-content\/uploads\/2024\/09\/IMG_3056-100x100.jpg 100w\" sizes=\"(max-width: 300px) 100vw, 300px\" \/><\/a>\n\t\t\t<\/dt><\/dl><dl class='gallery-item'>\n\t\t\t<dt class='gallery-icon landscape'>\n\t\t\t\t<a href='https:\/\/franciscanos.org.br\/noticias\/wp-content\/uploads\/2024\/09\/IMG_3085-scaled.jpg'><img width=\"300\" height=\"300\" src=\"https:\/\/franciscanos.org.br\/noticias\/wp-content\/uploads\/2024\/09\/IMG_3085-300x300.jpg\" class=\"attachment-thumbnail size-thumbnail\" alt=\"\" loading=\"lazy\" srcset=\"https:\/\/franciscanos.org.br\/noticias\/wp-content\/uploads\/2024\/09\/IMG_3085-300x300.jpg 300w, https:\/\/franciscanos.org.br\/noticias\/wp-content\/uploads\/2024\/09\/IMG_3085-100x100.jpg 100w\" sizes=\"(max-width: 300px) 100vw, 300px\" \/><\/a>\n\t\t\t<\/dt><\/dl><br style=\"clear: both\" \/>\n\t\t<\/div>\n\n<p>Ap\u00f3s a missa, os encontristas refletiram sobre o trabalho feito durante o s\u00e1bado e firmaram o seu compromisso com o JPIC nas fraternidades e tamb\u00e9m com a Anima\u00e7\u00e3o\/Promo\u00e7\u00e3o Vocacional. A equipe levantou poss\u00edveis nomes de cada regi\u00e3o para que fiquem respons\u00e1veis por essa integra\u00e7\u00e3o entre as\u00a0 duas ordens. Nasce aqui a \u201cIntegra\u00e7\u00e3o e Assist\u00eancia OFS e OFM\u201d, o nome foi criado pelos presentes e reflete a miss\u00e3o e a proposta desse encontro.<\/p>\n<p>Frei Evaldo Ludwig fez uso da palavra, agradeceu \u00e0 Prov\u00edncia pelo espa\u00e7o concedido, pela provoca\u00e7\u00e3o feita e por abra\u00e7ar com tanta intensidade essa miss\u00e3o de qualificar a assist\u00eancia junto \u00e0 OFS. Passou a palavra ao Frei Paulo para que ele pudesse deixar uma mensagem ao final desse encontro. O ministro agradeceu a presen\u00e7a dos membros da OFS e acrescentou: \u201cEu sempre tive bem claro que a OFS \u00e9 um organismo independente e n\u00e3o precisa de n\u00f3s (OFM) para firmar a sua identidade, n\u00f3s n\u00e3o vamos legislar sobre voc\u00eas, e nem podemos. Por isso, obrigado por nos ajudar a mostrar qual o nosso papel, queremos ser melhores assistentes!\u201d. A todos os presentes, Frei Paulo fez um apelo: \u201cN\u00e3o nos falte profecia e alegria para sermos franciscanos e franciscanas comprometidos com esse carisma, esse tesouro, que Francisco e Clara encontraram e que a n\u00f3s basta apenas cultivar, o mundo atual tem sede de respostas que n\u00f3s podemos dar!\u201d.<img loading=\"lazy\" class=\"size-medium wp-image-250647 alignright\" src=\"https:\/\/franciscanos.org.br\/noticias\/wp-content\/uploads\/2024\/09\/IMG_2239-450x338.jpg\" alt=\"\" width=\"450\" height=\"338\" srcset=\"https:\/\/franciscanos.org.br\/noticias\/wp-content\/uploads\/2024\/09\/IMG_2239-450x338.jpg 450w, https:\/\/franciscanos.org.br\/noticias\/wp-content\/uploads\/2024\/09\/IMG_2239-1024x768.jpg 1024w, https:\/\/franciscanos.org.br\/noticias\/wp-content\/uploads\/2024\/09\/IMG_2239-768x576.jpg 768w, https:\/\/franciscanos.org.br\/noticias\/wp-content\/uploads\/2024\/09\/IMG_2239-1536x1152.jpg 1536w, https:\/\/franciscanos.org.br\/noticias\/wp-content\/uploads\/2024\/09\/IMG_2239-2048x1536.jpg 2048w, https:\/\/franciscanos.org.br\/noticias\/wp-content\/uploads\/2024\/09\/IMG_2239-150x113.jpg 150w, https:\/\/franciscanos.org.br\/noticias\/wp-content\/uploads\/2024\/09\/IMG_2239-600x450.jpg 600w, https:\/\/franciscanos.org.br\/noticias\/wp-content\/uploads\/2024\/09\/IMG_2239-scaled.jpg 1440w\" sizes=\"(max-width: 450px) 100vw, 450px\" \/><a href=\"https:\/\/franciscanos.org.br\/noticias\/wp-content\/uploads\/2024\/09\/IMG_2239-1.heic\"><img class=\"alignnone size-full wp-image-250645\" src=\"https:\/\/franciscanos.org.br\/noticias\/wp-content\/uploads\/2024\/09\/IMG_2239-1.heic\" alt=\"\" \/><\/a><\/p>\n<p>O encontro pensado em conjunto pelo Frei Evaldo Ludwig, Frei Florival Mariano de Toledo e Frei Vit\u00f3rio Mazzuco Filho nasceu de uma provoca\u00e7\u00e3o do Ministro provincial para que a Prov\u00edncia possa prestar uma assist\u00eancia mais qualificada aos irm\u00e3os que est\u00e3o sob os seus cuidados. Esse encontro serviu para estreitar os la\u00e7os entre as fam\u00edlias franciscanas, ordenar os projetos comuns e tamb\u00e9m para evidenciar as fraternidades que n\u00e3o est\u00e3o recebendo assist\u00eancia adequada e que precisam voltar a receb\u00ea-la. <img loading=\"lazy\" class=\"alignnone size-medium wp-image-250644\" src=\"https:\/\/franciscanos.org.br\/noticias\/wp-content\/uploads\/2024\/09\/IMG_2239.heic\" alt=\"\" width=\"1\" height=\"1\" \/><\/p>\n<p>A equipe organizadora avaliou o encontro como positivo tendo atingido os objetivos em todos os aspectos. Os pontos levantados ser\u00e3o de grande import\u00e2ncia para que os pr\u00f3ximos passos possam ser dados com mais clareza.<\/p>\n<hr \/>\n<p><em>Frei Gilberto Silveira da Costa Junior<\/em><\/p>\n","protected":false},"excerpt":{"rendered":"<p>Encontro finaliza com \u201cIntegra\u00e7\u00e3o e Assist\u00eancia OFS e OFM\u201d<\/p>\n","protected":false},"author":11,"featured_media":250643,"comment_status":"open","ping_status":"open","sticky":false,"template":"","format":"standard","meta":[],"categories":[1],"tags":[483,60,2031],"acf":[],"yoast_head":"<!-- This site is optimized with the Yoast SEO plugin v19.2 - https:\/\/yoast.com\/wordpress\/plugins\/seo\/ -->\n<title>Nasce a Integra\u00e7\u00e3o de Assist\u00eancia OFS e OFM; \u201cN\u00e3o nos falte a profecia e a alegria\u201d - Not\u00edcias - Franciscanos<\/title>\n<meta name=\"robots\" content=\"index, follow, max-snippet:-1, max-image-preview:large, max-video-preview:-1\" \/>\n<link rel=\"canonical\" href=\"https:\/\/franciscanos.org.br\/noticias\/nasce-a-integracao-de-assistencia-ofs-e-ofm-nao-nos-falte-a-profecia-e-a-alegria.html\" \/>\n<meta property=\"og:locale\" content=\"pt_BR\" \/>\n<meta property=\"og:type\" content=\"article\" \/>\n<meta property=\"og:title\" content=\"Nasce a Integra\u00e7\u00e3o de Assist\u00eancia OFS e OFM; \u201cN\u00e3o nos falte a profecia e a alegria\u201d - Not\u00edcias - Franciscanos\" \/>\n<meta property=\"og:description\" content=\"Encontro finaliza com \u201cIntegra\u00e7\u00e3o e Assist\u00eancia OFS e OFM\u201d\" \/>\n<meta property=\"og:url\" content=\"https:\/\/franciscanos.org.br\/noticias\/nasce-a-integracao-de-assistencia-ofs-e-ofm-nao-nos-falte-a-profecia-e-a-alegria.html\" \/>\n<meta property=\"og:site_name\" content=\"Not\u00edcias - Franciscanos\" \/>\n<meta property=\"article:published_time\" content=\"2024-09-09T12:04:24+00:00\" \/>\n<meta property=\"article:modified_time\" content=\"2024-09-16T13:14:30+00:00\" \/>\n<meta property=\"og:image\" content=\"https:\/\/franciscanos.org.br\/noticias\/wp-content\/uploads\/2024\/09\/CHAMADA-3.jpg\" \/>\n\t<meta property=\"og:image:width\" content=\"800\" \/>\n\t<meta property=\"og:image:height\" content=\"550\" \/>\n\t<meta property=\"og:image:type\" content=\"image\/jpeg\" \/>\n<meta name=\"author\" content=\"Adriana Rabelo\" \/>\n<meta name=\"twitter:card\" content=\"summary_large_image\" \/>\n<meta name=\"twitter:label1\" content=\"Escrito por\" \/>\n\t<meta name=\"twitter:data1\" content=\"Adriana Rabelo\" \/>\n\t<meta name=\"twitter:label2\" content=\"Est. tempo de leitura\" \/>\n\t<meta name=\"twitter:data2\" content=\"3 minutos\" \/>\n<script type=\"application\/ld+json\" class=\"yoast-schema-graph\">{\"@context\":\"https:\/\/schema.org\",\"@graph\":[{\"@type\":\"WebSite\",\"@id\":\"https:\/\/franciscanos.org.br\/noticias\/#website\",\"url\":\"https:\/\/franciscanos.org.br\/noticias\/\",\"name\":\"Not\u00edcias - Franciscanos\",\"description\":\"Prov\u00edncia Franciscana da Imaculada Concei\u00e7\u00e3o do Brasil - Ordem dos Frades Menores - OFM\",\"potentialAction\":[{\"@type\":\"SearchAction\",\"target\":{\"@type\":\"EntryPoint\",\"urlTemplate\":\"https:\/\/franciscanos.org.br\/noticias\/?s={search_term_string}\"},\"query-input\":\"required name=search_term_string\"}],\"inLanguage\":\"pt-BR\"},{\"@type\":\"ImageObject\",\"inLanguage\":\"pt-BR\",\"@id\":\"https:\/\/franciscanos.org.br\/noticias\/nasce-a-integracao-de-assistencia-ofs-e-ofm-nao-nos-falte-a-profecia-e-a-alegria.html#primaryimage\",\"url\":\"https:\/\/franciscanos.org.br\/noticias\/wp-content\/uploads\/2024\/09\/CHAMADA-3.jpg\",\"contentUrl\":\"https:\/\/franciscanos.org.br\/noticias\/wp-content\/uploads\/2024\/09\/CHAMADA-3.jpg\",\"width\":800,\"height\":550},{\"@type\":\"WebPage\",\"@id\":\"https:\/\/franciscanos.org.br\/noticias\/nasce-a-integracao-de-assistencia-ofs-e-ofm-nao-nos-falte-a-profecia-e-a-alegria.html#webpage\",\"url\":\"https:\/\/franciscanos.org.br\/noticias\/nasce-a-integracao-de-assistencia-ofs-e-ofm-nao-nos-falte-a-profecia-e-a-alegria.html\",\"name\":\"Nasce a Integra\u00e7\u00e3o de Assist\u00eancia OFS e OFM; \u201cN\u00e3o nos falte a profecia e a alegria\u201d - Not\u00edcias - Franciscanos\",\"isPartOf\":{\"@id\":\"https:\/\/franciscanos.org.br\/noticias\/#website\"},\"primaryImageOfPage\":{\"@id\":\"https:\/\/franciscanos.org.br\/noticias\/nasce-a-integracao-de-assistencia-ofs-e-ofm-nao-nos-falte-a-profecia-e-a-alegria.html#primaryimage\"},\"datePublished\":\"2024-09-09T12:04:24+00:00\",\"dateModified\":\"2024-09-16T13:14:30+00:00\",\"author\":{\"@id\":\"https:\/\/franciscanos.org.br\/noticias\/#\/schema\/person\/d9422e83121c3ad3b0f423d195f5bb25\"},\"breadcrumb\":{\"@id\":\"https:\/\/franciscanos.org.br\/noticias\/nasce-a-integracao-de-assistencia-ofs-e-ofm-nao-nos-falte-a-profecia-e-a-alegria.html#breadcrumb\"},\"inLanguage\":\"pt-BR\",\"potentialAction\":[{\"@type\":\"ReadAction\",\"target\":[\"https:\/\/franciscanos.org.br\/noticias\/nasce-a-integracao-de-assistencia-ofs-e-ofm-nao-nos-falte-a-profecia-e-a-alegria.html\"]}]},{\"@type\":\"BreadcrumbList\",\"@id\":\"https:\/\/franciscanos.org.br\/noticias\/nasce-a-integracao-de-assistencia-ofs-e-ofm-nao-nos-falte-a-profecia-e-a-alegria.html#breadcrumb\",\"itemListElement\":[{\"@type\":\"ListItem\",\"position\":1,\"name\":\"Home\",\"item\":\"https:\/\/franciscanos.org.br\/noticias\"},{\"@type\":\"ListItem\",\"position\":2,\"name\":\"Nasce a Integra\u00e7\u00e3o de Assist\u00eancia OFS e OFM; \u201cN\u00e3o nos falte a profecia e a alegria\u201d\"}]},{\"@type\":\"Person\",\"@id\":\"https:\/\/franciscanos.org.br\/noticias\/#\/schema\/person\/d9422e83121c3ad3b0f423d195f5bb25\",\"name\":\"Adriana Rabelo\",\"image\":{\"@type\":\"ImageObject\",\"inLanguage\":\"pt-BR\",\"@id\":\"https:\/\/franciscanos.org.br\/noticias\/#\/schema\/person\/image\/\",\"url\":\"https:\/\/secure.gravatar.com\/avatar\/0a937b7500cd7df77540cfb8bede877d?s=96&d=mm&r=g\",\"contentUrl\":\"https:\/\/secure.gravatar.com\/avatar\/0a937b7500cd7df77540cfb8bede877d?s=96&d=mm&r=g\",\"caption\":\"Adriana Rabelo\"},\"url\":\"https:\/\/franciscanos.org.br\/noticias\/author\/adrianarabelo\"}]}<\/script>\n<!-- \/ Yoast SEO plugin. -->","yoast_head_json":{"title":"Nasce a Integra\u00e7\u00e3o de Assist\u00eancia OFS e OFM; \u201cN\u00e3o nos falte a profecia e a alegria\u201d - Not\u00edcias - Franciscanos","robots":{"index":"index","follow":"follow","max-snippet":"max-snippet:-1","max-image-preview":"max-image-preview:large","max-video-preview":"max-video-preview:-1"},"canonical":"https:\/\/franciscanos.org.br\/noticias\/nasce-a-integracao-de-assistencia-ofs-e-ofm-nao-nos-falte-a-profecia-e-a-alegria.html","og_locale":"pt_BR","og_type":"article","og_title":"Nasce a Integra\u00e7\u00e3o de Assist\u00eancia OFS e OFM; \u201cN\u00e3o nos falte a profecia e a alegria\u201d - Not\u00edcias - Franciscanos","og_description":"Encontro finaliza com \u201cIntegra\u00e7\u00e3o e Assist\u00eancia OFS e OFM\u201d","og_url":"https:\/\/franciscanos.org.br\/noticias\/nasce-a-integracao-de-assistencia-ofs-e-ofm-nao-nos-falte-a-profecia-e-a-alegria.html","og_site_name":"Not\u00edcias - Franciscanos","article_published_time":"2024-09-09T12:04:24+00:00","article_modified_time":"2024-09-16T13:14:30+00:00","og_image":[{"width":800,"height":550,"url":"https:\/\/franciscanos.org.br\/noticias\/wp-content\/uploads\/2024\/09\/CHAMADA-3.jpg","type":"image\/jpeg"}],"author":"Adriana Rabelo","twitter_card":"summary_large_image","twitter_misc":{"Escrito por":"Adriana Rabelo","Est. tempo de leitura":"3 minutos"},"schema":{"@context":"https:\/\/schema.org","@graph":[{"@type":"WebSite","@id":"https:\/\/franciscanos.org.br\/noticias\/#website","url":"https:\/\/franciscanos.org.br\/noticias\/","name":"Not\u00edcias - Franciscanos","description":"Prov\u00edncia Franciscana da Imaculada Concei\u00e7\u00e3o do Brasil - Ordem dos Frades Menores - OFM","potentialAction":[{"@type":"SearchAction","target":{"@type":"EntryPoint","urlTemplate":"https:\/\/franciscanos.org.br\/noticias\/?s={search_term_string}"},"query-input":"required name=search_term_string"}],"inLanguage":"pt-BR"},{"@type":"ImageObject","inLanguage":"pt-BR","@id":"https:\/\/franciscanos.org.br\/noticias\/nasce-a-integracao-de-assistencia-ofs-e-ofm-nao-nos-falte-a-profecia-e-a-alegria.html#primaryimage","url":"https:\/\/franciscanos.org.br\/noticias\/wp-content\/uploads\/2024\/09\/CHAMADA-3.jpg","contentUrl":"https:\/\/franciscanos.org.br\/noticias\/wp-content\/uploads\/2024\/09\/CHAMADA-3.jpg","width":800,"height":550},{"@type":"WebPage","@id":"https:\/\/franciscanos.org.br\/noticias\/nasce-a-integracao-de-assistencia-ofs-e-ofm-nao-nos-falte-a-profecia-e-a-alegria.html#webpage","url":"https:\/\/franciscanos.org.br\/noticias\/nasce-a-integracao-de-assistencia-ofs-e-ofm-nao-nos-falte-a-profecia-e-a-alegria.html","name":"Nasce a Integra\u00e7\u00e3o de Assist\u00eancia OFS e OFM; \u201cN\u00e3o nos falte a profecia e a alegria\u201d - Not\u00edcias - Franciscanos","isPartOf":{"@id":"https:\/\/franciscanos.org.br\/noticias\/#website"},"primaryImageOfPage":{"@id":"https:\/\/franciscanos.org.br\/noticias\/nasce-a-integracao-de-assistencia-ofs-e-ofm-nao-nos-falte-a-profecia-e-a-alegria.html#primaryimage"},"datePublished":"2024-09-09T12:04:24+00:00","dateModified":"2024-09-16T13:14:30+00:00","author":{"@id":"https:\/\/franciscanos.org.br\/noticias\/#\/schema\/person\/d9422e83121c3ad3b0f423d195f5bb25"},"breadcrumb":{"@id":"https:\/\/franciscanos.org.br\/noticias\/nasce-a-integracao-de-assistencia-ofs-e-ofm-nao-nos-falte-a-profecia-e-a-alegria.html#breadcrumb"},"inLanguage":"pt-BR","potentialAction":[{"@type":"ReadAction","target":["https:\/\/franciscanos.org.br\/noticias\/nasce-a-integracao-de-assistencia-ofs-e-ofm-nao-nos-falte-a-profecia-e-a-alegria.html"]}]},{"@type":"BreadcrumbList","@id":"https:\/\/franciscanos.org.br\/noticias\/nasce-a-integracao-de-assistencia-ofs-e-ofm-nao-nos-falte-a-profecia-e-a-alegria.html#breadcrumb","itemListElement":[{"@type":"ListItem","position":1,"name":"Home","item":"https:\/\/franciscanos.org.br\/noticias"},{"@type":"ListItem","position":2,"name":"Nasce a Integra\u00e7\u00e3o de Assist\u00eancia OFS e OFM; \u201cN\u00e3o nos falte a profecia e a alegria\u201d"}]},{"@type":"Person","@id":"https:\/\/franciscanos.org.br\/noticias\/#\/schema\/person\/d9422e83121c3ad3b0f423d195f5bb25","name":"Adriana Rabelo","image":{"@type":"ImageObject","inLanguage":"pt-BR","@id":"https:\/\/franciscanos.org.br\/noticias\/#\/schema\/person\/image\/","url":"https:\/\/secure.gravatar.com\/avatar\/0a937b7500cd7df77540cfb8bede877d?s=96&d=mm&r=g","contentUrl":"https:\/\/secure.gravatar.com\/avatar\/0a937b7500cd7df77540cfb8bede877d?s=96&d=mm&r=g","caption":"Adriana Rabelo"},"url":"https:\/\/franciscanos.org.br\/noticias\/author\/adrianarabelo"}]}},"_links":{"self":[{"href":"https:\/\/franciscanos.org.br\/noticias\/wp-json\/wp\/v2\/posts\/250640"}],"collection":[{"href":"https:\/\/franciscanos.org.br\/noticias\/wp-json\/wp\/v2\/posts"}],"about":[{"href":"https:\/\/franciscanos.org.br\/noticias\/wp-json\/wp\/v2\/types\/post"}],"author":[{"embeddable":true,"href":"https:\/\/franciscanos.org.br\/noticias\/wp-json\/wp\/v2\/users\/11"}],"replies":[{"embeddable":true,"href":"https:\/\/franciscanos.org.br\/noticias\/wp-json\/wp\/v2\/comments?post=250640"}],"version-history":[{"count":4,"href":"https:\/\/franciscanos.org.br\/noticias\/wp-json\/wp\/v2\/posts\/250640\/revisions"}],"predecessor-version":[{"id":250824,"href":"https:\/\/franciscanos.org.br\/noticias\/wp-json\/wp\/v2\/posts\/250640\/revisions\/250824"}],"wp:featuredmedia":[{"embeddable":true,"href":"https:\/\/franciscanos.org.br\/noticias\/wp-json\/wp\/v2\/media\/250643"}],"wp:attachment":[{"href":"https:\/\/franciscanos.org.br\/noticias\/wp-json\/wp\/v2\/media?parent=250640"}],"wp:term":[{"taxonomy":"category","embeddable":true,"href":"https:\/\/franciscanos.org.br\/noticias\/wp-json\/wp\/v2\/categories?post=250640"},{"taxonomy":"post_tag","embeddable":true,"href":"https:\/\/franciscanos.org.br\/noticias\/wp-json\/wp\/v2\/tags?post=250640"}],"curies":[{"name":"wp","href":"https:\/\/api.w.org\/{rel}","templated":true}]}}