{"id":250626,"date":"2024-09-08T11:42:00","date_gmt":"2024-09-08T14:42:00","guid":{"rendered":"https:\/\/franciscanos.org.br\/noticias\/?p=250626"},"modified":"2024-09-11T10:45:46","modified_gmt":"2024-09-11T13:45:46","slug":"o-dialogo-da-sua-tonica-no-segundo-dia-do-encontro-da-ofs-e-assistentes-da-provincia","status":"publish","type":"post","link":"https:\/\/franciscanos.org.br\/noticias\/o-dialogo-da-sua-tonica-no-segundo-dia-do-encontro-da-ofs-e-assistentes-da-provincia.html","title":{"rendered":"O di\u00e1logo d\u00e1 sua t\u00f4nica no segundo dia do Encontro da OFS e Assistentes da Prov\u00edncia"},"content":{"rendered":"<p><img loading=\"lazy\" class=\"aligncenter wp-image-250627 size-full\" src=\"https:\/\/franciscanos.org.br\/noticias\/wp-content\/uploads\/2024\/09\/MATERIA-7.jpg\" alt=\"\" width=\"1280\" height=\"720\" srcset=\"https:\/\/franciscanos.org.br\/noticias\/wp-content\/uploads\/2024\/09\/MATERIA-7.jpg 1280w, https:\/\/franciscanos.org.br\/noticias\/wp-content\/uploads\/2024\/09\/MATERIA-7-450x253.jpg 450w, https:\/\/franciscanos.org.br\/noticias\/wp-content\/uploads\/2024\/09\/MATERIA-7-1024x576.jpg 1024w, https:\/\/franciscanos.org.br\/noticias\/wp-content\/uploads\/2024\/09\/MATERIA-7-768x432.jpg 768w, https:\/\/franciscanos.org.br\/noticias\/wp-content\/uploads\/2024\/09\/MATERIA-7-150x84.jpg 150w\" sizes=\"(max-width: 1280px) 100vw, 1280px\" \/><\/p>\n<p>O segundo dia do 1\u00ba Encontro da OFS e Assistentes da Prov\u00edncia foi profundamente marcado pelo di\u00e1logo. A celebra\u00e7\u00e3o Eucar\u00edstica no come\u00e7o do dia foi presidida pelo Frei Vitorio Mazzuco Filho. Durante o dia, dois temas de grande relev\u00e2ncia para as ordens franciscanas foram colocados em foco para se pensar alternativas e propostas de a\u00e7\u00e3o conjunta. S\u00e3o eles: o JPIC (Servi\u00e7o de Justi\u00e7a, Paz e Integridade da Cria\u00e7\u00e3o) e a Anima\u00e7\u00e3o\/Promo\u00e7\u00e3o Vocacional.<\/p>\n<p>A celebra\u00e7\u00e3o Eucar\u00edstica votiva de Nossa Senhora do s\u00e1bado trouxe para a reflex\u00e3o a figura de Maria como modelo de escuta e de servi\u00e7o. Andr\u00e9 Braga em uma reflex\u00e3o dirigida aos participantes, Andr\u00e9 Carreiro Braga, ministro da fraternidade secular de Curitiba (PR), abordou o poder transformador do encontro com Jesus Cristo: \u201cEle transforma nossa vida como transformou a vida de Maria desde o seu &#8216;sim&#8217;, a vida de Isabel e a de Jo\u00e3o Batista desde o ventre\u201d e concluiu provocando a todos a fazerem de suas vidas servi\u00e7o e louvor como fez Maria no seu <em>Magnificat<\/em>.<\/p>\n<p><img loading=\"lazy\" class=\"size-medium wp-image-250628 alignleft\" src=\"https:\/\/franciscanos.org.br\/noticias\/wp-content\/uploads\/2024\/09\/IMG_2885-450x300.jpg\" alt=\"\" width=\"450\" height=\"300\" srcset=\"https:\/\/franciscanos.org.br\/noticias\/wp-content\/uploads\/2024\/09\/IMG_2885-450x300.jpg 450w, https:\/\/franciscanos.org.br\/noticias\/wp-content\/uploads\/2024\/09\/IMG_2885-1024x683.jpg 1024w, https:\/\/franciscanos.org.br\/noticias\/wp-content\/uploads\/2024\/09\/IMG_2885-768x512.jpg 768w, https:\/\/franciscanos.org.br\/noticias\/wp-content\/uploads\/2024\/09\/IMG_2885-1536x1024.jpg 1536w, https:\/\/franciscanos.org.br\/noticias\/wp-content\/uploads\/2024\/09\/IMG_2885-2048x1365.jpg 2048w, https:\/\/franciscanos.org.br\/noticias\/wp-content\/uploads\/2024\/09\/IMG_2885-150x100.jpg 150w, https:\/\/franciscanos.org.br\/noticias\/wp-content\/uploads\/2024\/09\/IMG_2885-scaled.jpg 1620w\" sizes=\"(max-width: 450px) 100vw, 450px\" \/>A manh\u00e3 do encontro foi toda voltada para partilhar a dimens\u00e3o JPIC da Fam\u00edlia Franciscana. Em um primeiro momento, Frei James Luiz Girardi fez uma breve apresenta\u00e7\u00e3o acerca do organismo dentro da Ordem dos Frades Menores e a sua constru\u00e7\u00e3o ao longo das \u00faltimas d\u00e9cadas. Al\u00e9m disso, Frei James pontuou algumas a\u00e7\u00f5es que a Prov\u00edncia tem promovido nesse aspecto. Em sua reflex\u00e3o,\u00a0 o frade ao falar da espiritualidade franciscana, pontuou: \u201cNo tempo de Francisco n\u00e3o havia degrada\u00e7\u00e3o do meio ambiente como hoje. Muitos ainda pensam que a natureza deve ser explorada at\u00e9 a \u00faltima gota. Por isso, precisamos ser atuantes para evitar a degrada\u00e7\u00e3o, pois nenhuma criatura \u00e9 insignificante e nem acess\u00f3rio, por todos devemos ser respons\u00e1veis. Francisco \u00e9 uma pessoa de f\u00e9. N\u00e3o \u00e9 apenas um ambientalista ou um ativista, mas v\u00ea tudo do ponto de vista de Deus. Ele apresenta uma espiritualidade\u00a0 ecol\u00f3gica. Supera os modelos de dom\u00ednio e de administra\u00e7\u00e3o, assumindo o modelo familiar ou de parentesco, estando afetuosamente unido \u00e0 toda Cria\u00e7\u00e3o. Ama as criaturas por si mesmas, por tamb\u00e9m terem sido queridas por Deus. A ecologia tem de ser integral, por se referir \u00e0 fam\u00edlia \u00fanica que Deus criou e por todos sermos irm\u00e3os e habitarmos na mesma Casa\u201d.<\/p>\n<p>Ainda pela manh\u00e3, Juliana Caroline Gon\u00e7alves Almeida, Animadora Fraterna Nacional da JUFRA, trouxe \u00e0 reflex\u00e3o o ponto de vista da Ordem Franciscana Secular acerca do JPIC. Em sua fala, Juliana trouxe artigos que comp\u00f5em a forma de vida dos irm\u00e3os da OFS, \u201cn\u00e3o professamos apenas alguns artigos, mas professamos todos eles\u201d e recordou a import\u00e2ncia de tratarmos desse assunto com seriedade e comprometimento. As frentes do JPIC s\u00e3o amplas, trabalham desde um servi\u00e7o de conscientiza\u00e7\u00e3o sobre o uso da \u00e1gua, at\u00e9 assuntos mais complexos da nossa sociedade e que fazem parte desse campo da Justi\u00e7a e Paz. Ao final de sua fala, a palestrante provocou as fraternidades presentes acerca de sua atua\u00e7\u00e3o nessa frente, \u201ctodas as fraternidades t\u00eam irm\u00e3os nomeados para esse servi\u00e7o? Esse servi\u00e7o \u00e9 abra\u00e7ado por todos na fraternidade?\u201d.<img loading=\"lazy\" class=\"alignright wp-image-250631 size-thumbnail\" src=\"https:\/\/franciscanos.org.br\/noticias\/wp-content\/uploads\/2024\/09\/IMG_2219-300x300.jpg\" alt=\"\" width=\"300\" height=\"300\" srcset=\"https:\/\/franciscanos.org.br\/noticias\/wp-content\/uploads\/2024\/09\/IMG_2219-300x300.jpg 300w, https:\/\/franciscanos.org.br\/noticias\/wp-content\/uploads\/2024\/09\/IMG_2219-100x100.jpg 100w\" sizes=\"(max-width: 300px) 100vw, 300px\" \/><\/p>\n<p>Alguns presentes partilharam a\u00e7\u00f5es que j\u00e1 ocorrem em suas fraternidades e, para todos, ficou n\u00edtido que essas iniciativas devem brotar da criatividade e dos desafios locais. Antes do almo\u00e7o, os participantes puderam se reunir em grupos mistos para discutirem propostas conjuntas do Servi\u00e7o de Justi\u00e7a, Paz e Integridade da Cria\u00e7\u00e3o.<\/p>\n<p>O per\u00edodo da tarde foi totalmente voltado para partilhar a realidade do Servi\u00e7o de Anima\u00e7\u00e3o Vocacional da OFM e a Promo\u00e7\u00e3o Vocacional da OFS. Frei Gabriel Dellandrea, que anima este servi\u00e7o na Prov\u00edncia, exp\u00f4s em n\u00fameros o andamento desta miss\u00e3o e reiterou a import\u00e2ncia de ter todos os frades integrados nesse servi\u00e7o. Al\u00e9m disso, refor\u00e7ou a parceria com a OFS, afirmando que ele tamb\u00e9m indica a Ordem Secular para alguns jovens que procuram a vida religiosa, sendo que, em alguns casos, esse \u00e9 um caminho mais acertado.<\/p>\n<p>Bernadete de Lourdes Franco Pereira, coordenadora nacional de forma\u00e7\u00e3o da OFS, tamb\u00e9m exp\u00f4s sua experi\u00eancia nesse campo e a preocupa\u00e7\u00e3o para que esse servi\u00e7o n\u00e3o se resuma na anima\u00e7\u00e3o apenas de novas voca\u00e7\u00f5es, mas que englobe todos os membros da Fam\u00edlia Franciscana. Desde os iniciandos, at\u00e9 os que comp\u00f5em o servi\u00e7o fraterno de cuidado com os irm\u00e3os enfermos e idosos. \u201cNossa preocupa\u00e7\u00e3o tem que ser com cada um dos membros da OFS, os irm\u00e3os passam por fases e precisamos ajud\u00e1-los a recuperar a anima\u00e7\u00e3o dessa vida\u201d. Em sua fala, frisou bastante que a OFS requer comprometimento, \u201cn\u00e3o podemos abra\u00e7ar muitas pastorais e esquecermos a nossa fraternidade, deixar em segundo plano aquilo que professamos\u201d. A mesma din\u00e2mica da manh\u00e3 foi adotada para o fim da tarde e os grupos se reuniram novamente para se provocarem acerca da Anima\u00e7\u00e3o Vocacional.<\/p>\n\n\t\t<style type=\"text\/css\">\n\t\t\t#gallery-1 {\n\t\t\t\tmargin: auto;\n\t\t\t}\n\t\t\t#gallery-1 .gallery-item {\n\t\t\t\tfloat: left;\n\t\t\t\tmargin-top: 10px;\n\t\t\t\ttext-align: center;\n\t\t\t\twidth: 25%;\n\t\t\t}\n\t\t\t#gallery-1 img {\n\t\t\t\tborder: 2px solid #cfcfcf;\n\t\t\t}\n\t\t\t#gallery-1 .gallery-caption {\n\t\t\t\tmargin-left: 0;\n\t\t\t}\n\t\t\t\/* see gallery_shortcode() in wp-includes\/media.php *\/\n\t\t<\/style>\n\t\t<div id='gallery-1' class='gallery galleryid-250626 gallery-columns-4 gallery-size-thumbnail'><dl class='gallery-item'>\n\t\t\t<dt class='gallery-icon landscape'>\n\t\t\t\t<a href='https:\/\/franciscanos.org.br\/noticias\/wp-content\/uploads\/2024\/09\/CHAMADA-2.jpg'><img width=\"300\" height=\"300\" src=\"https:\/\/franciscanos.org.br\/noticias\/wp-content\/uploads\/2024\/09\/CHAMADA-2-300x300.jpg\" class=\"attachment-thumbnail size-thumbnail\" alt=\"\" loading=\"lazy\" srcset=\"https:\/\/franciscanos.org.br\/noticias\/wp-content\/uploads\/2024\/09\/CHAMADA-2-300x300.jpg 300w, https:\/\/franciscanos.org.br\/noticias\/wp-content\/uploads\/2024\/09\/CHAMADA-2-100x100.jpg 100w\" sizes=\"(max-width: 300px) 100vw, 300px\" \/><\/a>\n\t\t\t<\/dt><\/dl><dl class='gallery-item'>\n\t\t\t<dt class='gallery-icon landscape'>\n\t\t\t\t<a href='https:\/\/franciscanos.org.br\/noticias\/wp-content\/uploads\/2024\/09\/IMG_2978-scaled.jpg'><img width=\"300\" height=\"300\" src=\"https:\/\/franciscanos.org.br\/noticias\/wp-content\/uploads\/2024\/09\/IMG_2978-300x300.jpg\" class=\"attachment-thumbnail size-thumbnail\" alt=\"\" loading=\"lazy\" srcset=\"https:\/\/franciscanos.org.br\/noticias\/wp-content\/uploads\/2024\/09\/IMG_2978-300x300.jpg 300w, https:\/\/franciscanos.org.br\/noticias\/wp-content\/uploads\/2024\/09\/IMG_2978-100x100.jpg 100w\" sizes=\"(max-width: 300px) 100vw, 300px\" \/><\/a>\n\t\t\t<\/dt><\/dl><dl class='gallery-item'>\n\t\t\t<dt class='gallery-icon landscape'>\n\t\t\t\t<a href='https:\/\/franciscanos.org.br\/noticias\/wp-content\/uploads\/2024\/09\/IMG_2952-scaled.jpg'><img width=\"300\" height=\"300\" src=\"https:\/\/franciscanos.org.br\/noticias\/wp-content\/uploads\/2024\/09\/IMG_2952-300x300.jpg\" class=\"attachment-thumbnail size-thumbnail\" alt=\"\" loading=\"lazy\" srcset=\"https:\/\/franciscanos.org.br\/noticias\/wp-content\/uploads\/2024\/09\/IMG_2952-300x300.jpg 300w, https:\/\/franciscanos.org.br\/noticias\/wp-content\/uploads\/2024\/09\/IMG_2952-100x100.jpg 100w\" sizes=\"(max-width: 300px) 100vw, 300px\" \/><\/a>\n\t\t\t<\/dt><\/dl><dl class='gallery-item'>\n\t\t\t<dt class='gallery-icon landscape'>\n\t\t\t\t<a href='https:\/\/franciscanos.org.br\/noticias\/wp-content\/uploads\/2024\/09\/IMG_2972-scaled.jpg'><img width=\"300\" height=\"300\" src=\"https:\/\/franciscanos.org.br\/noticias\/wp-content\/uploads\/2024\/09\/IMG_2972-300x300.jpg\" class=\"attachment-thumbnail size-thumbnail\" alt=\"\" loading=\"lazy\" srcset=\"https:\/\/franciscanos.org.br\/noticias\/wp-content\/uploads\/2024\/09\/IMG_2972-300x300.jpg 300w, https:\/\/franciscanos.org.br\/noticias\/wp-content\/uploads\/2024\/09\/IMG_2972-100x100.jpg 100w\" sizes=\"(max-width: 300px) 100vw, 300px\" \/><\/a>\n\t\t\t<\/dt><\/dl><br style=\"clear: both\" \/>\n\t\t<\/div>\n\n<p>Ao final do dia, ap\u00f3s o jantar, os grupos apresentaram as propostas levantadas e debateram a possibilidade da sua implementa\u00e7\u00e3o. O esp\u00edrito de escuta m\u00fatua perpassou todo o encontro e a dimens\u00e3o fraterna foi sentida por todos, nos momentos de plen\u00e1ria e nos momentos descontra\u00eddos em torno \u00e0 mesa.<\/p>\n<hr \/>\n<p><em>Frei Gilberto Silveira da Costa Junior<\/em><\/p>\n","protected":false},"excerpt":{"rendered":"<p>2\u00ba dia do encontro \u00e9 marcado por reflex\u00f5es e troca de experi\u00eancias<\/p>\n","protected":false},"author":11,"featured_media":250632,"comment_status":"open","ping_status":"open","sticky":false,"template":"","format":"standard","meta":[],"categories":[1],"tags":[483,60,2031],"acf":[],"yoast_head":"<!-- This site is optimized with the Yoast SEO plugin v19.2 - https:\/\/yoast.com\/wordpress\/plugins\/seo\/ -->\n<title>O di\u00e1logo d\u00e1 sua t\u00f4nica no segundo dia do Encontro da OFS e Assistentes da Prov\u00edncia - Not\u00edcias - Franciscanos<\/title>\n<meta name=\"robots\" content=\"index, follow, max-snippet:-1, max-image-preview:large, max-video-preview:-1\" \/>\n<link rel=\"canonical\" href=\"https:\/\/franciscanos.org.br\/noticias\/o-dialogo-da-sua-tonica-no-segundo-dia-do-encontro-da-ofs-e-assistentes-da-provincia.html\" \/>\n<meta property=\"og:locale\" content=\"pt_BR\" \/>\n<meta property=\"og:type\" content=\"article\" \/>\n<meta property=\"og:title\" content=\"O di\u00e1logo d\u00e1 sua t\u00f4nica no segundo dia do Encontro da OFS e Assistentes da Prov\u00edncia - Not\u00edcias - Franciscanos\" \/>\n<meta property=\"og:description\" content=\"2\u00ba dia do encontro \u00e9 marcado por reflex\u00f5es e troca de experi\u00eancias\" \/>\n<meta property=\"og:url\" content=\"https:\/\/franciscanos.org.br\/noticias\/o-dialogo-da-sua-tonica-no-segundo-dia-do-encontro-da-ofs-e-assistentes-da-provincia.html\" \/>\n<meta property=\"og:site_name\" content=\"Not\u00edcias - Franciscanos\" \/>\n<meta property=\"article:published_time\" content=\"2024-09-08T14:42:00+00:00\" \/>\n<meta property=\"article:modified_time\" content=\"2024-09-11T13:45:46+00:00\" \/>\n<meta property=\"og:image\" content=\"https:\/\/franciscanos.org.br\/noticias\/wp-content\/uploads\/2024\/09\/CHAMADA-2.jpg\" \/>\n\t<meta property=\"og:image:width\" content=\"800\" \/>\n\t<meta property=\"og:image:height\" content=\"550\" \/>\n\t<meta property=\"og:image:type\" content=\"image\/jpeg\" \/>\n<meta name=\"author\" content=\"Adriana Rabelo\" \/>\n<meta name=\"twitter:card\" content=\"summary_large_image\" \/>\n<meta name=\"twitter:label1\" content=\"Escrito por\" \/>\n\t<meta name=\"twitter:data1\" content=\"Adriana Rabelo\" \/>\n\t<meta name=\"twitter:label2\" content=\"Est. tempo de leitura\" \/>\n\t<meta name=\"twitter:data2\" content=\"5 minutos\" \/>\n<script type=\"application\/ld+json\" class=\"yoast-schema-graph\">{\"@context\":\"https:\/\/schema.org\",\"@graph\":[{\"@type\":\"WebSite\",\"@id\":\"https:\/\/franciscanos.org.br\/noticias\/#website\",\"url\":\"https:\/\/franciscanos.org.br\/noticias\/\",\"name\":\"Not\u00edcias - Franciscanos\",\"description\":\"Prov\u00edncia Franciscana da Imaculada Concei\u00e7\u00e3o do Brasil - Ordem dos Frades Menores - OFM\",\"potentialAction\":[{\"@type\":\"SearchAction\",\"target\":{\"@type\":\"EntryPoint\",\"urlTemplate\":\"https:\/\/franciscanos.org.br\/noticias\/?s={search_term_string}\"},\"query-input\":\"required name=search_term_string\"}],\"inLanguage\":\"pt-BR\"},{\"@type\":\"ImageObject\",\"inLanguage\":\"pt-BR\",\"@id\":\"https:\/\/franciscanos.org.br\/noticias\/o-dialogo-da-sua-tonica-no-segundo-dia-do-encontro-da-ofs-e-assistentes-da-provincia.html#primaryimage\",\"url\":\"https:\/\/franciscanos.org.br\/noticias\/wp-content\/uploads\/2024\/09\/CHAMADA-2.jpg\",\"contentUrl\":\"https:\/\/franciscanos.org.br\/noticias\/wp-content\/uploads\/2024\/09\/CHAMADA-2.jpg\",\"width\":800,\"height\":550},{\"@type\":\"WebPage\",\"@id\":\"https:\/\/franciscanos.org.br\/noticias\/o-dialogo-da-sua-tonica-no-segundo-dia-do-encontro-da-ofs-e-assistentes-da-provincia.html#webpage\",\"url\":\"https:\/\/franciscanos.org.br\/noticias\/o-dialogo-da-sua-tonica-no-segundo-dia-do-encontro-da-ofs-e-assistentes-da-provincia.html\",\"name\":\"O di\u00e1logo d\u00e1 sua t\u00f4nica no segundo dia do Encontro da OFS e Assistentes da Prov\u00edncia - Not\u00edcias - Franciscanos\",\"isPartOf\":{\"@id\":\"https:\/\/franciscanos.org.br\/noticias\/#website\"},\"primaryImageOfPage\":{\"@id\":\"https:\/\/franciscanos.org.br\/noticias\/o-dialogo-da-sua-tonica-no-segundo-dia-do-encontro-da-ofs-e-assistentes-da-provincia.html#primaryimage\"},\"datePublished\":\"2024-09-08T14:42:00+00:00\",\"dateModified\":\"2024-09-11T13:45:46+00:00\",\"author\":{\"@id\":\"https:\/\/franciscanos.org.br\/noticias\/#\/schema\/person\/d9422e83121c3ad3b0f423d195f5bb25\"},\"breadcrumb\":{\"@id\":\"https:\/\/franciscanos.org.br\/noticias\/o-dialogo-da-sua-tonica-no-segundo-dia-do-encontro-da-ofs-e-assistentes-da-provincia.html#breadcrumb\"},\"inLanguage\":\"pt-BR\",\"potentialAction\":[{\"@type\":\"ReadAction\",\"target\":[\"https:\/\/franciscanos.org.br\/noticias\/o-dialogo-da-sua-tonica-no-segundo-dia-do-encontro-da-ofs-e-assistentes-da-provincia.html\"]}]},{\"@type\":\"BreadcrumbList\",\"@id\":\"https:\/\/franciscanos.org.br\/noticias\/o-dialogo-da-sua-tonica-no-segundo-dia-do-encontro-da-ofs-e-assistentes-da-provincia.html#breadcrumb\",\"itemListElement\":[{\"@type\":\"ListItem\",\"position\":1,\"name\":\"Home\",\"item\":\"https:\/\/franciscanos.org.br\/noticias\"},{\"@type\":\"ListItem\",\"position\":2,\"name\":\"O di\u00e1logo d\u00e1 sua t\u00f4nica no segundo dia do Encontro da OFS e Assistentes da Prov\u00edncia\"}]},{\"@type\":\"Person\",\"@id\":\"https:\/\/franciscanos.org.br\/noticias\/#\/schema\/person\/d9422e83121c3ad3b0f423d195f5bb25\",\"name\":\"Adriana Rabelo\",\"image\":{\"@type\":\"ImageObject\",\"inLanguage\":\"pt-BR\",\"@id\":\"https:\/\/franciscanos.org.br\/noticias\/#\/schema\/person\/image\/\",\"url\":\"https:\/\/secure.gravatar.com\/avatar\/0a937b7500cd7df77540cfb8bede877d?s=96&d=mm&r=g\",\"contentUrl\":\"https:\/\/secure.gravatar.com\/avatar\/0a937b7500cd7df77540cfb8bede877d?s=96&d=mm&r=g\",\"caption\":\"Adriana Rabelo\"},\"url\":\"https:\/\/franciscanos.org.br\/noticias\/author\/adrianarabelo\"}]}<\/script>\n<!-- \/ Yoast SEO plugin. -->","yoast_head_json":{"title":"O di\u00e1logo d\u00e1 sua t\u00f4nica no segundo dia do Encontro da OFS e Assistentes da Prov\u00edncia - Not\u00edcias - Franciscanos","robots":{"index":"index","follow":"follow","max-snippet":"max-snippet:-1","max-image-preview":"max-image-preview:large","max-video-preview":"max-video-preview:-1"},"canonical":"https:\/\/franciscanos.org.br\/noticias\/o-dialogo-da-sua-tonica-no-segundo-dia-do-encontro-da-ofs-e-assistentes-da-provincia.html","og_locale":"pt_BR","og_type":"article","og_title":"O di\u00e1logo d\u00e1 sua t\u00f4nica no segundo dia do Encontro da OFS e Assistentes da Prov\u00edncia - Not\u00edcias - Franciscanos","og_description":"2\u00ba dia do encontro \u00e9 marcado por reflex\u00f5es e troca de experi\u00eancias","og_url":"https:\/\/franciscanos.org.br\/noticias\/o-dialogo-da-sua-tonica-no-segundo-dia-do-encontro-da-ofs-e-assistentes-da-provincia.html","og_site_name":"Not\u00edcias - Franciscanos","article_published_time":"2024-09-08T14:42:00+00:00","article_modified_time":"2024-09-11T13:45:46+00:00","og_image":[{"width":800,"height":550,"url":"https:\/\/franciscanos.org.br\/noticias\/wp-content\/uploads\/2024\/09\/CHAMADA-2.jpg","type":"image\/jpeg"}],"author":"Adriana Rabelo","twitter_card":"summary_large_image","twitter_misc":{"Escrito por":"Adriana Rabelo","Est. tempo de leitura":"5 minutos"},"schema":{"@context":"https:\/\/schema.org","@graph":[{"@type":"WebSite","@id":"https:\/\/franciscanos.org.br\/noticias\/#website","url":"https:\/\/franciscanos.org.br\/noticias\/","name":"Not\u00edcias - Franciscanos","description":"Prov\u00edncia Franciscana da Imaculada Concei\u00e7\u00e3o do Brasil - Ordem dos Frades Menores - OFM","potentialAction":[{"@type":"SearchAction","target":{"@type":"EntryPoint","urlTemplate":"https:\/\/franciscanos.org.br\/noticias\/?s={search_term_string}"},"query-input":"required name=search_term_string"}],"inLanguage":"pt-BR"},{"@type":"ImageObject","inLanguage":"pt-BR","@id":"https:\/\/franciscanos.org.br\/noticias\/o-dialogo-da-sua-tonica-no-segundo-dia-do-encontro-da-ofs-e-assistentes-da-provincia.html#primaryimage","url":"https:\/\/franciscanos.org.br\/noticias\/wp-content\/uploads\/2024\/09\/CHAMADA-2.jpg","contentUrl":"https:\/\/franciscanos.org.br\/noticias\/wp-content\/uploads\/2024\/09\/CHAMADA-2.jpg","width":800,"height":550},{"@type":"WebPage","@id":"https:\/\/franciscanos.org.br\/noticias\/o-dialogo-da-sua-tonica-no-segundo-dia-do-encontro-da-ofs-e-assistentes-da-provincia.html#webpage","url":"https:\/\/franciscanos.org.br\/noticias\/o-dialogo-da-sua-tonica-no-segundo-dia-do-encontro-da-ofs-e-assistentes-da-provincia.html","name":"O di\u00e1logo d\u00e1 sua t\u00f4nica no segundo dia do Encontro da OFS e Assistentes da Prov\u00edncia - Not\u00edcias - Franciscanos","isPartOf":{"@id":"https:\/\/franciscanos.org.br\/noticias\/#website"},"primaryImageOfPage":{"@id":"https:\/\/franciscanos.org.br\/noticias\/o-dialogo-da-sua-tonica-no-segundo-dia-do-encontro-da-ofs-e-assistentes-da-provincia.html#primaryimage"},"datePublished":"2024-09-08T14:42:00+00:00","dateModified":"2024-09-11T13:45:46+00:00","author":{"@id":"https:\/\/franciscanos.org.br\/noticias\/#\/schema\/person\/d9422e83121c3ad3b0f423d195f5bb25"},"breadcrumb":{"@id":"https:\/\/franciscanos.org.br\/noticias\/o-dialogo-da-sua-tonica-no-segundo-dia-do-encontro-da-ofs-e-assistentes-da-provincia.html#breadcrumb"},"inLanguage":"pt-BR","potentialAction":[{"@type":"ReadAction","target":["https:\/\/franciscanos.org.br\/noticias\/o-dialogo-da-sua-tonica-no-segundo-dia-do-encontro-da-ofs-e-assistentes-da-provincia.html"]}]},{"@type":"BreadcrumbList","@id":"https:\/\/franciscanos.org.br\/noticias\/o-dialogo-da-sua-tonica-no-segundo-dia-do-encontro-da-ofs-e-assistentes-da-provincia.html#breadcrumb","itemListElement":[{"@type":"ListItem","position":1,"name":"Home","item":"https:\/\/franciscanos.org.br\/noticias"},{"@type":"ListItem","position":2,"name":"O di\u00e1logo d\u00e1 sua t\u00f4nica no segundo dia do Encontro da OFS e Assistentes da Prov\u00edncia"}]},{"@type":"Person","@id":"https:\/\/franciscanos.org.br\/noticias\/#\/schema\/person\/d9422e83121c3ad3b0f423d195f5bb25","name":"Adriana Rabelo","image":{"@type":"ImageObject","inLanguage":"pt-BR","@id":"https:\/\/franciscanos.org.br\/noticias\/#\/schema\/person\/image\/","url":"https:\/\/secure.gravatar.com\/avatar\/0a937b7500cd7df77540cfb8bede877d?s=96&d=mm&r=g","contentUrl":"https:\/\/secure.gravatar.com\/avatar\/0a937b7500cd7df77540cfb8bede877d?s=96&d=mm&r=g","caption":"Adriana Rabelo"},"url":"https:\/\/franciscanos.org.br\/noticias\/author\/adrianarabelo"}]}},"_links":{"self":[{"href":"https:\/\/franciscanos.org.br\/noticias\/wp-json\/wp\/v2\/posts\/250626"}],"collection":[{"href":"https:\/\/franciscanos.org.br\/noticias\/wp-json\/wp\/v2\/posts"}],"about":[{"href":"https:\/\/franciscanos.org.br\/noticias\/wp-json\/wp\/v2\/types\/post"}],"author":[{"embeddable":true,"href":"https:\/\/franciscanos.org.br\/noticias\/wp-json\/wp\/v2\/users\/11"}],"replies":[{"embeddable":true,"href":"https:\/\/franciscanos.org.br\/noticias\/wp-json\/wp\/v2\/comments?post=250626"}],"version-history":[{"count":9,"href":"https:\/\/franciscanos.org.br\/noticias\/wp-json\/wp\/v2\/posts\/250626\/revisions"}],"predecessor-version":[{"id":250722,"href":"https:\/\/franciscanos.org.br\/noticias\/wp-json\/wp\/v2\/posts\/250626\/revisions\/250722"}],"wp:featuredmedia":[{"embeddable":true,"href":"https:\/\/franciscanos.org.br\/noticias\/wp-json\/wp\/v2\/media\/250632"}],"wp:attachment":[{"href":"https:\/\/franciscanos.org.br\/noticias\/wp-json\/wp\/v2\/media?parent=250626"}],"wp:term":[{"taxonomy":"category","embeddable":true,"href":"https:\/\/franciscanos.org.br\/noticias\/wp-json\/wp\/v2\/categories?post=250626"},{"taxonomy":"post_tag","embeddable":true,"href":"https:\/\/franciscanos.org.br\/noticias\/wp-json\/wp\/v2\/tags?post=250626"}],"curies":[{"name":"wp","href":"https:\/\/api.w.org\/{rel}","templated":true}]}}