{"id":250613,"date":"2024-09-07T10:00:43","date_gmt":"2024-09-07T13:00:43","guid":{"rendered":"https:\/\/franciscanos.org.br\/noticias\/?p=250613"},"modified":"2024-09-11T09:46:00","modified_gmt":"2024-09-11T12:46:00","slug":"1o-encontro-da-ofs-e-assistentes-nao-podemos-permitir-franciscanamente-que-o-mundo-desacredite-da-esperanca","status":"publish","type":"post","link":"https:\/\/franciscanos.org.br\/noticias\/1o-encontro-da-ofs-e-assistentes-nao-podemos-permitir-franciscanamente-que-o-mundo-desacredite-da-esperanca.html","title":{"rendered":"1\u00ba Encontro da OFS e Assistentes: \u201cN\u00e3o podemos permitir, franciscanamente, que o mundo desacredite da Esperan\u00e7a\u201d"},"content":{"rendered":"<p><img loading=\"lazy\" class=\"aligncenter wp-image-250614 size-full\" src=\"https:\/\/franciscanos.org.br\/noticias\/wp-content\/uploads\/2024\/09\/MATERIA-6.jpg\" alt=\"\" width=\"1280\" height=\"720\" srcset=\"https:\/\/franciscanos.org.br\/noticias\/wp-content\/uploads\/2024\/09\/MATERIA-6.jpg 1280w, https:\/\/franciscanos.org.br\/noticias\/wp-content\/uploads\/2024\/09\/MATERIA-6-450x253.jpg 450w, https:\/\/franciscanos.org.br\/noticias\/wp-content\/uploads\/2024\/09\/MATERIA-6-1024x576.jpg 1024w, https:\/\/franciscanos.org.br\/noticias\/wp-content\/uploads\/2024\/09\/MATERIA-6-768x432.jpg 768w, https:\/\/franciscanos.org.br\/noticias\/wp-content\/uploads\/2024\/09\/MATERIA-6-150x84.jpg 150w\" sizes=\"(max-width: 1280px) 100vw, 1280px\" \/><\/p>\n<p>Na noite do dia 6 de setembro, a Prov\u00edncia Franciscana da Imaculada Concei\u00e7\u00e3o do Brasil celebrou a abertura do seu 1\u00ba Encontro da OFS e Assistentes, que se estender\u00e1 at\u00e9 o dia 8, no Semin\u00e1rio Santo Ant\u00f4nio, de Agudos, no interior de S\u00e3o Paulo. Cerca de 90 pessoas, entre leigos e religiosos, se reuniram para a celebra\u00e7\u00e3o desse ideal franciscano de vida sob o tema: &#8220;Peregrinos da Esperan\u00e7a&#8221; e o lema: &#8220;Porque todos v\u00f3s sois filhos da luz e filhos do dia&#8221; (1Ts 1,5).<\/p>\n<p>Ao longo de toda a sexta-feira, irm\u00e3os de diferentes fraternidades e regi\u00f5es foram chegando para participar desse encontro. Ap\u00f3s o jantar, Frei Florival Mariano de Toledo e Frei Leandro Ferreira Silva conduziram um momento de ora\u00e7\u00e3o que introduziu os presentes \u00e0 uma profunda reflex\u00e3o acerca da carta de S\u00e3o Paulo aos Cor\u00edntios (3-13), e nela todos foram convidados a ser uma l\u00e2mpada que irradia a Esperan\u00e7a que \u00e9 o pr\u00f3prio Cristo. Em uma caminhada luminosa, a ora\u00e7\u00e3o encerrou-se aos p\u00e9s da Imaculada Concei\u00e7\u00e3o, a advogada de nossa Ordem e padroeira de nossa Prov\u00edncia.<\/p>\n<p>Frei Paulo Roberto Pereira, Ministro provincial, em poucas palavras agradeceu aos irm\u00e3os e aos religiosos presentes pelo &#8220;sim&#8221; generoso em abra\u00e7ar essa provoca\u00e7\u00e3o de se reunirem para alinharem os projetos e caminharem cada vez mais unidos no seguimento de S\u00e3o Francisco e\u00a0 Santa Clara. \u201cIrm\u00e3os, Deus nos deu a gra\u00e7a de estarmos aqui e de sonharmos, e tamb\u00e9m nos d\u00e1 a gra\u00e7a de ordenarmos esses desejos\u201d.<\/p>\n<p><img loading=\"lazy\" class=\"size-medium wp-image-250620 alignright\" src=\"https:\/\/franciscanos.org.br\/noticias\/wp-content\/uploads\/2024\/09\/IMG_2704-1-450x300.jpg\" alt=\"\" width=\"450\" height=\"300\" srcset=\"https:\/\/franciscanos.org.br\/noticias\/wp-content\/uploads\/2024\/09\/IMG_2704-1-450x300.jpg 450w, https:\/\/franciscanos.org.br\/noticias\/wp-content\/uploads\/2024\/09\/IMG_2704-1-1024x683.jpg 1024w, https:\/\/franciscanos.org.br\/noticias\/wp-content\/uploads\/2024\/09\/IMG_2704-1-768x512.jpg 768w, https:\/\/franciscanos.org.br\/noticias\/wp-content\/uploads\/2024\/09\/IMG_2704-1-1536x1024.jpg 1536w, https:\/\/franciscanos.org.br\/noticias\/wp-content\/uploads\/2024\/09\/IMG_2704-1-2048x1365.jpg 2048w, https:\/\/franciscanos.org.br\/noticias\/wp-content\/uploads\/2024\/09\/IMG_2704-1-150x100.jpg 150w, https:\/\/franciscanos.org.br\/noticias\/wp-content\/uploads\/2024\/09\/IMG_2704-1-scaled.jpg 1620w\" sizes=\"(max-width: 450px) 100vw, 450px\" \/>Frei Vitorio Mazzuco Filho, ap\u00f3s a ora\u00e7\u00e3o da noite, refor\u00e7ou a import\u00e2ncia de caminharmos dentro do carisma franciscano e da identidade, dos valores que congregam os irm\u00e3os e irm\u00e3s na miss\u00e3o. Em sua fala, lembrou de eventos significativos que se aproximam e que s\u00e3o um apelo aos franciscanos: &#8220;N\u00f3s estamos pr\u00f3ximos do Ano Santo da Esperan\u00e7a e da abertura da Porta da Miseric\u00f3rdia, e n\u00f3s temos em S\u00e3o Francisco e Santa Clara as chaves para abrir essa porta!&#8221;. Frei Vitorio ainda acrescentou: &#8220;E \u00e9 por isso que n\u00f3s estamos aqui, para <em>reencantar<\/em> aspectos da nossa voca\u00e7\u00e3o e do nosso modo de estar nessa casa do mundo. [&#8230;] Precisamos voltar para a origem da nossa espiritualidade, ouvir os or\u00e1culos, ouvir a voz de Deus que nos fala em seu Evangelho. [&#8230;] N\u00f3s n\u00e3o podemos permitir, franciscanamente, que o mundo desacredite da Esperan\u00e7a&#8221;.<\/p>\n<p>O palestrante voltou a refor\u00e7ar que essa luz que carregamos deve iluminar as diversas sombras que s\u00e3o encontradas no cotidiano,\u00a0 entre elas, a mentira, t\u00e3o facilmente disseminada por aqueles que n\u00e3o t\u00eam compromisso com a verdade, gerando incertezas, inseguran\u00e7as e o desespero.<\/p>\n<p>As atividades do primeiro dia terminaram perto das 22h com o c\u00e2ntico <em>Salve Regina<\/em>, dedicando os pr\u00f3ximos dias do encontro \u00e0 M\u00e3e de Deus para que os frutos desse encontro sejam agrad\u00e1veis ao Senhor.<\/p>\n<hr \/>\n<p><em>Frei Gilberto Silveira da Costa Junior<\/em><\/p>\n\n\t\t<style type=\"text\/css\">\n\t\t\t#gallery-1 {\n\t\t\t\tmargin: auto;\n\t\t\t}\n\t\t\t#gallery-1 .gallery-item {\n\t\t\t\tfloat: left;\n\t\t\t\tmargin-top: 10px;\n\t\t\t\ttext-align: center;\n\t\t\t\twidth: 25%;\n\t\t\t}\n\t\t\t#gallery-1 img {\n\t\t\t\tborder: 2px solid #cfcfcf;\n\t\t\t}\n\t\t\t#gallery-1 .gallery-caption {\n\t\t\t\tmargin-left: 0;\n\t\t\t}\n\t\t\t\/* see gallery_shortcode() in wp-includes\/media.php *\/\n\t\t<\/style>\n\t\t<div id='gallery-1' class='gallery galleryid-250613 gallery-columns-4 gallery-size-thumbnail'><dl class='gallery-item'>\n\t\t\t<dt class='gallery-icon landscape'>\n\t\t\t\t<a href='https:\/\/franciscanos.org.br\/noticias\/wp-content\/uploads\/2024\/09\/IMG_2797-scaled.jpg'><img width=\"300\" height=\"300\" src=\"https:\/\/franciscanos.org.br\/noticias\/wp-content\/uploads\/2024\/09\/IMG_2797-300x300.jpg\" class=\"attachment-thumbnail size-thumbnail\" alt=\"\" loading=\"lazy\" srcset=\"https:\/\/franciscanos.org.br\/noticias\/wp-content\/uploads\/2024\/09\/IMG_2797-300x300.jpg 300w, https:\/\/franciscanos.org.br\/noticias\/wp-content\/uploads\/2024\/09\/IMG_2797-100x100.jpg 100w\" sizes=\"(max-width: 300px) 100vw, 300px\" \/><\/a>\n\t\t\t<\/dt><\/dl><dl class='gallery-item'>\n\t\t\t<dt class='gallery-icon landscape'>\n\t\t\t\t<a href='https:\/\/franciscanos.org.br\/noticias\/wp-content\/uploads\/2024\/09\/IMG_2844-scaled.jpg'><img width=\"300\" height=\"300\" src=\"https:\/\/franciscanos.org.br\/noticias\/wp-content\/uploads\/2024\/09\/IMG_2844-300x300.jpg\" class=\"attachment-thumbnail size-thumbnail\" alt=\"\" loading=\"lazy\" srcset=\"https:\/\/franciscanos.org.br\/noticias\/wp-content\/uploads\/2024\/09\/IMG_2844-300x300.jpg 300w, https:\/\/franciscanos.org.br\/noticias\/wp-content\/uploads\/2024\/09\/IMG_2844-100x100.jpg 100w\" sizes=\"(max-width: 300px) 100vw, 300px\" \/><\/a>\n\t\t\t<\/dt><\/dl><dl class='gallery-item'>\n\t\t\t<dt class='gallery-icon landscape'>\n\t\t\t\t<a href='https:\/\/franciscanos.org.br\/noticias\/wp-content\/uploads\/2024\/09\/IMG_2718-scaled.jpg'><img width=\"300\" height=\"300\" src=\"https:\/\/franciscanos.org.br\/noticias\/wp-content\/uploads\/2024\/09\/IMG_2718-300x300.jpg\" class=\"attachment-thumbnail size-thumbnail\" alt=\"\" loading=\"lazy\" srcset=\"https:\/\/franciscanos.org.br\/noticias\/wp-content\/uploads\/2024\/09\/IMG_2718-300x300.jpg 300w, https:\/\/franciscanos.org.br\/noticias\/wp-content\/uploads\/2024\/09\/IMG_2718-100x100.jpg 100w\" sizes=\"(max-width: 300px) 100vw, 300px\" \/><\/a>\n\t\t\t<\/dt><\/dl><dl class='gallery-item'>\n\t\t\t<dt class='gallery-icon landscape'>\n\t\t\t\t<a href='https:\/\/franciscanos.org.br\/noticias\/wp-content\/uploads\/2024\/09\/IMG_2775-scaled.jpg'><img width=\"300\" height=\"300\" src=\"https:\/\/franciscanos.org.br\/noticias\/wp-content\/uploads\/2024\/09\/IMG_2775-300x300.jpg\" class=\"attachment-thumbnail size-thumbnail\" alt=\"\" loading=\"lazy\" srcset=\"https:\/\/franciscanos.org.br\/noticias\/wp-content\/uploads\/2024\/09\/IMG_2775-300x300.jpg 300w, https:\/\/franciscanos.org.br\/noticias\/wp-content\/uploads\/2024\/09\/IMG_2775-100x100.jpg 100w\" sizes=\"(max-width: 300px) 100vw, 300px\" \/><\/a>\n\t\t\t<\/dt><\/dl><br style=\"clear: both\" \/>\n\t\t<\/div>\n\n","protected":false},"excerpt":{"rendered":"<p>Atividade re\u00fane frades, leigos  religiosos<\/p>\n","protected":false},"author":11,"featured_media":250614,"comment_status":"open","ping_status":"open","sticky":false,"template":"","format":"standard","meta":[],"categories":[1],"tags":[483,60,2031],"acf":[],"yoast_head":"<!-- This site is optimized with the Yoast SEO plugin v19.2 - https:\/\/yoast.com\/wordpress\/plugins\/seo\/ -->\n<title>1\u00ba Encontro da OFS e Assistentes: \u201cN\u00e3o podemos permitir, franciscanamente, que o mundo desacredite da Esperan\u00e7a\u201d - Not\u00edcias - Franciscanos<\/title>\n<meta name=\"robots\" content=\"index, follow, max-snippet:-1, max-image-preview:large, max-video-preview:-1\" \/>\n<link rel=\"canonical\" href=\"https:\/\/franciscanos.org.br\/noticias\/1o-encontro-da-ofs-e-assistentes-nao-podemos-permitir-franciscanamente-que-o-mundo-desacredite-da-esperanca.html\" \/>\n<meta property=\"og:locale\" content=\"pt_BR\" \/>\n<meta property=\"og:type\" content=\"article\" \/>\n<meta property=\"og:title\" content=\"1\u00ba Encontro da OFS e Assistentes: \u201cN\u00e3o podemos permitir, franciscanamente, que o mundo desacredite da Esperan\u00e7a\u201d - Not\u00edcias - Franciscanos\" \/>\n<meta property=\"og:description\" content=\"Atividade re\u00fane frades, leigos religiosos\" \/>\n<meta property=\"og:url\" content=\"https:\/\/franciscanos.org.br\/noticias\/1o-encontro-da-ofs-e-assistentes-nao-podemos-permitir-franciscanamente-que-o-mundo-desacredite-da-esperanca.html\" \/>\n<meta property=\"og:site_name\" content=\"Not\u00edcias - Franciscanos\" \/>\n<meta property=\"article:published_time\" content=\"2024-09-07T13:00:43+00:00\" \/>\n<meta property=\"article:modified_time\" content=\"2024-09-11T12:46:00+00:00\" \/>\n<meta property=\"og:image\" content=\"https:\/\/franciscanos.org.br\/noticias\/wp-content\/uploads\/2024\/09\/MATERIA-6.jpg\" \/>\n\t<meta property=\"og:image:width\" content=\"1280\" \/>\n\t<meta property=\"og:image:height\" content=\"720\" \/>\n\t<meta property=\"og:image:type\" content=\"image\/jpeg\" \/>\n<meta name=\"author\" content=\"Adriana Rabelo\" \/>\n<meta name=\"twitter:card\" content=\"summary_large_image\" \/>\n<meta name=\"twitter:label1\" content=\"Escrito por\" \/>\n\t<meta name=\"twitter:data1\" content=\"Adriana Rabelo\" \/>\n\t<meta name=\"twitter:label2\" content=\"Est. tempo de leitura\" \/>\n\t<meta name=\"twitter:data2\" content=\"3 minutos\" \/>\n<script type=\"application\/ld+json\" class=\"yoast-schema-graph\">{\"@context\":\"https:\/\/schema.org\",\"@graph\":[{\"@type\":\"WebSite\",\"@id\":\"https:\/\/franciscanos.org.br\/noticias\/#website\",\"url\":\"https:\/\/franciscanos.org.br\/noticias\/\",\"name\":\"Not\u00edcias - Franciscanos\",\"description\":\"Prov\u00edncia Franciscana da Imaculada Concei\u00e7\u00e3o do Brasil - Ordem dos Frades Menores - OFM\",\"potentialAction\":[{\"@type\":\"SearchAction\",\"target\":{\"@type\":\"EntryPoint\",\"urlTemplate\":\"https:\/\/franciscanos.org.br\/noticias\/?s={search_term_string}\"},\"query-input\":\"required name=search_term_string\"}],\"inLanguage\":\"pt-BR\"},{\"@type\":\"ImageObject\",\"inLanguage\":\"pt-BR\",\"@id\":\"https:\/\/franciscanos.org.br\/noticias\/1o-encontro-da-ofs-e-assistentes-nao-podemos-permitir-franciscanamente-que-o-mundo-desacredite-da-esperanca.html#primaryimage\",\"url\":\"https:\/\/franciscanos.org.br\/noticias\/wp-content\/uploads\/2024\/09\/MATERIA-6.jpg\",\"contentUrl\":\"https:\/\/franciscanos.org.br\/noticias\/wp-content\/uploads\/2024\/09\/MATERIA-6.jpg\",\"width\":1280,\"height\":720},{\"@type\":\"WebPage\",\"@id\":\"https:\/\/franciscanos.org.br\/noticias\/1o-encontro-da-ofs-e-assistentes-nao-podemos-permitir-franciscanamente-que-o-mundo-desacredite-da-esperanca.html#webpage\",\"url\":\"https:\/\/franciscanos.org.br\/noticias\/1o-encontro-da-ofs-e-assistentes-nao-podemos-permitir-franciscanamente-que-o-mundo-desacredite-da-esperanca.html\",\"name\":\"1\u00ba Encontro da OFS e Assistentes: \u201cN\u00e3o podemos permitir, franciscanamente, que o mundo desacredite da Esperan\u00e7a\u201d - Not\u00edcias - Franciscanos\",\"isPartOf\":{\"@id\":\"https:\/\/franciscanos.org.br\/noticias\/#website\"},\"primaryImageOfPage\":{\"@id\":\"https:\/\/franciscanos.org.br\/noticias\/1o-encontro-da-ofs-e-assistentes-nao-podemos-permitir-franciscanamente-que-o-mundo-desacredite-da-esperanca.html#primaryimage\"},\"datePublished\":\"2024-09-07T13:00:43+00:00\",\"dateModified\":\"2024-09-11T12:46:00+00:00\",\"author\":{\"@id\":\"https:\/\/franciscanos.org.br\/noticias\/#\/schema\/person\/d9422e83121c3ad3b0f423d195f5bb25\"},\"breadcrumb\":{\"@id\":\"https:\/\/franciscanos.org.br\/noticias\/1o-encontro-da-ofs-e-assistentes-nao-podemos-permitir-franciscanamente-que-o-mundo-desacredite-da-esperanca.html#breadcrumb\"},\"inLanguage\":\"pt-BR\",\"potentialAction\":[{\"@type\":\"ReadAction\",\"target\":[\"https:\/\/franciscanos.org.br\/noticias\/1o-encontro-da-ofs-e-assistentes-nao-podemos-permitir-franciscanamente-que-o-mundo-desacredite-da-esperanca.html\"]}]},{\"@type\":\"BreadcrumbList\",\"@id\":\"https:\/\/franciscanos.org.br\/noticias\/1o-encontro-da-ofs-e-assistentes-nao-podemos-permitir-franciscanamente-que-o-mundo-desacredite-da-esperanca.html#breadcrumb\",\"itemListElement\":[{\"@type\":\"ListItem\",\"position\":1,\"name\":\"Home\",\"item\":\"https:\/\/franciscanos.org.br\/noticias\"},{\"@type\":\"ListItem\",\"position\":2,\"name\":\"1\u00ba Encontro da OFS e Assistentes: \u201cN\u00e3o podemos permitir, franciscanamente, que o mundo desacredite da Esperan\u00e7a\u201d\"}]},{\"@type\":\"Person\",\"@id\":\"https:\/\/franciscanos.org.br\/noticias\/#\/schema\/person\/d9422e83121c3ad3b0f423d195f5bb25\",\"name\":\"Adriana Rabelo\",\"image\":{\"@type\":\"ImageObject\",\"inLanguage\":\"pt-BR\",\"@id\":\"https:\/\/franciscanos.org.br\/noticias\/#\/schema\/person\/image\/\",\"url\":\"https:\/\/secure.gravatar.com\/avatar\/0a937b7500cd7df77540cfb8bede877d?s=96&d=mm&r=g\",\"contentUrl\":\"https:\/\/secure.gravatar.com\/avatar\/0a937b7500cd7df77540cfb8bede877d?s=96&d=mm&r=g\",\"caption\":\"Adriana Rabelo\"},\"url\":\"https:\/\/franciscanos.org.br\/noticias\/author\/adrianarabelo\"}]}<\/script>\n<!-- \/ Yoast SEO plugin. -->","yoast_head_json":{"title":"1\u00ba Encontro da OFS e Assistentes: \u201cN\u00e3o podemos permitir, franciscanamente, que o mundo desacredite da Esperan\u00e7a\u201d - Not\u00edcias - Franciscanos","robots":{"index":"index","follow":"follow","max-snippet":"max-snippet:-1","max-image-preview":"max-image-preview:large","max-video-preview":"max-video-preview:-1"},"canonical":"https:\/\/franciscanos.org.br\/noticias\/1o-encontro-da-ofs-e-assistentes-nao-podemos-permitir-franciscanamente-que-o-mundo-desacredite-da-esperanca.html","og_locale":"pt_BR","og_type":"article","og_title":"1\u00ba Encontro da OFS e Assistentes: \u201cN\u00e3o podemos permitir, franciscanamente, que o mundo desacredite da Esperan\u00e7a\u201d - Not\u00edcias - Franciscanos","og_description":"Atividade re\u00fane frades, leigos religiosos","og_url":"https:\/\/franciscanos.org.br\/noticias\/1o-encontro-da-ofs-e-assistentes-nao-podemos-permitir-franciscanamente-que-o-mundo-desacredite-da-esperanca.html","og_site_name":"Not\u00edcias - Franciscanos","article_published_time":"2024-09-07T13:00:43+00:00","article_modified_time":"2024-09-11T12:46:00+00:00","og_image":[{"width":1280,"height":720,"url":"https:\/\/franciscanos.org.br\/noticias\/wp-content\/uploads\/2024\/09\/MATERIA-6.jpg","type":"image\/jpeg"}],"author":"Adriana Rabelo","twitter_card":"summary_large_image","twitter_misc":{"Escrito por":"Adriana Rabelo","Est. tempo de leitura":"3 minutos"},"schema":{"@context":"https:\/\/schema.org","@graph":[{"@type":"WebSite","@id":"https:\/\/franciscanos.org.br\/noticias\/#website","url":"https:\/\/franciscanos.org.br\/noticias\/","name":"Not\u00edcias - Franciscanos","description":"Prov\u00edncia Franciscana da Imaculada Concei\u00e7\u00e3o do Brasil - Ordem dos Frades Menores - OFM","potentialAction":[{"@type":"SearchAction","target":{"@type":"EntryPoint","urlTemplate":"https:\/\/franciscanos.org.br\/noticias\/?s={search_term_string}"},"query-input":"required name=search_term_string"}],"inLanguage":"pt-BR"},{"@type":"ImageObject","inLanguage":"pt-BR","@id":"https:\/\/franciscanos.org.br\/noticias\/1o-encontro-da-ofs-e-assistentes-nao-podemos-permitir-franciscanamente-que-o-mundo-desacredite-da-esperanca.html#primaryimage","url":"https:\/\/franciscanos.org.br\/noticias\/wp-content\/uploads\/2024\/09\/MATERIA-6.jpg","contentUrl":"https:\/\/franciscanos.org.br\/noticias\/wp-content\/uploads\/2024\/09\/MATERIA-6.jpg","width":1280,"height":720},{"@type":"WebPage","@id":"https:\/\/franciscanos.org.br\/noticias\/1o-encontro-da-ofs-e-assistentes-nao-podemos-permitir-franciscanamente-que-o-mundo-desacredite-da-esperanca.html#webpage","url":"https:\/\/franciscanos.org.br\/noticias\/1o-encontro-da-ofs-e-assistentes-nao-podemos-permitir-franciscanamente-que-o-mundo-desacredite-da-esperanca.html","name":"1\u00ba Encontro da OFS e Assistentes: \u201cN\u00e3o podemos permitir, franciscanamente, que o mundo desacredite da Esperan\u00e7a\u201d - Not\u00edcias - Franciscanos","isPartOf":{"@id":"https:\/\/franciscanos.org.br\/noticias\/#website"},"primaryImageOfPage":{"@id":"https:\/\/franciscanos.org.br\/noticias\/1o-encontro-da-ofs-e-assistentes-nao-podemos-permitir-franciscanamente-que-o-mundo-desacredite-da-esperanca.html#primaryimage"},"datePublished":"2024-09-07T13:00:43+00:00","dateModified":"2024-09-11T12:46:00+00:00","author":{"@id":"https:\/\/franciscanos.org.br\/noticias\/#\/schema\/person\/d9422e83121c3ad3b0f423d195f5bb25"},"breadcrumb":{"@id":"https:\/\/franciscanos.org.br\/noticias\/1o-encontro-da-ofs-e-assistentes-nao-podemos-permitir-franciscanamente-que-o-mundo-desacredite-da-esperanca.html#breadcrumb"},"inLanguage":"pt-BR","potentialAction":[{"@type":"ReadAction","target":["https:\/\/franciscanos.org.br\/noticias\/1o-encontro-da-ofs-e-assistentes-nao-podemos-permitir-franciscanamente-que-o-mundo-desacredite-da-esperanca.html"]}]},{"@type":"BreadcrumbList","@id":"https:\/\/franciscanos.org.br\/noticias\/1o-encontro-da-ofs-e-assistentes-nao-podemos-permitir-franciscanamente-que-o-mundo-desacredite-da-esperanca.html#breadcrumb","itemListElement":[{"@type":"ListItem","position":1,"name":"Home","item":"https:\/\/franciscanos.org.br\/noticias"},{"@type":"ListItem","position":2,"name":"1\u00ba Encontro da OFS e Assistentes: \u201cN\u00e3o podemos permitir, franciscanamente, que o mundo desacredite da Esperan\u00e7a\u201d"}]},{"@type":"Person","@id":"https:\/\/franciscanos.org.br\/noticias\/#\/schema\/person\/d9422e83121c3ad3b0f423d195f5bb25","name":"Adriana Rabelo","image":{"@type":"ImageObject","inLanguage":"pt-BR","@id":"https:\/\/franciscanos.org.br\/noticias\/#\/schema\/person\/image\/","url":"https:\/\/secure.gravatar.com\/avatar\/0a937b7500cd7df77540cfb8bede877d?s=96&d=mm&r=g","contentUrl":"https:\/\/secure.gravatar.com\/avatar\/0a937b7500cd7df77540cfb8bede877d?s=96&d=mm&r=g","caption":"Adriana Rabelo"},"url":"https:\/\/franciscanos.org.br\/noticias\/author\/adrianarabelo"}]}},"_links":{"self":[{"href":"https:\/\/franciscanos.org.br\/noticias\/wp-json\/wp\/v2\/posts\/250613"}],"collection":[{"href":"https:\/\/franciscanos.org.br\/noticias\/wp-json\/wp\/v2\/posts"}],"about":[{"href":"https:\/\/franciscanos.org.br\/noticias\/wp-json\/wp\/v2\/types\/post"}],"author":[{"embeddable":true,"href":"https:\/\/franciscanos.org.br\/noticias\/wp-json\/wp\/v2\/users\/11"}],"replies":[{"embeddable":true,"href":"https:\/\/franciscanos.org.br\/noticias\/wp-json\/wp\/v2\/comments?post=250613"}],"version-history":[{"count":8,"href":"https:\/\/franciscanos.org.br\/noticias\/wp-json\/wp\/v2\/posts\/250613\/revisions"}],"predecessor-version":[{"id":250719,"href":"https:\/\/franciscanos.org.br\/noticias\/wp-json\/wp\/v2\/posts\/250613\/revisions\/250719"}],"wp:featuredmedia":[{"embeddable":true,"href":"https:\/\/franciscanos.org.br\/noticias\/wp-json\/wp\/v2\/media\/250614"}],"wp:attachment":[{"href":"https:\/\/franciscanos.org.br\/noticias\/wp-json\/wp\/v2\/media?parent=250613"}],"wp:term":[{"taxonomy":"category","embeddable":true,"href":"https:\/\/franciscanos.org.br\/noticias\/wp-json\/wp\/v2\/categories?post=250613"},{"taxonomy":"post_tag","embeddable":true,"href":"https:\/\/franciscanos.org.br\/noticias\/wp-json\/wp\/v2\/tags?post=250613"}],"curies":[{"name":"wp","href":"https:\/\/api.w.org\/{rel}","templated":true}]}}