{"id":250606,"date":"2024-09-07T08:48:41","date_gmt":"2024-09-07T11:48:41","guid":{"rendered":"https:\/\/franciscanos.org.br\/noticias\/?p=250606"},"modified":"2024-09-11T09:26:13","modified_gmt":"2024-09-11T12:26:13","slug":"grito-dos-excluidos-espera-reunir-milhares-de-pessoas-neste-sabado","status":"publish","type":"post","link":"https:\/\/franciscanos.org.br\/noticias\/grito-dos-excluidos-espera-reunir-milhares-de-pessoas-neste-sabado.html","title":{"rendered":"Grito dos Exclu\u00eddos espera reunir milhares de pessoas neste s\u00e1bado"},"content":{"rendered":"<p><img loading=\"lazy\" class=\"aligncenter wp-image-250607 size-full\" src=\"https:\/\/franciscanos.org.br\/noticias\/wp-content\/uploads\/2024\/09\/materia-5.jpg\" alt=\"\" width=\"1280\" height=\"720\" srcset=\"https:\/\/franciscanos.org.br\/noticias\/wp-content\/uploads\/2024\/09\/materia-5.jpg 1280w, https:\/\/franciscanos.org.br\/noticias\/wp-content\/uploads\/2024\/09\/materia-5-450x253.jpg 450w, https:\/\/franciscanos.org.br\/noticias\/wp-content\/uploads\/2024\/09\/materia-5-1024x576.jpg 1024w, https:\/\/franciscanos.org.br\/noticias\/wp-content\/uploads\/2024\/09\/materia-5-768x432.jpg 768w, https:\/\/franciscanos.org.br\/noticias\/wp-content\/uploads\/2024\/09\/materia-5-150x84.jpg 150w\" sizes=\"(max-width: 1280px) 100vw, 1280px\" \/><\/p>\n<p>Neste s\u00e1bado, 7 de setembro, Dia da Independ\u00eancia do Brasil, milhares de pessoas ir\u00e3o se reunir, em diferentes localidades do pa\u00eds, para participar do Grito dos Exclu\u00eddos e Exclu\u00eddas, que est\u00e1 completando 30 anos de hist\u00f3ria. Neste ano as falas e aten\u00e7\u00e3o estar\u00e3o voltadas para o tema e lema: \u201cTodas as formas de vida importam. Mas quem se importa?\u201d.<\/p>\n<p>Essa iniciativa da Igreja Cat\u00f3lica nasceu em 1994, durante a 2\u00aa Semana Social Brasileira da CNBB (Confer\u00eancia Nacional dos Bispos do Brasil), com o objetivo de dar voz \u00e0 popula\u00e7\u00e3o que sofre com as desigualdades sociais, al\u00e9m de ser um espa\u00e7o pac\u00edfico e democr\u00e1tico de articula\u00e7\u00e3o popular por direitos e de clamor permanente de \u201cVidas em primeiro lugar\u201d, bem como de den\u00fancia das desigualdades hist\u00f3ricas.<\/p>\n<p>A jornalista Ana Valim, do coletivo de comunica\u00e7\u00e3o do Grito dos Exclu\u00eddos e Exclu\u00eddas, participa da organiza\u00e7\u00e3o do evento desde a primeira edi\u00e7\u00e3o. No come\u00e7o ela atuava na Romaria dos Trabalhadores da Pastoral Oper\u00e1ria, que depois foi vinculada ao \u201cGrito\u201d, no Santu\u00e1rio de Nossa Senhora Aparecida, em Aparecida (SP).<\/p>\n<p>\u201cO Grito, nesses 30 anos, se constituiu em um espa\u00e7o de resist\u00eancia, den\u00fancia e an\u00fancio, que foi se espalhando, progressivamente, para todo o Brasil. Os lemas s\u00e3o express\u00f5es disso, passando pela conjuntura pol\u00edtica, econ\u00f4mica e social do pa\u00eds, ora denunciando o sistema capitalista opressor que destr\u00f3i, degrada e mata, a destrui\u00e7\u00e3o do meio ambiente, a viol\u00eancia contra os pobres, as mulheres, o povo negro, a popula\u00e7\u00e3o LGBTQIA+, crian\u00e7as e juventudes as periferias, as comunidades tradicionais, ind\u00edgenas, ribeirinhas, trabalhadores do campo e da cidade\u201d, destacou.<\/p>\n<p>De acordo com a jornalista, o ato democr\u00e1tico, em contraponto ao grito da Independ\u00eancia, chama a popula\u00e7\u00e3o a descer das arquibancadas dos desfiles c\u00edvico-militares e entrar no jogo e participar ativamente dos rumos do pa\u00eds. \u201cO an\u00fancio do Grito \u00e9 a constru\u00e7\u00e3o de um novo projeto de sociedade, onde todas as formas de vida estejam em primeiro lugar. Esse projeto s\u00f3 se concretizar\u00e1 com a conscientiza\u00e7\u00e3o e organiza\u00e7\u00e3o popular, sobretudo dos setores exclu\u00eddos\u201d, concluiu.<\/p>\n<p>Em S\u00e3o Paulo (SP), a concentra\u00e7\u00e3o come\u00e7ou \u00e0s 8h, na Pra\u00e7a da S\u00e9, regi\u00e3o central, com a distribui\u00e7\u00e3o de caf\u00e9 da manh\u00e3. Os pronunciamentos come\u00e7aram \u00e0s 9h, e contaram com a presen\u00e7a de frades da Prov\u00edncia Franciscana da Imaculada Concei\u00e7\u00e3o do Brasil, como Frei Marx Rodrigues dos Reis, Coordenador da Frente de Solidariedade para com os Empobrecidos e Animador do Servi\u00e7o de JPIC (Justi\u00e7a, Paz e Integridade da Cria\u00e7\u00e3o). A expectativa dos organizadores \u00e9 de que 5 mil pessoas participem do evento.<\/p>\n<p>\u201cO 30\u00ba Grito dos Exclu\u00eddos \u00e9 um ato de resist\u00eancia, um clamor por dignidade e igualdade. Nosso foco \u00e9 um grupo que h\u00e1 muito tempo clama por aten\u00e7\u00e3o e apoio: as pessoas em situa\u00e7\u00e3o de rua, que enfrentam uma luta di\u00e1ria pela sobreviv\u00eancia, desprovidas de acesso adequado a sa\u00fade, educa\u00e7\u00e3o e trabalho. Elas s\u00e3o v\u00edtimas de viol\u00eancia, preconceito e neglig\u00eancia. \u00c9 nossa responsabilidade, como sociedade, reconhecer a dignidade inerente a cada um desses indiv\u00edduos e agir para garantir que tenham acesso a uma vida digna!&#8221; afirmou o frade.<\/p>\n<p>Frei Marx acredita que o \u201cGrito\u201d pode ser uma boa oportunidade para a efetiva\u00e7\u00e3o de a\u00e7\u00e3o concreta. \u201cSejamos a mudan\u00e7a que queremos ver, garantindo que a dignidade, o respeito e os direitos de todos sejam uma realidade. A luta \u00e9 de todos n\u00f3s, e s\u00f3 com a uni\u00e3o e a perseveran\u00e7a conseguiremos construir uma sociedade verdadeiramente justa e inclusiva\u201d, salientou.<\/p>\n<p>De acordo com o frade, \u00e9 junto dos exclu\u00eddos e marginalizados que a Igreja pretende levar ao pa\u00eds o Reino de Deus. \u201cFaz-se a pergunta: Quem se importa com os pequeninos? Os franciscanos se importam e devem se importar sempre, porque \u00e9 junto aos pobres e humilhados que est\u00e1 a nossa forma de vida. Fizemos voto de pobreza e estar ao lado desses filhos e filhas de Deus\u00a0 significa que estamos ao lado no nosso carisma, pois S\u00e3o Francisco de Assis viveu sobre a situa\u00e7\u00e3o de rua e viol\u00eancia\u201d.<\/p>\n<p>Relacionado o sentido da presen\u00e7a franciscana no ato, Frei Marx ainda lembrou que o evento na Pra\u00e7a da S\u00e9, contou com um n\u00famero expressivo de pessoas em situa\u00e7\u00e3o de rua, ambiente no qual a fome se estabeleceu. Ele salientou: \u201cQuem se importa com esses filhos e filhas de Deus? N\u00f3s, franciscanos, nos importamos. E quem n\u00e3o se importa? Os geradores de desigualdades sociais, as pessoas que desconstroem a democracia e os direitos dos cidad\u00e3os. Nosso projeto de evangeliza\u00e7\u00e3o \u00e9 junto \u00e0queles que n\u00e3o t\u00eam voz. Nesse dia, aqueles que choram, juntam-se a Igreja e transformam suas l\u00e1grimas em resist\u00eancia, em grito prof\u00e9tico e anunciam que o nosso Deus est\u00e1 a favor dos pequeninos\u201d, finalizou.<\/p>\n<hr \/>\n<p><em>Adriana Rabelo<\/em><\/p>\n","protected":false},"excerpt":{"rendered":"<p>S\u00e3o esperadas  milhares de pessoas<\/p>\n","protected":false},"author":11,"featured_media":250608,"comment_status":"open","ping_status":"open","sticky":false,"template":"","format":"standard","meta":[],"categories":[1],"tags":[1747],"acf":[],"yoast_head":"<!-- This site is optimized with the Yoast SEO plugin v19.2 - https:\/\/yoast.com\/wordpress\/plugins\/seo\/ -->\n<title>Grito dos Exclu\u00eddos espera reunir milhares de pessoas neste s\u00e1bado - Not\u00edcias - Franciscanos<\/title>\n<meta name=\"robots\" content=\"index, follow, max-snippet:-1, max-image-preview:large, max-video-preview:-1\" \/>\n<link rel=\"canonical\" href=\"https:\/\/franciscanos.org.br\/noticias\/grito-dos-excluidos-espera-reunir-milhares-de-pessoas-neste-sabado.html\" \/>\n<meta property=\"og:locale\" content=\"pt_BR\" \/>\n<meta property=\"og:type\" content=\"article\" \/>\n<meta property=\"og:title\" content=\"Grito dos Exclu\u00eddos espera reunir milhares de pessoas neste s\u00e1bado - Not\u00edcias - Franciscanos\" \/>\n<meta property=\"og:description\" content=\"S\u00e3o esperadas milhares de pessoas\" \/>\n<meta property=\"og:url\" content=\"https:\/\/franciscanos.org.br\/noticias\/grito-dos-excluidos-espera-reunir-milhares-de-pessoas-neste-sabado.html\" \/>\n<meta property=\"og:site_name\" content=\"Not\u00edcias - Franciscanos\" \/>\n<meta property=\"article:published_time\" content=\"2024-09-07T11:48:41+00:00\" \/>\n<meta property=\"article:modified_time\" content=\"2024-09-11T12:26:13+00:00\" \/>\n<meta property=\"og:image\" content=\"https:\/\/franciscanos.org.br\/noticias\/wp-content\/uploads\/2024\/09\/chamada-1.jpg\" \/>\n\t<meta property=\"og:image:width\" content=\"800\" \/>\n\t<meta property=\"og:image:height\" content=\"550\" \/>\n\t<meta property=\"og:image:type\" content=\"image\/jpeg\" \/>\n<meta name=\"author\" content=\"Adriana Rabelo\" \/>\n<meta name=\"twitter:card\" content=\"summary_large_image\" \/>\n<meta name=\"twitter:label1\" content=\"Escrito por\" \/>\n\t<meta name=\"twitter:data1\" content=\"Adriana Rabelo\" \/>\n\t<meta name=\"twitter:label2\" content=\"Est. tempo de leitura\" \/>\n\t<meta name=\"twitter:data2\" content=\"4 minutos\" \/>\n<script type=\"application\/ld+json\" class=\"yoast-schema-graph\">{\"@context\":\"https:\/\/schema.org\",\"@graph\":[{\"@type\":\"WebSite\",\"@id\":\"https:\/\/franciscanos.org.br\/noticias\/#website\",\"url\":\"https:\/\/franciscanos.org.br\/noticias\/\",\"name\":\"Not\u00edcias - Franciscanos\",\"description\":\"Prov\u00edncia Franciscana da Imaculada Concei\u00e7\u00e3o do Brasil - Ordem dos Frades Menores - OFM\",\"potentialAction\":[{\"@type\":\"SearchAction\",\"target\":{\"@type\":\"EntryPoint\",\"urlTemplate\":\"https:\/\/franciscanos.org.br\/noticias\/?s={search_term_string}\"},\"query-input\":\"required name=search_term_string\"}],\"inLanguage\":\"pt-BR\"},{\"@type\":\"ImageObject\",\"inLanguage\":\"pt-BR\",\"@id\":\"https:\/\/franciscanos.org.br\/noticias\/grito-dos-excluidos-espera-reunir-milhares-de-pessoas-neste-sabado.html#primaryimage\",\"url\":\"https:\/\/franciscanos.org.br\/noticias\/wp-content\/uploads\/2024\/09\/chamada-1.jpg\",\"contentUrl\":\"https:\/\/franciscanos.org.br\/noticias\/wp-content\/uploads\/2024\/09\/chamada-1.jpg\",\"width\":800,\"height\":550},{\"@type\":\"WebPage\",\"@id\":\"https:\/\/franciscanos.org.br\/noticias\/grito-dos-excluidos-espera-reunir-milhares-de-pessoas-neste-sabado.html#webpage\",\"url\":\"https:\/\/franciscanos.org.br\/noticias\/grito-dos-excluidos-espera-reunir-milhares-de-pessoas-neste-sabado.html\",\"name\":\"Grito dos Exclu\u00eddos espera reunir milhares de pessoas neste s\u00e1bado - Not\u00edcias - Franciscanos\",\"isPartOf\":{\"@id\":\"https:\/\/franciscanos.org.br\/noticias\/#website\"},\"primaryImageOfPage\":{\"@id\":\"https:\/\/franciscanos.org.br\/noticias\/grito-dos-excluidos-espera-reunir-milhares-de-pessoas-neste-sabado.html#primaryimage\"},\"datePublished\":\"2024-09-07T11:48:41+00:00\",\"dateModified\":\"2024-09-11T12:26:13+00:00\",\"author\":{\"@id\":\"https:\/\/franciscanos.org.br\/noticias\/#\/schema\/person\/d9422e83121c3ad3b0f423d195f5bb25\"},\"breadcrumb\":{\"@id\":\"https:\/\/franciscanos.org.br\/noticias\/grito-dos-excluidos-espera-reunir-milhares-de-pessoas-neste-sabado.html#breadcrumb\"},\"inLanguage\":\"pt-BR\",\"potentialAction\":[{\"@type\":\"ReadAction\",\"target\":[\"https:\/\/franciscanos.org.br\/noticias\/grito-dos-excluidos-espera-reunir-milhares-de-pessoas-neste-sabado.html\"]}]},{\"@type\":\"BreadcrumbList\",\"@id\":\"https:\/\/franciscanos.org.br\/noticias\/grito-dos-excluidos-espera-reunir-milhares-de-pessoas-neste-sabado.html#breadcrumb\",\"itemListElement\":[{\"@type\":\"ListItem\",\"position\":1,\"name\":\"Home\",\"item\":\"https:\/\/franciscanos.org.br\/noticias\"},{\"@type\":\"ListItem\",\"position\":2,\"name\":\"Grito dos Exclu\u00eddos espera reunir milhares de pessoas neste s\u00e1bado\"}]},{\"@type\":\"Person\",\"@id\":\"https:\/\/franciscanos.org.br\/noticias\/#\/schema\/person\/d9422e83121c3ad3b0f423d195f5bb25\",\"name\":\"Adriana Rabelo\",\"image\":{\"@type\":\"ImageObject\",\"inLanguage\":\"pt-BR\",\"@id\":\"https:\/\/franciscanos.org.br\/noticias\/#\/schema\/person\/image\/\",\"url\":\"https:\/\/secure.gravatar.com\/avatar\/0a937b7500cd7df77540cfb8bede877d?s=96&d=mm&r=g\",\"contentUrl\":\"https:\/\/secure.gravatar.com\/avatar\/0a937b7500cd7df77540cfb8bede877d?s=96&d=mm&r=g\",\"caption\":\"Adriana Rabelo\"},\"url\":\"https:\/\/franciscanos.org.br\/noticias\/author\/adrianarabelo\"}]}<\/script>\n<!-- \/ Yoast SEO plugin. -->","yoast_head_json":{"title":"Grito dos Exclu\u00eddos espera reunir milhares de pessoas neste s\u00e1bado - Not\u00edcias - Franciscanos","robots":{"index":"index","follow":"follow","max-snippet":"max-snippet:-1","max-image-preview":"max-image-preview:large","max-video-preview":"max-video-preview:-1"},"canonical":"https:\/\/franciscanos.org.br\/noticias\/grito-dos-excluidos-espera-reunir-milhares-de-pessoas-neste-sabado.html","og_locale":"pt_BR","og_type":"article","og_title":"Grito dos Exclu\u00eddos espera reunir milhares de pessoas neste s\u00e1bado - Not\u00edcias - Franciscanos","og_description":"S\u00e3o esperadas milhares de pessoas","og_url":"https:\/\/franciscanos.org.br\/noticias\/grito-dos-excluidos-espera-reunir-milhares-de-pessoas-neste-sabado.html","og_site_name":"Not\u00edcias - Franciscanos","article_published_time":"2024-09-07T11:48:41+00:00","article_modified_time":"2024-09-11T12:26:13+00:00","og_image":[{"width":800,"height":550,"url":"https:\/\/franciscanos.org.br\/noticias\/wp-content\/uploads\/2024\/09\/chamada-1.jpg","type":"image\/jpeg"}],"author":"Adriana Rabelo","twitter_card":"summary_large_image","twitter_misc":{"Escrito por":"Adriana Rabelo","Est. tempo de leitura":"4 minutos"},"schema":{"@context":"https:\/\/schema.org","@graph":[{"@type":"WebSite","@id":"https:\/\/franciscanos.org.br\/noticias\/#website","url":"https:\/\/franciscanos.org.br\/noticias\/","name":"Not\u00edcias - Franciscanos","description":"Prov\u00edncia Franciscana da Imaculada Concei\u00e7\u00e3o do Brasil - Ordem dos Frades Menores - OFM","potentialAction":[{"@type":"SearchAction","target":{"@type":"EntryPoint","urlTemplate":"https:\/\/franciscanos.org.br\/noticias\/?s={search_term_string}"},"query-input":"required name=search_term_string"}],"inLanguage":"pt-BR"},{"@type":"ImageObject","inLanguage":"pt-BR","@id":"https:\/\/franciscanos.org.br\/noticias\/grito-dos-excluidos-espera-reunir-milhares-de-pessoas-neste-sabado.html#primaryimage","url":"https:\/\/franciscanos.org.br\/noticias\/wp-content\/uploads\/2024\/09\/chamada-1.jpg","contentUrl":"https:\/\/franciscanos.org.br\/noticias\/wp-content\/uploads\/2024\/09\/chamada-1.jpg","width":800,"height":550},{"@type":"WebPage","@id":"https:\/\/franciscanos.org.br\/noticias\/grito-dos-excluidos-espera-reunir-milhares-de-pessoas-neste-sabado.html#webpage","url":"https:\/\/franciscanos.org.br\/noticias\/grito-dos-excluidos-espera-reunir-milhares-de-pessoas-neste-sabado.html","name":"Grito dos Exclu\u00eddos espera reunir milhares de pessoas neste s\u00e1bado - Not\u00edcias - Franciscanos","isPartOf":{"@id":"https:\/\/franciscanos.org.br\/noticias\/#website"},"primaryImageOfPage":{"@id":"https:\/\/franciscanos.org.br\/noticias\/grito-dos-excluidos-espera-reunir-milhares-de-pessoas-neste-sabado.html#primaryimage"},"datePublished":"2024-09-07T11:48:41+00:00","dateModified":"2024-09-11T12:26:13+00:00","author":{"@id":"https:\/\/franciscanos.org.br\/noticias\/#\/schema\/person\/d9422e83121c3ad3b0f423d195f5bb25"},"breadcrumb":{"@id":"https:\/\/franciscanos.org.br\/noticias\/grito-dos-excluidos-espera-reunir-milhares-de-pessoas-neste-sabado.html#breadcrumb"},"inLanguage":"pt-BR","potentialAction":[{"@type":"ReadAction","target":["https:\/\/franciscanos.org.br\/noticias\/grito-dos-excluidos-espera-reunir-milhares-de-pessoas-neste-sabado.html"]}]},{"@type":"BreadcrumbList","@id":"https:\/\/franciscanos.org.br\/noticias\/grito-dos-excluidos-espera-reunir-milhares-de-pessoas-neste-sabado.html#breadcrumb","itemListElement":[{"@type":"ListItem","position":1,"name":"Home","item":"https:\/\/franciscanos.org.br\/noticias"},{"@type":"ListItem","position":2,"name":"Grito dos Exclu\u00eddos espera reunir milhares de pessoas neste s\u00e1bado"}]},{"@type":"Person","@id":"https:\/\/franciscanos.org.br\/noticias\/#\/schema\/person\/d9422e83121c3ad3b0f423d195f5bb25","name":"Adriana Rabelo","image":{"@type":"ImageObject","inLanguage":"pt-BR","@id":"https:\/\/franciscanos.org.br\/noticias\/#\/schema\/person\/image\/","url":"https:\/\/secure.gravatar.com\/avatar\/0a937b7500cd7df77540cfb8bede877d?s=96&d=mm&r=g","contentUrl":"https:\/\/secure.gravatar.com\/avatar\/0a937b7500cd7df77540cfb8bede877d?s=96&d=mm&r=g","caption":"Adriana Rabelo"},"url":"https:\/\/franciscanos.org.br\/noticias\/author\/adrianarabelo"}]}},"_links":{"self":[{"href":"https:\/\/franciscanos.org.br\/noticias\/wp-json\/wp\/v2\/posts\/250606"}],"collection":[{"href":"https:\/\/franciscanos.org.br\/noticias\/wp-json\/wp\/v2\/posts"}],"about":[{"href":"https:\/\/franciscanos.org.br\/noticias\/wp-json\/wp\/v2\/types\/post"}],"author":[{"embeddable":true,"href":"https:\/\/franciscanos.org.br\/noticias\/wp-json\/wp\/v2\/users\/11"}],"replies":[{"embeddable":true,"href":"https:\/\/franciscanos.org.br\/noticias\/wp-json\/wp\/v2\/comments?post=250606"}],"version-history":[{"count":5,"href":"https:\/\/franciscanos.org.br\/noticias\/wp-json\/wp\/v2\/posts\/250606\/revisions"}],"predecessor-version":[{"id":250716,"href":"https:\/\/franciscanos.org.br\/noticias\/wp-json\/wp\/v2\/posts\/250606\/revisions\/250716"}],"wp:featuredmedia":[{"embeddable":true,"href":"https:\/\/franciscanos.org.br\/noticias\/wp-json\/wp\/v2\/media\/250608"}],"wp:attachment":[{"href":"https:\/\/franciscanos.org.br\/noticias\/wp-json\/wp\/v2\/media?parent=250606"}],"wp:term":[{"taxonomy":"category","embeddable":true,"href":"https:\/\/franciscanos.org.br\/noticias\/wp-json\/wp\/v2\/categories?post=250606"},{"taxonomy":"post_tag","embeddable":true,"href":"https:\/\/franciscanos.org.br\/noticias\/wp-json\/wp\/v2\/tags?post=250606"}],"curies":[{"name":"wp","href":"https:\/\/api.w.org\/{rel}","templated":true}]}}