{"id":250570,"date":"2024-09-05T13:18:33","date_gmt":"2024-09-05T16:18:33","guid":{"rendered":"https:\/\/franciscanos.org.br\/noticias\/?p=250570"},"modified":"2024-09-10T15:11:04","modified_gmt":"2024-09-10T18:11:04","slug":"dia-da-amazonia-a-esperanca-se-funda-na-certeza-de-que-o-ser-humano-sempre-pode-mudar-dom-evaristo-pascoal-spengler","status":"publish","type":"post","link":"https:\/\/franciscanos.org.br\/noticias\/dia-da-amazonia-a-esperanca-se-funda-na-certeza-de-que-o-ser-humano-sempre-pode-mudar-dom-evaristo-pascoal-spengler.html","title":{"rendered":"Dia da Amaz\u00f4nia: \u201cA esperan\u00e7a se funda na certeza de que o ser humano sempre pode mudar\u201d (Dom Evaristo Pascoal Spengler)"},"content":{"rendered":"<div id=\"attachment_250572\" style=\"width: 1290px\" class=\"wp-caption alignnone\"><img aria-describedby=\"caption-attachment-250572\" loading=\"lazy\" class=\"wp-image-250572 size-full\" src=\"https:\/\/franciscanos.org.br\/noticias\/wp-content\/uploads\/2024\/09\/MATERIA-mata.jpg\" alt=\"\" width=\"1280\" height=\"720\" srcset=\"https:\/\/franciscanos.org.br\/noticias\/wp-content\/uploads\/2024\/09\/MATERIA-mata.jpg 1280w, https:\/\/franciscanos.org.br\/noticias\/wp-content\/uploads\/2024\/09\/MATERIA-mata-450x253.jpg 450w, https:\/\/franciscanos.org.br\/noticias\/wp-content\/uploads\/2024\/09\/MATERIA-mata-1024x576.jpg 1024w, https:\/\/franciscanos.org.br\/noticias\/wp-content\/uploads\/2024\/09\/MATERIA-mata-768x432.jpg 768w, https:\/\/franciscanos.org.br\/noticias\/wp-content\/uploads\/2024\/09\/MATERIA-mata-150x84.jpg 150w\" sizes=\"(max-width: 1280px) 100vw, 1280px\" \/><p id=\"caption-attachment-250572\" class=\"wp-caption-text\">Foto: Ag\u00eancia Brasil<\/p><\/div>\n<p><span style=\"font-weight: 400;\">Nesta quinta-feira, 5 de setembro, \u00e9 celebrado o Dia da Amaz\u00f4nia, a maior floresta tropical do mundo e uma das maiores riquezas da humanidade. S\u00e3o cerca de 6,74 milh\u00f5es km\u00b2, que abrange oito pa\u00edses: Bol\u00edvia, Brasil, Col\u00f4mbia, Equador, Guiana, Peru e Venezuela, Suriname e o territ\u00f3rio da Guiana Francesa.<\/span><\/p>\n<p><span style=\"font-weight: 400;\">De acordo com o Minist\u00e9rio do Meio Ambiente, a Amaz\u00f4nia \u00e9 o maior bioma brasileiro, ocupando um territ\u00f3rio de 4,196.943 milh\u00f5es de km\u00b2, conforme apontam dados de 2024 do IBGE (Instituto Brasileiro de Geografia e Estat\u00edstica). Nela crescem 2.500 esp\u00e9cies de \u00e1rvores, que representam um ter\u00e7o de toda a madeira tropical do mundo, e 30 mil esp\u00e9cies de plantas, das 100 mil da Am\u00e9rica do Sul.<\/span><\/p>\n<p><span style=\"font-weight: 400;\">O site do minist\u00e9rio tamb\u00e9m informa que a bacia hidrogr\u00e1fica amaz\u00f4nica \u00e9 a maior do mundo, cobrindo cerca de 6 milh\u00f5es de km\u00b2 e tem 1.100 afluentes. Seu principal rio, o Amazonas, corta a regi\u00e3o para desaguar no Oceano Atl\u00e2ntico, lan\u00e7ando ao mar cerca de 175 milh\u00f5es de litros d\u2019\u00e1gua a cada segundo.<\/span><\/p>\n<p><span style=\"font-weight: 400;\">Contextualizar o territ\u00f3rio amaz\u00f4nico, a partir de informa\u00e7\u00f5es relacionadas a sua amplitude e sua gera\u00e7\u00e3o de recursos naturais, \u00e9 trazer para perto o sentido de pertencimento sobre um espa\u00e7o territorial do qual todo filho e filha de Deus faz parte. Aquilo que parece estar distante da realidade, especialmente daqueles que vivem nos grandes centros urbanos, \u00e9 apenas uma ilus\u00e3o de que n\u00e3o tem responsabilidades e compromissos sobre os fatos e condi\u00e7\u00f5es de uma das grandes fontes da nossa manuten\u00e7\u00e3o neste mundo.<\/span><\/p>\n<p><span style=\"font-weight: 400;\">Nesse \u00e2mbito, consci\u00eancia e religi\u00e3o caminham juntas, em um processo vital de reconstru\u00e7\u00e3o e luta pela preserva\u00e7\u00e3o do meio ambiente que grita por socorro e, conforme apontam os organismos internacionais e nacionais, enfrenta condi\u00e7\u00f5es alarmantes. Somos partes interdependentes desse todo e, conforme nos aponta o Papa Francisco na Enc\u00edclica <em>Laudato si\u2019<\/em>: \u201c Para nada serviria descrever os sintomas, se n\u00e3o conhec\u00eassemos a raiz humana da crise ecol\u00f3gica. H\u00e1 um modo desordenado de conceber a vida e a a\u00e7\u00e3o do ser humano, que contradiz a realidade at\u00e9 ao ponto de a arruinar. N\u00e3o podemos nos deter para pensar nisso mesmo? Proponho, pois, que nos concentremos no paradigma tecnocr\u00e1tico dominante e no lugar que ocupa nele o ser humano e a sua a\u00e7\u00e3o no mundo\u201d.<\/span><\/p>\n<h3><strong>Igreja em movimento<\/strong><\/h3>\n<p><span style=\"font-weight: 400;\">Seguindo as orienta\u00e7\u00f5es do Pont\u00edfice, dos debates promovidos pela Igreja e pelas pesquisas de canais confi\u00e1veis de informa\u00e7\u00e3o, desde o primeiro dia do m\u00eas de setembro, estamos vivendo o \u201cTempo da Cria\u00e7\u00e3o\u201d, uma \u00e9poca especial em que celebramos Deus como Criador e reconhecemos a Cria\u00e7\u00e3o como o ato divino cont\u00ednuo que nos re\u00fane em colabora\u00e7\u00e3o para amar e cuidar do dom de tudo aquilo que \u00e9 criado. O per\u00edodo iniciado com o Dia Mundial de Ora\u00e7\u00e3o pelo Cuidado da Cria\u00e7\u00e3o, e ser\u00e1 encerrado em 4 de outubro, dia de S\u00e3o Francisco de Assis, foi fortalecido com uma mensagem do Papa Francisco. Nela, o Pont\u00edfice prop\u00f4s uma reflex\u00e3o sobre o poder humano, o seu significado e os seus limites. \u201cEsperar e agir com a cria\u00e7\u00e3o significa, antes de mais, unir for\u00e7as e, caminhando juntamente com todos os homens e mulheres de boa vontade, ajudar a &#8216;repensar a quest\u00e3o do poder humano, do seu significado e dos seus limites&#8221;&#8216;.<\/span><\/p>\n<p><span style=\"font-weight: 400;\">\u00a0<\/span><span style=\"font-weight: 400;\">Os di\u00e1logos da Igreja sobre o cuidado com a Casa Comum t\u00eam sido constantes. Um dos momentos recentes, promovidos pelo Regional Norte I da CNBB (Confer\u00eancia Nacional dos Bispos do Brasil,\u00a0 para discutir a presen\u00e7a da Igreja na regi\u00e3o foi o <\/span><strong>V Encontro da Igreja Cat\u00f3lica na Amaz\u00f4nia<\/strong><span style=\"font-weight: 400;\">, realizado em Manaus, de 19 a 22 de agosto de 2024. A partir do tema \u201cA Igreja que se fez carne, alarga sua tenda na Amaz\u00f4nia: mem\u00f3ria e esperan\u00e7a\u201d, a atividade teve como objetivo debater sobre a aplica\u00e7\u00e3o do S\u00ednodo para a Amaz\u00f4nia nas Igrejas locais. Ao final do encontro, que tamb\u00e9m contou com a presen\u00e7a de Dom Evaristo Pascoal Spengler, bispo de Roraima (RR), frade vinculado \u00e0 Prov\u00edncia Franciscana da Imaculada Concei\u00e7\u00e3o do Brasil, foi apresentada uma carta.<\/span><\/p>\n<p><span style=\"font-weight: 400;\">Um dos trechos do documento diz que: \u201cO Esp\u00edrito que paira sobre as \u00e1guas e que sopra onde quer nos envolve na grande rede de cuidado com a Casa Comum, na defesa da vida dos povos e, sobretudo, dos pobres da terra e das \u00e1guas, dos migrantes, os mais atingidos com as mudan\u00e7as clim\u00e1ticas. Somos interpelados por uma resposta corajosa e prof\u00e9tica por ocasi\u00e3o da COP 30, lan\u00e7ando um grito em favor da terra e dos povos\u201d.<\/span><\/p>\n<p><span style=\"font-weight: 400;\">Ainda contextualizando, o Brasil ir\u00e1 sediar, em 2025, a COP 30, 30\u00aa Confer\u00eancia das Partes da Conven\u00e7\u00e3o \u2013 Quadro\u00a0das Na\u00e7\u00f5es Unidas sobre Mudan\u00e7a do Clima, que ser\u00e1 realizada em Bel\u00e9m (PA), entre 10 e 21 de novembro de 2025. De acordo com a Ag\u00eancia Senado, a COP tem o objetivo de debater medidas para diminuir a emiss\u00e3o de gases do efeito estufa, encontrar solu\u00e7\u00f5es para problemas ambientais que afetam o planeta e negociar acordos. Participam da confer\u00eancia anual todos os 193 pa\u00edses da ONU e cinco territ\u00f3rios. Em novembro deste ano, a COP 29 ser\u00e1 realizada em Baku, no Azerbaij\u00e3o.\u00a0<\/span><\/p>\n<h3><strong>Esperan\u00e7a e a Casa Comum- Entrevista com Dom Evaristo Pascoal Spengler<\/strong><\/h3>\n<p><span style=\"font-weight: 400;\"><img loading=\"lazy\" class=\"size-medium wp-image-250576 alignright\" src=\"https:\/\/franciscanos.org.br\/noticias\/wp-content\/uploads\/2024\/09\/roraima_26-02-417x450.jpg\" alt=\"\" width=\"417\" height=\"450\" srcset=\"https:\/\/franciscanos.org.br\/noticias\/wp-content\/uploads\/2024\/09\/roraima_26-02-417x450.jpg 417w, https:\/\/franciscanos.org.br\/noticias\/wp-content\/uploads\/2024\/09\/roraima_26-02-949x1024.jpg 949w, https:\/\/franciscanos.org.br\/noticias\/wp-content\/uploads\/2024\/09\/roraima_26-02-768x829.jpg 768w, https:\/\/franciscanos.org.br\/noticias\/wp-content\/uploads\/2024\/09\/roraima_26-02-150x162.jpg 150w, https:\/\/franciscanos.org.br\/noticias\/wp-content\/uploads\/2024\/09\/roraima_26-02.jpg 1001w\" sizes=\"(max-width: 417px) 100vw, 417px\" \/>Em entrevista ao Site Franciscanos, Dom Evaristo Pascoal Spengler, falou sobre a celebra\u00e7\u00e3o do Tempo da Cria\u00e7\u00e3o e a presen\u00e7a franciscana na luta pela preserva\u00e7\u00e3o da Casa Comum.<\/span><\/p>\n<p><strong>Site Franciscanos \u2013 Na atualidade, onde est\u00e3o nossas for\u00e7as e fraquezas na luta pela preserva\u00e7\u00e3o da Casa Comum?<\/strong><\/p>\n<p><b>Dom Evaristo<strong> \u2013<\/strong><\/b><span style=\"font-weight: 400;\"> Para n\u00f3s, franciscanos(as), o mundo \u00e9 lugar de revela\u00e7\u00e3o de Deus, onde se \u201cdesvela\u201d em cada ser, Seu rosto amoroso, humilde e fr\u00e1gil. Por isso, nossa maneira de \u201cver\u201d nosso mundo \u00e9 positiva. Vemos irm\u00e3os e irm\u00e3s que, no meio da dor e do poder que explora e mercantiliza,\u00a0 vivem a paz e o bem como o melhor instrumento de transforma\u00e7\u00e3o.\u00a0<\/span><\/p>\n<p><span style=\"font-weight: 400;\">Nossa for\u00e7a nasce da \u201cDama Pobreza\u201d como estilo de vida e de op\u00e7\u00f5es evang\u00e9licas no seguimento de Jesus pobre e humilde que nos ajudam a repensar nossos modos de vida e consumo e sejam profecia da vida e do cuidado.<\/span><\/p>\n<p><span style=\"font-weight: 400;\">Nossas for\u00e7as renascem de uma fraternidade \u201campliada\u201d na viv\u00eancia da hospitalidade, compartilhando \u201cmesa e p\u00e3o\u201d com os empobrecidos. Nossas fraternidades podem ser \u201cespa\u00e7os seguros\u201d de acolhimento incondicional e dignidade.<\/span><\/p>\n<p><span style=\"font-weight: 400;\">Nossa for\u00e7a est\u00e1 em assumir com coragem a viv\u00eancia da itiner\u00e2ncia que nos faz livres de verdade, e anuncia que \u00e9 poss\u00edvel ser feliz sem viver para consumir e ter, dominar e explorar. Viver fazendo o bem e aprendendo\u00a0 com as diferen\u00e7as, nos faz bem e \u00e9 profecia que transforma.<\/span><\/p>\n<p><strong>Site Franciscanos \u2013\u00a0 Quando o Papa Francisco fala em \u201crepensar a quest\u00e3o do poder humano\u201d qual o papel da Igreja, especialmente dos franciscanos, nessa reflex\u00e3o junto ao povo de Deus?<\/strong><\/p>\n<p><b>Dom Evaristo<strong> \u2013<\/strong><\/b><span style=\"font-weight: 400;\"> Quando o Papa Francisco fala de \u201crepensar a quest\u00e3o do poder humano\u201d, entendemos que ele queira falar do poder da criatividade, do desenvolvimento cient\u00edfico, dos equipamentos tecnol\u00f3gicos desenvolvidos pelo ser humano, com sua capacidade de dom\u00ednio sobre a natureza e explora\u00e7\u00e3o dos demais seres, usados em benef\u00edcio pr\u00f3prio, e o seu grande poder de destrui\u00e7\u00e3o. O ser humano, hoje, tem poder n\u00e3o s\u00f3 para provocar uma grande extin\u00e7\u00e3o em massa de diversas formas de vida, como tamb\u00e9m de destruir o pr\u00f3prio planeta, a Casa Comum da humanidade e de todas as formas de vida.\u00a0<\/span><\/p>\n<p><span style=\"font-weight: 400;\">O papel da Igreja \u00e9 o do Evangelho, onde o poder deve se transformar em servi\u00e7o. O poder \u00e9 sempre perigoso. Sempre est\u00e1 sujeito a dominar, explorar, oprimir e destruir. O servi\u00e7o \u00e9 sempre de promo\u00e7\u00e3o da vida.<\/span><\/p>\n<p><span style=\"font-weight: 400;\">O papel dos franciscanos \u00e9 o caminho da pobreza, como servos da vida e da fraternidade. Para S\u00e3o Francisco de Assis, a fraternidade, o ser irm\u00e3o de toda criatura, \u00e9 mais importante do que a pobreza. A pobreza est\u00e1 em fun\u00e7\u00e3o da vida fraterna, e como servi\u00e7o aproxima as pessoas, cria a fraternidade humana universal. A riqueza, assim como o poder, afasta, distancia, domina, cria medo, rompe com a unidade e a comunh\u00e3o.\u00a0<\/span><\/p>\n<p><span style=\"font-weight: 400;\">S\u00e3o Francisco de Assis nos mostrou com a sua vida, os caminhos da paz, do viver \u201csem\u00a0 nada de pr\u00f3prio\u201d, desapropriados\/esvaziados do nosso orgulho, at\u00e9 de bens materiais, honras e t\u00edtulos. Para ele, isto impedia o contato com a realidade mais aut\u00eantica que somos. Pedia, a partir da experi\u00eancia de\u00a0 Santa Clara, que \u201colhe no espelho da caridade de Cristo\u201d. O poder \u00e9 sempre perigoso, porque pode se corromper. Muito pior quando este poder \u00e9 globalizado e universal.<\/span><\/p>\n<p><span style=\"font-weight: 400;\">O Papa Francisco, na Enc\u00edclica <em>Fratelli Tutt<\/em>i, nos chama ao cuidado da vida onde \u201ctudo est\u00e1 interligado\u201d, sendo todos irm\u00e3os e irm\u00e3s. Clama a Deus e a todos os homens e mulheres para que possamos lutar por esse novo mundo. Nele deve existir a busca da felicidade, onde todos possam ter as suas necessidades plenamente atendidas, no aqui e no agora. Fala n\u00e3o somente aos crist\u00e3os cat\u00f3licos, mas a todos os crentes e n\u00e3o crentes, ou seja, a todos os homens e mulheres, pois o processo de uma nova<\/span> <span style=\"font-weight: 400;\">sociedade\u00a0n\u00e3o \u00e9 exclusivo de ningu\u00e9m, de nenhuma religi\u00e3o, sociedade, mas de toda a humanidade.\u00a0<\/span><\/p>\n<p><span style=\"font-weight: 400;\">Para os franciscanos, os caminhos se abrem no dom da fraternidade sem fronteiras, unidos a institui\u00e7\u00f5es e outras religi\u00f5es promotoras da humanidade e dos descartados da hist\u00f3ria, que lutam por uma vida com dignidade e pelos processos de reconstru\u00e7\u00e3o das rela\u00e7\u00f5es de n\u00e3o-poder.\u00a0\u00a0<\/span><\/p>\n<p><strong>Site Franciscanos \u2013\u00a0 Existe esperan\u00e7a? Onde ela est\u00e1? Como S\u00e3o Francisco pode nos ajudar nessa reflex\u00e3o?<\/strong><\/p>\n<p><b>Dom Evaristo<strong> \u2013<\/strong><\/b><span style=\"font-weight: 400;\"> Se lemos os artigos cient\u00edficos, acompanhamos as not\u00edcias do dia a dia e damos aten\u00e7\u00e3o \u00e0s an\u00e1lises e previs\u00f5es t\u00e9cnicas, n\u00e3o h\u00e1 esperan\u00e7a. O aquecimento global e as mudan\u00e7as clim\u00e1ticas s\u00e3o mais graves do que as previs\u00f5es feitas anos atr\u00e1s. A degrada\u00e7\u00e3o do planeta avan\u00e7a em vez de retroceder, as cat\u00e1strofes s\u00e3o mais numerosas e mais tr\u00e1gicas. Da mesma forma, o degelo avan\u00e7a assustadoramente, numa velocidade incontrol\u00e1vel. Preocupa tamb\u00e9m o aumento do n\u00edvel dos mares, a diminui\u00e7\u00e3o das \u00e1reas \u00famidas e f\u00e9rteis, o processo de desertifica\u00e7\u00e3o n\u00e3o cessa. Da mesma forma, os desmatamentos continuam e, principalmente, o consumo de combust\u00edveis f\u00f3sseis. Enquanto prevalecer o projeto pol\u00edtico neoliberal, persistir a economia do crescimento permanente e o negacionismo cient\u00edfico estabelecer as regras, o futuro do ser humano \u00e9 a extin\u00e7\u00e3o, um verdadeiro suic\u00eddio pela degrada\u00e7\u00e3o das condi\u00e7\u00f5es prop\u00edcias para a vida humana e de milhares de outras formas de vida.<\/span><\/p>\n<p><span style=\"font-weight: 400;\">Se lemos os artigos teol\u00f3gicos, damos aten\u00e7\u00e3o aos m\u00edsticos, ouvimos os humanistas, principalmente os santos, vemos que ainda h\u00e1 esperan\u00e7a. A esperan\u00e7a se funda na certeza de que o ser humano sempre pode mudar. H\u00e1 tempo para se converter e ainda h\u00e1 possibilidade da humanidade chegar a um grande acordo, um grande consenso em favor da vida e de cuidado.\u00a0<\/span><\/p>\n<p><span style=\"font-weight: 400;\">Nesse sentido, S\u00e3o Francisco de Assis desponta como uma grande refer\u00eancia de esperan\u00e7a para a humanidade, encarna a experi\u00eancia do ser humano genu\u00edno, aponta caminhos da utopia de uma harmonia universal.\u00a0<\/span><\/p>\n<h3><b>A situa\u00e7\u00e3o dos povos ind\u00edgenas e o futuro\u00a0<\/b><\/h3>\n<p><b>\u201c<\/b><span style=\"font-weight: 400;\">Os povos origin\u00e1rios, pela sua cosmovis\u00e3o, pelos seus conhecimentos tradicionais, pelas suas formas de vida, pela integra\u00e7\u00e3o com toda da Cria\u00e7\u00e3o t\u00eam a solu\u00e7\u00e3o para os problemas que nossa sociedade criou e n\u00e3o \u00e9 capaz de resolver. A cosmovis\u00e3o, a m\u00edstica e a espiritualidade dos povos origin\u00e1rios, especialmente na Amaz\u00f4nia, se aproximam muito da m\u00edstica e da espiritualidade franciscana e evang\u00e9lica\u201d. (Dom Evaristo Pascoal Spengler)<\/span><\/p>\n<p><strong>Site Franciscanos \u2013\u00a0Como o senhor acompanha a situa\u00e7\u00e3o dos povos origin\u00e1rios que lutam pela sobreviv\u00eancia diante do poder e dos poderosos em nosso pa\u00eds?<\/strong><\/p>\n<p><b>Dom Evaristo<strong> \u2013<\/strong><\/b><span style=\"font-weight: 400;\"> O Estado de Roraima, onde vivo e sou bispo, \u00e9 proporcionalmente a regi\u00e3o brasileira mais ind\u00edgena. Eles representam 15% da popula\u00e7\u00e3o e ocupam 32 territ\u00f3rios demarcados. Das 422 comunidades eclesiais da Diocese, exatamente 50%, ou seja 211, s\u00e3o ind\u00edgenas. Mas esse povo n\u00e3o vive somente nos territ\u00f3rios ind\u00edgenas; pois est\u00e1 presente em toda a sociedade, mesmo quando n\u00e3o \u00e9 reconhecido, nem valorizado.<\/span><\/p>\n<p><span style=\"font-weight: 400;\">A Igreja, em Roraima, historicamente teve forte alian\u00e7a com os povos ind\u00edgenas.\u00a0 Acompanhamos a situa\u00e7\u00e3o dos povos ind\u00edgenas com preocupa\u00e7\u00e3o, porque persiste muita viol\u00eancia contra eles. Isso se d\u00e1 em todos os n\u00edveis: econ\u00f4mico, cultural, pol\u00edtico, f\u00edsico, psicol\u00f3gico. Mas,\u00a0 os acompanhamos tamb\u00e9m com esperan\u00e7a, pela sua grande capacidade de resist\u00eancia e resili\u00eancia, pela clareza que eles t\u00eam em suas lutas, pelas suas organiza\u00e7\u00f5es e mobiliza\u00e7\u00f5es, mas, principalmente, pela den\u00fancia prof\u00e9tica contra a sociedade consumista que destr\u00f3i a Casa Comum.\u00a0<\/span><\/p>\n<p><span style=\"font-weight: 400;\">Os povos origin\u00e1rios, pela sua cosmovis\u00e3o, pelos seus conhecimentos tradicionais, pelas suas formas de vida, pela integra\u00e7\u00e3o com toda da Cria\u00e7\u00e3o, t\u00eam a solu\u00e7\u00e3o para os problemas que nossa sociedade criou e n\u00e3o \u00e9 capaz de resolver. A cosmovis\u00e3o, a m\u00edstica e a espiritualidade dos povos origin\u00e1rios, especialmente na Amaz\u00f4nia, se aproximam muito da m\u00edstica e da espiritualidade franciscana e evang\u00e9lica.<\/span><\/p>\n<p><span style=\"font-weight: 400;\">As grandes crises da humanidade na atualidade, s\u00e3o mais do que crises econ\u00f4micas, pol\u00edticas, financeiras, ambientais. S\u00e3o crises existenciais, de cosmovis\u00e3o de mundo, de m\u00edstica, de espiritualidade, de sentido de vida. Coisas que n\u00e3o faltam aos povos origin\u00e1rios. Mais do que respeit\u00e1-los, precisamos acolh\u00ea-los como irm\u00e3os, companheiros da jornada da vida e h\u00f3spedes da Casa Comum. Mais ainda, precisamos acolh\u00ea-los como \u201cmestres\u201d que nos ensinam caminhos de respeito, valoriza\u00e7\u00e3o e cuidado com todas as formas de vida.<\/span><\/p>\n<p><strong>Site Franciscanos \u2013\u00a0 O que falta para que, de fato, a luta pela preserva\u00e7\u00e3o da nossa Casa Comum n\u00e3o seja em v\u00e3o?\u00a0<\/strong><\/p>\n<p><b>Dom Evaristo<strong> \u2013<\/strong> <\/b><span style=\"font-weight: 400;\">H\u00e1 um longo caminho a ser percorrido para uma mudan\u00e7a de mentalidade e de pr\u00e1ticas. Falta uma \u00e9tica global \u00e0 humanidade, um empenho comum. Falta um pacto global pela educa\u00e7\u00e3o que mude mentalidades e modos de agir, que preservem e cuidem. Faltam l\u00edderes das na\u00e7\u00f5es que sirvam ao bem comum, colocando sempre a melhor pol\u00edtica para servir ao povo e aos empobrecidos. Faltam pol\u00edticas p\u00fablicas que n\u00e3o fa\u00e7am da nossa Casa Comum e seus bens, um neg\u00f3cio de compra e venda.<\/span><\/p>\n<hr \/>\n<p><em>Adriana Rabelo<\/em><\/p>\n","protected":false},"excerpt":{"rendered":"<p>Tempo da Cria\u00e7\u00e3o<\/p>\n","protected":false},"author":11,"featured_media":250579,"comment_status":"open","ping_status":"open","sticky":false,"template":"","format":"standard","meta":[],"categories":[758,1],"tags":[201,1897],"acf":[],"yoast_head":"<!-- This site is optimized with the Yoast SEO plugin v19.2 - https:\/\/yoast.com\/wordpress\/plugins\/seo\/ -->\n<title>Dia da Amaz\u00f4nia: \u201cA esperan\u00e7a se funda na certeza de que o ser humano sempre pode mudar\u201d (Dom Evaristo Pascoal Spengler) - Not\u00edcias - Franciscanos<\/title>\n<meta name=\"robots\" content=\"index, follow, max-snippet:-1, max-image-preview:large, max-video-preview:-1\" \/>\n<link rel=\"canonical\" href=\"https:\/\/franciscanos.org.br\/noticias\/dia-da-amazonia-a-esperanca-se-funda-na-certeza-de-que-o-ser-humano-sempre-pode-mudar-dom-evaristo-pascoal-spengler.html\" \/>\n<meta property=\"og:locale\" content=\"pt_BR\" \/>\n<meta property=\"og:type\" content=\"article\" \/>\n<meta property=\"og:title\" content=\"Dia da Amaz\u00f4nia: \u201cA esperan\u00e7a se funda na certeza de que o ser humano sempre pode mudar\u201d (Dom Evaristo Pascoal Spengler) - Not\u00edcias - Franciscanos\" \/>\n<meta property=\"og:description\" content=\"Tempo da Cria\u00e7\u00e3o\" \/>\n<meta property=\"og:url\" content=\"https:\/\/franciscanos.org.br\/noticias\/dia-da-amazonia-a-esperanca-se-funda-na-certeza-de-que-o-ser-humano-sempre-pode-mudar-dom-evaristo-pascoal-spengler.html\" \/>\n<meta property=\"og:site_name\" content=\"Not\u00edcias - Franciscanos\" \/>\n<meta property=\"article:published_time\" content=\"2024-09-05T16:18:33+00:00\" \/>\n<meta property=\"article:modified_time\" content=\"2024-09-10T18:11:04+00:00\" \/>\n<meta property=\"og:image\" content=\"https:\/\/franciscanos.org.br\/noticias\/wp-content\/uploads\/2024\/09\/CHAMADA.jpg\" \/>\n\t<meta property=\"og:image:width\" content=\"800\" \/>\n\t<meta property=\"og:image:height\" content=\"550\" \/>\n\t<meta property=\"og:image:type\" content=\"image\/jpeg\" \/>\n<meta name=\"author\" content=\"Adriana Rabelo\" \/>\n<meta name=\"twitter:card\" content=\"summary_large_image\" \/>\n<meta name=\"twitter:label1\" content=\"Escrito por\" \/>\n\t<meta name=\"twitter:data1\" content=\"Adriana Rabelo\" \/>\n\t<meta name=\"twitter:label2\" content=\"Est. tempo de leitura\" \/>\n\t<meta name=\"twitter:data2\" content=\"13 minutos\" \/>\n<script type=\"application\/ld+json\" class=\"yoast-schema-graph\">{\"@context\":\"https:\/\/schema.org\",\"@graph\":[{\"@type\":\"WebSite\",\"@id\":\"https:\/\/franciscanos.org.br\/noticias\/#website\",\"url\":\"https:\/\/franciscanos.org.br\/noticias\/\",\"name\":\"Not\u00edcias - Franciscanos\",\"description\":\"Prov\u00edncia Franciscana da Imaculada Concei\u00e7\u00e3o do Brasil - Ordem dos Frades Menores - OFM\",\"potentialAction\":[{\"@type\":\"SearchAction\",\"target\":{\"@type\":\"EntryPoint\",\"urlTemplate\":\"https:\/\/franciscanos.org.br\/noticias\/?s={search_term_string}\"},\"query-input\":\"required name=search_term_string\"}],\"inLanguage\":\"pt-BR\"},{\"@type\":\"ImageObject\",\"inLanguage\":\"pt-BR\",\"@id\":\"https:\/\/franciscanos.org.br\/noticias\/dia-da-amazonia-a-esperanca-se-funda-na-certeza-de-que-o-ser-humano-sempre-pode-mudar-dom-evaristo-pascoal-spengler.html#primaryimage\",\"url\":\"https:\/\/franciscanos.org.br\/noticias\/wp-content\/uploads\/2024\/09\/CHAMADA.jpg\",\"contentUrl\":\"https:\/\/franciscanos.org.br\/noticias\/wp-content\/uploads\/2024\/09\/CHAMADA.jpg\",\"width\":800,\"height\":550},{\"@type\":\"WebPage\",\"@id\":\"https:\/\/franciscanos.org.br\/noticias\/dia-da-amazonia-a-esperanca-se-funda-na-certeza-de-que-o-ser-humano-sempre-pode-mudar-dom-evaristo-pascoal-spengler.html#webpage\",\"url\":\"https:\/\/franciscanos.org.br\/noticias\/dia-da-amazonia-a-esperanca-se-funda-na-certeza-de-que-o-ser-humano-sempre-pode-mudar-dom-evaristo-pascoal-spengler.html\",\"name\":\"Dia da Amaz\u00f4nia: \u201cA esperan\u00e7a se funda na certeza de que o ser humano sempre pode mudar\u201d (Dom Evaristo Pascoal Spengler) - Not\u00edcias - Franciscanos\",\"isPartOf\":{\"@id\":\"https:\/\/franciscanos.org.br\/noticias\/#website\"},\"primaryImageOfPage\":{\"@id\":\"https:\/\/franciscanos.org.br\/noticias\/dia-da-amazonia-a-esperanca-se-funda-na-certeza-de-que-o-ser-humano-sempre-pode-mudar-dom-evaristo-pascoal-spengler.html#primaryimage\"},\"datePublished\":\"2024-09-05T16:18:33+00:00\",\"dateModified\":\"2024-09-10T18:11:04+00:00\",\"author\":{\"@id\":\"https:\/\/franciscanos.org.br\/noticias\/#\/schema\/person\/d9422e83121c3ad3b0f423d195f5bb25\"},\"breadcrumb\":{\"@id\":\"https:\/\/franciscanos.org.br\/noticias\/dia-da-amazonia-a-esperanca-se-funda-na-certeza-de-que-o-ser-humano-sempre-pode-mudar-dom-evaristo-pascoal-spengler.html#breadcrumb\"},\"inLanguage\":\"pt-BR\",\"potentialAction\":[{\"@type\":\"ReadAction\",\"target\":[\"https:\/\/franciscanos.org.br\/noticias\/dia-da-amazonia-a-esperanca-se-funda-na-certeza-de-que-o-ser-humano-sempre-pode-mudar-dom-evaristo-pascoal-spengler.html\"]}]},{\"@type\":\"BreadcrumbList\",\"@id\":\"https:\/\/franciscanos.org.br\/noticias\/dia-da-amazonia-a-esperanca-se-funda-na-certeza-de-que-o-ser-humano-sempre-pode-mudar-dom-evaristo-pascoal-spengler.html#breadcrumb\",\"itemListElement\":[{\"@type\":\"ListItem\",\"position\":1,\"name\":\"Home\",\"item\":\"https:\/\/franciscanos.org.br\/noticias\"},{\"@type\":\"ListItem\",\"position\":2,\"name\":\"Dia da Amaz\u00f4nia: \u201cA esperan\u00e7a se funda na certeza de que o ser humano sempre pode mudar\u201d (Dom Evaristo Pascoal Spengler)\"}]},{\"@type\":\"Person\",\"@id\":\"https:\/\/franciscanos.org.br\/noticias\/#\/schema\/person\/d9422e83121c3ad3b0f423d195f5bb25\",\"name\":\"Adriana Rabelo\",\"image\":{\"@type\":\"ImageObject\",\"inLanguage\":\"pt-BR\",\"@id\":\"https:\/\/franciscanos.org.br\/noticias\/#\/schema\/person\/image\/\",\"url\":\"https:\/\/secure.gravatar.com\/avatar\/0a937b7500cd7df77540cfb8bede877d?s=96&d=mm&r=g\",\"contentUrl\":\"https:\/\/secure.gravatar.com\/avatar\/0a937b7500cd7df77540cfb8bede877d?s=96&d=mm&r=g\",\"caption\":\"Adriana Rabelo\"},\"url\":\"https:\/\/franciscanos.org.br\/noticias\/author\/adrianarabelo\"}]}<\/script>\n<!-- \/ Yoast SEO plugin. -->","yoast_head_json":{"title":"Dia da Amaz\u00f4nia: \u201cA esperan\u00e7a se funda na certeza de que o ser humano sempre pode mudar\u201d (Dom Evaristo Pascoal Spengler) - Not\u00edcias - Franciscanos","robots":{"index":"index","follow":"follow","max-snippet":"max-snippet:-1","max-image-preview":"max-image-preview:large","max-video-preview":"max-video-preview:-1"},"canonical":"https:\/\/franciscanos.org.br\/noticias\/dia-da-amazonia-a-esperanca-se-funda-na-certeza-de-que-o-ser-humano-sempre-pode-mudar-dom-evaristo-pascoal-spengler.html","og_locale":"pt_BR","og_type":"article","og_title":"Dia da Amaz\u00f4nia: \u201cA esperan\u00e7a se funda na certeza de que o ser humano sempre pode mudar\u201d (Dom Evaristo Pascoal Spengler) - Not\u00edcias - Franciscanos","og_description":"Tempo da Cria\u00e7\u00e3o","og_url":"https:\/\/franciscanos.org.br\/noticias\/dia-da-amazonia-a-esperanca-se-funda-na-certeza-de-que-o-ser-humano-sempre-pode-mudar-dom-evaristo-pascoal-spengler.html","og_site_name":"Not\u00edcias - Franciscanos","article_published_time":"2024-09-05T16:18:33+00:00","article_modified_time":"2024-09-10T18:11:04+00:00","og_image":[{"width":800,"height":550,"url":"https:\/\/franciscanos.org.br\/noticias\/wp-content\/uploads\/2024\/09\/CHAMADA.jpg","type":"image\/jpeg"}],"author":"Adriana Rabelo","twitter_card":"summary_large_image","twitter_misc":{"Escrito por":"Adriana Rabelo","Est. tempo de leitura":"13 minutos"},"schema":{"@context":"https:\/\/schema.org","@graph":[{"@type":"WebSite","@id":"https:\/\/franciscanos.org.br\/noticias\/#website","url":"https:\/\/franciscanos.org.br\/noticias\/","name":"Not\u00edcias - Franciscanos","description":"Prov\u00edncia Franciscana da Imaculada Concei\u00e7\u00e3o do Brasil - Ordem dos Frades Menores - OFM","potentialAction":[{"@type":"SearchAction","target":{"@type":"EntryPoint","urlTemplate":"https:\/\/franciscanos.org.br\/noticias\/?s={search_term_string}"},"query-input":"required name=search_term_string"}],"inLanguage":"pt-BR"},{"@type":"ImageObject","inLanguage":"pt-BR","@id":"https:\/\/franciscanos.org.br\/noticias\/dia-da-amazonia-a-esperanca-se-funda-na-certeza-de-que-o-ser-humano-sempre-pode-mudar-dom-evaristo-pascoal-spengler.html#primaryimage","url":"https:\/\/franciscanos.org.br\/noticias\/wp-content\/uploads\/2024\/09\/CHAMADA.jpg","contentUrl":"https:\/\/franciscanos.org.br\/noticias\/wp-content\/uploads\/2024\/09\/CHAMADA.jpg","width":800,"height":550},{"@type":"WebPage","@id":"https:\/\/franciscanos.org.br\/noticias\/dia-da-amazonia-a-esperanca-se-funda-na-certeza-de-que-o-ser-humano-sempre-pode-mudar-dom-evaristo-pascoal-spengler.html#webpage","url":"https:\/\/franciscanos.org.br\/noticias\/dia-da-amazonia-a-esperanca-se-funda-na-certeza-de-que-o-ser-humano-sempre-pode-mudar-dom-evaristo-pascoal-spengler.html","name":"Dia da Amaz\u00f4nia: \u201cA esperan\u00e7a se funda na certeza de que o ser humano sempre pode mudar\u201d (Dom Evaristo Pascoal Spengler) - Not\u00edcias - Franciscanos","isPartOf":{"@id":"https:\/\/franciscanos.org.br\/noticias\/#website"},"primaryImageOfPage":{"@id":"https:\/\/franciscanos.org.br\/noticias\/dia-da-amazonia-a-esperanca-se-funda-na-certeza-de-que-o-ser-humano-sempre-pode-mudar-dom-evaristo-pascoal-spengler.html#primaryimage"},"datePublished":"2024-09-05T16:18:33+00:00","dateModified":"2024-09-10T18:11:04+00:00","author":{"@id":"https:\/\/franciscanos.org.br\/noticias\/#\/schema\/person\/d9422e83121c3ad3b0f423d195f5bb25"},"breadcrumb":{"@id":"https:\/\/franciscanos.org.br\/noticias\/dia-da-amazonia-a-esperanca-se-funda-na-certeza-de-que-o-ser-humano-sempre-pode-mudar-dom-evaristo-pascoal-spengler.html#breadcrumb"},"inLanguage":"pt-BR","potentialAction":[{"@type":"ReadAction","target":["https:\/\/franciscanos.org.br\/noticias\/dia-da-amazonia-a-esperanca-se-funda-na-certeza-de-que-o-ser-humano-sempre-pode-mudar-dom-evaristo-pascoal-spengler.html"]}]},{"@type":"BreadcrumbList","@id":"https:\/\/franciscanos.org.br\/noticias\/dia-da-amazonia-a-esperanca-se-funda-na-certeza-de-que-o-ser-humano-sempre-pode-mudar-dom-evaristo-pascoal-spengler.html#breadcrumb","itemListElement":[{"@type":"ListItem","position":1,"name":"Home","item":"https:\/\/franciscanos.org.br\/noticias"},{"@type":"ListItem","position":2,"name":"Dia da Amaz\u00f4nia: \u201cA esperan\u00e7a se funda na certeza de que o ser humano sempre pode mudar\u201d (Dom Evaristo Pascoal Spengler)"}]},{"@type":"Person","@id":"https:\/\/franciscanos.org.br\/noticias\/#\/schema\/person\/d9422e83121c3ad3b0f423d195f5bb25","name":"Adriana Rabelo","image":{"@type":"ImageObject","inLanguage":"pt-BR","@id":"https:\/\/franciscanos.org.br\/noticias\/#\/schema\/person\/image\/","url":"https:\/\/secure.gravatar.com\/avatar\/0a937b7500cd7df77540cfb8bede877d?s=96&d=mm&r=g","contentUrl":"https:\/\/secure.gravatar.com\/avatar\/0a937b7500cd7df77540cfb8bede877d?s=96&d=mm&r=g","caption":"Adriana Rabelo"},"url":"https:\/\/franciscanos.org.br\/noticias\/author\/adrianarabelo"}]}},"_links":{"self":[{"href":"https:\/\/franciscanos.org.br\/noticias\/wp-json\/wp\/v2\/posts\/250570"}],"collection":[{"href":"https:\/\/franciscanos.org.br\/noticias\/wp-json\/wp\/v2\/posts"}],"about":[{"href":"https:\/\/franciscanos.org.br\/noticias\/wp-json\/wp\/v2\/types\/post"}],"author":[{"embeddable":true,"href":"https:\/\/franciscanos.org.br\/noticias\/wp-json\/wp\/v2\/users\/11"}],"replies":[{"embeddable":true,"href":"https:\/\/franciscanos.org.br\/noticias\/wp-json\/wp\/v2\/comments?post=250570"}],"version-history":[{"count":18,"href":"https:\/\/franciscanos.org.br\/noticias\/wp-json\/wp\/v2\/posts\/250570\/revisions"}],"predecessor-version":[{"id":250714,"href":"https:\/\/franciscanos.org.br\/noticias\/wp-json\/wp\/v2\/posts\/250570\/revisions\/250714"}],"wp:featuredmedia":[{"embeddable":true,"href":"https:\/\/franciscanos.org.br\/noticias\/wp-json\/wp\/v2\/media\/250579"}],"wp:attachment":[{"href":"https:\/\/franciscanos.org.br\/noticias\/wp-json\/wp\/v2\/media?parent=250570"}],"wp:term":[{"taxonomy":"category","embeddable":true,"href":"https:\/\/franciscanos.org.br\/noticias\/wp-json\/wp\/v2\/categories?post=250570"},{"taxonomy":"post_tag","embeddable":true,"href":"https:\/\/franciscanos.org.br\/noticias\/wp-json\/wp\/v2\/tags?post=250570"}],"curies":[{"name":"wp","href":"https:\/\/api.w.org\/{rel}","templated":true}]}}