{"id":250566,"date":"2024-09-05T11:04:31","date_gmt":"2024-09-05T14:04:31","guid":{"rendered":"https:\/\/franciscanos.org.br\/noticias\/?p=250566"},"modified":"2024-09-10T14:20:03","modified_gmt":"2024-09-10T17:20:03","slug":"falecimento-do-ministro-provincial-de-portugal","status":"publish","type":"post","link":"https:\/\/franciscanos.org.br\/noticias\/falecimento-do-ministro-provincial-de-portugal.html","title":{"rendered":"Falecimento do Ministro provincial de Portugal"},"content":{"rendered":"<p><img loading=\"lazy\" class=\"aligncenter wp-image-250567 size-full\" src=\"https:\/\/franciscanos.org.br\/noticias\/wp-content\/uploads\/2024\/09\/MORTE-MINISTRO-PROVINCIAL-PORTUGAL.jpg\" alt=\"\" width=\"1280\" height=\"720\" srcset=\"https:\/\/franciscanos.org.br\/noticias\/wp-content\/uploads\/2024\/09\/MORTE-MINISTRO-PROVINCIAL-PORTUGAL.jpg 1280w, https:\/\/franciscanos.org.br\/noticias\/wp-content\/uploads\/2024\/09\/MORTE-MINISTRO-PROVINCIAL-PORTUGAL-450x253.jpg 450w, https:\/\/franciscanos.org.br\/noticias\/wp-content\/uploads\/2024\/09\/MORTE-MINISTRO-PROVINCIAL-PORTUGAL-1024x576.jpg 1024w, https:\/\/franciscanos.org.br\/noticias\/wp-content\/uploads\/2024\/09\/MORTE-MINISTRO-PROVINCIAL-PORTUGAL-768x432.jpg 768w, https:\/\/franciscanos.org.br\/noticias\/wp-content\/uploads\/2024\/09\/MORTE-MINISTRO-PROVINCIAL-PORTUGAL-150x84.jpg 150w\" sizes=\"(max-width: 1280px) 100vw, 1280px\" \/><\/p>\n<p>Faleceu, de morte inesperada, na manh\u00e3 do dia 4 de setembro de 2024, na Fraternidade da Luz, C\u00faria Provincial, Lisboa, o <strong>Frei Valente da Silva Mota, atual Ministro provincial\u00a0 de Portugal<\/strong>.<\/p>\n<p>Fernando Valente da Silva Mota, nasceu em S\u00e3o Jo\u00e3o da Madeira, em 1 de mar\u00e7o de 1951, filho de Manuel da Silva Mota e de Maria Helena Valente da Silva. Tinha 73 anos de idade, 41 de profiss\u00e3o religiosa e 34\u00a0 no exerc\u00edcio do minist\u00e9rio presbiterial. Tomou o h\u00e1bito em 3 de outubro de 1982 e fez a profiss\u00e3o tempor\u00e1ria em 4 de outubro de 1983, a profiss\u00e3o solene em 19 de outubro de 1986 e a ordena\u00e7\u00e3o presbiterial em 1 de julho de 1990.<\/p>\n<p>Foi, por\u00a0 duas vezes, Animador do Curso de Franciscanismo para os professos tempor\u00e1rios, promovido pela CONFRES, em Leiria (PT). Entre 1991 e 1996, coordenou a Pastoral Vocacional da Prov\u00edncia; de 1992 a 1995, foi Membro da Comiss\u00e3o da Pastoral Vocacional da CNIR, FNIRF e FNIS, entre 1992 e 1995, e da Comiss\u00e3o Nacional da PROJUVAN (Projeto Juvenil Antoniano), em 1996, e tamb\u00e9m fez parte da equipe coordenadora da Pastoral Juvenil Vocacional, entre 1995 e 1998,\u00a0 bem como Reitor do semin\u00e1rio menor.<\/p>\n<p>Foi Mestre dos frades professos tempor\u00e1rios de 1998 a 2004 e Ec\u00f4nomo provincial de 2004 a 2016. Tamb\u00e9m atuou como Guardi\u00e3o das Fraternidades de Angra (PT), A\u00e7ores e da Imaculada Concei\u00e7\u00e3o \u00e0 Luz, respectivamente, de 2016 a 2022. No Cap\u00edtulo Provincial de abril de 2022, foi eleito Ministro provincial, cargo que continuava a exercer at\u00e9 ao momento da sua morte repentina.<\/p>\n<p>Frei Fernando Monta foi sempre um irm\u00e3o dedicado \u00e0 Prov\u00edncia e aos seus confrades, prestando diversos servi\u00e7os com a mesma simplicidade que caracterizava a sua pessoa e forma de estar.<\/p>\n<p>\u00c9 significativo que a Irm\u00e3 Morte o tenha chamado no momento em que fazia o que mais gostava: cuidar das plantas, do jardim e da Casa Comum dos irm\u00e3os e de todos os seres entre os quais se sentia um irm\u00e3o feliz.<\/p>\n<p>Por isso, podemos dizer, com S\u00e3o Francisco de Assis:<\/p>\n<p>\u201cLaudato si, Louvado sejas Meu Senhor, pela nossa irm\u00e3 morte corporal, que Homem algum pode evitar&#8221;.<\/p>\n<p>Bem-aventurados os que se tiverem configurado com a Tua sant\u00edssima Vontade, porque a morte segunda lhes n\u00e3o far\u00e1 mal\u201d (Francisco de Assis, C\u00e2ntico do Irm\u00e3o Sol).<\/p>\n<hr \/>\n<p>Lisboa, C\u00faria Provincial, 4 de setembro de 2024.<\/p>\n","protected":false},"excerpt":{"rendered":"<p>Falecimento ocorreu na manh\u00e3 de 4 de setembro<\/p>\n","protected":false},"author":11,"featured_media":250567,"comment_status":"open","ping_status":"open","sticky":false,"template":"","format":"standard","meta":[],"categories":[1],"tags":[128],"acf":[],"yoast_head":"<!-- This site is optimized with the Yoast SEO plugin v19.2 - https:\/\/yoast.com\/wordpress\/plugins\/seo\/ -->\n<title>Falecimento do Ministro provincial de Portugal - Not\u00edcias - Franciscanos<\/title>\n<meta name=\"robots\" content=\"index, follow, max-snippet:-1, max-image-preview:large, max-video-preview:-1\" \/>\n<link rel=\"canonical\" href=\"https:\/\/franciscanos.org.br\/noticias\/falecimento-do-ministro-provincial-de-portugal.html\" \/>\n<meta property=\"og:locale\" content=\"pt_BR\" \/>\n<meta property=\"og:type\" content=\"article\" \/>\n<meta property=\"og:title\" content=\"Falecimento do Ministro provincial de Portugal - Not\u00edcias - Franciscanos\" \/>\n<meta property=\"og:description\" content=\"Falecimento ocorreu na manh\u00e3 de 4 de setembro\" \/>\n<meta property=\"og:url\" content=\"https:\/\/franciscanos.org.br\/noticias\/falecimento-do-ministro-provincial-de-portugal.html\" \/>\n<meta property=\"og:site_name\" content=\"Not\u00edcias - Franciscanos\" \/>\n<meta property=\"article:published_time\" content=\"2024-09-05T14:04:31+00:00\" \/>\n<meta property=\"article:modified_time\" content=\"2024-09-10T17:20:03+00:00\" \/>\n<meta property=\"og:image\" content=\"https:\/\/franciscanos.org.br\/noticias\/wp-content\/uploads\/2024\/09\/MORTE-MINISTRO-PROVINCIAL-PORTUGAL.jpg\" \/>\n\t<meta property=\"og:image:width\" content=\"1280\" \/>\n\t<meta property=\"og:image:height\" content=\"720\" \/>\n\t<meta property=\"og:image:type\" content=\"image\/jpeg\" \/>\n<meta name=\"author\" content=\"Adriana Rabelo\" \/>\n<meta name=\"twitter:card\" content=\"summary_large_image\" \/>\n<meta name=\"twitter:label1\" content=\"Escrito por\" \/>\n\t<meta name=\"twitter:data1\" content=\"Adriana Rabelo\" \/>\n\t<meta name=\"twitter:label2\" content=\"Est. tempo de leitura\" \/>\n\t<meta name=\"twitter:data2\" content=\"2 minutos\" \/>\n<script type=\"application\/ld+json\" class=\"yoast-schema-graph\">{\"@context\":\"https:\/\/schema.org\",\"@graph\":[{\"@type\":\"WebSite\",\"@id\":\"https:\/\/franciscanos.org.br\/noticias\/#website\",\"url\":\"https:\/\/franciscanos.org.br\/noticias\/\",\"name\":\"Not\u00edcias - Franciscanos\",\"description\":\"Prov\u00edncia Franciscana da Imaculada Concei\u00e7\u00e3o do Brasil - Ordem dos Frades Menores - OFM\",\"potentialAction\":[{\"@type\":\"SearchAction\",\"target\":{\"@type\":\"EntryPoint\",\"urlTemplate\":\"https:\/\/franciscanos.org.br\/noticias\/?s={search_term_string}\"},\"query-input\":\"required name=search_term_string\"}],\"inLanguage\":\"pt-BR\"},{\"@type\":\"ImageObject\",\"inLanguage\":\"pt-BR\",\"@id\":\"https:\/\/franciscanos.org.br\/noticias\/falecimento-do-ministro-provincial-de-portugal.html#primaryimage\",\"url\":\"https:\/\/franciscanos.org.br\/noticias\/wp-content\/uploads\/2024\/09\/MORTE-MINISTRO-PROVINCIAL-PORTUGAL.jpg\",\"contentUrl\":\"https:\/\/franciscanos.org.br\/noticias\/wp-content\/uploads\/2024\/09\/MORTE-MINISTRO-PROVINCIAL-PORTUGAL.jpg\",\"width\":1280,\"height\":720},{\"@type\":\"WebPage\",\"@id\":\"https:\/\/franciscanos.org.br\/noticias\/falecimento-do-ministro-provincial-de-portugal.html#webpage\",\"url\":\"https:\/\/franciscanos.org.br\/noticias\/falecimento-do-ministro-provincial-de-portugal.html\",\"name\":\"Falecimento do Ministro provincial de Portugal - Not\u00edcias - Franciscanos\",\"isPartOf\":{\"@id\":\"https:\/\/franciscanos.org.br\/noticias\/#website\"},\"primaryImageOfPage\":{\"@id\":\"https:\/\/franciscanos.org.br\/noticias\/falecimento-do-ministro-provincial-de-portugal.html#primaryimage\"},\"datePublished\":\"2024-09-05T14:04:31+00:00\",\"dateModified\":\"2024-09-10T17:20:03+00:00\",\"author\":{\"@id\":\"https:\/\/franciscanos.org.br\/noticias\/#\/schema\/person\/d9422e83121c3ad3b0f423d195f5bb25\"},\"breadcrumb\":{\"@id\":\"https:\/\/franciscanos.org.br\/noticias\/falecimento-do-ministro-provincial-de-portugal.html#breadcrumb\"},\"inLanguage\":\"pt-BR\",\"potentialAction\":[{\"@type\":\"ReadAction\",\"target\":[\"https:\/\/franciscanos.org.br\/noticias\/falecimento-do-ministro-provincial-de-portugal.html\"]}]},{\"@type\":\"BreadcrumbList\",\"@id\":\"https:\/\/franciscanos.org.br\/noticias\/falecimento-do-ministro-provincial-de-portugal.html#breadcrumb\",\"itemListElement\":[{\"@type\":\"ListItem\",\"position\":1,\"name\":\"Home\",\"item\":\"https:\/\/franciscanos.org.br\/noticias\"},{\"@type\":\"ListItem\",\"position\":2,\"name\":\"Falecimento do Ministro provincial de Portugal\"}]},{\"@type\":\"Person\",\"@id\":\"https:\/\/franciscanos.org.br\/noticias\/#\/schema\/person\/d9422e83121c3ad3b0f423d195f5bb25\",\"name\":\"Adriana Rabelo\",\"image\":{\"@type\":\"ImageObject\",\"inLanguage\":\"pt-BR\",\"@id\":\"https:\/\/franciscanos.org.br\/noticias\/#\/schema\/person\/image\/\",\"url\":\"https:\/\/secure.gravatar.com\/avatar\/0a937b7500cd7df77540cfb8bede877d?s=96&d=mm&r=g\",\"contentUrl\":\"https:\/\/secure.gravatar.com\/avatar\/0a937b7500cd7df77540cfb8bede877d?s=96&d=mm&r=g\",\"caption\":\"Adriana Rabelo\"},\"url\":\"https:\/\/franciscanos.org.br\/noticias\/author\/adrianarabelo\"}]}<\/script>\n<!-- \/ Yoast SEO plugin. -->","yoast_head_json":{"title":"Falecimento do Ministro provincial de Portugal - Not\u00edcias - Franciscanos","robots":{"index":"index","follow":"follow","max-snippet":"max-snippet:-1","max-image-preview":"max-image-preview:large","max-video-preview":"max-video-preview:-1"},"canonical":"https:\/\/franciscanos.org.br\/noticias\/falecimento-do-ministro-provincial-de-portugal.html","og_locale":"pt_BR","og_type":"article","og_title":"Falecimento do Ministro provincial de Portugal - Not\u00edcias - Franciscanos","og_description":"Falecimento ocorreu na manh\u00e3 de 4 de setembro","og_url":"https:\/\/franciscanos.org.br\/noticias\/falecimento-do-ministro-provincial-de-portugal.html","og_site_name":"Not\u00edcias - Franciscanos","article_published_time":"2024-09-05T14:04:31+00:00","article_modified_time":"2024-09-10T17:20:03+00:00","og_image":[{"width":1280,"height":720,"url":"https:\/\/franciscanos.org.br\/noticias\/wp-content\/uploads\/2024\/09\/MORTE-MINISTRO-PROVINCIAL-PORTUGAL.jpg","type":"image\/jpeg"}],"author":"Adriana Rabelo","twitter_card":"summary_large_image","twitter_misc":{"Escrito por":"Adriana Rabelo","Est. tempo de leitura":"2 minutos"},"schema":{"@context":"https:\/\/schema.org","@graph":[{"@type":"WebSite","@id":"https:\/\/franciscanos.org.br\/noticias\/#website","url":"https:\/\/franciscanos.org.br\/noticias\/","name":"Not\u00edcias - Franciscanos","description":"Prov\u00edncia Franciscana da Imaculada Concei\u00e7\u00e3o do Brasil - Ordem dos Frades Menores - OFM","potentialAction":[{"@type":"SearchAction","target":{"@type":"EntryPoint","urlTemplate":"https:\/\/franciscanos.org.br\/noticias\/?s={search_term_string}"},"query-input":"required name=search_term_string"}],"inLanguage":"pt-BR"},{"@type":"ImageObject","inLanguage":"pt-BR","@id":"https:\/\/franciscanos.org.br\/noticias\/falecimento-do-ministro-provincial-de-portugal.html#primaryimage","url":"https:\/\/franciscanos.org.br\/noticias\/wp-content\/uploads\/2024\/09\/MORTE-MINISTRO-PROVINCIAL-PORTUGAL.jpg","contentUrl":"https:\/\/franciscanos.org.br\/noticias\/wp-content\/uploads\/2024\/09\/MORTE-MINISTRO-PROVINCIAL-PORTUGAL.jpg","width":1280,"height":720},{"@type":"WebPage","@id":"https:\/\/franciscanos.org.br\/noticias\/falecimento-do-ministro-provincial-de-portugal.html#webpage","url":"https:\/\/franciscanos.org.br\/noticias\/falecimento-do-ministro-provincial-de-portugal.html","name":"Falecimento do Ministro provincial de Portugal - Not\u00edcias - Franciscanos","isPartOf":{"@id":"https:\/\/franciscanos.org.br\/noticias\/#website"},"primaryImageOfPage":{"@id":"https:\/\/franciscanos.org.br\/noticias\/falecimento-do-ministro-provincial-de-portugal.html#primaryimage"},"datePublished":"2024-09-05T14:04:31+00:00","dateModified":"2024-09-10T17:20:03+00:00","author":{"@id":"https:\/\/franciscanos.org.br\/noticias\/#\/schema\/person\/d9422e83121c3ad3b0f423d195f5bb25"},"breadcrumb":{"@id":"https:\/\/franciscanos.org.br\/noticias\/falecimento-do-ministro-provincial-de-portugal.html#breadcrumb"},"inLanguage":"pt-BR","potentialAction":[{"@type":"ReadAction","target":["https:\/\/franciscanos.org.br\/noticias\/falecimento-do-ministro-provincial-de-portugal.html"]}]},{"@type":"BreadcrumbList","@id":"https:\/\/franciscanos.org.br\/noticias\/falecimento-do-ministro-provincial-de-portugal.html#breadcrumb","itemListElement":[{"@type":"ListItem","position":1,"name":"Home","item":"https:\/\/franciscanos.org.br\/noticias"},{"@type":"ListItem","position":2,"name":"Falecimento do Ministro provincial de Portugal"}]},{"@type":"Person","@id":"https:\/\/franciscanos.org.br\/noticias\/#\/schema\/person\/d9422e83121c3ad3b0f423d195f5bb25","name":"Adriana Rabelo","image":{"@type":"ImageObject","inLanguage":"pt-BR","@id":"https:\/\/franciscanos.org.br\/noticias\/#\/schema\/person\/image\/","url":"https:\/\/secure.gravatar.com\/avatar\/0a937b7500cd7df77540cfb8bede877d?s=96&d=mm&r=g","contentUrl":"https:\/\/secure.gravatar.com\/avatar\/0a937b7500cd7df77540cfb8bede877d?s=96&d=mm&r=g","caption":"Adriana Rabelo"},"url":"https:\/\/franciscanos.org.br\/noticias\/author\/adrianarabelo"}]}},"_links":{"self":[{"href":"https:\/\/franciscanos.org.br\/noticias\/wp-json\/wp\/v2\/posts\/250566"}],"collection":[{"href":"https:\/\/franciscanos.org.br\/noticias\/wp-json\/wp\/v2\/posts"}],"about":[{"href":"https:\/\/franciscanos.org.br\/noticias\/wp-json\/wp\/v2\/types\/post"}],"author":[{"embeddable":true,"href":"https:\/\/franciscanos.org.br\/noticias\/wp-json\/wp\/v2\/users\/11"}],"replies":[{"embeddable":true,"href":"https:\/\/franciscanos.org.br\/noticias\/wp-json\/wp\/v2\/comments?post=250566"}],"version-history":[{"count":5,"href":"https:\/\/franciscanos.org.br\/noticias\/wp-json\/wp\/v2\/posts\/250566\/revisions"}],"predecessor-version":[{"id":250712,"href":"https:\/\/franciscanos.org.br\/noticias\/wp-json\/wp\/v2\/posts\/250566\/revisions\/250712"}],"wp:featuredmedia":[{"embeddable":true,"href":"https:\/\/franciscanos.org.br\/noticias\/wp-json\/wp\/v2\/media\/250567"}],"wp:attachment":[{"href":"https:\/\/franciscanos.org.br\/noticias\/wp-json\/wp\/v2\/media?parent=250566"}],"wp:term":[{"taxonomy":"category","embeddable":true,"href":"https:\/\/franciscanos.org.br\/noticias\/wp-json\/wp\/v2\/categories?post=250566"},{"taxonomy":"post_tag","embeddable":true,"href":"https:\/\/franciscanos.org.br\/noticias\/wp-json\/wp\/v2\/tags?post=250566"}],"curies":[{"name":"wp","href":"https:\/\/api.w.org\/{rel}","templated":true}]}}