{"id":250471,"date":"2024-08-30T18:01:09","date_gmt":"2024-08-30T21:01:09","guid":{"rendered":"https:\/\/franciscanos.org.br\/noticias\/?p=250471"},"modified":"2024-09-03T16:05:08","modified_gmt":"2024-09-03T19:05:08","slug":"tempo-da-criacao-esperancar-e-agir","status":"publish","type":"post","link":"https:\/\/franciscanos.org.br\/noticias\/tempo-da-criacao-esperancar-e-agir.html","title":{"rendered":"Tempo da cria\u00e7\u00e3o: esperan\u00e7ar e agir"},"content":{"rendered":"<p><img loading=\"lazy\" class=\"aligncenter wp-image-250472 size-full\" src=\"https:\/\/franciscanos.org.br\/noticias\/wp-content\/uploads\/2024\/08\/MATERIA-23.jpg\" alt=\"\" width=\"800\" height=\"550\" srcset=\"https:\/\/franciscanos.org.br\/noticias\/wp-content\/uploads\/2024\/08\/MATERIA-23.jpg 800w, https:\/\/franciscanos.org.br\/noticias\/wp-content\/uploads\/2024\/08\/MATERIA-23-450x309.jpg 450w, https:\/\/franciscanos.org.br\/noticias\/wp-content\/uploads\/2024\/08\/MATERIA-23-768x528.jpg 768w, https:\/\/franciscanos.org.br\/noticias\/wp-content\/uploads\/2024\/08\/MATERIA-23-150x103.jpg 150w, https:\/\/franciscanos.org.br\/noticias\/wp-content\/uploads\/2024\/08\/MATERIA-23-320x220.jpg 320w\" sizes=\"(max-width: 800px) 100vw, 800px\" \/><\/p>\n<p>A capacidade do ser humano de ressignificar a exist\u00eancia \u00e9 uma das suas importantes habilidades na luta pela sua manuten\u00e7\u00e3o diante das adversidades encontradas ao longo da vida.\u00a0 Em seu tempo, \u00e0 sua maneira, ele cria e recria no impulso de permanecer est\u00e1vel no mundo, pois como obra da Cria\u00e7\u00e3o tamb\u00e9m precisa encontrar o sentido de sua perman\u00eancia no meio ambiente.<\/p>\n<p>Pensando no quanto \u00e9 importante que repensemos a quest\u00e3o do poder humano, do seu significado e dos seus limites, pois um poder descontrolado gera monstros e volta-se contra n\u00f3s mesmos, o Papa Francisco prop\u00f4s em sua mensagem para o <strong>Dia Mundial de Ora\u00e7\u00e3o pelo Cuidado da Cria\u00e7\u00e3o<\/strong>, celebrado no dia <strong>1\u00ba\u00a0de setembro<\/strong>, uma reflex\u00e3o sobre o papel nos filhos e filhas de Deus na luta pela vida diante da sede de poderosos. \u00a0\u00a0A partir do tema \u201cEspera e age com a cria\u00e7\u00e3o\u201d, fundamentado Carta de S\u00e3o Paulo aos Romanos 8,19-25, o Papa nos diz que \u201co Esp\u00edrito vem em socorro de nossa fraqueza\u201d (cf. Rm 8,26).<\/p>\n<p><img loading=\"lazy\" class=\"size-medium wp-image-250473 alignright\" src=\"https:\/\/franciscanos.org.br\/noticias\/wp-content\/uploads\/2024\/08\/Captura-de-tela-2024-08-30-171728-319x450.jpg\" alt=\"\" width=\"319\" height=\"450\" srcset=\"https:\/\/franciscanos.org.br\/noticias\/wp-content\/uploads\/2024\/08\/Captura-de-tela-2024-08-30-171728-319x450.jpg 319w, https:\/\/franciscanos.org.br\/noticias\/wp-content\/uploads\/2024\/08\/Captura-de-tela-2024-08-30-171728-150x212.jpg 150w, https:\/\/franciscanos.org.br\/noticias\/wp-content\/uploads\/2024\/08\/Captura-de-tela-2024-08-30-171728.jpg 384w\" sizes=\"(max-width: 319px) 100vw, 319px\" \/>A data inspirada em S\u00e3o Francisco de Assis, foi institu\u00edda em 2015 pelo Pont\u00edfice e tamb\u00e9m \u00e9 conhecida como Tempo da Cria\u00e7\u00e3o. At\u00e9 <strong>4 de outubro<\/strong>, dia do santo protetor dos animais e padroeiro da ecologia, \u201ca fam\u00edlia crist\u00e3 se une para esta celebra\u00e7\u00e3o mundial de ora\u00e7\u00e3o e a\u00e7\u00e3o para proteger nossa Casa Comum. \u00c9 uma \u00e9poca especial em que celebramos Deus como Criador e reconhecemos a Cria\u00e7\u00e3o como o ato divino cont\u00ednuo que nos re\u00fane em colabora\u00e7\u00e3o para amar e cuidar do dom de tudo aquilo que \u00e9 criado. Como seguidores e seguidoras de Cristo em todo o mundo, compartilhamos um chamado comum para cuidar da Cria\u00e7\u00e3o. Somos cocriaturas e parte de tudo o que Deus fez. Nosso bem-estar est\u00e1 interligado com o bem-estar da Terra\u201d, conforme explica o Guia de Celebra\u00e7\u00e3o \u201cEsperan\u00e7a e Agir com a Cria\u00e7\u00e3o\u201d, criado para promover uma celebra\u00e7\u00e3o ecum\u00eanica da data.<\/p>\n<p>Em sua mensagem, al\u00e9m de mencionar a import\u00e2ncia da unidade para os cuidados com a Casa Comum, Papa Francisco refor\u00e7a que, apesar de todos os desafios diante da imposi\u00e7\u00e3o dos interesses econ\u00f4micos sobre a terra, a esperan\u00e7a presente no cora\u00e7\u00e3o e na alma de todo crist\u00e3o, refor\u00e7a a sua comunh\u00e3o com Deus \u201cA exist\u00eancia do crist\u00e3o \u00e9 vida de f\u00e9, laboriosa na caridade e transbordante de esperan\u00e7a, enquanto aguarda o regresso do Senhor na sua gl\u00f3ria\u201d.<\/p>\n<p><strong>Semeadores de esperan\u00e7a<\/strong><\/p>\n<p>A Prov\u00edncia Franciscana da Imaculada Concei\u00e7\u00e3o do Brasil tem forte atua\u00e7\u00e3o nas a\u00e7\u00f5es de conscientiza\u00e7\u00e3o para a preserva\u00e7\u00e3o do meio ambiente, fundamentada nos ensinamentos de S\u00e3o Francisco de Assis, que viveu profundamente o amor a Deus e a todas as Suas criaturas. No C\u00e2ntico do Irm\u00e3o Sol ou Louvores das Criaturas, o Santo Ser\u00e1fico diz: &#8220;Louvado seja, meu Senhor, pela irm\u00e3 nossa, a m\u00e3e terra (cf. Dn 3,74), que nos sustenta e governa e produz diversos frutos com coloridas flores e ervas (cf. SI 103,13-14)&#8221;.<\/p>\n<p>Esse amor incessante est\u00e1 presente no carisma e na espiritualidade franciscana e os frades s\u00e3o os respons\u00e1veis por propagar a presen\u00e7a do Esp\u00edrito e a for\u00e7a da f\u00e9, tamb\u00e9m por meio das a\u00e7\u00f5es concretas, que impactam grupos, comunidades e demais lugares onde a dor clama por socorro e a esperan\u00e7a pede para entrar.<\/p>\n<p>Frei Marx Rodrigues dos Reis, Coordenador da Frente de Solidariedade para com os Empobrecidos e Animador do Servi\u00e7o de JPIC\u00a0 (Justi\u00e7a, Paz e Integridade da Cria\u00e7\u00e3o), \u00e9 um desses semeadores de esperan\u00e7a por meio da viv\u00eancia di\u00e1ria e da pr\u00e1tica franciscana. Conforme nos diz Papa Francisco: \u201cEsperar e agir com a cria\u00e7\u00e3o significa, ent\u00e3o, viver uma f\u00e9 encarnada, que sabe entrar na carne sofredora e esperan\u00e7osa das pessoas, partilhando a expectativa da ressurrei\u00e7\u00e3o corporal a que os fi\u00e9is est\u00e3o predestinados em Cristo Senhor\u201d.<\/p>\n<p>Segundo ele, diante do cen\u00e1rio da atualidade, que nos apresenta uma grande batalha pelo poder envolvendo o dom\u00ednio e a explora\u00e7\u00e3o do meio ambiente, ainda somos muito resistentes ao diferente e \u00e0s mudan\u00e7as necess\u00e1rias. \u201cFomos nos acomodando a pensar as coisas sobre um \u00fanico paradigma, sobre uma \u00fanica forma de pensar, de tal modo que n\u00e3o acreditamos mais na possibilidade do diferente acontecer\u201d. Ele citou as novas possibilidades para gera\u00e7\u00e3o de energia e para a transi\u00e7\u00e3o nutricional. \u201c\u00c9 poss\u00edvel cuidarmos da terra sem desmat\u00e1-la\u201d, salientou.<\/p>\n<p>O frade argumentou que uma das nossas grandes fraquezas nos dias atuais \u00e9 a comunica\u00e7\u00e3o n\u00e3o respons\u00e1vel. \u201cBoa parte dos movimentos liberais conservadores utiliza os meios de comunica\u00e7\u00e3o para influenciar a juventude e demais pessoas que n\u00e3o t\u00eam condi\u00e7\u00f5es de verificar uma informa\u00e7\u00e3o. Se somos levados a acreditar em coisas que s\u00e3o inverdades nossa consci\u00eancia adoece\u201d, destacou.<\/p>\n<p>De acordo com Frei Marx, o poder que gera danos \u00e0 nossa Casa Comum pode ser combatido pela juventude que acredita no movimento da Igreja e se orienta pelas palavras do Papa Francisco que, segundo ele, \u00e9 uma voz prof\u00e9tica da atualidade.<\/p>\n<p>Outro olhar do frade para o enfrentamento das causas da degrada\u00e7\u00e3o ambiental volta-se para as comunidades ind\u00edgenas e tradicionais. \u201cA situa\u00e7\u00e3o das comunidades tradicionais que cuidam do meio ambiente, assim como das entidades e institui\u00e7\u00f5es que lutam pelas quest\u00f5es ambientais, nos levam a crer que necessitamos de uma mudan\u00e7a urgente\u201d.<\/p>\n<p>Conforme \u00e9 apresentado no site do Minist\u00e9rio do Meio Ambiente e Mudan\u00e7a do Clima, do governo federal, os povos e comunidades tradicionais conservam a biodiversidade gra\u00e7as \u00e0 sua rela\u00e7\u00e3o com a natureza. Protagonizam, cada vez mais, pr\u00e1ticas econ\u00f4micas racionais, por meio de sistemas produtivos baseados na sociobioeconomia. Desse modo, contribuem para um novo ciclo de desenvolvimento, sustent\u00e1vel e promissor para o Brasil.<\/p>\n<p>Segundo o coordenador JPIC, quando o Papa Francisco fala em \u201crepensar a quest\u00e3o do poder humano\u201d, a Igreja tem papel fundamental nesse processo. \u201cO Papa Francisco deseja que n\u00e3o sejamos dominadores, mas que possamos fertilizar, cuidar e amparar a vida. Por isso, ele pede que fa\u00e7amos um movimento contr\u00e1rio ao dos dominadores, sugerindo que reforcemos a nossa esperan\u00e7a\u201d.<\/p>\n<p>Nesse sentido, o frade explicou que a Igreja no Brasil tem importante presen\u00e7a na hist\u00f3ria de resist\u00eancia e luta das minorias, embora muito atacada por movimentos conservadores. \u201cN\u00f3s, franciscanos, temos uma heran\u00e7a dessa luta por muitas vezes liderada pela Igreja. Historicamente, estamos do lado daqueles que mais sofrem. Os franciscanos fizeram os seus caminhos, percorrendo o Evangelho entre as vielas e periferias. Fizeram o seu canto em louvor a Deus no cuidado ao pr\u00f3ximo. E \u00e9 esse o lugar que pode fazer a transforma\u00e7\u00e3o\u201d.<\/p>\n<p>Frei Marx afirmou que precisamos esperan\u00e7ar. Vivemos em um processo de degrada\u00e7\u00e3o ambiental t\u00e3o profundo, que devemos ter consci\u00eancia de que as consequ\u00eancias vir\u00e3o sobre n\u00f3s e precisamos aceitar. N\u00e3o tem como frear essa mudan\u00e7a clim\u00e1tica. N\u00e3o tem como reverter essa situa\u00e7\u00e3o. Mas \u00e9 poss\u00edvel amenizar, \u00e9 preciso diminuir e refletir. \u00c9 poss\u00edvel pensar formas de conviv\u00eancia melhores? \u00c9 poss\u00edvel readequar nossa forma de vida? \u00c9 poss\u00edvel pensar como \u00e9 que os mais vulner\u00e1veis v\u00e3o poder passar por esse processo? Posso afirmar que \u00e9 poss\u00edvel. As mudan\u00e7as e a esperan\u00e7a cabem a n\u00f3s\u201d, refor\u00e7ou.<\/p>\n<p>Ele ainda argumentou que nessa caminhada S\u00e3o Francisco de Assis pode ajudar em muitas coisas. \u201cPrimeiro quero recordar o C\u00e2ntico das Criaturas, que faz parte das celebra\u00e7\u00f5es dos 800 anos franciscanos. H\u00e1, aqui, dois pontos bem importantes que eu gostaria de ressaltar. O primeiro \u00e9 que o Santo Ser\u00e1fico muda a rela\u00e7\u00e3o que n\u00f3s temos com a natureza. Ele nos faz olhar para todas as formas da Cria\u00e7\u00e3o como algo divino e especial. Esse cuidado, essa rela\u00e7\u00e3o, talvez seja a grande heran\u00e7a de S\u00e3o Francisco de Assis\u201d.<\/p>\n<p>O frade ainda explicou que devemos olhar para o mundo com olhar sacro das coisas, pois \u00e9 preciso dar valor e dignidade a todas as formas de vida. \u201cUma segunda quest\u00e3o muito importante que precisamos trazer \u00e9 justamente o que S\u00e3o Francisco de Assis faz: trilhar o caminho do encontro. Ele vai encontrar o sult\u00e3o para acabar com a guerra das Cruzadas\u201d.<\/p>\n<p>Fazendo uma analogia, o frade diz que na atualidade existe uma cruzada empreendida por aqueles que querem impor seus interesses, ainda que morram tudo e todos. \u201cS\u00e3o Francisco de Assis nos coloca para fazer esse confronto interno e em comunidade, indo a outro lugar muito importante que \u00e9 o de promover o encontro com os vulner\u00e1veis. \u00a0Em sua hist\u00f3ria, ele foi \u00e0s periferias, por isso, precisamos voltar nesses espa\u00e7os ao encontro do lamento, do sofrimento dos irm\u00e3os, levando a esperan\u00e7a de um mundo transformador&#8221;, concluiu.<\/p>\n<p><a href=\"https:\/\/franciscanos.org.br\/banca\/wp-content\/uploads\/2024\/08\/Mensagem-do-Santo-Padre-para-a-celebracao-do-Dia-Mundial-de-Oracao-pelo-Cuidado-da-Criacao-1-de-setembro-de-2024-27-de-junho-de-2024-_-Francisco.pdf\"><span style=\"color: #0000ff;\"><strong>Acesse a mensagem do Papa Francisco para o Dia Mundial de Ora\u00e7\u00e3o pelo Cuidado da Cria\u00e7\u00e3o<\/strong><\/span><\/a><\/p>\n<p><a href=\"https:\/\/franciscanos.org.br\/banca\/wp-content\/uploads\/2024\/08\/PT_Guia-de-Celebracao_Tempo-da-Criacao-2-2.pdf\"><span style=\"color: #0000ff;\"><strong>Acesse o Guia de celebra\u00e7\u00e3o: Esperan\u00e7ar e Agir com a Cria\u00e7\u00e3o<\/strong><\/span><\/a><\/p>\n<hr \/>\n<p><em>Texto: Adriana Rabelo<\/em><\/p>\n","protected":false},"excerpt":{"rendered":"<p>Dia Mundial de Ora\u00e7\u00e3o pelo Cuidado da Cria\u00e7\u00e3o ser\u00e1 celebrado no dia 1 de setembro<\/p>\n","protected":false},"author":11,"featured_media":250472,"comment_status":"open","ping_status":"open","sticky":false,"template":"","format":"standard","meta":[],"categories":[1],"tags":[1229],"acf":[],"yoast_head":"<!-- This site is optimized with the Yoast SEO plugin v19.2 - https:\/\/yoast.com\/wordpress\/plugins\/seo\/ -->\n<title>Tempo da cria\u00e7\u00e3o: esperan\u00e7ar e agir - Not\u00edcias - Franciscanos<\/title>\n<meta name=\"robots\" content=\"index, follow, max-snippet:-1, max-image-preview:large, max-video-preview:-1\" \/>\n<link rel=\"canonical\" href=\"https:\/\/franciscanos.org.br\/noticias\/tempo-da-criacao-esperancar-e-agir.html\" \/>\n<meta property=\"og:locale\" content=\"pt_BR\" \/>\n<meta property=\"og:type\" content=\"article\" \/>\n<meta property=\"og:title\" content=\"Tempo da cria\u00e7\u00e3o: esperan\u00e7ar e agir - Not\u00edcias - Franciscanos\" \/>\n<meta property=\"og:description\" content=\"Dia Mundial de Ora\u00e7\u00e3o pelo Cuidado da Cria\u00e7\u00e3o ser\u00e1 celebrado no dia 1 de setembro\" \/>\n<meta property=\"og:url\" content=\"https:\/\/franciscanos.org.br\/noticias\/tempo-da-criacao-esperancar-e-agir.html\" \/>\n<meta property=\"og:site_name\" content=\"Not\u00edcias - Franciscanos\" \/>\n<meta property=\"article:published_time\" content=\"2024-08-30T21:01:09+00:00\" \/>\n<meta property=\"article:modified_time\" content=\"2024-09-03T19:05:08+00:00\" \/>\n<meta property=\"og:image\" content=\"https:\/\/franciscanos.org.br\/noticias\/wp-content\/uploads\/2024\/08\/MATERIA-23.jpg\" \/>\n\t<meta property=\"og:image:width\" content=\"800\" \/>\n\t<meta property=\"og:image:height\" content=\"550\" \/>\n\t<meta property=\"og:image:type\" content=\"image\/jpeg\" \/>\n<meta name=\"author\" content=\"Adriana Rabelo\" \/>\n<meta name=\"twitter:card\" content=\"summary_large_image\" \/>\n<meta name=\"twitter:label1\" content=\"Escrito por\" \/>\n\t<meta name=\"twitter:data1\" content=\"Adriana Rabelo\" \/>\n\t<meta name=\"twitter:label2\" content=\"Est. tempo de leitura\" \/>\n\t<meta name=\"twitter:data2\" content=\"8 minutos\" \/>\n<script type=\"application\/ld+json\" class=\"yoast-schema-graph\">{\"@context\":\"https:\/\/schema.org\",\"@graph\":[{\"@type\":\"WebSite\",\"@id\":\"https:\/\/franciscanos.org.br\/noticias\/#website\",\"url\":\"https:\/\/franciscanos.org.br\/noticias\/\",\"name\":\"Not\u00edcias - Franciscanos\",\"description\":\"Prov\u00edncia Franciscana da Imaculada Concei\u00e7\u00e3o do Brasil - Ordem dos Frades Menores - OFM\",\"potentialAction\":[{\"@type\":\"SearchAction\",\"target\":{\"@type\":\"EntryPoint\",\"urlTemplate\":\"https:\/\/franciscanos.org.br\/noticias\/?s={search_term_string}\"},\"query-input\":\"required name=search_term_string\"}],\"inLanguage\":\"pt-BR\"},{\"@type\":\"ImageObject\",\"inLanguage\":\"pt-BR\",\"@id\":\"https:\/\/franciscanos.org.br\/noticias\/tempo-da-criacao-esperancar-e-agir.html#primaryimage\",\"url\":\"https:\/\/franciscanos.org.br\/noticias\/wp-content\/uploads\/2024\/08\/MATERIA-23.jpg\",\"contentUrl\":\"https:\/\/franciscanos.org.br\/noticias\/wp-content\/uploads\/2024\/08\/MATERIA-23.jpg\",\"width\":800,\"height\":550},{\"@type\":\"WebPage\",\"@id\":\"https:\/\/franciscanos.org.br\/noticias\/tempo-da-criacao-esperancar-e-agir.html#webpage\",\"url\":\"https:\/\/franciscanos.org.br\/noticias\/tempo-da-criacao-esperancar-e-agir.html\",\"name\":\"Tempo da cria\u00e7\u00e3o: esperan\u00e7ar e agir - Not\u00edcias - Franciscanos\",\"isPartOf\":{\"@id\":\"https:\/\/franciscanos.org.br\/noticias\/#website\"},\"primaryImageOfPage\":{\"@id\":\"https:\/\/franciscanos.org.br\/noticias\/tempo-da-criacao-esperancar-e-agir.html#primaryimage\"},\"datePublished\":\"2024-08-30T21:01:09+00:00\",\"dateModified\":\"2024-09-03T19:05:08+00:00\",\"author\":{\"@id\":\"https:\/\/franciscanos.org.br\/noticias\/#\/schema\/person\/d9422e83121c3ad3b0f423d195f5bb25\"},\"breadcrumb\":{\"@id\":\"https:\/\/franciscanos.org.br\/noticias\/tempo-da-criacao-esperancar-e-agir.html#breadcrumb\"},\"inLanguage\":\"pt-BR\",\"potentialAction\":[{\"@type\":\"ReadAction\",\"target\":[\"https:\/\/franciscanos.org.br\/noticias\/tempo-da-criacao-esperancar-e-agir.html\"]}]},{\"@type\":\"BreadcrumbList\",\"@id\":\"https:\/\/franciscanos.org.br\/noticias\/tempo-da-criacao-esperancar-e-agir.html#breadcrumb\",\"itemListElement\":[{\"@type\":\"ListItem\",\"position\":1,\"name\":\"Home\",\"item\":\"https:\/\/franciscanos.org.br\/noticias\"},{\"@type\":\"ListItem\",\"position\":2,\"name\":\"Tempo da cria\u00e7\u00e3o: esperan\u00e7ar e agir\"}]},{\"@type\":\"Person\",\"@id\":\"https:\/\/franciscanos.org.br\/noticias\/#\/schema\/person\/d9422e83121c3ad3b0f423d195f5bb25\",\"name\":\"Adriana Rabelo\",\"image\":{\"@type\":\"ImageObject\",\"inLanguage\":\"pt-BR\",\"@id\":\"https:\/\/franciscanos.org.br\/noticias\/#\/schema\/person\/image\/\",\"url\":\"https:\/\/secure.gravatar.com\/avatar\/0a937b7500cd7df77540cfb8bede877d?s=96&d=mm&r=g\",\"contentUrl\":\"https:\/\/secure.gravatar.com\/avatar\/0a937b7500cd7df77540cfb8bede877d?s=96&d=mm&r=g\",\"caption\":\"Adriana Rabelo\"},\"url\":\"https:\/\/franciscanos.org.br\/noticias\/author\/adrianarabelo\"}]}<\/script>\n<!-- \/ Yoast SEO plugin. -->","yoast_head_json":{"title":"Tempo da cria\u00e7\u00e3o: esperan\u00e7ar e agir - Not\u00edcias - Franciscanos","robots":{"index":"index","follow":"follow","max-snippet":"max-snippet:-1","max-image-preview":"max-image-preview:large","max-video-preview":"max-video-preview:-1"},"canonical":"https:\/\/franciscanos.org.br\/noticias\/tempo-da-criacao-esperancar-e-agir.html","og_locale":"pt_BR","og_type":"article","og_title":"Tempo da cria\u00e7\u00e3o: esperan\u00e7ar e agir - Not\u00edcias - Franciscanos","og_description":"Dia Mundial de Ora\u00e7\u00e3o pelo Cuidado da Cria\u00e7\u00e3o ser\u00e1 celebrado no dia 1 de setembro","og_url":"https:\/\/franciscanos.org.br\/noticias\/tempo-da-criacao-esperancar-e-agir.html","og_site_name":"Not\u00edcias - Franciscanos","article_published_time":"2024-08-30T21:01:09+00:00","article_modified_time":"2024-09-03T19:05:08+00:00","og_image":[{"width":800,"height":550,"url":"https:\/\/franciscanos.org.br\/noticias\/wp-content\/uploads\/2024\/08\/MATERIA-23.jpg","type":"image\/jpeg"}],"author":"Adriana Rabelo","twitter_card":"summary_large_image","twitter_misc":{"Escrito por":"Adriana Rabelo","Est. tempo de leitura":"8 minutos"},"schema":{"@context":"https:\/\/schema.org","@graph":[{"@type":"WebSite","@id":"https:\/\/franciscanos.org.br\/noticias\/#website","url":"https:\/\/franciscanos.org.br\/noticias\/","name":"Not\u00edcias - Franciscanos","description":"Prov\u00edncia Franciscana da Imaculada Concei\u00e7\u00e3o do Brasil - Ordem dos Frades Menores - OFM","potentialAction":[{"@type":"SearchAction","target":{"@type":"EntryPoint","urlTemplate":"https:\/\/franciscanos.org.br\/noticias\/?s={search_term_string}"},"query-input":"required name=search_term_string"}],"inLanguage":"pt-BR"},{"@type":"ImageObject","inLanguage":"pt-BR","@id":"https:\/\/franciscanos.org.br\/noticias\/tempo-da-criacao-esperancar-e-agir.html#primaryimage","url":"https:\/\/franciscanos.org.br\/noticias\/wp-content\/uploads\/2024\/08\/MATERIA-23.jpg","contentUrl":"https:\/\/franciscanos.org.br\/noticias\/wp-content\/uploads\/2024\/08\/MATERIA-23.jpg","width":800,"height":550},{"@type":"WebPage","@id":"https:\/\/franciscanos.org.br\/noticias\/tempo-da-criacao-esperancar-e-agir.html#webpage","url":"https:\/\/franciscanos.org.br\/noticias\/tempo-da-criacao-esperancar-e-agir.html","name":"Tempo da cria\u00e7\u00e3o: esperan\u00e7ar e agir - Not\u00edcias - Franciscanos","isPartOf":{"@id":"https:\/\/franciscanos.org.br\/noticias\/#website"},"primaryImageOfPage":{"@id":"https:\/\/franciscanos.org.br\/noticias\/tempo-da-criacao-esperancar-e-agir.html#primaryimage"},"datePublished":"2024-08-30T21:01:09+00:00","dateModified":"2024-09-03T19:05:08+00:00","author":{"@id":"https:\/\/franciscanos.org.br\/noticias\/#\/schema\/person\/d9422e83121c3ad3b0f423d195f5bb25"},"breadcrumb":{"@id":"https:\/\/franciscanos.org.br\/noticias\/tempo-da-criacao-esperancar-e-agir.html#breadcrumb"},"inLanguage":"pt-BR","potentialAction":[{"@type":"ReadAction","target":["https:\/\/franciscanos.org.br\/noticias\/tempo-da-criacao-esperancar-e-agir.html"]}]},{"@type":"BreadcrumbList","@id":"https:\/\/franciscanos.org.br\/noticias\/tempo-da-criacao-esperancar-e-agir.html#breadcrumb","itemListElement":[{"@type":"ListItem","position":1,"name":"Home","item":"https:\/\/franciscanos.org.br\/noticias"},{"@type":"ListItem","position":2,"name":"Tempo da cria\u00e7\u00e3o: esperan\u00e7ar e agir"}]},{"@type":"Person","@id":"https:\/\/franciscanos.org.br\/noticias\/#\/schema\/person\/d9422e83121c3ad3b0f423d195f5bb25","name":"Adriana Rabelo","image":{"@type":"ImageObject","inLanguage":"pt-BR","@id":"https:\/\/franciscanos.org.br\/noticias\/#\/schema\/person\/image\/","url":"https:\/\/secure.gravatar.com\/avatar\/0a937b7500cd7df77540cfb8bede877d?s=96&d=mm&r=g","contentUrl":"https:\/\/secure.gravatar.com\/avatar\/0a937b7500cd7df77540cfb8bede877d?s=96&d=mm&r=g","caption":"Adriana Rabelo"},"url":"https:\/\/franciscanos.org.br\/noticias\/author\/adrianarabelo"}]}},"_links":{"self":[{"href":"https:\/\/franciscanos.org.br\/noticias\/wp-json\/wp\/v2\/posts\/250471"}],"collection":[{"href":"https:\/\/franciscanos.org.br\/noticias\/wp-json\/wp\/v2\/posts"}],"about":[{"href":"https:\/\/franciscanos.org.br\/noticias\/wp-json\/wp\/v2\/types\/post"}],"author":[{"embeddable":true,"href":"https:\/\/franciscanos.org.br\/noticias\/wp-json\/wp\/v2\/users\/11"}],"replies":[{"embeddable":true,"href":"https:\/\/franciscanos.org.br\/noticias\/wp-json\/wp\/v2\/comments?post=250471"}],"version-history":[{"count":9,"href":"https:\/\/franciscanos.org.br\/noticias\/wp-json\/wp\/v2\/posts\/250471\/revisions"}],"predecessor-version":[{"id":250531,"href":"https:\/\/franciscanos.org.br\/noticias\/wp-json\/wp\/v2\/posts\/250471\/revisions\/250531"}],"wp:featuredmedia":[{"embeddable":true,"href":"https:\/\/franciscanos.org.br\/noticias\/wp-json\/wp\/v2\/media\/250472"}],"wp:attachment":[{"href":"https:\/\/franciscanos.org.br\/noticias\/wp-json\/wp\/v2\/media?parent=250471"}],"wp:term":[{"taxonomy":"category","embeddable":true,"href":"https:\/\/franciscanos.org.br\/noticias\/wp-json\/wp\/v2\/categories?post=250471"},{"taxonomy":"post_tag","embeddable":true,"href":"https:\/\/franciscanos.org.br\/noticias\/wp-json\/wp\/v2\/tags?post=250471"}],"curies":[{"name":"wp","href":"https:\/\/api.w.org\/{rel}","templated":true}]}}