{"id":250422,"date":"2024-08-29T15:24:31","date_gmt":"2024-08-29T18:24:31","guid":{"rendered":"https:\/\/franciscanos.org.br\/noticias\/?p=250422"},"modified":"2024-08-29T15:28:08","modified_gmt":"2024-08-29T18:28:08","slug":"peregrinacao-da-reliquia-de-sao-benedito-frades-enviam-carta-de-agradecimento","status":"publish","type":"post","link":"https:\/\/franciscanos.org.br\/noticias\/peregrinacao-da-reliquia-de-sao-benedito-frades-enviam-carta-de-agradecimento.html","title":{"rendered":"Peregrina\u00e7\u00e3o da rel\u00edquia de S\u00e3o Benedito: Frades enviam carta de agradecimento"},"content":{"rendered":"<p><img loading=\"lazy\" class=\"aligncenter wp-image-250423 size-full\" src=\"https:\/\/franciscanos.org.br\/noticias\/wp-content\/uploads\/2024\/08\/MATERIA-CARTA.jpg\" alt=\"\" width=\"1280\" height=\"720\" srcset=\"https:\/\/franciscanos.org.br\/noticias\/wp-content\/uploads\/2024\/08\/MATERIA-CARTA.jpg 1280w, https:\/\/franciscanos.org.br\/noticias\/wp-content\/uploads\/2024\/08\/MATERIA-CARTA-450x253.jpg 450w, https:\/\/franciscanos.org.br\/noticias\/wp-content\/uploads\/2024\/08\/MATERIA-CARTA-1024x576.jpg 1024w, https:\/\/franciscanos.org.br\/noticias\/wp-content\/uploads\/2024\/08\/MATERIA-CARTA-768x432.jpg 768w, https:\/\/franciscanos.org.br\/noticias\/wp-content\/uploads\/2024\/08\/MATERIA-CARTA-150x84.jpg 150w\" sizes=\"(max-width: 1280px) 100vw, 1280px\" \/><\/p>\n<p>No m\u00eas de agosto Frei Fernando Truppia e Frei Marcelo Badalamenti, da Prov\u00edncia do Sant\u00edssimo Nome de Jesus,\u00a0 localizada na Sic\u00edlia,\u00a0 It\u00e1lia, estiveram no Brasil conduzindo a rel\u00edquia de S\u00e3o Benedito de Palermo, em visita \u00e0s Irmandades do Ros\u00e1rio e de S\u00e3o Benedito nos estados de S\u00e3o Paulo e Rio de Janeiro. A peregrina\u00e7\u00e3o pela Am\u00e9rica do Sul\u00a0 marcou as celebra\u00e7\u00f5es dos 500 anos de nascimento do santo negro franciscano. Os guardi\u00f5es passaram pela Venezuela,\u00a0 pelo Peru e conclu\u00edram a peregrina\u00e7\u00e3o em terras brasileiras, onde permaneceram de 8 a 23 de agosto. Aqui visitaram diferentes localidades, especialmente as fraternidades da Prov\u00edncia Franciscana da Imaculada Concei\u00e7\u00e3o do Brasil, onde \u00e9 forte a devo\u00e7\u00e3o ao santo. Frei Alvaci Mendes da Silva, diretor da USF (Universidade S\u00e3o Francisco), em Bragan\u00e7a Paulista (SP), que desenvolveu uma pesquisa acad\u00eamica sobre a vida de S\u00e3o Benedito,\u00a0 foi o coordenador\u00a0 a visita da rel\u00edquia no pa\u00eds. \u00a0Assim que retornaram \u00e0 Italia, os frades peregrinos enviaram uma carta de agradecimento, que pode ser\u00a0 lida na \u00edntegra nesta publica\u00e7\u00e3o:<\/p>\n<h3 style=\"text-align: center;\"><strong>&#8220;Abristes-nos as portas dos vossos conventos, das vossas casas e dos vossos cora\u00e7\u00f5es num dinamismo confiante de reciprocidade&#8221;<\/strong><\/h3>\n<p style=\"text-align: center;\"><strong>Nosso agradecimento a todos!<\/strong><\/p>\n<p><strong>Carta de agradecimento a quantos encontramos durante a peregrina\u00e7\u00e3o das rel\u00edquias de S\u00e3o Benedito na Am\u00e9rica do Sul, por ocasi\u00e3o do V Centen\u00e1rio do seu nascimento.<\/strong><\/p>\n<p><strong>\u00a0<\/strong>Reverend\u00edssimas Excel\u00eancias, queridos irm\u00e3os e amigos,<\/p>\n<p>Pensamos em escrever esta carta a todos para expressar o que est\u00e1 em nossos cora\u00e7\u00f5es ao final da maravilhosa experi\u00eancia que voc\u00eas nos permitiram viver de 7 de julho a 23 de agosto de 2024.<\/p>\n<p>Como bem sabeis, entre as atividades previstas durante o V Centen\u00e1rio de nascimento de S\u00e3o Benedito, os Frades Menores da Sic\u00edlia inclu\u00edram o encontro com algumas das numerosas comunidades da Am\u00e9rica do Sul que vivem uma rela\u00e7\u00e3o especial com ele. Nosso Ministro Provincial, Frei Antonino Catalfamo, confiou esta miss\u00e3o a mim e ao Frei Marcello Badalamenti. Confiando no Senhor e no apoio do nosso Santo, bem como dos irm\u00e3os da Prov\u00edncia do Sant\u00edssimo Nome de Jesus da Sic\u00edlia e de todos os irm\u00e3os que encontrar\u00edamos, depois de uma longa prepara\u00e7\u00e3o, chegamos at\u00e9 voc\u00eas.<\/p>\n<p>Hoje escrevemos esta carta para agradecer ao Senhor por nos ter concedido um tempo t\u00e3o intenso, rico em conte\u00fado e duradouro, foram 45 dias.<\/p>\n<p>N\u00e3o \u00e9 f\u00e1cil, em poucas linhas, reler o caminho percorrido juntos, contudo, tentaremos relembrar alguns momentos que marcaram esta peregrina\u00e7\u00e3o.<\/p>\n<p>Em voc\u00eas encontramos uma fam\u00edlia que nos acolheu, nos amou e nos cuidou desde o in\u00edcio. Referimo-nos, em primeiro lugar, ao Cardeal Baldassar Porras e aos excelentes Bispos que confiaram plenamente em n\u00f3s e muitos deles estiveram fisicamente presentes e plenamente envolvidos nas diversas celebra\u00e7\u00f5es propostas para a entrega e venera\u00e7\u00e3o das rel\u00edquias. Obrigado.<\/p>\n<p>Que maravilhoso foi o encontro com os numerosos irm\u00e3os das Prov\u00edncias Franciscanas dos XII Ap\u00f3stolos do Peru e da Imaculada Concei\u00e7\u00e3o do Brasil. Todos que encontramos, a come\u00e7ar pelos seus dois Ministros Provinciais, Frei Ernesto Chambi e Frei Paulo Roberto Pereira, nos acolheram calorosamente e ofereceram um testemunho aut\u00eantico da vida franciscana. Sentindo-nos t\u00e3o gentilmente acolhidos por voc\u00eas, irm\u00e3os, voc\u00eas contribu\u00edram muito para nos fazer viver os dias passados \u200b\u200bentre voc\u00eas e com voc\u00eas como um tempo de gra\u00e7a e de crescimento humano e espiritual para nos dedicarmos com particular alegria e abnega\u00e7\u00e3o \u00e0 tentativa de tornar vis\u00edvel em n\u00f3s a mensagem que S\u00e3o Benedito quer comunicar hoje a todos os homens e mulheres de boa vontade. Obrigado.<\/p>\n<p>Quanta generosidade encontramos em todos voc\u00eas, povo de Deus, que assim fizeram para conosco, tratando-nos como <em>peregrinos<\/em>, membros da sua fam\u00edlia, e precisamente porque <em>peregrinos<\/em> voc\u00eas cuidaram de n\u00f3s com maior zelo, colocando ao nosso lado muitas vezes, a sua casa, a sua comida e tudo o que fosse necess\u00e1rio para facilitar nossa miss\u00e3o.<\/p>\n<p>O que podemos dizer dos irm\u00e3os e irm\u00e3s que colaboraram conosco, que confiaram em n\u00f3s, que nos acolheram pacientemente? N\u00e3o mencionamos ningu\u00e9m em particular, mas o nosso agradecimento estende-se a muitas pessoas que nos demonstraram tanta generosidade e aut\u00eantico esp\u00edrito de servi\u00e7o no planejamento, execu\u00e7\u00e3o do programa e na tradu\u00e7\u00e3o das nossas interven\u00e7\u00f5es para portugu\u00eas. N\u00e3o vos esconderei que iniciamos o nosso servi\u00e7o de amor com apreens\u00e3o, embora estiv\u00e9ssemos ansiosos por dar a conhecer a mensagem que S\u00e3o Benedito quer comunicar hoje tamb\u00e9m na Venezuela, no Peru e no Brasil. Mas, com o passar dos dias, percebemos que as tr\u00eas na\u00e7\u00f5es mencionadas se tornaram o nosso lar. Todos, sem exce\u00e7\u00e3o, nos deixaram \u00e0 vontade. Um sinal claro disso n\u00e3o \u00e9 apenas a requintada hospitalidade que nos ofereceram, mas tamb\u00e9m o urgente pedido das fotos que quisestes tirar conosco, porque em n\u00f3s vistes a presen\u00e7a daquele de quem falavamos longamente. Obrigado.<\/p>\n<p>Quando tentamos reler o tempo passado convosco, muitas imagens nos lembram os v\u00e1rios momentos da peregrina\u00e7\u00e3o. Para n\u00f3s, todos foram importantes e lindos. Vamos apenas relembrar o que vivemos no Corcovado. Aquela imagem pretendia expressar a s\u00edntese da mensagem que S\u00e3o Benedito dirige ao homem de hoje: <em>\u201cLembra-te, irm\u00e3o, que \u00e9s um peregrino e que a tua meta \u00e9 o encontro definitivo com Cristo Redentor, que deseja abra\u00e7ar-te, como ele j\u00e1 fez comigo. Atrav\u00e9s da minha humilde pessoa quer mostrar-te o caminho para chegar l\u00e1.&#8221;<\/em><\/p>\n<p>Preservamos a mem\u00f3ria viva das liturgias celebradas juntos, dos momentos comoventes da entrega das rel\u00edquias, particularmente a vivida na Universidade de los Andes, dos encontros catequ\u00e9ticos e de escuta m\u00fatua, das festivas boas-vindas com bandas musicais e dan\u00e7as, das prociss\u00f5es com a participa\u00e7\u00e3o de numerosos grupos de <em>Vassallos, <\/em><em>Irmandades<\/em>, entre outros.<\/p>\n<p>Algum esfor\u00e7o era inevit\u00e1vel, mas o que abundava era a gra\u00e7a. Por esta raz\u00e3o, hoje queremos expressar ao Senhor o nosso agradecimento por todo o bem que recebemos. Pedimos desculpas \u00e0queles que n\u00e3o estiveram envolvidos como gostariam, \u00e0queles a quem n\u00e3o conseguimos abordar como gostariam. Certamente teremos cometido alguns erros. Pedimos ao Senhor que o rem\u00e9dio da miseric\u00f3rdia possa curar quaisquer feridas por n\u00f3s causadas. Acredite, n\u00e3o \u00e9 f\u00e1cil para n\u00f3s dizer como nos sentimos: queremos agradecer a todos!<\/p>\n<p>Todos os dias da peregrina\u00e7\u00e3o foram intensos, vividos na escuta da Palavra do Senhor e na celebra\u00e7\u00e3o da Eucaristia. A partir deste centro, cora\u00e7\u00e3o pulsante da f\u00e9 crist\u00e3, as restantes iniciativas encontraram e dever\u00e3o encontrar sempre impulso. S\u00e3o Benedito \u00e9 nosso mestre nisso.<\/p>\n<p>Abristes-nos as portas dos vossos conventos, das vossas casas e dos vossos cora\u00e7\u00f5es num dinamismo confiante de reciprocidade. O Senhor permitiu-nos concluir a peregrina\u00e7\u00e3o prevista. Agora o trabalho mais importante e mais bonito \u00e9 cumprir as resolu\u00e7\u00f5es que o Esp\u00edrito Santo nos sugeriu durante as nossas reuni\u00f5es (<em>lembre-se do motivo pelo qual tiramos a foto no final das nossas celebra\u00e7\u00f5es<\/em>) para construir a comunh\u00e3o entre n\u00f3s.<\/p>\n<p>Isto ser\u00e1 poss\u00edvel na medida em que, como S\u00e3o Benedito, formos apenas a transpar\u00eancia de Jesus (<em>lembre-se do significado da t\u00fanica<\/em>), acolhedores e atentos para com todos, especialmente para com os \u00faltimos e os mais pequenos, sem diferen\u00e7a de ra\u00e7a ou de cultura. Que ningu\u00e9m se sinta exclu\u00eddo, que ningu\u00e9m experimente a indiferen\u00e7a. Nesta jornada deixamos o campo livre \u00e0 a\u00e7\u00e3o materna da \u201c<em>Divina Pastora<\/em>\u201d, que desde o in\u00edcio da peregrina\u00e7\u00e3o pedimos no seu santu\u00e1rio que fosse a nossa b\u00fassola.<\/p>\n<p>Talvez n\u00e3o tenhamos dito tudo o que voc\u00ea esperava, talvez tenhamos esquecido algu\u00e9m ou alguma coisa. No entanto, espero que voc\u00ea possa sentir nosso profundo sentimento de gratid\u00e3o e reconhecimento.<\/p>\n<p>Com o cora\u00e7\u00e3o cheio de emo\u00e7\u00e3o pedimos que continuem a rezar por n\u00f3s, assim como continuaremos a rezar por cada um de voc\u00eas. Sempre sublinhamos isso no momento da entrega do pergaminho. Permane\u00e7amos unidos no amor do Senhor e em frequentes rela\u00e7\u00f5es m\u00fatuas. Pela intercess\u00e3o de S\u00e3o Benedito invocamos a b\u00ean\u00e7\u00e3o do Senhor sobre todos, pedindo a sua sobre n\u00f3s.<\/p>\n<p style=\"text-align: right;\">Com profundo carinho;<\/p>\n<p style=\"text-align: right;\">Palermo, 26\/08\/2024.<\/p>\n<p style=\"text-align: right;\"><strong>Frei Fernando Trupia<\/strong><\/p>\n<p style=\"text-align: right;\"><strong>Frei Marcelo Badalamenti<\/strong><\/p>\n<hr \/>\n<p>Confira a visita da Rel\u00edquia ao Cristo Redentor, no Rio de Janeiro (RJ)<\/p>\n\n\t\t<style type=\"text\/css\">\n\t\t\t#gallery-1 {\n\t\t\t\tmargin: auto;\n\t\t\t}\n\t\t\t#gallery-1 .gallery-item {\n\t\t\t\tfloat: left;\n\t\t\t\tmargin-top: 10px;\n\t\t\t\ttext-align: center;\n\t\t\t\twidth: 33%;\n\t\t\t}\n\t\t\t#gallery-1 img {\n\t\t\t\tborder: 2px solid #cfcfcf;\n\t\t\t}\n\t\t\t#gallery-1 .gallery-caption {\n\t\t\t\tmargin-left: 0;\n\t\t\t}\n\t\t\t\/* see gallery_shortcode() in wp-includes\/media.php *\/\n\t\t<\/style>\n\t\t<div id='gallery-1' class='gallery galleryid-250422 gallery-columns-3 gallery-size-medium'><dl class='gallery-item'>\n\t\t\t<dt class='gallery-icon portrait'>\n\t\t\t\t<a href='https:\/\/franciscanos.org.br\/noticias\/wp-content\/uploads\/2024\/08\/IMG-20240828-WA0004.jpg'><img width=\"338\" height=\"450\" src=\"https:\/\/franciscanos.org.br\/noticias\/wp-content\/uploads\/2024\/08\/IMG-20240828-WA0004-338x450.jpg\" class=\"attachment-medium size-medium\" alt=\"\" loading=\"lazy\" srcset=\"https:\/\/franciscanos.org.br\/noticias\/wp-content\/uploads\/2024\/08\/IMG-20240828-WA0004-338x450.jpg 338w, https:\/\/franciscanos.org.br\/noticias\/wp-content\/uploads\/2024\/08\/IMG-20240828-WA0004-768x1024.jpg 768w, https:\/\/franciscanos.org.br\/noticias\/wp-content\/uploads\/2024\/08\/IMG-20240828-WA0004-1152x1536.jpg 1152w, https:\/\/franciscanos.org.br\/noticias\/wp-content\/uploads\/2024\/08\/IMG-20240828-WA0004-150x200.jpg 150w, https:\/\/franciscanos.org.br\/noticias\/wp-content\/uploads\/2024\/08\/IMG-20240828-WA0004.jpg 810w\" sizes=\"(max-width: 338px) 100vw, 338px\" \/><\/a>\n\t\t\t<\/dt><\/dl><dl class='gallery-item'>\n\t\t\t<dt class='gallery-icon portrait'>\n\t\t\t\t<a href='https:\/\/franciscanos.org.br\/noticias\/wp-content\/uploads\/2024\/08\/IMG-20240828-WA0005.jpg'><img width=\"300\" height=\"450\" src=\"https:\/\/franciscanos.org.br\/noticias\/wp-content\/uploads\/2024\/08\/IMG-20240828-WA0005-300x450.jpg\" class=\"attachment-medium size-medium\" alt=\"\" loading=\"lazy\" srcset=\"https:\/\/franciscanos.org.br\/noticias\/wp-content\/uploads\/2024\/08\/IMG-20240828-WA0005-300x450.jpg 300w, https:\/\/franciscanos.org.br\/noticias\/wp-content\/uploads\/2024\/08\/IMG-20240828-WA0005-682x1024.jpg 682w, https:\/\/franciscanos.org.br\/noticias\/wp-content\/uploads\/2024\/08\/IMG-20240828-WA0005-768x1153.jpg 768w, https:\/\/franciscanos.org.br\/noticias\/wp-content\/uploads\/2024\/08\/IMG-20240828-WA0005-1023x1536.jpg 1023w, https:\/\/franciscanos.org.br\/noticias\/wp-content\/uploads\/2024\/08\/IMG-20240828-WA0005-150x225.jpg 150w, https:\/\/franciscanos.org.br\/noticias\/wp-content\/uploads\/2024\/08\/IMG-20240828-WA0005.jpg 720w\" sizes=\"(max-width: 300px) 100vw, 300px\" \/><\/a>\n\t\t\t<\/dt><\/dl><dl class='gallery-item'>\n\t\t\t<dt class='gallery-icon portrait'>\n\t\t\t\t<a href='https:\/\/franciscanos.org.br\/noticias\/wp-content\/uploads\/2024\/08\/IMG-20240828-WA0006.jpg'><img width=\"300\" height=\"450\" src=\"https:\/\/franciscanos.org.br\/noticias\/wp-content\/uploads\/2024\/08\/IMG-20240828-WA0006-300x450.jpg\" class=\"attachment-medium size-medium\" alt=\"\" loading=\"lazy\" srcset=\"https:\/\/franciscanos.org.br\/noticias\/wp-content\/uploads\/2024\/08\/IMG-20240828-WA0006-300x450.jpg 300w, https:\/\/franciscanos.org.br\/noticias\/wp-content\/uploads\/2024\/08\/IMG-20240828-WA0006-682x1024.jpg 682w, https:\/\/franciscanos.org.br\/noticias\/wp-content\/uploads\/2024\/08\/IMG-20240828-WA0006-768x1153.jpg 768w, https:\/\/franciscanos.org.br\/noticias\/wp-content\/uploads\/2024\/08\/IMG-20240828-WA0006-1023x1536.jpg 1023w, https:\/\/franciscanos.org.br\/noticias\/wp-content\/uploads\/2024\/08\/IMG-20240828-WA0006-150x225.jpg 150w, https:\/\/franciscanos.org.br\/noticias\/wp-content\/uploads\/2024\/08\/IMG-20240828-WA0006.jpg 720w\" sizes=\"(max-width: 300px) 100vw, 300px\" \/><\/a>\n\t\t\t<\/dt><\/dl><br style=\"clear: both\" \/><dl class='gallery-item'>\n\t\t\t<dt class='gallery-icon portrait'>\n\t\t\t\t<a href='https:\/\/franciscanos.org.br\/noticias\/wp-content\/uploads\/2024\/08\/IMG-20240828-WA0007.jpg'><img width=\"303\" height=\"450\" src=\"https:\/\/franciscanos.org.br\/noticias\/wp-content\/uploads\/2024\/08\/IMG-20240828-WA0007-303x450.jpg\" class=\"attachment-medium size-medium\" alt=\"\" loading=\"lazy\" srcset=\"https:\/\/franciscanos.org.br\/noticias\/wp-content\/uploads\/2024\/08\/IMG-20240828-WA0007-303x450.jpg 303w, https:\/\/franciscanos.org.br\/noticias\/wp-content\/uploads\/2024\/08\/IMG-20240828-WA0007-689x1024.jpg 689w, https:\/\/franciscanos.org.br\/noticias\/wp-content\/uploads\/2024\/08\/IMG-20240828-WA0007-768x1142.jpg 768w, https:\/\/franciscanos.org.br\/noticias\/wp-content\/uploads\/2024\/08\/IMG-20240828-WA0007-1033x1536.jpg 1033w, https:\/\/franciscanos.org.br\/noticias\/wp-content\/uploads\/2024\/08\/IMG-20240828-WA0007-150x223.jpg 150w, https:\/\/franciscanos.org.br\/noticias\/wp-content\/uploads\/2024\/08\/IMG-20240828-WA0007.jpg 726w\" sizes=\"(max-width: 303px) 100vw, 303px\" \/><\/a>\n\t\t\t<\/dt><\/dl><dl class='gallery-item'>\n\t\t\t<dt class='gallery-icon portrait'>\n\t\t\t\t<a href='https:\/\/franciscanos.org.br\/noticias\/wp-content\/uploads\/2024\/08\/IMG-20240828-WA0008.jpg'><img width=\"302\" height=\"450\" src=\"https:\/\/franciscanos.org.br\/noticias\/wp-content\/uploads\/2024\/08\/IMG-20240828-WA0008-302x450.jpg\" class=\"attachment-medium size-medium\" alt=\"\" loading=\"lazy\" srcset=\"https:\/\/franciscanos.org.br\/noticias\/wp-content\/uploads\/2024\/08\/IMG-20240828-WA0008-302x450.jpg 302w, https:\/\/franciscanos.org.br\/noticias\/wp-content\/uploads\/2024\/08\/IMG-20240828-WA0008-687x1024.jpg 687w, https:\/\/franciscanos.org.br\/noticias\/wp-content\/uploads\/2024\/08\/IMG-20240828-WA0008-768x1144.jpg 768w, https:\/\/franciscanos.org.br\/noticias\/wp-content\/uploads\/2024\/08\/IMG-20240828-WA0008-1031x1536.jpg 1031w, https:\/\/franciscanos.org.br\/noticias\/wp-content\/uploads\/2024\/08\/IMG-20240828-WA0008-150x223.jpg 150w, https:\/\/franciscanos.org.br\/noticias\/wp-content\/uploads\/2024\/08\/IMG-20240828-WA0008.jpg 725w\" sizes=\"(max-width: 302px) 100vw, 302px\" \/><\/a>\n\t\t\t<\/dt><\/dl><dl class='gallery-item'>\n\t\t\t<dt class='gallery-icon portrait'>\n\t\t\t\t<a href='https:\/\/franciscanos.org.br\/noticias\/wp-content\/uploads\/2024\/08\/IMG-20240828-WA0009.jpg'><img width=\"300\" height=\"450\" src=\"https:\/\/franciscanos.org.br\/noticias\/wp-content\/uploads\/2024\/08\/IMG-20240828-WA0009-300x450.jpg\" class=\"attachment-medium size-medium\" alt=\"\" loading=\"lazy\" srcset=\"https:\/\/franciscanos.org.br\/noticias\/wp-content\/uploads\/2024\/08\/IMG-20240828-WA0009-300x450.jpg 300w, https:\/\/franciscanos.org.br\/noticias\/wp-content\/uploads\/2024\/08\/IMG-20240828-WA0009-682x1024.jpg 682w, https:\/\/franciscanos.org.br\/noticias\/wp-content\/uploads\/2024\/08\/IMG-20240828-WA0009-768x1153.jpg 768w, https:\/\/franciscanos.org.br\/noticias\/wp-content\/uploads\/2024\/08\/IMG-20240828-WA0009-1023x1536.jpg 1023w, https:\/\/franciscanos.org.br\/noticias\/wp-content\/uploads\/2024\/08\/IMG-20240828-WA0009-150x225.jpg 150w, https:\/\/franciscanos.org.br\/noticias\/wp-content\/uploads\/2024\/08\/IMG-20240828-WA0009.jpg 720w\" sizes=\"(max-width: 300px) 100vw, 300px\" \/><\/a>\n\t\t\t<\/dt><\/dl><br style=\"clear: both\" \/>\n\t\t<\/div>\n\n","protected":false},"excerpt":{"rendered":"<p>Frades italianos conclu\u00edram a peregrina\u00e7\u00e3o no dia 23 de agosto<\/p>\n","protected":false},"author":11,"featured_media":250423,"comment_status":"open","ping_status":"open","sticky":false,"template":"","format":"standard","meta":[],"categories":[1],"tags":[2233],"acf":[],"yoast_head":"<!-- This site is optimized with the Yoast SEO plugin v19.2 - https:\/\/yoast.com\/wordpress\/plugins\/seo\/ -->\n<title>Peregrina\u00e7\u00e3o da rel\u00edquia de S\u00e3o Benedito: Frades enviam carta de agradecimento - Not\u00edcias - Franciscanos<\/title>\n<meta name=\"robots\" content=\"index, follow, max-snippet:-1, max-image-preview:large, max-video-preview:-1\" \/>\n<link rel=\"canonical\" href=\"https:\/\/franciscanos.org.br\/noticias\/peregrinacao-da-reliquia-de-sao-benedito-frades-enviam-carta-de-agradecimento.html\" \/>\n<meta property=\"og:locale\" content=\"pt_BR\" \/>\n<meta property=\"og:type\" content=\"article\" \/>\n<meta property=\"og:title\" content=\"Peregrina\u00e7\u00e3o da rel\u00edquia de S\u00e3o Benedito: Frades enviam carta de agradecimento - Not\u00edcias - Franciscanos\" \/>\n<meta property=\"og:description\" content=\"Frades italianos conclu\u00edram a peregrina\u00e7\u00e3o no dia 23 de agosto\" \/>\n<meta property=\"og:url\" content=\"https:\/\/franciscanos.org.br\/noticias\/peregrinacao-da-reliquia-de-sao-benedito-frades-enviam-carta-de-agradecimento.html\" \/>\n<meta property=\"og:site_name\" content=\"Not\u00edcias - Franciscanos\" \/>\n<meta property=\"article:published_time\" content=\"2024-08-29T18:24:31+00:00\" \/>\n<meta property=\"article:modified_time\" content=\"2024-08-29T18:28:08+00:00\" \/>\n<meta property=\"og:image\" content=\"https:\/\/franciscanos.org.br\/noticias\/wp-content\/uploads\/2024\/08\/MATERIA-CARTA.jpg\" \/>\n\t<meta property=\"og:image:width\" content=\"1280\" \/>\n\t<meta property=\"og:image:height\" content=\"720\" \/>\n\t<meta property=\"og:image:type\" content=\"image\/jpeg\" \/>\n<meta name=\"author\" content=\"Adriana Rabelo\" \/>\n<meta name=\"twitter:card\" content=\"summary_large_image\" \/>\n<meta name=\"twitter:label1\" content=\"Escrito por\" \/>\n\t<meta name=\"twitter:data1\" content=\"Adriana Rabelo\" \/>\n\t<meta name=\"twitter:label2\" content=\"Est. tempo de leitura\" \/>\n\t<meta name=\"twitter:data2\" content=\"7 minutos\" \/>\n<script type=\"application\/ld+json\" class=\"yoast-schema-graph\">{\"@context\":\"https:\/\/schema.org\",\"@graph\":[{\"@type\":\"WebSite\",\"@id\":\"https:\/\/franciscanos.org.br\/noticias\/#website\",\"url\":\"https:\/\/franciscanos.org.br\/noticias\/\",\"name\":\"Not\u00edcias - Franciscanos\",\"description\":\"Prov\u00edncia Franciscana da Imaculada Concei\u00e7\u00e3o do Brasil - Ordem dos Frades Menores - OFM\",\"potentialAction\":[{\"@type\":\"SearchAction\",\"target\":{\"@type\":\"EntryPoint\",\"urlTemplate\":\"https:\/\/franciscanos.org.br\/noticias\/?s={search_term_string}\"},\"query-input\":\"required name=search_term_string\"}],\"inLanguage\":\"pt-BR\"},{\"@type\":\"ImageObject\",\"inLanguage\":\"pt-BR\",\"@id\":\"https:\/\/franciscanos.org.br\/noticias\/peregrinacao-da-reliquia-de-sao-benedito-frades-enviam-carta-de-agradecimento.html#primaryimage\",\"url\":\"https:\/\/franciscanos.org.br\/noticias\/wp-content\/uploads\/2024\/08\/MATERIA-CARTA.jpg\",\"contentUrl\":\"https:\/\/franciscanos.org.br\/noticias\/wp-content\/uploads\/2024\/08\/MATERIA-CARTA.jpg\",\"width\":1280,\"height\":720},{\"@type\":\"WebPage\",\"@id\":\"https:\/\/franciscanos.org.br\/noticias\/peregrinacao-da-reliquia-de-sao-benedito-frades-enviam-carta-de-agradecimento.html#webpage\",\"url\":\"https:\/\/franciscanos.org.br\/noticias\/peregrinacao-da-reliquia-de-sao-benedito-frades-enviam-carta-de-agradecimento.html\",\"name\":\"Peregrina\u00e7\u00e3o da rel\u00edquia de S\u00e3o Benedito: Frades enviam carta de agradecimento - Not\u00edcias - Franciscanos\",\"isPartOf\":{\"@id\":\"https:\/\/franciscanos.org.br\/noticias\/#website\"},\"primaryImageOfPage\":{\"@id\":\"https:\/\/franciscanos.org.br\/noticias\/peregrinacao-da-reliquia-de-sao-benedito-frades-enviam-carta-de-agradecimento.html#primaryimage\"},\"datePublished\":\"2024-08-29T18:24:31+00:00\",\"dateModified\":\"2024-08-29T18:28:08+00:00\",\"author\":{\"@id\":\"https:\/\/franciscanos.org.br\/noticias\/#\/schema\/person\/d9422e83121c3ad3b0f423d195f5bb25\"},\"breadcrumb\":{\"@id\":\"https:\/\/franciscanos.org.br\/noticias\/peregrinacao-da-reliquia-de-sao-benedito-frades-enviam-carta-de-agradecimento.html#breadcrumb\"},\"inLanguage\":\"pt-BR\",\"potentialAction\":[{\"@type\":\"ReadAction\",\"target\":[\"https:\/\/franciscanos.org.br\/noticias\/peregrinacao-da-reliquia-de-sao-benedito-frades-enviam-carta-de-agradecimento.html\"]}]},{\"@type\":\"BreadcrumbList\",\"@id\":\"https:\/\/franciscanos.org.br\/noticias\/peregrinacao-da-reliquia-de-sao-benedito-frades-enviam-carta-de-agradecimento.html#breadcrumb\",\"itemListElement\":[{\"@type\":\"ListItem\",\"position\":1,\"name\":\"Home\",\"item\":\"https:\/\/franciscanos.org.br\/noticias\"},{\"@type\":\"ListItem\",\"position\":2,\"name\":\"Peregrina\u00e7\u00e3o da rel\u00edquia de S\u00e3o Benedito: Frades enviam carta de agradecimento\"}]},{\"@type\":\"Person\",\"@id\":\"https:\/\/franciscanos.org.br\/noticias\/#\/schema\/person\/d9422e83121c3ad3b0f423d195f5bb25\",\"name\":\"Adriana Rabelo\",\"image\":{\"@type\":\"ImageObject\",\"inLanguage\":\"pt-BR\",\"@id\":\"https:\/\/franciscanos.org.br\/noticias\/#\/schema\/person\/image\/\",\"url\":\"https:\/\/secure.gravatar.com\/avatar\/0a937b7500cd7df77540cfb8bede877d?s=96&d=mm&r=g\",\"contentUrl\":\"https:\/\/secure.gravatar.com\/avatar\/0a937b7500cd7df77540cfb8bede877d?s=96&d=mm&r=g\",\"caption\":\"Adriana Rabelo\"},\"url\":\"https:\/\/franciscanos.org.br\/noticias\/author\/adrianarabelo\"}]}<\/script>\n<!-- \/ Yoast SEO plugin. -->","yoast_head_json":{"title":"Peregrina\u00e7\u00e3o da rel\u00edquia de S\u00e3o Benedito: Frades enviam carta de agradecimento - Not\u00edcias - Franciscanos","robots":{"index":"index","follow":"follow","max-snippet":"max-snippet:-1","max-image-preview":"max-image-preview:large","max-video-preview":"max-video-preview:-1"},"canonical":"https:\/\/franciscanos.org.br\/noticias\/peregrinacao-da-reliquia-de-sao-benedito-frades-enviam-carta-de-agradecimento.html","og_locale":"pt_BR","og_type":"article","og_title":"Peregrina\u00e7\u00e3o da rel\u00edquia de S\u00e3o Benedito: Frades enviam carta de agradecimento - Not\u00edcias - Franciscanos","og_description":"Frades italianos conclu\u00edram a peregrina\u00e7\u00e3o no dia 23 de agosto","og_url":"https:\/\/franciscanos.org.br\/noticias\/peregrinacao-da-reliquia-de-sao-benedito-frades-enviam-carta-de-agradecimento.html","og_site_name":"Not\u00edcias - Franciscanos","article_published_time":"2024-08-29T18:24:31+00:00","article_modified_time":"2024-08-29T18:28:08+00:00","og_image":[{"width":1280,"height":720,"url":"https:\/\/franciscanos.org.br\/noticias\/wp-content\/uploads\/2024\/08\/MATERIA-CARTA.jpg","type":"image\/jpeg"}],"author":"Adriana Rabelo","twitter_card":"summary_large_image","twitter_misc":{"Escrito por":"Adriana Rabelo","Est. tempo de leitura":"7 minutos"},"schema":{"@context":"https:\/\/schema.org","@graph":[{"@type":"WebSite","@id":"https:\/\/franciscanos.org.br\/noticias\/#website","url":"https:\/\/franciscanos.org.br\/noticias\/","name":"Not\u00edcias - Franciscanos","description":"Prov\u00edncia Franciscana da Imaculada Concei\u00e7\u00e3o do Brasil - Ordem dos Frades Menores - OFM","potentialAction":[{"@type":"SearchAction","target":{"@type":"EntryPoint","urlTemplate":"https:\/\/franciscanos.org.br\/noticias\/?s={search_term_string}"},"query-input":"required name=search_term_string"}],"inLanguage":"pt-BR"},{"@type":"ImageObject","inLanguage":"pt-BR","@id":"https:\/\/franciscanos.org.br\/noticias\/peregrinacao-da-reliquia-de-sao-benedito-frades-enviam-carta-de-agradecimento.html#primaryimage","url":"https:\/\/franciscanos.org.br\/noticias\/wp-content\/uploads\/2024\/08\/MATERIA-CARTA.jpg","contentUrl":"https:\/\/franciscanos.org.br\/noticias\/wp-content\/uploads\/2024\/08\/MATERIA-CARTA.jpg","width":1280,"height":720},{"@type":"WebPage","@id":"https:\/\/franciscanos.org.br\/noticias\/peregrinacao-da-reliquia-de-sao-benedito-frades-enviam-carta-de-agradecimento.html#webpage","url":"https:\/\/franciscanos.org.br\/noticias\/peregrinacao-da-reliquia-de-sao-benedito-frades-enviam-carta-de-agradecimento.html","name":"Peregrina\u00e7\u00e3o da rel\u00edquia de S\u00e3o Benedito: Frades enviam carta de agradecimento - Not\u00edcias - Franciscanos","isPartOf":{"@id":"https:\/\/franciscanos.org.br\/noticias\/#website"},"primaryImageOfPage":{"@id":"https:\/\/franciscanos.org.br\/noticias\/peregrinacao-da-reliquia-de-sao-benedito-frades-enviam-carta-de-agradecimento.html#primaryimage"},"datePublished":"2024-08-29T18:24:31+00:00","dateModified":"2024-08-29T18:28:08+00:00","author":{"@id":"https:\/\/franciscanos.org.br\/noticias\/#\/schema\/person\/d9422e83121c3ad3b0f423d195f5bb25"},"breadcrumb":{"@id":"https:\/\/franciscanos.org.br\/noticias\/peregrinacao-da-reliquia-de-sao-benedito-frades-enviam-carta-de-agradecimento.html#breadcrumb"},"inLanguage":"pt-BR","potentialAction":[{"@type":"ReadAction","target":["https:\/\/franciscanos.org.br\/noticias\/peregrinacao-da-reliquia-de-sao-benedito-frades-enviam-carta-de-agradecimento.html"]}]},{"@type":"BreadcrumbList","@id":"https:\/\/franciscanos.org.br\/noticias\/peregrinacao-da-reliquia-de-sao-benedito-frades-enviam-carta-de-agradecimento.html#breadcrumb","itemListElement":[{"@type":"ListItem","position":1,"name":"Home","item":"https:\/\/franciscanos.org.br\/noticias"},{"@type":"ListItem","position":2,"name":"Peregrina\u00e7\u00e3o da rel\u00edquia de S\u00e3o Benedito: Frades enviam carta de agradecimento"}]},{"@type":"Person","@id":"https:\/\/franciscanos.org.br\/noticias\/#\/schema\/person\/d9422e83121c3ad3b0f423d195f5bb25","name":"Adriana Rabelo","image":{"@type":"ImageObject","inLanguage":"pt-BR","@id":"https:\/\/franciscanos.org.br\/noticias\/#\/schema\/person\/image\/","url":"https:\/\/secure.gravatar.com\/avatar\/0a937b7500cd7df77540cfb8bede877d?s=96&d=mm&r=g","contentUrl":"https:\/\/secure.gravatar.com\/avatar\/0a937b7500cd7df77540cfb8bede877d?s=96&d=mm&r=g","caption":"Adriana Rabelo"},"url":"https:\/\/franciscanos.org.br\/noticias\/author\/adrianarabelo"}]}},"_links":{"self":[{"href":"https:\/\/franciscanos.org.br\/noticias\/wp-json\/wp\/v2\/posts\/250422"}],"collection":[{"href":"https:\/\/franciscanos.org.br\/noticias\/wp-json\/wp\/v2\/posts"}],"about":[{"href":"https:\/\/franciscanos.org.br\/noticias\/wp-json\/wp\/v2\/types\/post"}],"author":[{"embeddable":true,"href":"https:\/\/franciscanos.org.br\/noticias\/wp-json\/wp\/v2\/users\/11"}],"replies":[{"embeddable":true,"href":"https:\/\/franciscanos.org.br\/noticias\/wp-json\/wp\/v2\/comments?post=250422"}],"version-history":[{"count":3,"href":"https:\/\/franciscanos.org.br\/noticias\/wp-json\/wp\/v2\/posts\/250422\/revisions"}],"predecessor-version":[{"id":250432,"href":"https:\/\/franciscanos.org.br\/noticias\/wp-json\/wp\/v2\/posts\/250422\/revisions\/250432"}],"wp:featuredmedia":[{"embeddable":true,"href":"https:\/\/franciscanos.org.br\/noticias\/wp-json\/wp\/v2\/media\/250423"}],"wp:attachment":[{"href":"https:\/\/franciscanos.org.br\/noticias\/wp-json\/wp\/v2\/media?parent=250422"}],"wp:term":[{"taxonomy":"category","embeddable":true,"href":"https:\/\/franciscanos.org.br\/noticias\/wp-json\/wp\/v2\/categories?post=250422"},{"taxonomy":"post_tag","embeddable":true,"href":"https:\/\/franciscanos.org.br\/noticias\/wp-json\/wp\/v2\/tags?post=250422"}],"curies":[{"name":"wp","href":"https:\/\/api.w.org\/{rel}","templated":true}]}}