{"id":250410,"date":"2024-08-29T11:03:54","date_gmt":"2024-08-29T14:03:54","guid":{"rendered":"https:\/\/franciscanos.org.br\/noticias\/?p=250410"},"modified":"2024-08-29T11:17:10","modified_gmt":"2024-08-29T14:17:10","slug":"usf-inicia-formacao-de-lideres-na-perspectiva-franciscana","status":"publish","type":"post","link":"https:\/\/franciscanos.org.br\/noticias\/usf-inicia-formacao-de-lideres-na-perspectiva-franciscana.html","title":{"rendered":"USF inicia forma\u00e7\u00e3o de l\u00edderes na Perspectiva Franciscana"},"content":{"rendered":"<p><img loading=\"lazy\" class=\"aligncenter wp-image-250411 size-full\" src=\"https:\/\/franciscanos.org.br\/noticias\/wp-content\/uploads\/2024\/08\/MATERIA-21.jpg\" alt=\"\" width=\"1280\" height=\"720\" srcset=\"https:\/\/franciscanos.org.br\/noticias\/wp-content\/uploads\/2024\/08\/MATERIA-21.jpg 1280w, https:\/\/franciscanos.org.br\/noticias\/wp-content\/uploads\/2024\/08\/MATERIA-21-450x253.jpg 450w, https:\/\/franciscanos.org.br\/noticias\/wp-content\/uploads\/2024\/08\/MATERIA-21-1024x576.jpg 1024w, https:\/\/franciscanos.org.br\/noticias\/wp-content\/uploads\/2024\/08\/MATERIA-21-768x432.jpg 768w, https:\/\/franciscanos.org.br\/noticias\/wp-content\/uploads\/2024\/08\/MATERIA-21-150x84.jpg 150w\" sizes=\"(max-width: 1280px) 100vw, 1280px\" \/><\/p>\n<p><span style=\"font-weight: 400;\">A Universidade S\u00e3o Francisco (USF) promoveu, no dia 26 de agosto, a aula inaugural da forma\u00e7\u00e3o de \u201cLideran\u00e7a na Perspectiva Franciscana\u201d, voltada aos colaboradores que atuam na gest\u00e3o administrativa da institui\u00e7\u00e3o. <\/span><span style=\"font-weight: 400;\">O evento foi realizado na Sala Web do C\u00e2mpus Bragan\u00e7a Paulista, com a presen\u00e7a de mais de 100 colaboradores de diferentes setores da Universidade. A forma\u00e7\u00e3o visa a desenvolver l\u00edderes que, inspirados pelos valores franciscanos, sejam capazes de motivar suas equipes em prol da miss\u00e3o institucional.<\/span><\/p>\n<p><span style=\"font-weight: 400;\">A abertura contou com a presen\u00e7a do diretor-presidente da Casa de Nossa Senhora da Paz \u2013 A\u00e7\u00e3o Social Franciscana (CNSP \u2013 ASF), Frei Daniel Dellandrea; do Diretor Geral, Jorge Ap\u00f3stolos Siarcos; do reitor Frei Gilberto Gon\u00e7alves Garcia; do vice-reitor Frei Thiago Alexandre Hayakawa; do pr\u00f3-reitor de Ensino, Pesquisa e Extens\u00e3o, professor Dilnei Lorenzi; do pr\u00f3-reitor de Administra\u00e7\u00e3o e Planejamento, professor Adriel de Moura Cabral; da Gerente de Desenvolvimento Institucional, Viviane Maria Soldi Virmond Alves; al\u00e9m dos diretores de c\u00e2mpus.<\/span><\/p>\n<p><span style=\"font-weight: 400;\">A forma\u00e7\u00e3o \u00e9 uma iniciativa da USF, por meio do programa CHAVE, em parceria com o Departamento de Desenvolvimento Institucional. A abertura foi conduzida pelo Frei Vitorio Mazzuco Filho, coordenador do N\u00facleo da Pastoral Universit\u00e1ria. Em seguida, o reitor da USF ressaltou a import\u00e2ncia de atividades como essa para a tomada de decis\u00f5es institucionais: \u201cO prop\u00f3sito deste curso \u00e9, de forma colegiada, fornecer condi\u00e7\u00f5es para que cada um de n\u00f3s possa, de maneira aut\u00f4noma, elevar o n\u00edvel de nossa consci\u00eancia na tomada de decis\u00f5es baseadas em princ\u00edpios. Por isso, adotamos a perspectiva franciscana. Nossa miss\u00e3o, vis\u00e3o e valores na CNSP, bem como nas suas duas principais mantidas, USF e Unifag, s\u00e3o inspirados em uma vis\u00e3o e valores comuns, que dialogam diretamente com a tradi\u00e7\u00e3o franciscana e, em particular, com a Prov\u00edncia Franciscana da Imaculada Concei\u00e7\u00e3o do Brasil. Essa perspectiva ser\u00e1 o foco deste curso, visando \u00e0 melhoria da qualidade na tomada de decis\u00f5es de cada participante\u201d, explicou Frei Gilberto.<\/span><\/p>\n\n\t\t<style type=\"text\/css\">\n\t\t\t#gallery-1 {\n\t\t\t\tmargin: auto;\n\t\t\t}\n\t\t\t#gallery-1 .gallery-item {\n\t\t\t\tfloat: left;\n\t\t\t\tmargin-top: 10px;\n\t\t\t\ttext-align: center;\n\t\t\t\twidth: 25%;\n\t\t\t}\n\t\t\t#gallery-1 img {\n\t\t\t\tborder: 2px solid #cfcfcf;\n\t\t\t}\n\t\t\t#gallery-1 .gallery-caption {\n\t\t\t\tmargin-left: 0;\n\t\t\t}\n\t\t\t\/* see gallery_shortcode() in wp-includes\/media.php *\/\n\t\t<\/style>\n\t\t<div id='gallery-1' class='gallery galleryid-250410 gallery-columns-4 gallery-size-thumbnail'><dl class='gallery-item'>\n\t\t\t<dt class='gallery-icon landscape'>\n\t\t\t\t<a href='https:\/\/franciscanos.org.br\/noticias\/usf-inicia-formacao-de-lideres-na-perspectiva-franciscana.html\/img_4893'><img width=\"300\" height=\"300\" src=\"https:\/\/franciscanos.org.br\/noticias\/wp-content\/uploads\/2024\/08\/IMG_4893-300x300.jpeg\" class=\"attachment-thumbnail size-thumbnail\" alt=\"\" loading=\"lazy\" srcset=\"https:\/\/franciscanos.org.br\/noticias\/wp-content\/uploads\/2024\/08\/IMG_4893-300x300.jpeg 300w, https:\/\/franciscanos.org.br\/noticias\/wp-content\/uploads\/2024\/08\/IMG_4893-100x100.jpeg 100w\" sizes=\"(max-width: 300px) 100vw, 300px\" \/><\/a>\n\t\t\t<\/dt><\/dl><dl class='gallery-item'>\n\t\t\t<dt class='gallery-icon landscape'>\n\t\t\t\t<a href='https:\/\/franciscanos.org.br\/noticias\/usf-inicia-formacao-de-lideres-na-perspectiva-franciscana.html\/ic4a0438'><img width=\"300\" height=\"300\" src=\"https:\/\/franciscanos.org.br\/noticias\/wp-content\/uploads\/2024\/08\/IC4A0438-300x300.jpg\" class=\"attachment-thumbnail size-thumbnail\" alt=\"\" loading=\"lazy\" srcset=\"https:\/\/franciscanos.org.br\/noticias\/wp-content\/uploads\/2024\/08\/IC4A0438-300x300.jpg 300w, https:\/\/franciscanos.org.br\/noticias\/wp-content\/uploads\/2024\/08\/IC4A0438-100x100.jpg 100w\" sizes=\"(max-width: 300px) 100vw, 300px\" \/><\/a>\n\t\t\t<\/dt><\/dl><dl class='gallery-item'>\n\t\t\t<dt class='gallery-icon landscape'>\n\t\t\t\t<a href='https:\/\/franciscanos.org.br\/noticias\/usf-inicia-formacao-de-lideres-na-perspectiva-franciscana.html\/ic4a0405'><img width=\"300\" height=\"300\" src=\"https:\/\/franciscanos.org.br\/noticias\/wp-content\/uploads\/2024\/08\/IC4A0405-300x300.jpg\" class=\"attachment-thumbnail size-thumbnail\" alt=\"\" loading=\"lazy\" srcset=\"https:\/\/franciscanos.org.br\/noticias\/wp-content\/uploads\/2024\/08\/IC4A0405-300x300.jpg 300w, https:\/\/franciscanos.org.br\/noticias\/wp-content\/uploads\/2024\/08\/IC4A0405-100x100.jpg 100w\" sizes=\"(max-width: 300px) 100vw, 300px\" \/><\/a>\n\t\t\t<\/dt><\/dl><dl class='gallery-item'>\n\t\t\t<dt class='gallery-icon landscape'>\n\t\t\t\t<a href='https:\/\/franciscanos.org.br\/noticias\/usf-inicia-formacao-de-lideres-na-perspectiva-franciscana.html\/img_4897'><img width=\"300\" height=\"300\" src=\"https:\/\/franciscanos.org.br\/noticias\/wp-content\/uploads\/2024\/08\/IMG_4897-300x300.jpeg\" class=\"attachment-thumbnail size-thumbnail\" alt=\"\" loading=\"lazy\" srcset=\"https:\/\/franciscanos.org.br\/noticias\/wp-content\/uploads\/2024\/08\/IMG_4897-300x300.jpeg 300w, https:\/\/franciscanos.org.br\/noticias\/wp-content\/uploads\/2024\/08\/IMG_4897-100x100.jpeg 100w\" sizes=\"(max-width: 300px) 100vw, 300px\" \/><\/a>\n\t\t\t<\/dt><\/dl><br style=\"clear: both\" \/>\n\t\t<\/div>\n\n<p><span style=\"font-weight: 400;\">A palestra de abertura foi ministrada pelo presidente da Mantenedora, Frei Daniel Dellandrea, que abordou \u201cIdentidade Franciscana: Vidas marcadas pelo amor, pelo acolhimento e pela esperan\u00e7a!\u201d. \u201cAcredito na import\u00e2ncia de trazermos os valores franciscanos para animar e reencantar a todos n\u00f3s na miss\u00e3o que nos \u00e9 proposta: educar para a paz e o bem. Isso nos faz olhar para a fonte original dessa inspira\u00e7\u00e3o, que \u00e9 o pr\u00f3prio S\u00e3o Francisco, e como ele pode nos ajudar e ensinar em nossas a\u00e7\u00f5es, atitudes, forma de liderar, mas principalmente no crescimento pessoal e em equipe. Acredito que isso seja bastante oportuno para que possamos resgatar sonhos e, ao mesmo tempo, nutrir esperan\u00e7as e objetivos melhores, respondendo \u00e0s necessidades de uma sociedade carente dos valores que acreditamos que o Carisma Franciscano pode oferecer\u201d, destacou Frei Daniel.<\/span><\/p>\n<p><span style=\"font-weight: 400;\">As atividades de forma\u00e7\u00e3o na perspectiva franciscana ser\u00e3o realizadas com encontros presenciais e remotos. \u201cForma\u00e7\u00f5es como esta, promovidas pelo programa CHAVE,\u00a0 s\u00e3o fundamentais para que nossos l\u00edderes considerem diversas perspectivas para fundamentar suas decis\u00f5es dentro da miss\u00e3o franciscana. A USF est\u00e1 comprometida com a melhora cont\u00ednua, que \u00e9 fundamental para o crescimento e sucesso de nossa institui\u00e7\u00e3o\u201d, explicou o Pr\u00f3-Reitor de Ensino, Pesquisa e Extens\u00e3o, professor Dilnei Lorenzi.<\/span><\/p>\n<p><span style=\"font-weight: 400;\">Ap\u00f3s a palestra, a professora Marcia ressaltou a import\u00e2ncia de todos refletirem sobre a miss\u00e3o franciscana na Universidade: \u201cQuando o senhor nos apresenta S\u00e3o Francisco como um ser que caminhou por este plano terrestre, assim como n\u00f3s, mas encontrou um caminho de luz que continua a nos iluminar mais de 800 anos depois, ele nos inspira e mobiliza. O senhor nos oferece a oportunidade de refletir profundamente. Talvez a primeira reflex\u00e3o que podemos fazer seja: inspirados e atravessados pelo Carisma Franciscano, que tipo de l\u00edder eu sou? Avan\u00e7ando um pouco mais e aprofundando essa reflex\u00e3o, podemos nos perguntar: que tipo de l\u00edder eu posso ser? E, talvez, dando um passo al\u00e9m, ainda mais ancorados em nossa miss\u00e3o e nos valores franciscanos, podemos nos questionar: que l\u00edder eu devo ser para realmente fazer a diferen\u00e7a?\u201d, afirmou.<\/span><\/p>\n<p><span style=\"font-weight: 400;\">O encerramento foi realizado pelo diretor do C\u00e2mpus Itatiba, professor Renato Pezenti. \u201cFazemos parte de algo grande e relevante. Isso \u00e9 poderoso, n\u00e3o apenas porque tem ra\u00edzes antigas, iniciadas no s\u00e9culo XII ou XIII, nem s\u00f3 porque abrange diversas frentes. Enquanto estamos aqui, atuando na educa\u00e7\u00e3o, h\u00e1 pessoas trabalhando na comunica\u00e7\u00e3o, em Angola, na Amaz\u00f4nia, na periferia de S\u00e3o Paulo, em par\u00f3quias e santu\u00e1rios. A relev\u00e2ncia de tudo isso reside em um centro muito claro: as pessoas. Todas essas obras t\u00eam, \u00fanica e exclusivamente, o objetivo comum de ajudar as pessoas a se desenvolverem de maneiras diversas. E para n\u00f3s, isso \u00e9 algo muito l\u00f3gico, \u00e9 o que fazemos todos os dias ao receber um aluno\u201d, concluiu o professor Renato.<\/span><\/p>\n<hr \/>\n<p><em>Texto: Ana Paula Moreira- USF<\/em><\/p>\n","protected":false},"excerpt":{"rendered":"<p>Atividade reuniu colaboradores  do setor administrativo da institui\u00e7\u00e3o<\/p>\n","protected":false},"author":11,"featured_media":250418,"comment_status":"open","ping_status":"open","sticky":false,"template":"","format":"standard","meta":[],"categories":[1],"tags":[354],"acf":[],"yoast_head":"<!-- This site is optimized with the Yoast SEO plugin v19.2 - https:\/\/yoast.com\/wordpress\/plugins\/seo\/ -->\n<title>USF inicia forma\u00e7\u00e3o de l\u00edderes na Perspectiva Franciscana - Not\u00edcias - Franciscanos<\/title>\n<meta name=\"robots\" content=\"index, follow, max-snippet:-1, max-image-preview:large, max-video-preview:-1\" \/>\n<link rel=\"canonical\" href=\"https:\/\/franciscanos.org.br\/noticias\/usf-inicia-formacao-de-lideres-na-perspectiva-franciscana.html\" \/>\n<meta property=\"og:locale\" content=\"pt_BR\" \/>\n<meta property=\"og:type\" content=\"article\" \/>\n<meta property=\"og:title\" content=\"USF inicia forma\u00e7\u00e3o de l\u00edderes na Perspectiva Franciscana - Not\u00edcias - Franciscanos\" \/>\n<meta property=\"og:description\" content=\"Atividade reuniu colaboradores do setor administrativo da institui\u00e7\u00e3o\" \/>\n<meta property=\"og:url\" content=\"https:\/\/franciscanos.org.br\/noticias\/usf-inicia-formacao-de-lideres-na-perspectiva-franciscana.html\" \/>\n<meta property=\"og:site_name\" content=\"Not\u00edcias - Franciscanos\" \/>\n<meta property=\"article:published_time\" content=\"2024-08-29T14:03:54+00:00\" \/>\n<meta property=\"article:modified_time\" content=\"2024-08-29T14:17:10+00:00\" \/>\n<meta property=\"og:image\" content=\"https:\/\/franciscanos.org.br\/noticias\/wp-content\/uploads\/2024\/08\/CHAMADA-13.jpg\" \/>\n\t<meta property=\"og:image:width\" content=\"800\" \/>\n\t<meta property=\"og:image:height\" content=\"550\" \/>\n\t<meta property=\"og:image:type\" content=\"image\/jpeg\" \/>\n<meta name=\"author\" content=\"Adriana Rabelo\" \/>\n<meta name=\"twitter:card\" content=\"summary_large_image\" \/>\n<meta name=\"twitter:label1\" content=\"Escrito por\" \/>\n\t<meta name=\"twitter:data1\" content=\"Adriana Rabelo\" \/>\n\t<meta name=\"twitter:label2\" content=\"Est. tempo de leitura\" \/>\n\t<meta name=\"twitter:data2\" content=\"4 minutos\" \/>\n<script type=\"application\/ld+json\" class=\"yoast-schema-graph\">{\"@context\":\"https:\/\/schema.org\",\"@graph\":[{\"@type\":\"WebSite\",\"@id\":\"https:\/\/franciscanos.org.br\/noticias\/#website\",\"url\":\"https:\/\/franciscanos.org.br\/noticias\/\",\"name\":\"Not\u00edcias - Franciscanos\",\"description\":\"Prov\u00edncia Franciscana da Imaculada Concei\u00e7\u00e3o do Brasil - Ordem dos Frades Menores - OFM\",\"potentialAction\":[{\"@type\":\"SearchAction\",\"target\":{\"@type\":\"EntryPoint\",\"urlTemplate\":\"https:\/\/franciscanos.org.br\/noticias\/?s={search_term_string}\"},\"query-input\":\"required name=search_term_string\"}],\"inLanguage\":\"pt-BR\"},{\"@type\":\"ImageObject\",\"inLanguage\":\"pt-BR\",\"@id\":\"https:\/\/franciscanos.org.br\/noticias\/usf-inicia-formacao-de-lideres-na-perspectiva-franciscana.html#primaryimage\",\"url\":\"https:\/\/franciscanos.org.br\/noticias\/wp-content\/uploads\/2024\/08\/CHAMADA-13.jpg\",\"contentUrl\":\"https:\/\/franciscanos.org.br\/noticias\/wp-content\/uploads\/2024\/08\/CHAMADA-13.jpg\",\"width\":800,\"height\":550},{\"@type\":\"WebPage\",\"@id\":\"https:\/\/franciscanos.org.br\/noticias\/usf-inicia-formacao-de-lideres-na-perspectiva-franciscana.html#webpage\",\"url\":\"https:\/\/franciscanos.org.br\/noticias\/usf-inicia-formacao-de-lideres-na-perspectiva-franciscana.html\",\"name\":\"USF inicia forma\u00e7\u00e3o de l\u00edderes na Perspectiva Franciscana - Not\u00edcias - Franciscanos\",\"isPartOf\":{\"@id\":\"https:\/\/franciscanos.org.br\/noticias\/#website\"},\"primaryImageOfPage\":{\"@id\":\"https:\/\/franciscanos.org.br\/noticias\/usf-inicia-formacao-de-lideres-na-perspectiva-franciscana.html#primaryimage\"},\"datePublished\":\"2024-08-29T14:03:54+00:00\",\"dateModified\":\"2024-08-29T14:17:10+00:00\",\"author\":{\"@id\":\"https:\/\/franciscanos.org.br\/noticias\/#\/schema\/person\/d9422e83121c3ad3b0f423d195f5bb25\"},\"breadcrumb\":{\"@id\":\"https:\/\/franciscanos.org.br\/noticias\/usf-inicia-formacao-de-lideres-na-perspectiva-franciscana.html#breadcrumb\"},\"inLanguage\":\"pt-BR\",\"potentialAction\":[{\"@type\":\"ReadAction\",\"target\":[\"https:\/\/franciscanos.org.br\/noticias\/usf-inicia-formacao-de-lideres-na-perspectiva-franciscana.html\"]}]},{\"@type\":\"BreadcrumbList\",\"@id\":\"https:\/\/franciscanos.org.br\/noticias\/usf-inicia-formacao-de-lideres-na-perspectiva-franciscana.html#breadcrumb\",\"itemListElement\":[{\"@type\":\"ListItem\",\"position\":1,\"name\":\"Home\",\"item\":\"https:\/\/franciscanos.org.br\/noticias\"},{\"@type\":\"ListItem\",\"position\":2,\"name\":\"USF inicia forma\u00e7\u00e3o de l\u00edderes na Perspectiva Franciscana\"}]},{\"@type\":\"Person\",\"@id\":\"https:\/\/franciscanos.org.br\/noticias\/#\/schema\/person\/d9422e83121c3ad3b0f423d195f5bb25\",\"name\":\"Adriana Rabelo\",\"image\":{\"@type\":\"ImageObject\",\"inLanguage\":\"pt-BR\",\"@id\":\"https:\/\/franciscanos.org.br\/noticias\/#\/schema\/person\/image\/\",\"url\":\"https:\/\/secure.gravatar.com\/avatar\/0a937b7500cd7df77540cfb8bede877d?s=96&d=mm&r=g\",\"contentUrl\":\"https:\/\/secure.gravatar.com\/avatar\/0a937b7500cd7df77540cfb8bede877d?s=96&d=mm&r=g\",\"caption\":\"Adriana Rabelo\"},\"url\":\"https:\/\/franciscanos.org.br\/noticias\/author\/adrianarabelo\"}]}<\/script>\n<!-- \/ Yoast SEO plugin. -->","yoast_head_json":{"title":"USF inicia forma\u00e7\u00e3o de l\u00edderes na Perspectiva Franciscana - Not\u00edcias - Franciscanos","robots":{"index":"index","follow":"follow","max-snippet":"max-snippet:-1","max-image-preview":"max-image-preview:large","max-video-preview":"max-video-preview:-1"},"canonical":"https:\/\/franciscanos.org.br\/noticias\/usf-inicia-formacao-de-lideres-na-perspectiva-franciscana.html","og_locale":"pt_BR","og_type":"article","og_title":"USF inicia forma\u00e7\u00e3o de l\u00edderes na Perspectiva Franciscana - Not\u00edcias - Franciscanos","og_description":"Atividade reuniu colaboradores do setor administrativo da institui\u00e7\u00e3o","og_url":"https:\/\/franciscanos.org.br\/noticias\/usf-inicia-formacao-de-lideres-na-perspectiva-franciscana.html","og_site_name":"Not\u00edcias - Franciscanos","article_published_time":"2024-08-29T14:03:54+00:00","article_modified_time":"2024-08-29T14:17:10+00:00","og_image":[{"width":800,"height":550,"url":"https:\/\/franciscanos.org.br\/noticias\/wp-content\/uploads\/2024\/08\/CHAMADA-13.jpg","type":"image\/jpeg"}],"author":"Adriana Rabelo","twitter_card":"summary_large_image","twitter_misc":{"Escrito por":"Adriana Rabelo","Est. tempo de leitura":"4 minutos"},"schema":{"@context":"https:\/\/schema.org","@graph":[{"@type":"WebSite","@id":"https:\/\/franciscanos.org.br\/noticias\/#website","url":"https:\/\/franciscanos.org.br\/noticias\/","name":"Not\u00edcias - Franciscanos","description":"Prov\u00edncia Franciscana da Imaculada Concei\u00e7\u00e3o do Brasil - Ordem dos Frades Menores - OFM","potentialAction":[{"@type":"SearchAction","target":{"@type":"EntryPoint","urlTemplate":"https:\/\/franciscanos.org.br\/noticias\/?s={search_term_string}"},"query-input":"required name=search_term_string"}],"inLanguage":"pt-BR"},{"@type":"ImageObject","inLanguage":"pt-BR","@id":"https:\/\/franciscanos.org.br\/noticias\/usf-inicia-formacao-de-lideres-na-perspectiva-franciscana.html#primaryimage","url":"https:\/\/franciscanos.org.br\/noticias\/wp-content\/uploads\/2024\/08\/CHAMADA-13.jpg","contentUrl":"https:\/\/franciscanos.org.br\/noticias\/wp-content\/uploads\/2024\/08\/CHAMADA-13.jpg","width":800,"height":550},{"@type":"WebPage","@id":"https:\/\/franciscanos.org.br\/noticias\/usf-inicia-formacao-de-lideres-na-perspectiva-franciscana.html#webpage","url":"https:\/\/franciscanos.org.br\/noticias\/usf-inicia-formacao-de-lideres-na-perspectiva-franciscana.html","name":"USF inicia forma\u00e7\u00e3o de l\u00edderes na Perspectiva Franciscana - Not\u00edcias - Franciscanos","isPartOf":{"@id":"https:\/\/franciscanos.org.br\/noticias\/#website"},"primaryImageOfPage":{"@id":"https:\/\/franciscanos.org.br\/noticias\/usf-inicia-formacao-de-lideres-na-perspectiva-franciscana.html#primaryimage"},"datePublished":"2024-08-29T14:03:54+00:00","dateModified":"2024-08-29T14:17:10+00:00","author":{"@id":"https:\/\/franciscanos.org.br\/noticias\/#\/schema\/person\/d9422e83121c3ad3b0f423d195f5bb25"},"breadcrumb":{"@id":"https:\/\/franciscanos.org.br\/noticias\/usf-inicia-formacao-de-lideres-na-perspectiva-franciscana.html#breadcrumb"},"inLanguage":"pt-BR","potentialAction":[{"@type":"ReadAction","target":["https:\/\/franciscanos.org.br\/noticias\/usf-inicia-formacao-de-lideres-na-perspectiva-franciscana.html"]}]},{"@type":"BreadcrumbList","@id":"https:\/\/franciscanos.org.br\/noticias\/usf-inicia-formacao-de-lideres-na-perspectiva-franciscana.html#breadcrumb","itemListElement":[{"@type":"ListItem","position":1,"name":"Home","item":"https:\/\/franciscanos.org.br\/noticias"},{"@type":"ListItem","position":2,"name":"USF inicia forma\u00e7\u00e3o de l\u00edderes na Perspectiva Franciscana"}]},{"@type":"Person","@id":"https:\/\/franciscanos.org.br\/noticias\/#\/schema\/person\/d9422e83121c3ad3b0f423d195f5bb25","name":"Adriana Rabelo","image":{"@type":"ImageObject","inLanguage":"pt-BR","@id":"https:\/\/franciscanos.org.br\/noticias\/#\/schema\/person\/image\/","url":"https:\/\/secure.gravatar.com\/avatar\/0a937b7500cd7df77540cfb8bede877d?s=96&d=mm&r=g","contentUrl":"https:\/\/secure.gravatar.com\/avatar\/0a937b7500cd7df77540cfb8bede877d?s=96&d=mm&r=g","caption":"Adriana Rabelo"},"url":"https:\/\/franciscanos.org.br\/noticias\/author\/adrianarabelo"}]}},"_links":{"self":[{"href":"https:\/\/franciscanos.org.br\/noticias\/wp-json\/wp\/v2\/posts\/250410"}],"collection":[{"href":"https:\/\/franciscanos.org.br\/noticias\/wp-json\/wp\/v2\/posts"}],"about":[{"href":"https:\/\/franciscanos.org.br\/noticias\/wp-json\/wp\/v2\/types\/post"}],"author":[{"embeddable":true,"href":"https:\/\/franciscanos.org.br\/noticias\/wp-json\/wp\/v2\/users\/11"}],"replies":[{"embeddable":true,"href":"https:\/\/franciscanos.org.br\/noticias\/wp-json\/wp\/v2\/comments?post=250410"}],"version-history":[{"count":3,"href":"https:\/\/franciscanos.org.br\/noticias\/wp-json\/wp\/v2\/posts\/250410\/revisions"}],"predecessor-version":[{"id":250421,"href":"https:\/\/franciscanos.org.br\/noticias\/wp-json\/wp\/v2\/posts\/250410\/revisions\/250421"}],"wp:featuredmedia":[{"embeddable":true,"href":"https:\/\/franciscanos.org.br\/noticias\/wp-json\/wp\/v2\/media\/250418"}],"wp:attachment":[{"href":"https:\/\/franciscanos.org.br\/noticias\/wp-json\/wp\/v2\/media?parent=250410"}],"wp:term":[{"taxonomy":"category","embeddable":true,"href":"https:\/\/franciscanos.org.br\/noticias\/wp-json\/wp\/v2\/categories?post=250410"},{"taxonomy":"post_tag","embeddable":true,"href":"https:\/\/franciscanos.org.br\/noticias\/wp-json\/wp\/v2\/tags?post=250410"}],"curies":[{"name":"wp","href":"https:\/\/api.w.org\/{rel}","templated":true}]}}