{"id":250400,"date":"2024-08-29T09:18:25","date_gmt":"2024-08-29T12:18:25","guid":{"rendered":"https:\/\/franciscanos.org.br\/noticias\/?p=250400"},"modified":"2024-09-02T14:59:41","modified_gmt":"2024-09-02T17:59:41","slug":"santuario-frei-galvao-apresenta-tema-identidade-visual-e-acoes-para-a-festa-de-2024","status":"publish","type":"post","link":"https:\/\/franciscanos.org.br\/noticias\/santuario-frei-galvao-apresenta-tema-identidade-visual-e-acoes-para-a-festa-de-2024.html","title":{"rendered":"Santu\u00e1rio Frei Galv\u00e3o apresenta tema, identidade visual e a\u00e7\u00f5es para a festa de 2024"},"content":{"rendered":"<p><img loading=\"lazy\" class=\"aligncenter wp-image-250403 size-full\" src=\"https:\/\/franciscanos.org.br\/noticias\/wp-content\/uploads\/2024\/08\/WhatsApp-Image-2024-08-29-at-09.09.02.jpeg\" alt=\"\" width=\"1280\" height=\"720\" srcset=\"https:\/\/franciscanos.org.br\/noticias\/wp-content\/uploads\/2024\/08\/WhatsApp-Image-2024-08-29-at-09.09.02.jpeg 1280w, https:\/\/franciscanos.org.br\/noticias\/wp-content\/uploads\/2024\/08\/WhatsApp-Image-2024-08-29-at-09.09.02-450x253.jpeg 450w, https:\/\/franciscanos.org.br\/noticias\/wp-content\/uploads\/2024\/08\/WhatsApp-Image-2024-08-29-at-09.09.02-1024x576.jpeg 1024w, https:\/\/franciscanos.org.br\/noticias\/wp-content\/uploads\/2024\/08\/WhatsApp-Image-2024-08-29-at-09.09.02-768x432.jpeg 768w, https:\/\/franciscanos.org.br\/noticias\/wp-content\/uploads\/2024\/08\/WhatsApp-Image-2024-08-29-at-09.09.02-150x84.jpeg 150w\" sizes=\"(max-width: 1280px) 100vw, 1280px\" \/><\/p>\n<p>O Santu\u00e1rio Frei Galv\u00e3o, em Guaratinguet\u00e1 (SP), celebrar\u00e1 o primeiro santo brasileiro entre os dias 16 e 27 de outubro de 2024. A festa lit\u00fargica ser\u00e1 inspirada pelo Ano Jubilar da Igreja, o Ano da Esperan\u00e7a. O tema da Novena e Festa ser\u00e1: \u201cFrei Galv\u00e3o, peregrino da caridade\u201d, com o lema: \u201cOnde houver desespero, que eu leve a esperan\u00e7a\u201d.\u00a0 A novena propriamente dita ser\u00e1 entre os dias 17 e 25 de outubro, sempre \u00e0s 15h e 19h30.<\/p>\n<p>Em prepara\u00e7\u00e3o a festa, todas as 18 par\u00f3quias da Arquidiocese de Aparecida receber\u00e3o a capelinha com a imagem de Frei Galv\u00e3o. Essas capelas visitar\u00e3o centenas de lares, levando a mensagem de esperan\u00e7a e caridade, nascida do Evangelho e vivida por Frei Galv\u00e3o.<\/p>\n<p>J\u00e1 nos dias que antecedem a festa (16 a 24), no per\u00edodo da manh\u00e3, frades, religiosas e leigos estar\u00e3o em miss\u00e3o pelas ruas da cidade, indo ao encontro das pessoas, levando o &#8220;Evangelho vivido por Frei Galv\u00e3o.<\/p>\n<p>No que diz respeito a festa externa, contaremos com uma ampla agenda cultural. Haver\u00e1 shows de artistas locais, apresenta\u00e7\u00f5es culturais. Uma grande pra\u00e7a de alimenta\u00e7\u00e3o com comidas e bebidas t\u00edpicas. Al\u00e9m de um espa\u00e7o recreativo para as crian\u00e7as. Toda essa infraestrutura ser\u00e1 montada para garantir um ambiente familiar e seguro. Nos pr\u00f3ximos dias, a programa\u00e7\u00e3o completa ser\u00e1 divulgada.<\/p>\n<p>&nbsp;<\/p>\n<p><strong>\u00a0Simbologia do Tema<\/strong><\/p>\n<p><img loading=\"lazy\" class=\"aligncenter wp-image-250401 size-medium\" src=\"https:\/\/franciscanos.org.br\/noticias\/wp-content\/uploads\/2024\/08\/festa-de-frei-galvao-2024-66cf7bcd0c304-360x450.jpg\" alt=\"\" width=\"360\" height=\"450\" srcset=\"https:\/\/franciscanos.org.br\/noticias\/wp-content\/uploads\/2024\/08\/festa-de-frei-galvao-2024-66cf7bcd0c304-360x450.jpg 360w, https:\/\/franciscanos.org.br\/noticias\/wp-content\/uploads\/2024\/08\/festa-de-frei-galvao-2024-66cf7bcd0c304-819x1024.jpg 819w, https:\/\/franciscanos.org.br\/noticias\/wp-content\/uploads\/2024\/08\/festa-de-frei-galvao-2024-66cf7bcd0c304-768x960.jpg 768w, https:\/\/franciscanos.org.br\/noticias\/wp-content\/uploads\/2024\/08\/festa-de-frei-galvao-2024-66cf7bcd0c304-150x188.jpg 150w, https:\/\/franciscanos.org.br\/noticias\/wp-content\/uploads\/2024\/08\/festa-de-frei-galvao-2024-66cf7bcd0c304.jpg 864w\" sizes=\"(max-width: 360px) 100vw, 360px\" \/><\/p>\n<p>A <strong>cor verde<\/strong>, predominante na arte, simboliza a mensagem de esperan\u00e7a, que ser\u00e1 o tema do Ano Jubilar da Igreja em 2025. A festa de Frei Galv\u00e3o ocorre durante a primavera, que se inicia em setembro, uma esta\u00e7\u00e3o de renascimento. Assim como a semente germina na primavera, a esperan\u00e7a floresce. Nossa esperan\u00e7a est\u00e1 no nome do Senhor, proclamado por Frei Galv\u00e3o. A chegada desta esta\u00e7\u00e3o simboliza renova\u00e7\u00e3o ap\u00f3s um per\u00edodo de escassez: \u201cOnde houver desespero, que eu leve a esperan\u00e7a\u201d.<\/p>\n<p>A <strong>imagem de Frei Galv\u00e3o<\/strong> destaca seu minist\u00e9rio como peregrino da caridade e da esperan\u00e7a. Em seu tempo, assim como hoje, vivemos uma escassez de valores, com situa\u00e7\u00f5es de desamor que sufocam a vitalidade de muitas pessoas. A esperan\u00e7a \u00e9 retirada do cora\u00e7\u00e3o de muitos irm\u00e3os e irm\u00e3s, deixando a vida marcada pelo desespero. Entretanto, a heran\u00e7a espiritual de Frei Galv\u00e3o e sua vida de santidade renovam a f\u00e9 dos devotos. A imagem central apresenta o primeiro santo brasileiro com a m\u00e3o aben\u00e7oando todo o Brasil, sua p\u00e1tria, guardando nossos caminhos rumo a Deus.<\/p>\n<p>O <strong>caminho<\/strong>, formado por linhas curvas, nos lembra tanto da nossa pr\u00f3pria jornada. Ao mesmo tempo nos remete as estradas percorridas por Frei Galv\u00e3o. Sua vida foi um verdadeiro peregrinar, auxiliando os pobres e exclu\u00eddos, consolando os enfermos e evangelizando aqueles que ainda n\u00e3o conheciam a mensagem do Evangelho. Frei Galv\u00e3o percorreu os estados de S\u00e3o Paulo, Rio de Janeiro e Paran\u00e1, dissipando o desespero e plantando a esperan\u00e7a.<\/p>\n<p>A identidade visual da festa tamb\u00e9m inclui <strong>margaridas<\/strong>,<strong> flores <\/strong>que simbolizam a esperan\u00e7a. Frei Galv\u00e3o semeou esperan\u00e7a em muitas pessoas e lugares, cultivando f\u00e9, esperan\u00e7a e caridade na seara do Senhor. As p\u00edlulas da f\u00e9, sacramental distribu\u00eddo aos devotos, s\u00e3o carinhosamente chamadas de \u201csementinhas\u201d por alguns inocentes e piedosos devotos. Mesmo n\u00e3o sendo oficialmente esta a nomenclatura divulgada pelo Santu\u00e1rio, aproveitamos da grandeza dessa compreens\u00e3o para dizer que, a semente, quando semeada, resulta em uma nova vida. Existe abund\u00e2ncia e fecundidade no interior da semente. Haver\u00e1 milagres na vida daqueles com f\u00e9 usarem estes sacramentais. Ou seja, as p\u00edlulas s\u00e3o sementes de esperan\u00e7a e vida.<\/p>\n<hr \/>\n<p><em>Texto: Frei Leandro Costa Santos<\/em><\/p>\n<p><em>Fonte: <a href=\"https:\/\/www.santuariofreigalvao.com\/post\/novena-e-festa-de-frei-galvao-2024\/\">https:\/\/www.santuariofreigalvao.com\/post\/novena-e-festa-de-frei-galvao-2024\/<\/a><\/em><\/p>\n","protected":false},"excerpt":{"rendered":"<p>Novena propriamente dita ser\u00e1 entre os dias 17 e 25 de outubro<\/p>\n","protected":false},"author":11,"featured_media":250406,"comment_status":"open","ping_status":"open","sticky":false,"template":"","format":"standard","meta":[],"categories":[1],"tags":[1821],"acf":[],"yoast_head":"<!-- This site is optimized with the Yoast SEO plugin v19.2 - https:\/\/yoast.com\/wordpress\/plugins\/seo\/ -->\n<title>Santu\u00e1rio Frei Galv\u00e3o apresenta tema, identidade visual e a\u00e7\u00f5es para a festa de 2024 - Not\u00edcias - Franciscanos<\/title>\n<meta name=\"robots\" content=\"index, follow, max-snippet:-1, max-image-preview:large, max-video-preview:-1\" \/>\n<link rel=\"canonical\" href=\"https:\/\/franciscanos.org.br\/noticias\/santuario-frei-galvao-apresenta-tema-identidade-visual-e-acoes-para-a-festa-de-2024.html\" \/>\n<meta property=\"og:locale\" content=\"pt_BR\" \/>\n<meta property=\"og:type\" content=\"article\" \/>\n<meta property=\"og:title\" content=\"Santu\u00e1rio Frei Galv\u00e3o apresenta tema, identidade visual e a\u00e7\u00f5es para a festa de 2024 - Not\u00edcias - Franciscanos\" \/>\n<meta property=\"og:description\" content=\"Novena propriamente dita ser\u00e1 entre os dias 17 e 25 de outubro\" \/>\n<meta property=\"og:url\" content=\"https:\/\/franciscanos.org.br\/noticias\/santuario-frei-galvao-apresenta-tema-identidade-visual-e-acoes-para-a-festa-de-2024.html\" \/>\n<meta property=\"og:site_name\" content=\"Not\u00edcias - Franciscanos\" \/>\n<meta property=\"article:published_time\" content=\"2024-08-29T12:18:25+00:00\" \/>\n<meta property=\"article:modified_time\" content=\"2024-09-02T17:59:41+00:00\" \/>\n<meta property=\"og:image\" content=\"https:\/\/franciscanos.org.br\/noticias\/wp-content\/uploads\/2024\/08\/CHAMADA-12.jpg\" \/>\n\t<meta property=\"og:image:width\" content=\"800\" \/>\n\t<meta property=\"og:image:height\" content=\"550\" \/>\n\t<meta property=\"og:image:type\" content=\"image\/jpeg\" \/>\n<meta name=\"author\" content=\"Adriana Rabelo\" \/>\n<meta name=\"twitter:card\" content=\"summary_large_image\" \/>\n<meta name=\"twitter:label1\" content=\"Escrito por\" \/>\n\t<meta name=\"twitter:data1\" content=\"Adriana Rabelo\" \/>\n\t<meta name=\"twitter:label2\" content=\"Est. tempo de leitura\" \/>\n\t<meta name=\"twitter:data2\" content=\"3 minutos\" \/>\n<script type=\"application\/ld+json\" class=\"yoast-schema-graph\">{\"@context\":\"https:\/\/schema.org\",\"@graph\":[{\"@type\":\"WebSite\",\"@id\":\"https:\/\/franciscanos.org.br\/noticias\/#website\",\"url\":\"https:\/\/franciscanos.org.br\/noticias\/\",\"name\":\"Not\u00edcias - Franciscanos\",\"description\":\"Prov\u00edncia Franciscana da Imaculada Concei\u00e7\u00e3o do Brasil - Ordem dos Frades Menores - OFM\",\"potentialAction\":[{\"@type\":\"SearchAction\",\"target\":{\"@type\":\"EntryPoint\",\"urlTemplate\":\"https:\/\/franciscanos.org.br\/noticias\/?s={search_term_string}\"},\"query-input\":\"required name=search_term_string\"}],\"inLanguage\":\"pt-BR\"},{\"@type\":\"ImageObject\",\"inLanguage\":\"pt-BR\",\"@id\":\"https:\/\/franciscanos.org.br\/noticias\/santuario-frei-galvao-apresenta-tema-identidade-visual-e-acoes-para-a-festa-de-2024.html#primaryimage\",\"url\":\"https:\/\/franciscanos.org.br\/noticias\/wp-content\/uploads\/2024\/08\/CHAMADA-12.jpg\",\"contentUrl\":\"https:\/\/franciscanos.org.br\/noticias\/wp-content\/uploads\/2024\/08\/CHAMADA-12.jpg\",\"width\":800,\"height\":550},{\"@type\":\"WebPage\",\"@id\":\"https:\/\/franciscanos.org.br\/noticias\/santuario-frei-galvao-apresenta-tema-identidade-visual-e-acoes-para-a-festa-de-2024.html#webpage\",\"url\":\"https:\/\/franciscanos.org.br\/noticias\/santuario-frei-galvao-apresenta-tema-identidade-visual-e-acoes-para-a-festa-de-2024.html\",\"name\":\"Santu\u00e1rio Frei Galv\u00e3o apresenta tema, identidade visual e a\u00e7\u00f5es para a festa de 2024 - Not\u00edcias - Franciscanos\",\"isPartOf\":{\"@id\":\"https:\/\/franciscanos.org.br\/noticias\/#website\"},\"primaryImageOfPage\":{\"@id\":\"https:\/\/franciscanos.org.br\/noticias\/santuario-frei-galvao-apresenta-tema-identidade-visual-e-acoes-para-a-festa-de-2024.html#primaryimage\"},\"datePublished\":\"2024-08-29T12:18:25+00:00\",\"dateModified\":\"2024-09-02T17:59:41+00:00\",\"author\":{\"@id\":\"https:\/\/franciscanos.org.br\/noticias\/#\/schema\/person\/d9422e83121c3ad3b0f423d195f5bb25\"},\"breadcrumb\":{\"@id\":\"https:\/\/franciscanos.org.br\/noticias\/santuario-frei-galvao-apresenta-tema-identidade-visual-e-acoes-para-a-festa-de-2024.html#breadcrumb\"},\"inLanguage\":\"pt-BR\",\"potentialAction\":[{\"@type\":\"ReadAction\",\"target\":[\"https:\/\/franciscanos.org.br\/noticias\/santuario-frei-galvao-apresenta-tema-identidade-visual-e-acoes-para-a-festa-de-2024.html\"]}]},{\"@type\":\"BreadcrumbList\",\"@id\":\"https:\/\/franciscanos.org.br\/noticias\/santuario-frei-galvao-apresenta-tema-identidade-visual-e-acoes-para-a-festa-de-2024.html#breadcrumb\",\"itemListElement\":[{\"@type\":\"ListItem\",\"position\":1,\"name\":\"Home\",\"item\":\"https:\/\/franciscanos.org.br\/noticias\"},{\"@type\":\"ListItem\",\"position\":2,\"name\":\"Santu\u00e1rio Frei Galv\u00e3o apresenta tema, identidade visual e a\u00e7\u00f5es para a festa de 2024\"}]},{\"@type\":\"Person\",\"@id\":\"https:\/\/franciscanos.org.br\/noticias\/#\/schema\/person\/d9422e83121c3ad3b0f423d195f5bb25\",\"name\":\"Adriana Rabelo\",\"image\":{\"@type\":\"ImageObject\",\"inLanguage\":\"pt-BR\",\"@id\":\"https:\/\/franciscanos.org.br\/noticias\/#\/schema\/person\/image\/\",\"url\":\"https:\/\/secure.gravatar.com\/avatar\/0a937b7500cd7df77540cfb8bede877d?s=96&d=mm&r=g\",\"contentUrl\":\"https:\/\/secure.gravatar.com\/avatar\/0a937b7500cd7df77540cfb8bede877d?s=96&d=mm&r=g\",\"caption\":\"Adriana Rabelo\"},\"url\":\"https:\/\/franciscanos.org.br\/noticias\/author\/adrianarabelo\"}]}<\/script>\n<!-- \/ Yoast SEO plugin. -->","yoast_head_json":{"title":"Santu\u00e1rio Frei Galv\u00e3o apresenta tema, identidade visual e a\u00e7\u00f5es para a festa de 2024 - Not\u00edcias - Franciscanos","robots":{"index":"index","follow":"follow","max-snippet":"max-snippet:-1","max-image-preview":"max-image-preview:large","max-video-preview":"max-video-preview:-1"},"canonical":"https:\/\/franciscanos.org.br\/noticias\/santuario-frei-galvao-apresenta-tema-identidade-visual-e-acoes-para-a-festa-de-2024.html","og_locale":"pt_BR","og_type":"article","og_title":"Santu\u00e1rio Frei Galv\u00e3o apresenta tema, identidade visual e a\u00e7\u00f5es para a festa de 2024 - Not\u00edcias - Franciscanos","og_description":"Novena propriamente dita ser\u00e1 entre os dias 17 e 25 de outubro","og_url":"https:\/\/franciscanos.org.br\/noticias\/santuario-frei-galvao-apresenta-tema-identidade-visual-e-acoes-para-a-festa-de-2024.html","og_site_name":"Not\u00edcias - Franciscanos","article_published_time":"2024-08-29T12:18:25+00:00","article_modified_time":"2024-09-02T17:59:41+00:00","og_image":[{"width":800,"height":550,"url":"https:\/\/franciscanos.org.br\/noticias\/wp-content\/uploads\/2024\/08\/CHAMADA-12.jpg","type":"image\/jpeg"}],"author":"Adriana Rabelo","twitter_card":"summary_large_image","twitter_misc":{"Escrito por":"Adriana Rabelo","Est. tempo de leitura":"3 minutos"},"schema":{"@context":"https:\/\/schema.org","@graph":[{"@type":"WebSite","@id":"https:\/\/franciscanos.org.br\/noticias\/#website","url":"https:\/\/franciscanos.org.br\/noticias\/","name":"Not\u00edcias - Franciscanos","description":"Prov\u00edncia Franciscana da Imaculada Concei\u00e7\u00e3o do Brasil - Ordem dos Frades Menores - OFM","potentialAction":[{"@type":"SearchAction","target":{"@type":"EntryPoint","urlTemplate":"https:\/\/franciscanos.org.br\/noticias\/?s={search_term_string}"},"query-input":"required name=search_term_string"}],"inLanguage":"pt-BR"},{"@type":"ImageObject","inLanguage":"pt-BR","@id":"https:\/\/franciscanos.org.br\/noticias\/santuario-frei-galvao-apresenta-tema-identidade-visual-e-acoes-para-a-festa-de-2024.html#primaryimage","url":"https:\/\/franciscanos.org.br\/noticias\/wp-content\/uploads\/2024\/08\/CHAMADA-12.jpg","contentUrl":"https:\/\/franciscanos.org.br\/noticias\/wp-content\/uploads\/2024\/08\/CHAMADA-12.jpg","width":800,"height":550},{"@type":"WebPage","@id":"https:\/\/franciscanos.org.br\/noticias\/santuario-frei-galvao-apresenta-tema-identidade-visual-e-acoes-para-a-festa-de-2024.html#webpage","url":"https:\/\/franciscanos.org.br\/noticias\/santuario-frei-galvao-apresenta-tema-identidade-visual-e-acoes-para-a-festa-de-2024.html","name":"Santu\u00e1rio Frei Galv\u00e3o apresenta tema, identidade visual e a\u00e7\u00f5es para a festa de 2024 - Not\u00edcias - Franciscanos","isPartOf":{"@id":"https:\/\/franciscanos.org.br\/noticias\/#website"},"primaryImageOfPage":{"@id":"https:\/\/franciscanos.org.br\/noticias\/santuario-frei-galvao-apresenta-tema-identidade-visual-e-acoes-para-a-festa-de-2024.html#primaryimage"},"datePublished":"2024-08-29T12:18:25+00:00","dateModified":"2024-09-02T17:59:41+00:00","author":{"@id":"https:\/\/franciscanos.org.br\/noticias\/#\/schema\/person\/d9422e83121c3ad3b0f423d195f5bb25"},"breadcrumb":{"@id":"https:\/\/franciscanos.org.br\/noticias\/santuario-frei-galvao-apresenta-tema-identidade-visual-e-acoes-para-a-festa-de-2024.html#breadcrumb"},"inLanguage":"pt-BR","potentialAction":[{"@type":"ReadAction","target":["https:\/\/franciscanos.org.br\/noticias\/santuario-frei-galvao-apresenta-tema-identidade-visual-e-acoes-para-a-festa-de-2024.html"]}]},{"@type":"BreadcrumbList","@id":"https:\/\/franciscanos.org.br\/noticias\/santuario-frei-galvao-apresenta-tema-identidade-visual-e-acoes-para-a-festa-de-2024.html#breadcrumb","itemListElement":[{"@type":"ListItem","position":1,"name":"Home","item":"https:\/\/franciscanos.org.br\/noticias"},{"@type":"ListItem","position":2,"name":"Santu\u00e1rio Frei Galv\u00e3o apresenta tema, identidade visual e a\u00e7\u00f5es para a festa de 2024"}]},{"@type":"Person","@id":"https:\/\/franciscanos.org.br\/noticias\/#\/schema\/person\/d9422e83121c3ad3b0f423d195f5bb25","name":"Adriana Rabelo","image":{"@type":"ImageObject","inLanguage":"pt-BR","@id":"https:\/\/franciscanos.org.br\/noticias\/#\/schema\/person\/image\/","url":"https:\/\/secure.gravatar.com\/avatar\/0a937b7500cd7df77540cfb8bede877d?s=96&d=mm&r=g","contentUrl":"https:\/\/secure.gravatar.com\/avatar\/0a937b7500cd7df77540cfb8bede877d?s=96&d=mm&r=g","caption":"Adriana Rabelo"},"url":"https:\/\/franciscanos.org.br\/noticias\/author\/adrianarabelo"}]}},"_links":{"self":[{"href":"https:\/\/franciscanos.org.br\/noticias\/wp-json\/wp\/v2\/posts\/250400"}],"collection":[{"href":"https:\/\/franciscanos.org.br\/noticias\/wp-json\/wp\/v2\/posts"}],"about":[{"href":"https:\/\/franciscanos.org.br\/noticias\/wp-json\/wp\/v2\/types\/post"}],"author":[{"embeddable":true,"href":"https:\/\/franciscanos.org.br\/noticias\/wp-json\/wp\/v2\/users\/11"}],"replies":[{"embeddable":true,"href":"https:\/\/franciscanos.org.br\/noticias\/wp-json\/wp\/v2\/comments?post=250400"}],"version-history":[{"count":7,"href":"https:\/\/franciscanos.org.br\/noticias\/wp-json\/wp\/v2\/posts\/250400\/revisions"}],"predecessor-version":[{"id":250499,"href":"https:\/\/franciscanos.org.br\/noticias\/wp-json\/wp\/v2\/posts\/250400\/revisions\/250499"}],"wp:featuredmedia":[{"embeddable":true,"href":"https:\/\/franciscanos.org.br\/noticias\/wp-json\/wp\/v2\/media\/250406"}],"wp:attachment":[{"href":"https:\/\/franciscanos.org.br\/noticias\/wp-json\/wp\/v2\/media?parent=250400"}],"wp:term":[{"taxonomy":"category","embeddable":true,"href":"https:\/\/franciscanos.org.br\/noticias\/wp-json\/wp\/v2\/categories?post=250400"},{"taxonomy":"post_tag","embeddable":true,"href":"https:\/\/franciscanos.org.br\/noticias\/wp-json\/wp\/v2\/tags?post=250400"}],"curies":[{"name":"wp","href":"https:\/\/api.w.org\/{rel}","templated":true}]}}