{"id":250374,"date":"2024-08-28T09:37:18","date_gmt":"2024-08-28T12:37:18","guid":{"rendered":"https:\/\/franciscanos.org.br\/noticias\/?p=250374"},"modified":"2024-08-28T09:39:30","modified_gmt":"2024-08-28T12:39:30","slug":"repelir-os-migrantes-e-pecado-grave-a-indiferenca-mata","status":"publish","type":"post","link":"https:\/\/franciscanos.org.br\/noticias\/repelir-os-migrantes-e-pecado-grave-a-indiferenca-mata.html","title":{"rendered":"Repelir os migrantes \u00e9 pecado grave. A indiferen\u00e7a mata"},"content":{"rendered":"<p><img loading=\"lazy\" class=\"aligncenter wp-image-250375 size-full\" src=\"https:\/\/franciscanos.org.br\/noticias\/wp-content\/uploads\/2024\/08\/AUDIENCIA-28.08.jpg\" alt=\"\" width=\"1280\" height=\"720\" srcset=\"https:\/\/franciscanos.org.br\/noticias\/wp-content\/uploads\/2024\/08\/AUDIENCIA-28.08.jpg 1280w, https:\/\/franciscanos.org.br\/noticias\/wp-content\/uploads\/2024\/08\/AUDIENCIA-28.08-450x253.jpg 450w, https:\/\/franciscanos.org.br\/noticias\/wp-content\/uploads\/2024\/08\/AUDIENCIA-28.08-1024x576.jpg 1024w, https:\/\/franciscanos.org.br\/noticias\/wp-content\/uploads\/2024\/08\/AUDIENCIA-28.08-768x432.jpg 768w, https:\/\/franciscanos.org.br\/noticias\/wp-content\/uploads\/2024\/08\/AUDIENCIA-28.08-150x84.jpg 150w\" sizes=\"(max-width: 1280px) 100vw, 1280px\" \/><\/p>\n<p><em>A Audi\u00eancia Geral voltou \u00e0 Pra\u00e7a S\u00e3o Pedro esta quarta-feira, 28 de agosto. O Pont\u00edfice dedicou sua catequese ao drama dos migrantes: que mares e desertos n\u00e3o se tornem cemit\u00e9rios.<\/em><\/p>\n<p>&#8220;Mar e deserto&#8221; foi o t\u00edtulo da catequese do Papa Francisco desta quarta-feira, 28 de agosto. O Pont\u00edfice fez uma pausa em seu ciclo sobre o Esp\u00edrito Santo para se solidarizar com as pessoas que \u2013 mesmo no momento presente \u2013 se arriscam em viagens perigosas para viver em paz e seguran\u00e7a em outro lugar.<\/p>\n<p><strong>O pecado do recha\u00e7o<\/strong><\/p>\n<p>Ao falar de mares e desertos, o Papa se referiu a todas as \u00e1guas trai\u00e7oeiras e territ\u00f3rios inacess\u00edveis e in\u00f3spitos: \u201cAs atuais rotas migrat\u00f3rias s\u00e3o frequentemente marcadas por travessias que para muitas, demasiadas pessoas, s\u00e3o mortais\u201d, denunciou o Pont\u00edfice. Como Bispo de Roma, Francisco se concentrou no caso emblem\u00e1tico do Mediterr\u00e2neo, que se tornou um cemit\u00e9rio.<\/p>\n<p>\u201cE a trag\u00e9dia \u00e9 que muitos destes mortos, a maioria, poderiam ter sido salvos. \u00c9 preciso diz\u00ea-lo claramente: h\u00e1 quem trabalhe de forma sistem\u00e1tica e com todos os meios para repelir os migrantes. E isto, quando feito com consci\u00eancia e responsabilidade, \u00e9 um pecado grave.\u201d<\/p>\n<p>O \u00f3rf\u00e3o, a vi\u00fava e o estrangeiro, destacou o Papa, s\u00e3o os pobres por excel\u00eancia que Deus sempre defende e nos pede para defender.<\/p>\n<p>Mas n\u00e3o s\u00f3 mares, alguns desertos tamb\u00e9m se tornam cemit\u00e9rios de migrantes. E citou um dos casos que conheceu pessoalmente, o do camaron\u00eas Mbengue Nyimbilo Crepin, conhecido como Pato, cuja mulher Matyla e a filha Marie, de seis anos, morreram de fome e sede no deserto.<\/p>\n<p>\u201cNa era dos sat\u00e9lites e dos\u00a0<i>drones<\/i>, h\u00e1 homens, mulheres e crian\u00e7as migrantes que ningu\u00e9m deve ver. S\u00f3 Deus os v\u00ea e ouve o seu clamor. E esta \u00e9 uma crueldade da nossa civiliza\u00e7\u00e3o.&#8221;<\/p>\n<p>O Pont\u00edfice recordou que o mar e o deserto s\u00e3o tamb\u00e9m lugares b\u00edblicos repletos de valor simb\u00f3lico, que testemunham o drama da opress\u00e3o e da escravatura. E Deus nunca abandona o seu povo: est\u00e1 com eles, sofre, chora e espera com eles. \u201cO Senhor est\u00e1 com os nossos migrantes no mare nostrum, o Senhor est\u00e1 com os migrantes, n\u00e3o com quem os rejeita.\u201d<\/p>\n<p><strong>A indiferen\u00e7a mata<\/strong><\/p>\n<p>Neste cen\u00e1rio mort\u00edfero, promover leis mais restritivas e militarizar as fronteiras n\u00e3o s\u00e3o a solu\u00e7\u00e3o. Em vez disso, \u00e9 preciso expandir rotas de acesso seguras e regulares, facilitando o ref\u00fagio para aqueles que fogem de guerras, viol\u00eancia, persegui\u00e7\u00f5es e v\u00e1rios desastres.<\/p>\n<p>Mas n\u00e3o s\u00f3, necessita-se de uma governan\u00e7a global das migra\u00e7\u00f5es baseada na justi\u00e7a, na fraternidade e na solidariedade, combatendo ao mesmo tempo o tr\u00e1fico de seres humanos.<\/p>\n<p>Francisco concluiu convidando os fi\u00e9is a pensarem nas trag\u00e9dias migrat\u00f3rias, como nas cidades de Lampedusa e Crotone, e enaltecendo os \u201cbons samaritanos\u201d que fazem tudo para ajud\u00e1-los, como os volunt\u00e1rios da associa\u00e7\u00e3o \u201cMediterranea Saving Humans\u201d<b>:\u00a0<\/b>\u201cEstes homens e mulheres corajosos s\u00e3o sinal de uma humanidade que n\u00e3o se deixa contagiar pela m\u00e1 cultura da indiferen\u00e7a e do descarte&#8221;.<\/p>\n<p>Todos os crist\u00e3os podem contribuir, acrescentou o Pont\u00edfice, ningu\u00e9m est\u00e1 exclu\u00eddo desta luta de civiliza\u00e7\u00e3o. H\u00e1 muitos modos, come\u00e7ando pela ora\u00e7\u00e3o:<\/p>\n<p>\u201cE a voc\u00eas, pergunto: Voc\u00eas rezam pelos migrantes, por quem vem \u00e0s nossas terras para salvar a vida? E h\u00e1 quem queira expuls\u00e1-los.\u201d Por fim, um apelo:<\/p>\n<p>\u201cQueridos irm\u00e3os e irm\u00e3s, unamos os nossos cora\u00e7\u00f5es e for\u00e7as, para que os mares e os desertos n\u00e3o sejam cemit\u00e9rios, mas espa\u00e7os onde Deus possa abrir caminhos de liberdade e fraternidade.\u201d<\/p>\n<p><strong>Que o Senhor conceda o dom da paz aos muitos pa\u00edses em guerra <\/strong><\/p>\n<p>Ao t\u00e9rmino da Audi\u00eancia Geral, um novo apelo do Papa pela Palestina, Israel, a \u201cmartirizada Ucr\u00e2nia\u201d, Mianmar e o Kivu do Norte: &#8220;rezemos para que os mares e desertos se tornem espa\u00e7os onde Deus possa abrir caminhos de liberdade e fraternidade.&#8221;<\/p>\n<p>O pensamento do Papa Francisco voltou mais uma vez aos pa\u00edses dilacerados por conflitos e viol\u00eancias ao t\u00e9rmino da Audi\u00eancia Geral desta quarta-feira, 28 de agosto. O Pont\u00edfice, expressou sua preocupa\u00e7\u00e3o com as popula\u00e7\u00f5es que est\u00e3o sofrendo, em meio a grandes dificuldades e dores:<\/p>\n<p>\u201cPensemos nos pa\u00edses em guerra, tantos pa\u00edses em guerra. Pensemos na Palestina, em Israel, na martirizada Ucr\u00e2nia, pensemos em Mianmar, no Kivu do Norte.\u201d<\/p>\n<p>\u201cTantos pa\u00edses em guerra\u201d, repetiu o Papa, invocando a Deus para que as hostilidades e os confrontos cessem.<\/p>\n<p><strong>Que o Senhor lhes conceda o dom da paz<\/strong><\/p>\n<p>Francisco lembra da Ucr\u00e2nia tamb\u00e9m na sua sauda\u00e7\u00e3o aos fi\u00e9is poloneses, que h\u00e1 alguns anos t\u00eam demonstrado \u201cgrande ajuda samaritana e grande compreens\u00e3o para com os refugiados de guerra\u201d, e os exorta a continuar suas obras de bem.<\/p>\n<p><i>&#8220;Continuem a ser hospitaleiros com aqueles que perderam tudo e v\u00eam at\u00e9 voc\u00eas, contando com a sua miseric\u00f3rdia e com o seu aux\u00edlio fraterno. Que a Sagrada Fam\u00edlia de Nazar\u00e9, que tamb\u00e9m, em um momento de perigo, procurou ref\u00fagio em um pa\u00eds estrangeiro, os sustente nisso.&#8221;<\/i><\/p>\n<p><strong>Intercess\u00e3o de Santo Agostinho\u00a0<\/strong><\/p>\n<p>E no dia em que se celebra a mem\u00f3ria lit\u00fargica de Santo Agostinho, aos peregrinos de l\u00edngua francesa, o Papa tamb\u00e9m convida a invoc\u00e1-lo para que inspire solidariedade entre os povos.<\/p>\n<p><i>&#8220;Rezemos a Santo Agostinho, que hoje celebramos, para que os mares e desertos se tornem espa\u00e7os onde Deus possa abrir caminhos de liberdade e fraternidade.&#8221;<\/i><\/p>\n<p><strong>Buscar a sabedoria e Deus como o bispo de Hipona<\/strong><\/p>\n<p>Dirigindo-se, ent\u00e3o, aos alem\u00e3es, Francisco relembra a \u201clonga jornada interior de busca\u201d de Agostinho, bispo de Hipona, que o levou a perceber o quanto Deus \u201cnos ama e que nossos cora\u00e7\u00f5es inquietos encontram descanso e paz somente Nele\u201d, desejando \u201cessa experi\u00eancia da paz de Deus, que supera todo entendimento\u201d.<\/p>\n<p>Por fim, antes da b\u00ean\u00e7\u00e3o final, o Papa convidou todos a imitar Santo Agostinho, a serem \u201csedentos da verdadeira sabedoria\u201d e a buscar \u201cincessantemente o Senhor, fonte viva do amor eterno\u201d.<\/p>\n<hr \/>\n<p><em>Vatican News<\/em><\/p>\n<p>&nbsp;<\/p>\n","protected":false},"excerpt":{"rendered":"<p>Audi\u00eancia Geral voltou \u00e0 Pra\u00e7a S\u00e3o Pedro esta quarta-feira, 28 de agosto<\/p>\n","protected":false},"author":11,"featured_media":250375,"comment_status":"open","ping_status":"open","sticky":false,"template":"","format":"standard","meta":[],"categories":[1],"tags":[487,55],"acf":[],"yoast_head":"<!-- This site is optimized with the Yoast SEO plugin v19.2 - https:\/\/yoast.com\/wordpress\/plugins\/seo\/ -->\n<title>Repelir os migrantes \u00e9 pecado grave. A indiferen\u00e7a mata - Not\u00edcias - Franciscanos<\/title>\n<meta name=\"robots\" content=\"index, follow, max-snippet:-1, max-image-preview:large, max-video-preview:-1\" \/>\n<link rel=\"canonical\" href=\"https:\/\/franciscanos.org.br\/noticias\/repelir-os-migrantes-e-pecado-grave-a-indiferenca-mata.html\" \/>\n<meta property=\"og:locale\" content=\"pt_BR\" \/>\n<meta property=\"og:type\" content=\"article\" \/>\n<meta property=\"og:title\" content=\"Repelir os migrantes \u00e9 pecado grave. A indiferen\u00e7a mata - Not\u00edcias - Franciscanos\" \/>\n<meta property=\"og:description\" content=\"Audi\u00eancia Geral voltou \u00e0 Pra\u00e7a S\u00e3o Pedro esta quarta-feira, 28 de agosto\" \/>\n<meta property=\"og:url\" content=\"https:\/\/franciscanos.org.br\/noticias\/repelir-os-migrantes-e-pecado-grave-a-indiferenca-mata.html\" \/>\n<meta property=\"og:site_name\" content=\"Not\u00edcias - Franciscanos\" \/>\n<meta property=\"article:published_time\" content=\"2024-08-28T12:37:18+00:00\" \/>\n<meta property=\"article:modified_time\" content=\"2024-08-28T12:39:30+00:00\" \/>\n<meta property=\"og:image\" content=\"https:\/\/franciscanos.org.br\/noticias\/wp-content\/uploads\/2024\/08\/AUDIENCIA-28.08.jpg\" \/>\n\t<meta property=\"og:image:width\" content=\"1280\" \/>\n\t<meta property=\"og:image:height\" content=\"720\" \/>\n\t<meta property=\"og:image:type\" content=\"image\/jpeg\" \/>\n<meta name=\"author\" content=\"Adriana Rabelo\" \/>\n<meta name=\"twitter:card\" content=\"summary_large_image\" \/>\n<meta name=\"twitter:label1\" content=\"Escrito por\" \/>\n\t<meta name=\"twitter:data1\" content=\"Adriana Rabelo\" \/>\n\t<meta name=\"twitter:label2\" content=\"Est. tempo de leitura\" \/>\n\t<meta name=\"twitter:data2\" content=\"5 minutos\" \/>\n<script type=\"application\/ld+json\" class=\"yoast-schema-graph\">{\"@context\":\"https:\/\/schema.org\",\"@graph\":[{\"@type\":\"WebSite\",\"@id\":\"https:\/\/franciscanos.org.br\/noticias\/#website\",\"url\":\"https:\/\/franciscanos.org.br\/noticias\/\",\"name\":\"Not\u00edcias - Franciscanos\",\"description\":\"Prov\u00edncia Franciscana da Imaculada Concei\u00e7\u00e3o do Brasil - Ordem dos Frades Menores - OFM\",\"potentialAction\":[{\"@type\":\"SearchAction\",\"target\":{\"@type\":\"EntryPoint\",\"urlTemplate\":\"https:\/\/franciscanos.org.br\/noticias\/?s={search_term_string}\"},\"query-input\":\"required name=search_term_string\"}],\"inLanguage\":\"pt-BR\"},{\"@type\":\"ImageObject\",\"inLanguage\":\"pt-BR\",\"@id\":\"https:\/\/franciscanos.org.br\/noticias\/repelir-os-migrantes-e-pecado-grave-a-indiferenca-mata.html#primaryimage\",\"url\":\"https:\/\/franciscanos.org.br\/noticias\/wp-content\/uploads\/2024\/08\/AUDIENCIA-28.08.jpg\",\"contentUrl\":\"https:\/\/franciscanos.org.br\/noticias\/wp-content\/uploads\/2024\/08\/AUDIENCIA-28.08.jpg\",\"width\":1280,\"height\":720},{\"@type\":\"WebPage\",\"@id\":\"https:\/\/franciscanos.org.br\/noticias\/repelir-os-migrantes-e-pecado-grave-a-indiferenca-mata.html#webpage\",\"url\":\"https:\/\/franciscanos.org.br\/noticias\/repelir-os-migrantes-e-pecado-grave-a-indiferenca-mata.html\",\"name\":\"Repelir os migrantes \u00e9 pecado grave. A indiferen\u00e7a mata - Not\u00edcias - Franciscanos\",\"isPartOf\":{\"@id\":\"https:\/\/franciscanos.org.br\/noticias\/#website\"},\"primaryImageOfPage\":{\"@id\":\"https:\/\/franciscanos.org.br\/noticias\/repelir-os-migrantes-e-pecado-grave-a-indiferenca-mata.html#primaryimage\"},\"datePublished\":\"2024-08-28T12:37:18+00:00\",\"dateModified\":\"2024-08-28T12:39:30+00:00\",\"author\":{\"@id\":\"https:\/\/franciscanos.org.br\/noticias\/#\/schema\/person\/d9422e83121c3ad3b0f423d195f5bb25\"},\"breadcrumb\":{\"@id\":\"https:\/\/franciscanos.org.br\/noticias\/repelir-os-migrantes-e-pecado-grave-a-indiferenca-mata.html#breadcrumb\"},\"inLanguage\":\"pt-BR\",\"potentialAction\":[{\"@type\":\"ReadAction\",\"target\":[\"https:\/\/franciscanos.org.br\/noticias\/repelir-os-migrantes-e-pecado-grave-a-indiferenca-mata.html\"]}]},{\"@type\":\"BreadcrumbList\",\"@id\":\"https:\/\/franciscanos.org.br\/noticias\/repelir-os-migrantes-e-pecado-grave-a-indiferenca-mata.html#breadcrumb\",\"itemListElement\":[{\"@type\":\"ListItem\",\"position\":1,\"name\":\"Home\",\"item\":\"https:\/\/franciscanos.org.br\/noticias\"},{\"@type\":\"ListItem\",\"position\":2,\"name\":\"Repelir os migrantes \u00e9 pecado grave. A indiferen\u00e7a mata\"}]},{\"@type\":\"Person\",\"@id\":\"https:\/\/franciscanos.org.br\/noticias\/#\/schema\/person\/d9422e83121c3ad3b0f423d195f5bb25\",\"name\":\"Adriana Rabelo\",\"image\":{\"@type\":\"ImageObject\",\"inLanguage\":\"pt-BR\",\"@id\":\"https:\/\/franciscanos.org.br\/noticias\/#\/schema\/person\/image\/\",\"url\":\"https:\/\/secure.gravatar.com\/avatar\/0a937b7500cd7df77540cfb8bede877d?s=96&d=mm&r=g\",\"contentUrl\":\"https:\/\/secure.gravatar.com\/avatar\/0a937b7500cd7df77540cfb8bede877d?s=96&d=mm&r=g\",\"caption\":\"Adriana Rabelo\"},\"url\":\"https:\/\/franciscanos.org.br\/noticias\/author\/adrianarabelo\"}]}<\/script>\n<!-- \/ Yoast SEO plugin. -->","yoast_head_json":{"title":"Repelir os migrantes \u00e9 pecado grave. A indiferen\u00e7a mata - Not\u00edcias - Franciscanos","robots":{"index":"index","follow":"follow","max-snippet":"max-snippet:-1","max-image-preview":"max-image-preview:large","max-video-preview":"max-video-preview:-1"},"canonical":"https:\/\/franciscanos.org.br\/noticias\/repelir-os-migrantes-e-pecado-grave-a-indiferenca-mata.html","og_locale":"pt_BR","og_type":"article","og_title":"Repelir os migrantes \u00e9 pecado grave. A indiferen\u00e7a mata - Not\u00edcias - Franciscanos","og_description":"Audi\u00eancia Geral voltou \u00e0 Pra\u00e7a S\u00e3o Pedro esta quarta-feira, 28 de agosto","og_url":"https:\/\/franciscanos.org.br\/noticias\/repelir-os-migrantes-e-pecado-grave-a-indiferenca-mata.html","og_site_name":"Not\u00edcias - Franciscanos","article_published_time":"2024-08-28T12:37:18+00:00","article_modified_time":"2024-08-28T12:39:30+00:00","og_image":[{"width":1280,"height":720,"url":"https:\/\/franciscanos.org.br\/noticias\/wp-content\/uploads\/2024\/08\/AUDIENCIA-28.08.jpg","type":"image\/jpeg"}],"author":"Adriana Rabelo","twitter_card":"summary_large_image","twitter_misc":{"Escrito por":"Adriana Rabelo","Est. tempo de leitura":"5 minutos"},"schema":{"@context":"https:\/\/schema.org","@graph":[{"@type":"WebSite","@id":"https:\/\/franciscanos.org.br\/noticias\/#website","url":"https:\/\/franciscanos.org.br\/noticias\/","name":"Not\u00edcias - Franciscanos","description":"Prov\u00edncia Franciscana da Imaculada Concei\u00e7\u00e3o do Brasil - Ordem dos Frades Menores - OFM","potentialAction":[{"@type":"SearchAction","target":{"@type":"EntryPoint","urlTemplate":"https:\/\/franciscanos.org.br\/noticias\/?s={search_term_string}"},"query-input":"required name=search_term_string"}],"inLanguage":"pt-BR"},{"@type":"ImageObject","inLanguage":"pt-BR","@id":"https:\/\/franciscanos.org.br\/noticias\/repelir-os-migrantes-e-pecado-grave-a-indiferenca-mata.html#primaryimage","url":"https:\/\/franciscanos.org.br\/noticias\/wp-content\/uploads\/2024\/08\/AUDIENCIA-28.08.jpg","contentUrl":"https:\/\/franciscanos.org.br\/noticias\/wp-content\/uploads\/2024\/08\/AUDIENCIA-28.08.jpg","width":1280,"height":720},{"@type":"WebPage","@id":"https:\/\/franciscanos.org.br\/noticias\/repelir-os-migrantes-e-pecado-grave-a-indiferenca-mata.html#webpage","url":"https:\/\/franciscanos.org.br\/noticias\/repelir-os-migrantes-e-pecado-grave-a-indiferenca-mata.html","name":"Repelir os migrantes \u00e9 pecado grave. A indiferen\u00e7a mata - Not\u00edcias - Franciscanos","isPartOf":{"@id":"https:\/\/franciscanos.org.br\/noticias\/#website"},"primaryImageOfPage":{"@id":"https:\/\/franciscanos.org.br\/noticias\/repelir-os-migrantes-e-pecado-grave-a-indiferenca-mata.html#primaryimage"},"datePublished":"2024-08-28T12:37:18+00:00","dateModified":"2024-08-28T12:39:30+00:00","author":{"@id":"https:\/\/franciscanos.org.br\/noticias\/#\/schema\/person\/d9422e83121c3ad3b0f423d195f5bb25"},"breadcrumb":{"@id":"https:\/\/franciscanos.org.br\/noticias\/repelir-os-migrantes-e-pecado-grave-a-indiferenca-mata.html#breadcrumb"},"inLanguage":"pt-BR","potentialAction":[{"@type":"ReadAction","target":["https:\/\/franciscanos.org.br\/noticias\/repelir-os-migrantes-e-pecado-grave-a-indiferenca-mata.html"]}]},{"@type":"BreadcrumbList","@id":"https:\/\/franciscanos.org.br\/noticias\/repelir-os-migrantes-e-pecado-grave-a-indiferenca-mata.html#breadcrumb","itemListElement":[{"@type":"ListItem","position":1,"name":"Home","item":"https:\/\/franciscanos.org.br\/noticias"},{"@type":"ListItem","position":2,"name":"Repelir os migrantes \u00e9 pecado grave. A indiferen\u00e7a mata"}]},{"@type":"Person","@id":"https:\/\/franciscanos.org.br\/noticias\/#\/schema\/person\/d9422e83121c3ad3b0f423d195f5bb25","name":"Adriana Rabelo","image":{"@type":"ImageObject","inLanguage":"pt-BR","@id":"https:\/\/franciscanos.org.br\/noticias\/#\/schema\/person\/image\/","url":"https:\/\/secure.gravatar.com\/avatar\/0a937b7500cd7df77540cfb8bede877d?s=96&d=mm&r=g","contentUrl":"https:\/\/secure.gravatar.com\/avatar\/0a937b7500cd7df77540cfb8bede877d?s=96&d=mm&r=g","caption":"Adriana Rabelo"},"url":"https:\/\/franciscanos.org.br\/noticias\/author\/adrianarabelo"}]}},"_links":{"self":[{"href":"https:\/\/franciscanos.org.br\/noticias\/wp-json\/wp\/v2\/posts\/250374"}],"collection":[{"href":"https:\/\/franciscanos.org.br\/noticias\/wp-json\/wp\/v2\/posts"}],"about":[{"href":"https:\/\/franciscanos.org.br\/noticias\/wp-json\/wp\/v2\/types\/post"}],"author":[{"embeddable":true,"href":"https:\/\/franciscanos.org.br\/noticias\/wp-json\/wp\/v2\/users\/11"}],"replies":[{"embeddable":true,"href":"https:\/\/franciscanos.org.br\/noticias\/wp-json\/wp\/v2\/comments?post=250374"}],"version-history":[{"count":2,"href":"https:\/\/franciscanos.org.br\/noticias\/wp-json\/wp\/v2\/posts\/250374\/revisions"}],"predecessor-version":[{"id":250377,"href":"https:\/\/franciscanos.org.br\/noticias\/wp-json\/wp\/v2\/posts\/250374\/revisions\/250377"}],"wp:featuredmedia":[{"embeddable":true,"href":"https:\/\/franciscanos.org.br\/noticias\/wp-json\/wp\/v2\/media\/250375"}],"wp:attachment":[{"href":"https:\/\/franciscanos.org.br\/noticias\/wp-json\/wp\/v2\/media?parent=250374"}],"wp:term":[{"taxonomy":"category","embeddable":true,"href":"https:\/\/franciscanos.org.br\/noticias\/wp-json\/wp\/v2\/categories?post=250374"},{"taxonomy":"post_tag","embeddable":true,"href":"https:\/\/franciscanos.org.br\/noticias\/wp-json\/wp\/v2\/tags?post=250374"}],"curies":[{"name":"wp","href":"https:\/\/api.w.org\/{rel}","templated":true}]}}