{"id":250352,"date":"2024-08-26T16:38:21","date_gmt":"2024-08-26T19:38:21","guid":{"rendered":"https:\/\/franciscanos.org.br\/noticias\/?p=250352"},"modified":"2024-08-27T09:53:30","modified_gmt":"2024-08-27T12:53:30","slug":"reliquia-de-sao-benedito-conclui-peregrinacao-no-brasil","status":"publish","type":"post","link":"https:\/\/franciscanos.org.br\/noticias\/reliquia-de-sao-benedito-conclui-peregrinacao-no-brasil.html","title":{"rendered":"Rel\u00edquia de S\u00e3o Benedito conclui peregrina\u00e7\u00e3o no Brasil"},"content":{"rendered":"<p><img loading=\"lazy\" class=\"aligncenter wp-image-250354 size-full\" src=\"https:\/\/franciscanos.org.br\/noticias\/wp-content\/uploads\/2024\/08\/NOTICIA.jpg\" alt=\"\" width=\"1280\" height=\"720\" srcset=\"https:\/\/franciscanos.org.br\/noticias\/wp-content\/uploads\/2024\/08\/NOTICIA.jpg 1280w, https:\/\/franciscanos.org.br\/noticias\/wp-content\/uploads\/2024\/08\/NOTICIA-450x253.jpg 450w, https:\/\/franciscanos.org.br\/noticias\/wp-content\/uploads\/2024\/08\/NOTICIA-1024x576.jpg 1024w, https:\/\/franciscanos.org.br\/noticias\/wp-content\/uploads\/2024\/08\/NOTICIA-768x432.jpg 768w, https:\/\/franciscanos.org.br\/noticias\/wp-content\/uploads\/2024\/08\/NOTICIA-150x84.jpg 150w\" sizes=\"(max-width: 1280px) 100vw, 1280px\" \/><\/p>\n<p>Depois de 15 dias percorrendo diferentes localidades da Prov\u00edncia da Imaculada Concei\u00e7\u00e3o, a rel\u00edquia de S\u00e3o Benedito de Palermo voltou para\u00a0 a It\u00e1lia, no\u00a0 dia 23 de agosto, na Prov\u00edncia do Sant\u00edssimo Nome de Jesus, localizada na Sic\u00edlia. O fragmento do corpo do santo franciscano chegou ao Brasil no dia 8 deste m\u00eas, trazida pelo\u00a0 Frei Fernando Truppia e Frei Marcelo Badalamenti.<\/p>\n<p>Antes de chegar em terras brasileiras, os frades j\u00e1\u00a0 haviam passado pela Venezuela e Peru, concluindo em junho essa primeira etapa\u00a0 da visita organizada pelo CONISB (Conselho Nacional das Irmandades de S\u00e3o Benedito).<\/p>\n<p>A miss\u00e3o\u00a0 dos guardi\u00f5es foi conduzir o objeto de venera\u00e7\u00e3o pelos\u00a0 Estados de S\u00e3o Paulo e Rio de Janeiro. O primeiro local\u00a0 visitado foi o Convento S\u00e3o Francisco, no centro\u00a0 de S\u00e3o Paulo (SP). Na ocasi\u00e3o foi celebrada uma missa\u00a0 que abriu a etapa da peregrina\u00e7\u00e3o, no Santu\u00e1rio S\u00e3o Francisco. De l\u00e1, viajaram para Sorocaba. Depois seguiram para o Vale do Para\u00edba, regi\u00e3o do interior do Estado de S\u00e3o Paulo, onde estiveram em Piquete e Guaratinguet\u00e1, no Santu\u00e1rio Frei Galv\u00e3o. O objetivo da visita foi\u00a0 celebrar os 500 anos do nascimento\u00a0 de S\u00e3o Benedito, especialmente na Am\u00e9rica Latina onde\u00a0 a devo\u00e7\u00e3o \u00e9 forte.<\/p>\n\n\t\t<style type=\"text\/css\">\n\t\t\t#gallery-1 {\n\t\t\t\tmargin: auto;\n\t\t\t}\n\t\t\t#gallery-1 .gallery-item {\n\t\t\t\tfloat: left;\n\t\t\t\tmargin-top: 10px;\n\t\t\t\ttext-align: center;\n\t\t\t\twidth: 25%;\n\t\t\t}\n\t\t\t#gallery-1 img {\n\t\t\t\tborder: 2px solid #cfcfcf;\n\t\t\t}\n\t\t\t#gallery-1 .gallery-caption {\n\t\t\t\tmargin-left: 0;\n\t\t\t}\n\t\t\t\/* see gallery_shortcode() in wp-includes\/media.php *\/\n\t\t<\/style>\n\t\t<div id='gallery-1' class='gallery galleryid-250352 gallery-columns-4 gallery-size-thumbnail'><dl class='gallery-item'>\n\t\t\t<dt class='gallery-icon landscape'>\n\t\t\t\t<a href='https:\/\/franciscanos.org.br\/noticias\/wp-content\/uploads\/2024\/08\/SP-FOTO-2.jpeg'><img width=\"300\" height=\"300\" src=\"https:\/\/franciscanos.org.br\/noticias\/wp-content\/uploads\/2024\/08\/SP-FOTO-2-300x300.jpeg\" class=\"attachment-thumbnail size-thumbnail\" alt=\"\" loading=\"lazy\" aria-describedby=\"gallery-1-250355\" srcset=\"https:\/\/franciscanos.org.br\/noticias\/wp-content\/uploads\/2024\/08\/SP-FOTO-2-300x300.jpeg 300w, https:\/\/franciscanos.org.br\/noticias\/wp-content\/uploads\/2024\/08\/SP-FOTO-2-100x100.jpeg 100w\" sizes=\"(max-width: 300px) 100vw, 300px\" \/><\/a>\n\t\t\t<\/dt>\n\t\t\t\t<dd class='wp-caption-text gallery-caption' id='gallery-1-250355'>\n\t\t\t\tS\u00e3o Paulo\n\t\t\t\t<\/dd><\/dl><dl class='gallery-item'>\n\t\t\t<dt class='gallery-icon landscape'>\n\t\t\t\t<a href='https:\/\/franciscanos.org.br\/noticias\/wp-content\/uploads\/2024\/08\/RJ-FOTO-1-scaled.jpg'><img width=\"300\" height=\"300\" src=\"https:\/\/franciscanos.org.br\/noticias\/wp-content\/uploads\/2024\/08\/RJ-FOTO-1-300x300.jpg\" class=\"attachment-thumbnail size-thumbnail\" alt=\"\" loading=\"lazy\" aria-describedby=\"gallery-1-250359\" srcset=\"https:\/\/franciscanos.org.br\/noticias\/wp-content\/uploads\/2024\/08\/RJ-FOTO-1-300x300.jpg 300w, https:\/\/franciscanos.org.br\/noticias\/wp-content\/uploads\/2024\/08\/RJ-FOTO-1-100x100.jpg 100w\" sizes=\"(max-width: 300px) 100vw, 300px\" \/><\/a>\n\t\t\t<\/dt>\n\t\t\t\t<dd class='wp-caption-text gallery-caption' id='gallery-1-250359'>\n\t\t\t\tRio de Janeiro\n\t\t\t\t<\/dd><\/dl><dl class='gallery-item'>\n\t\t\t<dt class='gallery-icon landscape'>\n\t\t\t\t<a href='https:\/\/franciscanos.org.br\/noticias\/wp-content\/uploads\/2024\/08\/Peru4-1.jpg'><img width=\"300\" height=\"300\" src=\"https:\/\/franciscanos.org.br\/noticias\/wp-content\/uploads\/2024\/08\/Peru4-1-300x300.jpg\" class=\"attachment-thumbnail size-thumbnail\" alt=\"\" loading=\"lazy\" aria-describedby=\"gallery-1-250357\" srcset=\"https:\/\/franciscanos.org.br\/noticias\/wp-content\/uploads\/2024\/08\/Peru4-1-300x300.jpg 300w, https:\/\/franciscanos.org.br\/noticias\/wp-content\/uploads\/2024\/08\/Peru4-1-100x100.jpg 100w\" sizes=\"(max-width: 300px) 100vw, 300px\" \/><\/a>\n\t\t\t<\/dt>\n\t\t\t\t<dd class='wp-caption-text gallery-caption' id='gallery-1-250357'>\n\t\t\t\tPeru\n\t\t\t\t<\/dd><\/dl><dl class='gallery-item'>\n\t\t\t<dt class='gallery-icon landscape'>\n\t\t\t\t<a href='https:\/\/franciscanos.org.br\/noticias\/wp-content\/uploads\/2024\/08\/Venezuela1.jpg'><img width=\"300\" height=\"300\" src=\"https:\/\/franciscanos.org.br\/noticias\/wp-content\/uploads\/2024\/08\/Venezuela1-300x300.jpg\" class=\"attachment-thumbnail size-thumbnail\" alt=\"\" loading=\"lazy\" aria-describedby=\"gallery-1-250358\" srcset=\"https:\/\/franciscanos.org.br\/noticias\/wp-content\/uploads\/2024\/08\/Venezuela1-300x300.jpg 300w, https:\/\/franciscanos.org.br\/noticias\/wp-content\/uploads\/2024\/08\/Venezuela1-100x100.jpg 100w\" sizes=\"(max-width: 300px) 100vw, 300px\" \/><\/a>\n\t\t\t<\/dt>\n\t\t\t\t<dd class='wp-caption-text gallery-caption' id='gallery-1-250358'>\n\t\t\t\tVenezuela\n\t\t\t\t<\/dd><\/dl><br style=\"clear: both\" \/>\n\t\t<\/div>\n\n<p>No dia 18 de agosto, a rel\u00edquia de S\u00e3o Benedito chegou na cidade do Rio de Janeiro. Os frades peregrinos ficaram hospedados no Convento de Santo Ant\u00f4nio, no Largo da Carioca, at\u00e9 o dia 21. Eles estiveram na Igreja de Nossa Senhora do Ros\u00e1rio e S\u00e3o Benedito dos Homens Pretos. Tamb\u00e9m levaram a rel\u00edquia na cidade de Angra dos Reis (RJ).<\/p>\n<p>No dia 20, foi celebrada uma Santa Missa no Convento de Santo Ant\u00f4nio, \u00e0s 10h. Na ocasi\u00e3o, o presidente da celebra\u00e7\u00e3o, Frei Alvaci Mendes da Silva, diretor da USF (Universidade S\u00e3o Francisco), em Bragan\u00e7a Paulista (SP), falou sobre a import\u00e2ncia da presen\u00e7a da rel\u00edquia no Rio de Janeiro. \u201c\u00c9 muito significativo para n\u00f3s celebrar S\u00e3o Benedito e encerrar praticamente o programa dessa peregrina\u00e7\u00e3o aqui no Convento de Santo Antonio. Frei Fernando e Frei Marcelo, est\u00e3o percorrendo v\u00e1rias cidades em par\u00f3quias, santu\u00e1rios, lugares onde a devo\u00e7\u00e3o a S\u00e3o Benedito \u00e9 forte. \u00c9 simb\u00f3lico terminarmos no Convento de Santo Ant\u00f4nio, porque o primeiro milagre<img loading=\"lazy\" class=\"size-medium wp-image-250360 alignright\" src=\"https:\/\/franciscanos.org.br\/noticias\/wp-content\/uploads\/2024\/08\/foto-3-450x253.jpg\" alt=\"\" width=\"450\" height=\"253\" srcset=\"https:\/\/franciscanos.org.br\/noticias\/wp-content\/uploads\/2024\/08\/foto-3-450x253.jpg 450w, https:\/\/franciscanos.org.br\/noticias\/wp-content\/uploads\/2024\/08\/foto-3-1024x575.jpg 1024w, https:\/\/franciscanos.org.br\/noticias\/wp-content\/uploads\/2024\/08\/foto-3-768x431.jpg 768w, https:\/\/franciscanos.org.br\/noticias\/wp-content\/uploads\/2024\/08\/foto-3-1536x862.jpg 1536w, https:\/\/franciscanos.org.br\/noticias\/wp-content\/uploads\/2024\/08\/foto-3-150x84.jpg 150w, https:\/\/franciscanos.org.br\/noticias\/wp-content\/uploads\/2024\/08\/foto-3.jpg 1920w\" sizes=\"(max-width: 450px) 100vw, 450px\" \/> atribu\u00eddo a S\u00e3o Benedito, no Brasil, foi nesse lugar\u201d, destacou.<\/p>\n<p>De acordo com o frade, autor de uma pesquisa acad\u00eamica sobre a vida de S\u00e3o Benedito, e coordenador da visita da rel\u00edquia no pa\u00eds, o caso foi relatado por um franciscano que vivia no convento, chamado Frei Apolin\u00e1rio da Concei\u00e7\u00e3o, e apresentado em sua primeira biografia entitulada \u201cFlor Peregrina\u201d, na qual descreve o milagre do santo negro. Devido a este fato, o Convento recebeu um rel\u00edquia que ficar\u00e1 permanente exposta para visita\u00e7\u00e3o dos devotos de S\u00e3o Benedito.<\/p>\n<p>Na mesma data (20\/08), a rel\u00edquia peregrina estava presente na Santa Missa realizada na Igreja do Sagrado Cora\u00e7\u00e3o de Jesus, em Petr\u00f3polis. A celebra\u00e7\u00e3o contou com a presen\u00e7a do Ministro provincial, Frei Paulo Roberto Pereira\u00a0 e dos frades da Prov\u00edncia.<\/p>\n<p><strong>Institui\u00e7\u00e3o de quatro frades aos minist\u00e9rios de Leitor e Ac\u00f3lito<\/strong><\/p>\n<p>A cerim\u00f4nia em Petr\u00f3polis marcou tamb\u00e9m a institui\u00e7\u00e3o de novos ministros na Igreja: Frei Alberto Capingala Martinho Sambei, Frei Franklin Matheus da Costa e Frei Pedro Isa\u00edas Luiza Vitangui foram institu\u00eddos no minist\u00e9rio de leitor, enquanto Frei Ruan Felipe Sguissardi foi institu\u00eddo como ac\u00f3lito.<\/p>\n\n\t\t<style type=\"text\/css\">\n\t\t\t#gallery-2 {\n\t\t\t\tmargin: auto;\n\t\t\t}\n\t\t\t#gallery-2 .gallery-item {\n\t\t\t\tfloat: left;\n\t\t\t\tmargin-top: 10px;\n\t\t\t\ttext-align: center;\n\t\t\t\twidth: 25%;\n\t\t\t}\n\t\t\t#gallery-2 img {\n\t\t\t\tborder: 2px solid #cfcfcf;\n\t\t\t}\n\t\t\t#gallery-2 .gallery-caption {\n\t\t\t\tmargin-left: 0;\n\t\t\t}\n\t\t\t\/* see gallery_shortcode() in wp-includes\/media.php *\/\n\t\t<\/style>\n\t\t<div id='gallery-2' class='gallery galleryid-250352 gallery-columns-4 gallery-size-thumbnail'><dl class='gallery-item'>\n\t\t\t<dt class='gallery-icon landscape'>\n\t\t\t\t<a href='https:\/\/franciscanos.org.br\/noticias\/wp-content\/uploads\/2024\/08\/foto2.jpg'><img width=\"300\" height=\"300\" src=\"https:\/\/franciscanos.org.br\/noticias\/wp-content\/uploads\/2024\/08\/foto2-300x300.jpg\" class=\"attachment-thumbnail size-thumbnail\" alt=\"\" loading=\"lazy\" srcset=\"https:\/\/franciscanos.org.br\/noticias\/wp-content\/uploads\/2024\/08\/foto2-300x300.jpg 300w, https:\/\/franciscanos.org.br\/noticias\/wp-content\/uploads\/2024\/08\/foto2-100x100.jpg 100w\" sizes=\"(max-width: 300px) 100vw, 300px\" \/><\/a>\n\t\t\t<\/dt><\/dl><dl class='gallery-item'>\n\t\t\t<dt class='gallery-icon landscape'>\n\t\t\t\t<a href='https:\/\/franciscanos.org.br\/noticias\/wp-content\/uploads\/2024\/08\/foto5.jpg'><img width=\"300\" height=\"300\" src=\"https:\/\/franciscanos.org.br\/noticias\/wp-content\/uploads\/2024\/08\/foto5-300x300.jpg\" class=\"attachment-thumbnail size-thumbnail\" alt=\"\" loading=\"lazy\" srcset=\"https:\/\/franciscanos.org.br\/noticias\/wp-content\/uploads\/2024\/08\/foto5-300x300.jpg 300w, https:\/\/franciscanos.org.br\/noticias\/wp-content\/uploads\/2024\/08\/foto5-100x100.jpg 100w\" sizes=\"(max-width: 300px) 100vw, 300px\" \/><\/a>\n\t\t\t<\/dt><\/dl><dl class='gallery-item'>\n\t\t\t<dt class='gallery-icon landscape'>\n\t\t\t\t<a href='https:\/\/franciscanos.org.br\/noticias\/wp-content\/uploads\/2024\/08\/foto6.jpg'><img width=\"300\" height=\"300\" src=\"https:\/\/franciscanos.org.br\/noticias\/wp-content\/uploads\/2024\/08\/foto6-300x300.jpg\" class=\"attachment-thumbnail size-thumbnail\" alt=\"\" loading=\"lazy\" srcset=\"https:\/\/franciscanos.org.br\/noticias\/wp-content\/uploads\/2024\/08\/foto6-300x300.jpg 300w, https:\/\/franciscanos.org.br\/noticias\/wp-content\/uploads\/2024\/08\/foto6-100x100.jpg 100w\" sizes=\"(max-width: 300px) 100vw, 300px\" \/><\/a>\n\t\t\t<\/dt><\/dl><dl class='gallery-item'>\n\t\t\t<dt class='gallery-icon landscape'>\n\t\t\t\t<a href='https:\/\/franciscanos.org.br\/noticias\/wp-content\/uploads\/2024\/08\/IMG_8449.jpg'><img width=\"300\" height=\"300\" src=\"https:\/\/franciscanos.org.br\/noticias\/wp-content\/uploads\/2024\/08\/IMG_8449-300x300.jpg\" class=\"attachment-thumbnail size-thumbnail\" alt=\"\" loading=\"lazy\" srcset=\"https:\/\/franciscanos.org.br\/noticias\/wp-content\/uploads\/2024\/08\/IMG_8449-300x300.jpg 300w, https:\/\/franciscanos.org.br\/noticias\/wp-content\/uploads\/2024\/08\/IMG_8449-100x100.jpg 100w\" sizes=\"(max-width: 300px) 100vw, 300px\" \/><\/a>\n\t\t\t<\/dt><\/dl><br style=\"clear: both\" \/>\n\t\t<\/div>\n\n<p><strong>A devo\u00e7\u00e3o a S\u00e3o Benedito<\/strong><br \/>\nAo final da celebra\u00e7\u00e3o, Frei Fernando, com o aux\u00edlio da tradu\u00e7\u00e3o de Frei Alvaci Mendes da Luz, destacou a intensa devo\u00e7\u00e3o a S\u00e3o Benedito observada em diferentes pa\u00edses da Am\u00e9rica Latina, com especial \u00eanfase no Brasil, onde o carinho pelo santo \u00e9 not\u00e1vel. Mesmo diante das adversidades, como o inc\u00eandio na igreja que abrigava o corpo de S\u00e3o Benedito, a celebra\u00e7\u00e3o do quincenten\u00e1rio seguiu com fervor, mostrando a resili\u00eancia e a profundidade da f\u00e9 dos devotos. Ele ressaltou a import\u00e2ncia do exemplo de S\u00e3o Benedito, filho de escravos africanos, cuja vida dedicada ao amor a Deus e ao servi\u00e7o humilde transcende quaisquer distin\u00e7\u00f5es de ra\u00e7a e condi\u00e7\u00e3o social, refletindo os valores franciscanos.<br \/>\nAl\u00e9m disso, Frei Fernando fez uma reflex\u00e3o sobre a simbologia da t\u00fanica deixada por S\u00e3o Benedito, que representava seu revestimento em Cristo. Ele encorajou os devotos a seguirem o caminho proposto por Deus, focando no essencial e evitando se perder em manifesta\u00e7\u00f5es exteriores de religiosidade. A mensagem final refor\u00e7ou a import\u00e2ncia de viver em comunidade, com humildade e servi\u00e7o ao pr\u00f3ximo, em sintonia com o exemplo de S\u00e3o Benedito, que nos convida a uma vida de profunda comunh\u00e3o com o Senhor.<\/p>\n\n\t\t<style type=\"text\/css\">\n\t\t\t#gallery-3 {\n\t\t\t\tmargin: auto;\n\t\t\t}\n\t\t\t#gallery-3 .gallery-item {\n\t\t\t\tfloat: left;\n\t\t\t\tmargin-top: 10px;\n\t\t\t\ttext-align: center;\n\t\t\t\twidth: 33%;\n\t\t\t}\n\t\t\t#gallery-3 img {\n\t\t\t\tborder: 2px solid #cfcfcf;\n\t\t\t}\n\t\t\t#gallery-3 .gallery-caption {\n\t\t\t\tmargin-left: 0;\n\t\t\t}\n\t\t\t\/* see gallery_shortcode() in wp-includes\/media.php *\/\n\t\t<\/style>\n\t\t<div id='gallery-3' class='gallery galleryid-250352 gallery-columns-3 gallery-size-thumbnail'><dl class='gallery-item'>\n\t\t\t<dt class='gallery-icon landscape'>\n\t\t\t\t<a href='https:\/\/franciscanos.org.br\/noticias\/wp-content\/uploads\/2024\/08\/foto1-1.jpg'><img width=\"300\" height=\"300\" src=\"https:\/\/franciscanos.org.br\/noticias\/wp-content\/uploads\/2024\/08\/foto1-1-300x300.jpg\" class=\"attachment-thumbnail size-thumbnail\" alt=\"\" loading=\"lazy\" srcset=\"https:\/\/franciscanos.org.br\/noticias\/wp-content\/uploads\/2024\/08\/foto1-1-300x300.jpg 300w, https:\/\/franciscanos.org.br\/noticias\/wp-content\/uploads\/2024\/08\/foto1-1-100x100.jpg 100w\" sizes=\"(max-width: 300px) 100vw, 300px\" \/><\/a>\n\t\t\t<\/dt><\/dl><dl class='gallery-item'>\n\t\t\t<dt class='gallery-icon landscape'>\n\t\t\t\t<a href='https:\/\/franciscanos.org.br\/noticias\/wp-content\/uploads\/2024\/08\/foto4-1.jpg'><img width=\"300\" height=\"300\" src=\"https:\/\/franciscanos.org.br\/noticias\/wp-content\/uploads\/2024\/08\/foto4-1-300x300.jpg\" class=\"attachment-thumbnail size-thumbnail\" alt=\"\" loading=\"lazy\" srcset=\"https:\/\/franciscanos.org.br\/noticias\/wp-content\/uploads\/2024\/08\/foto4-1-300x300.jpg 300w, https:\/\/franciscanos.org.br\/noticias\/wp-content\/uploads\/2024\/08\/foto4-1-100x100.jpg 100w\" sizes=\"(max-width: 300px) 100vw, 300px\" \/><\/a>\n\t\t\t<\/dt><\/dl><dl class='gallery-item'>\n\t\t\t<dt class='gallery-icon landscape'>\n\t\t\t\t<a href='https:\/\/franciscanos.org.br\/noticias\/wp-content\/uploads\/2024\/08\/IMG_8661.jpg'><img width=\"300\" height=\"300\" src=\"https:\/\/franciscanos.org.br\/noticias\/wp-content\/uploads\/2024\/08\/IMG_8661-300x300.jpg\" class=\"attachment-thumbnail size-thumbnail\" alt=\"\" loading=\"lazy\" srcset=\"https:\/\/franciscanos.org.br\/noticias\/wp-content\/uploads\/2024\/08\/IMG_8661-300x300.jpg 300w, https:\/\/franciscanos.org.br\/noticias\/wp-content\/uploads\/2024\/08\/IMG_8661-100x100.jpg 100w\" sizes=\"(max-width: 300px) 100vw, 300px\" \/><\/a>\n\t\t\t<\/dt><\/dl><br style=\"clear: both\" \/>\n\t\t<\/div>\n\n<hr \/>\n<p>Frei Bruno Gon\u00e7alves Cez\u00e1rio e Frei Alvaci Mendes da Silva<\/p>\n","protected":false},"excerpt":{"rendered":"<p>Depois de 15 dias percorrendo diferentes localidades da Prov\u00edncia da Imaculada Concei\u00e7\u00e3o, a rel\u00edquia de S\u00e3o Benedito de Palermo voltou para\u00a0 a It\u00e1lia, no\u00a0 dia 23 de agosto, na Prov\u00edncia do Sant\u00edssimo Nome de Jesus, localizada na Sic\u00edlia. O fragmento do corpo do santo franciscano chegou ao Brasil no dia 8 deste m\u00eas, trazida pelo\u00a0 [&hellip;]<\/p>\n","protected":false},"author":11,"featured_media":250353,"comment_status":"open","ping_status":"open","sticky":false,"template":"","format":"standard","meta":[],"categories":[1],"tags":[2233],"acf":[],"yoast_head":"<!-- This site is optimized with the Yoast SEO plugin v19.2 - https:\/\/yoast.com\/wordpress\/plugins\/seo\/ -->\n<title>Rel\u00edquia de S\u00e3o Benedito conclui peregrina\u00e7\u00e3o no Brasil - Not\u00edcias - Franciscanos<\/title>\n<meta name=\"robots\" content=\"index, follow, max-snippet:-1, max-image-preview:large, max-video-preview:-1\" \/>\n<link rel=\"canonical\" href=\"https:\/\/franciscanos.org.br\/noticias\/reliquia-de-sao-benedito-conclui-peregrinacao-no-brasil.html\" \/>\n<meta property=\"og:locale\" content=\"pt_BR\" \/>\n<meta property=\"og:type\" content=\"article\" \/>\n<meta property=\"og:title\" content=\"Rel\u00edquia de S\u00e3o Benedito conclui peregrina\u00e7\u00e3o no Brasil - Not\u00edcias - Franciscanos\" \/>\n<meta property=\"og:description\" content=\"Depois de 15 dias percorrendo diferentes localidades da Prov\u00edncia da Imaculada Concei\u00e7\u00e3o, a rel\u00edquia de S\u00e3o Benedito de Palermo voltou para\u00a0 a It\u00e1lia, no\u00a0 dia 23 de agosto, na Prov\u00edncia do Sant\u00edssimo Nome de Jesus, localizada na Sic\u00edlia. O fragmento do corpo do santo franciscano chegou ao Brasil no dia 8 deste m\u00eas, trazida pelo\u00a0 [&hellip;]\" \/>\n<meta property=\"og:url\" content=\"https:\/\/franciscanos.org.br\/noticias\/reliquia-de-sao-benedito-conclui-peregrinacao-no-brasil.html\" \/>\n<meta property=\"og:site_name\" content=\"Not\u00edcias - Franciscanos\" \/>\n<meta property=\"article:published_time\" content=\"2024-08-26T19:38:21+00:00\" \/>\n<meta property=\"article:modified_time\" content=\"2024-08-27T12:53:30+00:00\" \/>\n<meta property=\"og:image\" content=\"https:\/\/franciscanos.org.br\/noticias\/wp-content\/uploads\/2024\/08\/CHAMADA-SITE-4.jpg\" \/>\n\t<meta property=\"og:image:width\" content=\"800\" \/>\n\t<meta property=\"og:image:height\" content=\"550\" \/>\n\t<meta property=\"og:image:type\" content=\"image\/jpeg\" \/>\n<meta name=\"author\" content=\"Adriana Rabelo\" \/>\n<meta name=\"twitter:card\" content=\"summary_large_image\" \/>\n<meta name=\"twitter:label1\" content=\"Escrito por\" \/>\n\t<meta name=\"twitter:data1\" content=\"Adriana Rabelo\" \/>\n\t<meta name=\"twitter:label2\" content=\"Est. tempo de leitura\" \/>\n\t<meta name=\"twitter:data2\" content=\"4 minutos\" \/>\n<script type=\"application\/ld+json\" class=\"yoast-schema-graph\">{\"@context\":\"https:\/\/schema.org\",\"@graph\":[{\"@type\":\"WebSite\",\"@id\":\"https:\/\/franciscanos.org.br\/noticias\/#website\",\"url\":\"https:\/\/franciscanos.org.br\/noticias\/\",\"name\":\"Not\u00edcias - Franciscanos\",\"description\":\"Prov\u00edncia Franciscana da Imaculada Concei\u00e7\u00e3o do Brasil - Ordem dos Frades Menores - OFM\",\"potentialAction\":[{\"@type\":\"SearchAction\",\"target\":{\"@type\":\"EntryPoint\",\"urlTemplate\":\"https:\/\/franciscanos.org.br\/noticias\/?s={search_term_string}\"},\"query-input\":\"required name=search_term_string\"}],\"inLanguage\":\"pt-BR\"},{\"@type\":\"ImageObject\",\"inLanguage\":\"pt-BR\",\"@id\":\"https:\/\/franciscanos.org.br\/noticias\/reliquia-de-sao-benedito-conclui-peregrinacao-no-brasil.html#primaryimage\",\"url\":\"https:\/\/franciscanos.org.br\/noticias\/wp-content\/uploads\/2024\/08\/CHAMADA-SITE-4.jpg\",\"contentUrl\":\"https:\/\/franciscanos.org.br\/noticias\/wp-content\/uploads\/2024\/08\/CHAMADA-SITE-4.jpg\",\"width\":800,\"height\":550},{\"@type\":\"WebPage\",\"@id\":\"https:\/\/franciscanos.org.br\/noticias\/reliquia-de-sao-benedito-conclui-peregrinacao-no-brasil.html#webpage\",\"url\":\"https:\/\/franciscanos.org.br\/noticias\/reliquia-de-sao-benedito-conclui-peregrinacao-no-brasil.html\",\"name\":\"Rel\u00edquia de S\u00e3o Benedito conclui peregrina\u00e7\u00e3o no Brasil - Not\u00edcias - Franciscanos\",\"isPartOf\":{\"@id\":\"https:\/\/franciscanos.org.br\/noticias\/#website\"},\"primaryImageOfPage\":{\"@id\":\"https:\/\/franciscanos.org.br\/noticias\/reliquia-de-sao-benedito-conclui-peregrinacao-no-brasil.html#primaryimage\"},\"datePublished\":\"2024-08-26T19:38:21+00:00\",\"dateModified\":\"2024-08-27T12:53:30+00:00\",\"author\":{\"@id\":\"https:\/\/franciscanos.org.br\/noticias\/#\/schema\/person\/d9422e83121c3ad3b0f423d195f5bb25\"},\"breadcrumb\":{\"@id\":\"https:\/\/franciscanos.org.br\/noticias\/reliquia-de-sao-benedito-conclui-peregrinacao-no-brasil.html#breadcrumb\"},\"inLanguage\":\"pt-BR\",\"potentialAction\":[{\"@type\":\"ReadAction\",\"target\":[\"https:\/\/franciscanos.org.br\/noticias\/reliquia-de-sao-benedito-conclui-peregrinacao-no-brasil.html\"]}]},{\"@type\":\"BreadcrumbList\",\"@id\":\"https:\/\/franciscanos.org.br\/noticias\/reliquia-de-sao-benedito-conclui-peregrinacao-no-brasil.html#breadcrumb\",\"itemListElement\":[{\"@type\":\"ListItem\",\"position\":1,\"name\":\"Home\",\"item\":\"https:\/\/franciscanos.org.br\/noticias\"},{\"@type\":\"ListItem\",\"position\":2,\"name\":\"Rel\u00edquia de S\u00e3o Benedito conclui peregrina\u00e7\u00e3o no Brasil\"}]},{\"@type\":\"Person\",\"@id\":\"https:\/\/franciscanos.org.br\/noticias\/#\/schema\/person\/d9422e83121c3ad3b0f423d195f5bb25\",\"name\":\"Adriana Rabelo\",\"image\":{\"@type\":\"ImageObject\",\"inLanguage\":\"pt-BR\",\"@id\":\"https:\/\/franciscanos.org.br\/noticias\/#\/schema\/person\/image\/\",\"url\":\"https:\/\/secure.gravatar.com\/avatar\/0a937b7500cd7df77540cfb8bede877d?s=96&d=mm&r=g\",\"contentUrl\":\"https:\/\/secure.gravatar.com\/avatar\/0a937b7500cd7df77540cfb8bede877d?s=96&d=mm&r=g\",\"caption\":\"Adriana Rabelo\"},\"url\":\"https:\/\/franciscanos.org.br\/noticias\/author\/adrianarabelo\"}]}<\/script>\n<!-- \/ Yoast SEO plugin. -->","yoast_head_json":{"title":"Rel\u00edquia de S\u00e3o Benedito conclui peregrina\u00e7\u00e3o no Brasil - Not\u00edcias - Franciscanos","robots":{"index":"index","follow":"follow","max-snippet":"max-snippet:-1","max-image-preview":"max-image-preview:large","max-video-preview":"max-video-preview:-1"},"canonical":"https:\/\/franciscanos.org.br\/noticias\/reliquia-de-sao-benedito-conclui-peregrinacao-no-brasil.html","og_locale":"pt_BR","og_type":"article","og_title":"Rel\u00edquia de S\u00e3o Benedito conclui peregrina\u00e7\u00e3o no Brasil - Not\u00edcias - Franciscanos","og_description":"Depois de 15 dias percorrendo diferentes localidades da Prov\u00edncia da Imaculada Concei\u00e7\u00e3o, a rel\u00edquia de S\u00e3o Benedito de Palermo voltou para\u00a0 a It\u00e1lia, no\u00a0 dia 23 de agosto, na Prov\u00edncia do Sant\u00edssimo Nome de Jesus, localizada na Sic\u00edlia. O fragmento do corpo do santo franciscano chegou ao Brasil no dia 8 deste m\u00eas, trazida pelo\u00a0 [&hellip;]","og_url":"https:\/\/franciscanos.org.br\/noticias\/reliquia-de-sao-benedito-conclui-peregrinacao-no-brasil.html","og_site_name":"Not\u00edcias - Franciscanos","article_published_time":"2024-08-26T19:38:21+00:00","article_modified_time":"2024-08-27T12:53:30+00:00","og_image":[{"width":800,"height":550,"url":"https:\/\/franciscanos.org.br\/noticias\/wp-content\/uploads\/2024\/08\/CHAMADA-SITE-4.jpg","type":"image\/jpeg"}],"author":"Adriana Rabelo","twitter_card":"summary_large_image","twitter_misc":{"Escrito por":"Adriana Rabelo","Est. tempo de leitura":"4 minutos"},"schema":{"@context":"https:\/\/schema.org","@graph":[{"@type":"WebSite","@id":"https:\/\/franciscanos.org.br\/noticias\/#website","url":"https:\/\/franciscanos.org.br\/noticias\/","name":"Not\u00edcias - Franciscanos","description":"Prov\u00edncia Franciscana da Imaculada Concei\u00e7\u00e3o do Brasil - Ordem dos Frades Menores - OFM","potentialAction":[{"@type":"SearchAction","target":{"@type":"EntryPoint","urlTemplate":"https:\/\/franciscanos.org.br\/noticias\/?s={search_term_string}"},"query-input":"required name=search_term_string"}],"inLanguage":"pt-BR"},{"@type":"ImageObject","inLanguage":"pt-BR","@id":"https:\/\/franciscanos.org.br\/noticias\/reliquia-de-sao-benedito-conclui-peregrinacao-no-brasil.html#primaryimage","url":"https:\/\/franciscanos.org.br\/noticias\/wp-content\/uploads\/2024\/08\/CHAMADA-SITE-4.jpg","contentUrl":"https:\/\/franciscanos.org.br\/noticias\/wp-content\/uploads\/2024\/08\/CHAMADA-SITE-4.jpg","width":800,"height":550},{"@type":"WebPage","@id":"https:\/\/franciscanos.org.br\/noticias\/reliquia-de-sao-benedito-conclui-peregrinacao-no-brasil.html#webpage","url":"https:\/\/franciscanos.org.br\/noticias\/reliquia-de-sao-benedito-conclui-peregrinacao-no-brasil.html","name":"Rel\u00edquia de S\u00e3o Benedito conclui peregrina\u00e7\u00e3o no Brasil - Not\u00edcias - Franciscanos","isPartOf":{"@id":"https:\/\/franciscanos.org.br\/noticias\/#website"},"primaryImageOfPage":{"@id":"https:\/\/franciscanos.org.br\/noticias\/reliquia-de-sao-benedito-conclui-peregrinacao-no-brasil.html#primaryimage"},"datePublished":"2024-08-26T19:38:21+00:00","dateModified":"2024-08-27T12:53:30+00:00","author":{"@id":"https:\/\/franciscanos.org.br\/noticias\/#\/schema\/person\/d9422e83121c3ad3b0f423d195f5bb25"},"breadcrumb":{"@id":"https:\/\/franciscanos.org.br\/noticias\/reliquia-de-sao-benedito-conclui-peregrinacao-no-brasil.html#breadcrumb"},"inLanguage":"pt-BR","potentialAction":[{"@type":"ReadAction","target":["https:\/\/franciscanos.org.br\/noticias\/reliquia-de-sao-benedito-conclui-peregrinacao-no-brasil.html"]}]},{"@type":"BreadcrumbList","@id":"https:\/\/franciscanos.org.br\/noticias\/reliquia-de-sao-benedito-conclui-peregrinacao-no-brasil.html#breadcrumb","itemListElement":[{"@type":"ListItem","position":1,"name":"Home","item":"https:\/\/franciscanos.org.br\/noticias"},{"@type":"ListItem","position":2,"name":"Rel\u00edquia de S\u00e3o Benedito conclui peregrina\u00e7\u00e3o no Brasil"}]},{"@type":"Person","@id":"https:\/\/franciscanos.org.br\/noticias\/#\/schema\/person\/d9422e83121c3ad3b0f423d195f5bb25","name":"Adriana Rabelo","image":{"@type":"ImageObject","inLanguage":"pt-BR","@id":"https:\/\/franciscanos.org.br\/noticias\/#\/schema\/person\/image\/","url":"https:\/\/secure.gravatar.com\/avatar\/0a937b7500cd7df77540cfb8bede877d?s=96&d=mm&r=g","contentUrl":"https:\/\/secure.gravatar.com\/avatar\/0a937b7500cd7df77540cfb8bede877d?s=96&d=mm&r=g","caption":"Adriana Rabelo"},"url":"https:\/\/franciscanos.org.br\/noticias\/author\/adrianarabelo"}]}},"_links":{"self":[{"href":"https:\/\/franciscanos.org.br\/noticias\/wp-json\/wp\/v2\/posts\/250352"}],"collection":[{"href":"https:\/\/franciscanos.org.br\/noticias\/wp-json\/wp\/v2\/posts"}],"about":[{"href":"https:\/\/franciscanos.org.br\/noticias\/wp-json\/wp\/v2\/types\/post"}],"author":[{"embeddable":true,"href":"https:\/\/franciscanos.org.br\/noticias\/wp-json\/wp\/v2\/users\/11"}],"replies":[{"embeddable":true,"href":"https:\/\/franciscanos.org.br\/noticias\/wp-json\/wp\/v2\/comments?post=250352"}],"version-history":[{"count":5,"href":"https:\/\/franciscanos.org.br\/noticias\/wp-json\/wp\/v2\/posts\/250352\/revisions"}],"predecessor-version":[{"id":250373,"href":"https:\/\/franciscanos.org.br\/noticias\/wp-json\/wp\/v2\/posts\/250352\/revisions\/250373"}],"wp:featuredmedia":[{"embeddable":true,"href":"https:\/\/franciscanos.org.br\/noticias\/wp-json\/wp\/v2\/media\/250353"}],"wp:attachment":[{"href":"https:\/\/franciscanos.org.br\/noticias\/wp-json\/wp\/v2\/media?parent=250352"}],"wp:term":[{"taxonomy":"category","embeddable":true,"href":"https:\/\/franciscanos.org.br\/noticias\/wp-json\/wp\/v2\/categories?post=250352"},{"taxonomy":"post_tag","embeddable":true,"href":"https:\/\/franciscanos.org.br\/noticias\/wp-json\/wp\/v2\/tags?post=250352"}],"curies":[{"name":"wp","href":"https:\/\/api.w.org\/{rel}","templated":true}]}}