{"id":250322,"date":"2024-08-22T12:10:40","date_gmt":"2024-08-22T15:10:40","guid":{"rendered":"https:\/\/franciscanos.org.br\/noticias\/?p=250322"},"modified":"2024-08-23T07:45:36","modified_gmt":"2024-08-23T10:45:36","slug":"provincia-da-imaculada-conceicao-participa-de-encontro-nacional-de-reitores-de-santuarios-no-espirito-santo","status":"publish","type":"post","link":"https:\/\/franciscanos.org.br\/noticias\/provincia-da-imaculada-conceicao-participa-de-encontro-nacional-de-reitores-de-santuarios-no-espirito-santo.html","title":{"rendered":"Prov\u00edncia da Imaculada participa de Encontro Nacional de Reitores de Santu\u00e1rios no Esp\u00edrito Santo"},"content":{"rendered":"<p><img loading=\"lazy\" class=\"aligncenter wp-image-250323 size-full\" src=\"https:\/\/franciscanos.org.br\/noticias\/wp-content\/uploads\/2024\/08\/CHAMADA-9.jpg\" alt=\"\" width=\"1280\" height=\"720\" srcset=\"https:\/\/franciscanos.org.br\/noticias\/wp-content\/uploads\/2024\/08\/CHAMADA-9.jpg 1280w, https:\/\/franciscanos.org.br\/noticias\/wp-content\/uploads\/2024\/08\/CHAMADA-9-450x253.jpg 450w, https:\/\/franciscanos.org.br\/noticias\/wp-content\/uploads\/2024\/08\/CHAMADA-9-1024x576.jpg 1024w, https:\/\/franciscanos.org.br\/noticias\/wp-content\/uploads\/2024\/08\/CHAMADA-9-768x432.jpg 768w, https:\/\/franciscanos.org.br\/noticias\/wp-content\/uploads\/2024\/08\/CHAMADA-9-150x84.jpg 150w\" sizes=\"(max-width: 1280px) 100vw, 1280px\" \/><\/p>\n<p>Com o tema \u201cDa Miseric\u00f3rdia \u00e0 Esperan\u00e7a: Santu\u00e1rios do Brasil a caminho do Ano Jubilar\u201d e o lema b\u00edblico \u201cNa Tua Palavra depositei a minha esperan\u00e7a\u201d (Sl 119,81), teve in\u00edcio na noite da \u00faltima segunda-feira (19), o XXV Encontro Nacional de Reitores de Santu\u00e1rios do Brasil, que neste ano est\u00e1 sendo realizado em Vit\u00f3ria, Esp\u00edrito Santo.<\/p>\n<p>O encontro re\u00fane mais de cem reitores de santu\u00e1rios de v\u00e1rias partes do pa\u00eds. At\u00e9\u00a0 sexta-feira (23\/08), os participantes ir\u00e3o aprofundar discuss\u00f5es sobre a gest\u00e3o dos espa\u00e7os sagrados na atualidade, al\u00e9m de fomentar a partilha de conhecimento e experi\u00eancias. O encontro reflete a import\u00e2ncia de unir os esfor\u00e7os e as pr\u00e1ticas dos santu\u00e1rios brasileiros, promovendo um ambiente de aprendizado m\u00fatuo e fortalecimento da f\u00e9.<\/p>\n\n\t\t<style type=\"text\/css\">\n\t\t\t#gallery-1 {\n\t\t\t\tmargin: auto;\n\t\t\t}\n\t\t\t#gallery-1 .gallery-item {\n\t\t\t\tfloat: left;\n\t\t\t\tmargin-top: 10px;\n\t\t\t\ttext-align: center;\n\t\t\t\twidth: 25%;\n\t\t\t}\n\t\t\t#gallery-1 img {\n\t\t\t\tborder: 2px solid #cfcfcf;\n\t\t\t}\n\t\t\t#gallery-1 .gallery-caption {\n\t\t\t\tmargin-left: 0;\n\t\t\t}\n\t\t\t\/* see gallery_shortcode() in wp-includes\/media.php *\/\n\t\t<\/style>\n\t\t<div id='gallery-1' class='gallery galleryid-250322 gallery-columns-4 gallery-size-medium'><dl class='gallery-item'>\n\t\t\t<dt class='gallery-icon landscape'>\n\t\t\t\t<a href='https:\/\/franciscanos.org.br\/noticias\/wp-content\/uploads\/2024\/08\/Encontro-Nacional-de-Reitores-de-Santuarios-2024-1o-dia-2-1536x1024-1.jpg'><img width=\"450\" height=\"300\" src=\"https:\/\/franciscanos.org.br\/noticias\/wp-content\/uploads\/2024\/08\/Encontro-Nacional-de-Reitores-de-Santuarios-2024-1o-dia-2-1536x1024-1-450x300.jpg\" class=\"attachment-medium size-medium\" alt=\"\" loading=\"lazy\" srcset=\"https:\/\/franciscanos.org.br\/noticias\/wp-content\/uploads\/2024\/08\/Encontro-Nacional-de-Reitores-de-Santuarios-2024-1o-dia-2-1536x1024-1-450x300.jpg 450w, https:\/\/franciscanos.org.br\/noticias\/wp-content\/uploads\/2024\/08\/Encontro-Nacional-de-Reitores-de-Santuarios-2024-1o-dia-2-1536x1024-1-1024x683.jpg 1024w, https:\/\/franciscanos.org.br\/noticias\/wp-content\/uploads\/2024\/08\/Encontro-Nacional-de-Reitores-de-Santuarios-2024-1o-dia-2-1536x1024-1-768x512.jpg 768w, https:\/\/franciscanos.org.br\/noticias\/wp-content\/uploads\/2024\/08\/Encontro-Nacional-de-Reitores-de-Santuarios-2024-1o-dia-2-1536x1024-1-150x100.jpg 150w, https:\/\/franciscanos.org.br\/noticias\/wp-content\/uploads\/2024\/08\/Encontro-Nacional-de-Reitores-de-Santuarios-2024-1o-dia-2-1536x1024-1.jpg 1536w\" sizes=\"(max-width: 450px) 100vw, 450px\" \/><\/a>\n\t\t\t<\/dt><\/dl><dl class='gallery-item'>\n\t\t\t<dt class='gallery-icon landscape'>\n\t\t\t\t<a href='https:\/\/franciscanos.org.br\/noticias\/wp-content\/uploads\/2024\/08\/Encontro-Nacional-de-Reitores-de-Santuarios-2024-1o-dia-4-1536x1024-1.jpg'><img width=\"450\" height=\"300\" src=\"https:\/\/franciscanos.org.br\/noticias\/wp-content\/uploads\/2024\/08\/Encontro-Nacional-de-Reitores-de-Santuarios-2024-1o-dia-4-1536x1024-1-450x300.jpg\" class=\"attachment-medium size-medium\" alt=\"\" loading=\"lazy\" srcset=\"https:\/\/franciscanos.org.br\/noticias\/wp-content\/uploads\/2024\/08\/Encontro-Nacional-de-Reitores-de-Santuarios-2024-1o-dia-4-1536x1024-1-450x300.jpg 450w, https:\/\/franciscanos.org.br\/noticias\/wp-content\/uploads\/2024\/08\/Encontro-Nacional-de-Reitores-de-Santuarios-2024-1o-dia-4-1536x1024-1-1024x683.jpg 1024w, https:\/\/franciscanos.org.br\/noticias\/wp-content\/uploads\/2024\/08\/Encontro-Nacional-de-Reitores-de-Santuarios-2024-1o-dia-4-1536x1024-1-768x512.jpg 768w, https:\/\/franciscanos.org.br\/noticias\/wp-content\/uploads\/2024\/08\/Encontro-Nacional-de-Reitores-de-Santuarios-2024-1o-dia-4-1536x1024-1-150x100.jpg 150w, https:\/\/franciscanos.org.br\/noticias\/wp-content\/uploads\/2024\/08\/Encontro-Nacional-de-Reitores-de-Santuarios-2024-1o-dia-4-1536x1024-1.jpg 1536w\" sizes=\"(max-width: 450px) 100vw, 450px\" \/><\/a>\n\t\t\t<\/dt><\/dl><dl class='gallery-item'>\n\t\t\t<dt class='gallery-icon landscape'>\n\t\t\t\t<a href='https:\/\/franciscanos.org.br\/noticias\/wp-content\/uploads\/2024\/08\/Encontro-Nacional-de-Reitores-de-Santuarios-2024-1o-dia-18-1536x1024-1.jpg'><img width=\"450\" height=\"300\" src=\"https:\/\/franciscanos.org.br\/noticias\/wp-content\/uploads\/2024\/08\/Encontro-Nacional-de-Reitores-de-Santuarios-2024-1o-dia-18-1536x1024-1-450x300.jpg\" class=\"attachment-medium size-medium\" alt=\"\" loading=\"lazy\" srcset=\"https:\/\/franciscanos.org.br\/noticias\/wp-content\/uploads\/2024\/08\/Encontro-Nacional-de-Reitores-de-Santuarios-2024-1o-dia-18-1536x1024-1-450x300.jpg 450w, https:\/\/franciscanos.org.br\/noticias\/wp-content\/uploads\/2024\/08\/Encontro-Nacional-de-Reitores-de-Santuarios-2024-1o-dia-18-1536x1024-1-1024x683.jpg 1024w, https:\/\/franciscanos.org.br\/noticias\/wp-content\/uploads\/2024\/08\/Encontro-Nacional-de-Reitores-de-Santuarios-2024-1o-dia-18-1536x1024-1-768x512.jpg 768w, https:\/\/franciscanos.org.br\/noticias\/wp-content\/uploads\/2024\/08\/Encontro-Nacional-de-Reitores-de-Santuarios-2024-1o-dia-18-1536x1024-1-150x100.jpg 150w, https:\/\/franciscanos.org.br\/noticias\/wp-content\/uploads\/2024\/08\/Encontro-Nacional-de-Reitores-de-Santuarios-2024-1o-dia-18-1536x1024-1.jpg 1536w\" sizes=\"(max-width: 450px) 100vw, 450px\" \/><\/a>\n\t\t\t<\/dt><\/dl><dl class='gallery-item'>\n\t\t\t<dt class='gallery-icon landscape'>\n\t\t\t\t<a href='https:\/\/franciscanos.org.br\/noticias\/wp-content\/uploads\/2024\/08\/Encontro-Nacional-de-Reitores-de-Santuarios-2024-1o-dia-10-1536x1024-1.jpg'><img width=\"450\" height=\"300\" src=\"https:\/\/franciscanos.org.br\/noticias\/wp-content\/uploads\/2024\/08\/Encontro-Nacional-de-Reitores-de-Santuarios-2024-1o-dia-10-1536x1024-1-450x300.jpg\" class=\"attachment-medium size-medium\" alt=\"\" loading=\"lazy\" srcset=\"https:\/\/franciscanos.org.br\/noticias\/wp-content\/uploads\/2024\/08\/Encontro-Nacional-de-Reitores-de-Santuarios-2024-1o-dia-10-1536x1024-1-450x300.jpg 450w, https:\/\/franciscanos.org.br\/noticias\/wp-content\/uploads\/2024\/08\/Encontro-Nacional-de-Reitores-de-Santuarios-2024-1o-dia-10-1536x1024-1-1024x683.jpg 1024w, https:\/\/franciscanos.org.br\/noticias\/wp-content\/uploads\/2024\/08\/Encontro-Nacional-de-Reitores-de-Santuarios-2024-1o-dia-10-1536x1024-1-768x512.jpg 768w, https:\/\/franciscanos.org.br\/noticias\/wp-content\/uploads\/2024\/08\/Encontro-Nacional-de-Reitores-de-Santuarios-2024-1o-dia-10-1536x1024-1-150x100.jpg 150w, https:\/\/franciscanos.org.br\/noticias\/wp-content\/uploads\/2024\/08\/Encontro-Nacional-de-Reitores-de-Santuarios-2024-1o-dia-10-1536x1024-1.jpg 1536w\" sizes=\"(max-width: 450px) 100vw, 450px\" \/><\/a>\n\t\t\t<\/dt><\/dl><br style=\"clear: both\" \/>\n\t\t<\/div>\n\n<p>O anfitri\u00e3o, Frei Djalmo Fuck, Reitor do Convento da Penha, vinculado a Prov\u00edncia Franciscana da Imaculada Concei\u00e7\u00e3o do Brasil, celebrou com alegria a realiza\u00e7\u00e3o deste encontro em terras capixabas. \u201cSantu\u00e1rio, por excel\u00eancia, \u00e9 o lugar da peregrina\u00e7\u00e3o, onde as pessoas acorrem para celebrar sua f\u00e9, para reavivar sua esperan\u00e7a, o dom de ser disc\u00edpulo de Jesus, portanto, ser peregrino \u00e9 pr\u00f3prio daquilo que constitui a alma, a vida dos nossos santu\u00e1rios. Caminhar e celebrar a f\u00e9 neste espa\u00e7o de ora\u00e7\u00e3o. Estamos muito felizes em sediar esse hist\u00f3rico encontro e queremos mostrar a todos a import\u00e2ncia que o Convento da Penha tem para o estado e para o Brasil\u201d, afirmou.<\/p>\n<p>Tamb\u00e9m participam do encontro, Frei Diego Atalino de Melo, da Fraternidade Frei Galv\u00e3o e reitor do Santu\u00e1rio Frei Galv\u00e3o, em Guaratinguet\u00e1 (SP), acompanhado pelo Frei Leandro Costa dos Santos, da mesma localidade; Frei Vit\u00f3rio Mazzuco Filho, da Fraternidade Frei Le\u00e3o, em Itatiba (SP) e palestrante do evento; Frei Roger Brun\u00f3rio, da Fraternidade Santo Ant\u00f4nio, no Rio de Janeiro (RJ), al\u00e9m de frades de outras Prov\u00edncias Franciscanas do pa\u00eds.<\/p>\n<p>O Reitor do Santu\u00e1rio Nacional de Aparecida, Padre Carlos Eduardo Catalfo, C.Ss.R, ressaltou que a miss\u00e3o dos reitores de santu\u00e1rios \u00e9 a acolhida e a evangeliza\u00e7\u00e3o. \u201cA voca\u00e7\u00e3o do santu\u00e1rio \u00e9 acolher, anunciar a Palavra, viver a esperan\u00e7a. A esperan\u00e7a est\u00e1 sempre no cora\u00e7\u00e3o do crist\u00e3o e por isso, estamos aqui para pensar melhor a gest\u00e3o de um santu\u00e1rio, desde a gest\u00e3o, administra\u00e7\u00e3o, campanhas de arrecada\u00e7\u00e3o. A caracter\u00edstica principal deste encontro \u00e9 pensar a organiza\u00e7\u00e3o e acolhimento n\u00e3o apenas nos grandes santu\u00e1rios, mas nos santu\u00e1rios m\u00e9dios e pequenos. Nosso objetivo principal \u00e9 ajudar os pequenos santu\u00e1rios que precisam de ideias, sugest\u00f5es, \u00e9 isso que queremos\u201d.<img loading=\"lazy\" class=\"size-medium wp-image-250330 alignright\" src=\"https:\/\/franciscanos.org.br\/noticias\/wp-content\/uploads\/2024\/08\/Encontro-Nacional-de-Reitores-de-Santuarios-2024-1o-dia-120-1536x1024-1-450x300.jpg\" alt=\"\" width=\"450\" height=\"300\" srcset=\"https:\/\/franciscanos.org.br\/noticias\/wp-content\/uploads\/2024\/08\/Encontro-Nacional-de-Reitores-de-Santuarios-2024-1o-dia-120-1536x1024-1-450x300.jpg 450w, https:\/\/franciscanos.org.br\/noticias\/wp-content\/uploads\/2024\/08\/Encontro-Nacional-de-Reitores-de-Santuarios-2024-1o-dia-120-1536x1024-1-1024x683.jpg 1024w, https:\/\/franciscanos.org.br\/noticias\/wp-content\/uploads\/2024\/08\/Encontro-Nacional-de-Reitores-de-Santuarios-2024-1o-dia-120-1536x1024-1-768x512.jpg 768w, https:\/\/franciscanos.org.br\/noticias\/wp-content\/uploads\/2024\/08\/Encontro-Nacional-de-Reitores-de-Santuarios-2024-1o-dia-120-1536x1024-1-150x100.jpg 150w, https:\/\/franciscanos.org.br\/noticias\/wp-content\/uploads\/2024\/08\/Encontro-Nacional-de-Reitores-de-Santuarios-2024-1o-dia-120-1536x1024-1.jpg 1536w\" sizes=\"(max-width: 450px) 100vw, 450px\" \/><\/p>\n<p>Durante a homilia na Santa Missa de abertura do encontro, o arcebispo de Vit\u00f3ria, Dom Dario Campos, destacou o sentimento das pessoas que visitam santu\u00e1rios. \u201cAs pessoas sempre buscam algo quando se dirigem aos santu\u00e1rios, desde a cura at\u00e9 o pagamento de uma promessa. Esse movimento que ele pode fazer caminhando dias, ou atravessando longas dist\u00e2ncias, entram ajoelhados, motivados por uma chama de f\u00e9 e de esperan\u00e7a. Que nossos santu\u00e1rios continuem sendo espa\u00e7os prop\u00edcios para o encontro profundo com o Senhor, que apresenta a todos o caminho, a maturidade da f\u00e9\u201d.<\/p>\n<p>Num segundo momento do encontro, logo ap\u00f3s o jantar, houve a cerim\u00f4nia de abertura com presen\u00e7a do Governador Renato Casagrande; do presidente da Fecomercio- ES (Federa\u00e7\u00e3o do Com\u00e9rcio de Bens, Servi\u00e7os e Turismo do Esp\u00edrito Santo), Idalberto Moro; e da banda de congo \u201cTambor de Jacaranema\u201d, que trouxe a cultura popular do congo.<\/p>\n<p><strong>2\u00ba Dia do encontro<\/strong><\/p>\n<p>O segundo dia do Encontro Nacional de Reitores de Santu\u00e1rios do Brasil come\u00e7ou com a Celebra\u00e7\u00e3o Eucar\u00edstica presidida pelo Frei Djalmo Fuck e concelebrada pelos mais de cem presb\u00edteros que participam do evento.<\/p>\n<p>Logo ap\u00f3s o caf\u00e9, a primeira palestra do dia foi ministrada pelo professor S\u00e9rgio Alejandro Ribaric com o tema: \u201cFortes no amor. A ida \u00e0 casa do Senhor!\u201d. O palestrante enfatizou a import\u00e2ncia do sacramento da reconcilia\u00e7\u00e3o como uma forma de acolhida. \u201cO sacramento da reconcilia\u00e7\u00e3o \u00e9 de suma import\u00e2ncia principalmente no santu\u00e1rio e a presen\u00e7a mais importante dentro de um santu\u00e1rio, mais prop\u00edcia \u00e0 convers\u00e3o, \u00e9 o lugar onde acontecem as confiss\u00f5es, a reconcilia\u00e7\u00e3o. O peregrino, a pessoa que busca um santu\u00e1rio, ela sente a falta, a presen\u00e7a de Deus, portanto, ele busca a reconcilia\u00e7\u00e3o. \u00c9 o momento onde o homem se ajolha diante de Deus e quer n\u00e3o apenas o perd\u00e3o, mas \u00e9 o momento em que ele encontra a Deus, \u00e9 o momento mais sublime da confiss\u00e3o, quando o padre diz: eu te perdoo em nome do Pai e do Filho e do Esp\u00edrito Santo\u201d, afirmou.<\/p>\n<p>O professor tamb\u00e9m refletiu sobre o tempo que a Igreja vive, em meio \u00e0s prepara\u00e7\u00f5es para o jubileu de 2025. \u201cO encontro do peregrino com Deus se faz no santu\u00e1rio, porque o peregrino est\u00e1 disposto a ir ao santu\u00e1rio se ajoelhar, rezar, encontrar Deus para ouvir Dele um afago na alma, principalmente para aquela dor que ele sente. E o caminhar juntos que prop\u00f5e o jubileu \u00e9 isso, celebrar o encontro\u201d.<img loading=\"lazy\" class=\"size-medium wp-image-250332 alignleft\" src=\"https:\/\/franciscanos.org.br\/noticias\/wp-content\/uploads\/2024\/08\/Encontro-Nacional-de-Reitores-de-Santuarios-2024-20-08-2024-2odia-30-1536x1024-1-450x300.jpg\" alt=\"\" width=\"450\" height=\"300\" srcset=\"https:\/\/franciscanos.org.br\/noticias\/wp-content\/uploads\/2024\/08\/Encontro-Nacional-de-Reitores-de-Santuarios-2024-20-08-2024-2odia-30-1536x1024-1-450x300.jpg 450w, https:\/\/franciscanos.org.br\/noticias\/wp-content\/uploads\/2024\/08\/Encontro-Nacional-de-Reitores-de-Santuarios-2024-20-08-2024-2odia-30-1536x1024-1-1024x683.jpg 1024w, https:\/\/franciscanos.org.br\/noticias\/wp-content\/uploads\/2024\/08\/Encontro-Nacional-de-Reitores-de-Santuarios-2024-20-08-2024-2odia-30-1536x1024-1-768x512.jpg 768w, https:\/\/franciscanos.org.br\/noticias\/wp-content\/uploads\/2024\/08\/Encontro-Nacional-de-Reitores-de-Santuarios-2024-20-08-2024-2odia-30-1536x1024-1-150x100.jpg 150w, https:\/\/franciscanos.org.br\/noticias\/wp-content\/uploads\/2024\/08\/Encontro-Nacional-de-Reitores-de-Santuarios-2024-20-08-2024-2odia-30-1536x1024-1.jpg 1536w\" sizes=\"(max-width: 450px) 100vw, 450px\" \/><\/p>\n<p>Frei Vit\u00f3rio Mazzuco palestrou em seguida, falando sobre \u201ca identidade do Santu\u00e1rio como lugar de acolhida e evangeliza\u00e7\u00e3o sob a \u00f3tica da esperan\u00e7a\u201d. Para ele, \u201co lugar religioso, o santu\u00e1rio \u00e9 o espa\u00e7o sagrado que mostra a unidade espiritual entre o divino e o humano, lugar onde c\u00e9u e terra se encontram, esp\u00edrito e mat\u00e9ria, o lugar celebrativo do \u2018ser religioso\u2019. Ali, a f\u00e9 \u00e9 uma verdade absoluta que transcende o mundo, sem sair do mundo. O santu\u00e1rio \u00e9 o lugar do cuidado do esp\u00edrito. Tamb\u00e9m somos da natureza humano, portanto, precisamos ser profundamente humanos para entendermos o que \u00e9 viver divinamente no mundo e temos uma natureza biol\u00f3gia, isto \u00e9, estar ao lado da vida\u201d, destacou.<\/p>\n<p>\u201cO Ano Santo da Esperan\u00e7a quer mostrar aos fi\u00e9is que esperan\u00e7a \u00e9 o princ\u00edpio da f\u00e9. O melhor modo de acolher \u00e9 acreditar na pessoa. Deus tem uma f\u00e9 profunda na pessoa porque nos ama incondicionalmente, ent\u00e3o o melhor modo do santu\u00e1rio se se preparar \u00e9 falar do ano santo, \u2013 aquilo que n\u00e3o \u00e9 falado n\u00e3o existe, o que n\u00e3o se apresenta, n\u00e3o se sabe o que \u00e9 -, e que se fale muito da esperan\u00e7a e o Papa Francisco pediu que este ano de prepara\u00e7\u00e3o fosse o ano da ora\u00e7\u00e3o. O fiel que visita um santu\u00e1rio quer se sentir filho e filha de Deus, quer ser acolhido como um lugar da esperan\u00e7a\u201d, contextualizou Frei Vit\u00f3rio.<\/p>\n\n\t\t<style type=\"text\/css\">\n\t\t\t#gallery-2 {\n\t\t\t\tmargin: auto;\n\t\t\t}\n\t\t\t#gallery-2 .gallery-item {\n\t\t\t\tfloat: left;\n\t\t\t\tmargin-top: 10px;\n\t\t\t\ttext-align: center;\n\t\t\t\twidth: 25%;\n\t\t\t}\n\t\t\t#gallery-2 img {\n\t\t\t\tborder: 2px solid #cfcfcf;\n\t\t\t}\n\t\t\t#gallery-2 .gallery-caption {\n\t\t\t\tmargin-left: 0;\n\t\t\t}\n\t\t\t\/* see gallery_shortcode() in wp-includes\/media.php *\/\n\t\t<\/style>\n\t\t<div id='gallery-2' class='gallery galleryid-250322 gallery-columns-4 gallery-size-medium'><dl class='gallery-item'>\n\t\t\t<dt class='gallery-icon landscape'>\n\t\t\t\t<a href='https:\/\/franciscanos.org.br\/noticias\/wp-content\/uploads\/2024\/08\/Encontro-Nacional-de-Reitores-de-Santuarios-2024-20-08-2024-2odia-17-1536x1024-1.jpg'><img width=\"450\" height=\"300\" src=\"https:\/\/franciscanos.org.br\/noticias\/wp-content\/uploads\/2024\/08\/Encontro-Nacional-de-Reitores-de-Santuarios-2024-20-08-2024-2odia-17-1536x1024-1-450x300.jpg\" class=\"attachment-medium size-medium\" alt=\"\" loading=\"lazy\" srcset=\"https:\/\/franciscanos.org.br\/noticias\/wp-content\/uploads\/2024\/08\/Encontro-Nacional-de-Reitores-de-Santuarios-2024-20-08-2024-2odia-17-1536x1024-1-450x300.jpg 450w, https:\/\/franciscanos.org.br\/noticias\/wp-content\/uploads\/2024\/08\/Encontro-Nacional-de-Reitores-de-Santuarios-2024-20-08-2024-2odia-17-1536x1024-1-1024x683.jpg 1024w, https:\/\/franciscanos.org.br\/noticias\/wp-content\/uploads\/2024\/08\/Encontro-Nacional-de-Reitores-de-Santuarios-2024-20-08-2024-2odia-17-1536x1024-1-768x512.jpg 768w, https:\/\/franciscanos.org.br\/noticias\/wp-content\/uploads\/2024\/08\/Encontro-Nacional-de-Reitores-de-Santuarios-2024-20-08-2024-2odia-17-1536x1024-1-150x100.jpg 150w, https:\/\/franciscanos.org.br\/noticias\/wp-content\/uploads\/2024\/08\/Encontro-Nacional-de-Reitores-de-Santuarios-2024-20-08-2024-2odia-17-1536x1024-1.jpg 1536w\" sizes=\"(max-width: 450px) 100vw, 450px\" \/><\/a>\n\t\t\t<\/dt><\/dl><dl class='gallery-item'>\n\t\t\t<dt class='gallery-icon landscape'>\n\t\t\t\t<a href='https:\/\/franciscanos.org.br\/noticias\/wp-content\/uploads\/2024\/08\/Encontro-Nacional-de-Reitores-de-Santuarios-2024-20-08-2024-2odia-46-1536x1024-1.jpg'><img width=\"450\" height=\"300\" src=\"https:\/\/franciscanos.org.br\/noticias\/wp-content\/uploads\/2024\/08\/Encontro-Nacional-de-Reitores-de-Santuarios-2024-20-08-2024-2odia-46-1536x1024-1-450x300.jpg\" class=\"attachment-medium size-medium\" alt=\"\" loading=\"lazy\" srcset=\"https:\/\/franciscanos.org.br\/noticias\/wp-content\/uploads\/2024\/08\/Encontro-Nacional-de-Reitores-de-Santuarios-2024-20-08-2024-2odia-46-1536x1024-1-450x300.jpg 450w, https:\/\/franciscanos.org.br\/noticias\/wp-content\/uploads\/2024\/08\/Encontro-Nacional-de-Reitores-de-Santuarios-2024-20-08-2024-2odia-46-1536x1024-1-1024x683.jpg 1024w, https:\/\/franciscanos.org.br\/noticias\/wp-content\/uploads\/2024\/08\/Encontro-Nacional-de-Reitores-de-Santuarios-2024-20-08-2024-2odia-46-1536x1024-1-768x512.jpg 768w, https:\/\/franciscanos.org.br\/noticias\/wp-content\/uploads\/2024\/08\/Encontro-Nacional-de-Reitores-de-Santuarios-2024-20-08-2024-2odia-46-1536x1024-1-150x100.jpg 150w, https:\/\/franciscanos.org.br\/noticias\/wp-content\/uploads\/2024\/08\/Encontro-Nacional-de-Reitores-de-Santuarios-2024-20-08-2024-2odia-46-1536x1024-1.jpg 1536w\" sizes=\"(max-width: 450px) 100vw, 450px\" \/><\/a>\n\t\t\t<\/dt><\/dl><dl class='gallery-item'>\n\t\t\t<dt class='gallery-icon landscape'>\n\t\t\t\t<a href='https:\/\/franciscanos.org.br\/noticias\/wp-content\/uploads\/2024\/08\/Encontro-Nacional-de-Reitores-de-Santuarios-2024-20-08-2024-2odia-22-1536x1024-1.jpg'><img width=\"450\" height=\"300\" src=\"https:\/\/franciscanos.org.br\/noticias\/wp-content\/uploads\/2024\/08\/Encontro-Nacional-de-Reitores-de-Santuarios-2024-20-08-2024-2odia-22-1536x1024-1-450x300.jpg\" class=\"attachment-medium size-medium\" alt=\"\" loading=\"lazy\" srcset=\"https:\/\/franciscanos.org.br\/noticias\/wp-content\/uploads\/2024\/08\/Encontro-Nacional-de-Reitores-de-Santuarios-2024-20-08-2024-2odia-22-1536x1024-1-450x300.jpg 450w, https:\/\/franciscanos.org.br\/noticias\/wp-content\/uploads\/2024\/08\/Encontro-Nacional-de-Reitores-de-Santuarios-2024-20-08-2024-2odia-22-1536x1024-1-1024x683.jpg 1024w, https:\/\/franciscanos.org.br\/noticias\/wp-content\/uploads\/2024\/08\/Encontro-Nacional-de-Reitores-de-Santuarios-2024-20-08-2024-2odia-22-1536x1024-1-768x512.jpg 768w, https:\/\/franciscanos.org.br\/noticias\/wp-content\/uploads\/2024\/08\/Encontro-Nacional-de-Reitores-de-Santuarios-2024-20-08-2024-2odia-22-1536x1024-1-150x100.jpg 150w, https:\/\/franciscanos.org.br\/noticias\/wp-content\/uploads\/2024\/08\/Encontro-Nacional-de-Reitores-de-Santuarios-2024-20-08-2024-2odia-22-1536x1024-1.jpg 1536w\" sizes=\"(max-width: 450px) 100vw, 450px\" \/><\/a>\n\t\t\t<\/dt><\/dl><dl class='gallery-item'>\n\t\t\t<dt class='gallery-icon landscape'>\n\t\t\t\t<a href='https:\/\/franciscanos.org.br\/noticias\/wp-content\/uploads\/2024\/08\/Encontro-Nacional-de-Reitores-de-Santuarios-2024-20-08-2024-2odia-15-1536x1024-2.jpg'><img width=\"450\" height=\"300\" src=\"https:\/\/franciscanos.org.br\/noticias\/wp-content\/uploads\/2024\/08\/Encontro-Nacional-de-Reitores-de-Santuarios-2024-20-08-2024-2odia-15-1536x1024-2-450x300.jpg\" class=\"attachment-medium size-medium\" alt=\"\" loading=\"lazy\" srcset=\"https:\/\/franciscanos.org.br\/noticias\/wp-content\/uploads\/2024\/08\/Encontro-Nacional-de-Reitores-de-Santuarios-2024-20-08-2024-2odia-15-1536x1024-2-450x300.jpg 450w, https:\/\/franciscanos.org.br\/noticias\/wp-content\/uploads\/2024\/08\/Encontro-Nacional-de-Reitores-de-Santuarios-2024-20-08-2024-2odia-15-1536x1024-2-1024x683.jpg 1024w, https:\/\/franciscanos.org.br\/noticias\/wp-content\/uploads\/2024\/08\/Encontro-Nacional-de-Reitores-de-Santuarios-2024-20-08-2024-2odia-15-1536x1024-2-768x512.jpg 768w, https:\/\/franciscanos.org.br\/noticias\/wp-content\/uploads\/2024\/08\/Encontro-Nacional-de-Reitores-de-Santuarios-2024-20-08-2024-2odia-15-1536x1024-2-150x100.jpg 150w, https:\/\/franciscanos.org.br\/noticias\/wp-content\/uploads\/2024\/08\/Encontro-Nacional-de-Reitores-de-Santuarios-2024-20-08-2024-2odia-15-1536x1024-2.jpg 1536w\" sizes=\"(max-width: 450px) 100vw, 450px\" \/><\/a>\n\t\t\t<\/dt><\/dl><br style=\"clear: both\" \/>\n\t\t<\/div>\n\n<p>\u00c0 tarde houve uma mesa redonda com apresenta\u00e7\u00e3o de considera\u00e7\u00f5es e questionamentos. Alguns participantes destacaram as reflex\u00f5es a partir do tema principal: \u201cDa Miseric\u00f3rdia \u00e0 Esperan\u00e7a: Santu\u00e1rios do Brasil a caminho do Ano Jubilar\u201d.<\/p>\n<hr \/>\n<p>Cristian Oliveira- Assessoria de Comunica\u00e7\u00e3o Convento da Penha<\/p>\n<p>Adriana Rabelo<\/p>\n","protected":false},"excerpt":{"rendered":"<p>Evento ser\u00e1 encerrado na sexta-feira,  23 de agosto<\/p>\n","protected":false},"author":11,"featured_media":250324,"comment_status":"open","ping_status":"open","sticky":false,"template":"","format":"standard","meta":[],"categories":[1],"tags":[248,2239],"acf":[],"yoast_head":"<!-- This site is optimized with the Yoast SEO plugin v19.2 - https:\/\/yoast.com\/wordpress\/plugins\/seo\/ -->\n<title>Prov\u00edncia da Imaculada participa de Encontro Nacional de Reitores de Santu\u00e1rios no Esp\u00edrito Santo - Not\u00edcias - Franciscanos<\/title>\n<meta name=\"robots\" content=\"index, follow, max-snippet:-1, max-image-preview:large, max-video-preview:-1\" \/>\n<link rel=\"canonical\" href=\"https:\/\/franciscanos.org.br\/noticias\/provincia-da-imaculada-conceicao-participa-de-encontro-nacional-de-reitores-de-santuarios-no-espirito-santo.html\" \/>\n<meta property=\"og:locale\" content=\"pt_BR\" \/>\n<meta property=\"og:type\" content=\"article\" \/>\n<meta property=\"og:title\" content=\"Prov\u00edncia da Imaculada participa de Encontro Nacional de Reitores de Santu\u00e1rios no Esp\u00edrito Santo - Not\u00edcias - Franciscanos\" \/>\n<meta property=\"og:description\" content=\"Evento ser\u00e1 encerrado na sexta-feira, 23 de agosto\" \/>\n<meta property=\"og:url\" content=\"https:\/\/franciscanos.org.br\/noticias\/provincia-da-imaculada-conceicao-participa-de-encontro-nacional-de-reitores-de-santuarios-no-espirito-santo.html\" \/>\n<meta property=\"og:site_name\" content=\"Not\u00edcias - Franciscanos\" \/>\n<meta property=\"article:published_time\" content=\"2024-08-22T15:10:40+00:00\" \/>\n<meta property=\"article:modified_time\" content=\"2024-08-23T10:45:36+00:00\" \/>\n<meta property=\"og:image\" content=\"https:\/\/franciscanos.org.br\/noticias\/wp-content\/uploads\/2024\/08\/CHAMADA-2-1.jpg\" \/>\n\t<meta property=\"og:image:width\" content=\"800\" \/>\n\t<meta property=\"og:image:height\" content=\"550\" \/>\n\t<meta property=\"og:image:type\" content=\"image\/jpeg\" \/>\n<meta name=\"author\" content=\"Adriana Rabelo\" \/>\n<meta name=\"twitter:card\" content=\"summary_large_image\" \/>\n<meta name=\"twitter:label1\" content=\"Escrito por\" \/>\n\t<meta name=\"twitter:data1\" content=\"Adriana Rabelo\" \/>\n\t<meta name=\"twitter:label2\" content=\"Est. tempo de leitura\" \/>\n\t<meta name=\"twitter:data2\" content=\"6 minutos\" \/>\n<script type=\"application\/ld+json\" class=\"yoast-schema-graph\">{\"@context\":\"https:\/\/schema.org\",\"@graph\":[{\"@type\":\"WebSite\",\"@id\":\"https:\/\/franciscanos.org.br\/noticias\/#website\",\"url\":\"https:\/\/franciscanos.org.br\/noticias\/\",\"name\":\"Not\u00edcias - Franciscanos\",\"description\":\"Prov\u00edncia Franciscana da Imaculada Concei\u00e7\u00e3o do Brasil - Ordem dos Frades Menores - OFM\",\"potentialAction\":[{\"@type\":\"SearchAction\",\"target\":{\"@type\":\"EntryPoint\",\"urlTemplate\":\"https:\/\/franciscanos.org.br\/noticias\/?s={search_term_string}\"},\"query-input\":\"required name=search_term_string\"}],\"inLanguage\":\"pt-BR\"},{\"@type\":\"ImageObject\",\"inLanguage\":\"pt-BR\",\"@id\":\"https:\/\/franciscanos.org.br\/noticias\/provincia-da-imaculada-conceicao-participa-de-encontro-nacional-de-reitores-de-santuarios-no-espirito-santo.html#primaryimage\",\"url\":\"https:\/\/franciscanos.org.br\/noticias\/wp-content\/uploads\/2024\/08\/CHAMADA-2-1.jpg\",\"contentUrl\":\"https:\/\/franciscanos.org.br\/noticias\/wp-content\/uploads\/2024\/08\/CHAMADA-2-1.jpg\",\"width\":800,\"height\":550},{\"@type\":\"WebPage\",\"@id\":\"https:\/\/franciscanos.org.br\/noticias\/provincia-da-imaculada-conceicao-participa-de-encontro-nacional-de-reitores-de-santuarios-no-espirito-santo.html#webpage\",\"url\":\"https:\/\/franciscanos.org.br\/noticias\/provincia-da-imaculada-conceicao-participa-de-encontro-nacional-de-reitores-de-santuarios-no-espirito-santo.html\",\"name\":\"Prov\u00edncia da Imaculada participa de Encontro Nacional de Reitores de Santu\u00e1rios no Esp\u00edrito Santo - Not\u00edcias - Franciscanos\",\"isPartOf\":{\"@id\":\"https:\/\/franciscanos.org.br\/noticias\/#website\"},\"primaryImageOfPage\":{\"@id\":\"https:\/\/franciscanos.org.br\/noticias\/provincia-da-imaculada-conceicao-participa-de-encontro-nacional-de-reitores-de-santuarios-no-espirito-santo.html#primaryimage\"},\"datePublished\":\"2024-08-22T15:10:40+00:00\",\"dateModified\":\"2024-08-23T10:45:36+00:00\",\"author\":{\"@id\":\"https:\/\/franciscanos.org.br\/noticias\/#\/schema\/person\/d9422e83121c3ad3b0f423d195f5bb25\"},\"breadcrumb\":{\"@id\":\"https:\/\/franciscanos.org.br\/noticias\/provincia-da-imaculada-conceicao-participa-de-encontro-nacional-de-reitores-de-santuarios-no-espirito-santo.html#breadcrumb\"},\"inLanguage\":\"pt-BR\",\"potentialAction\":[{\"@type\":\"ReadAction\",\"target\":[\"https:\/\/franciscanos.org.br\/noticias\/provincia-da-imaculada-conceicao-participa-de-encontro-nacional-de-reitores-de-santuarios-no-espirito-santo.html\"]}]},{\"@type\":\"BreadcrumbList\",\"@id\":\"https:\/\/franciscanos.org.br\/noticias\/provincia-da-imaculada-conceicao-participa-de-encontro-nacional-de-reitores-de-santuarios-no-espirito-santo.html#breadcrumb\",\"itemListElement\":[{\"@type\":\"ListItem\",\"position\":1,\"name\":\"Home\",\"item\":\"https:\/\/franciscanos.org.br\/noticias\"},{\"@type\":\"ListItem\",\"position\":2,\"name\":\"Prov\u00edncia da Imaculada participa de Encontro Nacional de Reitores de Santu\u00e1rios no Esp\u00edrito Santo\"}]},{\"@type\":\"Person\",\"@id\":\"https:\/\/franciscanos.org.br\/noticias\/#\/schema\/person\/d9422e83121c3ad3b0f423d195f5bb25\",\"name\":\"Adriana Rabelo\",\"image\":{\"@type\":\"ImageObject\",\"inLanguage\":\"pt-BR\",\"@id\":\"https:\/\/franciscanos.org.br\/noticias\/#\/schema\/person\/image\/\",\"url\":\"https:\/\/secure.gravatar.com\/avatar\/0a937b7500cd7df77540cfb8bede877d?s=96&d=mm&r=g\",\"contentUrl\":\"https:\/\/secure.gravatar.com\/avatar\/0a937b7500cd7df77540cfb8bede877d?s=96&d=mm&r=g\",\"caption\":\"Adriana Rabelo\"},\"url\":\"https:\/\/franciscanos.org.br\/noticias\/author\/adrianarabelo\"}]}<\/script>\n<!-- \/ Yoast SEO plugin. -->","yoast_head_json":{"title":"Prov\u00edncia da Imaculada participa de Encontro Nacional de Reitores de Santu\u00e1rios no Esp\u00edrito Santo - Not\u00edcias - Franciscanos","robots":{"index":"index","follow":"follow","max-snippet":"max-snippet:-1","max-image-preview":"max-image-preview:large","max-video-preview":"max-video-preview:-1"},"canonical":"https:\/\/franciscanos.org.br\/noticias\/provincia-da-imaculada-conceicao-participa-de-encontro-nacional-de-reitores-de-santuarios-no-espirito-santo.html","og_locale":"pt_BR","og_type":"article","og_title":"Prov\u00edncia da Imaculada participa de Encontro Nacional de Reitores de Santu\u00e1rios no Esp\u00edrito Santo - Not\u00edcias - Franciscanos","og_description":"Evento ser\u00e1 encerrado na sexta-feira, 23 de agosto","og_url":"https:\/\/franciscanos.org.br\/noticias\/provincia-da-imaculada-conceicao-participa-de-encontro-nacional-de-reitores-de-santuarios-no-espirito-santo.html","og_site_name":"Not\u00edcias - Franciscanos","article_published_time":"2024-08-22T15:10:40+00:00","article_modified_time":"2024-08-23T10:45:36+00:00","og_image":[{"width":800,"height":550,"url":"https:\/\/franciscanos.org.br\/noticias\/wp-content\/uploads\/2024\/08\/CHAMADA-2-1.jpg","type":"image\/jpeg"}],"author":"Adriana Rabelo","twitter_card":"summary_large_image","twitter_misc":{"Escrito por":"Adriana Rabelo","Est. tempo de leitura":"6 minutos"},"schema":{"@context":"https:\/\/schema.org","@graph":[{"@type":"WebSite","@id":"https:\/\/franciscanos.org.br\/noticias\/#website","url":"https:\/\/franciscanos.org.br\/noticias\/","name":"Not\u00edcias - Franciscanos","description":"Prov\u00edncia Franciscana da Imaculada Concei\u00e7\u00e3o do Brasil - Ordem dos Frades Menores - OFM","potentialAction":[{"@type":"SearchAction","target":{"@type":"EntryPoint","urlTemplate":"https:\/\/franciscanos.org.br\/noticias\/?s={search_term_string}"},"query-input":"required name=search_term_string"}],"inLanguage":"pt-BR"},{"@type":"ImageObject","inLanguage":"pt-BR","@id":"https:\/\/franciscanos.org.br\/noticias\/provincia-da-imaculada-conceicao-participa-de-encontro-nacional-de-reitores-de-santuarios-no-espirito-santo.html#primaryimage","url":"https:\/\/franciscanos.org.br\/noticias\/wp-content\/uploads\/2024\/08\/CHAMADA-2-1.jpg","contentUrl":"https:\/\/franciscanos.org.br\/noticias\/wp-content\/uploads\/2024\/08\/CHAMADA-2-1.jpg","width":800,"height":550},{"@type":"WebPage","@id":"https:\/\/franciscanos.org.br\/noticias\/provincia-da-imaculada-conceicao-participa-de-encontro-nacional-de-reitores-de-santuarios-no-espirito-santo.html#webpage","url":"https:\/\/franciscanos.org.br\/noticias\/provincia-da-imaculada-conceicao-participa-de-encontro-nacional-de-reitores-de-santuarios-no-espirito-santo.html","name":"Prov\u00edncia da Imaculada participa de Encontro Nacional de Reitores de Santu\u00e1rios no Esp\u00edrito Santo - Not\u00edcias - Franciscanos","isPartOf":{"@id":"https:\/\/franciscanos.org.br\/noticias\/#website"},"primaryImageOfPage":{"@id":"https:\/\/franciscanos.org.br\/noticias\/provincia-da-imaculada-conceicao-participa-de-encontro-nacional-de-reitores-de-santuarios-no-espirito-santo.html#primaryimage"},"datePublished":"2024-08-22T15:10:40+00:00","dateModified":"2024-08-23T10:45:36+00:00","author":{"@id":"https:\/\/franciscanos.org.br\/noticias\/#\/schema\/person\/d9422e83121c3ad3b0f423d195f5bb25"},"breadcrumb":{"@id":"https:\/\/franciscanos.org.br\/noticias\/provincia-da-imaculada-conceicao-participa-de-encontro-nacional-de-reitores-de-santuarios-no-espirito-santo.html#breadcrumb"},"inLanguage":"pt-BR","potentialAction":[{"@type":"ReadAction","target":["https:\/\/franciscanos.org.br\/noticias\/provincia-da-imaculada-conceicao-participa-de-encontro-nacional-de-reitores-de-santuarios-no-espirito-santo.html"]}]},{"@type":"BreadcrumbList","@id":"https:\/\/franciscanos.org.br\/noticias\/provincia-da-imaculada-conceicao-participa-de-encontro-nacional-de-reitores-de-santuarios-no-espirito-santo.html#breadcrumb","itemListElement":[{"@type":"ListItem","position":1,"name":"Home","item":"https:\/\/franciscanos.org.br\/noticias"},{"@type":"ListItem","position":2,"name":"Prov\u00edncia da Imaculada participa de Encontro Nacional de Reitores de Santu\u00e1rios no Esp\u00edrito Santo"}]},{"@type":"Person","@id":"https:\/\/franciscanos.org.br\/noticias\/#\/schema\/person\/d9422e83121c3ad3b0f423d195f5bb25","name":"Adriana Rabelo","image":{"@type":"ImageObject","inLanguage":"pt-BR","@id":"https:\/\/franciscanos.org.br\/noticias\/#\/schema\/person\/image\/","url":"https:\/\/secure.gravatar.com\/avatar\/0a937b7500cd7df77540cfb8bede877d?s=96&d=mm&r=g","contentUrl":"https:\/\/secure.gravatar.com\/avatar\/0a937b7500cd7df77540cfb8bede877d?s=96&d=mm&r=g","caption":"Adriana Rabelo"},"url":"https:\/\/franciscanos.org.br\/noticias\/author\/adrianarabelo"}]}},"_links":{"self":[{"href":"https:\/\/franciscanos.org.br\/noticias\/wp-json\/wp\/v2\/posts\/250322"}],"collection":[{"href":"https:\/\/franciscanos.org.br\/noticias\/wp-json\/wp\/v2\/posts"}],"about":[{"href":"https:\/\/franciscanos.org.br\/noticias\/wp-json\/wp\/v2\/types\/post"}],"author":[{"embeddable":true,"href":"https:\/\/franciscanos.org.br\/noticias\/wp-json\/wp\/v2\/users\/11"}],"replies":[{"embeddable":true,"href":"https:\/\/franciscanos.org.br\/noticias\/wp-json\/wp\/v2\/comments?post=250322"}],"version-history":[{"count":7,"href":"https:\/\/franciscanos.org.br\/noticias\/wp-json\/wp\/v2\/posts\/250322\/revisions"}],"predecessor-version":[{"id":250344,"href":"https:\/\/franciscanos.org.br\/noticias\/wp-json\/wp\/v2\/posts\/250322\/revisions\/250344"}],"wp:featuredmedia":[{"embeddable":true,"href":"https:\/\/franciscanos.org.br\/noticias\/wp-json\/wp\/v2\/media\/250324"}],"wp:attachment":[{"href":"https:\/\/franciscanos.org.br\/noticias\/wp-json\/wp\/v2\/media?parent=250322"}],"wp:term":[{"taxonomy":"category","embeddable":true,"href":"https:\/\/franciscanos.org.br\/noticias\/wp-json\/wp\/v2\/categories?post=250322"},{"taxonomy":"post_tag","embeddable":true,"href":"https:\/\/franciscanos.org.br\/noticias\/wp-json\/wp\/v2\/tags?post=250322"}],"curies":[{"name":"wp","href":"https:\/\/api.w.org\/{rel}","templated":true}]}}