{"id":250306,"date":"2024-08-21T11:42:20","date_gmt":"2024-08-21T14:42:20","guid":{"rendered":"https:\/\/franciscanos.org.br\/noticias\/?p=250306"},"modified":"2024-08-21T11:44:18","modified_gmt":"2024-08-21T14:44:18","slug":"capao-bonito-em-sao-paulo-recebe-a-primeira-visita-missionaria-dos-frades-franciscanos","status":"publish","type":"post","link":"https:\/\/franciscanos.org.br\/noticias\/capao-bonito-em-sao-paulo-recebe-a-primeira-visita-missionaria-dos-frades-franciscanos.html","title":{"rendered":"Cap\u00e3o Bonito, em S\u00e3o Paulo, recebe\u00a0 a primeira visita mission\u00e1ria dos frades franciscanos"},"content":{"rendered":"<p><img loading=\"lazy\" class=\"aligncenter wp-image-250307 size-full\" src=\"https:\/\/franciscanos.org.br\/noticias\/wp-content\/uploads\/2024\/08\/MATERIA-18.jpg\" alt=\"\" width=\"1280\" height=\"720\" srcset=\"https:\/\/franciscanos.org.br\/noticias\/wp-content\/uploads\/2024\/08\/MATERIA-18.jpg 1280w, https:\/\/franciscanos.org.br\/noticias\/wp-content\/uploads\/2024\/08\/MATERIA-18-450x253.jpg 450w, https:\/\/franciscanos.org.br\/noticias\/wp-content\/uploads\/2024\/08\/MATERIA-18-1024x576.jpg 1024w, https:\/\/franciscanos.org.br\/noticias\/wp-content\/uploads\/2024\/08\/MATERIA-18-768x432.jpg 768w, https:\/\/franciscanos.org.br\/noticias\/wp-content\/uploads\/2024\/08\/MATERIA-18-150x84.jpg 150w\" sizes=\"(max-width: 1280px) 100vw, 1280px\" \/><\/p>\n<p>Entre os dias 7 e 14 de agosto, em comemora\u00e7\u00e3o ao m\u00eas vocacional, ocorreu uma miss\u00e3o vocacional franciscana na cidade de Cap\u00e3o Bonito,\u00a0 interior de S\u00e3o Paulo. Participaram dessa miss\u00e3o Frei Je\u00e2 Paulo Andrade, Frei Cristian Lopes e Frei Felipe Noronha, do primeiro ano de Profiss\u00e3o Tempor\u00e1ria, al\u00e9m das Irm\u00e3s Claudete e Leila Aparecida, da Congrega\u00e7\u00e3o Franciscana de Nossa Senhora de F\u00e1tima.<\/p>\n<p>A cidade de Cap\u00e3o Bonito recebeu pela primeira vez a visita dos franciscanos, mais especificamente na Par\u00f3quia Nossa Senhora da Concei\u00e7\u00e3o. Uma das comunidades da par\u00f3quia tem S\u00e3o Francisco de Assis como santo padroeiro, o que proporcionou um forte apelo carism\u00e1tico franciscano. A maioria das a\u00e7\u00f5es mission\u00e1rias se concentraram nessa comunidade.<\/p>\n<p>Durante os dias de miss\u00e3o, foram realizadas numerosas visitas aos enfermos e fi\u00e9is da comunidade. Enquanto os freis e irm\u00e3s visitavam as casas, um grupo de leigos da comunidade preparava o almo\u00e7o, e outros faziam intercess\u00e3o diante do Sant\u00edssimo Sacramento. Na comunidade, foram celebradas missas e outras celebra\u00e7\u00f5es franciscanas, al\u00e9m do ter\u00e7o vocacional, que contou com a participa\u00e7\u00e3o entusiasta de todo o povo, enchendo as noites de ora\u00e7\u00e3o, de beleza e f\u00e9.<\/p>\n<p>No s\u00e1bado e domingo, os mission\u00e1rios realizaram visitas \u00e0s turmas de catequese para falar sobre o carisma e a hist\u00f3ria franciscana, al\u00e9m de promover um encontro com a juventude paroquial. Na segunda-feira, dia 12, al\u00e9m das visitas \u00e0s casas, foi realizada uma visita \u00e0 escola do bairro Vila Maria e a um abrigo que acolhe a popula\u00e7\u00e3o de rua da cidade, a\u00e7\u00f5es que se mostraram muito proveitosas para todos os envolvidos.<\/p>\n\n\t\t<style type=\"text\/css\">\n\t\t\t#gallery-1 {\n\t\t\t\tmargin: auto;\n\t\t\t}\n\t\t\t#gallery-1 .gallery-item {\n\t\t\t\tfloat: left;\n\t\t\t\tmargin-top: 10px;\n\t\t\t\ttext-align: center;\n\t\t\t\twidth: 33%;\n\t\t\t}\n\t\t\t#gallery-1 img {\n\t\t\t\tborder: 2px solid #cfcfcf;\n\t\t\t}\n\t\t\t#gallery-1 .gallery-caption {\n\t\t\t\tmargin-left: 0;\n\t\t\t}\n\t\t\t\/* see gallery_shortcode() in wp-includes\/media.php *\/\n\t\t<\/style>\n\t\t<div id='gallery-1' class='gallery galleryid-250306 gallery-columns-3 gallery-size-thumbnail'><dl class='gallery-item'>\n\t\t\t<dt class='gallery-icon landscape'>\n\t\t\t\t<a href='https:\/\/franciscanos.org.br\/noticias\/wp-content\/uploads\/2024\/08\/IMG_20240820_114134-1.jpg'><img width=\"300\" height=\"300\" src=\"https:\/\/franciscanos.org.br\/noticias\/wp-content\/uploads\/2024\/08\/IMG_20240820_114134-1-300x300.jpg\" class=\"attachment-thumbnail size-thumbnail\" alt=\"\" loading=\"lazy\" srcset=\"https:\/\/franciscanos.org.br\/noticias\/wp-content\/uploads\/2024\/08\/IMG_20240820_114134-1-300x300.jpg 300w, https:\/\/franciscanos.org.br\/noticias\/wp-content\/uploads\/2024\/08\/IMG_20240820_114134-1-100x100.jpg 100w\" sizes=\"(max-width: 300px) 100vw, 300px\" \/><\/a>\n\t\t\t<\/dt><\/dl><dl class='gallery-item'>\n\t\t\t<dt class='gallery-icon landscape'>\n\t\t\t\t<a href='https:\/\/franciscanos.org.br\/noticias\/wp-content\/uploads\/2024\/08\/IMG20240812104344-scaled.jpg'><img width=\"300\" height=\"300\" src=\"https:\/\/franciscanos.org.br\/noticias\/wp-content\/uploads\/2024\/08\/IMG20240812104344-300x300.jpg\" class=\"attachment-thumbnail size-thumbnail\" alt=\"\" loading=\"lazy\" srcset=\"https:\/\/franciscanos.org.br\/noticias\/wp-content\/uploads\/2024\/08\/IMG20240812104344-300x300.jpg 300w, https:\/\/franciscanos.org.br\/noticias\/wp-content\/uploads\/2024\/08\/IMG20240812104344-100x100.jpg 100w\" sizes=\"(max-width: 300px) 100vw, 300px\" \/><\/a>\n\t\t\t<\/dt><\/dl><dl class='gallery-item'>\n\t\t\t<dt class='gallery-icon landscape'>\n\t\t\t\t<a href='https:\/\/franciscanos.org.br\/noticias\/wp-content\/uploads\/2024\/08\/IMG_20240820_113936.jpg'><img width=\"300\" height=\"300\" src=\"https:\/\/franciscanos.org.br\/noticias\/wp-content\/uploads\/2024\/08\/IMG_20240820_113936-300x300.jpg\" class=\"attachment-thumbnail size-thumbnail\" alt=\"\" loading=\"lazy\" srcset=\"https:\/\/franciscanos.org.br\/noticias\/wp-content\/uploads\/2024\/08\/IMG_20240820_113936-300x300.jpg 300w, https:\/\/franciscanos.org.br\/noticias\/wp-content\/uploads\/2024\/08\/IMG_20240820_113936-100x100.jpg 100w\" sizes=\"(max-width: 300px) 100vw, 300px\" \/><\/a>\n\t\t\t<\/dt><\/dl><br style=\"clear: both\" \/>\n\t\t<\/div>\n\n<p>No \u00faltimo dia de miss\u00e3o, houve uma missa de encerramento, com a presen\u00e7a do padre J\u00fanior, p\u00e1roco da matriz, e de muitos membros da comunidade S\u00e3o Francisco e de toda a par\u00f3quia. Na ocasi\u00e3o, leigos e mission\u00e1rios compartilharam testemunhos sobre a experi\u00eancia mission\u00e1ria e expressaram agradecimentos m\u00fatuos. A irm\u00e3 Leila, da Congrega\u00e7\u00e3o Franciscana de Nossa Senhora de F\u00e1tima, partilhou: \u201cParticipar da miss\u00e3o em Cap\u00e3o Bonito foi para mim um momento muito especial e enriquecedor, uma experi\u00eancia que vou guardar com muito carinho. O povo simples e acolhedor, mesmo com as dificuldades que enfrentam, permanece firme na f\u00e9. Retornei para minha fraternidade com o vigor renovado. Gratid\u00e3o pelo convite do Frei Je\u00e2 para participarmos desta semana mission\u00e1ria. \u201d<\/p>\n<p>Essa miss\u00e3o, realizada em uma par\u00f3quia onde o carisma franciscano ainda n\u00e3o era conhecido, foi uma oportunidade \u00fanica de levar S\u00e3o Francisco e sua mensagem a tantas pessoas que ainda n\u00e3o haviam tido contato com a espiritualidade desse santo.<\/p>\n<p><strong>Os frades nas feiras vocacionais<\/strong><\/p>\n\n\t\t<style type=\"text\/css\">\n\t\t\t#gallery-2 {\n\t\t\t\tmargin: auto;\n\t\t\t}\n\t\t\t#gallery-2 .gallery-item {\n\t\t\t\tfloat: left;\n\t\t\t\tmargin-top: 10px;\n\t\t\t\ttext-align: center;\n\t\t\t\twidth: 33%;\n\t\t\t}\n\t\t\t#gallery-2 img {\n\t\t\t\tborder: 2px solid #cfcfcf;\n\t\t\t}\n\t\t\t#gallery-2 .gallery-caption {\n\t\t\t\tmargin-left: 0;\n\t\t\t}\n\t\t\t\/* see gallery_shortcode() in wp-includes\/media.php *\/\n\t\t<\/style>\n\t\t<div id='gallery-2' class='gallery galleryid-250306 gallery-columns-3 gallery-size-thumbnail'><dl class='gallery-item'>\n\t\t\t<dt class='gallery-icon landscape'>\n\t\t\t\t<a href='https:\/\/franciscanos.org.br\/noticias\/wp-content\/uploads\/2024\/08\/IMG_20240820_154102.jpg'><img width=\"300\" height=\"300\" src=\"https:\/\/franciscanos.org.br\/noticias\/wp-content\/uploads\/2024\/08\/IMG_20240820_154102-300x300.jpg\" class=\"attachment-thumbnail size-thumbnail\" alt=\"\" loading=\"lazy\" srcset=\"https:\/\/franciscanos.org.br\/noticias\/wp-content\/uploads\/2024\/08\/IMG_20240820_154102-300x300.jpg 300w, https:\/\/franciscanos.org.br\/noticias\/wp-content\/uploads\/2024\/08\/IMG_20240820_154102-100x100.jpg 100w\" sizes=\"(max-width: 300px) 100vw, 300px\" \/><\/a>\n\t\t\t<\/dt><\/dl><dl class='gallery-item'>\n\t\t\t<dt class='gallery-icon landscape'>\n\t\t\t\t<a href='https:\/\/franciscanos.org.br\/noticias\/wp-content\/uploads\/2024\/08\/IMG_20240820_154119.jpg'><img width=\"300\" height=\"300\" src=\"https:\/\/franciscanos.org.br\/noticias\/wp-content\/uploads\/2024\/08\/IMG_20240820_154119-300x300.jpg\" class=\"attachment-thumbnail size-thumbnail\" alt=\"\" loading=\"lazy\" srcset=\"https:\/\/franciscanos.org.br\/noticias\/wp-content\/uploads\/2024\/08\/IMG_20240820_154119-300x300.jpg 300w, https:\/\/franciscanos.org.br\/noticias\/wp-content\/uploads\/2024\/08\/IMG_20240820_154119-100x100.jpg 100w\" sizes=\"(max-width: 300px) 100vw, 300px\" \/><\/a>\n\t\t\t<\/dt><\/dl><dl class='gallery-item'>\n\t\t\t<dt class='gallery-icon landscape'>\n\t\t\t\t<a href='https:\/\/franciscanos.org.br\/noticias\/wp-content\/uploads\/2024\/08\/IMG20240818101958-1-scaled.jpg'><img width=\"300\" height=\"300\" src=\"https:\/\/franciscanos.org.br\/noticias\/wp-content\/uploads\/2024\/08\/IMG20240818101958-1-300x300.jpg\" class=\"attachment-thumbnail size-thumbnail\" alt=\"\" loading=\"lazy\" srcset=\"https:\/\/franciscanos.org.br\/noticias\/wp-content\/uploads\/2024\/08\/IMG20240818101958-1-300x300.jpg 300w, https:\/\/franciscanos.org.br\/noticias\/wp-content\/uploads\/2024\/08\/IMG20240818101958-1-100x100.jpg 100w\" sizes=\"(max-width: 300px) 100vw, 300px\" \/><\/a>\n\t\t\t<\/dt><\/dl><br style=\"clear: both\" \/>\n\t\t<\/div>\n\n<p>No fim de semana dos dias 18 e 19 de agosto, ocorreram as tradicionais feiras vocacionais nas dioceses da Grande S\u00e3o Paulo, em Santo Amaro e Osasco. Os frades e alguns vocacionados se dividiram para estar presentes nos dois eventos, que aconteceram simultaneamente.<\/p>\n<p>Os frades ordenados auxiliaram nas confiss\u00f5es, enquanto os frades em tempo de p\u00f3s-noviciado e os vocacionados interagiram com os jovens que vinham conversar ou tirar d\u00favidas sobre a voca\u00e7\u00e3o franciscana.<\/p>\n<p>Os dias ensolarados e quentes favoreceram o evento, que contou com grande p\u00fablico de jovens e com variados shows de artistas cat\u00f3licos. Muitas congrega\u00e7\u00f5es e Institutos de Vida Consagrada puderam apresentar seus diferentes carismas, esclarecendo os jovens em seu processo de discernimento vocacional.<\/p>\n<p>Nos finais de semana seguintes, Frei Je\u00e2 e Frei Gabriel Dellandrea marcaram presen\u00e7a na Jornada Regional da Juventude da Regi\u00e3o S\u00e9, evento que possui forte apelo vocacional, e na Feira Vocacional da Diocese de Guarulhos. O desafio constante para os frades \u00e9 garantir que o carisma franciscano permane\u00e7a vivo e presente. Em meio a tantas possibilidades de caminhos vocacionais, os frades n\u00e3o podem deixar de evidenciar esse itiner\u00e1rio, que nos move e impulsiona para o seguimento de Cristo, um caminho que vale a pena ser buscado e vivido.<\/p>\n<hr \/>\n<p>Texto: Frei Felipe Noronha<\/p>\n","protected":false},"excerpt":{"rendered":"<p>M\u00eas vocacional<\/p>\n","protected":false},"author":11,"featured_media":250317,"comment_status":"open","ping_status":"open","sticky":false,"template":"","format":"standard","meta":[],"categories":[1],"tags":[1370],"acf":[],"yoast_head":"<!-- This site is optimized with the Yoast SEO plugin v19.2 - https:\/\/yoast.com\/wordpress\/plugins\/seo\/ -->\n<title>Cap\u00e3o Bonito, em S\u00e3o Paulo, recebe\u00a0 a primeira visita mission\u00e1ria dos frades franciscanos - Not\u00edcias - Franciscanos<\/title>\n<meta name=\"robots\" content=\"index, follow, max-snippet:-1, max-image-preview:large, max-video-preview:-1\" \/>\n<link rel=\"canonical\" href=\"https:\/\/franciscanos.org.br\/noticias\/capao-bonito-em-sao-paulo-recebe-a-primeira-visita-missionaria-dos-frades-franciscanos.html\" \/>\n<meta property=\"og:locale\" content=\"pt_BR\" \/>\n<meta property=\"og:type\" content=\"article\" \/>\n<meta property=\"og:title\" content=\"Cap\u00e3o Bonito, em S\u00e3o Paulo, recebe\u00a0 a primeira visita mission\u00e1ria dos frades franciscanos - Not\u00edcias - Franciscanos\" \/>\n<meta property=\"og:description\" content=\"M\u00eas vocacional\" \/>\n<meta property=\"og:url\" content=\"https:\/\/franciscanos.org.br\/noticias\/capao-bonito-em-sao-paulo-recebe-a-primeira-visita-missionaria-dos-frades-franciscanos.html\" \/>\n<meta property=\"og:site_name\" content=\"Not\u00edcias - Franciscanos\" \/>\n<meta property=\"article:published_time\" content=\"2024-08-21T14:42:20+00:00\" \/>\n<meta property=\"article:modified_time\" content=\"2024-08-21T14:44:18+00:00\" \/>\n<meta property=\"og:image\" content=\"https:\/\/franciscanos.org.br\/noticias\/wp-content\/uploads\/2024\/08\/IMG_20240820_113936.jpg\" \/>\n\t<meta property=\"og:image:width\" content=\"854\" \/>\n\t<meta property=\"og:image:height\" content=\"633\" \/>\n\t<meta property=\"og:image:type\" content=\"image\/jpeg\" \/>\n<meta name=\"author\" content=\"Adriana Rabelo\" \/>\n<meta name=\"twitter:card\" content=\"summary_large_image\" \/>\n<meta name=\"twitter:label1\" content=\"Escrito por\" \/>\n\t<meta name=\"twitter:data1\" content=\"Adriana Rabelo\" \/>\n\t<meta name=\"twitter:label2\" content=\"Est. tempo de leitura\" \/>\n\t<meta name=\"twitter:data2\" content=\"3 minutos\" \/>\n<script type=\"application\/ld+json\" class=\"yoast-schema-graph\">{\"@context\":\"https:\/\/schema.org\",\"@graph\":[{\"@type\":\"WebSite\",\"@id\":\"https:\/\/franciscanos.org.br\/noticias\/#website\",\"url\":\"https:\/\/franciscanos.org.br\/noticias\/\",\"name\":\"Not\u00edcias - Franciscanos\",\"description\":\"Prov\u00edncia Franciscana da Imaculada Concei\u00e7\u00e3o do Brasil - Ordem dos Frades Menores - OFM\",\"potentialAction\":[{\"@type\":\"SearchAction\",\"target\":{\"@type\":\"EntryPoint\",\"urlTemplate\":\"https:\/\/franciscanos.org.br\/noticias\/?s={search_term_string}\"},\"query-input\":\"required name=search_term_string\"}],\"inLanguage\":\"pt-BR\"},{\"@type\":\"ImageObject\",\"inLanguage\":\"pt-BR\",\"@id\":\"https:\/\/franciscanos.org.br\/noticias\/capao-bonito-em-sao-paulo-recebe-a-primeira-visita-missionaria-dos-frades-franciscanos.html#primaryimage\",\"url\":\"https:\/\/franciscanos.org.br\/noticias\/wp-content\/uploads\/2024\/08\/IMG_20240820_113936.jpg\",\"contentUrl\":\"https:\/\/franciscanos.org.br\/noticias\/wp-content\/uploads\/2024\/08\/IMG_20240820_113936.jpg\",\"width\":854,\"height\":633},{\"@type\":\"WebPage\",\"@id\":\"https:\/\/franciscanos.org.br\/noticias\/capao-bonito-em-sao-paulo-recebe-a-primeira-visita-missionaria-dos-frades-franciscanos.html#webpage\",\"url\":\"https:\/\/franciscanos.org.br\/noticias\/capao-bonito-em-sao-paulo-recebe-a-primeira-visita-missionaria-dos-frades-franciscanos.html\",\"name\":\"Cap\u00e3o Bonito, em S\u00e3o Paulo, recebe\u00a0 a primeira visita mission\u00e1ria dos frades franciscanos - Not\u00edcias - Franciscanos\",\"isPartOf\":{\"@id\":\"https:\/\/franciscanos.org.br\/noticias\/#website\"},\"primaryImageOfPage\":{\"@id\":\"https:\/\/franciscanos.org.br\/noticias\/capao-bonito-em-sao-paulo-recebe-a-primeira-visita-missionaria-dos-frades-franciscanos.html#primaryimage\"},\"datePublished\":\"2024-08-21T14:42:20+00:00\",\"dateModified\":\"2024-08-21T14:44:18+00:00\",\"author\":{\"@id\":\"https:\/\/franciscanos.org.br\/noticias\/#\/schema\/person\/d9422e83121c3ad3b0f423d195f5bb25\"},\"breadcrumb\":{\"@id\":\"https:\/\/franciscanos.org.br\/noticias\/capao-bonito-em-sao-paulo-recebe-a-primeira-visita-missionaria-dos-frades-franciscanos.html#breadcrumb\"},\"inLanguage\":\"pt-BR\",\"potentialAction\":[{\"@type\":\"ReadAction\",\"target\":[\"https:\/\/franciscanos.org.br\/noticias\/capao-bonito-em-sao-paulo-recebe-a-primeira-visita-missionaria-dos-frades-franciscanos.html\"]}]},{\"@type\":\"BreadcrumbList\",\"@id\":\"https:\/\/franciscanos.org.br\/noticias\/capao-bonito-em-sao-paulo-recebe-a-primeira-visita-missionaria-dos-frades-franciscanos.html#breadcrumb\",\"itemListElement\":[{\"@type\":\"ListItem\",\"position\":1,\"name\":\"Home\",\"item\":\"https:\/\/franciscanos.org.br\/noticias\"},{\"@type\":\"ListItem\",\"position\":2,\"name\":\"Cap\u00e3o Bonito, em S\u00e3o Paulo, recebe\u00a0 a primeira visita mission\u00e1ria dos frades franciscanos\"}]},{\"@type\":\"Person\",\"@id\":\"https:\/\/franciscanos.org.br\/noticias\/#\/schema\/person\/d9422e83121c3ad3b0f423d195f5bb25\",\"name\":\"Adriana Rabelo\",\"image\":{\"@type\":\"ImageObject\",\"inLanguage\":\"pt-BR\",\"@id\":\"https:\/\/franciscanos.org.br\/noticias\/#\/schema\/person\/image\/\",\"url\":\"https:\/\/secure.gravatar.com\/avatar\/0a937b7500cd7df77540cfb8bede877d?s=96&d=mm&r=g\",\"contentUrl\":\"https:\/\/secure.gravatar.com\/avatar\/0a937b7500cd7df77540cfb8bede877d?s=96&d=mm&r=g\",\"caption\":\"Adriana Rabelo\"},\"url\":\"https:\/\/franciscanos.org.br\/noticias\/author\/adrianarabelo\"}]}<\/script>\n<!-- \/ Yoast SEO plugin. -->","yoast_head_json":{"title":"Cap\u00e3o Bonito, em S\u00e3o Paulo, recebe\u00a0 a primeira visita mission\u00e1ria dos frades franciscanos - Not\u00edcias - Franciscanos","robots":{"index":"index","follow":"follow","max-snippet":"max-snippet:-1","max-image-preview":"max-image-preview:large","max-video-preview":"max-video-preview:-1"},"canonical":"https:\/\/franciscanos.org.br\/noticias\/capao-bonito-em-sao-paulo-recebe-a-primeira-visita-missionaria-dos-frades-franciscanos.html","og_locale":"pt_BR","og_type":"article","og_title":"Cap\u00e3o Bonito, em S\u00e3o Paulo, recebe\u00a0 a primeira visita mission\u00e1ria dos frades franciscanos - Not\u00edcias - Franciscanos","og_description":"M\u00eas vocacional","og_url":"https:\/\/franciscanos.org.br\/noticias\/capao-bonito-em-sao-paulo-recebe-a-primeira-visita-missionaria-dos-frades-franciscanos.html","og_site_name":"Not\u00edcias - Franciscanos","article_published_time":"2024-08-21T14:42:20+00:00","article_modified_time":"2024-08-21T14:44:18+00:00","og_image":[{"width":854,"height":633,"url":"https:\/\/franciscanos.org.br\/noticias\/wp-content\/uploads\/2024\/08\/IMG_20240820_113936.jpg","type":"image\/jpeg"}],"author":"Adriana Rabelo","twitter_card":"summary_large_image","twitter_misc":{"Escrito por":"Adriana Rabelo","Est. tempo de leitura":"3 minutos"},"schema":{"@context":"https:\/\/schema.org","@graph":[{"@type":"WebSite","@id":"https:\/\/franciscanos.org.br\/noticias\/#website","url":"https:\/\/franciscanos.org.br\/noticias\/","name":"Not\u00edcias - Franciscanos","description":"Prov\u00edncia Franciscana da Imaculada Concei\u00e7\u00e3o do Brasil - Ordem dos Frades Menores - OFM","potentialAction":[{"@type":"SearchAction","target":{"@type":"EntryPoint","urlTemplate":"https:\/\/franciscanos.org.br\/noticias\/?s={search_term_string}"},"query-input":"required name=search_term_string"}],"inLanguage":"pt-BR"},{"@type":"ImageObject","inLanguage":"pt-BR","@id":"https:\/\/franciscanos.org.br\/noticias\/capao-bonito-em-sao-paulo-recebe-a-primeira-visita-missionaria-dos-frades-franciscanos.html#primaryimage","url":"https:\/\/franciscanos.org.br\/noticias\/wp-content\/uploads\/2024\/08\/IMG_20240820_113936.jpg","contentUrl":"https:\/\/franciscanos.org.br\/noticias\/wp-content\/uploads\/2024\/08\/IMG_20240820_113936.jpg","width":854,"height":633},{"@type":"WebPage","@id":"https:\/\/franciscanos.org.br\/noticias\/capao-bonito-em-sao-paulo-recebe-a-primeira-visita-missionaria-dos-frades-franciscanos.html#webpage","url":"https:\/\/franciscanos.org.br\/noticias\/capao-bonito-em-sao-paulo-recebe-a-primeira-visita-missionaria-dos-frades-franciscanos.html","name":"Cap\u00e3o Bonito, em S\u00e3o Paulo, recebe\u00a0 a primeira visita mission\u00e1ria dos frades franciscanos - Not\u00edcias - Franciscanos","isPartOf":{"@id":"https:\/\/franciscanos.org.br\/noticias\/#website"},"primaryImageOfPage":{"@id":"https:\/\/franciscanos.org.br\/noticias\/capao-bonito-em-sao-paulo-recebe-a-primeira-visita-missionaria-dos-frades-franciscanos.html#primaryimage"},"datePublished":"2024-08-21T14:42:20+00:00","dateModified":"2024-08-21T14:44:18+00:00","author":{"@id":"https:\/\/franciscanos.org.br\/noticias\/#\/schema\/person\/d9422e83121c3ad3b0f423d195f5bb25"},"breadcrumb":{"@id":"https:\/\/franciscanos.org.br\/noticias\/capao-bonito-em-sao-paulo-recebe-a-primeira-visita-missionaria-dos-frades-franciscanos.html#breadcrumb"},"inLanguage":"pt-BR","potentialAction":[{"@type":"ReadAction","target":["https:\/\/franciscanos.org.br\/noticias\/capao-bonito-em-sao-paulo-recebe-a-primeira-visita-missionaria-dos-frades-franciscanos.html"]}]},{"@type":"BreadcrumbList","@id":"https:\/\/franciscanos.org.br\/noticias\/capao-bonito-em-sao-paulo-recebe-a-primeira-visita-missionaria-dos-frades-franciscanos.html#breadcrumb","itemListElement":[{"@type":"ListItem","position":1,"name":"Home","item":"https:\/\/franciscanos.org.br\/noticias"},{"@type":"ListItem","position":2,"name":"Cap\u00e3o Bonito, em S\u00e3o Paulo, recebe\u00a0 a primeira visita mission\u00e1ria dos frades franciscanos"}]},{"@type":"Person","@id":"https:\/\/franciscanos.org.br\/noticias\/#\/schema\/person\/d9422e83121c3ad3b0f423d195f5bb25","name":"Adriana Rabelo","image":{"@type":"ImageObject","inLanguage":"pt-BR","@id":"https:\/\/franciscanos.org.br\/noticias\/#\/schema\/person\/image\/","url":"https:\/\/secure.gravatar.com\/avatar\/0a937b7500cd7df77540cfb8bede877d?s=96&d=mm&r=g","contentUrl":"https:\/\/secure.gravatar.com\/avatar\/0a937b7500cd7df77540cfb8bede877d?s=96&d=mm&r=g","caption":"Adriana Rabelo"},"url":"https:\/\/franciscanos.org.br\/noticias\/author\/adrianarabelo"}]}},"_links":{"self":[{"href":"https:\/\/franciscanos.org.br\/noticias\/wp-json\/wp\/v2\/posts\/250306"}],"collection":[{"href":"https:\/\/franciscanos.org.br\/noticias\/wp-json\/wp\/v2\/posts"}],"about":[{"href":"https:\/\/franciscanos.org.br\/noticias\/wp-json\/wp\/v2\/types\/post"}],"author":[{"embeddable":true,"href":"https:\/\/franciscanos.org.br\/noticias\/wp-json\/wp\/v2\/users\/11"}],"replies":[{"embeddable":true,"href":"https:\/\/franciscanos.org.br\/noticias\/wp-json\/wp\/v2\/comments?post=250306"}],"version-history":[{"count":4,"href":"https:\/\/franciscanos.org.br\/noticias\/wp-json\/wp\/v2\/posts\/250306\/revisions"}],"predecessor-version":[{"id":250321,"href":"https:\/\/franciscanos.org.br\/noticias\/wp-json\/wp\/v2\/posts\/250306\/revisions\/250321"}],"wp:featuredmedia":[{"embeddable":true,"href":"https:\/\/franciscanos.org.br\/noticias\/wp-json\/wp\/v2\/media\/250317"}],"wp:attachment":[{"href":"https:\/\/franciscanos.org.br\/noticias\/wp-json\/wp\/v2\/media?parent=250306"}],"wp:term":[{"taxonomy":"category","embeddable":true,"href":"https:\/\/franciscanos.org.br\/noticias\/wp-json\/wp\/v2\/categories?post=250306"},{"taxonomy":"post_tag","embeddable":true,"href":"https:\/\/franciscanos.org.br\/noticias\/wp-json\/wp\/v2\/tags?post=250306"}],"curies":[{"name":"wp","href":"https:\/\/api.w.org\/{rel}","templated":true}]}}