{"id":250303,"date":"2024-08-21T10:49:44","date_gmt":"2024-08-21T13:49:44","guid":{"rendered":"https:\/\/franciscanos.org.br\/noticias\/?p=250303"},"modified":"2024-08-21T10:49:44","modified_gmt":"2024-08-21T13:49:44","slug":"que-o-mau-cheiro-do-nosso-pecado-nao-impeca-de-espalhar-o-bom-perfume-de-cristo","status":"publish","type":"post","link":"https:\/\/franciscanos.org.br\/noticias\/que-o-mau-cheiro-do-nosso-pecado-nao-impeca-de-espalhar-o-bom-perfume-de-cristo.html","title":{"rendered":"Que o &#8220;mau cheiro&#8221; do nosso pecado n\u00e3o impe\u00e7a de espalhar o &#8220;bom perfume&#8221; de Cristo"},"content":{"rendered":"<p><img loading=\"lazy\" class=\"aligncenter wp-image-250304 size-full\" src=\"https:\/\/franciscanos.org.br\/noticias\/wp-content\/uploads\/2024\/08\/AUDIENCIA-GERAL-21.08.jpeg\" alt=\"\" width=\"750\" height=\"422\" srcset=\"https:\/\/franciscanos.org.br\/noticias\/wp-content\/uploads\/2024\/08\/AUDIENCIA-GERAL-21.08.jpeg 750w, https:\/\/franciscanos.org.br\/noticias\/wp-content\/uploads\/2024\/08\/AUDIENCIA-GERAL-21.08-450x253.jpeg 450w, https:\/\/franciscanos.org.br\/noticias\/wp-content\/uploads\/2024\/08\/AUDIENCIA-GERAL-21.08-150x84.jpeg 150w\" sizes=\"(max-width: 750px) 100vw, 750px\" \/><\/p>\n<p><em>O &#8220;Esp\u00edrito Santo no Batismo de Jesus&#8221; foi o tema da catequese do Papa Francisco na Audi\u00eancia Geral desta quarta-feira, realizada na Sala Paulo VI. Ao ser ungido com o Esp\u00edrito de Deus, Cristo confere a todos os crist\u00e3os a tarefa de espalhar o seu &#8220;bom perfume&#8221; no mundo e n\u00e3o o &#8220;mau cheiro&#8221; do pr\u00f3prio pecado.<\/em><\/p>\n<p>A Sala Paulo VI acolheu milhares de fi\u00e9is e peregrinos para a Audi\u00eancia Geral desta quarta-feira, 21 de agosto. O Papa deu continuidade ao ciclo de catequeses acerca do Esp\u00edrito e da Esposa, meditando sobre como o Esp\u00edrito Santo desceu em forma de pomba quando Jesus foi batizado por Jo\u00e3o, e dali se espalhou pelo Seu Corpo, que \u00e9 a Igreja.<\/p>\n<p>\u201cToda a Trindade se reuniu naquele momento nas margens do Jord\u00e3o!\u201d, comentou Francisco. O batismo de Jesus foi t\u00e3o importante, que todos os evangelistas falaram sobre ele. E a import\u00e2ncia reside no fato de, naquele epis\u00f3dio, Deus Pai ungiu Jesus com o Seu Esp\u00edrito, isto \u00e9, consagrou Jesus como Rei, Profeta e Sacerdote.<\/p>\n<p>Na verdade, Jesus estava repleto de Esp\u00edrito Santo desde o momento da Encarna\u00e7\u00e3o, mas no Batismo recebe a un\u00e7\u00e3o com o Esp\u00edrito para a sua miss\u00e3o. Essa miss\u00e3o o Senhor comunica-a \u00e0 Igreja, Seu Corpo m\u00edstico, e assim nos tornamos um povo sacerdotal, prof\u00e9tico e r\u00e9gio. A imagem da un\u00e7\u00e3o com o Esp\u00edrito nos remete ao Sacramento da Confirma\u00e7\u00e3o, no qual fomos ungidos com o \u00f3leo perfumado do Crisma e recebemos o dom do Esp\u00edrito para a miss\u00e3o, para espalhar pelo mundo o bom odor de Cristo.<\/p>\n<p>&#8220;A un\u00e7\u00e3o nos perfuma e tamb\u00e9m uma pessoa que vive com alegria a sua un\u00e7\u00e3o perfuma a Igreja, perfuma a comunidade, perfuma a fam\u00edlia com este perfume espiritual&#8221;, acrescentou Francisco. O Papa ent\u00e3o fez uma ressalva:<\/p>\n<p>&#8220;Sabemos que, infelizmente, por vezes os crist\u00e3os n\u00e3o espalham o perfume de Cristo, mas sim o mau cheiro do seu pr\u00f3prio pecado.\u00a0E jamais nos esque\u00e7amos: o pecado nos afasta de Jesus, o pecado torna o \u00f3leo ruim. E o diabo, n\u00e3o esque\u00e7am disto, normalmente o diabo entra pelo bolso. Fiquem atentos.&#8221;<\/p>\n<p>Isto, por\u00e9m, n\u00e3o deve distrair-nos do compromisso de realizar, tanto quanto pudermos e cada um no seu ambiente, esta sublime voca\u00e7\u00e3o de ser o bom perfume de Cristo no mundo. O perfume de Cristo \u00e9 libertado do \u201cfruto do Esp\u00edrito\u201d, que \u00e9 \u201ccaridade, alegria, paz, paci\u00eancia, afabilidade, bondade, fidelidade, brandura, temperan\u00e7a\u201d (<i>Gal<\/i>\u00a05,22).<\/p>\n<p>&#8220;Foi o que disse Paulo e \u00e9 belo encontrar uma pessoa que tenha essas virtudes. (&#8230;) \u00c9 belo encontrar uma pessoa boa, uma pessoa fiel, uma pessoa mansa, que n\u00e3o seja orgulhosa. Se nos esfor\u00e7armos por cultivar este fruto, ent\u00e3o, antes que nos apercebamos, algu\u00e9m sentir\u00e1 um pouco da fragr\u00e2ncia do Esp\u00edrito de Cristo \u00e0 nossa volta. Pe\u00e7amos ao Esp\u00edrito Santo que nos fa\u00e7a ungidos mais conscientes, ungidos por Ele&#8221;, concluiu o Pont\u00edfice.<\/p>\n<p><strong>O mundo est\u00e1 dividido, vamos rezar pela paz<\/strong><\/p>\n<div class=\"article__subTitle\">Ao final da Audi\u00eancia Geral desta quarta-feira (21\/08), o novo convite do Papa para recordar da \u201cmartirizada Ucr\u00e2nia que sofre tanto\u201d, Mianmar, Sud\u00e3o do Sul e Kivu do Norte: \u201ce n\u00e3o nos esque\u00e7amos da Palestina e Israel: que haja a paz l\u00e1\u201d.<\/div>\n<div>\n<p>\u00a0um apelo sincero pela paz que o Papa Francisco, preocupado com os muitos conflitos no mundo, faz ao final da Audi\u00eancia Geral desta quarta-feira (21\/08). Ao improvisar, saindo do texto oficial, ap\u00f3s a sauda\u00e7\u00e3o aos peregrinos italianos, o Pont\u00edfice exortou para n\u00e3o esquecer a Ucr\u00e2nia e as na\u00e7\u00f5es onde ainda h\u00e1 conflitos.<\/p>\n<p>\u201cE, por favor, n\u00e3o esque\u00e7amos da martirizada Ucr\u00e2nia, que sofre tanto. N\u00e3o esque\u00e7amos de Mianmar, Sud\u00e3o do Sul, Kivu do Norte e tantos outros pa\u00edses que est\u00e3o em guerra. Rezemos pela paz. E n\u00e3o esque\u00e7amos da Palestina e de Israel: que haja a paz l\u00e1.\u201d<\/p>\n<p><strong>Precisamos dos frutos do Esp\u00edrito<\/strong><\/p>\n<p>O Papa tamb\u00e9m invocou a paz ao saudar os fi\u00e9is de l\u00edngua polonesa presentes na Sala Paulo VI, destacando como os frutos do Esp\u00edrito s\u00e3o necess\u00e1rios hoje nas v\u00e1rias dimens\u00f5es sociais.<\/p>\n<p><i>&#8220;O nosso mundo, marcado por guerras e divis\u00f5es, precisa mais do que nunca dos frutos do Esp\u00edrito Santo. A partir das suas fam\u00edlias e dos seus locais de trabalho, levem para a vida di\u00e1ria de voc\u00eas amor, paz e bondade.&#8221;<\/i><\/p>\n<p>Por fim, lembrando as peregrina\u00e7\u00f5es a p\u00e9 que ocorreram nas \u00faltimas semanas a Jasna G\u00f3ra, na Pol\u00f4nia, Francisco desejou que as ora\u00e7\u00f5es dos fi\u00e9is, por intercess\u00e3o de Maria, \u201cconcedam ao mundo o dom da t\u00e3o desejada paz\u201d.<\/p>\n<p><strong>Francisco recorda S\u00e3o Pio X: rezemos pelos catequistas, corajosos na miss\u00e3o<\/strong><\/p>\n<p>&#8220;Recolocar Jesus Cristo no centro da aten\u00e7\u00e3o de todos os fi\u00e9is foi tamb\u00e9m o grande desejo de S\u00e3o Pio X, cuja festa celebramos hoje&#8221;, enalteceu Francisco ao se dirigir aos fi\u00e9is de l\u00edngua alem\u00e3 na Audi\u00eancia Geral desta quarta-feira (21\/08). Ao recordar do santo, o Pont\u00edfice lembrou do trabalho dos catequistas. No Brasil, a Igreja celebra no domingo (25\/08) o dia deles, com uma romaria em Aparecida que come\u00e7a no fim do m\u00eas.<\/p>\n<p>\u201cUngidos pelo Esp\u00edrito Santo, dom inef\u00e1vel do Alt\u00edssimo, renovemos o nosso empenho mission\u00e1rio em levar o perfume de Cristo a todo o mundo.\u201d<\/p>\n<p>Assim o Papa Francisco se dirigiu aos peregrinos de l\u00edngua portuguesa presentes na Audi\u00eancia Geral desta quarta-feira (21\/08) na Sala Paulo VI, comentando a catequese sobre o Batismo de Jesus. Difundir &#8220;o bom perfume de Cristo&#8221; na vida dos irm\u00e3os, com a gra\u00e7a do Esp\u00edrito Santo, tamb\u00e9m foi a exorta\u00e7\u00e3o do Pont\u00edfice dirigida aos fi\u00e9is de l\u00edngua francesa e espanhola, &#8220;dando testemunho de amor, alegria, paz, afabilidade e bondade&#8221;.<\/p>\n<p>Aos peregrinos de l\u00edngua alem\u00e3, o Papa tamb\u00e9m refletiu sobre o Esp\u00edrito Santo que leva o Povo de Deus ao encontro de Jesus. Al\u00e9m disso, Francisco lembrou que nesta quarta-feira, 21 de agosto, a Igreja celebra Pio X\u00a0(Riese, 1835 &#8211; Roma, 1914), no civil Jos\u00e9 Melchiorre Sarto:<\/p>\n<p><i>&#8220;No Batismo no Jord\u00e3o, Deus, o Pai celestial, revelou Jesus como seu Filho amado. Recolocar Jesus Cristo no centro da aten\u00e7\u00e3o de todos os fi\u00e9is foi tamb\u00e9m o grande desejo de S\u00e3o Pio X, cuja festa celebramos hoje. Que pela sua intercess\u00e3o, o Senhor os conceda fazer sempre a experi\u00eancia da sua amorosa proximidade.&#8221;<\/i><\/p>\n<p><strong>Catecismo de S\u00e3o Pio X<\/strong><\/p>\n<p>Papa Pio X governou a Igreja de 1903 a 1914, quando morreu em Roma.\u00a0Em 1951, foi beatificado pelo Papa Pio XII e o mesmo Pont\u00edfice o proclamou santo em 1954.\u00a0Ao centro da sua vida e magist\u00e9rio estava a preocupa\u00e7\u00e3o pastoral, em uma sociedade onde se advertia, cada vez mais, uma crise de f\u00e9. Dessa forma, Pio X procurou difundir, o m\u00e1ximo poss\u00edvel, a catequese entre os crist\u00e3os.<\/p>\n<p>O famoso catecismo, que traz o seu nome (&#8220;Catecismo de S\u00e3o Pio X), por exemplo, foi adotado na It\u00e1lia com um m\u00e9todo cl\u00e1ssico de \u201cperguntas e respostas\u201d, mais adequado \u00e0 forma\u00e7\u00e3o de jovens e adultos, com &#8220;linguagem clara e concisa&#8221; sobre a ess\u00eancia da doutrina cat\u00f3lica. Foi elaborado precisamente para pessoas simples, em uma sociedade onde a cultura ainda n\u00e3o havia atingido todas as classes sociais. E o Papa Francisco, ao final da Audi\u00eancia Geral, retomou a import\u00e2ncia de quem procura incentivar a transmiss\u00e3o da f\u00e9:<\/p>\n<p>\u201cHoje, comemora\u00e7\u00e3o de S\u00e3o Pio X, em muitas partes do mundo se celebra o Dia do Catequista. Pensemos aos nossos catequistas e\u00a0 \u00e0s nossas catequistas que levam adiante tanto trabalho e, em algumas partes do mundo, s\u00e3o os primeiros a levar adiante a f\u00e9. Rezemos hoje pelos catequistas, para que o Senhor os torne corajosos e para que possam seguir em frente.\u201d<\/p>\n<p><strong>Romaria Nacional de Catequistas em Aparecida<\/strong><\/p>\n<p>No Brasil, o Dia do Catequista ser\u00e1 celebrado no pr\u00f3ximo domingo, 25 de agosto, para homenagear quem procura compartilhar a mensagem do Evangelho e orientar para o crescimento da f\u00e9.\u00a0 J\u00e1 de 30 de agosto a 1\u00ba de setembro, em Aparecida (SP), no Santu\u00e1rio Nacional de Nossa Aparecida, a Comiss\u00e3o Episcopal para a Anima\u00e7\u00e3o B\u00edblico-Catequ\u00e9tica da CNBB vai promover a Romaria Nacional de Catequistas\u00a0sobre v\u00e1rias tem\u00e1ticas, entre elas, &#8220;catequese, m\u00eddias digitais e intelig\u00eancia artificial&#8221;.\u00a0Os participantes tamb\u00e9m ter\u00e3o contato com projetos comuns para a Igreja no Brasil em torno da Inicia\u00e7\u00e3o \u00e0 Vida Crist\u00e3. As inscri\u00e7\u00f5es e os materiais para divulga\u00e7\u00e3o da Romaria podem ser acessados atrav\u00e9s do site da CNBB (cnbb.org.br).<\/p>\n<hr \/>\n<p><em>Tiziana Campisi\u00a0 e Andressa Collet &#8211; Vatican News<\/em><\/p>\n<\/div>\n","protected":false},"excerpt":{"rendered":"<p>O &#8220;Esp\u00edrito Santo no Batismo de Jesus&#8221; foi o tema da catequese do Papa Francisco na Audi\u00eancia Geral desta quarta-feira, realizada na Sala Paulo VI. Ao ser ungido com o Esp\u00edrito de Deus, Cristo confere a todos os crist\u00e3os a tarefa de espalhar o seu &#8220;bom perfume&#8221; no mundo e n\u00e3o o &#8220;mau cheiro&#8221; do [&hellip;]<\/p>\n","protected":false},"author":11,"featured_media":250304,"comment_status":"open","ping_status":"open","sticky":false,"template":"","format":"standard","meta":[],"categories":[1428],"tags":[487,55],"acf":[],"yoast_head":"<!-- This site is optimized with the Yoast SEO plugin v19.2 - https:\/\/yoast.com\/wordpress\/plugins\/seo\/ -->\n<title>Que o &quot;mau cheiro&quot; do nosso pecado n\u00e3o impe\u00e7a de espalhar o &quot;bom perfume&quot; de Cristo - Not\u00edcias - Franciscanos<\/title>\n<meta name=\"robots\" content=\"index, follow, max-snippet:-1, max-image-preview:large, max-video-preview:-1\" \/>\n<link rel=\"canonical\" href=\"https:\/\/franciscanos.org.br\/noticias\/que-o-mau-cheiro-do-nosso-pecado-nao-impeca-de-espalhar-o-bom-perfume-de-cristo.html\" \/>\n<meta property=\"og:locale\" content=\"pt_BR\" \/>\n<meta property=\"og:type\" content=\"article\" \/>\n<meta property=\"og:title\" content=\"Que o &quot;mau cheiro&quot; do nosso pecado n\u00e3o impe\u00e7a de espalhar o &quot;bom perfume&quot; de Cristo - Not\u00edcias - Franciscanos\" \/>\n<meta property=\"og:description\" content=\"O &#8220;Esp\u00edrito Santo no Batismo de Jesus&#8221; foi o tema da catequese do Papa Francisco na Audi\u00eancia Geral desta quarta-feira, realizada na Sala Paulo VI. Ao ser ungido com o Esp\u00edrito de Deus, Cristo confere a todos os crist\u00e3os a tarefa de espalhar o seu &#8220;bom perfume&#8221; no mundo e n\u00e3o o &#8220;mau cheiro&#8221; do [&hellip;]\" \/>\n<meta property=\"og:url\" content=\"https:\/\/franciscanos.org.br\/noticias\/que-o-mau-cheiro-do-nosso-pecado-nao-impeca-de-espalhar-o-bom-perfume-de-cristo.html\" \/>\n<meta property=\"og:site_name\" content=\"Not\u00edcias - Franciscanos\" \/>\n<meta property=\"article:published_time\" content=\"2024-08-21T13:49:44+00:00\" \/>\n<meta property=\"og:image\" content=\"https:\/\/franciscanos.org.br\/noticias\/wp-content\/uploads\/2024\/08\/AUDIENCIA-GERAL-21.08.jpeg\" \/>\n\t<meta property=\"og:image:width\" content=\"750\" \/>\n\t<meta property=\"og:image:height\" content=\"422\" \/>\n\t<meta property=\"og:image:type\" content=\"image\/jpeg\" \/>\n<meta name=\"author\" content=\"Adriana Rabelo\" \/>\n<meta name=\"twitter:card\" content=\"summary_large_image\" \/>\n<meta name=\"twitter:label1\" content=\"Escrito por\" \/>\n\t<meta name=\"twitter:data1\" content=\"Adriana Rabelo\" \/>\n\t<meta name=\"twitter:label2\" content=\"Est. tempo de leitura\" \/>\n\t<meta name=\"twitter:data2\" content=\"8 minutos\" \/>\n<script type=\"application\/ld+json\" class=\"yoast-schema-graph\">{\"@context\":\"https:\/\/schema.org\",\"@graph\":[{\"@type\":\"WebSite\",\"@id\":\"https:\/\/franciscanos.org.br\/noticias\/#website\",\"url\":\"https:\/\/franciscanos.org.br\/noticias\/\",\"name\":\"Not\u00edcias - Franciscanos\",\"description\":\"Prov\u00edncia Franciscana da Imaculada Concei\u00e7\u00e3o do Brasil - Ordem dos Frades Menores - OFM\",\"potentialAction\":[{\"@type\":\"SearchAction\",\"target\":{\"@type\":\"EntryPoint\",\"urlTemplate\":\"https:\/\/franciscanos.org.br\/noticias\/?s={search_term_string}\"},\"query-input\":\"required name=search_term_string\"}],\"inLanguage\":\"pt-BR\"},{\"@type\":\"ImageObject\",\"inLanguage\":\"pt-BR\",\"@id\":\"https:\/\/franciscanos.org.br\/noticias\/que-o-mau-cheiro-do-nosso-pecado-nao-impeca-de-espalhar-o-bom-perfume-de-cristo.html#primaryimage\",\"url\":\"https:\/\/franciscanos.org.br\/noticias\/wp-content\/uploads\/2024\/08\/AUDIENCIA-GERAL-21.08.jpeg\",\"contentUrl\":\"https:\/\/franciscanos.org.br\/noticias\/wp-content\/uploads\/2024\/08\/AUDIENCIA-GERAL-21.08.jpeg\",\"width\":750,\"height\":422},{\"@type\":\"WebPage\",\"@id\":\"https:\/\/franciscanos.org.br\/noticias\/que-o-mau-cheiro-do-nosso-pecado-nao-impeca-de-espalhar-o-bom-perfume-de-cristo.html#webpage\",\"url\":\"https:\/\/franciscanos.org.br\/noticias\/que-o-mau-cheiro-do-nosso-pecado-nao-impeca-de-espalhar-o-bom-perfume-de-cristo.html\",\"name\":\"Que o \\\"mau cheiro\\\" do nosso pecado n\u00e3o impe\u00e7a de espalhar o \\\"bom perfume\\\" de Cristo - Not\u00edcias - Franciscanos\",\"isPartOf\":{\"@id\":\"https:\/\/franciscanos.org.br\/noticias\/#website\"},\"primaryImageOfPage\":{\"@id\":\"https:\/\/franciscanos.org.br\/noticias\/que-o-mau-cheiro-do-nosso-pecado-nao-impeca-de-espalhar-o-bom-perfume-de-cristo.html#primaryimage\"},\"datePublished\":\"2024-08-21T13:49:44+00:00\",\"dateModified\":\"2024-08-21T13:49:44+00:00\",\"author\":{\"@id\":\"https:\/\/franciscanos.org.br\/noticias\/#\/schema\/person\/d9422e83121c3ad3b0f423d195f5bb25\"},\"breadcrumb\":{\"@id\":\"https:\/\/franciscanos.org.br\/noticias\/que-o-mau-cheiro-do-nosso-pecado-nao-impeca-de-espalhar-o-bom-perfume-de-cristo.html#breadcrumb\"},\"inLanguage\":\"pt-BR\",\"potentialAction\":[{\"@type\":\"ReadAction\",\"target\":[\"https:\/\/franciscanos.org.br\/noticias\/que-o-mau-cheiro-do-nosso-pecado-nao-impeca-de-espalhar-o-bom-perfume-de-cristo.html\"]}]},{\"@type\":\"BreadcrumbList\",\"@id\":\"https:\/\/franciscanos.org.br\/noticias\/que-o-mau-cheiro-do-nosso-pecado-nao-impeca-de-espalhar-o-bom-perfume-de-cristo.html#breadcrumb\",\"itemListElement\":[{\"@type\":\"ListItem\",\"position\":1,\"name\":\"Home\",\"item\":\"https:\/\/franciscanos.org.br\/noticias\"},{\"@type\":\"ListItem\",\"position\":2,\"name\":\"Que o &#8220;mau cheiro&#8221; do nosso pecado n\u00e3o impe\u00e7a de espalhar o &#8220;bom perfume&#8221; de Cristo\"}]},{\"@type\":\"Person\",\"@id\":\"https:\/\/franciscanos.org.br\/noticias\/#\/schema\/person\/d9422e83121c3ad3b0f423d195f5bb25\",\"name\":\"Adriana Rabelo\",\"image\":{\"@type\":\"ImageObject\",\"inLanguage\":\"pt-BR\",\"@id\":\"https:\/\/franciscanos.org.br\/noticias\/#\/schema\/person\/image\/\",\"url\":\"https:\/\/secure.gravatar.com\/avatar\/0a937b7500cd7df77540cfb8bede877d?s=96&d=mm&r=g\",\"contentUrl\":\"https:\/\/secure.gravatar.com\/avatar\/0a937b7500cd7df77540cfb8bede877d?s=96&d=mm&r=g\",\"caption\":\"Adriana Rabelo\"},\"url\":\"https:\/\/franciscanos.org.br\/noticias\/author\/adrianarabelo\"}]}<\/script>\n<!-- \/ Yoast SEO plugin. -->","yoast_head_json":{"title":"Que o \"mau cheiro\" do nosso pecado n\u00e3o impe\u00e7a de espalhar o \"bom perfume\" de Cristo - Not\u00edcias - Franciscanos","robots":{"index":"index","follow":"follow","max-snippet":"max-snippet:-1","max-image-preview":"max-image-preview:large","max-video-preview":"max-video-preview:-1"},"canonical":"https:\/\/franciscanos.org.br\/noticias\/que-o-mau-cheiro-do-nosso-pecado-nao-impeca-de-espalhar-o-bom-perfume-de-cristo.html","og_locale":"pt_BR","og_type":"article","og_title":"Que o \"mau cheiro\" do nosso pecado n\u00e3o impe\u00e7a de espalhar o \"bom perfume\" de Cristo - Not\u00edcias - Franciscanos","og_description":"O &#8220;Esp\u00edrito Santo no Batismo de Jesus&#8221; foi o tema da catequese do Papa Francisco na Audi\u00eancia Geral desta quarta-feira, realizada na Sala Paulo VI. Ao ser ungido com o Esp\u00edrito de Deus, Cristo confere a todos os crist\u00e3os a tarefa de espalhar o seu &#8220;bom perfume&#8221; no mundo e n\u00e3o o &#8220;mau cheiro&#8221; do [&hellip;]","og_url":"https:\/\/franciscanos.org.br\/noticias\/que-o-mau-cheiro-do-nosso-pecado-nao-impeca-de-espalhar-o-bom-perfume-de-cristo.html","og_site_name":"Not\u00edcias - Franciscanos","article_published_time":"2024-08-21T13:49:44+00:00","og_image":[{"width":750,"height":422,"url":"https:\/\/franciscanos.org.br\/noticias\/wp-content\/uploads\/2024\/08\/AUDIENCIA-GERAL-21.08.jpeg","type":"image\/jpeg"}],"author":"Adriana Rabelo","twitter_card":"summary_large_image","twitter_misc":{"Escrito por":"Adriana Rabelo","Est. tempo de leitura":"8 minutos"},"schema":{"@context":"https:\/\/schema.org","@graph":[{"@type":"WebSite","@id":"https:\/\/franciscanos.org.br\/noticias\/#website","url":"https:\/\/franciscanos.org.br\/noticias\/","name":"Not\u00edcias - Franciscanos","description":"Prov\u00edncia Franciscana da Imaculada Concei\u00e7\u00e3o do Brasil - Ordem dos Frades Menores - OFM","potentialAction":[{"@type":"SearchAction","target":{"@type":"EntryPoint","urlTemplate":"https:\/\/franciscanos.org.br\/noticias\/?s={search_term_string}"},"query-input":"required name=search_term_string"}],"inLanguage":"pt-BR"},{"@type":"ImageObject","inLanguage":"pt-BR","@id":"https:\/\/franciscanos.org.br\/noticias\/que-o-mau-cheiro-do-nosso-pecado-nao-impeca-de-espalhar-o-bom-perfume-de-cristo.html#primaryimage","url":"https:\/\/franciscanos.org.br\/noticias\/wp-content\/uploads\/2024\/08\/AUDIENCIA-GERAL-21.08.jpeg","contentUrl":"https:\/\/franciscanos.org.br\/noticias\/wp-content\/uploads\/2024\/08\/AUDIENCIA-GERAL-21.08.jpeg","width":750,"height":422},{"@type":"WebPage","@id":"https:\/\/franciscanos.org.br\/noticias\/que-o-mau-cheiro-do-nosso-pecado-nao-impeca-de-espalhar-o-bom-perfume-de-cristo.html#webpage","url":"https:\/\/franciscanos.org.br\/noticias\/que-o-mau-cheiro-do-nosso-pecado-nao-impeca-de-espalhar-o-bom-perfume-de-cristo.html","name":"Que o \"mau cheiro\" do nosso pecado n\u00e3o impe\u00e7a de espalhar o \"bom perfume\" de Cristo - Not\u00edcias - Franciscanos","isPartOf":{"@id":"https:\/\/franciscanos.org.br\/noticias\/#website"},"primaryImageOfPage":{"@id":"https:\/\/franciscanos.org.br\/noticias\/que-o-mau-cheiro-do-nosso-pecado-nao-impeca-de-espalhar-o-bom-perfume-de-cristo.html#primaryimage"},"datePublished":"2024-08-21T13:49:44+00:00","dateModified":"2024-08-21T13:49:44+00:00","author":{"@id":"https:\/\/franciscanos.org.br\/noticias\/#\/schema\/person\/d9422e83121c3ad3b0f423d195f5bb25"},"breadcrumb":{"@id":"https:\/\/franciscanos.org.br\/noticias\/que-o-mau-cheiro-do-nosso-pecado-nao-impeca-de-espalhar-o-bom-perfume-de-cristo.html#breadcrumb"},"inLanguage":"pt-BR","potentialAction":[{"@type":"ReadAction","target":["https:\/\/franciscanos.org.br\/noticias\/que-o-mau-cheiro-do-nosso-pecado-nao-impeca-de-espalhar-o-bom-perfume-de-cristo.html"]}]},{"@type":"BreadcrumbList","@id":"https:\/\/franciscanos.org.br\/noticias\/que-o-mau-cheiro-do-nosso-pecado-nao-impeca-de-espalhar-o-bom-perfume-de-cristo.html#breadcrumb","itemListElement":[{"@type":"ListItem","position":1,"name":"Home","item":"https:\/\/franciscanos.org.br\/noticias"},{"@type":"ListItem","position":2,"name":"Que o &#8220;mau cheiro&#8221; do nosso pecado n\u00e3o impe\u00e7a de espalhar o &#8220;bom perfume&#8221; de Cristo"}]},{"@type":"Person","@id":"https:\/\/franciscanos.org.br\/noticias\/#\/schema\/person\/d9422e83121c3ad3b0f423d195f5bb25","name":"Adriana Rabelo","image":{"@type":"ImageObject","inLanguage":"pt-BR","@id":"https:\/\/franciscanos.org.br\/noticias\/#\/schema\/person\/image\/","url":"https:\/\/secure.gravatar.com\/avatar\/0a937b7500cd7df77540cfb8bede877d?s=96&d=mm&r=g","contentUrl":"https:\/\/secure.gravatar.com\/avatar\/0a937b7500cd7df77540cfb8bede877d?s=96&d=mm&r=g","caption":"Adriana Rabelo"},"url":"https:\/\/franciscanos.org.br\/noticias\/author\/adrianarabelo"}]}},"_links":{"self":[{"href":"https:\/\/franciscanos.org.br\/noticias\/wp-json\/wp\/v2\/posts\/250303"}],"collection":[{"href":"https:\/\/franciscanos.org.br\/noticias\/wp-json\/wp\/v2\/posts"}],"about":[{"href":"https:\/\/franciscanos.org.br\/noticias\/wp-json\/wp\/v2\/types\/post"}],"author":[{"embeddable":true,"href":"https:\/\/franciscanos.org.br\/noticias\/wp-json\/wp\/v2\/users\/11"}],"replies":[{"embeddable":true,"href":"https:\/\/franciscanos.org.br\/noticias\/wp-json\/wp\/v2\/comments?post=250303"}],"version-history":[{"count":1,"href":"https:\/\/franciscanos.org.br\/noticias\/wp-json\/wp\/v2\/posts\/250303\/revisions"}],"predecessor-version":[{"id":250305,"href":"https:\/\/franciscanos.org.br\/noticias\/wp-json\/wp\/v2\/posts\/250303\/revisions\/250305"}],"wp:featuredmedia":[{"embeddable":true,"href":"https:\/\/franciscanos.org.br\/noticias\/wp-json\/wp\/v2\/media\/250304"}],"wp:attachment":[{"href":"https:\/\/franciscanos.org.br\/noticias\/wp-json\/wp\/v2\/media?parent=250303"}],"wp:term":[{"taxonomy":"category","embeddable":true,"href":"https:\/\/franciscanos.org.br\/noticias\/wp-json\/wp\/v2\/categories?post=250303"},{"taxonomy":"post_tag","embeddable":true,"href":"https:\/\/franciscanos.org.br\/noticias\/wp-json\/wp\/v2\/tags?post=250303"}],"curies":[{"name":"wp","href":"https:\/\/api.w.org\/{rel}","templated":true}]}}