{"id":250262,"date":"2024-08-21T09:50:54","date_gmt":"2024-08-21T12:50:54","guid":{"rendered":"https:\/\/franciscanos.org.br\/noticias\/?p=250262"},"modified":"2024-08-21T10:04:32","modified_gmt":"2024-08-21T13:04:32","slug":"500-anos-de-sao-benedito-historia-e-devocao-no-convento-de-santo-antonio","status":"publish","type":"post","link":"https:\/\/franciscanos.org.br\/noticias\/500-anos-de-sao-benedito-historia-e-devocao-no-convento-de-santo-antonio.html","title":{"rendered":"500 anos de S\u00e3o Benedito: Hist\u00f3ria e devo\u00e7\u00e3o no Convento Santo Ant\u00f4nio"},"content":{"rendered":"<p><img loading=\"lazy\" class=\"aligncenter wp-image-250263 size-full\" src=\"https:\/\/franciscanos.org.br\/noticias\/wp-content\/uploads\/2024\/08\/MATERIA-17.jpg\" alt=\"\" width=\"1280\" height=\"720\" srcset=\"https:\/\/franciscanos.org.br\/noticias\/wp-content\/uploads\/2024\/08\/MATERIA-17.jpg 1280w, https:\/\/franciscanos.org.br\/noticias\/wp-content\/uploads\/2024\/08\/MATERIA-17-450x253.jpg 450w, https:\/\/franciscanos.org.br\/noticias\/wp-content\/uploads\/2024\/08\/MATERIA-17-1024x576.jpg 1024w, https:\/\/franciscanos.org.br\/noticias\/wp-content\/uploads\/2024\/08\/MATERIA-17-768x432.jpg 768w, https:\/\/franciscanos.org.br\/noticias\/wp-content\/uploads\/2024\/08\/MATERIA-17-150x84.jpg 150w\" sizes=\"(max-width: 1280px) 100vw, 1280px\" \/><\/p>\n<p><span style=\"font-weight: 400;\">O Convento de Santo Ant\u00f4nio do Largo da Carioca, Rio de Janeiro (RJ), estava repleto de devotos, nesta ter\u00e7a-feira (20\/08), para a Missa de A\u00e7\u00e3o de Gra\u00e7as pela Visita da Rel\u00edquia de S\u00e3o Benedito ao Brasil. O fragmento do corpo do santo foi trazido pelo Frei Fernando Truppia e Frei Marcelo Badalamenti, da Prov\u00edncia do Sant\u00edssimo Nome de Jesus, na Sic\u00edlia, It\u00e1lia.<\/span><\/p>\n<p><span style=\"font-weight: 400;\"><img loading=\"lazy\" class=\"size-medium wp-image-250270 alignright\" src=\"https:\/\/franciscanos.org.br\/noticias\/wp-content\/uploads\/2024\/08\/IMG-20240820-WA0069-1-450x338.jpg\" alt=\"\" width=\"450\" height=\"338\" srcset=\"https:\/\/franciscanos.org.br\/noticias\/wp-content\/uploads\/2024\/08\/IMG-20240820-WA0069-1-450x338.jpg 450w, https:\/\/franciscanos.org.br\/noticias\/wp-content\/uploads\/2024\/08\/IMG-20240820-WA0069-1-1024x768.jpg 1024w, https:\/\/franciscanos.org.br\/noticias\/wp-content\/uploads\/2024\/08\/IMG-20240820-WA0069-1-768x576.jpg 768w, https:\/\/franciscanos.org.br\/noticias\/wp-content\/uploads\/2024\/08\/IMG-20240820-WA0069-1-1536x1152.jpg 1536w, https:\/\/franciscanos.org.br\/noticias\/wp-content\/uploads\/2024\/08\/IMG-20240820-WA0069-1-2048x1536.jpg 2048w, https:\/\/franciscanos.org.br\/noticias\/wp-content\/uploads\/2024\/08\/IMG-20240820-WA0069-1-150x113.jpg 150w, https:\/\/franciscanos.org.br\/noticias\/wp-content\/uploads\/2024\/08\/IMG-20240820-WA0069-1-600x450.jpg 600w, https:\/\/franciscanos.org.br\/noticias\/wp-content\/uploads\/2024\/08\/IMG-20240820-WA0069-1-scaled.jpg 1440w\" sizes=\"(max-width: 450px) 100vw, 450px\" \/>Desde o \u00faltimo dia 8 de agosto, os frades percorreram localidades em S\u00e3o Paulo e no Rio de Janeiro, onde as Irmandades do Ros\u00e1rio e de S\u00e3o Benedito est\u00e3o presentes. No entanto, h\u00e1 mais de 30 dias eles est\u00e3o em viagem pela Am\u00e9rica Latina, onde tamb\u00e9m passaram pela Venezuela e Peru, em comemora\u00e7\u00e3o aos 500 anos do nascimento do santo negro franciscano. Em terras brasileiras foram cerca de 10 lugares visitados, nos quais os fi\u00e9is puderam louvar S\u00e3o Benedito. <\/span><\/p>\n<p><span style=\"font-weight: 400;\">Na cidade carioca, o momento de encontro com a rel\u00edquia foi \u00e0s 10h, na tradicional celebra\u00e7\u00e3o do convento. Frei Walter Ferreira Junior, guardi\u00e3o e reitor, acolheu a todos e destacou a import\u00e2ncia do momento.<\/span><\/p>\n<p><span style=\"font-weight: 400;\">A celebra\u00e7\u00e3o foi presidida por Frei Alvaci Mendes da Silva, diretor da USF (Universidade S\u00e3o Francisco), em Bragan\u00e7a Paulista (SP), que desenvolveu uma pesquisa acad\u00eamica sobre a vida de S\u00e3o Benedito, e coordena a visita da rel\u00edquia no pa\u00eds. Os concelebrantes foram Frei Gilberto da Silva, da Fraternidade Sagrado Cora\u00e7\u00e3o de Jesus, de Petr\u00f3polis (RJ), Frei Guido Scottini, residente do convento e o di\u00e1cono Elmo Irade.<\/span><\/p>\n<p><span style=\"font-weight: 400;\">Convidado pelo frade celebrante, Frei Fernando, guardi\u00e3o da rel\u00edquia, falou sobre a peregrina\u00e7\u00e3o devocional. \u201cViemos porque queremos solenizar os 500 anos de nascimento de S\u00e3o Benedito, o Mouro. Queremos nos encontrar com todos os devotos do santo e os que seguem a espiritualidade franciscana. Quando fazemos caminho de verdade, de seguimento\u00a0 de Jesus,\u00a0 n\u00e3o h\u00e1 um antes e um depois, somos todos contempor\u00e2neos, porque um caminho aut\u00eantico de f\u00e9 nos faz sempre sermos contempor\u00e2neos a Jesus. Essa \u00e9 a mensagem que S\u00e3o Benedito quer nos\u00a0 transmitir nesses 500 anos de seu nascimento. Deus me deu essa alegria de conviver perto de S\u00e3o Benedito e de seus devotos nessa contemporaneidade do santo. Vivemos em Palermo, onde S\u00e3o Benedito viveu\u201d, salientou o frade italiano.<\/span><\/p>\n\n\t\t<style type=\"text\/css\">\n\t\t\t#gallery-1 {\n\t\t\t\tmargin: auto;\n\t\t\t}\n\t\t\t#gallery-1 .gallery-item {\n\t\t\t\tfloat: left;\n\t\t\t\tmargin-top: 10px;\n\t\t\t\ttext-align: center;\n\t\t\t\twidth: 33%;\n\t\t\t}\n\t\t\t#gallery-1 img {\n\t\t\t\tborder: 2px solid #cfcfcf;\n\t\t\t}\n\t\t\t#gallery-1 .gallery-caption {\n\t\t\t\tmargin-left: 0;\n\t\t\t}\n\t\t\t\/* see gallery_shortcode() in wp-includes\/media.php *\/\n\t\t<\/style>\n\t\t<div id='gallery-1' class='gallery galleryid-250262 gallery-columns-3 gallery-size-medium'><dl class='gallery-item'>\n\t\t\t<dt class='gallery-icon portrait'>\n\t\t\t\t<a href='https:\/\/franciscanos.org.br\/noticias\/wp-content\/uploads\/2024\/08\/IMG-20240820-WA0064-scaled.jpg'><img width=\"338\" height=\"450\" src=\"https:\/\/franciscanos.org.br\/noticias\/wp-content\/uploads\/2024\/08\/IMG-20240820-WA0064-338x450.jpg\" class=\"attachment-medium size-medium\" alt=\"\" loading=\"lazy\" srcset=\"https:\/\/franciscanos.org.br\/noticias\/wp-content\/uploads\/2024\/08\/IMG-20240820-WA0064-338x450.jpg 338w, https:\/\/franciscanos.org.br\/noticias\/wp-content\/uploads\/2024\/08\/IMG-20240820-WA0064-768x1024.jpg 768w, https:\/\/franciscanos.org.br\/noticias\/wp-content\/uploads\/2024\/08\/IMG-20240820-WA0064-1152x1536.jpg 1152w, https:\/\/franciscanos.org.br\/noticias\/wp-content\/uploads\/2024\/08\/IMG-20240820-WA0064-1536x2048.jpg 1536w, https:\/\/franciscanos.org.br\/noticias\/wp-content\/uploads\/2024\/08\/IMG-20240820-WA0064-150x200.jpg 150w, https:\/\/franciscanos.org.br\/noticias\/wp-content\/uploads\/2024\/08\/IMG-20240820-WA0064-scaled.jpg 1440w\" sizes=\"(max-width: 338px) 100vw, 338px\" \/><\/a>\n\t\t\t<\/dt><\/dl><dl class='gallery-item'>\n\t\t\t<dt class='gallery-icon portrait'>\n\t\t\t\t<a href='https:\/\/franciscanos.org.br\/noticias\/wp-content\/uploads\/2024\/08\/IMG-20240820-WA0057-scaled.jpg'><img width=\"338\" height=\"450\" src=\"https:\/\/franciscanos.org.br\/noticias\/wp-content\/uploads\/2024\/08\/IMG-20240820-WA0057-338x450.jpg\" class=\"attachment-medium size-medium\" alt=\"\" loading=\"lazy\" srcset=\"https:\/\/franciscanos.org.br\/noticias\/wp-content\/uploads\/2024\/08\/IMG-20240820-WA0057-338x450.jpg 338w, https:\/\/franciscanos.org.br\/noticias\/wp-content\/uploads\/2024\/08\/IMG-20240820-WA0057-768x1024.jpg 768w, https:\/\/franciscanos.org.br\/noticias\/wp-content\/uploads\/2024\/08\/IMG-20240820-WA0057-1152x1536.jpg 1152w, https:\/\/franciscanos.org.br\/noticias\/wp-content\/uploads\/2024\/08\/IMG-20240820-WA0057-1536x2048.jpg 1536w, https:\/\/franciscanos.org.br\/noticias\/wp-content\/uploads\/2024\/08\/IMG-20240820-WA0057-150x200.jpg 150w, https:\/\/franciscanos.org.br\/noticias\/wp-content\/uploads\/2024\/08\/IMG-20240820-WA0057-scaled.jpg 810w\" sizes=\"(max-width: 338px) 100vw, 338px\" \/><\/a>\n\t\t\t<\/dt><\/dl><dl class='gallery-item'>\n\t\t\t<dt class='gallery-icon portrait'>\n\t\t\t\t<a href='https:\/\/franciscanos.org.br\/noticias\/wp-content\/uploads\/2024\/08\/IMG-20240820-WA0056-scaled.jpg'><img width=\"338\" height=\"450\" src=\"https:\/\/franciscanos.org.br\/noticias\/wp-content\/uploads\/2024\/08\/IMG-20240820-WA0056-338x450.jpg\" class=\"attachment-medium size-medium\" alt=\"\" loading=\"lazy\" srcset=\"https:\/\/franciscanos.org.br\/noticias\/wp-content\/uploads\/2024\/08\/IMG-20240820-WA0056-338x450.jpg 338w, https:\/\/franciscanos.org.br\/noticias\/wp-content\/uploads\/2024\/08\/IMG-20240820-WA0056-768x1024.jpg 768w, https:\/\/franciscanos.org.br\/noticias\/wp-content\/uploads\/2024\/08\/IMG-20240820-WA0056-1152x1536.jpg 1152w, https:\/\/franciscanos.org.br\/noticias\/wp-content\/uploads\/2024\/08\/IMG-20240820-WA0056-1536x2048.jpg 1536w, https:\/\/franciscanos.org.br\/noticias\/wp-content\/uploads\/2024\/08\/IMG-20240820-WA0056-150x200.jpg 150w, https:\/\/franciscanos.org.br\/noticias\/wp-content\/uploads\/2024\/08\/IMG-20240820-WA0056-scaled.jpg 810w\" sizes=\"(max-width: 338px) 100vw, 338px\" \/><\/a>\n\t\t\t<\/dt><\/dl><br style=\"clear: both\" \/>\n\t\t<\/div>\n\n<p><span style=\"font-weight: 400;\">O frade visitante mencionou o inc\u00eandio ocorrido, em julho de 2023,\u00a0 na igreja do Convento de Santa Maria de Jesus (Santa Maria di Ges\u00f9), onde ficava o corpo incorrupto de S\u00e3o Benedito, que foi danificado.\u00a0 \u201cDesse inc\u00eandio ainda salvamos algumas rel\u00edquias do santo. Uma parte significativa que restou do corpo de S\u00e3o Benedito est\u00e1 em peregrina\u00e7\u00e3o e presente nessa celebra\u00e7\u00e3o\u201d, explicou.<\/span><\/p>\n<p><span style=\"font-weight: 400;\">Frei Fernando comunicou que uma rel\u00edquia seria deixada no convento ao final da celebra\u00e7\u00e3o, como forma de manter ainda mais forte a presen\u00e7a do santo para seus devotos. Ele convidou os fi\u00e9is presentes a percorrerem o mesmo caminho\u00a0 do santo fraciscano na terra. \u201c N\u00e3o olhem para baixo, olhem para o alto, como dizia S\u00e3o Benedito. Nossa verdadeira p\u00e1tria n\u00e3o \u00e9 o Brasil, a It\u00e1lia ou qualquer parte do mundo, a nossa verdadeira p\u00e1tria e o c\u00e9u. Essa experi\u00eancia que\u00a0 ele viveu, a seu modo, a Palavra de Deus. Como dizia S\u00e3o Benedito: \u2018Se percorremos o verdadeiro caminho buscando o c\u00e9u, n\u00f3s experimentaremos aquilo que eu estou experimentando\u2019\u201d, concluiu.<\/span><\/p>\n<p><span style=\"font-weight: 400;\">Em sua homilia, Frei Alvaci falou sobre a import\u00e2ncia da presen\u00e7a da rel\u00edquia no Rio de Janeiro. \u201c\u00c9 muito significativo para n\u00f3s celebrar S\u00e3o Benedito e encerrar praticamente o programa dessa peregrina\u00e7\u00e3o aqui no Convento de Santo Antonio. Frei Fernando e Frei Marcelo, est\u00e3o percorrendo v\u00e1rias cidades em par\u00f3quias, santu\u00e1rios, lugares onde a devo\u00e7\u00e3o a S\u00e3o Benedito \u00e9 forte. \u00c9 simb\u00f3lico terminarmos no Convento de Santo Ant\u00f4nio, porque o primeiro milagre atribu\u00eddo a S\u00e3o Benedito, no Brasil, foi nesse lugar\u201d, destacou<\/span><\/p>\n<p><span style=\"font-weight: 400;\">De acordo com o frade, o caso foi relatado por um franciscano que vivia no convento, chamado Frei Apolin\u00e1rio da Concei\u00e7\u00e3o,\u00a0 e apresentado em sua primeira biografia entitulada \u201cFlor Peregrina\u201d, na qual descreve o milagre do santo negro.<\/span><\/p>\n<p><b>O\u00a0 milagre<\/b><span style=\"font-weight: 400;\"><img loading=\"lazy\" class=\"size-medium wp-image-250277 alignright\" src=\"https:\/\/franciscanos.org.br\/noticias\/wp-content\/uploads\/2024\/08\/IMG-20240820-WA0053-338x450.jpg\" alt=\"\" width=\"338\" height=\"450\" srcset=\"https:\/\/franciscanos.org.br\/noticias\/wp-content\/uploads\/2024\/08\/IMG-20240820-WA0053-338x450.jpg 338w, https:\/\/franciscanos.org.br\/noticias\/wp-content\/uploads\/2024\/08\/IMG-20240820-WA0053-768x1024.jpg 768w, https:\/\/franciscanos.org.br\/noticias\/wp-content\/uploads\/2024\/08\/IMG-20240820-WA0053-1152x1536.jpg 1152w, https:\/\/franciscanos.org.br\/noticias\/wp-content\/uploads\/2024\/08\/IMG-20240820-WA0053-1536x2048.jpg 1536w, https:\/\/franciscanos.org.br\/noticias\/wp-content\/uploads\/2024\/08\/IMG-20240820-WA0053-150x200.jpg 150w, https:\/\/franciscanos.org.br\/noticias\/wp-content\/uploads\/2024\/08\/IMG-20240820-WA0053-scaled.jpg 810w\" sizes=\"(max-width: 338px) 100vw, 338px\" \/><\/span><\/p>\n<p><span style=\"font-weight: 400;\">Frei Alvaci contou que uma sinh\u00e1 (senhora), tinha uma negra escravizada, que era m\u00e3e de um menino de aproximadamente 4 anos de idade, muito querido pela dona da casa. Certo dia, a crian\u00e7a engasgou-se com uma espinha de peixe. Rapidamente, a sinh\u00e1 levou a crian\u00e7a ao convento,\u00a0 e pediu para que o frade passasse o cord\u00e3o de Santo Ant\u00f4nio no pesco\u00e7o do menino para que\u00a0 ele desengasgasse. O frade\u00a0 atendeu o pedido, mas de nada adiantou. Ent\u00e3o, ela pediu aos frades que rezassem para S\u00e3o Francisco e, novamente, a tentativa foi em v\u00e3o. Diante daquela situa\u00e7\u00e3o, o guardi\u00e3o do convento lembrou-se de um frade negro, que havia falecido h\u00e1 poucos anos tempo, em Palermo, na It\u00e1lia, mas j\u00e1 tinha relatos de que aquele homem era santo. Esse frade sugeriu \u00e0 mulher que rezasse e pedisse para que Frei Benedito intercedesse por aquele menino. A sinh\u00e1 voltou para casa e disse para a m\u00e3e do garoto rezar e pedir para que Benedito curasse seu filho. No outro dia a crian\u00e7a acordou curada. O menino relatou \u00e0 m\u00e3e que um frade, vestido de Santo Ant\u00f4nio, o visitou, chamando-o de parente (forma como os negros escravizados chamavam aqueles que tinham a mesma cor de pele) e o curou. Esse foi o primeiro milagre no Brasil.<\/span><\/p>\n<p><span style=\"font-weight: 400;\">O frade salientou que em vida S\u00e3o Benedito j\u00e1 havia feito milagres na regi\u00e3o onde morava, e os frades que estavam no Brasil fizeram quest\u00e3o de trazer\u00a0 e fortalecer a devo\u00e7\u00e3o e, segundo ele,\u00a0 devido a proximidade com o povo, <\/span><span style=\"font-weight: 400;\">a devo\u00e7\u00e3o ao santo cresceu muito\u00a0 no Brasil.\u00a0 \u201cNo come\u00e7o a devo\u00e7\u00e3o a S\u00e3o Benedito era limitada aos altares dos conventos. Depois, devido \u00e0 popularidade do santo, ele foi para as ruas, para junto do povo, virando festa popular, sendo louvado por meio das congadas, dos mo\u00e7ambiques, das marujadas, do reizado. Tamb\u00e9m \u00e9 forte sua presen\u00e7a nas comunidades remanescentes de quilombo e outras comunidades afros. Nesses lugares S\u00e3o Benedito virou um grande modelo de homem santo que pode ser seguido\u201d, destacou. <\/span><\/p>\n<p><b>Passos santos de S\u00e3o Benedito <\/b><\/p>\n<p><span style=\"font-weight: 400;\">A homilia tamb\u00e9m foi um momento para os devotos conhecerem mais detalhes sobre a hist\u00f3ria de S\u00e3o Benedito. \u201cPrimeiro ele foi eremita, recluso, que vivia em constante ora\u00e7\u00e3o e penit\u00eancia. Mas, depois, com o fim dos eremit\u00e9rios, S\u00e3o Benedito foi viver no Convento de Santa Maria de Jesus, onde tornou-se franciscano. Nunca deixou de ser um homem muito simples, iletrado, que tamb\u00e9m foi porteiro, guardi\u00e3o e chegou a ser mestre de novi\u00e7os. Com sua simplicidade assumiu v\u00e1rias fun\u00e7\u00f5es no convento.\u00a0 Ele foi um modelo de santidade que hoje, 500 anos depois, recordamos e lembramos, cantamos, dan\u00e7amos, festejamos e nos alegramos\u201d.<\/span><\/p>\n<p><span style=\"font-weight: 400;\">Segundo o frade, o Evangelho do dia foi muito apropriado para o momento e estava voltado para aqueles que se colocam no seguimento de Jesus Cristo, como fez S\u00e3o Benedito. \u201c S\u00e3o os pequenos deste mundo que se tornam os primeiros, diz a frase final do Evangelho. \u201cQue possamos olhar para esse modelo de santidade, apresentado no Brasil, l\u00e1 no come\u00e7o quando ainda \u00e9ramos col\u00f4nia de Portugal. Posso olhar hoje para esse santo, 500 anos depois do seu nascimento, \u00e9 aprender com sua obedi\u00eancia, simplicidade e humildade. Um olhar para algu\u00e9m que se colocou a servi\u00e7o, fazendo bem feito aquilo que escolheu fazer\u201d, disse admirado.<\/span><\/p>\n<p><span style=\"font-weight: 400;\">\u201cAs escolhas que fazemos s\u00e3o m\u00faltiplas, diversas, cada um faz a sua. O bonito \u00e9 a gente vier bem, com intensidade aquilo que escolhemos fazer. Ainda temos muito o que aprender com S\u00e3o Benedito, aquele que se colocou inteiramente \u00e0 disposi\u00e7\u00e3o de Deus, fazendo da sua vida servi\u00e7o, da sua vida franciscanismo, da sua vida entrega a Deus. Que ele nos ajude a sermos homens e mulheres seguidores de Jesus Cristo, nosso grande modelo de vida, atrav\u00e9s dos nossos santos\u2019, concluiu.<\/span><\/p>\n<p>Seguindo para o final da celebra\u00e7\u00e3o, Frei Walter agradeceu a presen\u00e7a dos devotos do Rio de Janeiro e Minas Gerais e convidou os presentes para, ap\u00f3s a celebra\u00e7\u00e3o, saborear um bolo de festa oferecido pelo senhor Roberto Curi, em nome da SARCA ( Sociedade Amigos da Rua da Carioca e Adjacentes), para\u00a0 festejar os 500 anos do nascimento de S\u00e3o Benedito.<\/p>\n\n\t\t<style type=\"text\/css\">\n\t\t\t#gallery-2 {\n\t\t\t\tmargin: auto;\n\t\t\t}\n\t\t\t#gallery-2 .gallery-item {\n\t\t\t\tfloat: left;\n\t\t\t\tmargin-top: 10px;\n\t\t\t\ttext-align: center;\n\t\t\t\twidth: 33%;\n\t\t\t}\n\t\t\t#gallery-2 img {\n\t\t\t\tborder: 2px solid #cfcfcf;\n\t\t\t}\n\t\t\t#gallery-2 .gallery-caption {\n\t\t\t\tmargin-left: 0;\n\t\t\t}\n\t\t\t\/* see gallery_shortcode() in wp-includes\/media.php *\/\n\t\t<\/style>\n\t\t<div id='gallery-2' class='gallery galleryid-250262 gallery-columns-3 gallery-size-medium'><dl class='gallery-item'>\n\t\t\t<dt class='gallery-icon portrait'>\n\t\t\t\t<a href='https:\/\/franciscanos.org.br\/noticias\/wp-content\/uploads\/2024\/08\/IMG-20240820-WA0046-scaled.jpg'><img width=\"338\" height=\"450\" src=\"https:\/\/franciscanos.org.br\/noticias\/wp-content\/uploads\/2024\/08\/IMG-20240820-WA0046-338x450.jpg\" class=\"attachment-medium size-medium\" alt=\"\" loading=\"lazy\" srcset=\"https:\/\/franciscanos.org.br\/noticias\/wp-content\/uploads\/2024\/08\/IMG-20240820-WA0046-338x450.jpg 338w, https:\/\/franciscanos.org.br\/noticias\/wp-content\/uploads\/2024\/08\/IMG-20240820-WA0046-768x1024.jpg 768w, https:\/\/franciscanos.org.br\/noticias\/wp-content\/uploads\/2024\/08\/IMG-20240820-WA0046-1152x1536.jpg 1152w, https:\/\/franciscanos.org.br\/noticias\/wp-content\/uploads\/2024\/08\/IMG-20240820-WA0046-1536x2048.jpg 1536w, https:\/\/franciscanos.org.br\/noticias\/wp-content\/uploads\/2024\/08\/IMG-20240820-WA0046-150x200.jpg 150w, https:\/\/franciscanos.org.br\/noticias\/wp-content\/uploads\/2024\/08\/IMG-20240820-WA0046-scaled.jpg 810w\" sizes=\"(max-width: 338px) 100vw, 338px\" \/><\/a>\n\t\t\t<\/dt><\/dl><dl class='gallery-item'>\n\t\t\t<dt class='gallery-icon portrait'>\n\t\t\t\t<a href='https:\/\/franciscanos.org.br\/noticias\/wp-content\/uploads\/2024\/08\/IMG-20240820-WA0047-scaled.jpg'><img width=\"338\" height=\"450\" src=\"https:\/\/franciscanos.org.br\/noticias\/wp-content\/uploads\/2024\/08\/IMG-20240820-WA0047-338x450.jpg\" class=\"attachment-medium size-medium\" alt=\"\" loading=\"lazy\" srcset=\"https:\/\/franciscanos.org.br\/noticias\/wp-content\/uploads\/2024\/08\/IMG-20240820-WA0047-338x450.jpg 338w, https:\/\/franciscanos.org.br\/noticias\/wp-content\/uploads\/2024\/08\/IMG-20240820-WA0047-768x1024.jpg 768w, https:\/\/franciscanos.org.br\/noticias\/wp-content\/uploads\/2024\/08\/IMG-20240820-WA0047-1152x1536.jpg 1152w, https:\/\/franciscanos.org.br\/noticias\/wp-content\/uploads\/2024\/08\/IMG-20240820-WA0047-1536x2048.jpg 1536w, https:\/\/franciscanos.org.br\/noticias\/wp-content\/uploads\/2024\/08\/IMG-20240820-WA0047-150x200.jpg 150w, https:\/\/franciscanos.org.br\/noticias\/wp-content\/uploads\/2024\/08\/IMG-20240820-WA0047-scaled.jpg 810w\" sizes=\"(max-width: 338px) 100vw, 338px\" \/><\/a>\n\t\t\t<\/dt><\/dl><dl class='gallery-item'>\n\t\t\t<dt class='gallery-icon portrait'>\n\t\t\t\t<a href='https:\/\/franciscanos.org.br\/noticias\/wp-content\/uploads\/2024\/08\/IMG-20240820-WA0048-scaled.jpg'><img width=\"338\" height=\"450\" src=\"https:\/\/franciscanos.org.br\/noticias\/wp-content\/uploads\/2024\/08\/IMG-20240820-WA0048-338x450.jpg\" class=\"attachment-medium size-medium\" alt=\"\" loading=\"lazy\" srcset=\"https:\/\/franciscanos.org.br\/noticias\/wp-content\/uploads\/2024\/08\/IMG-20240820-WA0048-338x450.jpg 338w, https:\/\/franciscanos.org.br\/noticias\/wp-content\/uploads\/2024\/08\/IMG-20240820-WA0048-768x1024.jpg 768w, https:\/\/franciscanos.org.br\/noticias\/wp-content\/uploads\/2024\/08\/IMG-20240820-WA0048-1152x1536.jpg 1152w, https:\/\/franciscanos.org.br\/noticias\/wp-content\/uploads\/2024\/08\/IMG-20240820-WA0048-1536x2048.jpg 1536w, https:\/\/franciscanos.org.br\/noticias\/wp-content\/uploads\/2024\/08\/IMG-20240820-WA0048-150x200.jpg 150w, https:\/\/franciscanos.org.br\/noticias\/wp-content\/uploads\/2024\/08\/IMG-20240820-WA0048-scaled.jpg 810w\" sizes=\"(max-width: 338px) 100vw, 338px\" \/><\/a>\n\t\t\t<\/dt><\/dl><br style=\"clear: both\" \/>\n\t\t<\/div>\n\n<p><b>Uma can\u00e7\u00e3o de f\u00e9<\/b><\/p>\n<p>Frei Athaylton Jorge Monteiro Belo, o Frei Tat\u00e1, da Fraternidade Nossa Senhora Aparecida, em Nil\u00f3polis (RJ), que tamb\u00e9m estava presente na celebra\u00e7\u00e3o, foi convidado para cantar uma m\u00fasica de sua autoria. Mas, antes pediu para todos rezarem a ora\u00e7\u00e3o de S\u00e3o Benedito.<\/p>\n<p><span style=\"font-weight: 400;\">G<\/span><i><span style=\"font-weight: 400;\">lorioso S\u00e3o Benedito, grande confessor da f\u00e9, com toda a confian\u00e7a venho implorar a vossa valiosa prote\u00e7\u00e3o. V\u00f3s, a quem Deus enriqueceu com os dons celestes, impetra-me as gra\u00e7as que ardentemente desejo para maior gl\u00f3ria de Deus. Confortar o meu cora\u00e7\u00e3o nos desalentos<\/span><\/i><\/p>\n<p><i><span style=\"font-weight: 400;\">Fortificai a minha vontade para cumprir bem os meus deveres\u00a0 e vinde orientar-me nas horas decisivas da vida. Dai-me confian\u00e7a nos des\u00e2nimos e sofrimentos. Sede o meu companheiro nas horas de solid\u00e3o e desconforto<\/span><\/i><\/p>\n<p><i><span style=\"font-weight: 400;\">Assisti-me e guiai-me na hora da minha morte, para que eu possa bendizer a Deus neste mundo e goz\u00e1-lo na eternidade com Jesus Cristo, a quem tanto amastes.<\/span><\/i><\/p>\n<p><i><span style=\"font-weight: 400;\">Am\u00e9m, S\u00e3o Benedito<\/span><\/i><\/p>\n<p><span style=\"font-weight: 400;\">Na sequ\u00eancia, acompanhado pelos fi\u00e9is da sua comunidade, o frade cantou :<\/span><\/p>\n<p><em><b>O perfume da gra\u00e7a <\/b><span style=\"font-weight: 400;\">(Letra e M\u00fasica: Frei Tat\u00e1)<\/span><\/em><\/p>\n<p><em><span style=\"font-weight: 400;\">O perfume da gra\u00e7a \u00e9 muito mais que o aroma do caf\u00e9 deste homem bom.<\/span><\/em><\/p>\n<p><em><span style=\"font-weight: 400;\">Benedito \u00e9 (bis)<\/span><\/em><\/p>\n<p><em><span style=\"font-weight: 400;\">Sejam bem-vindos<\/span><\/em><\/p>\n<p><em><span style=\"font-weight: 400;\">O maior milagre \u00e9 o dom de f\u00e9<\/span><\/em><\/p>\n<p><em><span style=\"font-weight: 400;\">Ver nosso povo sorrindo, sambando, brincando Mo\u00e7ambique \u00e9 (bis)<\/span><\/em><\/p>\n<p><em><span style=\"font-weight: 400;\">O perfume da gra\u00e7a (Ref)<\/span><\/em><\/p>\n<p><em><span style=\"font-weight: 400;\">Vejam as flores, o que era p\u00e3o, l\u00e1 no cora\u00e7\u00e3o \u00e9 partilha, \u00e9 dom,<\/span><\/em><\/p>\n<p><em><span style=\"font-weight: 400;\">\u00c9 negra felicidade. (bis)<\/span><\/em><\/p>\n<p><span style=\"font-weight: 400;\">Ap\u00f3s entoar o canto, Frei Tat\u00e1 agradeceu a chegada das rel\u00edquias e a hist\u00f3ria contada durante a celebra\u00e7\u00e3o, e falou em voz alta: \u201cViva S\u00e3o Benedito! Viva Nossa Senhora do Ros\u00e1rio!\u201d. Segundo ele, onde est\u00e1 um santo, o outro tamb\u00e9m est\u00e1 .<\/span><\/p>\n\n\t\t<style type=\"text\/css\">\n\t\t\t#gallery-3 {\n\t\t\t\tmargin: auto;\n\t\t\t}\n\t\t\t#gallery-3 .gallery-item {\n\t\t\t\tfloat: left;\n\t\t\t\tmargin-top: 10px;\n\t\t\t\ttext-align: center;\n\t\t\t\twidth: 25%;\n\t\t\t}\n\t\t\t#gallery-3 img {\n\t\t\t\tborder: 2px solid #cfcfcf;\n\t\t\t}\n\t\t\t#gallery-3 .gallery-caption {\n\t\t\t\tmargin-left: 0;\n\t\t\t}\n\t\t\t\/* see gallery_shortcode() in wp-includes\/media.php *\/\n\t\t<\/style>\n\t\t<div id='gallery-3' class='gallery galleryid-250262 gallery-columns-4 gallery-size-medium'><dl class='gallery-item'>\n\t\t\t<dt class='gallery-icon landscape'>\n\t\t\t\t<a href='https:\/\/franciscanos.org.br\/noticias\/wp-content\/uploads\/2024\/08\/IMG-20240820-WA0004-scaled.jpg'><img width=\"450\" height=\"338\" src=\"https:\/\/franciscanos.org.br\/noticias\/wp-content\/uploads\/2024\/08\/IMG-20240820-WA0004-450x338.jpg\" class=\"attachment-medium size-medium\" alt=\"\" loading=\"lazy\" srcset=\"https:\/\/franciscanos.org.br\/noticias\/wp-content\/uploads\/2024\/08\/IMG-20240820-WA0004-450x338.jpg 450w, https:\/\/franciscanos.org.br\/noticias\/wp-content\/uploads\/2024\/08\/IMG-20240820-WA0004-1024x768.jpg 1024w, https:\/\/franciscanos.org.br\/noticias\/wp-content\/uploads\/2024\/08\/IMG-20240820-WA0004-768x576.jpg 768w, https:\/\/franciscanos.org.br\/noticias\/wp-content\/uploads\/2024\/08\/IMG-20240820-WA0004-1536x1152.jpg 1536w, https:\/\/franciscanos.org.br\/noticias\/wp-content\/uploads\/2024\/08\/IMG-20240820-WA0004-2048x1536.jpg 2048w, https:\/\/franciscanos.org.br\/noticias\/wp-content\/uploads\/2024\/08\/IMG-20240820-WA0004-150x113.jpg 150w, https:\/\/franciscanos.org.br\/noticias\/wp-content\/uploads\/2024\/08\/IMG-20240820-WA0004-600x450.jpg 600w, https:\/\/franciscanos.org.br\/noticias\/wp-content\/uploads\/2024\/08\/IMG-20240820-WA0004-scaled.jpg 1440w\" sizes=\"(max-width: 450px) 100vw, 450px\" \/><\/a>\n\t\t\t<\/dt><\/dl><dl class='gallery-item'>\n\t\t\t<dt class='gallery-icon landscape'>\n\t\t\t\t<a href='https:\/\/franciscanos.org.br\/noticias\/wp-content\/uploads\/2024\/08\/IMG-20240820-WA0022-scaled.jpg'><img width=\"450\" height=\"338\" src=\"https:\/\/franciscanos.org.br\/noticias\/wp-content\/uploads\/2024\/08\/IMG-20240820-WA0022-450x338.jpg\" class=\"attachment-medium size-medium\" alt=\"\" loading=\"lazy\" srcset=\"https:\/\/franciscanos.org.br\/noticias\/wp-content\/uploads\/2024\/08\/IMG-20240820-WA0022-450x338.jpg 450w, https:\/\/franciscanos.org.br\/noticias\/wp-content\/uploads\/2024\/08\/IMG-20240820-WA0022-1024x768.jpg 1024w, https:\/\/franciscanos.org.br\/noticias\/wp-content\/uploads\/2024\/08\/IMG-20240820-WA0022-768x576.jpg 768w, https:\/\/franciscanos.org.br\/noticias\/wp-content\/uploads\/2024\/08\/IMG-20240820-WA0022-1536x1152.jpg 1536w, https:\/\/franciscanos.org.br\/noticias\/wp-content\/uploads\/2024\/08\/IMG-20240820-WA0022-2048x1536.jpg 2048w, https:\/\/franciscanos.org.br\/noticias\/wp-content\/uploads\/2024\/08\/IMG-20240820-WA0022-150x113.jpg 150w, https:\/\/franciscanos.org.br\/noticias\/wp-content\/uploads\/2024\/08\/IMG-20240820-WA0022-600x450.jpg 600w, https:\/\/franciscanos.org.br\/noticias\/wp-content\/uploads\/2024\/08\/IMG-20240820-WA0022-scaled.jpg 1440w\" sizes=\"(max-width: 450px) 100vw, 450px\" \/><\/a>\n\t\t\t<\/dt><\/dl><dl class='gallery-item'>\n\t\t\t<dt class='gallery-icon landscape'>\n\t\t\t\t<a href='https:\/\/franciscanos.org.br\/noticias\/wp-content\/uploads\/2024\/08\/IMG-20240820-WA0031-scaled.jpg'><img width=\"450\" height=\"338\" src=\"https:\/\/franciscanos.org.br\/noticias\/wp-content\/uploads\/2024\/08\/IMG-20240820-WA0031-450x338.jpg\" class=\"attachment-medium size-medium\" alt=\"\" loading=\"lazy\" srcset=\"https:\/\/franciscanos.org.br\/noticias\/wp-content\/uploads\/2024\/08\/IMG-20240820-WA0031-450x338.jpg 450w, https:\/\/franciscanos.org.br\/noticias\/wp-content\/uploads\/2024\/08\/IMG-20240820-WA0031-1024x768.jpg 1024w, https:\/\/franciscanos.org.br\/noticias\/wp-content\/uploads\/2024\/08\/IMG-20240820-WA0031-768x576.jpg 768w, https:\/\/franciscanos.org.br\/noticias\/wp-content\/uploads\/2024\/08\/IMG-20240820-WA0031-1536x1152.jpg 1536w, https:\/\/franciscanos.org.br\/noticias\/wp-content\/uploads\/2024\/08\/IMG-20240820-WA0031-2048x1536.jpg 2048w, https:\/\/franciscanos.org.br\/noticias\/wp-content\/uploads\/2024\/08\/IMG-20240820-WA0031-150x113.jpg 150w, https:\/\/franciscanos.org.br\/noticias\/wp-content\/uploads\/2024\/08\/IMG-20240820-WA0031-600x450.jpg 600w, https:\/\/franciscanos.org.br\/noticias\/wp-content\/uploads\/2024\/08\/IMG-20240820-WA0031-scaled.jpg 1440w\" sizes=\"(max-width: 450px) 100vw, 450px\" \/><\/a>\n\t\t\t<\/dt><\/dl><dl class='gallery-item'>\n\t\t\t<dt class='gallery-icon landscape'>\n\t\t\t\t<a href='https:\/\/franciscanos.org.br\/noticias\/wp-content\/uploads\/2024\/08\/IMG-20240820-WA0024-scaled.jpg'><img width=\"450\" height=\"338\" src=\"https:\/\/franciscanos.org.br\/noticias\/wp-content\/uploads\/2024\/08\/IMG-20240820-WA0024-450x338.jpg\" class=\"attachment-medium size-medium\" alt=\"\" loading=\"lazy\" srcset=\"https:\/\/franciscanos.org.br\/noticias\/wp-content\/uploads\/2024\/08\/IMG-20240820-WA0024-450x338.jpg 450w, https:\/\/franciscanos.org.br\/noticias\/wp-content\/uploads\/2024\/08\/IMG-20240820-WA0024-1024x768.jpg 1024w, https:\/\/franciscanos.org.br\/noticias\/wp-content\/uploads\/2024\/08\/IMG-20240820-WA0024-768x576.jpg 768w, https:\/\/franciscanos.org.br\/noticias\/wp-content\/uploads\/2024\/08\/IMG-20240820-WA0024-1536x1152.jpg 1536w, https:\/\/franciscanos.org.br\/noticias\/wp-content\/uploads\/2024\/08\/IMG-20240820-WA0024-2048x1536.jpg 2048w, https:\/\/franciscanos.org.br\/noticias\/wp-content\/uploads\/2024\/08\/IMG-20240820-WA0024-150x113.jpg 150w, https:\/\/franciscanos.org.br\/noticias\/wp-content\/uploads\/2024\/08\/IMG-20240820-WA0024-600x450.jpg 600w, https:\/\/franciscanos.org.br\/noticias\/wp-content\/uploads\/2024\/08\/IMG-20240820-WA0024-scaled.jpg 1440w\" sizes=\"(max-width: 450px) 100vw, 450px\" \/><\/a>\n\t\t\t<\/dt><\/dl><br style=\"clear: both\" \/>\n\t\t<\/div>\n\n<p><span style=\"font-weight: 400;\">No final da Santa Missa, Frei Fernando deixou uma mensagem a todos e entregou a rel\u00edquia de S\u00e3o Benedito que ficar\u00e1 exposta no Convento Santo Ant\u00f4nio.<\/span><\/p>\n<p><span style=\"font-weight: 400;\">\u201cAntes de tudo vamos entregar a rel\u00edquia para o convento, que cont\u00e9m as cinzas de S\u00e3o Benedito, atestada pelo arcebispo de Palermo\u201d. A pequena rel\u00edquia que ficar\u00e1 numa pe\u00e7a de vidro lacrada, com o selo que certifica sua originalidade, foi entregue a Frei Walter.<\/span><\/p>\n<p><span style=\"font-weight: 400;\">O frade guardi\u00e3o da rel\u00edquia tamb\u00e9m leu uma mensagem enviada pelos<\/span> <span style=\"font-weight: 400;\">Frades Menores da Sic\u00edlia.<\/span><\/p>\n<p><span style=\"font-weight: 400;\">No final, Frei Alvaci aben\u00e7oou os p\u00e3es de Santo Ant\u00f4nio e, junto com os demais frades,\u00a0 finalizou a celebra\u00e7\u00e3o dando\u00a0 a b\u00ean\u00e7\u00e3o\u00a0 final com a rel\u00edquia do santo negro franciscano.<\/span><\/p>\n<p><span style=\"font-weight: 400;\">\u201cS\u00e3o Benedito, santo preto, rogai pelo nosso pa\u00eds, rogai pelas nossas fam\u00edlias, rogai pela nossa igreja,\u00a0 por cada um de n\u00f3s. N\u00f3s vos pedimos, S\u00e3o Benedito, derrame\u00a0 suas b\u00ean\u00e7\u00e3os sobre cada um de n\u00f3s. Am\u00e9m! Viva S\u00e3o Benedito!<\/span><\/p>\n<hr \/>\n<p><em>Texto: Adriana Rabelo\/ <\/em>Fotos: Frei Felipe Medeiros Carretta<\/p>\n","protected":false},"excerpt":{"rendered":"<p>Celebra\u00e7\u00e3o marca o encerramento da visita da rel\u00edquia<\/p>\n","protected":false},"author":11,"featured_media":250264,"comment_status":"open","ping_status":"open","sticky":false,"template":"","format":"standard","meta":[],"categories":[1],"tags":[2221,2233],"acf":[],"yoast_head":"<!-- This site is optimized with the Yoast SEO plugin v19.2 - https:\/\/yoast.com\/wordpress\/plugins\/seo\/ -->\n<title>500 anos de S\u00e3o Benedito: Hist\u00f3ria e devo\u00e7\u00e3o no Convento Santo Ant\u00f4nio - Not\u00edcias - Franciscanos<\/title>\n<meta name=\"robots\" content=\"index, follow, max-snippet:-1, max-image-preview:large, max-video-preview:-1\" \/>\n<link rel=\"canonical\" href=\"https:\/\/franciscanos.org.br\/noticias\/500-anos-de-sao-benedito-historia-e-devocao-no-convento-de-santo-antonio.html\" \/>\n<meta property=\"og:locale\" content=\"pt_BR\" \/>\n<meta property=\"og:type\" content=\"article\" \/>\n<meta property=\"og:title\" content=\"500 anos de S\u00e3o Benedito: Hist\u00f3ria e devo\u00e7\u00e3o no Convento Santo Ant\u00f4nio - Not\u00edcias - Franciscanos\" \/>\n<meta property=\"og:description\" content=\"Celebra\u00e7\u00e3o marca o encerramento da visita da rel\u00edquia\" \/>\n<meta property=\"og:url\" content=\"https:\/\/franciscanos.org.br\/noticias\/500-anos-de-sao-benedito-historia-e-devocao-no-convento-de-santo-antonio.html\" \/>\n<meta property=\"og:site_name\" content=\"Not\u00edcias - Franciscanos\" \/>\n<meta property=\"article:published_time\" content=\"2024-08-21T12:50:54+00:00\" \/>\n<meta property=\"article:modified_time\" content=\"2024-08-21T13:04:32+00:00\" \/>\n<meta property=\"og:image\" content=\"https:\/\/franciscanos.org.br\/noticias\/wp-content\/uploads\/2024\/08\/CHAMADA-8.jpg\" \/>\n\t<meta property=\"og:image:width\" content=\"800\" \/>\n\t<meta property=\"og:image:height\" content=\"550\" \/>\n\t<meta property=\"og:image:type\" content=\"image\/jpeg\" \/>\n<meta name=\"author\" content=\"Adriana Rabelo\" \/>\n<meta name=\"twitter:card\" content=\"summary_large_image\" \/>\n<meta name=\"twitter:label1\" content=\"Escrito por\" \/>\n\t<meta name=\"twitter:data1\" content=\"Adriana Rabelo\" \/>\n\t<meta name=\"twitter:label2\" content=\"Est. tempo de leitura\" \/>\n\t<meta name=\"twitter:data2\" content=\"10 minutos\" \/>\n<script type=\"application\/ld+json\" class=\"yoast-schema-graph\">{\"@context\":\"https:\/\/schema.org\",\"@graph\":[{\"@type\":\"WebSite\",\"@id\":\"https:\/\/franciscanos.org.br\/noticias\/#website\",\"url\":\"https:\/\/franciscanos.org.br\/noticias\/\",\"name\":\"Not\u00edcias - Franciscanos\",\"description\":\"Prov\u00edncia Franciscana da Imaculada Concei\u00e7\u00e3o do Brasil - Ordem dos Frades Menores - OFM\",\"potentialAction\":[{\"@type\":\"SearchAction\",\"target\":{\"@type\":\"EntryPoint\",\"urlTemplate\":\"https:\/\/franciscanos.org.br\/noticias\/?s={search_term_string}\"},\"query-input\":\"required name=search_term_string\"}],\"inLanguage\":\"pt-BR\"},{\"@type\":\"ImageObject\",\"inLanguage\":\"pt-BR\",\"@id\":\"https:\/\/franciscanos.org.br\/noticias\/500-anos-de-sao-benedito-historia-e-devocao-no-convento-de-santo-antonio.html#primaryimage\",\"url\":\"https:\/\/franciscanos.org.br\/noticias\/wp-content\/uploads\/2024\/08\/CHAMADA-8.jpg\",\"contentUrl\":\"https:\/\/franciscanos.org.br\/noticias\/wp-content\/uploads\/2024\/08\/CHAMADA-8.jpg\",\"width\":800,\"height\":550},{\"@type\":\"WebPage\",\"@id\":\"https:\/\/franciscanos.org.br\/noticias\/500-anos-de-sao-benedito-historia-e-devocao-no-convento-de-santo-antonio.html#webpage\",\"url\":\"https:\/\/franciscanos.org.br\/noticias\/500-anos-de-sao-benedito-historia-e-devocao-no-convento-de-santo-antonio.html\",\"name\":\"500 anos de S\u00e3o Benedito: Hist\u00f3ria e devo\u00e7\u00e3o no Convento Santo Ant\u00f4nio - Not\u00edcias - Franciscanos\",\"isPartOf\":{\"@id\":\"https:\/\/franciscanos.org.br\/noticias\/#website\"},\"primaryImageOfPage\":{\"@id\":\"https:\/\/franciscanos.org.br\/noticias\/500-anos-de-sao-benedito-historia-e-devocao-no-convento-de-santo-antonio.html#primaryimage\"},\"datePublished\":\"2024-08-21T12:50:54+00:00\",\"dateModified\":\"2024-08-21T13:04:32+00:00\",\"author\":{\"@id\":\"https:\/\/franciscanos.org.br\/noticias\/#\/schema\/person\/d9422e83121c3ad3b0f423d195f5bb25\"},\"breadcrumb\":{\"@id\":\"https:\/\/franciscanos.org.br\/noticias\/500-anos-de-sao-benedito-historia-e-devocao-no-convento-de-santo-antonio.html#breadcrumb\"},\"inLanguage\":\"pt-BR\",\"potentialAction\":[{\"@type\":\"ReadAction\",\"target\":[\"https:\/\/franciscanos.org.br\/noticias\/500-anos-de-sao-benedito-historia-e-devocao-no-convento-de-santo-antonio.html\"]}]},{\"@type\":\"BreadcrumbList\",\"@id\":\"https:\/\/franciscanos.org.br\/noticias\/500-anos-de-sao-benedito-historia-e-devocao-no-convento-de-santo-antonio.html#breadcrumb\",\"itemListElement\":[{\"@type\":\"ListItem\",\"position\":1,\"name\":\"Home\",\"item\":\"https:\/\/franciscanos.org.br\/noticias\"},{\"@type\":\"ListItem\",\"position\":2,\"name\":\"500 anos de S\u00e3o Benedito: Hist\u00f3ria e devo\u00e7\u00e3o no Convento Santo Ant\u00f4nio\"}]},{\"@type\":\"Person\",\"@id\":\"https:\/\/franciscanos.org.br\/noticias\/#\/schema\/person\/d9422e83121c3ad3b0f423d195f5bb25\",\"name\":\"Adriana Rabelo\",\"image\":{\"@type\":\"ImageObject\",\"inLanguage\":\"pt-BR\",\"@id\":\"https:\/\/franciscanos.org.br\/noticias\/#\/schema\/person\/image\/\",\"url\":\"https:\/\/secure.gravatar.com\/avatar\/0a937b7500cd7df77540cfb8bede877d?s=96&d=mm&r=g\",\"contentUrl\":\"https:\/\/secure.gravatar.com\/avatar\/0a937b7500cd7df77540cfb8bede877d?s=96&d=mm&r=g\",\"caption\":\"Adriana Rabelo\"},\"url\":\"https:\/\/franciscanos.org.br\/noticias\/author\/adrianarabelo\"}]}<\/script>\n<!-- \/ Yoast SEO plugin. -->","yoast_head_json":{"title":"500 anos de S\u00e3o Benedito: Hist\u00f3ria e devo\u00e7\u00e3o no Convento Santo Ant\u00f4nio - Not\u00edcias - Franciscanos","robots":{"index":"index","follow":"follow","max-snippet":"max-snippet:-1","max-image-preview":"max-image-preview:large","max-video-preview":"max-video-preview:-1"},"canonical":"https:\/\/franciscanos.org.br\/noticias\/500-anos-de-sao-benedito-historia-e-devocao-no-convento-de-santo-antonio.html","og_locale":"pt_BR","og_type":"article","og_title":"500 anos de S\u00e3o Benedito: Hist\u00f3ria e devo\u00e7\u00e3o no Convento Santo Ant\u00f4nio - Not\u00edcias - Franciscanos","og_description":"Celebra\u00e7\u00e3o marca o encerramento da visita da rel\u00edquia","og_url":"https:\/\/franciscanos.org.br\/noticias\/500-anos-de-sao-benedito-historia-e-devocao-no-convento-de-santo-antonio.html","og_site_name":"Not\u00edcias - Franciscanos","article_published_time":"2024-08-21T12:50:54+00:00","article_modified_time":"2024-08-21T13:04:32+00:00","og_image":[{"width":800,"height":550,"url":"https:\/\/franciscanos.org.br\/noticias\/wp-content\/uploads\/2024\/08\/CHAMADA-8.jpg","type":"image\/jpeg"}],"author":"Adriana Rabelo","twitter_card":"summary_large_image","twitter_misc":{"Escrito por":"Adriana Rabelo","Est. tempo de leitura":"10 minutos"},"schema":{"@context":"https:\/\/schema.org","@graph":[{"@type":"WebSite","@id":"https:\/\/franciscanos.org.br\/noticias\/#website","url":"https:\/\/franciscanos.org.br\/noticias\/","name":"Not\u00edcias - Franciscanos","description":"Prov\u00edncia Franciscana da Imaculada Concei\u00e7\u00e3o do Brasil - Ordem dos Frades Menores - OFM","potentialAction":[{"@type":"SearchAction","target":{"@type":"EntryPoint","urlTemplate":"https:\/\/franciscanos.org.br\/noticias\/?s={search_term_string}"},"query-input":"required name=search_term_string"}],"inLanguage":"pt-BR"},{"@type":"ImageObject","inLanguage":"pt-BR","@id":"https:\/\/franciscanos.org.br\/noticias\/500-anos-de-sao-benedito-historia-e-devocao-no-convento-de-santo-antonio.html#primaryimage","url":"https:\/\/franciscanos.org.br\/noticias\/wp-content\/uploads\/2024\/08\/CHAMADA-8.jpg","contentUrl":"https:\/\/franciscanos.org.br\/noticias\/wp-content\/uploads\/2024\/08\/CHAMADA-8.jpg","width":800,"height":550},{"@type":"WebPage","@id":"https:\/\/franciscanos.org.br\/noticias\/500-anos-de-sao-benedito-historia-e-devocao-no-convento-de-santo-antonio.html#webpage","url":"https:\/\/franciscanos.org.br\/noticias\/500-anos-de-sao-benedito-historia-e-devocao-no-convento-de-santo-antonio.html","name":"500 anos de S\u00e3o Benedito: Hist\u00f3ria e devo\u00e7\u00e3o no Convento Santo Ant\u00f4nio - Not\u00edcias - Franciscanos","isPartOf":{"@id":"https:\/\/franciscanos.org.br\/noticias\/#website"},"primaryImageOfPage":{"@id":"https:\/\/franciscanos.org.br\/noticias\/500-anos-de-sao-benedito-historia-e-devocao-no-convento-de-santo-antonio.html#primaryimage"},"datePublished":"2024-08-21T12:50:54+00:00","dateModified":"2024-08-21T13:04:32+00:00","author":{"@id":"https:\/\/franciscanos.org.br\/noticias\/#\/schema\/person\/d9422e83121c3ad3b0f423d195f5bb25"},"breadcrumb":{"@id":"https:\/\/franciscanos.org.br\/noticias\/500-anos-de-sao-benedito-historia-e-devocao-no-convento-de-santo-antonio.html#breadcrumb"},"inLanguage":"pt-BR","potentialAction":[{"@type":"ReadAction","target":["https:\/\/franciscanos.org.br\/noticias\/500-anos-de-sao-benedito-historia-e-devocao-no-convento-de-santo-antonio.html"]}]},{"@type":"BreadcrumbList","@id":"https:\/\/franciscanos.org.br\/noticias\/500-anos-de-sao-benedito-historia-e-devocao-no-convento-de-santo-antonio.html#breadcrumb","itemListElement":[{"@type":"ListItem","position":1,"name":"Home","item":"https:\/\/franciscanos.org.br\/noticias"},{"@type":"ListItem","position":2,"name":"500 anos de S\u00e3o Benedito: Hist\u00f3ria e devo\u00e7\u00e3o no Convento Santo Ant\u00f4nio"}]},{"@type":"Person","@id":"https:\/\/franciscanos.org.br\/noticias\/#\/schema\/person\/d9422e83121c3ad3b0f423d195f5bb25","name":"Adriana Rabelo","image":{"@type":"ImageObject","inLanguage":"pt-BR","@id":"https:\/\/franciscanos.org.br\/noticias\/#\/schema\/person\/image\/","url":"https:\/\/secure.gravatar.com\/avatar\/0a937b7500cd7df77540cfb8bede877d?s=96&d=mm&r=g","contentUrl":"https:\/\/secure.gravatar.com\/avatar\/0a937b7500cd7df77540cfb8bede877d?s=96&d=mm&r=g","caption":"Adriana Rabelo"},"url":"https:\/\/franciscanos.org.br\/noticias\/author\/adrianarabelo"}]}},"_links":{"self":[{"href":"https:\/\/franciscanos.org.br\/noticias\/wp-json\/wp\/v2\/posts\/250262"}],"collection":[{"href":"https:\/\/franciscanos.org.br\/noticias\/wp-json\/wp\/v2\/posts"}],"about":[{"href":"https:\/\/franciscanos.org.br\/noticias\/wp-json\/wp\/v2\/types\/post"}],"author":[{"embeddable":true,"href":"https:\/\/franciscanos.org.br\/noticias\/wp-json\/wp\/v2\/users\/11"}],"replies":[{"embeddable":true,"href":"https:\/\/franciscanos.org.br\/noticias\/wp-json\/wp\/v2\/comments?post=250262"}],"version-history":[{"count":20,"href":"https:\/\/franciscanos.org.br\/noticias\/wp-json\/wp\/v2\/posts\/250262\/revisions"}],"predecessor-version":[{"id":250302,"href":"https:\/\/franciscanos.org.br\/noticias\/wp-json\/wp\/v2\/posts\/250262\/revisions\/250302"}],"wp:featuredmedia":[{"embeddable":true,"href":"https:\/\/franciscanos.org.br\/noticias\/wp-json\/wp\/v2\/media\/250264"}],"wp:attachment":[{"href":"https:\/\/franciscanos.org.br\/noticias\/wp-json\/wp\/v2\/media?parent=250262"}],"wp:term":[{"taxonomy":"category","embeddable":true,"href":"https:\/\/franciscanos.org.br\/noticias\/wp-json\/wp\/v2\/categories?post=250262"},{"taxonomy":"post_tag","embeddable":true,"href":"https:\/\/franciscanos.org.br\/noticias\/wp-json\/wp\/v2\/tags?post=250262"}],"curies":[{"name":"wp","href":"https:\/\/api.w.org\/{rel}","templated":true}]}}