{"id":250247,"date":"2024-08-20T12:11:50","date_gmt":"2024-08-20T15:11:50","guid":{"rendered":"https:\/\/franciscanos.org.br\/noticias\/?p=250247"},"modified":"2024-08-20T14:04:57","modified_gmt":"2024-08-20T17:04:57","slug":"sefras-participa-de-manifestacoes-do-dia-nacional-de-luta-da-populacao-em-situacao-de-rua","status":"publish","type":"post","link":"https:\/\/franciscanos.org.br\/noticias\/sefras-participa-de-manifestacoes-do-dia-nacional-de-luta-da-populacao-em-situacao-de-rua.html","title":{"rendered":"Sefras participa de manifesta\u00e7\u00f5es do Dia Nacional de Luta da Popula\u00e7\u00e3o em Situa\u00e7\u00e3o de Rua"},"content":{"rendered":"<p><img loading=\"lazy\" class=\"aligncenter wp-image-250249 size-full\" src=\"https:\/\/franciscanos.org.br\/noticias\/wp-content\/uploads\/2024\/08\/MATERIA-16.jpg\" alt=\"\" width=\"1280\" height=\"720\" srcset=\"https:\/\/franciscanos.org.br\/noticias\/wp-content\/uploads\/2024\/08\/MATERIA-16.jpg 1280w, https:\/\/franciscanos.org.br\/noticias\/wp-content\/uploads\/2024\/08\/MATERIA-16-450x253.jpg 450w, https:\/\/franciscanos.org.br\/noticias\/wp-content\/uploads\/2024\/08\/MATERIA-16-1024x576.jpg 1024w, https:\/\/franciscanos.org.br\/noticias\/wp-content\/uploads\/2024\/08\/MATERIA-16-768x432.jpg 768w, https:\/\/franciscanos.org.br\/noticias\/wp-content\/uploads\/2024\/08\/MATERIA-16-150x84.jpg 150w\" sizes=\"(max-width: 1280px) 100vw, 1280px\" \/><\/p>\n<p>No dia 19 de agosto, o Brasil se uniu em manifesta\u00e7\u00f5es por todo o pa\u00eds para marcar o Dia Nacional de Luta da Popula\u00e7\u00e3o em Situa\u00e7\u00e3o de Rua. A A\u00e7\u00e3o Social Franciscana (Sefras esteve presente ativamente em diversas localidades, destacando seu compromisso com os mais vulner\u00e1veis.<\/p>\n<p>No Rio de Janeiro (RJ), a Casa Franciscana do Sefras participou das atividades, oferecendo um caf\u00e9 da manh\u00e3 especial \u00e0s pessoas em situa\u00e7\u00e3o de rua. Este gesto simples, mas carregado de significado, refor\u00e7a o compromisso franciscano com a dignidade e o respeito por aqueles que mais precisam.<\/p>\n<p>Em S\u00e3o Paulo (SP), as Casas Franciscanas do Cambuci e o Ch\u00e1 do Padre se uniram em uma s\u00e9rie de a\u00e7\u00f5es, incluindo a participa\u00e7\u00e3o dos membros do Recifran, projeto que oferece trabalho e dignidade a pessoas em situa\u00e7\u00e3o de rua. O ponto alto do dia foi o ato ecum\u00eanico, realizado em frente \u00e0 Catedral da S\u00e9, que contou com a presen\u00e7a do Frei Jos\u00e9 Francisco, Diretor Presidente do Sefras. Ao lado de figuras religiosas de diferentes credos, como a M\u00e3e de Santo Vanessa, o Sheik Rodrigo Jalloul, o Padre Arlindo e a Pastora Mabel, Frei Jos\u00e9 enfatizou a import\u00e2ncia da fraternidade e da esperan\u00e7a.<\/p>\n<p>&#8220;Em nome dos franciscanos, o sonho de Francisco \u00e9 a fraternidade; o sonho de quem est\u00e1 na rua, \u00e9 sair da rua. N\u00f3s queremos partilhar o que temos: esperan\u00e7a,&#8221; afirmou Frei Jos\u00e9 durante a cerim\u00f4nia.<\/p>\n<div data-hook=\"rcv-block16\">Cada um dos l\u00edderes religiosos depositou uma flor branca em um vaso, simbolizando as v\u00edtimas do Massacre da S\u00e9, um triste marco na hist\u00f3ria da cidade que ainda clama por justi\u00e7a.<\/div>\n<div data-hook=\"rcv-block16\">Em seguida, os participantes seguiram em uma caminhada silenciosa at\u00e9 o Pal\u00e1cio da Justi\u00e7a, onde entoaram tr\u00eas vezes o clamor por &#8220;Justi\u00e7a!&#8221; para as v\u00edtimas do massacre, um caso que permanece sem resolu\u00e7\u00e3o definitiva.<\/div>\n<div data-hook=\"rcv-block16\">\n<div data-breakout=\"normal\">\n<p id=\"viewer-yxo7166\" class=\"ZuC5J faq2B YCZ-u YZYFQ\" dir=\"auto\"><span class=\"deJ7P YCZ-u\">O Dia Nacional de Luta da Popula\u00e7\u00e3o em Situa\u00e7\u00e3o de Rua, celebrado em 19 de agosto, foi institu\u00eddo em mem\u00f3ria ao tr\u00e1gico Massacre da S\u00e9, ocorrido em 2004, no centro de S\u00e3o Paulo. Naquela madrugada, sete pessoas em situa\u00e7\u00e3o de rua foram brutalmente assassinadas enquanto dormiam nas imedia\u00e7\u00f5es da Catedral da S\u00e9, um crime que chocou o pa\u00eds e revelou a extrema vulnerabilidade e viol\u00eancia enfrentadas por essa popula\u00e7\u00e3o. O massacre permanece um s\u00edmbolo da luta por justi\u00e7a e por pol\u00edticas p\u00fablicas que garantam dignidade e seguran\u00e7a para todos os cidad\u00e3os, especialmente os mais marginalizados.<\/span><\/p>\n<p dir=\"auto\">Al\u00e9m de homenagear as v\u00edtimas do Massacre da S\u00e9, o dia 19\/8 tamb\u00e9m marca o lan\u00e7amento da Campanha Permanente contra a Tortura, uma iniciativa que busca combater a viol\u00eancia sistem\u00e1tica contra pessoas em situa\u00e7\u00e3o de rua. Durante as manifesta\u00e7\u00f5es, foram oferecidos servi\u00e7os de atendimento e alimenta\u00e7\u00e3o.<\/p>\n\n\t\t<style type=\"text\/css\">\n\t\t\t#gallery-1 {\n\t\t\t\tmargin: auto;\n\t\t\t}\n\t\t\t#gallery-1 .gallery-item {\n\t\t\t\tfloat: left;\n\t\t\t\tmargin-top: 10px;\n\t\t\t\ttext-align: center;\n\t\t\t\twidth: 25%;\n\t\t\t}\n\t\t\t#gallery-1 img {\n\t\t\t\tborder: 2px solid #cfcfcf;\n\t\t\t}\n\t\t\t#gallery-1 .gallery-caption {\n\t\t\t\tmargin-left: 0;\n\t\t\t}\n\t\t\t\/* see gallery_shortcode() in wp-includes\/media.php *\/\n\t\t<\/style>\n\t\t<div id='gallery-1' class='gallery galleryid-250247 gallery-columns-4 gallery-size-medium'><dl class='gallery-item'>\n\t\t\t<dt class='gallery-icon portrait'>\n\t\t\t\t<a href='https:\/\/franciscanos.org.br\/noticias\/wp-content\/uploads\/2024\/08\/886318_0c25bb9331104e5b840e20b520e1162amv2.webp'><img width=\"337\" height=\"450\" src=\"https:\/\/franciscanos.org.br\/noticias\/wp-content\/uploads\/2024\/08\/886318_0c25bb9331104e5b840e20b520e1162amv2-337x450.webp\" class=\"attachment-medium size-medium\" alt=\"\" loading=\"lazy\" srcset=\"https:\/\/franciscanos.org.br\/noticias\/wp-content\/uploads\/2024\/08\/886318_0c25bb9331104e5b840e20b520e1162amv2-337x450.webp 337w, https:\/\/franciscanos.org.br\/noticias\/wp-content\/uploads\/2024\/08\/886318_0c25bb9331104e5b840e20b520e1162amv2-150x200.webp 150w, https:\/\/franciscanos.org.br\/noticias\/wp-content\/uploads\/2024\/08\/886318_0c25bb9331104e5b840e20b520e1162amv2.webp 740w\" sizes=\"(max-width: 337px) 100vw, 337px\" \/><\/a>\n\t\t\t<\/dt><\/dl><dl class='gallery-item'>\n\t\t\t<dt class='gallery-icon portrait'>\n\t\t\t\t<a href='https:\/\/franciscanos.org.br\/noticias\/wp-content\/uploads\/2024\/08\/886318_92fafa3afcd943a6874f483a3cdbfc06mv2.webp'><img width=\"337\" height=\"450\" src=\"https:\/\/franciscanos.org.br\/noticias\/wp-content\/uploads\/2024\/08\/886318_92fafa3afcd943a6874f483a3cdbfc06mv2-337x450.webp\" class=\"attachment-medium size-medium\" alt=\"\" loading=\"lazy\" srcset=\"https:\/\/franciscanos.org.br\/noticias\/wp-content\/uploads\/2024\/08\/886318_92fafa3afcd943a6874f483a3cdbfc06mv2-337x450.webp 337w, https:\/\/franciscanos.org.br\/noticias\/wp-content\/uploads\/2024\/08\/886318_92fafa3afcd943a6874f483a3cdbfc06mv2-150x200.webp 150w, https:\/\/franciscanos.org.br\/noticias\/wp-content\/uploads\/2024\/08\/886318_92fafa3afcd943a6874f483a3cdbfc06mv2.webp 740w\" sizes=\"(max-width: 337px) 100vw, 337px\" \/><\/a>\n\t\t\t<\/dt><\/dl><dl class='gallery-item'>\n\t\t\t<dt class='gallery-icon portrait'>\n\t\t\t\t<a href='https:\/\/franciscanos.org.br\/noticias\/wp-content\/uploads\/2024\/08\/886318_bf58515099df4b76978be2cf2229b91amv2-1.webp'><img width=\"337\" height=\"450\" src=\"https:\/\/franciscanos.org.br\/noticias\/wp-content\/uploads\/2024\/08\/886318_bf58515099df4b76978be2cf2229b91amv2-1-337x450.webp\" class=\"attachment-medium size-medium\" alt=\"\" loading=\"lazy\" srcset=\"https:\/\/franciscanos.org.br\/noticias\/wp-content\/uploads\/2024\/08\/886318_bf58515099df4b76978be2cf2229b91amv2-1-337x450.webp 337w, https:\/\/franciscanos.org.br\/noticias\/wp-content\/uploads\/2024\/08\/886318_bf58515099df4b76978be2cf2229b91amv2-1-150x200.webp 150w, https:\/\/franciscanos.org.br\/noticias\/wp-content\/uploads\/2024\/08\/886318_bf58515099df4b76978be2cf2229b91amv2-1.webp 350w\" sizes=\"(max-width: 337px) 100vw, 337px\" \/><\/a>\n\t\t\t<\/dt><\/dl><dl class='gallery-item'>\n\t\t\t<dt class='gallery-icon portrait'>\n\t\t\t\t<a href='https:\/\/franciscanos.org.br\/noticias\/wp-content\/uploads\/2024\/08\/886318_dba862126f72447d924d291fffce0d1dmv2.webp'><img width=\"337\" height=\"450\" src=\"https:\/\/franciscanos.org.br\/noticias\/wp-content\/uploads\/2024\/08\/886318_dba862126f72447d924d291fffce0d1dmv2-337x450.webp\" class=\"attachment-medium size-medium\" alt=\"\" loading=\"lazy\" srcset=\"https:\/\/franciscanos.org.br\/noticias\/wp-content\/uploads\/2024\/08\/886318_dba862126f72447d924d291fffce0d1dmv2-337x450.webp 337w, https:\/\/franciscanos.org.br\/noticias\/wp-content\/uploads\/2024\/08\/886318_dba862126f72447d924d291fffce0d1dmv2-150x200.webp 150w, https:\/\/franciscanos.org.br\/noticias\/wp-content\/uploads\/2024\/08\/886318_dba862126f72447d924d291fffce0d1dmv2.webp 350w\" sizes=\"(max-width: 337px) 100vw, 337px\" \/><\/a>\n\t\t\t<\/dt><\/dl><br style=\"clear: both\" \/>\n\t\t<\/div>\n\n<p dir=\"auto\"><strong>Demandas e A\u00e7\u00f5es do Sefras para um Acolhimento Mais Efetivo<\/strong><\/p>\n<div data-hook=\"rcv-block43\">O Sefras, ao longo dos anos, tem se empenhado em a\u00e7\u00f5es que v\u00e3o al\u00e9m do simples assistencialismo. A institui\u00e7\u00e3o trabalha para ser mais acolhedora e inclusiva, desenvolvendo programas que promovem a dignidade, o emprego e a autonomia para as pessoas em situa\u00e7\u00e3o de rua.<\/div>\n<div data-hook=\"rcv-block45\">\n<p>Neste Dia Nacional de Luta, o Sefras reafirma seu compromisso com aqueles que s\u00e3o frequentemente esquecidos pela sociedade, lembrando que cada gesto de acolhimento e solidariedade \u00e9 um passo em dire\u00e7\u00e3o a uma sociedade mais justa e fraterna.<\/p>\n<hr \/>\n<p><em>Melissa Galdino- Comunica\u00e7\u00e3o Sefras<\/em><\/p>\n<\/div>\n<\/div>\n<div data-hook=\"rcv-block27\"><\/div>\n<div data-breakout=\"normal\">\n<div id=\"viewer-qbqcn253\" class=\"ZuC5J faq2B YCZ-u YZYFQ\" dir=\"auto\"><\/div>\n<\/div>\n<\/div>\n","protected":false},"excerpt":{"rendered":"<p>Dia Nacional de Luta da Popula\u00e7\u00e3o em Situa\u00e7\u00e3o de Rua<\/p>\n","protected":false},"author":11,"featured_media":250256,"comment_status":"open","ping_status":"open","sticky":false,"template":"","format":"standard","meta":[],"categories":[1],"tags":[228],"acf":[],"yoast_head":"<!-- This site is optimized with the Yoast SEO plugin v19.2 - https:\/\/yoast.com\/wordpress\/plugins\/seo\/ -->\n<title>Sefras participa de manifesta\u00e7\u00f5es do Dia Nacional de Luta da Popula\u00e7\u00e3o em Situa\u00e7\u00e3o de Rua - Not\u00edcias - Franciscanos<\/title>\n<meta name=\"robots\" content=\"index, follow, max-snippet:-1, max-image-preview:large, max-video-preview:-1\" \/>\n<link rel=\"canonical\" href=\"https:\/\/franciscanos.org.br\/noticias\/sefras-participa-de-manifestacoes-do-dia-nacional-de-luta-da-populacao-em-situacao-de-rua.html\" \/>\n<meta property=\"og:locale\" content=\"pt_BR\" \/>\n<meta property=\"og:type\" content=\"article\" \/>\n<meta property=\"og:title\" content=\"Sefras participa de manifesta\u00e7\u00f5es do Dia Nacional de Luta da Popula\u00e7\u00e3o em Situa\u00e7\u00e3o de Rua - Not\u00edcias - Franciscanos\" \/>\n<meta property=\"og:description\" content=\"Dia Nacional de Luta da Popula\u00e7\u00e3o em Situa\u00e7\u00e3o de Rua\" \/>\n<meta property=\"og:url\" content=\"https:\/\/franciscanos.org.br\/noticias\/sefras-participa-de-manifestacoes-do-dia-nacional-de-luta-da-populacao-em-situacao-de-rua.html\" \/>\n<meta property=\"og:site_name\" content=\"Not\u00edcias - Franciscanos\" \/>\n<meta property=\"article:published_time\" content=\"2024-08-20T15:11:50+00:00\" \/>\n<meta property=\"article:modified_time\" content=\"2024-08-20T17:04:57+00:00\" \/>\n<meta property=\"og:image\" content=\"https:\/\/franciscanos.org.br\/noticias\/wp-content\/uploads\/2024\/08\/CHAMADA-7.jpg\" \/>\n\t<meta property=\"og:image:width\" content=\"800\" \/>\n\t<meta property=\"og:image:height\" content=\"550\" \/>\n\t<meta property=\"og:image:type\" content=\"image\/jpeg\" \/>\n<meta name=\"author\" content=\"Adriana Rabelo\" \/>\n<meta name=\"twitter:card\" content=\"summary_large_image\" \/>\n<meta name=\"twitter:label1\" content=\"Escrito por\" \/>\n\t<meta name=\"twitter:data1\" content=\"Adriana Rabelo\" \/>\n\t<meta name=\"twitter:label2\" content=\"Est. tempo de leitura\" \/>\n\t<meta name=\"twitter:data2\" content=\"3 minutos\" \/>\n<script type=\"application\/ld+json\" class=\"yoast-schema-graph\">{\"@context\":\"https:\/\/schema.org\",\"@graph\":[{\"@type\":\"WebSite\",\"@id\":\"https:\/\/franciscanos.org.br\/noticias\/#website\",\"url\":\"https:\/\/franciscanos.org.br\/noticias\/\",\"name\":\"Not\u00edcias - Franciscanos\",\"description\":\"Prov\u00edncia Franciscana da Imaculada Concei\u00e7\u00e3o do Brasil - Ordem dos Frades Menores - OFM\",\"potentialAction\":[{\"@type\":\"SearchAction\",\"target\":{\"@type\":\"EntryPoint\",\"urlTemplate\":\"https:\/\/franciscanos.org.br\/noticias\/?s={search_term_string}\"},\"query-input\":\"required name=search_term_string\"}],\"inLanguage\":\"pt-BR\"},{\"@type\":\"ImageObject\",\"inLanguage\":\"pt-BR\",\"@id\":\"https:\/\/franciscanos.org.br\/noticias\/sefras-participa-de-manifestacoes-do-dia-nacional-de-luta-da-populacao-em-situacao-de-rua.html#primaryimage\",\"url\":\"https:\/\/franciscanos.org.br\/noticias\/wp-content\/uploads\/2024\/08\/CHAMADA-7.jpg\",\"contentUrl\":\"https:\/\/franciscanos.org.br\/noticias\/wp-content\/uploads\/2024\/08\/CHAMADA-7.jpg\",\"width\":800,\"height\":550},{\"@type\":\"WebPage\",\"@id\":\"https:\/\/franciscanos.org.br\/noticias\/sefras-participa-de-manifestacoes-do-dia-nacional-de-luta-da-populacao-em-situacao-de-rua.html#webpage\",\"url\":\"https:\/\/franciscanos.org.br\/noticias\/sefras-participa-de-manifestacoes-do-dia-nacional-de-luta-da-populacao-em-situacao-de-rua.html\",\"name\":\"Sefras participa de manifesta\u00e7\u00f5es do Dia Nacional de Luta da Popula\u00e7\u00e3o em Situa\u00e7\u00e3o de Rua - Not\u00edcias - Franciscanos\",\"isPartOf\":{\"@id\":\"https:\/\/franciscanos.org.br\/noticias\/#website\"},\"primaryImageOfPage\":{\"@id\":\"https:\/\/franciscanos.org.br\/noticias\/sefras-participa-de-manifestacoes-do-dia-nacional-de-luta-da-populacao-em-situacao-de-rua.html#primaryimage\"},\"datePublished\":\"2024-08-20T15:11:50+00:00\",\"dateModified\":\"2024-08-20T17:04:57+00:00\",\"author\":{\"@id\":\"https:\/\/franciscanos.org.br\/noticias\/#\/schema\/person\/d9422e83121c3ad3b0f423d195f5bb25\"},\"breadcrumb\":{\"@id\":\"https:\/\/franciscanos.org.br\/noticias\/sefras-participa-de-manifestacoes-do-dia-nacional-de-luta-da-populacao-em-situacao-de-rua.html#breadcrumb\"},\"inLanguage\":\"pt-BR\",\"potentialAction\":[{\"@type\":\"ReadAction\",\"target\":[\"https:\/\/franciscanos.org.br\/noticias\/sefras-participa-de-manifestacoes-do-dia-nacional-de-luta-da-populacao-em-situacao-de-rua.html\"]}]},{\"@type\":\"BreadcrumbList\",\"@id\":\"https:\/\/franciscanos.org.br\/noticias\/sefras-participa-de-manifestacoes-do-dia-nacional-de-luta-da-populacao-em-situacao-de-rua.html#breadcrumb\",\"itemListElement\":[{\"@type\":\"ListItem\",\"position\":1,\"name\":\"Home\",\"item\":\"https:\/\/franciscanos.org.br\/noticias\"},{\"@type\":\"ListItem\",\"position\":2,\"name\":\"Sefras participa de manifesta\u00e7\u00f5es do Dia Nacional de Luta da Popula\u00e7\u00e3o em Situa\u00e7\u00e3o de Rua\"}]},{\"@type\":\"Person\",\"@id\":\"https:\/\/franciscanos.org.br\/noticias\/#\/schema\/person\/d9422e83121c3ad3b0f423d195f5bb25\",\"name\":\"Adriana Rabelo\",\"image\":{\"@type\":\"ImageObject\",\"inLanguage\":\"pt-BR\",\"@id\":\"https:\/\/franciscanos.org.br\/noticias\/#\/schema\/person\/image\/\",\"url\":\"https:\/\/secure.gravatar.com\/avatar\/0a937b7500cd7df77540cfb8bede877d?s=96&d=mm&r=g\",\"contentUrl\":\"https:\/\/secure.gravatar.com\/avatar\/0a937b7500cd7df77540cfb8bede877d?s=96&d=mm&r=g\",\"caption\":\"Adriana Rabelo\"},\"url\":\"https:\/\/franciscanos.org.br\/noticias\/author\/adrianarabelo\"}]}<\/script>\n<!-- \/ Yoast SEO plugin. -->","yoast_head_json":{"title":"Sefras participa de manifesta\u00e7\u00f5es do Dia Nacional de Luta da Popula\u00e7\u00e3o em Situa\u00e7\u00e3o de Rua - Not\u00edcias - Franciscanos","robots":{"index":"index","follow":"follow","max-snippet":"max-snippet:-1","max-image-preview":"max-image-preview:large","max-video-preview":"max-video-preview:-1"},"canonical":"https:\/\/franciscanos.org.br\/noticias\/sefras-participa-de-manifestacoes-do-dia-nacional-de-luta-da-populacao-em-situacao-de-rua.html","og_locale":"pt_BR","og_type":"article","og_title":"Sefras participa de manifesta\u00e7\u00f5es do Dia Nacional de Luta da Popula\u00e7\u00e3o em Situa\u00e7\u00e3o de Rua - Not\u00edcias - Franciscanos","og_description":"Dia Nacional de Luta da Popula\u00e7\u00e3o em Situa\u00e7\u00e3o de Rua","og_url":"https:\/\/franciscanos.org.br\/noticias\/sefras-participa-de-manifestacoes-do-dia-nacional-de-luta-da-populacao-em-situacao-de-rua.html","og_site_name":"Not\u00edcias - Franciscanos","article_published_time":"2024-08-20T15:11:50+00:00","article_modified_time":"2024-08-20T17:04:57+00:00","og_image":[{"width":800,"height":550,"url":"https:\/\/franciscanos.org.br\/noticias\/wp-content\/uploads\/2024\/08\/CHAMADA-7.jpg","type":"image\/jpeg"}],"author":"Adriana Rabelo","twitter_card":"summary_large_image","twitter_misc":{"Escrito por":"Adriana Rabelo","Est. tempo de leitura":"3 minutos"},"schema":{"@context":"https:\/\/schema.org","@graph":[{"@type":"WebSite","@id":"https:\/\/franciscanos.org.br\/noticias\/#website","url":"https:\/\/franciscanos.org.br\/noticias\/","name":"Not\u00edcias - Franciscanos","description":"Prov\u00edncia Franciscana da Imaculada Concei\u00e7\u00e3o do Brasil - Ordem dos Frades Menores - OFM","potentialAction":[{"@type":"SearchAction","target":{"@type":"EntryPoint","urlTemplate":"https:\/\/franciscanos.org.br\/noticias\/?s={search_term_string}"},"query-input":"required name=search_term_string"}],"inLanguage":"pt-BR"},{"@type":"ImageObject","inLanguage":"pt-BR","@id":"https:\/\/franciscanos.org.br\/noticias\/sefras-participa-de-manifestacoes-do-dia-nacional-de-luta-da-populacao-em-situacao-de-rua.html#primaryimage","url":"https:\/\/franciscanos.org.br\/noticias\/wp-content\/uploads\/2024\/08\/CHAMADA-7.jpg","contentUrl":"https:\/\/franciscanos.org.br\/noticias\/wp-content\/uploads\/2024\/08\/CHAMADA-7.jpg","width":800,"height":550},{"@type":"WebPage","@id":"https:\/\/franciscanos.org.br\/noticias\/sefras-participa-de-manifestacoes-do-dia-nacional-de-luta-da-populacao-em-situacao-de-rua.html#webpage","url":"https:\/\/franciscanos.org.br\/noticias\/sefras-participa-de-manifestacoes-do-dia-nacional-de-luta-da-populacao-em-situacao-de-rua.html","name":"Sefras participa de manifesta\u00e7\u00f5es do Dia Nacional de Luta da Popula\u00e7\u00e3o em Situa\u00e7\u00e3o de Rua - Not\u00edcias - Franciscanos","isPartOf":{"@id":"https:\/\/franciscanos.org.br\/noticias\/#website"},"primaryImageOfPage":{"@id":"https:\/\/franciscanos.org.br\/noticias\/sefras-participa-de-manifestacoes-do-dia-nacional-de-luta-da-populacao-em-situacao-de-rua.html#primaryimage"},"datePublished":"2024-08-20T15:11:50+00:00","dateModified":"2024-08-20T17:04:57+00:00","author":{"@id":"https:\/\/franciscanos.org.br\/noticias\/#\/schema\/person\/d9422e83121c3ad3b0f423d195f5bb25"},"breadcrumb":{"@id":"https:\/\/franciscanos.org.br\/noticias\/sefras-participa-de-manifestacoes-do-dia-nacional-de-luta-da-populacao-em-situacao-de-rua.html#breadcrumb"},"inLanguage":"pt-BR","potentialAction":[{"@type":"ReadAction","target":["https:\/\/franciscanos.org.br\/noticias\/sefras-participa-de-manifestacoes-do-dia-nacional-de-luta-da-populacao-em-situacao-de-rua.html"]}]},{"@type":"BreadcrumbList","@id":"https:\/\/franciscanos.org.br\/noticias\/sefras-participa-de-manifestacoes-do-dia-nacional-de-luta-da-populacao-em-situacao-de-rua.html#breadcrumb","itemListElement":[{"@type":"ListItem","position":1,"name":"Home","item":"https:\/\/franciscanos.org.br\/noticias"},{"@type":"ListItem","position":2,"name":"Sefras participa de manifesta\u00e7\u00f5es do Dia Nacional de Luta da Popula\u00e7\u00e3o em Situa\u00e7\u00e3o de Rua"}]},{"@type":"Person","@id":"https:\/\/franciscanos.org.br\/noticias\/#\/schema\/person\/d9422e83121c3ad3b0f423d195f5bb25","name":"Adriana Rabelo","image":{"@type":"ImageObject","inLanguage":"pt-BR","@id":"https:\/\/franciscanos.org.br\/noticias\/#\/schema\/person\/image\/","url":"https:\/\/secure.gravatar.com\/avatar\/0a937b7500cd7df77540cfb8bede877d?s=96&d=mm&r=g","contentUrl":"https:\/\/secure.gravatar.com\/avatar\/0a937b7500cd7df77540cfb8bede877d?s=96&d=mm&r=g","caption":"Adriana Rabelo"},"url":"https:\/\/franciscanos.org.br\/noticias\/author\/adrianarabelo"}]}},"_links":{"self":[{"href":"https:\/\/franciscanos.org.br\/noticias\/wp-json\/wp\/v2\/posts\/250247"}],"collection":[{"href":"https:\/\/franciscanos.org.br\/noticias\/wp-json\/wp\/v2\/posts"}],"about":[{"href":"https:\/\/franciscanos.org.br\/noticias\/wp-json\/wp\/v2\/types\/post"}],"author":[{"embeddable":true,"href":"https:\/\/franciscanos.org.br\/noticias\/wp-json\/wp\/v2\/users\/11"}],"replies":[{"embeddable":true,"href":"https:\/\/franciscanos.org.br\/noticias\/wp-json\/wp\/v2\/comments?post=250247"}],"version-history":[{"count":5,"href":"https:\/\/franciscanos.org.br\/noticias\/wp-json\/wp\/v2\/posts\/250247\/revisions"}],"predecessor-version":[{"id":250260,"href":"https:\/\/franciscanos.org.br\/noticias\/wp-json\/wp\/v2\/posts\/250247\/revisions\/250260"}],"wp:featuredmedia":[{"embeddable":true,"href":"https:\/\/franciscanos.org.br\/noticias\/wp-json\/wp\/v2\/media\/250256"}],"wp:attachment":[{"href":"https:\/\/franciscanos.org.br\/noticias\/wp-json\/wp\/v2\/media?parent=250247"}],"wp:term":[{"taxonomy":"category","embeddable":true,"href":"https:\/\/franciscanos.org.br\/noticias\/wp-json\/wp\/v2\/categories?post=250247"},{"taxonomy":"post_tag","embeddable":true,"href":"https:\/\/franciscanos.org.br\/noticias\/wp-json\/wp\/v2\/tags?post=250247"}],"curies":[{"name":"wp","href":"https:\/\/api.w.org\/{rel}","templated":true}]}}