{"id":25022,"date":"2012-09-27T07:05:53","date_gmt":"2012-09-27T10:05:53","guid":{"rendered":"http:\/\/new.franciscanos.org.br\/?p=25022"},"modified":"2020-11-09T16:41:00","modified_gmt":"2020-11-09T19:41:00","slug":"franciscanos-participam-de-curso-sobre-a-europa-medieval","status":"publish","type":"post","link":"https:\/\/franciscanos.org.br\/noticias\/franciscanos-participam-de-curso-sobre-a-europa-medieval.html","title":{"rendered":"Franciscanos participam de curso sobre a Europa Medieval"},"content":{"rendered":"<p><strong><img loading=\"lazy\" class=\"alignright size-full wp-image-25023\" title=\"3514_270912\" src=\"http:\/\/franciscanos.org.br\/wp-content\/uploads\/2012\/09\/3514_270912.jpg\" alt=\"\" width=\"400\" height=\"300\" \/><\/strong>A partir de 26 de setembro as noites de quarta-feira ser\u00e3o de forma\u00e7\u00e3o. O Sindicato dos Servidores das Justi\u00e7as Federais no Estado do Rio de Janeiro (Sisejufe), atrav\u00e9s de sua Secretaria de Forma\u00e7\u00e3o, e o Programa de Estudos Medievais da Universidade Federal do Rio de Janeiro (UFRJ) est\u00e3o promovendo o curso \u201cA Europa na Idade M\u00e9dia e os fundamentos da civiliza\u00e7\u00e3o ocidental\u201d.<\/p>\n<p>O curso tem como objetivo principal discutir aspectos da sociedade medieval destacando como contribu\u00edram para a forma\u00e7\u00e3o da civiliza\u00e7\u00e3o ocidental. Apesar do dia chuvoso, muitos servidores filiados ao Sisejufe, sindicalistas, frades conventuais e irm\u00e3os da Ordem Franciscana Secular (OFS) estiveram presentes na aula inaugural ministrada pela professora Maria Valdiza. A professora atua na \u00e1rea de Hist\u00f3ria Medieval, \u00e9 graduada e mestreem Hist\u00f3ria Comparadapela UFRJ (2007), e atualmente cursa o doutoradoem Hist\u00f3ria Comparadana mesma institui\u00e7\u00e3o.<\/p>\n<p>A aula inaugural contou ainda com a presen\u00e7a do ministro do Regional Sudeste II da OFS, H\u00e9lio Gouvea, e do frei Donil Alves da Silva J\u00fanior, OFMConv., assistente espiritual da Fraternidade S\u00e3o Francisco de Assis, no Rio Comprido (RJ).<\/p>\n<p>Na primeira aula os presentes puderam conhecer o processo de constru\u00e7\u00e3o do conceito de Idade M\u00e9dia, sua delimita\u00e7\u00e3o espacial e cronol\u00f3gica, bem como as reminisc\u00eancias medievais e a medievalidade que est\u00e3o presentes em diferentes \u00e1reas do conhecimento humano. De forma did\u00e1tica, a professora Maria Valdiza apresentou locais e exemplos da hist\u00f3ria de Francisco e Clara de Assis, e real\u00e7ou que os ju\u00edzos de valor acerca da Idade Medieval s\u00e3o quase sempre associados a uma id\u00e9ia pejorativa que considera o per\u00edodo como \u2018idade das trevas\u2019.<\/p>\n<p>Segundo Valdiza, com os estudos realizados a partir da Escola dos Annales, a historiografia vem resgatando e construindo uma nova vis\u00e3o acerca da import\u00e2ncia e das contribui\u00e7\u00f5es deixadas no campo das artes, arquitetura, literatura, m\u00fasica, tradi\u00e7\u00f5es e nas rela\u00e7\u00f5es sociais que marcaram profundamente n\u00e3o s\u00f3 as sociedades europ\u00e9ias, mas as demais culturas e do mundo, inclusive a sociedade brasileira.<\/p>\n<p>A pr\u00f3xima aula ser\u00e1 realizada no pr\u00f3ximo dia 03 de outubro, \u00e0s 19:00 horas, e ser\u00e1 ministrada pelo professor Paulo Duarte, que apresentar\u00e1 o seguinte tema: \u201cAgostinho e Isidoro de Sevilha: os fundamentos do pensamento medieval ocidental\u201d. A aula abordar\u00e1 a trajet\u00f3ria e produ\u00e7\u00e3o liter\u00e1ria de Agostinho e Isidoro; o di\u00e1logo entre a cultura cl\u00e1ssica, o cristianismo e a sociedade medieval nascente e o pensamento medieval.<\/p>\n<p>O professor Paulo Duarte possui gradua\u00e7\u00e3o (2005) e mestrado (2009) pelo Programa de P\u00f3s-gradua\u00e7\u00e3o em Hist\u00f3ria Comparada pela mesma institui\u00e7\u00e3o, e ingressou no Doutorado em 2011. Possui experi\u00eancia na \u00e1rea de Hist\u00f3ria, com \u00eanfase em Hist\u00f3ria Antigae Medieval, atuando principalmente nos temas relacionados ao episcopado, produ\u00e7\u00e3o intelectual, serm\u00f5es e prega\u00e7\u00e3o, P\u00e1scoa e calend\u00e1rio lit\u00fargico.<\/p>\n<p>O curso \u201cA Europa na Idade M\u00e9dia e os fundamentos da civiliza\u00e7\u00e3o ocidental\u201d \u00e9 gratuito e ser\u00e1 ministrado sempre \u00e0s quartas-feiras, \u00e0s 19:00 horas, no per\u00edodo de 26 de setembro a 12 de dezembro de 2012. Maiores informa\u00e7\u00f5es podem ser obtidas no Sindicato dos Servidores das Justi\u00e7as Federais no Estado do Rio de Janeiro: Avenida Presidente Vargas, 509, 11\u00ba andar, Centro, Rio de Janeiro. Tel. (21) 2215-2443.<\/p>\n","protected":false},"excerpt":{"rendered":"<p>OFS<\/p>\n","protected":false},"author":1,"featured_media":213344,"comment_status":"closed","ping_status":"open","sticky":false,"template":"","format":"standard","meta":[],"categories":[1],"tags":[60],"acf":[],"yoast_head":"<!-- This site is optimized with the Yoast SEO plugin v19.2 - https:\/\/yoast.com\/wordpress\/plugins\/seo\/ -->\n<title>Franciscanos participam de curso sobre a Europa Medieval - Not\u00edcias - Franciscanos<\/title>\n<meta name=\"robots\" content=\"index, follow, max-snippet:-1, max-image-preview:large, max-video-preview:-1\" \/>\n<link rel=\"canonical\" href=\"https:\/\/franciscanos.org.br\/noticias\/franciscanos-participam-de-curso-sobre-a-europa-medieval.html\" \/>\n<meta property=\"og:locale\" content=\"pt_BR\" \/>\n<meta property=\"og:type\" content=\"article\" \/>\n<meta property=\"og:title\" content=\"Franciscanos participam de curso sobre a Europa Medieval - Not\u00edcias - Franciscanos\" \/>\n<meta property=\"og:description\" content=\"OFS\" \/>\n<meta property=\"og:url\" content=\"https:\/\/franciscanos.org.br\/noticias\/franciscanos-participam-de-curso-sobre-a-europa-medieval.html\" \/>\n<meta property=\"og:site_name\" content=\"Not\u00edcias - Franciscanos\" \/>\n<meta property=\"article:published_time\" content=\"2012-09-27T10:05:53+00:00\" \/>\n<meta property=\"article:modified_time\" content=\"2020-11-09T19:41:00+00:00\" \/>\n<meta property=\"og:image\" content=\"https:\/\/franciscanos.org.br\/noticias\/wp-content\/uploads\/2012\/09\/3514_270912.jpg\" \/>\n\t<meta property=\"og:image:width\" content=\"273\" \/>\n\t<meta property=\"og:image:height\" content=\"181\" \/>\n\t<meta property=\"og:image:type\" content=\"image\/jpeg\" \/>\n<meta name=\"author\" content=\"admin\" \/>\n<meta name=\"twitter:card\" content=\"summary_large_image\" \/>\n<meta name=\"twitter:label1\" content=\"Escrito por\" \/>\n\t<meta name=\"twitter:data1\" content=\"admin\" \/>\n\t<meta name=\"twitter:label2\" content=\"Est. tempo de leitura\" \/>\n\t<meta name=\"twitter:data2\" content=\"3 minutos\" \/>\n<script type=\"application\/ld+json\" class=\"yoast-schema-graph\">{\"@context\":\"https:\/\/schema.org\",\"@graph\":[{\"@type\":\"WebSite\",\"@id\":\"https:\/\/franciscanos.org.br\/noticias\/#website\",\"url\":\"https:\/\/franciscanos.org.br\/noticias\/\",\"name\":\"Not\u00edcias - Franciscanos\",\"description\":\"Prov\u00edncia Franciscana da Imaculada Concei\u00e7\u00e3o do Brasil - Ordem dos Frades Menores - OFM\",\"potentialAction\":[{\"@type\":\"SearchAction\",\"target\":{\"@type\":\"EntryPoint\",\"urlTemplate\":\"https:\/\/franciscanos.org.br\/noticias\/?s={search_term_string}\"},\"query-input\":\"required name=search_term_string\"}],\"inLanguage\":\"pt-BR\"},{\"@type\":\"ImageObject\",\"inLanguage\":\"pt-BR\",\"@id\":\"https:\/\/franciscanos.org.br\/noticias\/franciscanos-participam-de-curso-sobre-a-europa-medieval.html#primaryimage\",\"url\":\"https:\/\/franciscanos.org.br\/noticias\/wp-content\/uploads\/2012\/09\/3514_270912.jpg\",\"contentUrl\":\"https:\/\/franciscanos.org.br\/noticias\/wp-content\/uploads\/2012\/09\/3514_270912.jpg\",\"width\":273,\"height\":181},{\"@type\":\"WebPage\",\"@id\":\"https:\/\/franciscanos.org.br\/noticias\/franciscanos-participam-de-curso-sobre-a-europa-medieval.html#webpage\",\"url\":\"https:\/\/franciscanos.org.br\/noticias\/franciscanos-participam-de-curso-sobre-a-europa-medieval.html\",\"name\":\"Franciscanos participam de curso sobre a Europa Medieval - Not\u00edcias - Franciscanos\",\"isPartOf\":{\"@id\":\"https:\/\/franciscanos.org.br\/noticias\/#website\"},\"primaryImageOfPage\":{\"@id\":\"https:\/\/franciscanos.org.br\/noticias\/franciscanos-participam-de-curso-sobre-a-europa-medieval.html#primaryimage\"},\"datePublished\":\"2012-09-27T10:05:53+00:00\",\"dateModified\":\"2020-11-09T19:41:00+00:00\",\"author\":{\"@id\":\"https:\/\/franciscanos.org.br\/noticias\/#\/schema\/person\/b38fbf43118f02820bd932f2e4b14ad3\"},\"breadcrumb\":{\"@id\":\"https:\/\/franciscanos.org.br\/noticias\/franciscanos-participam-de-curso-sobre-a-europa-medieval.html#breadcrumb\"},\"inLanguage\":\"pt-BR\",\"potentialAction\":[{\"@type\":\"ReadAction\",\"target\":[\"https:\/\/franciscanos.org.br\/noticias\/franciscanos-participam-de-curso-sobre-a-europa-medieval.html\"]}]},{\"@type\":\"BreadcrumbList\",\"@id\":\"https:\/\/franciscanos.org.br\/noticias\/franciscanos-participam-de-curso-sobre-a-europa-medieval.html#breadcrumb\",\"itemListElement\":[{\"@type\":\"ListItem\",\"position\":1,\"name\":\"Home\",\"item\":\"https:\/\/franciscanos.org.br\/noticias\"},{\"@type\":\"ListItem\",\"position\":2,\"name\":\"Franciscanos participam de curso sobre a Europa Medieval\"}]},{\"@type\":\"Person\",\"@id\":\"https:\/\/franciscanos.org.br\/noticias\/#\/schema\/person\/b38fbf43118f02820bd932f2e4b14ad3\",\"name\":\"admin\",\"image\":{\"@type\":\"ImageObject\",\"inLanguage\":\"pt-BR\",\"@id\":\"https:\/\/franciscanos.org.br\/noticias\/#\/schema\/person\/image\/\",\"url\":\"https:\/\/secure.gravatar.com\/avatar\/e8495742d34d0ba6448ea1c628263b3e?s=96&d=mm&r=g\",\"contentUrl\":\"https:\/\/secure.gravatar.com\/avatar\/e8495742d34d0ba6448ea1c628263b3e?s=96&d=mm&r=g\",\"caption\":\"admin\"},\"url\":\"https:\/\/franciscanos.org.br\/noticias\/author\/admin\"}]}<\/script>\n<!-- \/ Yoast SEO plugin. -->","yoast_head_json":{"title":"Franciscanos participam de curso sobre a Europa Medieval - Not\u00edcias - Franciscanos","robots":{"index":"index","follow":"follow","max-snippet":"max-snippet:-1","max-image-preview":"max-image-preview:large","max-video-preview":"max-video-preview:-1"},"canonical":"https:\/\/franciscanos.org.br\/noticias\/franciscanos-participam-de-curso-sobre-a-europa-medieval.html","og_locale":"pt_BR","og_type":"article","og_title":"Franciscanos participam de curso sobre a Europa Medieval - Not\u00edcias - Franciscanos","og_description":"OFS","og_url":"https:\/\/franciscanos.org.br\/noticias\/franciscanos-participam-de-curso-sobre-a-europa-medieval.html","og_site_name":"Not\u00edcias - Franciscanos","article_published_time":"2012-09-27T10:05:53+00:00","article_modified_time":"2020-11-09T19:41:00+00:00","og_image":[{"width":273,"height":181,"url":"https:\/\/franciscanos.org.br\/noticias\/wp-content\/uploads\/2012\/09\/3514_270912.jpg","type":"image\/jpeg"}],"author":"admin","twitter_card":"summary_large_image","twitter_misc":{"Escrito por":"admin","Est. tempo de leitura":"3 minutos"},"schema":{"@context":"https:\/\/schema.org","@graph":[{"@type":"WebSite","@id":"https:\/\/franciscanos.org.br\/noticias\/#website","url":"https:\/\/franciscanos.org.br\/noticias\/","name":"Not\u00edcias - Franciscanos","description":"Prov\u00edncia Franciscana da Imaculada Concei\u00e7\u00e3o do Brasil - Ordem dos Frades Menores - OFM","potentialAction":[{"@type":"SearchAction","target":{"@type":"EntryPoint","urlTemplate":"https:\/\/franciscanos.org.br\/noticias\/?s={search_term_string}"},"query-input":"required name=search_term_string"}],"inLanguage":"pt-BR"},{"@type":"ImageObject","inLanguage":"pt-BR","@id":"https:\/\/franciscanos.org.br\/noticias\/franciscanos-participam-de-curso-sobre-a-europa-medieval.html#primaryimage","url":"https:\/\/franciscanos.org.br\/noticias\/wp-content\/uploads\/2012\/09\/3514_270912.jpg","contentUrl":"https:\/\/franciscanos.org.br\/noticias\/wp-content\/uploads\/2012\/09\/3514_270912.jpg","width":273,"height":181},{"@type":"WebPage","@id":"https:\/\/franciscanos.org.br\/noticias\/franciscanos-participam-de-curso-sobre-a-europa-medieval.html#webpage","url":"https:\/\/franciscanos.org.br\/noticias\/franciscanos-participam-de-curso-sobre-a-europa-medieval.html","name":"Franciscanos participam de curso sobre a Europa Medieval - Not\u00edcias - Franciscanos","isPartOf":{"@id":"https:\/\/franciscanos.org.br\/noticias\/#website"},"primaryImageOfPage":{"@id":"https:\/\/franciscanos.org.br\/noticias\/franciscanos-participam-de-curso-sobre-a-europa-medieval.html#primaryimage"},"datePublished":"2012-09-27T10:05:53+00:00","dateModified":"2020-11-09T19:41:00+00:00","author":{"@id":"https:\/\/franciscanos.org.br\/noticias\/#\/schema\/person\/b38fbf43118f02820bd932f2e4b14ad3"},"breadcrumb":{"@id":"https:\/\/franciscanos.org.br\/noticias\/franciscanos-participam-de-curso-sobre-a-europa-medieval.html#breadcrumb"},"inLanguage":"pt-BR","potentialAction":[{"@type":"ReadAction","target":["https:\/\/franciscanos.org.br\/noticias\/franciscanos-participam-de-curso-sobre-a-europa-medieval.html"]}]},{"@type":"BreadcrumbList","@id":"https:\/\/franciscanos.org.br\/noticias\/franciscanos-participam-de-curso-sobre-a-europa-medieval.html#breadcrumb","itemListElement":[{"@type":"ListItem","position":1,"name":"Home","item":"https:\/\/franciscanos.org.br\/noticias"},{"@type":"ListItem","position":2,"name":"Franciscanos participam de curso sobre a Europa Medieval"}]},{"@type":"Person","@id":"https:\/\/franciscanos.org.br\/noticias\/#\/schema\/person\/b38fbf43118f02820bd932f2e4b14ad3","name":"admin","image":{"@type":"ImageObject","inLanguage":"pt-BR","@id":"https:\/\/franciscanos.org.br\/noticias\/#\/schema\/person\/image\/","url":"https:\/\/secure.gravatar.com\/avatar\/e8495742d34d0ba6448ea1c628263b3e?s=96&d=mm&r=g","contentUrl":"https:\/\/secure.gravatar.com\/avatar\/e8495742d34d0ba6448ea1c628263b3e?s=96&d=mm&r=g","caption":"admin"},"url":"https:\/\/franciscanos.org.br\/noticias\/author\/admin"}]}},"_links":{"self":[{"href":"https:\/\/franciscanos.org.br\/noticias\/wp-json\/wp\/v2\/posts\/25022"}],"collection":[{"href":"https:\/\/franciscanos.org.br\/noticias\/wp-json\/wp\/v2\/posts"}],"about":[{"href":"https:\/\/franciscanos.org.br\/noticias\/wp-json\/wp\/v2\/types\/post"}],"author":[{"embeddable":true,"href":"https:\/\/franciscanos.org.br\/noticias\/wp-json\/wp\/v2\/users\/1"}],"replies":[{"embeddable":true,"href":"https:\/\/franciscanos.org.br\/noticias\/wp-json\/wp\/v2\/comments?post=25022"}],"version-history":[{"count":1,"href":"https:\/\/franciscanos.org.br\/noticias\/wp-json\/wp\/v2\/posts\/25022\/revisions"}],"predecessor-version":[{"id":229164,"href":"https:\/\/franciscanos.org.br\/noticias\/wp-json\/wp\/v2\/posts\/25022\/revisions\/229164"}],"wp:featuredmedia":[{"embeddable":true,"href":"https:\/\/franciscanos.org.br\/noticias\/wp-json\/wp\/v2\/media\/213344"}],"wp:attachment":[{"href":"https:\/\/franciscanos.org.br\/noticias\/wp-json\/wp\/v2\/media?parent=25022"}],"wp:term":[{"taxonomy":"category","embeddable":true,"href":"https:\/\/franciscanos.org.br\/noticias\/wp-json\/wp\/v2\/categories?post=25022"},{"taxonomy":"post_tag","embeddable":true,"href":"https:\/\/franciscanos.org.br\/noticias\/wp-json\/wp\/v2\/tags?post=25022"}],"curies":[{"name":"wp","href":"https:\/\/api.w.org\/{rel}","templated":true}]}}