{"id":250216,"date":"2024-08-20T09:15:46","date_gmt":"2024-08-20T12:15:46","guid":{"rendered":"https:\/\/franciscanos.org.br\/noticias\/?p=250216"},"modified":"2024-08-20T09:22:11","modified_gmt":"2024-08-20T12:22:11","slug":"convento-da-penha-recebe-romaria-das-familias","status":"publish","type":"post","link":"https:\/\/franciscanos.org.br\/noticias\/convento-da-penha-recebe-romaria-das-familias.html","title":{"rendered":"Convento da Penha recebe Romaria das Fam\u00edlias"},"content":{"rendered":"<p><img loading=\"lazy\" class=\"aligncenter wp-image-250217 size-full\" src=\"https:\/\/franciscanos.org.br\/noticias\/wp-content\/uploads\/2024\/08\/MATERIA-15.jpg\" alt=\"\" width=\"1280\" height=\"720\" srcset=\"https:\/\/franciscanos.org.br\/noticias\/wp-content\/uploads\/2024\/08\/MATERIA-15.jpg 1280w, https:\/\/franciscanos.org.br\/noticias\/wp-content\/uploads\/2024\/08\/MATERIA-15-450x253.jpg 450w, https:\/\/franciscanos.org.br\/noticias\/wp-content\/uploads\/2024\/08\/MATERIA-15-1024x576.jpg 1024w, https:\/\/franciscanos.org.br\/noticias\/wp-content\/uploads\/2024\/08\/MATERIA-15-768x432.jpg 768w, https:\/\/franciscanos.org.br\/noticias\/wp-content\/uploads\/2024\/08\/MATERIA-15-150x84.jpg 150w\" sizes=\"(max-width: 1280px) 100vw, 1280px\" \/><\/p>\n<p>No \u00faltimo domingo (18\/08), milhares de fi\u00e9is participaram do encerramento da Semana Nacional da Fam\u00edlia na Arquidiocese de Vit\u00f3ria. A tradicional Romaria das Fam\u00edlias ao Convento encheu as ruas do Centro de Vila Velha. A concentra\u00e7\u00e3o foi no Santu\u00e1rio Divino Esp\u00edrito Santo e foi conduzida pelo Padre Jacqueson Pimentel. O percurso de aproximadamente 3 quil\u00f4metros foi percorrido com muita anima\u00e7\u00e3o, ora\u00e7\u00f5es e gratid\u00e3o a Deus pelas fam\u00edlias.<\/p>\n<p>A Semana Nacional da Fam\u00edlia foi um momento de destacar e valorizar a voca\u00e7\u00e3o matrimonial. O evento trouxe como tema \u201cFam\u00edlia e Amizade\u201d, em sintonia com a Campanha da Fraternidade 2024, que abordou \u201cFraternidade e Amizade Social\u201d. O lema: \u201cAmizade, uma forma de vida com sabor do Evangelho\u201d, com reflex\u00f5es do cap\u00edtulo 15 do evangelho de Jo\u00e3o, \u201cj\u00e1 n\u00e3o vos chamo servos, vos chamo amigos\u201d (Jo\u00e3o 15,15).<\/p>\n\n\t\t<style type=\"text\/css\">\n\t\t\t#gallery-1 {\n\t\t\t\tmargin: auto;\n\t\t\t}\n\t\t\t#gallery-1 .gallery-item {\n\t\t\t\tfloat: left;\n\t\t\t\tmargin-top: 10px;\n\t\t\t\ttext-align: center;\n\t\t\t\twidth: 25%;\n\t\t\t}\n\t\t\t#gallery-1 img {\n\t\t\t\tborder: 2px solid #cfcfcf;\n\t\t\t}\n\t\t\t#gallery-1 .gallery-caption {\n\t\t\t\tmargin-left: 0;\n\t\t\t}\n\t\t\t\/* see gallery_shortcode() in wp-includes\/media.php *\/\n\t\t<\/style>\n\t\t<div id='gallery-1' class='gallery galleryid-250216 gallery-columns-4 gallery-size-large'><dl class='gallery-item'>\n\t\t\t<dt class='gallery-icon landscape'>\n\t\t\t\t<a href='https:\/\/franciscanos.org.br\/noticias\/wp-content\/uploads\/2024\/08\/Romaria-das-Familias-ao-Convento-2024-54-2048x1365-1-scaled.jpg'><img width=\"1024\" height=\"683\" src=\"https:\/\/franciscanos.org.br\/noticias\/wp-content\/uploads\/2024\/08\/Romaria-das-Familias-ao-Convento-2024-54-2048x1365-1-1024x683.jpg\" class=\"attachment-large size-large\" alt=\"\" loading=\"lazy\" srcset=\"https:\/\/franciscanos.org.br\/noticias\/wp-content\/uploads\/2024\/08\/Romaria-das-Familias-ao-Convento-2024-54-2048x1365-1-1024x683.jpg 1024w, https:\/\/franciscanos.org.br\/noticias\/wp-content\/uploads\/2024\/08\/Romaria-das-Familias-ao-Convento-2024-54-2048x1365-1-450x300.jpg 450w, https:\/\/franciscanos.org.br\/noticias\/wp-content\/uploads\/2024\/08\/Romaria-das-Familias-ao-Convento-2024-54-2048x1365-1-768x512.jpg 768w, https:\/\/franciscanos.org.br\/noticias\/wp-content\/uploads\/2024\/08\/Romaria-das-Familias-ao-Convento-2024-54-2048x1365-1-1536x1024.jpg 1536w, https:\/\/franciscanos.org.br\/noticias\/wp-content\/uploads\/2024\/08\/Romaria-das-Familias-ao-Convento-2024-54-2048x1365-1-150x100.jpg 150w, https:\/\/franciscanos.org.br\/noticias\/wp-content\/uploads\/2024\/08\/Romaria-das-Familias-ao-Convento-2024-54-2048x1365-1-scaled.jpg 1620w\" sizes=\"(max-width: 1024px) 100vw, 1024px\" \/><\/a>\n\t\t\t<\/dt><\/dl><dl class='gallery-item'>\n\t\t\t<dt class='gallery-icon landscape'>\n\t\t\t\t<a href='https:\/\/franciscanos.org.br\/noticias\/wp-content\/uploads\/2024\/08\/Romaria-das-Familias-ao-Convento-2024-55-2048x1365-1-scaled.jpg'><img width=\"1024\" height=\"683\" src=\"https:\/\/franciscanos.org.br\/noticias\/wp-content\/uploads\/2024\/08\/Romaria-das-Familias-ao-Convento-2024-55-2048x1365-1-1024x683.jpg\" class=\"attachment-large size-large\" alt=\"\" loading=\"lazy\" srcset=\"https:\/\/franciscanos.org.br\/noticias\/wp-content\/uploads\/2024\/08\/Romaria-das-Familias-ao-Convento-2024-55-2048x1365-1-1024x683.jpg 1024w, https:\/\/franciscanos.org.br\/noticias\/wp-content\/uploads\/2024\/08\/Romaria-das-Familias-ao-Convento-2024-55-2048x1365-1-450x300.jpg 450w, https:\/\/franciscanos.org.br\/noticias\/wp-content\/uploads\/2024\/08\/Romaria-das-Familias-ao-Convento-2024-55-2048x1365-1-768x512.jpg 768w, https:\/\/franciscanos.org.br\/noticias\/wp-content\/uploads\/2024\/08\/Romaria-das-Familias-ao-Convento-2024-55-2048x1365-1-1536x1024.jpg 1536w, https:\/\/franciscanos.org.br\/noticias\/wp-content\/uploads\/2024\/08\/Romaria-das-Familias-ao-Convento-2024-55-2048x1365-1-150x100.jpg 150w, https:\/\/franciscanos.org.br\/noticias\/wp-content\/uploads\/2024\/08\/Romaria-das-Familias-ao-Convento-2024-55-2048x1365-1-scaled.jpg 1920w\" sizes=\"(max-width: 1024px) 100vw, 1024px\" \/><\/a>\n\t\t\t<\/dt><\/dl><dl class='gallery-item'>\n\t\t\t<dt class='gallery-icon landscape'>\n\t\t\t\t<a href='https:\/\/franciscanos.org.br\/noticias\/wp-content\/uploads\/2024\/08\/Romaria-das-Familias-ao-Convento-2024-61-2048x1365-1-scaled.jpg'><img width=\"1024\" height=\"683\" src=\"https:\/\/franciscanos.org.br\/noticias\/wp-content\/uploads\/2024\/08\/Romaria-das-Familias-ao-Convento-2024-61-2048x1365-1-1024x683.jpg\" class=\"attachment-large size-large\" alt=\"\" loading=\"lazy\" srcset=\"https:\/\/franciscanos.org.br\/noticias\/wp-content\/uploads\/2024\/08\/Romaria-das-Familias-ao-Convento-2024-61-2048x1365-1-1024x683.jpg 1024w, https:\/\/franciscanos.org.br\/noticias\/wp-content\/uploads\/2024\/08\/Romaria-das-Familias-ao-Convento-2024-61-2048x1365-1-450x300.jpg 450w, https:\/\/franciscanos.org.br\/noticias\/wp-content\/uploads\/2024\/08\/Romaria-das-Familias-ao-Convento-2024-61-2048x1365-1-768x512.jpg 768w, https:\/\/franciscanos.org.br\/noticias\/wp-content\/uploads\/2024\/08\/Romaria-das-Familias-ao-Convento-2024-61-2048x1365-1-1536x1024.jpg 1536w, https:\/\/franciscanos.org.br\/noticias\/wp-content\/uploads\/2024\/08\/Romaria-das-Familias-ao-Convento-2024-61-2048x1365-1-150x100.jpg 150w, https:\/\/franciscanos.org.br\/noticias\/wp-content\/uploads\/2024\/08\/Romaria-das-Familias-ao-Convento-2024-61-2048x1365-1-scaled.jpg 1920w\" sizes=\"(max-width: 1024px) 100vw, 1024px\" \/><\/a>\n\t\t\t<\/dt><\/dl><dl class='gallery-item'>\n\t\t\t<dt class='gallery-icon landscape'>\n\t\t\t\t<a href='https:\/\/franciscanos.org.br\/noticias\/wp-content\/uploads\/2024\/08\/Romaria-das-Familias-ao-Convento-2024-63-2048x1365-1-scaled.jpg'><img width=\"1024\" height=\"683\" src=\"https:\/\/franciscanos.org.br\/noticias\/wp-content\/uploads\/2024\/08\/Romaria-das-Familias-ao-Convento-2024-63-2048x1365-1-1024x683.jpg\" class=\"attachment-large size-large\" alt=\"\" loading=\"lazy\" srcset=\"https:\/\/franciscanos.org.br\/noticias\/wp-content\/uploads\/2024\/08\/Romaria-das-Familias-ao-Convento-2024-63-2048x1365-1-1024x683.jpg 1024w, https:\/\/franciscanos.org.br\/noticias\/wp-content\/uploads\/2024\/08\/Romaria-das-Familias-ao-Convento-2024-63-2048x1365-1-450x300.jpg 450w, https:\/\/franciscanos.org.br\/noticias\/wp-content\/uploads\/2024\/08\/Romaria-das-Familias-ao-Convento-2024-63-2048x1365-1-768x512.jpg 768w, https:\/\/franciscanos.org.br\/noticias\/wp-content\/uploads\/2024\/08\/Romaria-das-Familias-ao-Convento-2024-63-2048x1365-1-1536x1024.jpg 1536w, https:\/\/franciscanos.org.br\/noticias\/wp-content\/uploads\/2024\/08\/Romaria-das-Familias-ao-Convento-2024-63-2048x1365-1-150x100.jpg 150w, https:\/\/franciscanos.org.br\/noticias\/wp-content\/uploads\/2024\/08\/Romaria-das-Familias-ao-Convento-2024-63-2048x1365-1-scaled.jpg 1620w\" sizes=\"(max-width: 1024px) 100vw, 1024px\" \/><\/a>\n\t\t\t<\/dt><\/dl><br style=\"clear: both\" \/>\n\t\t<\/div>\n\n<p>Na chegada ao Campinho do Convento, as fam\u00edlias foram acolhidas e celebraram a Eucaristia, que foi presidida pelo Arcebispo Metropolitano de Vit\u00f3ria, Dom Frei Dario Campos, com presen\u00e7a de padres da Arquidiocese. No in\u00edcio, a Imagem de Nossa Senhora entrou solenemente aben\u00e7oando a todos.<\/p>\n<p>O primeiro tema da prega\u00e7\u00e3o do Arcebispo foi a convers\u00e3o.\u201dOuvindo a Mesa da Palavra, encontramos algo que vai nos apontando o caminho, na qual todas as nossas fam\u00edlias devem trilhar, devem caminhar, devem seguir em dire\u00e7\u00e3o \u00e0 Jesus de Nazar\u00e9. Quando ouvimos o profeta Ezequiel (18,1-10.13.30-32) convidando o povo \u00e0 convers\u00e3o, quando a gente escuta o salmista (Salmo Responsorial: 50\/51) que pede ao Senhor um esp\u00edrito generoso, quando a gente vai ouvir o Evangelho de S\u00e3o Mateus (19,13-15), Jesus est\u00e1 acolhendo as crian\u00e7as. Vejamos, o profeta, em nome do Senhor, convida o povo a uma profunda convers\u00e3o e essa convers\u00e3o deve tocar a todas as fam\u00edlias de Israel. Todas as vidas devem pertencer ao Senhor. O profeta indica o caminho, a convers\u00e3o da busca e da viv\u00eancia de uma vida nova, como condi\u00e7\u00e3o para que o povo vivesse em comunh\u00e3o na amizade com o Senhor. Hoje nos reunimos no Campinho do Convento, na casa da nossa M\u00e3e, nos reunimos como fam\u00edlia para pedir ao Senhor, sua gra\u00e7a e sua b\u00ean\u00e7\u00e3o. Acolhemos sua Palavra que nos convida a uma profunda busca de convers\u00e3o para uma vida nova. Queremos sair daqui com esse esp\u00edrito, esse sentimento de uma convers\u00e3o para uma vida nova nas nossas fam\u00edlias. Ao escutarmos a palavra do profeta, somos chamados a reconhecer que nossas fam\u00edlias pertencem ao Senhor e por isso, devemos buscar sempre a comunh\u00e3o e amizade com ele, diante da sociedade ainda t\u00e3o marcada por valores contr\u00e1rios ao Evangelho. Somos chamados a confirmar uma vez mais nosso sincero desejo de vivermos iluminados e fortalecidos pelo dom do Esp\u00edrito Santo, \u00e9 ele que nos d\u00e1 a gra\u00e7a de vivermos a vida nova, renovando nossos cora\u00e7\u00f5es e fortalecendo nosso esp\u00edrito\u201d, afirmou Dom Dario.<img loading=\"lazy\" class=\"size-medium wp-image-250223 alignright\" src=\"https:\/\/franciscanos.org.br\/noticias\/wp-content\/uploads\/2024\/08\/Romaria-das-Familias-ao-Convento-2024-121-2048x1365-1-450x300.jpg\" alt=\"\" width=\"450\" height=\"300\" srcset=\"https:\/\/franciscanos.org.br\/noticias\/wp-content\/uploads\/2024\/08\/Romaria-das-Familias-ao-Convento-2024-121-2048x1365-1-450x300.jpg 450w, https:\/\/franciscanos.org.br\/noticias\/wp-content\/uploads\/2024\/08\/Romaria-das-Familias-ao-Convento-2024-121-2048x1365-1-1024x683.jpg 1024w, https:\/\/franciscanos.org.br\/noticias\/wp-content\/uploads\/2024\/08\/Romaria-das-Familias-ao-Convento-2024-121-2048x1365-1-768x512.jpg 768w, https:\/\/franciscanos.org.br\/noticias\/wp-content\/uploads\/2024\/08\/Romaria-das-Familias-ao-Convento-2024-121-2048x1365-1-1536x1024.jpg 1536w, https:\/\/franciscanos.org.br\/noticias\/wp-content\/uploads\/2024\/08\/Romaria-das-Familias-ao-Convento-2024-121-2048x1365-1-150x100.jpg 150w, https:\/\/franciscanos.org.br\/noticias\/wp-content\/uploads\/2024\/08\/Romaria-das-Familias-ao-Convento-2024-121-2048x1365-1-scaled.jpg 1620w\" sizes=\"(max-width: 450px) 100vw, 450px\" \/><\/p>\n<p>\u201c\u00c9 importante esse sentimento, essa coragem do pedido de perd\u00e3o em nossas fam\u00edlias, na viv\u00eancia do lar, na viv\u00eancia do dia a dia, esposo com esposa, com os filhos, ter esse sentimento sempre presente do perd\u00e3o em nossas casas, o esp\u00edrito generoso deve estar presente no nosso lar. Deste modo, a partilha que se recebe \u00e9 sinal que se compreendeu a gratuidade, a generosidade do dom recebido. Temos recebido tantas gra\u00e7as, tantas b\u00ean\u00e7\u00e3os do Senhor. Ele tem cuidado com carinho por cada um de n\u00f3s, vem manifestando seu amor, sua bondade a cada dia. Que saibamos partilhar, dividir o que de gra\u00e7a recebemos, pois essa experi\u00eancia da bondade divina e sua defesa do pequeno e do pobre, e do seu cuidado com os sofredores deste mundo, devem tornar uma escola de vida para nossas fam\u00edlias. Nessa escola de comunh\u00e3o e partilha que \u00e9 a fam\u00edlia, todos seremos formados pela novidade do Evangelho, capaz de realizar um gesto de solidariedade e partilha. Fam\u00edlias que se compreendem como anunciadoras do reino da paz, da justi\u00e7a, da fratenidade, educando nossos filhos e filhas para esta viv\u00eancia da partilha, da amizade social\u201d, enfatizou o bispo.<\/p>\n<p>Ao comentar sobre o Evangelho, o Arcebispo lembrou o pedido de Jesus e sua op\u00e7\u00e3o pelos exclu\u00eddos. \u201cNo Evangelho, Jesus que acolhe as crian\u00e7as e as aben\u00e7oa, essa postura de Jesus indica a acolhida e o servi\u00e7o a todos que eram exclu\u00eddos da sociedade. As crian\u00e7as, juntamente com um enorme grupo de pessoas, n\u00e3o eram reconhecidas em sua plena dignidade. Jesus coloca as crian\u00e7as no centro e as aben\u00e7oa, manifestando seu amor e pede que a comunidade tenha um cuidado especial, afim de que as crian\u00e7as pudessem crescer na f\u00e9\u201d, na sequ\u00eancia, completou fazendo um pedido aos pais: \u201cQueridos pais e m\u00e3es, voc\u00eas todos t\u00eam um papel e uma miss\u00e3o fundamental na educa\u00e7\u00e3o e na forma\u00e7\u00e3o humana e crist\u00e3 dos vossos filhos e filhas, algo que n\u00e3o deve ser renunciado e nem mesmo delegado a outras pessoas. Hoje \u00e9 muito comum, muitos pais, delegam a educa\u00e7\u00e3o a terceiros, podemos dizer que est\u00e3o terceirizando a educa\u00e7\u00e3o. Querem que a escola fa\u00e7a o que \u00e9 de responsabilidade dos pais. N\u00e3o podemos delegar aos outros aquilo que \u00e9 pr\u00f3prio do papai e da mam\u00e3e. Cabe a cada um, marido e mulher, ajudando-se uns aos outros, compreenderem e acolherem o sentido de sermos crist\u00e3os a partir do nosso batismo. \u00c9 importante para cada um, na sua casa, colocar a Sagrada Fam\u00edlia como centro da sua casa e ao colocar o alimento na mesa, papai e mam\u00e3e saibam render gra\u00e7as a esse alimento que veio pelo trabalho e n\u00e3o comer de qualquer jeito. Ao deitar, papai e mam\u00e3e, aben\u00e7oem, rezem pelos seus filhos. O compromisso de f\u00e9, de perten\u00e7a \u00e0 comunidade\u201d, exortou.<\/p>\n<p>Por fim, Dom Dario falou sobre o tema da Semana Nacional da Fam\u00edlia \u201cTivemos como tema: \u2018Fam\u00edlia e Amizade\u2019 e lema \u2018Amizade, uma forma de vida com sabor do Evangelho\u2019. Nos chama aten\u00e7\u00e3o a fam\u00edlia e amizade, a import\u00e2ncia de cultivarmos rela\u00e7\u00f5es saud\u00e1veis, rela\u00e7\u00f5es genu\u00ednas dentro e fora do ambiente familiar. A amizade vista como forma de evangelho \u00e9 um convite a viver o mandamento do amor. De forma concreta, partilhando, caminhando juntos na f\u00e9, no amor. O lema nos lembra as palavras de Jesus: \u2018ningu\u00e9m tem maior amor do que aquele que d\u00e1 a vida pelos seus amigos. A verdadeira amizade, conforme ensinada por Jesus, \u00e9 caracterizada pelo amor, pela confian\u00e7a m\u00fatua que os pais devem ter, n\u00e3o s\u00f3 nos momentos alegres, mas nos momentos tristes. S\u00f3 nos resta pedir que a Sagrada Fam\u00edlia derrame gra\u00e7as e b\u00ean\u00e7\u00e3os sobre todos n\u00f3s\u201d, finalizou.<\/p>\n\n\t\t<style type=\"text\/css\">\n\t\t\t#gallery-2 {\n\t\t\t\tmargin: auto;\n\t\t\t}\n\t\t\t#gallery-2 .gallery-item {\n\t\t\t\tfloat: left;\n\t\t\t\tmargin-top: 10px;\n\t\t\t\ttext-align: center;\n\t\t\t\twidth: 25%;\n\t\t\t}\n\t\t\t#gallery-2 img {\n\t\t\t\tborder: 2px solid #cfcfcf;\n\t\t\t}\n\t\t\t#gallery-2 .gallery-caption {\n\t\t\t\tmargin-left: 0;\n\t\t\t}\n\t\t\t\/* see gallery_shortcode() in wp-includes\/media.php *\/\n\t\t<\/style>\n\t\t<div id='gallery-2' class='gallery galleryid-250216 gallery-columns-4 gallery-size-medium'><dl class='gallery-item'>\n\t\t\t<dt class='gallery-icon landscape'>\n\t\t\t\t<a href='https:\/\/franciscanos.org.br\/noticias\/wp-content\/uploads\/2024\/08\/Romaria-das-Familias-ao-Convento-2024-86-2048x1365-1-scaled.jpg'><img width=\"450\" height=\"300\" src=\"https:\/\/franciscanos.org.br\/noticias\/wp-content\/uploads\/2024\/08\/Romaria-das-Familias-ao-Convento-2024-86-2048x1365-1-450x300.jpg\" class=\"attachment-medium size-medium\" alt=\"\" loading=\"lazy\" srcset=\"https:\/\/franciscanos.org.br\/noticias\/wp-content\/uploads\/2024\/08\/Romaria-das-Familias-ao-Convento-2024-86-2048x1365-1-450x300.jpg 450w, https:\/\/franciscanos.org.br\/noticias\/wp-content\/uploads\/2024\/08\/Romaria-das-Familias-ao-Convento-2024-86-2048x1365-1-1024x683.jpg 1024w, https:\/\/franciscanos.org.br\/noticias\/wp-content\/uploads\/2024\/08\/Romaria-das-Familias-ao-Convento-2024-86-2048x1365-1-768x512.jpg 768w, https:\/\/franciscanos.org.br\/noticias\/wp-content\/uploads\/2024\/08\/Romaria-das-Familias-ao-Convento-2024-86-2048x1365-1-1536x1024.jpg 1536w, https:\/\/franciscanos.org.br\/noticias\/wp-content\/uploads\/2024\/08\/Romaria-das-Familias-ao-Convento-2024-86-2048x1365-1-150x100.jpg 150w, https:\/\/franciscanos.org.br\/noticias\/wp-content\/uploads\/2024\/08\/Romaria-das-Familias-ao-Convento-2024-86-2048x1365-1-scaled.jpg 1620w\" sizes=\"(max-width: 450px) 100vw, 450px\" \/><\/a>\n\t\t\t<\/dt><\/dl><dl class='gallery-item'>\n\t\t\t<dt class='gallery-icon landscape'>\n\t\t\t\t<a href='https:\/\/franciscanos.org.br\/noticias\/wp-content\/uploads\/2024\/08\/Romaria-das-Familias-ao-Convento-2024-87-2048x1365-1-scaled.jpg'><img width=\"450\" height=\"300\" src=\"https:\/\/franciscanos.org.br\/noticias\/wp-content\/uploads\/2024\/08\/Romaria-das-Familias-ao-Convento-2024-87-2048x1365-1-450x300.jpg\" class=\"attachment-medium size-medium\" alt=\"\" loading=\"lazy\" srcset=\"https:\/\/franciscanos.org.br\/noticias\/wp-content\/uploads\/2024\/08\/Romaria-das-Familias-ao-Convento-2024-87-2048x1365-1-450x300.jpg 450w, https:\/\/franciscanos.org.br\/noticias\/wp-content\/uploads\/2024\/08\/Romaria-das-Familias-ao-Convento-2024-87-2048x1365-1-1024x683.jpg 1024w, https:\/\/franciscanos.org.br\/noticias\/wp-content\/uploads\/2024\/08\/Romaria-das-Familias-ao-Convento-2024-87-2048x1365-1-768x512.jpg 768w, https:\/\/franciscanos.org.br\/noticias\/wp-content\/uploads\/2024\/08\/Romaria-das-Familias-ao-Convento-2024-87-2048x1365-1-1536x1024.jpg 1536w, https:\/\/franciscanos.org.br\/noticias\/wp-content\/uploads\/2024\/08\/Romaria-das-Familias-ao-Convento-2024-87-2048x1365-1-150x100.jpg 150w, https:\/\/franciscanos.org.br\/noticias\/wp-content\/uploads\/2024\/08\/Romaria-das-Familias-ao-Convento-2024-87-2048x1365-1-scaled.jpg 1620w\" sizes=\"(max-width: 450px) 100vw, 450px\" \/><\/a>\n\t\t\t<\/dt><\/dl><dl class='gallery-item'>\n\t\t\t<dt class='gallery-icon landscape'>\n\t\t\t\t<a href='https:\/\/franciscanos.org.br\/noticias\/wp-content\/uploads\/2024\/08\/Romaria-das-Familias-ao-Convento-2024-89-2048x1365-1-scaled.jpg'><img width=\"450\" height=\"300\" src=\"https:\/\/franciscanos.org.br\/noticias\/wp-content\/uploads\/2024\/08\/Romaria-das-Familias-ao-Convento-2024-89-2048x1365-1-450x300.jpg\" class=\"attachment-medium size-medium\" alt=\"\" loading=\"lazy\" srcset=\"https:\/\/franciscanos.org.br\/noticias\/wp-content\/uploads\/2024\/08\/Romaria-das-Familias-ao-Convento-2024-89-2048x1365-1-450x300.jpg 450w, https:\/\/franciscanos.org.br\/noticias\/wp-content\/uploads\/2024\/08\/Romaria-das-Familias-ao-Convento-2024-89-2048x1365-1-1024x683.jpg 1024w, https:\/\/franciscanos.org.br\/noticias\/wp-content\/uploads\/2024\/08\/Romaria-das-Familias-ao-Convento-2024-89-2048x1365-1-768x512.jpg 768w, https:\/\/franciscanos.org.br\/noticias\/wp-content\/uploads\/2024\/08\/Romaria-das-Familias-ao-Convento-2024-89-2048x1365-1-1536x1024.jpg 1536w, https:\/\/franciscanos.org.br\/noticias\/wp-content\/uploads\/2024\/08\/Romaria-das-Familias-ao-Convento-2024-89-2048x1365-1-150x100.jpg 150w, https:\/\/franciscanos.org.br\/noticias\/wp-content\/uploads\/2024\/08\/Romaria-das-Familias-ao-Convento-2024-89-2048x1365-1-scaled.jpg 1620w\" sizes=\"(max-width: 450px) 100vw, 450px\" \/><\/a>\n\t\t\t<\/dt><\/dl><dl class='gallery-item'>\n\t\t\t<dt class='gallery-icon landscape'>\n\t\t\t\t<a href='https:\/\/franciscanos.org.br\/noticias\/wp-content\/uploads\/2024\/08\/Romaria-das-Familias-ao-Convento-2024-96-2048x1365-1-scaled.jpg'><img width=\"450\" height=\"300\" src=\"https:\/\/franciscanos.org.br\/noticias\/wp-content\/uploads\/2024\/08\/Romaria-das-Familias-ao-Convento-2024-96-2048x1365-1-450x300.jpg\" class=\"attachment-medium size-medium\" alt=\"\" loading=\"lazy\" srcset=\"https:\/\/franciscanos.org.br\/noticias\/wp-content\/uploads\/2024\/08\/Romaria-das-Familias-ao-Convento-2024-96-2048x1365-1-450x300.jpg 450w, https:\/\/franciscanos.org.br\/noticias\/wp-content\/uploads\/2024\/08\/Romaria-das-Familias-ao-Convento-2024-96-2048x1365-1-1024x683.jpg 1024w, https:\/\/franciscanos.org.br\/noticias\/wp-content\/uploads\/2024\/08\/Romaria-das-Familias-ao-Convento-2024-96-2048x1365-1-768x512.jpg 768w, https:\/\/franciscanos.org.br\/noticias\/wp-content\/uploads\/2024\/08\/Romaria-das-Familias-ao-Convento-2024-96-2048x1365-1-1536x1024.jpg 1536w, https:\/\/franciscanos.org.br\/noticias\/wp-content\/uploads\/2024\/08\/Romaria-das-Familias-ao-Convento-2024-96-2048x1365-1-150x100.jpg 150w, https:\/\/franciscanos.org.br\/noticias\/wp-content\/uploads\/2024\/08\/Romaria-das-Familias-ao-Convento-2024-96-2048x1365-1-scaled.jpg 1620w\" sizes=\"(max-width: 450px) 100vw, 450px\" \/><\/a>\n\t\t\t<\/dt><\/dl><br style=\"clear: both\" \/>\n\t\t<\/div>\n\n<p>Um momento muito especial marcou o encerramento da Semana Nacional da Fam\u00edlia. Dom Dario convidou os casais a renovarem o compromisso matrimonial, reafirmando o sim de cada um. Depois, duas fam\u00edlias entraram com a Imagem da Sagrada Fam\u00edlia, um casal contou seu testemunho de vida de ora\u00e7\u00e3o e a b\u00ean\u00e7\u00e3o concluiu a festa.<\/p>\n<hr \/>\n<p><em>Cristian Oliveira- Comunica\u00e7\u00e3o Convento da Penha<\/em><\/p>\n\n\t\t<style type=\"text\/css\">\n\t\t\t#gallery-3 {\n\t\t\t\tmargin: auto;\n\t\t\t}\n\t\t\t#gallery-3 .gallery-item {\n\t\t\t\tfloat: left;\n\t\t\t\tmargin-top: 10px;\n\t\t\t\ttext-align: center;\n\t\t\t\twidth: 25%;\n\t\t\t}\n\t\t\t#gallery-3 img {\n\t\t\t\tborder: 2px solid #cfcfcf;\n\t\t\t}\n\t\t\t#gallery-3 .gallery-caption {\n\t\t\t\tmargin-left: 0;\n\t\t\t}\n\t\t\t\/* see gallery_shortcode() in wp-includes\/media.php *\/\n\t\t<\/style>\n\t\t<div id='gallery-3' class='gallery galleryid-250216 gallery-columns-4 gallery-size-medium'><dl class='gallery-item'>\n\t\t\t<dt class='gallery-icon landscape'>\n\t\t\t\t<a href='https:\/\/franciscanos.org.br\/noticias\/wp-content\/uploads\/2024\/08\/Romaria-das-Familias-ao-Convento-2024-75-2048x1365-1-scaled.jpg'><img width=\"450\" height=\"300\" src=\"https:\/\/franciscanos.org.br\/noticias\/wp-content\/uploads\/2024\/08\/Romaria-das-Familias-ao-Convento-2024-75-2048x1365-1-450x300.jpg\" class=\"attachment-medium size-medium\" alt=\"\" loading=\"lazy\" srcset=\"https:\/\/franciscanos.org.br\/noticias\/wp-content\/uploads\/2024\/08\/Romaria-das-Familias-ao-Convento-2024-75-2048x1365-1-450x300.jpg 450w, https:\/\/franciscanos.org.br\/noticias\/wp-content\/uploads\/2024\/08\/Romaria-das-Familias-ao-Convento-2024-75-2048x1365-1-1024x683.jpg 1024w, https:\/\/franciscanos.org.br\/noticias\/wp-content\/uploads\/2024\/08\/Romaria-das-Familias-ao-Convento-2024-75-2048x1365-1-768x512.jpg 768w, https:\/\/franciscanos.org.br\/noticias\/wp-content\/uploads\/2024\/08\/Romaria-das-Familias-ao-Convento-2024-75-2048x1365-1-1536x1024.jpg 1536w, https:\/\/franciscanos.org.br\/noticias\/wp-content\/uploads\/2024\/08\/Romaria-das-Familias-ao-Convento-2024-75-2048x1365-1-150x100.jpg 150w, https:\/\/franciscanos.org.br\/noticias\/wp-content\/uploads\/2024\/08\/Romaria-das-Familias-ao-Convento-2024-75-2048x1365-1-scaled.jpg 1620w\" sizes=\"(max-width: 450px) 100vw, 450px\" \/><\/a>\n\t\t\t<\/dt><\/dl><dl class='gallery-item'>\n\t\t\t<dt class='gallery-icon landscape'>\n\t\t\t\t<a href='https:\/\/franciscanos.org.br\/noticias\/wp-content\/uploads\/2024\/08\/Romaria-das-Familias-ao-Convento-2024-76-2048x1365-1-scaled.jpg'><img width=\"450\" height=\"300\" src=\"https:\/\/franciscanos.org.br\/noticias\/wp-content\/uploads\/2024\/08\/Romaria-das-Familias-ao-Convento-2024-76-2048x1365-1-450x300.jpg\" class=\"attachment-medium size-medium\" alt=\"\" loading=\"lazy\" srcset=\"https:\/\/franciscanos.org.br\/noticias\/wp-content\/uploads\/2024\/08\/Romaria-das-Familias-ao-Convento-2024-76-2048x1365-1-450x300.jpg 450w, https:\/\/franciscanos.org.br\/noticias\/wp-content\/uploads\/2024\/08\/Romaria-das-Familias-ao-Convento-2024-76-2048x1365-1-1024x683.jpg 1024w, https:\/\/franciscanos.org.br\/noticias\/wp-content\/uploads\/2024\/08\/Romaria-das-Familias-ao-Convento-2024-76-2048x1365-1-768x512.jpg 768w, https:\/\/franciscanos.org.br\/noticias\/wp-content\/uploads\/2024\/08\/Romaria-das-Familias-ao-Convento-2024-76-2048x1365-1-1536x1024.jpg 1536w, https:\/\/franciscanos.org.br\/noticias\/wp-content\/uploads\/2024\/08\/Romaria-das-Familias-ao-Convento-2024-76-2048x1365-1-150x100.jpg 150w, https:\/\/franciscanos.org.br\/noticias\/wp-content\/uploads\/2024\/08\/Romaria-das-Familias-ao-Convento-2024-76-2048x1365-1-scaled.jpg 1620w\" sizes=\"(max-width: 450px) 100vw, 450px\" \/><\/a>\n\t\t\t<\/dt><\/dl><dl class='gallery-item'>\n\t\t\t<dt class='gallery-icon landscape'>\n\t\t\t\t<a href='https:\/\/franciscanos.org.br\/noticias\/wp-content\/uploads\/2024\/08\/Romaria-das-Familias-ao-Convento-2024-78-2048x1365-1-scaled.jpg'><img width=\"450\" height=\"300\" src=\"https:\/\/franciscanos.org.br\/noticias\/wp-content\/uploads\/2024\/08\/Romaria-das-Familias-ao-Convento-2024-78-2048x1365-1-450x300.jpg\" class=\"attachment-medium size-medium\" alt=\"\" loading=\"lazy\" srcset=\"https:\/\/franciscanos.org.br\/noticias\/wp-content\/uploads\/2024\/08\/Romaria-das-Familias-ao-Convento-2024-78-2048x1365-1-450x300.jpg 450w, https:\/\/franciscanos.org.br\/noticias\/wp-content\/uploads\/2024\/08\/Romaria-das-Familias-ao-Convento-2024-78-2048x1365-1-1024x683.jpg 1024w, https:\/\/franciscanos.org.br\/noticias\/wp-content\/uploads\/2024\/08\/Romaria-das-Familias-ao-Convento-2024-78-2048x1365-1-768x512.jpg 768w, https:\/\/franciscanos.org.br\/noticias\/wp-content\/uploads\/2024\/08\/Romaria-das-Familias-ao-Convento-2024-78-2048x1365-1-1536x1024.jpg 1536w, https:\/\/franciscanos.org.br\/noticias\/wp-content\/uploads\/2024\/08\/Romaria-das-Familias-ao-Convento-2024-78-2048x1365-1-150x100.jpg 150w, https:\/\/franciscanos.org.br\/noticias\/wp-content\/uploads\/2024\/08\/Romaria-das-Familias-ao-Convento-2024-78-2048x1365-1-scaled.jpg 1620w\" sizes=\"(max-width: 450px) 100vw, 450px\" \/><\/a>\n\t\t\t<\/dt><\/dl><dl class='gallery-item'>\n\t\t\t<dt class='gallery-icon landscape'>\n\t\t\t\t<a href='https:\/\/franciscanos.org.br\/noticias\/wp-content\/uploads\/2024\/08\/Romaria-das-Familias-ao-Convento-2024-83-2048x1365-1-scaled.jpg'><img width=\"450\" height=\"300\" src=\"https:\/\/franciscanos.org.br\/noticias\/wp-content\/uploads\/2024\/08\/Romaria-das-Familias-ao-Convento-2024-83-2048x1365-1-450x300.jpg\" class=\"attachment-medium size-medium\" alt=\"\" loading=\"lazy\" srcset=\"https:\/\/franciscanos.org.br\/noticias\/wp-content\/uploads\/2024\/08\/Romaria-das-Familias-ao-Convento-2024-83-2048x1365-1-450x300.jpg 450w, https:\/\/franciscanos.org.br\/noticias\/wp-content\/uploads\/2024\/08\/Romaria-das-Familias-ao-Convento-2024-83-2048x1365-1-1024x683.jpg 1024w, https:\/\/franciscanos.org.br\/noticias\/wp-content\/uploads\/2024\/08\/Romaria-das-Familias-ao-Convento-2024-83-2048x1365-1-768x512.jpg 768w, https:\/\/franciscanos.org.br\/noticias\/wp-content\/uploads\/2024\/08\/Romaria-das-Familias-ao-Convento-2024-83-2048x1365-1-1536x1024.jpg 1536w, https:\/\/franciscanos.org.br\/noticias\/wp-content\/uploads\/2024\/08\/Romaria-das-Familias-ao-Convento-2024-83-2048x1365-1-150x100.jpg 150w, https:\/\/franciscanos.org.br\/noticias\/wp-content\/uploads\/2024\/08\/Romaria-das-Familias-ao-Convento-2024-83-2048x1365-1-scaled.jpg 1620w\" sizes=\"(max-width: 450px) 100vw, 450px\" \/><\/a>\n\t\t\t<\/dt><\/dl><br style=\"clear: both\" \/><dl class='gallery-item'>\n\t\t\t<dt class='gallery-icon landscape'>\n\t\t\t\t<a href='https:\/\/franciscanos.org.br\/noticias\/wp-content\/uploads\/2024\/08\/Romaria-das-Familias-ao-Convento-2024-109-2048x1365-1-scaled.jpg'><img width=\"450\" height=\"300\" src=\"https:\/\/franciscanos.org.br\/noticias\/wp-content\/uploads\/2024\/08\/Romaria-das-Familias-ao-Convento-2024-109-2048x1365-1-450x300.jpg\" class=\"attachment-medium size-medium\" alt=\"\" loading=\"lazy\" srcset=\"https:\/\/franciscanos.org.br\/noticias\/wp-content\/uploads\/2024\/08\/Romaria-das-Familias-ao-Convento-2024-109-2048x1365-1-450x300.jpg 450w, https:\/\/franciscanos.org.br\/noticias\/wp-content\/uploads\/2024\/08\/Romaria-das-Familias-ao-Convento-2024-109-2048x1365-1-1024x683.jpg 1024w, https:\/\/franciscanos.org.br\/noticias\/wp-content\/uploads\/2024\/08\/Romaria-das-Familias-ao-Convento-2024-109-2048x1365-1-768x512.jpg 768w, https:\/\/franciscanos.org.br\/noticias\/wp-content\/uploads\/2024\/08\/Romaria-das-Familias-ao-Convento-2024-109-2048x1365-1-1536x1024.jpg 1536w, https:\/\/franciscanos.org.br\/noticias\/wp-content\/uploads\/2024\/08\/Romaria-das-Familias-ao-Convento-2024-109-2048x1365-1-150x100.jpg 150w, https:\/\/franciscanos.org.br\/noticias\/wp-content\/uploads\/2024\/08\/Romaria-das-Familias-ao-Convento-2024-109-2048x1365-1-scaled.jpg 1620w\" sizes=\"(max-width: 450px) 100vw, 450px\" \/><\/a>\n\t\t\t<\/dt><\/dl><dl class='gallery-item'>\n\t\t\t<dt class='gallery-icon landscape'>\n\t\t\t\t<a href='https:\/\/franciscanos.org.br\/noticias\/wp-content\/uploads\/2024\/08\/Romaria-das-Familias-ao-Convento-2024-136-2048x1365-1-scaled.jpg'><img width=\"450\" height=\"300\" src=\"https:\/\/franciscanos.org.br\/noticias\/wp-content\/uploads\/2024\/08\/Romaria-das-Familias-ao-Convento-2024-136-2048x1365-1-450x300.jpg\" class=\"attachment-medium size-medium\" alt=\"\" loading=\"lazy\" srcset=\"https:\/\/franciscanos.org.br\/noticias\/wp-content\/uploads\/2024\/08\/Romaria-das-Familias-ao-Convento-2024-136-2048x1365-1-450x300.jpg 450w, https:\/\/franciscanos.org.br\/noticias\/wp-content\/uploads\/2024\/08\/Romaria-das-Familias-ao-Convento-2024-136-2048x1365-1-1024x683.jpg 1024w, https:\/\/franciscanos.org.br\/noticias\/wp-content\/uploads\/2024\/08\/Romaria-das-Familias-ao-Convento-2024-136-2048x1365-1-768x512.jpg 768w, https:\/\/franciscanos.org.br\/noticias\/wp-content\/uploads\/2024\/08\/Romaria-das-Familias-ao-Convento-2024-136-2048x1365-1-1536x1024.jpg 1536w, https:\/\/franciscanos.org.br\/noticias\/wp-content\/uploads\/2024\/08\/Romaria-das-Familias-ao-Convento-2024-136-2048x1365-1-150x100.jpg 150w, https:\/\/franciscanos.org.br\/noticias\/wp-content\/uploads\/2024\/08\/Romaria-das-Familias-ao-Convento-2024-136-2048x1365-1-scaled.jpg 1620w\" sizes=\"(max-width: 450px) 100vw, 450px\" \/><\/a>\n\t\t\t<\/dt><\/dl><dl class='gallery-item'>\n\t\t\t<dt class='gallery-icon landscape'>\n\t\t\t\t<a href='https:\/\/franciscanos.org.br\/noticias\/wp-content\/uploads\/2024\/08\/Romaria-das-Familias-ao-Convento-2024-144-2048x1365-1-scaled.jpg'><img width=\"450\" height=\"300\" src=\"https:\/\/franciscanos.org.br\/noticias\/wp-content\/uploads\/2024\/08\/Romaria-das-Familias-ao-Convento-2024-144-2048x1365-1-450x300.jpg\" class=\"attachment-medium size-medium\" alt=\"\" loading=\"lazy\" srcset=\"https:\/\/franciscanos.org.br\/noticias\/wp-content\/uploads\/2024\/08\/Romaria-das-Familias-ao-Convento-2024-144-2048x1365-1-450x300.jpg 450w, https:\/\/franciscanos.org.br\/noticias\/wp-content\/uploads\/2024\/08\/Romaria-das-Familias-ao-Convento-2024-144-2048x1365-1-1024x683.jpg 1024w, https:\/\/franciscanos.org.br\/noticias\/wp-content\/uploads\/2024\/08\/Romaria-das-Familias-ao-Convento-2024-144-2048x1365-1-768x512.jpg 768w, https:\/\/franciscanos.org.br\/noticias\/wp-content\/uploads\/2024\/08\/Romaria-das-Familias-ao-Convento-2024-144-2048x1365-1-1536x1024.jpg 1536w, https:\/\/franciscanos.org.br\/noticias\/wp-content\/uploads\/2024\/08\/Romaria-das-Familias-ao-Convento-2024-144-2048x1365-1-150x100.jpg 150w, https:\/\/franciscanos.org.br\/noticias\/wp-content\/uploads\/2024\/08\/Romaria-das-Familias-ao-Convento-2024-144-2048x1365-1-scaled.jpg 1620w\" sizes=\"(max-width: 450px) 100vw, 450px\" \/><\/a>\n\t\t\t<\/dt><\/dl><dl class='gallery-item'>\n\t\t\t<dt class='gallery-icon landscape'>\n\t\t\t\t<a href='https:\/\/franciscanos.org.br\/noticias\/wp-content\/uploads\/2024\/08\/Romaria-das-Familias-ao-Convento-2024-89-2048x1365-2-scaled.jpg'><img width=\"450\" height=\"300\" src=\"https:\/\/franciscanos.org.br\/noticias\/wp-content\/uploads\/2024\/08\/Romaria-das-Familias-ao-Convento-2024-89-2048x1365-2-450x300.jpg\" class=\"attachment-medium size-medium\" alt=\"\" loading=\"lazy\" srcset=\"https:\/\/franciscanos.org.br\/noticias\/wp-content\/uploads\/2024\/08\/Romaria-das-Familias-ao-Convento-2024-89-2048x1365-2-450x300.jpg 450w, https:\/\/franciscanos.org.br\/noticias\/wp-content\/uploads\/2024\/08\/Romaria-das-Familias-ao-Convento-2024-89-2048x1365-2-1024x683.jpg 1024w, https:\/\/franciscanos.org.br\/noticias\/wp-content\/uploads\/2024\/08\/Romaria-das-Familias-ao-Convento-2024-89-2048x1365-2-768x512.jpg 768w, https:\/\/franciscanos.org.br\/noticias\/wp-content\/uploads\/2024\/08\/Romaria-das-Familias-ao-Convento-2024-89-2048x1365-2-1536x1024.jpg 1536w, https:\/\/franciscanos.org.br\/noticias\/wp-content\/uploads\/2024\/08\/Romaria-das-Familias-ao-Convento-2024-89-2048x1365-2-150x100.jpg 150w, https:\/\/franciscanos.org.br\/noticias\/wp-content\/uploads\/2024\/08\/Romaria-das-Familias-ao-Convento-2024-89-2048x1365-2-scaled.jpg 1620w\" sizes=\"(max-width: 450px) 100vw, 450px\" \/><\/a>\n\t\t\t<\/dt><\/dl><br style=\"clear: both\" \/>\n\t\t<\/div>\n\n","protected":false},"excerpt":{"rendered":"<p>Celebra\u00e7\u00e3o encerra atividades da Semana Nacional da Fam\u00edlia<\/p>\n","protected":false},"author":11,"featured_media":250237,"comment_status":"open","ping_status":"open","sticky":false,"template":"","format":"standard","meta":[],"categories":[1],"tags":[248,1391],"acf":[],"yoast_head":"<!-- This site is optimized with the Yoast SEO plugin v19.2 - https:\/\/yoast.com\/wordpress\/plugins\/seo\/ -->\n<title>Convento da Penha recebe Romaria das Fam\u00edlias - Not\u00edcias - Franciscanos<\/title>\n<meta name=\"robots\" content=\"index, follow, max-snippet:-1, max-image-preview:large, max-video-preview:-1\" \/>\n<link rel=\"canonical\" href=\"https:\/\/franciscanos.org.br\/noticias\/convento-da-penha-recebe-romaria-das-familias.html\" \/>\n<meta property=\"og:locale\" content=\"pt_BR\" \/>\n<meta property=\"og:type\" content=\"article\" \/>\n<meta property=\"og:title\" content=\"Convento da Penha recebe Romaria das Fam\u00edlias - Not\u00edcias - Franciscanos\" \/>\n<meta property=\"og:description\" content=\"Celebra\u00e7\u00e3o encerra atividades da Semana Nacional da Fam\u00edlia\" \/>\n<meta property=\"og:url\" content=\"https:\/\/franciscanos.org.br\/noticias\/convento-da-penha-recebe-romaria-das-familias.html\" \/>\n<meta property=\"og:site_name\" content=\"Not\u00edcias - Franciscanos\" \/>\n<meta property=\"article:published_time\" content=\"2024-08-20T12:15:46+00:00\" \/>\n<meta property=\"article:modified_time\" content=\"2024-08-20T12:22:11+00:00\" \/>\n<meta property=\"og:image\" content=\"https:\/\/franciscanos.org.br\/noticias\/wp-content\/uploads\/2024\/08\/CHAMADA-NO-SITE.jpg\" \/>\n\t<meta property=\"og:image:width\" content=\"800\" \/>\n\t<meta property=\"og:image:height\" content=\"550\" \/>\n\t<meta property=\"og:image:type\" content=\"image\/jpeg\" \/>\n<meta name=\"author\" content=\"Adriana Rabelo\" \/>\n<meta name=\"twitter:card\" content=\"summary_large_image\" \/>\n<meta name=\"twitter:label1\" content=\"Escrito por\" \/>\n\t<meta name=\"twitter:data1\" content=\"Adriana Rabelo\" \/>\n\t<meta name=\"twitter:label2\" content=\"Est. tempo de leitura\" \/>\n\t<meta name=\"twitter:data2\" content=\"6 minutos\" \/>\n<script type=\"application\/ld+json\" class=\"yoast-schema-graph\">{\"@context\":\"https:\/\/schema.org\",\"@graph\":[{\"@type\":\"WebSite\",\"@id\":\"https:\/\/franciscanos.org.br\/noticias\/#website\",\"url\":\"https:\/\/franciscanos.org.br\/noticias\/\",\"name\":\"Not\u00edcias - Franciscanos\",\"description\":\"Prov\u00edncia Franciscana da Imaculada Concei\u00e7\u00e3o do Brasil - Ordem dos Frades Menores - OFM\",\"potentialAction\":[{\"@type\":\"SearchAction\",\"target\":{\"@type\":\"EntryPoint\",\"urlTemplate\":\"https:\/\/franciscanos.org.br\/noticias\/?s={search_term_string}\"},\"query-input\":\"required name=search_term_string\"}],\"inLanguage\":\"pt-BR\"},{\"@type\":\"ImageObject\",\"inLanguage\":\"pt-BR\",\"@id\":\"https:\/\/franciscanos.org.br\/noticias\/convento-da-penha-recebe-romaria-das-familias.html#primaryimage\",\"url\":\"https:\/\/franciscanos.org.br\/noticias\/wp-content\/uploads\/2024\/08\/CHAMADA-NO-SITE.jpg\",\"contentUrl\":\"https:\/\/franciscanos.org.br\/noticias\/wp-content\/uploads\/2024\/08\/CHAMADA-NO-SITE.jpg\",\"width\":800,\"height\":550},{\"@type\":\"WebPage\",\"@id\":\"https:\/\/franciscanos.org.br\/noticias\/convento-da-penha-recebe-romaria-das-familias.html#webpage\",\"url\":\"https:\/\/franciscanos.org.br\/noticias\/convento-da-penha-recebe-romaria-das-familias.html\",\"name\":\"Convento da Penha recebe Romaria das Fam\u00edlias - Not\u00edcias - Franciscanos\",\"isPartOf\":{\"@id\":\"https:\/\/franciscanos.org.br\/noticias\/#website\"},\"primaryImageOfPage\":{\"@id\":\"https:\/\/franciscanos.org.br\/noticias\/convento-da-penha-recebe-romaria-das-familias.html#primaryimage\"},\"datePublished\":\"2024-08-20T12:15:46+00:00\",\"dateModified\":\"2024-08-20T12:22:11+00:00\",\"author\":{\"@id\":\"https:\/\/franciscanos.org.br\/noticias\/#\/schema\/person\/d9422e83121c3ad3b0f423d195f5bb25\"},\"breadcrumb\":{\"@id\":\"https:\/\/franciscanos.org.br\/noticias\/convento-da-penha-recebe-romaria-das-familias.html#breadcrumb\"},\"inLanguage\":\"pt-BR\",\"potentialAction\":[{\"@type\":\"ReadAction\",\"target\":[\"https:\/\/franciscanos.org.br\/noticias\/convento-da-penha-recebe-romaria-das-familias.html\"]}]},{\"@type\":\"BreadcrumbList\",\"@id\":\"https:\/\/franciscanos.org.br\/noticias\/convento-da-penha-recebe-romaria-das-familias.html#breadcrumb\",\"itemListElement\":[{\"@type\":\"ListItem\",\"position\":1,\"name\":\"Home\",\"item\":\"https:\/\/franciscanos.org.br\/noticias\"},{\"@type\":\"ListItem\",\"position\":2,\"name\":\"Convento da Penha recebe Romaria das Fam\u00edlias\"}]},{\"@type\":\"Person\",\"@id\":\"https:\/\/franciscanos.org.br\/noticias\/#\/schema\/person\/d9422e83121c3ad3b0f423d195f5bb25\",\"name\":\"Adriana Rabelo\",\"image\":{\"@type\":\"ImageObject\",\"inLanguage\":\"pt-BR\",\"@id\":\"https:\/\/franciscanos.org.br\/noticias\/#\/schema\/person\/image\/\",\"url\":\"https:\/\/secure.gravatar.com\/avatar\/0a937b7500cd7df77540cfb8bede877d?s=96&d=mm&r=g\",\"contentUrl\":\"https:\/\/secure.gravatar.com\/avatar\/0a937b7500cd7df77540cfb8bede877d?s=96&d=mm&r=g\",\"caption\":\"Adriana Rabelo\"},\"url\":\"https:\/\/franciscanos.org.br\/noticias\/author\/adrianarabelo\"}]}<\/script>\n<!-- \/ Yoast SEO plugin. -->","yoast_head_json":{"title":"Convento da Penha recebe Romaria das Fam\u00edlias - Not\u00edcias - Franciscanos","robots":{"index":"index","follow":"follow","max-snippet":"max-snippet:-1","max-image-preview":"max-image-preview:large","max-video-preview":"max-video-preview:-1"},"canonical":"https:\/\/franciscanos.org.br\/noticias\/convento-da-penha-recebe-romaria-das-familias.html","og_locale":"pt_BR","og_type":"article","og_title":"Convento da Penha recebe Romaria das Fam\u00edlias - Not\u00edcias - Franciscanos","og_description":"Celebra\u00e7\u00e3o encerra atividades da Semana Nacional da Fam\u00edlia","og_url":"https:\/\/franciscanos.org.br\/noticias\/convento-da-penha-recebe-romaria-das-familias.html","og_site_name":"Not\u00edcias - Franciscanos","article_published_time":"2024-08-20T12:15:46+00:00","article_modified_time":"2024-08-20T12:22:11+00:00","og_image":[{"width":800,"height":550,"url":"https:\/\/franciscanos.org.br\/noticias\/wp-content\/uploads\/2024\/08\/CHAMADA-NO-SITE.jpg","type":"image\/jpeg"}],"author":"Adriana Rabelo","twitter_card":"summary_large_image","twitter_misc":{"Escrito por":"Adriana Rabelo","Est. tempo de leitura":"6 minutos"},"schema":{"@context":"https:\/\/schema.org","@graph":[{"@type":"WebSite","@id":"https:\/\/franciscanos.org.br\/noticias\/#website","url":"https:\/\/franciscanos.org.br\/noticias\/","name":"Not\u00edcias - Franciscanos","description":"Prov\u00edncia Franciscana da Imaculada Concei\u00e7\u00e3o do Brasil - Ordem dos Frades Menores - OFM","potentialAction":[{"@type":"SearchAction","target":{"@type":"EntryPoint","urlTemplate":"https:\/\/franciscanos.org.br\/noticias\/?s={search_term_string}"},"query-input":"required name=search_term_string"}],"inLanguage":"pt-BR"},{"@type":"ImageObject","inLanguage":"pt-BR","@id":"https:\/\/franciscanos.org.br\/noticias\/convento-da-penha-recebe-romaria-das-familias.html#primaryimage","url":"https:\/\/franciscanos.org.br\/noticias\/wp-content\/uploads\/2024\/08\/CHAMADA-NO-SITE.jpg","contentUrl":"https:\/\/franciscanos.org.br\/noticias\/wp-content\/uploads\/2024\/08\/CHAMADA-NO-SITE.jpg","width":800,"height":550},{"@type":"WebPage","@id":"https:\/\/franciscanos.org.br\/noticias\/convento-da-penha-recebe-romaria-das-familias.html#webpage","url":"https:\/\/franciscanos.org.br\/noticias\/convento-da-penha-recebe-romaria-das-familias.html","name":"Convento da Penha recebe Romaria das Fam\u00edlias - Not\u00edcias - Franciscanos","isPartOf":{"@id":"https:\/\/franciscanos.org.br\/noticias\/#website"},"primaryImageOfPage":{"@id":"https:\/\/franciscanos.org.br\/noticias\/convento-da-penha-recebe-romaria-das-familias.html#primaryimage"},"datePublished":"2024-08-20T12:15:46+00:00","dateModified":"2024-08-20T12:22:11+00:00","author":{"@id":"https:\/\/franciscanos.org.br\/noticias\/#\/schema\/person\/d9422e83121c3ad3b0f423d195f5bb25"},"breadcrumb":{"@id":"https:\/\/franciscanos.org.br\/noticias\/convento-da-penha-recebe-romaria-das-familias.html#breadcrumb"},"inLanguage":"pt-BR","potentialAction":[{"@type":"ReadAction","target":["https:\/\/franciscanos.org.br\/noticias\/convento-da-penha-recebe-romaria-das-familias.html"]}]},{"@type":"BreadcrumbList","@id":"https:\/\/franciscanos.org.br\/noticias\/convento-da-penha-recebe-romaria-das-familias.html#breadcrumb","itemListElement":[{"@type":"ListItem","position":1,"name":"Home","item":"https:\/\/franciscanos.org.br\/noticias"},{"@type":"ListItem","position":2,"name":"Convento da Penha recebe Romaria das Fam\u00edlias"}]},{"@type":"Person","@id":"https:\/\/franciscanos.org.br\/noticias\/#\/schema\/person\/d9422e83121c3ad3b0f423d195f5bb25","name":"Adriana Rabelo","image":{"@type":"ImageObject","inLanguage":"pt-BR","@id":"https:\/\/franciscanos.org.br\/noticias\/#\/schema\/person\/image\/","url":"https:\/\/secure.gravatar.com\/avatar\/0a937b7500cd7df77540cfb8bede877d?s=96&d=mm&r=g","contentUrl":"https:\/\/secure.gravatar.com\/avatar\/0a937b7500cd7df77540cfb8bede877d?s=96&d=mm&r=g","caption":"Adriana Rabelo"},"url":"https:\/\/franciscanos.org.br\/noticias\/author\/adrianarabelo"}]}},"_links":{"self":[{"href":"https:\/\/franciscanos.org.br\/noticias\/wp-json\/wp\/v2\/posts\/250216"}],"collection":[{"href":"https:\/\/franciscanos.org.br\/noticias\/wp-json\/wp\/v2\/posts"}],"about":[{"href":"https:\/\/franciscanos.org.br\/noticias\/wp-json\/wp\/v2\/types\/post"}],"author":[{"embeddable":true,"href":"https:\/\/franciscanos.org.br\/noticias\/wp-json\/wp\/v2\/users\/11"}],"replies":[{"embeddable":true,"href":"https:\/\/franciscanos.org.br\/noticias\/wp-json\/wp\/v2\/comments?post=250216"}],"version-history":[{"count":7,"href":"https:\/\/franciscanos.org.br\/noticias\/wp-json\/wp\/v2\/posts\/250216\/revisions"}],"predecessor-version":[{"id":250244,"href":"https:\/\/franciscanos.org.br\/noticias\/wp-json\/wp\/v2\/posts\/250216\/revisions\/250244"}],"wp:featuredmedia":[{"embeddable":true,"href":"https:\/\/franciscanos.org.br\/noticias\/wp-json\/wp\/v2\/media\/250237"}],"wp:attachment":[{"href":"https:\/\/franciscanos.org.br\/noticias\/wp-json\/wp\/v2\/media?parent=250216"}],"wp:term":[{"taxonomy":"category","embeddable":true,"href":"https:\/\/franciscanos.org.br\/noticias\/wp-json\/wp\/v2\/categories?post=250216"},{"taxonomy":"post_tag","embeddable":true,"href":"https:\/\/franciscanos.org.br\/noticias\/wp-json\/wp\/v2\/tags?post=250216"}],"curies":[{"name":"wp","href":"https:\/\/api.w.org\/{rel}","templated":true}]}}