{"id":250211,"date":"2024-08-19T16:49:02","date_gmt":"2024-08-19T19:49:02","guid":{"rendered":"https:\/\/franciscanos.org.br\/noticias\/?p=250211"},"modified":"2024-08-20T11:53:49","modified_gmt":"2024-08-20T14:53:49","slug":"cnbb-e-eleicoes-municipais-quatro-pontos-que-explicam-a-atuacao-da-conferencia-no-processo-eleitoral","status":"publish","type":"post","link":"https:\/\/franciscanos.org.br\/noticias\/cnbb-e-eleicoes-municipais-quatro-pontos-que-explicam-a-atuacao-da-conferencia-no-processo-eleitoral.html","title":{"rendered":"CNBB e Elei\u00e7\u00f5es Municipais: quatro pontos que explicam a atua\u00e7\u00e3o da Confer\u00eancia no processo eleitoral"},"content":{"rendered":"<p><img loading=\"lazy\" class=\"aligncenter wp-image-250212 size-full\" src=\"https:\/\/franciscanos.org.br\/noticias\/wp-content\/uploads\/2024\/08\/MATERIA-ELEICOES.jpg\" alt=\"\" width=\"1280\" height=\"720\" srcset=\"https:\/\/franciscanos.org.br\/noticias\/wp-content\/uploads\/2024\/08\/MATERIA-ELEICOES.jpg 1280w, https:\/\/franciscanos.org.br\/noticias\/wp-content\/uploads\/2024\/08\/MATERIA-ELEICOES-450x253.jpg 450w, https:\/\/franciscanos.org.br\/noticias\/wp-content\/uploads\/2024\/08\/MATERIA-ELEICOES-1024x576.jpg 1024w, https:\/\/franciscanos.org.br\/noticias\/wp-content\/uploads\/2024\/08\/MATERIA-ELEICOES-768x432.jpg 768w, https:\/\/franciscanos.org.br\/noticias\/wp-content\/uploads\/2024\/08\/MATERIA-ELEICOES-150x84.jpg 150w\" sizes=\"(max-width: 1280px) 100vw, 1280px\" \/><\/p>\n<p>Quais as orienta\u00e7\u00f5es da CNBB para o per\u00edodo eleitoral? Padres podem se candidatar? E um candidato pode pedir votos dentro da Igreja? Essas perguntas surgem com frequ\u00eancia em \u00e9poca de elei\u00e7\u00f5es no Brasil. Para ajudar as pessoas a entenderem a atua\u00e7\u00e3o da Confer\u00eancia Nacional dos Bispos do Brasil (CNBB) e das Igrejas Particulares nesse contexto, a Assessoria de Rela\u00e7\u00f5es Institucionais e Governamentais (RIG) da CNBB preparou um documento com respostas a esses questionamentos.<\/p>\n<div id=\"attachment_250214\" style=\"width: 310px\" class=\"wp-caption alignright\"><img aria-describedby=\"caption-attachment-250214\" loading=\"lazy\" class=\"wp-image-250214 size-full\" src=\"https:\/\/franciscanos.org.br\/noticias\/wp-content\/uploads\/2024\/08\/Frei-Jorge-portal-300x294-1.jpg\" alt=\"\" width=\"300\" height=\"294\" srcset=\"https:\/\/franciscanos.org.br\/noticias\/wp-content\/uploads\/2024\/08\/Frei-Jorge-portal-300x294-1.jpg 300w, https:\/\/franciscanos.org.br\/noticias\/wp-content\/uploads\/2024\/08\/Frei-Jorge-portal-300x294-1-150x147.jpg 150w\" sizes=\"(max-width: 300px) 100vw, 300px\" \/><p id=\"caption-attachment-250214\" class=\"wp-caption-text\">Frei Jorge Luiz Soares<\/p><\/div>\n<p>Frei Jorge Luiz Soares da Silva, assessor respons\u00e1vel pela RIG, explica que o documento foi formulado a partir das perguntas que chegam \u00e0 Confer\u00eancia sobre a vis\u00e3o que a Igreja tem da pol\u00edtica, suas expectativas e qual o n\u00edvel de participa\u00e7\u00e3o e de engajamento nesse processo eleitoral.<\/p>\n<p>Outra d\u00favida apresentada com frequ\u00eancia \u00e0 Confer\u00eancia Episcopal \u00e9 sobre a possibilidade de padres e bispos atuarem diretamente na pol\u00edtica, seja na promo\u00e7\u00e3o de algum candidato, seja na pr\u00f3pria candidatura, disputando alguma vaga em algum dos cargos p\u00fablicos.<\/p>\n<p>\u201cN\u00f3s procuramos responder, exatamente dentro daquilo que \u00e9 a orienta\u00e7\u00e3o da Igreja, o ensinamento da Igreja, sobretudo a partir da enc\u00edclica Fratelli Tutti, e com base naquilo que \u00e9 a Doutrina Social da Igreja, apontando a pol\u00edtica como um meio necess\u00e1rio para a constru\u00e7\u00e3o de uma sociedade mais justa, mais igualit\u00e1ria, e tamb\u00e9m respondendo exatamente \u00e0 forma como a Igreja atua, n\u00e3o no campo de promo\u00e7\u00e3o direta e imediata de algum candidato, mas exatamente procurando apresentar os pilares, aquilo que \u00e9 uma reflex\u00e3o sadia a respeito da pol\u00edtica para que possa ajudar aos eleitores na escolha dos seus candidatos, justamente levando em considera\u00e7\u00e3o aquilo que s\u00e3o os valores que a Igreja defende atrav\u00e9s da Doutrina Social da Igreja e, mais recentemente, da enc\u00edclica do Papa Fratelli Tutti\u201d, contou.<\/p>\n<p>O documento est\u00e1 estruturado em quatro pontos: a recomenda\u00e7\u00e3o sobre a atua\u00e7\u00e3o de padres e bispos; a candidatura de membros do clero; o debate pol\u00edtico dentro das Igrejas Cat\u00f3licas; e o pedido de votos nas celebra\u00e7\u00f5es e sobre o apoio de padres e bispos a candidatos.<\/p>\n<p><strong>1. Atua\u00e7\u00e3o de padres e bispos<\/strong><\/p>\n<p>O primeiro apresenta as recomenda\u00e7\u00f5es sobre a atua\u00e7\u00e3o de padres e bispos no contexto eleitoral, e recorda as orienta\u00e7\u00f5es gerais oferecidas pela CNBB em anos eleitorais \u201csobre o que se deveria levar em considera\u00e7\u00e3o no momento do voto nos que\u00a0exercer\u00e3o as fun\u00e7\u00f5es de legisladores e governantes\u201d.<\/p>\n<p>Essa orienta\u00e7\u00e3o, l\u00ea-se no documento, \u00e9 feita a partir da Doutrina Social da Igreja, que apresenta para isso princ\u00edpios como justi\u00e7a social, solidariedade, defesa da vida desde a sua concep\u00e7\u00e3o at\u00e9 a morte natural, cuidado com os mais vulner\u00e1veis, a defesa da Ecologia Integral e a promo\u00e7\u00e3o do bem comum.<\/p>\n<p><strong>2. Candidaturas de membros do clero<\/strong><\/p>\n<p>O documento recorda a proibi\u00e7\u00e3o de os cl\u00e9rigos assumam cargos p\u00fablicos que importem a participa\u00e7\u00e3o no exerc\u00edcio do poder civil. Essa norma deixa claro que \u00e9 vedada aos cl\u00e9rigos a participa\u00e7\u00e3o no pleito eleitoral, como candidato ao exerc\u00edcio de qualquer poder civil.<\/p>\n<p><strong>3. Debate pol\u00edtico dentro das Igrejas<\/strong><\/p>\n<p>O ambiente da vida eclesial n\u00e3o pode ser transformado em \u201cpalanques eleitorais\u201d, salienta o documento, sublinhando o ambiente da assembleia lit\u00fargica, as celebra\u00e7\u00f5es, onde se deve viver e celebrar a comunh\u00e3o.<\/p>\n<p>Por outro lado, a Igreja deve-se criar ambientes de reflex\u00e3o \u00e0 luz da F\u00e9 e do Magist\u00e9rio da Igreja com o intuito de formar nos fi\u00e9is uma consci\u00eancia pol\u00edtica com base nos princ\u00edpios apontados pela\u00a0 sua Doutrina Social, especialmente na forma proposta pelo Papa Francisco na enc\u00edclica Fratelli Tutti.<\/p>\n<p><strong>4. Apoio a candidatos<\/strong><\/p>\n<p>Tendo presente que padres e bispos s\u00e3o tamb\u00e9m cidad\u00e3os civis e tem o direito e o dever de escolher e votar, de forma consciente, nas pessoas que julgam aptas a exercerem fun\u00e7\u00f5es de poder civil, o documento esclarece que \u201ca Igreja adota uma posi\u00e7\u00e3o de neutralidade pol\u00edtica e n\u00e3o apoia diretamente candidatos pol\u00edticos espec\u00edficos\u201d. Ela oferece, por sua vez, orienta\u00e7\u00e3o, baseada em sua Doutrina Social.<\/p>\n<p>N\u00e3o deixa de ocorrer, por\u00e9m, a necessidade de que bispos e outras autoridades eclesi\u00e1sticas emitam<br \/>\ndeclara\u00e7\u00f5es ou oriente os fi\u00e9is sobre quest\u00f5es espec\u00edficas, especialmente em contextos em que h\u00e1 preocupa\u00e7\u00f5es graves sobre pol\u00edticas que contrariam os princ\u00edpios fundamentais da f\u00e9 e moral cat\u00f3lica.<\/p>\n<p><strong>Boa pol\u00edtica<\/strong><\/p>\n<p>O documento tamb\u00e9m apresenta as defini\u00e7\u00f5es dos princ\u00edpios da boa pol\u00edtica, de acordo com a\u00a0 carta enc\u00edclica \u201cFratelli Tutti\u201d, do Papa Francisco.<\/p>\n<p>S\u00e3o os princ\u00edpios: servi\u00e7o ao Bem Comum; respeito pela Dignidade Humana; promo\u00e7\u00e3o da Justi\u00e7a Social; combate \u00e0 corrup\u00e7\u00e3o; cuidado com a Cria\u00e7\u00e3o; di\u00e1logo e inclus\u00e3o; e paz e reconcilia\u00e7\u00e3o.<\/p>\n<p><span style=\"color: #0000ff;\"><strong><a style=\"color: #0000ff;\" href=\"https:\/\/franciscanos.org.br\/banca\/wp-content\/uploads\/2024\/08\/FAQ-CNBB-e-eleicoes-municipais-2024.pdf\">Acesse o documento completo<\/a><\/strong><\/span><\/p>\n<hr \/>\n<p>Fonte: <a href=\"https:\/\/www.cnbb.org.br\/cnbb-e-eleicoes-municipais-2024-atuacao-da-conferencia\/\">https:\/\/www.cnbb.org.br\/cnbb-e-eleicoes-municipais-2024-atuacao-da-conferencia\/<\/a><\/p>\n","protected":false},"excerpt":{"rendered":"<p>Primeiro turno das elei\u00e7\u00f5es municipais  2024 ser\u00e1 no dia 06 de outubro<\/p>\n","protected":false},"author":11,"featured_media":250213,"comment_status":"open","ping_status":"open","sticky":false,"template":"","format":"standard","meta":[],"categories":[1],"tags":[29,1119],"acf":[],"yoast_head":"<!-- This site is optimized with the Yoast SEO plugin v19.2 - https:\/\/yoast.com\/wordpress\/plugins\/seo\/ -->\n<title>CNBB e Elei\u00e7\u00f5es Municipais: quatro pontos que explicam a atua\u00e7\u00e3o da Confer\u00eancia no processo eleitoral - Not\u00edcias - Franciscanos<\/title>\n<meta name=\"robots\" content=\"index, follow, max-snippet:-1, max-image-preview:large, max-video-preview:-1\" \/>\n<link rel=\"canonical\" href=\"https:\/\/franciscanos.org.br\/noticias\/cnbb-e-eleicoes-municipais-quatro-pontos-que-explicam-a-atuacao-da-conferencia-no-processo-eleitoral.html\" \/>\n<meta property=\"og:locale\" content=\"pt_BR\" \/>\n<meta property=\"og:type\" content=\"article\" \/>\n<meta property=\"og:title\" content=\"CNBB e Elei\u00e7\u00f5es Municipais: quatro pontos que explicam a atua\u00e7\u00e3o da Confer\u00eancia no processo eleitoral - Not\u00edcias - Franciscanos\" \/>\n<meta property=\"og:description\" content=\"Primeiro turno das elei\u00e7\u00f5es municipais 2024 ser\u00e1 no dia 06 de outubro\" \/>\n<meta property=\"og:url\" content=\"https:\/\/franciscanos.org.br\/noticias\/cnbb-e-eleicoes-municipais-quatro-pontos-que-explicam-a-atuacao-da-conferencia-no-processo-eleitoral.html\" \/>\n<meta property=\"og:site_name\" content=\"Not\u00edcias - Franciscanos\" \/>\n<meta property=\"article:published_time\" content=\"2024-08-19T19:49:02+00:00\" \/>\n<meta property=\"article:modified_time\" content=\"2024-08-20T14:53:49+00:00\" \/>\n<meta property=\"og:image\" content=\"https:\/\/franciscanos.org.br\/noticias\/wp-content\/uploads\/2024\/08\/CHAMADA-ELEICOES.jpg\" \/>\n\t<meta property=\"og:image:width\" content=\"800\" \/>\n\t<meta property=\"og:image:height\" content=\"550\" \/>\n\t<meta property=\"og:image:type\" content=\"image\/jpeg\" \/>\n<meta name=\"author\" content=\"Adriana Rabelo\" \/>\n<meta name=\"twitter:card\" content=\"summary_large_image\" \/>\n<meta name=\"twitter:label1\" content=\"Escrito por\" \/>\n\t<meta name=\"twitter:data1\" content=\"Adriana Rabelo\" \/>\n\t<meta name=\"twitter:label2\" content=\"Est. tempo de leitura\" \/>\n\t<meta name=\"twitter:data2\" content=\"4 minutos\" \/>\n<script type=\"application\/ld+json\" class=\"yoast-schema-graph\">{\"@context\":\"https:\/\/schema.org\",\"@graph\":[{\"@type\":\"WebSite\",\"@id\":\"https:\/\/franciscanos.org.br\/noticias\/#website\",\"url\":\"https:\/\/franciscanos.org.br\/noticias\/\",\"name\":\"Not\u00edcias - Franciscanos\",\"description\":\"Prov\u00edncia Franciscana da Imaculada Concei\u00e7\u00e3o do Brasil - Ordem dos Frades Menores - OFM\",\"potentialAction\":[{\"@type\":\"SearchAction\",\"target\":{\"@type\":\"EntryPoint\",\"urlTemplate\":\"https:\/\/franciscanos.org.br\/noticias\/?s={search_term_string}\"},\"query-input\":\"required name=search_term_string\"}],\"inLanguage\":\"pt-BR\"},{\"@type\":\"ImageObject\",\"inLanguage\":\"pt-BR\",\"@id\":\"https:\/\/franciscanos.org.br\/noticias\/cnbb-e-eleicoes-municipais-quatro-pontos-que-explicam-a-atuacao-da-conferencia-no-processo-eleitoral.html#primaryimage\",\"url\":\"https:\/\/franciscanos.org.br\/noticias\/wp-content\/uploads\/2024\/08\/CHAMADA-ELEICOES.jpg\",\"contentUrl\":\"https:\/\/franciscanos.org.br\/noticias\/wp-content\/uploads\/2024\/08\/CHAMADA-ELEICOES.jpg\",\"width\":800,\"height\":550},{\"@type\":\"WebPage\",\"@id\":\"https:\/\/franciscanos.org.br\/noticias\/cnbb-e-eleicoes-municipais-quatro-pontos-que-explicam-a-atuacao-da-conferencia-no-processo-eleitoral.html#webpage\",\"url\":\"https:\/\/franciscanos.org.br\/noticias\/cnbb-e-eleicoes-municipais-quatro-pontos-que-explicam-a-atuacao-da-conferencia-no-processo-eleitoral.html\",\"name\":\"CNBB e Elei\u00e7\u00f5es Municipais: quatro pontos que explicam a atua\u00e7\u00e3o da Confer\u00eancia no processo eleitoral - Not\u00edcias - Franciscanos\",\"isPartOf\":{\"@id\":\"https:\/\/franciscanos.org.br\/noticias\/#website\"},\"primaryImageOfPage\":{\"@id\":\"https:\/\/franciscanos.org.br\/noticias\/cnbb-e-eleicoes-municipais-quatro-pontos-que-explicam-a-atuacao-da-conferencia-no-processo-eleitoral.html#primaryimage\"},\"datePublished\":\"2024-08-19T19:49:02+00:00\",\"dateModified\":\"2024-08-20T14:53:49+00:00\",\"author\":{\"@id\":\"https:\/\/franciscanos.org.br\/noticias\/#\/schema\/person\/d9422e83121c3ad3b0f423d195f5bb25\"},\"breadcrumb\":{\"@id\":\"https:\/\/franciscanos.org.br\/noticias\/cnbb-e-eleicoes-municipais-quatro-pontos-que-explicam-a-atuacao-da-conferencia-no-processo-eleitoral.html#breadcrumb\"},\"inLanguage\":\"pt-BR\",\"potentialAction\":[{\"@type\":\"ReadAction\",\"target\":[\"https:\/\/franciscanos.org.br\/noticias\/cnbb-e-eleicoes-municipais-quatro-pontos-que-explicam-a-atuacao-da-conferencia-no-processo-eleitoral.html\"]}]},{\"@type\":\"BreadcrumbList\",\"@id\":\"https:\/\/franciscanos.org.br\/noticias\/cnbb-e-eleicoes-municipais-quatro-pontos-que-explicam-a-atuacao-da-conferencia-no-processo-eleitoral.html#breadcrumb\",\"itemListElement\":[{\"@type\":\"ListItem\",\"position\":1,\"name\":\"Home\",\"item\":\"https:\/\/franciscanos.org.br\/noticias\"},{\"@type\":\"ListItem\",\"position\":2,\"name\":\"CNBB e Elei\u00e7\u00f5es Municipais: quatro pontos que explicam a atua\u00e7\u00e3o da Confer\u00eancia no processo eleitoral\"}]},{\"@type\":\"Person\",\"@id\":\"https:\/\/franciscanos.org.br\/noticias\/#\/schema\/person\/d9422e83121c3ad3b0f423d195f5bb25\",\"name\":\"Adriana Rabelo\",\"image\":{\"@type\":\"ImageObject\",\"inLanguage\":\"pt-BR\",\"@id\":\"https:\/\/franciscanos.org.br\/noticias\/#\/schema\/person\/image\/\",\"url\":\"https:\/\/secure.gravatar.com\/avatar\/0a937b7500cd7df77540cfb8bede877d?s=96&d=mm&r=g\",\"contentUrl\":\"https:\/\/secure.gravatar.com\/avatar\/0a937b7500cd7df77540cfb8bede877d?s=96&d=mm&r=g\",\"caption\":\"Adriana Rabelo\"},\"url\":\"https:\/\/franciscanos.org.br\/noticias\/author\/adrianarabelo\"}]}<\/script>\n<!-- \/ Yoast SEO plugin. -->","yoast_head_json":{"title":"CNBB e Elei\u00e7\u00f5es Municipais: quatro pontos que explicam a atua\u00e7\u00e3o da Confer\u00eancia no processo eleitoral - Not\u00edcias - Franciscanos","robots":{"index":"index","follow":"follow","max-snippet":"max-snippet:-1","max-image-preview":"max-image-preview:large","max-video-preview":"max-video-preview:-1"},"canonical":"https:\/\/franciscanos.org.br\/noticias\/cnbb-e-eleicoes-municipais-quatro-pontos-que-explicam-a-atuacao-da-conferencia-no-processo-eleitoral.html","og_locale":"pt_BR","og_type":"article","og_title":"CNBB e Elei\u00e7\u00f5es Municipais: quatro pontos que explicam a atua\u00e7\u00e3o da Confer\u00eancia no processo eleitoral - Not\u00edcias - Franciscanos","og_description":"Primeiro turno das elei\u00e7\u00f5es municipais 2024 ser\u00e1 no dia 06 de outubro","og_url":"https:\/\/franciscanos.org.br\/noticias\/cnbb-e-eleicoes-municipais-quatro-pontos-que-explicam-a-atuacao-da-conferencia-no-processo-eleitoral.html","og_site_name":"Not\u00edcias - Franciscanos","article_published_time":"2024-08-19T19:49:02+00:00","article_modified_time":"2024-08-20T14:53:49+00:00","og_image":[{"width":800,"height":550,"url":"https:\/\/franciscanos.org.br\/noticias\/wp-content\/uploads\/2024\/08\/CHAMADA-ELEICOES.jpg","type":"image\/jpeg"}],"author":"Adriana Rabelo","twitter_card":"summary_large_image","twitter_misc":{"Escrito por":"Adriana Rabelo","Est. tempo de leitura":"4 minutos"},"schema":{"@context":"https:\/\/schema.org","@graph":[{"@type":"WebSite","@id":"https:\/\/franciscanos.org.br\/noticias\/#website","url":"https:\/\/franciscanos.org.br\/noticias\/","name":"Not\u00edcias - Franciscanos","description":"Prov\u00edncia Franciscana da Imaculada Concei\u00e7\u00e3o do Brasil - Ordem dos Frades Menores - OFM","potentialAction":[{"@type":"SearchAction","target":{"@type":"EntryPoint","urlTemplate":"https:\/\/franciscanos.org.br\/noticias\/?s={search_term_string}"},"query-input":"required name=search_term_string"}],"inLanguage":"pt-BR"},{"@type":"ImageObject","inLanguage":"pt-BR","@id":"https:\/\/franciscanos.org.br\/noticias\/cnbb-e-eleicoes-municipais-quatro-pontos-que-explicam-a-atuacao-da-conferencia-no-processo-eleitoral.html#primaryimage","url":"https:\/\/franciscanos.org.br\/noticias\/wp-content\/uploads\/2024\/08\/CHAMADA-ELEICOES.jpg","contentUrl":"https:\/\/franciscanos.org.br\/noticias\/wp-content\/uploads\/2024\/08\/CHAMADA-ELEICOES.jpg","width":800,"height":550},{"@type":"WebPage","@id":"https:\/\/franciscanos.org.br\/noticias\/cnbb-e-eleicoes-municipais-quatro-pontos-que-explicam-a-atuacao-da-conferencia-no-processo-eleitoral.html#webpage","url":"https:\/\/franciscanos.org.br\/noticias\/cnbb-e-eleicoes-municipais-quatro-pontos-que-explicam-a-atuacao-da-conferencia-no-processo-eleitoral.html","name":"CNBB e Elei\u00e7\u00f5es Municipais: quatro pontos que explicam a atua\u00e7\u00e3o da Confer\u00eancia no processo eleitoral - Not\u00edcias - Franciscanos","isPartOf":{"@id":"https:\/\/franciscanos.org.br\/noticias\/#website"},"primaryImageOfPage":{"@id":"https:\/\/franciscanos.org.br\/noticias\/cnbb-e-eleicoes-municipais-quatro-pontos-que-explicam-a-atuacao-da-conferencia-no-processo-eleitoral.html#primaryimage"},"datePublished":"2024-08-19T19:49:02+00:00","dateModified":"2024-08-20T14:53:49+00:00","author":{"@id":"https:\/\/franciscanos.org.br\/noticias\/#\/schema\/person\/d9422e83121c3ad3b0f423d195f5bb25"},"breadcrumb":{"@id":"https:\/\/franciscanos.org.br\/noticias\/cnbb-e-eleicoes-municipais-quatro-pontos-que-explicam-a-atuacao-da-conferencia-no-processo-eleitoral.html#breadcrumb"},"inLanguage":"pt-BR","potentialAction":[{"@type":"ReadAction","target":["https:\/\/franciscanos.org.br\/noticias\/cnbb-e-eleicoes-municipais-quatro-pontos-que-explicam-a-atuacao-da-conferencia-no-processo-eleitoral.html"]}]},{"@type":"BreadcrumbList","@id":"https:\/\/franciscanos.org.br\/noticias\/cnbb-e-eleicoes-municipais-quatro-pontos-que-explicam-a-atuacao-da-conferencia-no-processo-eleitoral.html#breadcrumb","itemListElement":[{"@type":"ListItem","position":1,"name":"Home","item":"https:\/\/franciscanos.org.br\/noticias"},{"@type":"ListItem","position":2,"name":"CNBB e Elei\u00e7\u00f5es Municipais: quatro pontos que explicam a atua\u00e7\u00e3o da Confer\u00eancia no processo eleitoral"}]},{"@type":"Person","@id":"https:\/\/franciscanos.org.br\/noticias\/#\/schema\/person\/d9422e83121c3ad3b0f423d195f5bb25","name":"Adriana Rabelo","image":{"@type":"ImageObject","inLanguage":"pt-BR","@id":"https:\/\/franciscanos.org.br\/noticias\/#\/schema\/person\/image\/","url":"https:\/\/secure.gravatar.com\/avatar\/0a937b7500cd7df77540cfb8bede877d?s=96&d=mm&r=g","contentUrl":"https:\/\/secure.gravatar.com\/avatar\/0a937b7500cd7df77540cfb8bede877d?s=96&d=mm&r=g","caption":"Adriana Rabelo"},"url":"https:\/\/franciscanos.org.br\/noticias\/author\/adrianarabelo"}]}},"_links":{"self":[{"href":"https:\/\/franciscanos.org.br\/noticias\/wp-json\/wp\/v2\/posts\/250211"}],"collection":[{"href":"https:\/\/franciscanos.org.br\/noticias\/wp-json\/wp\/v2\/posts"}],"about":[{"href":"https:\/\/franciscanos.org.br\/noticias\/wp-json\/wp\/v2\/types\/post"}],"author":[{"embeddable":true,"href":"https:\/\/franciscanos.org.br\/noticias\/wp-json\/wp\/v2\/users\/11"}],"replies":[{"embeddable":true,"href":"https:\/\/franciscanos.org.br\/noticias\/wp-json\/wp\/v2\/comments?post=250211"}],"version-history":[{"count":3,"href":"https:\/\/franciscanos.org.br\/noticias\/wp-json\/wp\/v2\/posts\/250211\/revisions"}],"predecessor-version":[{"id":250246,"href":"https:\/\/franciscanos.org.br\/noticias\/wp-json\/wp\/v2\/posts\/250211\/revisions\/250246"}],"wp:featuredmedia":[{"embeddable":true,"href":"https:\/\/franciscanos.org.br\/noticias\/wp-json\/wp\/v2\/media\/250213"}],"wp:attachment":[{"href":"https:\/\/franciscanos.org.br\/noticias\/wp-json\/wp\/v2\/media?parent=250211"}],"wp:term":[{"taxonomy":"category","embeddable":true,"href":"https:\/\/franciscanos.org.br\/noticias\/wp-json\/wp\/v2\/categories?post=250211"},{"taxonomy":"post_tag","embeddable":true,"href":"https:\/\/franciscanos.org.br\/noticias\/wp-json\/wp\/v2\/tags?post=250211"}],"curies":[{"name":"wp","href":"https:\/\/api.w.org\/{rel}","templated":true}]}}