{"id":250177,"date":"2024-08-19T15:15:29","date_gmt":"2024-08-19T18:15:29","guid":{"rendered":"https:\/\/franciscanos.org.br\/noticias\/?p=250177"},"modified":"2024-08-19T15:46:43","modified_gmt":"2024-08-19T18:46:43","slug":"82-anos-do-coral-dos-canarinhos-de-petropolis","status":"publish","type":"post","link":"https:\/\/franciscanos.org.br\/noticias\/82-anos-do-coral-dos-canarinhos-de-petropolis.html","title":{"rendered":"82 Anos do Coral dos Canarinhos de Petr\u00f3polis"},"content":{"rendered":"<p><img loading=\"lazy\" class=\"aligncenter wp-image-250179 size-full\" src=\"https:\/\/franciscanos.org.br\/noticias\/wp-content\/uploads\/2024\/08\/Coral-scaled.jpg\" alt=\"\" width=\"1920\" height=\"1078\" srcset=\"https:\/\/franciscanos.org.br\/noticias\/wp-content\/uploads\/2024\/08\/Coral-scaled.jpg 1920w, https:\/\/franciscanos.org.br\/noticias\/wp-content\/uploads\/2024\/08\/Coral-450x253.jpg 450w, https:\/\/franciscanos.org.br\/noticias\/wp-content\/uploads\/2024\/08\/Coral-1024x575.jpg 1024w, https:\/\/franciscanos.org.br\/noticias\/wp-content\/uploads\/2024\/08\/Coral-768x431.jpg 768w, https:\/\/franciscanos.org.br\/noticias\/wp-content\/uploads\/2024\/08\/Coral-1536x862.jpg 1536w, https:\/\/franciscanos.org.br\/noticias\/wp-content\/uploads\/2024\/08\/Coral-2048x1150.jpg 2048w, https:\/\/franciscanos.org.br\/noticias\/wp-content\/uploads\/2024\/08\/Coral-150x84.jpg 150w\" sizes=\"(max-width: 1920px) 100vw, 1920px\" \/><\/p>\n<p><span style=\"font-weight: 400;\">Os frades alem\u00e3es que restauraram a Prov\u00edncia da Imaculada tiveram grande preocupa\u00e7\u00e3o com a educa\u00e7\u00e3o em sua a\u00e7\u00e3o evangelizadora. Na cidade de Petr\u00f3polis, regi\u00e3o serrana do estado do Rio de Janeiro, n\u00e3o foi diferente! A Escola Gratuita S\u00e3o Jos\u00e9 e o surgimento da Editora Vozes s\u00e3o provas de uma evangeliza\u00e7\u00e3o que compreendia a forma\u00e7\u00e3o educacional como uma das respostas do tempo para uma melhor viv\u00eancia do carisma franciscano. Do complexo da Igreja do Sagrado, no centro da cidade, surgiram m\u00faltiplas a\u00e7\u00f5es desempenhadas pelos frades no processo de reflorescimento da vida de nossa Prov\u00edncia, no in\u00edcio do S\u00e9c. XX.<\/span><\/p>\n<p><span style=\"font-weight: 400;\">Um belo cap\u00edtulo dessa hist\u00f3ria se deu na Escola Gratuita S\u00e3o Jos\u00e9 quando Frei Leto Bienias, instigado pelo diretor do col\u00e9gio Frei \u00c1tico Eyng, formou um coral com os alunos e os frades para cantar a liturgia na Solenidade da Assun\u00e7\u00e3o de Nossa Senhora, no ano de 1942. N\u00e3o era uma completa novidade os alunos da Escola cantarem a liturgia e nem tamb\u00e9m os frades. A novidade estava no empenho que Frei Leto deu \u00e0 prepara\u00e7\u00e3o daquela celebra\u00e7\u00e3o e ao que Frei \u00c1tico estava incentivando: a forma\u00e7\u00e3o de um Coral com dedica\u00e7\u00e3o intensa \u00e0 m\u00fasica e ao canto sacro. Como se d\u00e1 na vida, foi s\u00f3 com o passar do tempo que os frades perceberam que aquela celebra\u00e7\u00e3o da Assun\u00e7\u00e3o de Nossa Senhora, em 15 de agosto de 1942, entraria para a hist\u00f3ria como a data de funda\u00e7\u00e3o do Coral de Meninos que hoje \u00e9 o mais antigo em funcionamento no Brasil: os Canarinhos de Petr\u00f3polis!<\/span><\/p>\n<p><span style=\"font-weight: 400;\">E ali surgia tamb\u00e9m uma dupla miss\u00e3o que est\u00e1 na ess\u00eancia dos Canarinhos: uma forma\u00e7\u00e3o educacional integral atrav\u00e9s da m\u00fasica e da arte e o servi\u00e7o de cantar a liturgia com primor e excel\u00eancia. Com o passar dos anos, a miss\u00e3o do Coral ajudou a manter viva a rica tradi\u00e7\u00e3o do canto coral sacro para a Igreja do Brasil. Essas s\u00e3o algumas t\u00f4nicas do Canarinhos, um Coral que \u00e9 patrim\u00f4nio de todos os frades da Prov\u00edncia da Imaculada, que 82 anos ap\u00f3s sua funda\u00e7\u00e3o, continua apostando neste projeto como uma de suas a\u00e7\u00f5es evangelizadoras!<\/span><\/p>\n<p>&nbsp;<\/p>\n\n\t\t<style type=\"text\/css\">\n\t\t\t#gallery-1 {\n\t\t\t\tmargin: auto;\n\t\t\t}\n\t\t\t#gallery-1 .gallery-item {\n\t\t\t\tfloat: left;\n\t\t\t\tmargin-top: 10px;\n\t\t\t\ttext-align: center;\n\t\t\t\twidth: 33%;\n\t\t\t}\n\t\t\t#gallery-1 img {\n\t\t\t\tborder: 2px solid #cfcfcf;\n\t\t\t}\n\t\t\t#gallery-1 .gallery-caption {\n\t\t\t\tmargin-left: 0;\n\t\t\t}\n\t\t\t\/* see gallery_shortcode() in wp-includes\/media.php *\/\n\t\t<\/style>\n\t\t<div id='gallery-1' class='gallery galleryid-250177 gallery-columns-3 gallery-size-thumbnail'><dl class='gallery-item'>\n\t\t\t<dt class='gallery-icon landscape'>\n\t\t\t\t<a href='https:\/\/franciscanos.org.br\/noticias\/wp-content\/uploads\/2024\/08\/Antigos-Canarinhos-que-vieram-celebrar-os-82-anos-do-Coral-scaled.jpg'><img width=\"300\" height=\"300\" src=\"https:\/\/franciscanos.org.br\/noticias\/wp-content\/uploads\/2024\/08\/Antigos-Canarinhos-que-vieram-celebrar-os-82-anos-do-Coral-300x300.jpg\" class=\"attachment-thumbnail size-thumbnail\" alt=\"\" loading=\"lazy\" aria-describedby=\"gallery-1-250184\" srcset=\"https:\/\/franciscanos.org.br\/noticias\/wp-content\/uploads\/2024\/08\/Antigos-Canarinhos-que-vieram-celebrar-os-82-anos-do-Coral-300x300.jpg 300w, https:\/\/franciscanos.org.br\/noticias\/wp-content\/uploads\/2024\/08\/Antigos-Canarinhos-que-vieram-celebrar-os-82-anos-do-Coral-100x100.jpg 100w\" sizes=\"(max-width: 300px) 100vw, 300px\" \/><\/a>\n\t\t\t<\/dt>\n\t\t\t\t<dd class='wp-caption-text gallery-caption' id='gallery-1-250184'>\n\t\t\t\tAntigos Canarinhos que vieram celebrar os 82 anos do Coral\n\t\t\t\t<\/dd><\/dl><dl class='gallery-item'>\n\t\t\t<dt class='gallery-icon landscape'>\n\t\t\t\t<a href='https:\/\/franciscanos.org.br\/noticias\/wp-content\/uploads\/2024\/08\/IMG_7957-scaled.jpg'><img width=\"300\" height=\"300\" src=\"https:\/\/franciscanos.org.br\/noticias\/wp-content\/uploads\/2024\/08\/IMG_7957-300x300.jpg\" class=\"attachment-thumbnail size-thumbnail\" alt=\"\" loading=\"lazy\" srcset=\"https:\/\/franciscanos.org.br\/noticias\/wp-content\/uploads\/2024\/08\/IMG_7957-300x300.jpg 300w, https:\/\/franciscanos.org.br\/noticias\/wp-content\/uploads\/2024\/08\/IMG_7957-100x100.jpg 100w\" sizes=\"(max-width: 300px) 100vw, 300px\" \/><\/a>\n\t\t\t<\/dt><\/dl><dl class='gallery-item'>\n\t\t\t<dt class='gallery-icon landscape'>\n\t\t\t\t<a href='https:\/\/franciscanos.org.br\/noticias\/wp-content\/uploads\/2024\/08\/Sr-Nilton-da-turma-de-1943-dos-Canarinhos-com-a-Gestora-do-IMCP-Rose-de-Mello-Lischt-scaled.jpg'><img width=\"300\" height=\"300\" src=\"https:\/\/franciscanos.org.br\/noticias\/wp-content\/uploads\/2024\/08\/Sr-Nilton-da-turma-de-1943-dos-Canarinhos-com-a-Gestora-do-IMCP-Rose-de-Mello-Lischt-300x300.jpg\" class=\"attachment-thumbnail size-thumbnail\" alt=\"\" loading=\"lazy\" aria-describedby=\"gallery-1-250186\" srcset=\"https:\/\/franciscanos.org.br\/noticias\/wp-content\/uploads\/2024\/08\/Sr-Nilton-da-turma-de-1943-dos-Canarinhos-com-a-Gestora-do-IMCP-Rose-de-Mello-Lischt-300x300.jpg 300w, https:\/\/franciscanos.org.br\/noticias\/wp-content\/uploads\/2024\/08\/Sr-Nilton-da-turma-de-1943-dos-Canarinhos-com-a-Gestora-do-IMCP-Rose-de-Mello-Lischt-100x100.jpg 100w\" sizes=\"(max-width: 300px) 100vw, 300px\" \/><\/a>\n\t\t\t<\/dt>\n\t\t\t\t<dd class='wp-caption-text gallery-caption' id='gallery-1-250186'>\n\t\t\t\tSr Nilton, da turma de 1943 dos Canarinhos com a Gestora do IMCP, Rose de Mello Lischt\n\t\t\t\t<\/dd><\/dl><br style=\"clear: both\" \/>\n\t\t<\/div>\n\n<p>&nbsp;<\/p>\n<p><b>Solenidade da Assun\u00e7\u00e3o da Bem-aventurada Virgem Maria<\/b><\/p>\n<p><span style=\"font-weight: 400;\">Seguindo a tradi\u00e7\u00e3o hist\u00f3rica de celebrar seu anivers\u00e1rio na Solenidade da Assun\u00e7\u00e3o de Nossa Senhora. No domingo, dia 18 de agosto, a fam\u00edlia canarinhos reuniu-se na casa m\u00e3e do Coral, a Igreja do Sagrado, para na tradicional missa das 10h, que \u00e9 carinhosamente conhecida entre os petropolitanos como a \u201cMissa dos Canarinhos\u201d, celebrarem as gra\u00e7as alcan\u00e7adas em mais um ano de hist\u00f3ria!<\/span><\/p>\n<p><span style=\"font-weight: 400;\">Como canto inicial, cantaram o <\/span><i><span style=\"font-weight: 400;\">Introito <\/span><\/i><span style=\"font-weight: 400;\">dessa solenidade mariana, o famoso <\/span><i><span style=\"font-weight: 400;\">Signum Magnum, <\/span><\/i><span style=\"font-weight: 400;\">tirado do Livro do Apocalipse de S\u00e3o Jo\u00e3o: <\/span><i><span style=\"font-weight: 400;\">\u201cApareceu no c\u00e9u um grande sinal, uma mulher vestida de sol, tendo a lua debaixo dos p\u00e9s&#8230;\u201d (Ap 12,1). <\/span><\/i><span style=\"font-weight: 400;\">A atual forma\u00e7\u00e3o do Coral recebeu no dia do seu anivers\u00e1rio os antigos Canarinhos, os quais, uniram-se para louvar o Senhor nesta data t\u00e3o especial tamb\u00e9m em suas hist\u00f3rias; interligadas com a hist\u00f3ria do Coral que marcou suas vidas.\u00a0<\/span><\/p>\n<p><span style=\"font-weight: 400;\">Presidiu essa celebra\u00e7\u00e3o o Presidente do Instituto dos Meninos Cantores de Petr\u00f3polis e Definidor Provincial, Frei Marcos Antonio de Andrade. No in\u00edcio da celebra\u00e7\u00e3o, o frade acolheu todos os que ali se encontravam, de modo especial, aqueles que vinham para celebrar os 82 anos do Coral dos Canarinhos. O Coral foi regido pelo seu Maestro Marco Aur\u00e9lio Lischt, que neste ano completou 26 anos \u00e0 frente do Coral. No programa, a Missa em Honra da Virgem Maria do frade americano, Owen da Silva, OFM, que foi executada, impecavelmente. Destaque tamb\u00e9m para o canto <\/span><i><span style=\"font-weight: 400;\">\u201cNigra sum\u201d <\/span><\/i><span style=\"font-weight: 400;\">de Pablo Casals e o <\/span><i><span style=\"font-weight: 400;\">\u201cAve Maria\u201d <\/span><\/i><span style=\"font-weight: 400;\">de Tomas Luis da Victoria.<\/span><\/p>\n<p><span style=\"font-weight: 400;\">Em sua homilia, Frei Marcos iniciou dizendo que esta \u00e9 uma das mais antigas e importantes festas marianas e embora o dogma tenha sido proclamado s\u00f3 no ano de 1950, j\u00e1 h\u00e1 muitos s\u00e9culos tornou-se costume celebrar esta Solenidade na Igreja. Disse ele: \u201cMaria foi a mulher que deu \u00e0 luz o Salvador, Jesus Cristo. N\u00f3s, no dia de hoje, somos chamados a gerarmos o mesmo Cristo em nossas vidas. Esse \u00e9 o convite feito \u00e0 toda a Igreja. Quando agimos segundo o Evangelho do Senhor, somos aqueles que mant\u00eam viva a mensagem do Ressuscitado! O que hoje celebramos \u00e9 a certeza de que os que assumem a miss\u00e3o do Senhor, s\u00e3o tamb\u00e9m assumidos por Ele. Assim foi Maria, assumiu em tudo a miss\u00e3o de Deus e por Ele foi assumida. A experi\u00eancia de Maria \u00e9 a experi\u00eancia \u00edntima da ressurrei\u00e7\u00e3o do seu Filho!\u201d.<\/span><\/p>\n\n\t\t<style type=\"text\/css\">\n\t\t\t#gallery-2 {\n\t\t\t\tmargin: auto;\n\t\t\t}\n\t\t\t#gallery-2 .gallery-item {\n\t\t\t\tfloat: left;\n\t\t\t\tmargin-top: 10px;\n\t\t\t\ttext-align: center;\n\t\t\t\twidth: 33%;\n\t\t\t}\n\t\t\t#gallery-2 img {\n\t\t\t\tborder: 2px solid #cfcfcf;\n\t\t\t}\n\t\t\t#gallery-2 .gallery-caption {\n\t\t\t\tmargin-left: 0;\n\t\t\t}\n\t\t\t\/* see gallery_shortcode() in wp-includes\/media.php *\/\n\t\t<\/style>\n\t\t<div id='gallery-2' class='gallery galleryid-250177 gallery-columns-3 gallery-size-thumbnail'><dl class='gallery-item'>\n\t\t\t<dt class='gallery-icon landscape'>\n\t\t\t\t<a href='https:\/\/franciscanos.org.br\/noticias\/wp-content\/uploads\/2024\/08\/IMG_8236-scaled.jpg'><img width=\"300\" height=\"300\" src=\"https:\/\/franciscanos.org.br\/noticias\/wp-content\/uploads\/2024\/08\/IMG_8236-300x300.jpg\" class=\"attachment-thumbnail size-thumbnail\" alt=\"\" loading=\"lazy\" srcset=\"https:\/\/franciscanos.org.br\/noticias\/wp-content\/uploads\/2024\/08\/IMG_8236-300x300.jpg 300w, https:\/\/franciscanos.org.br\/noticias\/wp-content\/uploads\/2024\/08\/IMG_8236-100x100.jpg 100w\" sizes=\"(max-width: 300px) 100vw, 300px\" \/><\/a>\n\t\t\t<\/dt><\/dl><dl class='gallery-item'>\n\t\t\t<dt class='gallery-icon landscape'>\n\t\t\t\t<a href='https:\/\/franciscanos.org.br\/noticias\/wp-content\/uploads\/2024\/08\/IMG_8056-scaled.jpg'><img width=\"300\" height=\"300\" src=\"https:\/\/franciscanos.org.br\/noticias\/wp-content\/uploads\/2024\/08\/IMG_8056-300x300.jpg\" class=\"attachment-thumbnail size-thumbnail\" alt=\"\" loading=\"lazy\" srcset=\"https:\/\/franciscanos.org.br\/noticias\/wp-content\/uploads\/2024\/08\/IMG_8056-300x300.jpg 300w, https:\/\/franciscanos.org.br\/noticias\/wp-content\/uploads\/2024\/08\/IMG_8056-100x100.jpg 100w\" sizes=\"(max-width: 300px) 100vw, 300px\" \/><\/a>\n\t\t\t<\/dt><\/dl><dl class='gallery-item'>\n\t\t\t<dt class='gallery-icon landscape'>\n\t\t\t\t<a href='https:\/\/franciscanos.org.br\/noticias\/wp-content\/uploads\/2024\/08\/IMG_8231-scaled.jpg'><img width=\"300\" height=\"300\" src=\"https:\/\/franciscanos.org.br\/noticias\/wp-content\/uploads\/2024\/08\/IMG_8231-300x300.jpg\" class=\"attachment-thumbnail size-thumbnail\" alt=\"\" loading=\"lazy\" srcset=\"https:\/\/franciscanos.org.br\/noticias\/wp-content\/uploads\/2024\/08\/IMG_8231-300x300.jpg 300w, https:\/\/franciscanos.org.br\/noticias\/wp-content\/uploads\/2024\/08\/IMG_8231-100x100.jpg 100w\" sizes=\"(max-width: 300px) 100vw, 300px\" \/><\/a>\n\t\t\t<\/dt><\/dl><br style=\"clear: both\" \/>\n\t\t<\/div>\n\n<p><span style=\"font-weight: 400;\">Depois, fazendo uma alus\u00e3o ao Coral, disse o frade: \u201cMaria vai, apressadamente, \u00e0 casa de sua parenta, Isabel. Vai para servir, coloca-se em prontid\u00e3o e em gesto de humildade. O caminho apontado por Jesus \u00e9 o mesmo que Maria seguiu, um caminho de servi\u00e7o e, por isso mesmo, um caminho de felicidade plena. E diremos n\u00f3s: um caminho de gl\u00f3ria! Ser um Canarinho \u00e9 ser servidor. \u00c9 estar pronto para servir. \u00c9 desprendimento. \u00c9 um intenso servi\u00e7o que nos torna servidores de uma grande miss\u00e3o: apontar a gl\u00f3ria de Deus, cantar essa gl\u00f3ria e ajudar que todo o povo fa\u00e7a a mesma experi\u00eancia do Sagrado atrav\u00e9s da m\u00fasica, da arte e da beleza!\u201d Agradeceu, dizendo: \u201cObrigado a todos os Canarinhos, a todos os seus familiares e a todos que nos apoiam nesse servi\u00e7o e nessa miss\u00e3o. Essa hist\u00f3ria \u00e9 de todos n\u00f3s!\u201d<\/span><\/p>\n<p><span style=\"font-weight: 400;\">E concluiu dizendo: \u201cFazer o caminho da mem\u00f3ria \u00e9 fazer o caminho da hist\u00f3ria. \u00c9 lembrando quem fomos que melhor compreenderemos quem somos e assim, poderemos olhar para o futuro e construiremos da melhor forma poss\u00edvel o que h\u00e1 de vir!\u201d<\/span><\/p>\n<p><span style=\"font-weight: 400;\">Ao final da celebra\u00e7\u00e3o, Frei Marcos fez os agradecimentos por essa t\u00e3o bela celebra\u00e7\u00e3o e tamb\u00e9m a todos e todas que ajudam a tornar poss\u00edvel a miss\u00e3o do Instituto dos Meninos Cantores, em especial, \u00e0 Gestora do IMCP, Rose de Mello, ao Maestro do Coral dos Meninos, Marco Aur\u00e9lio Lischt e ao Maestro do Coral das Meninas, Marcelo Vizani, tamb\u00e9m presente na celebra\u00e7\u00e3o. Por fim, convidou a todos para cantarem os Parab\u00e9ns aos Canarinhos.<\/span><\/p>\n<p><i><span style=\"font-weight: 400;\">\u00a0<\/span><\/i><b>Confraterniza\u00e7\u00e3o no ITF<\/b><\/p>\n<p><span style=\"font-weight: 400;\">A celebra\u00e7\u00e3o de um anivers\u00e1rio \u00e9 uma ocasi\u00e3o especial de reunir a fam\u00edlia e os amigos no intuito de agradecer e poder brindar a vida. N\u00e3o \u00e9 diferente para os Canarinhos de Petr\u00f3polis! Terminada a Eucaristia, a fam\u00edlia Canarinhos reuniu-se no Instituto Teol\u00f3gico Franciscano para um almo\u00e7o festivo dos 82 anos do Coral dos Meninos. Mais de 200 pessoas estiveram presentes neste rico momento em que tantos amigos e amigas puderam se encontrar e desfrutar de um agrad\u00e1vel e prop\u00edcio momento de partilha e de conviv\u00eancia. A alegria e a anima\u00e7\u00e3o n\u00e3o faltaram nessa confraterniza\u00e7\u00e3o. Depois de servido o almo\u00e7o, os presentes cantaram uma variada sele\u00e7\u00e3o de m\u00fasicas tradicionais da hist\u00f3ria do Coral e que habitam na rica mem\u00f3ria destes coralistas de sempre.<\/span><\/p>\n<p><span style=\"font-weight: 400;\">Quando algo nos marca, levamos esse algo dentro de n\u00f3s: em nossa mem\u00f3ria e em nossa vida. Sempre que poss\u00edvel, revisitamos isso que nos desperta, isso que pulsa em n\u00f3s. Assim s\u00e3o os momentos de celebra\u00e7\u00e3o do Coral dos Canarinhos, poder reunir e viver isso que condensa a hist\u00f3ria pessoal de cada Canarinho, isso que ajudou cada jovem a voar pelo mundo. E esses encontros s\u00e3o sempre oportunidades para cantar e bradar: Canarinhos para sempre!\u00a0<\/span><\/p>\n<hr \/>\n<p><i><span style=\"font-weight: 400;\">Frei Jo\u00e3o Manoel Zechinatto<\/span><\/i><\/p>\n","protected":false},"excerpt":{"rendered":"<p> Coral dos Canarinhos  foi fundado em 1942<\/p>\n","protected":false},"author":10,"featured_media":250179,"comment_status":"open","ping_status":"open","sticky":false,"template":"","format":"standard","meta":[],"categories":[1],"tags":[1378,190],"acf":[],"yoast_head":"<!-- This site is optimized with the Yoast SEO plugin v19.2 - https:\/\/yoast.com\/wordpress\/plugins\/seo\/ -->\n<title>82 Anos do Coral dos Canarinhos de Petr\u00f3polis - Not\u00edcias - Franciscanos<\/title>\n<meta name=\"robots\" content=\"index, follow, max-snippet:-1, max-image-preview:large, max-video-preview:-1\" \/>\n<link rel=\"canonical\" href=\"https:\/\/franciscanos.org.br\/noticias\/82-anos-do-coral-dos-canarinhos-de-petropolis.html\" \/>\n<meta property=\"og:locale\" content=\"pt_BR\" \/>\n<meta property=\"og:type\" content=\"article\" \/>\n<meta property=\"og:title\" content=\"82 Anos do Coral dos Canarinhos de Petr\u00f3polis - Not\u00edcias - Franciscanos\" \/>\n<meta property=\"og:description\" content=\"Coral dos Canarinhos foi fundado em 1942\" \/>\n<meta property=\"og:url\" content=\"https:\/\/franciscanos.org.br\/noticias\/82-anos-do-coral-dos-canarinhos-de-petropolis.html\" \/>\n<meta property=\"og:site_name\" content=\"Not\u00edcias - Franciscanos\" \/>\n<meta property=\"article:published_time\" content=\"2024-08-19T18:15:29+00:00\" \/>\n<meta property=\"article:modified_time\" content=\"2024-08-19T18:46:43+00:00\" \/>\n<meta property=\"og:image\" content=\"https:\/\/franciscanos.org.br\/noticias\/wp-content\/uploads\/2024\/08\/Coral-scaled.jpg\" \/>\n\t<meta property=\"og:image:width\" content=\"1920\" \/>\n\t<meta property=\"og:image:height\" content=\"1078\" \/>\n\t<meta property=\"og:image:type\" content=\"image\/jpeg\" \/>\n<meta name=\"author\" content=\"Jo\u00e3o Vitor\" \/>\n<meta name=\"twitter:card\" content=\"summary_large_image\" \/>\n<meta name=\"twitter:label1\" content=\"Escrito por\" \/>\n\t<meta name=\"twitter:data1\" content=\"Jo\u00e3o Vitor\" \/>\n\t<meta name=\"twitter:label2\" content=\"Est. tempo de leitura\" \/>\n\t<meta name=\"twitter:data2\" content=\"7 minutos\" \/>\n<script type=\"application\/ld+json\" class=\"yoast-schema-graph\">{\"@context\":\"https:\/\/schema.org\",\"@graph\":[{\"@type\":\"WebSite\",\"@id\":\"https:\/\/franciscanos.org.br\/noticias\/#website\",\"url\":\"https:\/\/franciscanos.org.br\/noticias\/\",\"name\":\"Not\u00edcias - Franciscanos\",\"description\":\"Prov\u00edncia Franciscana da Imaculada Concei\u00e7\u00e3o do Brasil - Ordem dos Frades Menores - OFM\",\"potentialAction\":[{\"@type\":\"SearchAction\",\"target\":{\"@type\":\"EntryPoint\",\"urlTemplate\":\"https:\/\/franciscanos.org.br\/noticias\/?s={search_term_string}\"},\"query-input\":\"required name=search_term_string\"}],\"inLanguage\":\"pt-BR\"},{\"@type\":\"ImageObject\",\"inLanguage\":\"pt-BR\",\"@id\":\"https:\/\/franciscanos.org.br\/noticias\/82-anos-do-coral-dos-canarinhos-de-petropolis.html#primaryimage\",\"url\":\"https:\/\/franciscanos.org.br\/noticias\/wp-content\/uploads\/2024\/08\/Coral-scaled.jpg\",\"contentUrl\":\"https:\/\/franciscanos.org.br\/noticias\/wp-content\/uploads\/2024\/08\/Coral-scaled.jpg\",\"width\":1920,\"height\":1078},{\"@type\":\"WebPage\",\"@id\":\"https:\/\/franciscanos.org.br\/noticias\/82-anos-do-coral-dos-canarinhos-de-petropolis.html#webpage\",\"url\":\"https:\/\/franciscanos.org.br\/noticias\/82-anos-do-coral-dos-canarinhos-de-petropolis.html\",\"name\":\"82 Anos do Coral dos Canarinhos de Petr\u00f3polis - Not\u00edcias - Franciscanos\",\"isPartOf\":{\"@id\":\"https:\/\/franciscanos.org.br\/noticias\/#website\"},\"primaryImageOfPage\":{\"@id\":\"https:\/\/franciscanos.org.br\/noticias\/82-anos-do-coral-dos-canarinhos-de-petropolis.html#primaryimage\"},\"datePublished\":\"2024-08-19T18:15:29+00:00\",\"dateModified\":\"2024-08-19T18:46:43+00:00\",\"author\":{\"@id\":\"https:\/\/franciscanos.org.br\/noticias\/#\/schema\/person\/8c11f06a466b856a11dd48d20600055f\"},\"breadcrumb\":{\"@id\":\"https:\/\/franciscanos.org.br\/noticias\/82-anos-do-coral-dos-canarinhos-de-petropolis.html#breadcrumb\"},\"inLanguage\":\"pt-BR\",\"potentialAction\":[{\"@type\":\"ReadAction\",\"target\":[\"https:\/\/franciscanos.org.br\/noticias\/82-anos-do-coral-dos-canarinhos-de-petropolis.html\"]}]},{\"@type\":\"BreadcrumbList\",\"@id\":\"https:\/\/franciscanos.org.br\/noticias\/82-anos-do-coral-dos-canarinhos-de-petropolis.html#breadcrumb\",\"itemListElement\":[{\"@type\":\"ListItem\",\"position\":1,\"name\":\"Home\",\"item\":\"https:\/\/franciscanos.org.br\/noticias\"},{\"@type\":\"ListItem\",\"position\":2,\"name\":\"82 Anos do Coral dos Canarinhos de Petr\u00f3polis\"}]},{\"@type\":\"Person\",\"@id\":\"https:\/\/franciscanos.org.br\/noticias\/#\/schema\/person\/8c11f06a466b856a11dd48d20600055f\",\"name\":\"Jo\u00e3o Vitor\",\"image\":{\"@type\":\"ImageObject\",\"inLanguage\":\"pt-BR\",\"@id\":\"https:\/\/franciscanos.org.br\/noticias\/#\/schema\/person\/image\/\",\"url\":\"https:\/\/secure.gravatar.com\/avatar\/10ba5c9713e0c323617b4309a19e3a46?s=96&d=mm&r=g\",\"contentUrl\":\"https:\/\/secure.gravatar.com\/avatar\/10ba5c9713e0c323617b4309a19e3a46?s=96&d=mm&r=g\",\"caption\":\"Jo\u00e3o Vitor\"},\"url\":\"https:\/\/franciscanos.org.br\/noticias\/author\/joaovitor\"}]}<\/script>\n<!-- \/ Yoast SEO plugin. -->","yoast_head_json":{"title":"82 Anos do Coral dos Canarinhos de Petr\u00f3polis - Not\u00edcias - Franciscanos","robots":{"index":"index","follow":"follow","max-snippet":"max-snippet:-1","max-image-preview":"max-image-preview:large","max-video-preview":"max-video-preview:-1"},"canonical":"https:\/\/franciscanos.org.br\/noticias\/82-anos-do-coral-dos-canarinhos-de-petropolis.html","og_locale":"pt_BR","og_type":"article","og_title":"82 Anos do Coral dos Canarinhos de Petr\u00f3polis - Not\u00edcias - Franciscanos","og_description":"Coral dos Canarinhos foi fundado em 1942","og_url":"https:\/\/franciscanos.org.br\/noticias\/82-anos-do-coral-dos-canarinhos-de-petropolis.html","og_site_name":"Not\u00edcias - Franciscanos","article_published_time":"2024-08-19T18:15:29+00:00","article_modified_time":"2024-08-19T18:46:43+00:00","og_image":[{"width":1920,"height":1078,"url":"https:\/\/franciscanos.org.br\/noticias\/wp-content\/uploads\/2024\/08\/Coral-scaled.jpg","type":"image\/jpeg"}],"author":"Jo\u00e3o Vitor","twitter_card":"summary_large_image","twitter_misc":{"Escrito por":"Jo\u00e3o Vitor","Est. tempo de leitura":"7 minutos"},"schema":{"@context":"https:\/\/schema.org","@graph":[{"@type":"WebSite","@id":"https:\/\/franciscanos.org.br\/noticias\/#website","url":"https:\/\/franciscanos.org.br\/noticias\/","name":"Not\u00edcias - Franciscanos","description":"Prov\u00edncia Franciscana da Imaculada Concei\u00e7\u00e3o do Brasil - Ordem dos Frades Menores - OFM","potentialAction":[{"@type":"SearchAction","target":{"@type":"EntryPoint","urlTemplate":"https:\/\/franciscanos.org.br\/noticias\/?s={search_term_string}"},"query-input":"required name=search_term_string"}],"inLanguage":"pt-BR"},{"@type":"ImageObject","inLanguage":"pt-BR","@id":"https:\/\/franciscanos.org.br\/noticias\/82-anos-do-coral-dos-canarinhos-de-petropolis.html#primaryimage","url":"https:\/\/franciscanos.org.br\/noticias\/wp-content\/uploads\/2024\/08\/Coral-scaled.jpg","contentUrl":"https:\/\/franciscanos.org.br\/noticias\/wp-content\/uploads\/2024\/08\/Coral-scaled.jpg","width":1920,"height":1078},{"@type":"WebPage","@id":"https:\/\/franciscanos.org.br\/noticias\/82-anos-do-coral-dos-canarinhos-de-petropolis.html#webpage","url":"https:\/\/franciscanos.org.br\/noticias\/82-anos-do-coral-dos-canarinhos-de-petropolis.html","name":"82 Anos do Coral dos Canarinhos de Petr\u00f3polis - Not\u00edcias - Franciscanos","isPartOf":{"@id":"https:\/\/franciscanos.org.br\/noticias\/#website"},"primaryImageOfPage":{"@id":"https:\/\/franciscanos.org.br\/noticias\/82-anos-do-coral-dos-canarinhos-de-petropolis.html#primaryimage"},"datePublished":"2024-08-19T18:15:29+00:00","dateModified":"2024-08-19T18:46:43+00:00","author":{"@id":"https:\/\/franciscanos.org.br\/noticias\/#\/schema\/person\/8c11f06a466b856a11dd48d20600055f"},"breadcrumb":{"@id":"https:\/\/franciscanos.org.br\/noticias\/82-anos-do-coral-dos-canarinhos-de-petropolis.html#breadcrumb"},"inLanguage":"pt-BR","potentialAction":[{"@type":"ReadAction","target":["https:\/\/franciscanos.org.br\/noticias\/82-anos-do-coral-dos-canarinhos-de-petropolis.html"]}]},{"@type":"BreadcrumbList","@id":"https:\/\/franciscanos.org.br\/noticias\/82-anos-do-coral-dos-canarinhos-de-petropolis.html#breadcrumb","itemListElement":[{"@type":"ListItem","position":1,"name":"Home","item":"https:\/\/franciscanos.org.br\/noticias"},{"@type":"ListItem","position":2,"name":"82 Anos do Coral dos Canarinhos de Petr\u00f3polis"}]},{"@type":"Person","@id":"https:\/\/franciscanos.org.br\/noticias\/#\/schema\/person\/8c11f06a466b856a11dd48d20600055f","name":"Jo\u00e3o Vitor","image":{"@type":"ImageObject","inLanguage":"pt-BR","@id":"https:\/\/franciscanos.org.br\/noticias\/#\/schema\/person\/image\/","url":"https:\/\/secure.gravatar.com\/avatar\/10ba5c9713e0c323617b4309a19e3a46?s=96&d=mm&r=g","contentUrl":"https:\/\/secure.gravatar.com\/avatar\/10ba5c9713e0c323617b4309a19e3a46?s=96&d=mm&r=g","caption":"Jo\u00e3o Vitor"},"url":"https:\/\/franciscanos.org.br\/noticias\/author\/joaovitor"}]}},"_links":{"self":[{"href":"https:\/\/franciscanos.org.br\/noticias\/wp-json\/wp\/v2\/posts\/250177"}],"collection":[{"href":"https:\/\/franciscanos.org.br\/noticias\/wp-json\/wp\/v2\/posts"}],"about":[{"href":"https:\/\/franciscanos.org.br\/noticias\/wp-json\/wp\/v2\/types\/post"}],"author":[{"embeddable":true,"href":"https:\/\/franciscanos.org.br\/noticias\/wp-json\/wp\/v2\/users\/10"}],"replies":[{"embeddable":true,"href":"https:\/\/franciscanos.org.br\/noticias\/wp-json\/wp\/v2\/comments?post=250177"}],"version-history":[{"count":5,"href":"https:\/\/franciscanos.org.br\/noticias\/wp-json\/wp\/v2\/posts\/250177\/revisions"}],"predecessor-version":[{"id":250210,"href":"https:\/\/franciscanos.org.br\/noticias\/wp-json\/wp\/v2\/posts\/250177\/revisions\/250210"}],"wp:featuredmedia":[{"embeddable":true,"href":"https:\/\/franciscanos.org.br\/noticias\/wp-json\/wp\/v2\/media\/250179"}],"wp:attachment":[{"href":"https:\/\/franciscanos.org.br\/noticias\/wp-json\/wp\/v2\/media?parent=250177"}],"wp:term":[{"taxonomy":"category","embeddable":true,"href":"https:\/\/franciscanos.org.br\/noticias\/wp-json\/wp\/v2\/categories?post=250177"},{"taxonomy":"post_tag","embeddable":true,"href":"https:\/\/franciscanos.org.br\/noticias\/wp-json\/wp\/v2\/tags?post=250177"}],"curies":[{"name":"wp","href":"https:\/\/api.w.org\/{rel}","templated":true}]}}