{"id":250169,"date":"2024-08-16T10:34:50","date_gmt":"2024-08-16T13:34:50","guid":{"rendered":"https:\/\/franciscanos.org.br\/noticias\/?p=250169"},"modified":"2024-08-16T12:41:43","modified_gmt":"2024-08-16T15:41:43","slug":"a-psique-e-o-sagrado-entre-os-lancamentos-da-editora-vozes","status":"publish","type":"post","link":"https:\/\/franciscanos.org.br\/noticias\/a-psique-e-o-sagrado-entre-os-lancamentos-da-editora-vozes.html","title":{"rendered":"&#8220;A psique e o sagrado&#8221; entre os lan\u00e7amentos da Editora Vozes"},"content":{"rendered":"<p><img loading=\"lazy\" src=\"https:\/\/franciscanos.org.br\/noticias\/wp-content\/uploads\/2024\/08\/Vozes-1280.png\" alt=\"\" width=\"1280\" height=\"720\" \/><\/p>\n<h3><strong>A psique e o sagrado<\/strong><\/h3>\n<p>As tradi\u00e7\u00f5es religiosas est\u00e3o se tornando cada vez mais receptivas \u00e0 psicologia profunda, e a linguagem psicol\u00f3gica est\u00e1 se mostrando \u00fatil como instrumento para falar do sagrado. A obra de Lionel Corbett \u00e9 uma contribui\u00e7\u00e3o significativa, oferecida a partir do grande movimento junguiano mundial contempor\u00e2neo, a fim de ajudar as pessoas a encontrar a alma e descobrir a presen\u00e7a do divino em si mesmas, enquanto vivem atarefadas, cheias de atividades.<br \/>\nEste livro apresenta uma abordagem \u00e0 espiritualidade baseada na experi\u00eancia pessoal direta do sagrado. Usando a linguagem e as percep\u00e7\u00f5es da psicologia profunda, Corbett descreve a rela\u00e7\u00e3o \u00edntima entre a experi\u00eancia espiritual e a psicologia do indiv\u00edduo, revelando a continuidade perfeita entre as dimens\u00f5es pessoais e transpessoais da psique. Sua discuss\u00e3o percorre uma gama de preocupa\u00e7\u00f5es espirituais, desde o problema do mal at\u00e9 o enigma da dor e do sofrimento. Baseando-se na sua pr\u00e1tica psicoterap\u00eautica, bem como nas experi\u00eancias de personagens da nossa heran\u00e7a religiosa, Corbett explora os v\u00e1rios portais atrav\u00e9s dos quais o sagrado se apresenta para n\u00f3s: sonhos, vis\u00f5es, natureza, corpo, relacionamentos, psicopatologia e trabalho criativo. Referindo-se extensivamente aos escritos de Jung sobre religi\u00e3o, mas tamb\u00e9m \u00e0 teoria psicanal\u00edtica contempor\u00e2nea, Corbett d\u00e1 forma \u00e0 nova espiritualidade que est\u00e1 a emergir juntamente com as grandes tradi\u00e7\u00f5es religiosas do mundo.<\/p>\n<hr \/>\n<h3><strong>Metaf\u00edsica \u2013 Edi\u00e7\u00e3o de bolso<\/strong><\/h3>\n<p>Metaf\u00edsica \u00e9 uma obra atemporal que alterou a forma como compreendemos o mundo e o nosso lugar nele. Neste livro, Arist\u00f3teles lan\u00e7a os fundamentos para a filosofia, a ci\u00eancia e a teologia ocidentais, estabelecendo um legado que ressoa ao longo dos s\u00e9culos. Uma obra de grande profundidade e complexidade, mas tamb\u00e9m de grande beleza e clareza. Metaf\u00edsica, de Arist\u00f3teles, \u00e9 leitura indispens\u00e1vel para aqueles que desejam compreender as ra\u00edzes do pensamento filos\u00f3fico e o impacto duradouro da obra no pensamento humano.<\/p>\n<hr \/>\n<h3><strong>Caderno pedag\u00f3gico para o Ensino Religioso<\/strong><\/h3>\n<p><strong>Cultura religiosa no Ensino M\u00e9dio<br \/>\n<\/strong>Os Cadernos Pedag\u00f3gicos para o Ensino Religioso constituem uma ferramenta para contribuir e explicitar a aplica\u00e7\u00e3o metodol\u00f3gica deste componente. Os cinco volumes desta cole\u00e7\u00e3o prop\u00f5em rela\u00e7\u00f5es te\u00f3rico-pr\u00e1ticas para que as habilidades definidas pela Base Nacional Comum Curricular (BNCC) sejam desenvolvidas ao longo da escolariza\u00e7\u00e3o em Ensino Religioso nas institui\u00e7\u00f5es brasileiras.<br \/>\nComo previsto no art. 35 da LDB, o Ensino M\u00e9dio aprofunda os conhecimentos adquiridos no Ensino Fundamental, promovendo a forma\u00e7\u00e3o \u00e9tica, a autonomia intelectual e o pensamento criativo do estudante, preparando-o para o trabalho e a cidadania. Para isso, este Caderno estabelece o di\u00e1logo entre as culturas religiosas e as compet\u00eancias da \u00e1rea de Ci\u00eancias Humanas e Sociais Aplicadas.<br \/>\nEste caderno \u2013 Cultura religiosa no Ensino M\u00e9dio \u2013, embora a BNCC n\u00e3o preveja o Ensino Religioso no Ensino M\u00e9dio, foi elaborado a partir das unidades tem\u00e1ticas e dos objetos de conhecimento da BNCC do Ensino Religioso para o Ensino Fundamental, de modo que os estudantes consolidem a sua com preens\u00e3o do conhecimento abordado ao longo desse per\u00edodo.<br \/>\nPara isso, a Parte I apresenta textos de estudo e reflex\u00e3o para favorecer a pr\u00e1tica dos envolvidos com a proposta da cultura religiosa no Ensino M\u00e9dio, e a Parte II, roteiros de atividades para desenvolver nos jovens, por meio da leitura do fen\u00f4meno religioso, a capacidade de reconhecer e acolher as diferen\u00e7as a fim de conviver bem com as diversas formas de agir, de pensar e de crer na sociedade, habilidade indispens\u00e1vel para a cidadania e a vida profissional.<\/p>\n<hr \/>\n<h3><strong>A vida silenciosa<\/strong><\/h3>\n<p>Citada por Merton como \u201cuma medita\u00e7\u00e3o sobre a vida mon\u00e1stica por algu\u00e9m que [\u2026] tem o privil\u00e9gio de conhecer essa vida por dentro\u201d, esta obra, de certa forma, faz o leitor adentrar no universo em que o autor alegou ter vivido os seus mais profundos, felizes e, tamb\u00e9m, mais terr\u00edveis momentos de sua vida. Nesse sentido, suas p\u00e1ginas falam n\u00e3o apenas da experi\u00eancia religiosa no contexto mon\u00e1stico, mas tamb\u00e9m, marginalmente, do ch\u00e3o por onde ele caminhou durante a segunda metade de sua vida.<br \/>\nNeste livro, ap\u00f3s haver respondido \u00e0 pergunta \u201cQue \u00e9 um monge?\u201d, Thomas Merton nos d\u00e1 um relato fascinante dos principais ramos da fam\u00edlia mon\u00e1stica. Ele descreve as duas categorias existentes de monges: os cenobitas, que seguem a vida comunit\u00e1ria, e os eremitas, que vivem vida solit\u00e1ria. Fala, igualmente, dos monges da Primitiva Observ\u00e2ncia Beneditina, que fundaram dois pequenos mosteiros nos Estados Unidos, como j\u00e1 existem outros em alguns pa\u00edses. O presente livro permitir\u00e1 a numerosos leitores brasileiros tomar contato com essa vida silenciosa, penetrar-lhe o sentido profundo e receber sua mensagem de verdade, alegria e paz.<\/p>\n<hr \/>\n<h3><strong>O trickster na contemporaneidade<\/strong><\/h3>\n<p>O tema do arqu\u00e9tipo do trickster sempre esteve \u00e0 margem no pante\u00e3o da psicologia anal\u00edtica. O presente livro tenta retrat\u00e1-lo em sua magnitude e import\u00e2ncia, atrav\u00e9s de um olhar ampliado sobre sua dimens\u00e3o e diversidade na contemporaneidade. Os autores prop\u00f5em uma jornada especial, trazendo \u00e0 luz o simbolismo do arqu\u00e9tipo do trickster na cultura brasileira, explorado de modo diversificado nas manifesta\u00e7\u00f5es da arte, na narrativa popular, nos mitos, nas lendas e no folclore, perpassando origens de etnias e de povos que constituem o que denominamos de alma brasileira.<br \/>\nA cl\u00ednica se enriquece com esses aportes ampliados que oferecem o adensamento da subjetividade sem retirar-lhe seu car\u00e1ter pessoal e particular, assim incluindo um olhar peculiar, uma compreens\u00e3o arquet\u00edpica que embasa nossas pesquisas culturais e coloca-se de acordo com uma perspectiva p\u00f3s-junguiana, retirando o arqu\u00e9tipo dessa substancialidade \u2013 algo j\u00e1 anunciado pelo pr\u00f3prio Jung.<\/p>\n<hr \/>\n<h3><strong>O Zaratustra de Nietzsche<\/strong><\/h3>\n<p><strong>II. Notas do semin\u00e1rio dado entre 1936 e 1939<\/strong><br \/>\nQuando jovem, crescendo perto de Basileia, Jung era fascinado e perturbado pelas hist\u00f3rias sobre o brilhantismo, a excentricidade e o eventual decl\u00ednio de Nietzsche em uma psicose permanente. A transcri\u00e7\u00e3o de um semin\u00e1rio privado in\u00e9dito revela os frutos de sua curiosidade inicial: as obras de Nietzsche, que ele leu como estudante na Universidade de Basileia, o comoveram profundamente e tiveram uma influ\u00eancia ao longo da vida em seu pensamento.<br \/>\nEste \u00e9 o segundo volume das transcri\u00e7\u00f5es de um semin\u00e1rio privado in\u00e9dito ministrado por Jung. Durante as sess\u00f5es deste semin\u00e1rio, ele falou informalmente aos membros de seu c\u00edrculo \u00edntimo sobre um pensador cujas obras n\u00e3o apenas o sobrecarregaram com a profundidade de sua compreens\u00e3o da natureza humana, mas tamb\u00e9m forneceram as fontes filos\u00f3ficas de muitas de suas pr\u00f3prias ideias psicol\u00f3gicas e metapsicol\u00f3gicas. Acima de tudo, ele demonstrou como o not\u00e1vel livro \u201cAssim falava Zaratustra\u201d ilustra tanto o g\u00eanio de Nietzsche quanto suas tend\u00eancias neur\u00f3ticas e pr\u00e9-psic\u00f3ticas.<br \/>\nComo n\u00e3o havia nenhuma ideia de que as notas do semin\u00e1rio fossem publicadas na \u00e9poca, Jung sentiu-se \u00e0 vontade para brincar, atacar pessoas e eventos que o irritavam ou o enfureciam e comentar sem reservas sobre quest\u00f5es pol\u00edticas, econ\u00f4micas e outras preocupa\u00e7\u00f5es p\u00fablicas da \u00e9poca.<br \/>\nEste e outros semin\u00e1rios, incluindo o registrado em An\u00e1lise dos sonhos, foram ministrados em Zurique durante as d\u00e9cadas de 1920 e 1930.<br \/>\nA vida n\u00e3o \u00e9 f\u00e1cil<\/p>\n<hr \/>\n<h3><strong>Como a filosofia pode nos ajudar a encontrar nosso caminho<\/strong><\/h3>\n<p>Nesta obra, Kieran Setiya defende que, apesar de n\u00e3o haver cura para a condi\u00e7\u00e3o humana, a filosofia pode ajudar a encontrar um caminho para viver bem. Ele nos oferece um mapa para lidar com dificuldades gerais da vida, desde traumas pessoais at\u00e9 a injusti\u00e7a e o absurdo do mundo. Com base na filosofia, antiga e moderna, bem como em temas como fic\u00e7\u00e3o, hist\u00f3ria, mem\u00f3rias, filmes, ci\u00eancias sociais e hist\u00f3rias da pr\u00f3pria experi\u00eancia pessoal, o autor oferece consolo e compaix\u00e3o frente \u00e0s adversidades, orienta\u00e7\u00e3o para lidar com a dor, enfrentar a injusti\u00e7a e buscar o sentido da vida.<br \/>\nCaloroso, acess\u00edvel e bem-humorado, este livro trata de fazer o melhor de uma situa\u00e7\u00e3o ruim. Ele oferece orienta\u00e7\u00f5es para lidar com a dor e fazer novos amigos, para lamentar as perdas e fracassar com gra\u00e7a, para enfrentar a injusti\u00e7a e buscar significado na vida. Contrariando psic\u00f3logos populares e influenciadores digitais que nos dizem ser f\u00e1cil \u201cencontrar nossa felicidade\u201d, Setiya reconhece que o melhor muitas vezes est\u00e1 fora de alcance. Ele pergunta como podemos enfrentar as adversidades da vida, encontrando esperan\u00e7a e vivendo bem quando a vida \u00e9 dif\u00edcil.<\/p>\n<hr \/>\n<p style=\"padding-left: 40px;\">Todos esses produtos podem ser adquiridos pelos sites<br \/>\n<a href=\"http:\/\/www.livrariavozes.com.br\/\">www.livrariavozes.com.br<\/a><br \/>\n<a href=\"http:\/\/vozes.com.br\/\">http:\/\/vozes.com.br<\/a><\/p>\n<p style=\"padding-left: 40px;\">E-mail:\u00a0<a href=\"mailto:contato@vozes.com.br\">contato@vozes.com.br<\/a><br \/>\nTel. 11 3101 8451<br \/>\n<em><strong>Editora Vozes<\/strong><\/em><\/p>\n<p>&nbsp;<\/p>\n<p>&nbsp;<\/p>\n","protected":false},"excerpt":{"rendered":"<p>Editora Vozes<\/p>\n","protected":false},"author":7,"featured_media":250171,"comment_status":"open","ping_status":"open","sticky":false,"template":"","format":"standard","meta":[],"categories":[1],"tags":[238],"acf":[],"yoast_head":"<!-- This site is optimized with the Yoast SEO plugin v19.2 - https:\/\/yoast.com\/wordpress\/plugins\/seo\/ -->\n<title>&quot;A psique e o sagrado&quot; entre os lan\u00e7amentos da Editora Vozes - Not\u00edcias - Franciscanos<\/title>\n<meta name=\"robots\" content=\"index, follow, max-snippet:-1, max-image-preview:large, max-video-preview:-1\" \/>\n<link rel=\"canonical\" href=\"https:\/\/franciscanos.org.br\/noticias\/a-psique-e-o-sagrado-entre-os-lancamentos-da-editora-vozes.html\" \/>\n<meta property=\"og:locale\" content=\"pt_BR\" \/>\n<meta property=\"og:type\" content=\"article\" \/>\n<meta property=\"og:title\" content=\"&quot;A psique e o sagrado&quot; entre os lan\u00e7amentos da Editora Vozes - Not\u00edcias - Franciscanos\" \/>\n<meta property=\"og:description\" content=\"Editora Vozes\" \/>\n<meta property=\"og:url\" content=\"https:\/\/franciscanos.org.br\/noticias\/a-psique-e-o-sagrado-entre-os-lancamentos-da-editora-vozes.html\" \/>\n<meta property=\"og:site_name\" content=\"Not\u00edcias - Franciscanos\" \/>\n<meta property=\"article:published_time\" content=\"2024-08-16T13:34:50+00:00\" \/>\n<meta property=\"article:modified_time\" content=\"2024-08-16T15:41:43+00:00\" \/>\n<meta property=\"og:image\" content=\"https:\/\/franciscanos.org.br\/noticias\/wp-content\/uploads\/2024\/08\/Vozes-800.png\" \/>\n\t<meta property=\"og:image:width\" content=\"1048\" \/>\n\t<meta property=\"og:image:height\" content=\"720\" \/>\n\t<meta property=\"og:image:type\" content=\"image\/png\" \/>\n<meta name=\"author\" content=\"jovenal\" \/>\n<meta name=\"twitter:card\" content=\"summary_large_image\" \/>\n<meta name=\"twitter:label1\" content=\"Escrito por\" \/>\n\t<meta name=\"twitter:data1\" content=\"jovenal\" \/>\n\t<meta name=\"twitter:label2\" content=\"Est. tempo de leitura\" \/>\n\t<meta name=\"twitter:data2\" content=\"7 minutos\" \/>\n<script type=\"application\/ld+json\" class=\"yoast-schema-graph\">{\"@context\":\"https:\/\/schema.org\",\"@graph\":[{\"@type\":\"WebSite\",\"@id\":\"https:\/\/franciscanos.org.br\/noticias\/#website\",\"url\":\"https:\/\/franciscanos.org.br\/noticias\/\",\"name\":\"Not\u00edcias - Franciscanos\",\"description\":\"Prov\u00edncia Franciscana da Imaculada Concei\u00e7\u00e3o do Brasil - Ordem dos Frades Menores - OFM\",\"potentialAction\":[{\"@type\":\"SearchAction\",\"target\":{\"@type\":\"EntryPoint\",\"urlTemplate\":\"https:\/\/franciscanos.org.br\/noticias\/?s={search_term_string}\"},\"query-input\":\"required name=search_term_string\"}],\"inLanguage\":\"pt-BR\"},{\"@type\":\"ImageObject\",\"inLanguage\":\"pt-BR\",\"@id\":\"https:\/\/franciscanos.org.br\/noticias\/a-psique-e-o-sagrado-entre-os-lancamentos-da-editora-vozes.html#primaryimage\",\"url\":\"https:\/\/franciscanos.org.br\/noticias\/wp-content\/uploads\/2024\/08\/Vozes-800.png\",\"contentUrl\":\"https:\/\/franciscanos.org.br\/noticias\/wp-content\/uploads\/2024\/08\/Vozes-800.png\",\"width\":1048,\"height\":720},{\"@type\":\"WebPage\",\"@id\":\"https:\/\/franciscanos.org.br\/noticias\/a-psique-e-o-sagrado-entre-os-lancamentos-da-editora-vozes.html#webpage\",\"url\":\"https:\/\/franciscanos.org.br\/noticias\/a-psique-e-o-sagrado-entre-os-lancamentos-da-editora-vozes.html\",\"name\":\"\\\"A psique e o sagrado\\\" entre os lan\u00e7amentos da Editora Vozes - Not\u00edcias - Franciscanos\",\"isPartOf\":{\"@id\":\"https:\/\/franciscanos.org.br\/noticias\/#website\"},\"primaryImageOfPage\":{\"@id\":\"https:\/\/franciscanos.org.br\/noticias\/a-psique-e-o-sagrado-entre-os-lancamentos-da-editora-vozes.html#primaryimage\"},\"datePublished\":\"2024-08-16T13:34:50+00:00\",\"dateModified\":\"2024-08-16T15:41:43+00:00\",\"author\":{\"@id\":\"https:\/\/franciscanos.org.br\/noticias\/#\/schema\/person\/c3a26b08313dd1772495ce300ab257cc\"},\"breadcrumb\":{\"@id\":\"https:\/\/franciscanos.org.br\/noticias\/a-psique-e-o-sagrado-entre-os-lancamentos-da-editora-vozes.html#breadcrumb\"},\"inLanguage\":\"pt-BR\",\"potentialAction\":[{\"@type\":\"ReadAction\",\"target\":[\"https:\/\/franciscanos.org.br\/noticias\/a-psique-e-o-sagrado-entre-os-lancamentos-da-editora-vozes.html\"]}]},{\"@type\":\"BreadcrumbList\",\"@id\":\"https:\/\/franciscanos.org.br\/noticias\/a-psique-e-o-sagrado-entre-os-lancamentos-da-editora-vozes.html#breadcrumb\",\"itemListElement\":[{\"@type\":\"ListItem\",\"position\":1,\"name\":\"Home\",\"item\":\"https:\/\/franciscanos.org.br\/noticias\"},{\"@type\":\"ListItem\",\"position\":2,\"name\":\"&#8220;A psique e o sagrado&#8221; entre os lan\u00e7amentos da Editora Vozes\"}]},{\"@type\":\"Person\",\"@id\":\"https:\/\/franciscanos.org.br\/noticias\/#\/schema\/person\/c3a26b08313dd1772495ce300ab257cc\",\"name\":\"jovenal\",\"image\":{\"@type\":\"ImageObject\",\"inLanguage\":\"pt-BR\",\"@id\":\"https:\/\/franciscanos.org.br\/noticias\/#\/schema\/person\/image\/\",\"url\":\"https:\/\/secure.gravatar.com\/avatar\/e94509f531086e2eaf97e72f29ea00f9?s=96&d=mm&r=g\",\"contentUrl\":\"https:\/\/secure.gravatar.com\/avatar\/e94509f531086e2eaf97e72f29ea00f9?s=96&d=mm&r=g\",\"caption\":\"jovenal\"},\"url\":\"https:\/\/franciscanos.org.br\/noticias\/author\/jovenal\"}]}<\/script>\n<!-- \/ Yoast SEO plugin. -->","yoast_head_json":{"title":"\"A psique e o sagrado\" entre os lan\u00e7amentos da Editora Vozes - Not\u00edcias - Franciscanos","robots":{"index":"index","follow":"follow","max-snippet":"max-snippet:-1","max-image-preview":"max-image-preview:large","max-video-preview":"max-video-preview:-1"},"canonical":"https:\/\/franciscanos.org.br\/noticias\/a-psique-e-o-sagrado-entre-os-lancamentos-da-editora-vozes.html","og_locale":"pt_BR","og_type":"article","og_title":"\"A psique e o sagrado\" entre os lan\u00e7amentos da Editora Vozes - Not\u00edcias - Franciscanos","og_description":"Editora Vozes","og_url":"https:\/\/franciscanos.org.br\/noticias\/a-psique-e-o-sagrado-entre-os-lancamentos-da-editora-vozes.html","og_site_name":"Not\u00edcias - Franciscanos","article_published_time":"2024-08-16T13:34:50+00:00","article_modified_time":"2024-08-16T15:41:43+00:00","og_image":[{"width":1048,"height":720,"url":"https:\/\/franciscanos.org.br\/noticias\/wp-content\/uploads\/2024\/08\/Vozes-800.png","type":"image\/png"}],"author":"jovenal","twitter_card":"summary_large_image","twitter_misc":{"Escrito por":"jovenal","Est. tempo de leitura":"7 minutos"},"schema":{"@context":"https:\/\/schema.org","@graph":[{"@type":"WebSite","@id":"https:\/\/franciscanos.org.br\/noticias\/#website","url":"https:\/\/franciscanos.org.br\/noticias\/","name":"Not\u00edcias - Franciscanos","description":"Prov\u00edncia Franciscana da Imaculada Concei\u00e7\u00e3o do Brasil - Ordem dos Frades Menores - OFM","potentialAction":[{"@type":"SearchAction","target":{"@type":"EntryPoint","urlTemplate":"https:\/\/franciscanos.org.br\/noticias\/?s={search_term_string}"},"query-input":"required name=search_term_string"}],"inLanguage":"pt-BR"},{"@type":"ImageObject","inLanguage":"pt-BR","@id":"https:\/\/franciscanos.org.br\/noticias\/a-psique-e-o-sagrado-entre-os-lancamentos-da-editora-vozes.html#primaryimage","url":"https:\/\/franciscanos.org.br\/noticias\/wp-content\/uploads\/2024\/08\/Vozes-800.png","contentUrl":"https:\/\/franciscanos.org.br\/noticias\/wp-content\/uploads\/2024\/08\/Vozes-800.png","width":1048,"height":720},{"@type":"WebPage","@id":"https:\/\/franciscanos.org.br\/noticias\/a-psique-e-o-sagrado-entre-os-lancamentos-da-editora-vozes.html#webpage","url":"https:\/\/franciscanos.org.br\/noticias\/a-psique-e-o-sagrado-entre-os-lancamentos-da-editora-vozes.html","name":"\"A psique e o sagrado\" entre os lan\u00e7amentos da Editora Vozes - Not\u00edcias - Franciscanos","isPartOf":{"@id":"https:\/\/franciscanos.org.br\/noticias\/#website"},"primaryImageOfPage":{"@id":"https:\/\/franciscanos.org.br\/noticias\/a-psique-e-o-sagrado-entre-os-lancamentos-da-editora-vozes.html#primaryimage"},"datePublished":"2024-08-16T13:34:50+00:00","dateModified":"2024-08-16T15:41:43+00:00","author":{"@id":"https:\/\/franciscanos.org.br\/noticias\/#\/schema\/person\/c3a26b08313dd1772495ce300ab257cc"},"breadcrumb":{"@id":"https:\/\/franciscanos.org.br\/noticias\/a-psique-e-o-sagrado-entre-os-lancamentos-da-editora-vozes.html#breadcrumb"},"inLanguage":"pt-BR","potentialAction":[{"@type":"ReadAction","target":["https:\/\/franciscanos.org.br\/noticias\/a-psique-e-o-sagrado-entre-os-lancamentos-da-editora-vozes.html"]}]},{"@type":"BreadcrumbList","@id":"https:\/\/franciscanos.org.br\/noticias\/a-psique-e-o-sagrado-entre-os-lancamentos-da-editora-vozes.html#breadcrumb","itemListElement":[{"@type":"ListItem","position":1,"name":"Home","item":"https:\/\/franciscanos.org.br\/noticias"},{"@type":"ListItem","position":2,"name":"&#8220;A psique e o sagrado&#8221; entre os lan\u00e7amentos da Editora Vozes"}]},{"@type":"Person","@id":"https:\/\/franciscanos.org.br\/noticias\/#\/schema\/person\/c3a26b08313dd1772495ce300ab257cc","name":"jovenal","image":{"@type":"ImageObject","inLanguage":"pt-BR","@id":"https:\/\/franciscanos.org.br\/noticias\/#\/schema\/person\/image\/","url":"https:\/\/secure.gravatar.com\/avatar\/e94509f531086e2eaf97e72f29ea00f9?s=96&d=mm&r=g","contentUrl":"https:\/\/secure.gravatar.com\/avatar\/e94509f531086e2eaf97e72f29ea00f9?s=96&d=mm&r=g","caption":"jovenal"},"url":"https:\/\/franciscanos.org.br\/noticias\/author\/jovenal"}]}},"_links":{"self":[{"href":"https:\/\/franciscanos.org.br\/noticias\/wp-json\/wp\/v2\/posts\/250169"}],"collection":[{"href":"https:\/\/franciscanos.org.br\/noticias\/wp-json\/wp\/v2\/posts"}],"about":[{"href":"https:\/\/franciscanos.org.br\/noticias\/wp-json\/wp\/v2\/types\/post"}],"author":[{"embeddable":true,"href":"https:\/\/franciscanos.org.br\/noticias\/wp-json\/wp\/v2\/users\/7"}],"replies":[{"embeddable":true,"href":"https:\/\/franciscanos.org.br\/noticias\/wp-json\/wp\/v2\/comments?post=250169"}],"version-history":[{"count":2,"href":"https:\/\/franciscanos.org.br\/noticias\/wp-json\/wp\/v2\/posts\/250169\/revisions"}],"predecessor-version":[{"id":250173,"href":"https:\/\/franciscanos.org.br\/noticias\/wp-json\/wp\/v2\/posts\/250169\/revisions\/250173"}],"wp:featuredmedia":[{"embeddable":true,"href":"https:\/\/franciscanos.org.br\/noticias\/wp-json\/wp\/v2\/media\/250171"}],"wp:attachment":[{"href":"https:\/\/franciscanos.org.br\/noticias\/wp-json\/wp\/v2\/media?parent=250169"}],"wp:term":[{"taxonomy":"category","embeddable":true,"href":"https:\/\/franciscanos.org.br\/noticias\/wp-json\/wp\/v2\/categories?post=250169"},{"taxonomy":"post_tag","embeddable":true,"href":"https:\/\/franciscanos.org.br\/noticias\/wp-json\/wp\/v2\/tags?post=250169"}],"curies":[{"name":"wp","href":"https:\/\/api.w.org\/{rel}","templated":true}]}}