{"id":250165,"date":"2024-08-16T10:55:10","date_gmt":"2024-08-16T13:55:10","guid":{"rendered":"https:\/\/franciscanos.org.br\/noticias\/?p=250165"},"modified":"2024-08-19T15:45:09","modified_gmt":"2024-08-19T18:45:09","slug":"reliquia-de-sao-benedito-no-santuario-frei-galvao","status":"publish","type":"post","link":"https:\/\/franciscanos.org.br\/noticias\/reliquia-de-sao-benedito-no-santuario-frei-galvao.html","title":{"rendered":"Rel\u00edquia de S\u00e3o Benedito no Santu\u00e1rio Frei Galv\u00e3o"},"content":{"rendered":"<p><img loading=\"lazy\" class=\"aligncenter wp-image-250166 size-full\" src=\"https:\/\/franciscanos.org.br\/noticias\/wp-content\/uploads\/2024\/08\/reliquia-de-sao-benedito-no-santuario-frei-galvao-66bebf786378f.jpeg\" alt=\"\" width=\"1080\" height=\"1080\" srcset=\"https:\/\/franciscanos.org.br\/noticias\/wp-content\/uploads\/2024\/08\/reliquia-de-sao-benedito-no-santuario-frei-galvao-66bebf786378f.jpeg 1080w, https:\/\/franciscanos.org.br\/noticias\/wp-content\/uploads\/2024\/08\/reliquia-de-sao-benedito-no-santuario-frei-galvao-66bebf786378f-450x450.jpeg 450w, https:\/\/franciscanos.org.br\/noticias\/wp-content\/uploads\/2024\/08\/reliquia-de-sao-benedito-no-santuario-frei-galvao-66bebf786378f-1024x1024.jpeg 1024w, https:\/\/franciscanos.org.br\/noticias\/wp-content\/uploads\/2024\/08\/reliquia-de-sao-benedito-no-santuario-frei-galvao-66bebf786378f-300x300.jpeg 300w, https:\/\/franciscanos.org.br\/noticias\/wp-content\/uploads\/2024\/08\/reliquia-de-sao-benedito-no-santuario-frei-galvao-66bebf786378f-768x768.jpeg 768w, https:\/\/franciscanos.org.br\/noticias\/wp-content\/uploads\/2024\/08\/reliquia-de-sao-benedito-no-santuario-frei-galvao-66bebf786378f-150x150.jpeg 150w, https:\/\/franciscanos.org.br\/noticias\/wp-content\/uploads\/2024\/08\/reliquia-de-sao-benedito-no-santuario-frei-galvao-66bebf786378f-100x100.jpeg 100w\" sizes=\"(max-width: 1080px) 100vw, 1080px\" \/><\/p>\n<p style=\"text-align: center;\"><em>A Rel\u00edquia de S\u00e3o Benedito, proveniente de Palermo (It\u00e1lia), ser\u00e1 exposta no Santu\u00e1rio Frei Galv\u00e3o no pr\u00f3ximo s\u00e1bado, dia 17. Haver\u00e1 missa \u00e0s 15h, e os fi\u00e9is s\u00e3o convidados para um momento de venera\u00e7\u00e3o ao objeto sagrado. O acontecimento se d\u00e1 pela comemora\u00e7\u00e3o dos 500 anos do nascimento do Santo franciscano.<\/em><\/p>\n<div>\n<div>S\u00e3o Benedito nasceu em 1524, na Sic\u00edlia (It\u00e1lia). Neste ano de 2024 \u00e9 comemorado em todo o mundo 500 anos do seu nascimento. Para esse jubileu, desde o in\u00edcio do ano, os frades franciscanos de Palermo (It\u00e1lia), est\u00e3o em peregrina\u00e7\u00e3o, levando consigo uma rel\u00edquia do santo, em alguns territ\u00f3rios da Am\u00e9rica Latina.<\/div>\n<div><\/div>\n<div>Segundo Frei Alvaci Mendes da Luz, frade brasileiro, historiador e pesquisador de S\u00e3o Benedito, que no momento acompanha os frades sicilianos nessa peregrina\u00e7\u00e3o pelo Brasil,\u00a0<i>\u201ca comemora\u00e7\u00e3o deste ano jubilar inclui jornadas de estudos, palestras, missas e peregrina\u00e7\u00f5es por algumas regi\u00f5es&#8230; Os frades italianos que trazem consigo essa rel\u00edquia, e j\u00e1 estiveram presentes na Venezuela, Peru. O \u00faltimo lugar est\u00e1 sendo o Brasil. Passando principalmente nos estados de S\u00e3o Paulo e Rio de Janeiro&#8221;.\u00a0<\/i><\/div>\n<div><\/div>\n<div><b>Qual rel\u00edquia est\u00e1 \u00e0 mostra dos devotos?<\/b><\/div>\n<div><b>\u00a0<\/b><\/div>\n<div>Nessa peregrina\u00e7\u00e3o as pessoas ver\u00e3o uma rel\u00edquia<i>\u00a0\u2018ex-corpore\u2019,<\/i>\u00a0isto \u00e9, um fragmento do corpo de S\u00e3o Benedito, um m\u00fasculo\u00a0<i>(ex-musculo)\u00a0<\/i>de cerca de 7 cent\u00edmetros. Este fragmento foi retirado do corpo do santo, que at\u00e9 ent\u00e3o esteve na Igreja de Santa Maria de Jesus, em Palermo (It\u00e1lia), antes do inc\u00eandio ocorrido em julho de 2023. O inc\u00eandio consumiu a igreja, afetando toda sua arte sacra, e inclusive o corpo de S\u00e3o Benedito que se encontrava neste espa\u00e7o. Por\u00e9m, o pequeno peda\u00e7o que todos ver\u00e3o, foi retirado antes do incidente. Era o sacramental de culto dos religiosos parmelitanos, preservado com eles.<\/div>\n<div><b>\u00a0<\/b><\/div>\n<div><b>As irmandades de S\u00e3o Beneditos s\u00e3o presenteadas com rel\u00edquias de primeiro grau<\/b><\/div>\n<div><b>\u00a0<\/b><\/div>\n<div>Algumas rel\u00edquias<i>\u00a0ex-corpore\u00a0<\/i>de S\u00e3o Benedito est\u00e3o sendo entregues para irmandades do Brasil. Este pedido foi feito ao Bispo de Palermo. As irmandades brasileiras dos estados de S\u00e3o Paulo e Rio de Janeiro foram as que solicitaram e prontamente atendidas pelo superior dicesano de Palermo. Essas rel\u00edquias s\u00e3o aut\u00eanticas e conferidas na sua proced\u00eancia e veracidade.<\/div>\n<div><b>\u00a0<\/b><\/div>\n<div><b>A mensagem de S\u00e3o Benedito para nossos dias<\/b><\/div>\n<div><\/div>\n<div>\u201cSanto obediente e humilde. Um frade franciscano que viveu no s\u00e9culo XVI o rigor, a austeridade e a pobreza (virtude). Por primeiro, viveu pobremente como eremita. Depois de um tempo, consagrou-se como frade franciscano. Foi cozinheiro, porteiro, mestre de novi\u00e7os e guardi\u00e3o. Apesar de n\u00e3o letrado e n\u00e3o sacerdote, foi exemplo para os outros religiosos, dado o grau de perfei\u00e7\u00e3o alcan\u00e7ado por sua dedica\u00e7\u00e3o na regra de vida\u201d, recorda Frei Alvaci.<\/div>\n<div><\/div>\n<div>H\u00e1 uma grande e eloquente identifica\u00e7\u00e3o das comunidade negras e pobres com o santo negro. Sua vida \u00e9 evocativa. Sua prote\u00e7\u00e3o \u00e9 certa. Um dos santos mais populares entre os cat\u00f3licos do Brasil. Padroeiro de par\u00f3quias, igrejas, capelas e at\u00e9 de santu\u00e1rios. A devo\u00e7\u00e3o do santo negro no Brasil tem preval\u00eancia entre congadas, confrarias e irmandades.<\/div>\n<div><\/div>\n<div><b>Devo\u00e7\u00e3o a S\u00e3o Benedito em Guaratinguet\u00e1<\/b><\/div>\n<div><\/div>\n<div>Na cidade de Guaratinguet\u00e1, os cat\u00f3licos celebram o santo mouro um dia ap\u00f3s a P\u00e1scoa. A data virou feriado municipal e festeja a venera\u00e7\u00e3o pelo santo que diz muito da piedade do interior e tamb\u00e9m da cultura local. Essa tradi\u00e7\u00e3o \u00e9 mantida h\u00e1 267 anos.<\/div>\n<div><\/div>\n<div><b>Lugares que a Rel\u00edquia passar\u00e1, ap\u00f3s o dia 17 de agosto<\/b><\/div>\n<div><\/div>\n<div><i>17\/08- 10h\u2013 Santa Missa no Santu\u00e1rio de S\u00e3o Miguel Arcanjo, Piquete (SP)<\/i><\/div>\n<div><i>17\/08- 15h\u2013 Santa Missa no Santu\u00e1rio Frei Galv\u00e3o, Guaratinguet\u00e1 (SP)<\/i><\/div>\n<div><i>18\/08-\u00a0 Chegada da rel\u00edquia ao Convento Santo Ant\u00f4nio, Largo da Carioca, Rio de Janeiro (RJ)<\/i><\/div>\n<div><i>18\/08-\u00a0 12h \u2013 Santa Missa na Igreja de Nossa Senhora do Ros\u00e1rio e S\u00e3o Benedito dos Homens Pretos, Rio de Janeiro (RJ)<\/i><\/div>\n<div><i>19\/08- Visita \u00e0 cidade de Angra dos Reis (RJ)<\/i><\/div>\n<div><i>20\/08- 10h \u2013 Santa Missa no Convento de Santo Ant\u00f4nio, no Largo da Carioca, Rio de Janeiro (RJ)<\/i><\/div>\n<div>\n<p><i><i>23\/08- Retorno da rel\u00edquia e dos frades italianos \u00e0 It\u00e1lia<\/i><\/i><\/p>\n<hr \/>\n<p>&nbsp;<\/p>\n<\/div>\n<div><i>\u00a0Fonte:<a href=\"https:\/\/www.santuariofreigalvao.com\/\"> https:\/\/www.santuariofreigalvao.com\/<\/a><\/i><\/div>\n<div><\/div>\n<div><\/div>\n<\/div>\n","protected":false},"excerpt":{"rendered":"<p>A Rel\u00edquia de S\u00e3o Benedito ser\u00e1 exposta no Santu\u00e1rio Frei Galv\u00e3o no pr\u00f3ximo s\u00e1bado, dia 17.<\/p>\n","protected":false},"author":10,"featured_media":250166,"comment_status":"open","ping_status":"open","sticky":false,"template":"","format":"standard","meta":[],"categories":[1],"tags":[2233],"acf":[],"yoast_head":"<!-- This site is optimized with the Yoast SEO plugin v19.2 - https:\/\/yoast.com\/wordpress\/plugins\/seo\/ -->\n<title>Rel\u00edquia de S\u00e3o Benedito no Santu\u00e1rio Frei Galv\u00e3o - Not\u00edcias - Franciscanos<\/title>\n<meta name=\"robots\" content=\"index, follow, max-snippet:-1, max-image-preview:large, max-video-preview:-1\" \/>\n<link rel=\"canonical\" href=\"https:\/\/franciscanos.org.br\/noticias\/reliquia-de-sao-benedito-no-santuario-frei-galvao.html\" \/>\n<meta property=\"og:locale\" content=\"pt_BR\" \/>\n<meta property=\"og:type\" content=\"article\" \/>\n<meta property=\"og:title\" content=\"Rel\u00edquia de S\u00e3o Benedito no Santu\u00e1rio Frei Galv\u00e3o - Not\u00edcias - Franciscanos\" \/>\n<meta property=\"og:description\" content=\"A Rel\u00edquia de S\u00e3o Benedito ser\u00e1 exposta no Santu\u00e1rio Frei Galv\u00e3o no pr\u00f3ximo s\u00e1bado, dia 17.\" \/>\n<meta property=\"og:url\" content=\"https:\/\/franciscanos.org.br\/noticias\/reliquia-de-sao-benedito-no-santuario-frei-galvao.html\" \/>\n<meta property=\"og:site_name\" content=\"Not\u00edcias - Franciscanos\" \/>\n<meta property=\"article:published_time\" content=\"2024-08-16T13:55:10+00:00\" \/>\n<meta property=\"article:modified_time\" content=\"2024-08-19T18:45:09+00:00\" \/>\n<meta property=\"og:image\" content=\"https:\/\/franciscanos.org.br\/noticias\/wp-content\/uploads\/2024\/08\/reliquia-de-sao-benedito-no-santuario-frei-galvao-66bebf786378f.jpeg\" \/>\n\t<meta property=\"og:image:width\" content=\"1080\" \/>\n\t<meta property=\"og:image:height\" content=\"1080\" \/>\n\t<meta property=\"og:image:type\" content=\"image\/jpeg\" \/>\n<meta name=\"author\" content=\"Jo\u00e3o Vitor\" \/>\n<meta name=\"twitter:card\" content=\"summary_large_image\" \/>\n<meta name=\"twitter:label1\" content=\"Escrito por\" \/>\n\t<meta name=\"twitter:data1\" content=\"Jo\u00e3o Vitor\" \/>\n\t<meta name=\"twitter:label2\" content=\"Est. tempo de leitura\" \/>\n\t<meta name=\"twitter:data2\" content=\"4 minutos\" \/>\n<script type=\"application\/ld+json\" class=\"yoast-schema-graph\">{\"@context\":\"https:\/\/schema.org\",\"@graph\":[{\"@type\":\"WebSite\",\"@id\":\"https:\/\/franciscanos.org.br\/noticias\/#website\",\"url\":\"https:\/\/franciscanos.org.br\/noticias\/\",\"name\":\"Not\u00edcias - Franciscanos\",\"description\":\"Prov\u00edncia Franciscana da Imaculada Concei\u00e7\u00e3o do Brasil - Ordem dos Frades Menores - OFM\",\"potentialAction\":[{\"@type\":\"SearchAction\",\"target\":{\"@type\":\"EntryPoint\",\"urlTemplate\":\"https:\/\/franciscanos.org.br\/noticias\/?s={search_term_string}\"},\"query-input\":\"required name=search_term_string\"}],\"inLanguage\":\"pt-BR\"},{\"@type\":\"ImageObject\",\"inLanguage\":\"pt-BR\",\"@id\":\"https:\/\/franciscanos.org.br\/noticias\/reliquia-de-sao-benedito-no-santuario-frei-galvao.html#primaryimage\",\"url\":\"https:\/\/franciscanos.org.br\/noticias\/wp-content\/uploads\/2024\/08\/reliquia-de-sao-benedito-no-santuario-frei-galvao-66bebf786378f.jpeg\",\"contentUrl\":\"https:\/\/franciscanos.org.br\/noticias\/wp-content\/uploads\/2024\/08\/reliquia-de-sao-benedito-no-santuario-frei-galvao-66bebf786378f.jpeg\",\"width\":1080,\"height\":1080},{\"@type\":\"WebPage\",\"@id\":\"https:\/\/franciscanos.org.br\/noticias\/reliquia-de-sao-benedito-no-santuario-frei-galvao.html#webpage\",\"url\":\"https:\/\/franciscanos.org.br\/noticias\/reliquia-de-sao-benedito-no-santuario-frei-galvao.html\",\"name\":\"Rel\u00edquia de S\u00e3o Benedito no Santu\u00e1rio Frei Galv\u00e3o - Not\u00edcias - Franciscanos\",\"isPartOf\":{\"@id\":\"https:\/\/franciscanos.org.br\/noticias\/#website\"},\"primaryImageOfPage\":{\"@id\":\"https:\/\/franciscanos.org.br\/noticias\/reliquia-de-sao-benedito-no-santuario-frei-galvao.html#primaryimage\"},\"datePublished\":\"2024-08-16T13:55:10+00:00\",\"dateModified\":\"2024-08-19T18:45:09+00:00\",\"author\":{\"@id\":\"https:\/\/franciscanos.org.br\/noticias\/#\/schema\/person\/8c11f06a466b856a11dd48d20600055f\"},\"breadcrumb\":{\"@id\":\"https:\/\/franciscanos.org.br\/noticias\/reliquia-de-sao-benedito-no-santuario-frei-galvao.html#breadcrumb\"},\"inLanguage\":\"pt-BR\",\"potentialAction\":[{\"@type\":\"ReadAction\",\"target\":[\"https:\/\/franciscanos.org.br\/noticias\/reliquia-de-sao-benedito-no-santuario-frei-galvao.html\"]}]},{\"@type\":\"BreadcrumbList\",\"@id\":\"https:\/\/franciscanos.org.br\/noticias\/reliquia-de-sao-benedito-no-santuario-frei-galvao.html#breadcrumb\",\"itemListElement\":[{\"@type\":\"ListItem\",\"position\":1,\"name\":\"Home\",\"item\":\"https:\/\/franciscanos.org.br\/noticias\"},{\"@type\":\"ListItem\",\"position\":2,\"name\":\"Rel\u00edquia de S\u00e3o Benedito no Santu\u00e1rio Frei Galv\u00e3o\"}]},{\"@type\":\"Person\",\"@id\":\"https:\/\/franciscanos.org.br\/noticias\/#\/schema\/person\/8c11f06a466b856a11dd48d20600055f\",\"name\":\"Jo\u00e3o Vitor\",\"image\":{\"@type\":\"ImageObject\",\"inLanguage\":\"pt-BR\",\"@id\":\"https:\/\/franciscanos.org.br\/noticias\/#\/schema\/person\/image\/\",\"url\":\"https:\/\/secure.gravatar.com\/avatar\/10ba5c9713e0c323617b4309a19e3a46?s=96&d=mm&r=g\",\"contentUrl\":\"https:\/\/secure.gravatar.com\/avatar\/10ba5c9713e0c323617b4309a19e3a46?s=96&d=mm&r=g\",\"caption\":\"Jo\u00e3o Vitor\"},\"url\":\"https:\/\/franciscanos.org.br\/noticias\/author\/joaovitor\"}]}<\/script>\n<!-- \/ Yoast SEO plugin. -->","yoast_head_json":{"title":"Rel\u00edquia de S\u00e3o Benedito no Santu\u00e1rio Frei Galv\u00e3o - Not\u00edcias - Franciscanos","robots":{"index":"index","follow":"follow","max-snippet":"max-snippet:-1","max-image-preview":"max-image-preview:large","max-video-preview":"max-video-preview:-1"},"canonical":"https:\/\/franciscanos.org.br\/noticias\/reliquia-de-sao-benedito-no-santuario-frei-galvao.html","og_locale":"pt_BR","og_type":"article","og_title":"Rel\u00edquia de S\u00e3o Benedito no Santu\u00e1rio Frei Galv\u00e3o - Not\u00edcias - Franciscanos","og_description":"A Rel\u00edquia de S\u00e3o Benedito ser\u00e1 exposta no Santu\u00e1rio Frei Galv\u00e3o no pr\u00f3ximo s\u00e1bado, dia 17.","og_url":"https:\/\/franciscanos.org.br\/noticias\/reliquia-de-sao-benedito-no-santuario-frei-galvao.html","og_site_name":"Not\u00edcias - Franciscanos","article_published_time":"2024-08-16T13:55:10+00:00","article_modified_time":"2024-08-19T18:45:09+00:00","og_image":[{"width":1080,"height":1080,"url":"https:\/\/franciscanos.org.br\/noticias\/wp-content\/uploads\/2024\/08\/reliquia-de-sao-benedito-no-santuario-frei-galvao-66bebf786378f.jpeg","type":"image\/jpeg"}],"author":"Jo\u00e3o Vitor","twitter_card":"summary_large_image","twitter_misc":{"Escrito por":"Jo\u00e3o Vitor","Est. tempo de leitura":"4 minutos"},"schema":{"@context":"https:\/\/schema.org","@graph":[{"@type":"WebSite","@id":"https:\/\/franciscanos.org.br\/noticias\/#website","url":"https:\/\/franciscanos.org.br\/noticias\/","name":"Not\u00edcias - Franciscanos","description":"Prov\u00edncia Franciscana da Imaculada Concei\u00e7\u00e3o do Brasil - Ordem dos Frades Menores - OFM","potentialAction":[{"@type":"SearchAction","target":{"@type":"EntryPoint","urlTemplate":"https:\/\/franciscanos.org.br\/noticias\/?s={search_term_string}"},"query-input":"required name=search_term_string"}],"inLanguage":"pt-BR"},{"@type":"ImageObject","inLanguage":"pt-BR","@id":"https:\/\/franciscanos.org.br\/noticias\/reliquia-de-sao-benedito-no-santuario-frei-galvao.html#primaryimage","url":"https:\/\/franciscanos.org.br\/noticias\/wp-content\/uploads\/2024\/08\/reliquia-de-sao-benedito-no-santuario-frei-galvao-66bebf786378f.jpeg","contentUrl":"https:\/\/franciscanos.org.br\/noticias\/wp-content\/uploads\/2024\/08\/reliquia-de-sao-benedito-no-santuario-frei-galvao-66bebf786378f.jpeg","width":1080,"height":1080},{"@type":"WebPage","@id":"https:\/\/franciscanos.org.br\/noticias\/reliquia-de-sao-benedito-no-santuario-frei-galvao.html#webpage","url":"https:\/\/franciscanos.org.br\/noticias\/reliquia-de-sao-benedito-no-santuario-frei-galvao.html","name":"Rel\u00edquia de S\u00e3o Benedito no Santu\u00e1rio Frei Galv\u00e3o - Not\u00edcias - Franciscanos","isPartOf":{"@id":"https:\/\/franciscanos.org.br\/noticias\/#website"},"primaryImageOfPage":{"@id":"https:\/\/franciscanos.org.br\/noticias\/reliquia-de-sao-benedito-no-santuario-frei-galvao.html#primaryimage"},"datePublished":"2024-08-16T13:55:10+00:00","dateModified":"2024-08-19T18:45:09+00:00","author":{"@id":"https:\/\/franciscanos.org.br\/noticias\/#\/schema\/person\/8c11f06a466b856a11dd48d20600055f"},"breadcrumb":{"@id":"https:\/\/franciscanos.org.br\/noticias\/reliquia-de-sao-benedito-no-santuario-frei-galvao.html#breadcrumb"},"inLanguage":"pt-BR","potentialAction":[{"@type":"ReadAction","target":["https:\/\/franciscanos.org.br\/noticias\/reliquia-de-sao-benedito-no-santuario-frei-galvao.html"]}]},{"@type":"BreadcrumbList","@id":"https:\/\/franciscanos.org.br\/noticias\/reliquia-de-sao-benedito-no-santuario-frei-galvao.html#breadcrumb","itemListElement":[{"@type":"ListItem","position":1,"name":"Home","item":"https:\/\/franciscanos.org.br\/noticias"},{"@type":"ListItem","position":2,"name":"Rel\u00edquia de S\u00e3o Benedito no Santu\u00e1rio Frei Galv\u00e3o"}]},{"@type":"Person","@id":"https:\/\/franciscanos.org.br\/noticias\/#\/schema\/person\/8c11f06a466b856a11dd48d20600055f","name":"Jo\u00e3o Vitor","image":{"@type":"ImageObject","inLanguage":"pt-BR","@id":"https:\/\/franciscanos.org.br\/noticias\/#\/schema\/person\/image\/","url":"https:\/\/secure.gravatar.com\/avatar\/10ba5c9713e0c323617b4309a19e3a46?s=96&d=mm&r=g","contentUrl":"https:\/\/secure.gravatar.com\/avatar\/10ba5c9713e0c323617b4309a19e3a46?s=96&d=mm&r=g","caption":"Jo\u00e3o Vitor"},"url":"https:\/\/franciscanos.org.br\/noticias\/author\/joaovitor"}]}},"_links":{"self":[{"href":"https:\/\/franciscanos.org.br\/noticias\/wp-json\/wp\/v2\/posts\/250165"}],"collection":[{"href":"https:\/\/franciscanos.org.br\/noticias\/wp-json\/wp\/v2\/posts"}],"about":[{"href":"https:\/\/franciscanos.org.br\/noticias\/wp-json\/wp\/v2\/types\/post"}],"author":[{"embeddable":true,"href":"https:\/\/franciscanos.org.br\/noticias\/wp-json\/wp\/v2\/users\/10"}],"replies":[{"embeddable":true,"href":"https:\/\/franciscanos.org.br\/noticias\/wp-json\/wp\/v2\/comments?post=250165"}],"version-history":[{"count":5,"href":"https:\/\/franciscanos.org.br\/noticias\/wp-json\/wp\/v2\/posts\/250165\/revisions"}],"predecessor-version":[{"id":250208,"href":"https:\/\/franciscanos.org.br\/noticias\/wp-json\/wp\/v2\/posts\/250165\/revisions\/250208"}],"wp:featuredmedia":[{"embeddable":true,"href":"https:\/\/franciscanos.org.br\/noticias\/wp-json\/wp\/v2\/media\/250166"}],"wp:attachment":[{"href":"https:\/\/franciscanos.org.br\/noticias\/wp-json\/wp\/v2\/media?parent=250165"}],"wp:term":[{"taxonomy":"category","embeddable":true,"href":"https:\/\/franciscanos.org.br\/noticias\/wp-json\/wp\/v2\/categories?post=250165"},{"taxonomy":"post_tag","embeddable":true,"href":"https:\/\/franciscanos.org.br\/noticias\/wp-json\/wp\/v2\/tags?post=250165"}],"curies":[{"name":"wp","href":"https:\/\/api.w.org\/{rel}","templated":true}]}}