{"id":250126,"date":"2024-08-13T09:23:28","date_gmt":"2024-08-13T12:23:28","guid":{"rendered":"https:\/\/franciscanos.org.br\/noticias\/?p=250126"},"modified":"2024-08-13T17:15:10","modified_gmt":"2024-08-13T20:15:10","slug":"santa-dulce-lopes-pontes-1914-%e2%80%a01992","status":"publish","type":"post","link":"https:\/\/franciscanos.org.br\/noticias\/santa-dulce-lopes-pontes-1914-%e2%80%a01992.html","title":{"rendered":"Santa Dulce Lopes Pontes (*1914 &#8211; \u20201992)"},"content":{"rendered":"<p><img loading=\"lazy\" class=\"aligncenter wp-image-250127 size-full\" src=\"https:\/\/franciscanos.org.br\/noticias\/wp-content\/uploads\/2024\/08\/irma-dulce-12.jpg\" alt=\"\" width=\"1280\" height=\"720\" srcset=\"https:\/\/franciscanos.org.br\/noticias\/wp-content\/uploads\/2024\/08\/irma-dulce-12.jpg 1280w, https:\/\/franciscanos.org.br\/noticias\/wp-content\/uploads\/2024\/08\/irma-dulce-12-450x253.jpg 450w, https:\/\/franciscanos.org.br\/noticias\/wp-content\/uploads\/2024\/08\/irma-dulce-12-1024x576.jpg 1024w, https:\/\/franciscanos.org.br\/noticias\/wp-content\/uploads\/2024\/08\/irma-dulce-12-768x432.jpg 768w, https:\/\/franciscanos.org.br\/noticias\/wp-content\/uploads\/2024\/08\/irma-dulce-12-150x84.jpg 150w\" sizes=\"(max-width: 1280px) 100vw, 1280px\" \/><\/p>\n<p><em>Irm\u00e3 Dulce dos Pobres, m\u00edstica brasileira, tamb\u00e9m conhecida como \u201cAnjo bom da Bahia\u201d, tinha como lema \u201cAmar e Servir\u201d: fez da sua exist\u00eancia um instrumento vivo de f\u00e9, amor e servi\u00e7o aos indigentes e enfermos.<\/em><\/p>\n<p>A Igreja Cat\u00f3lica recorda hoje Santa Dulce Lopes Pontes, tamb\u00e9m chamada de &#8220;Anjo bom da Bahia&#8221;, a &#8220;Irm\u00e3 Dulce dos pobres&#8221;.<\/p>\n<p>Maria Rita nasceu em 26 de maio de 1914, na freguesia de Santo Ant\u00f4nio Al\u00e9m do Carmo, em Salvador, Bahia, segunda filha do cirurgi\u00e3o dentista Augusto Lopes Pontes, professor de Odontologia, e Dona Dulce Maria de Souza. Foi batizada com o nome de Maria Rita de Souza Brito Lopes Pontes.<\/p>\n<p>A menina era muito alegre, adorava brincar de boneca, empinar arraia e tinha especial predile\u00e7\u00e3o pelo futebol. De fato, era torcedora do Esporte Clube Ypiranga, time da classe oper\u00e1ria e exclu\u00eddos da sociedade.<\/p>\n<p>Em 1921, aos sete anos, ficou \u00f3rf\u00e3 de sua m\u00e3e, falecida com apenas 26 anos de idade. No ano seguinte, junto com seus irm\u00e3os, Augusto e Dulcinha, fez a Primeira Comunh\u00e3o na igreja de Santo Ant\u00f4nio Al\u00e9m do Carmo.<\/p>\n<p>Aos 13 anos, gra\u00e7as \u00e0 influ\u00eancia da sua fam\u00edlia e ao seu senso de justi\u00e7a, a jovenzinha passou a acolher mendigos e doentes em sua casa, transformando-a em um pequeno \u201ccentro de atendimento\u201d, que ficou conhecido como \u201cPortaria de S\u00e3o Francisco\u201d. Na \u00e9poca, ao visitar com sua tia, a periferia da cidade, bairros onde moravam os pobres e exclu\u00eddos, Maria Rita come\u00e7ou a manifestar, pela primeira vez, o desejo de dedicar-se \u00e0 vida religiosa.<\/p>\n<p><strong>Irm\u00e3 Dulce e suas numerosas atividades<\/strong><\/p>\n<p>Em 8 de fevereiro de 1933, ap\u00f3s sua formatura em Magist\u00e9rio, Maria Rita entrou para a <strong>Congrega\u00e7\u00e3o das Irm\u00e3s Mission\u00e1rias da Imaculada Concei\u00e7\u00e3o da M\u00e3e de Deus<\/strong>, em S\u00e3o Crist\u00f3v\u00e3o, Sergipe, onde recebeu o h\u00e1bito religioso, mudando seu nome para Irm\u00e3 Dulce, em homenagem \u00e0 sua m\u00e3e.<\/p>\n<p>A primeira miss\u00e3o de Irm\u00e3 Dulce como religiosa foi ensinar em um col\u00e9gio, mantido pela sua Congrega\u00e7\u00e3o, no bairro da Massaranduba, Cidade Baixa de Salvador. Mas, seu pensamento estava sempre voltado para o trabalho com os pobres.<\/p>\n<p>Em 1935, come\u00e7ou a dar assist\u00eancia \u00e0 comunidade pobre de Alagados, conjunto de palafitas no bairro de Itapagipe, onde moravam numerosos trabalhadores. Ali, deu in\u00edcio a um posto m\u00e9dico, que, em 1936, se tornou \u201cUni\u00e3o Oper\u00e1ria S\u00e3o Francisco\u201d, a primeira organiza\u00e7\u00e3o cat\u00f3lica do estado, que, depois, se transformou em \u201cC\u00edrculo Oper\u00e1rio da Bahia\u201d, fundado em 1937, com Frei Hildebrando Kruthaup. Dois anos depois, Irm\u00e3 Dulce inaugurou o \u201cCol\u00e9gio Santo Ant\u00f4nio\u201d, uma escola p\u00fablica para oper\u00e1rios e seus filhos, no bairro da Massaranduba.<\/p>\n<p><strong>Rel\u00edquias da \u201cMadre Teresa do Brasil\u201d<\/strong><\/p>\n<p>A causa da Canoniza\u00e7\u00e3o de Irm\u00e3 Dulce teve in\u00edcio em janeiro de 2000. Seus restos mortais, que, desde 1992 &#8211; ano de seu falecimento \u2013 jaziam na igreja da Concei\u00e7\u00e3o da Praia, foram transladados para a Capela do Convento Santo Ant\u00f4nio, sede das Obras Sociais Irm\u00e3 Dulce (OSID), em Salvador.<\/p>\n<p>A Congrega\u00e7\u00e3o das Causa dos Santos, ap\u00f3s a\u00a0<i>Positio<\/i>, documento can\u00f4nico sobre os dados biogr\u00e1ficos, virtudes e testemunhos do processo de canoniza\u00e7\u00e3o, definiu a santa \u201cMadre Teresa do Brasil\u201d como a \u201cMadre Teresa de Calcut\u00e1\u201d, \u201cconforto para os pobres e exame de consci\u00eancia para os ricos\u201d.<\/p>\n<p>No dia 9 de junho de 2010, deu-se a exuma\u00e7\u00e3o e translado das rel\u00edquias da Irm\u00e3 Dulce para a Capela definitiva, na Igreja da Imaculada Concei\u00e7\u00e3o da M\u00e3e de Deus, hoje, Santu\u00e1rio Santa Dulce dos Pobres, situado ao lado da sede da OSID (Obras Sociais Irm\u00e3 Dulce), lugar onde a santa havia fundado o C\u00edrculo Oper\u00e1rio da Bahia, na d\u00e9cada de 40. Ali, se encontra o t\u00famulo da M\u00e3e dos Pobres, lugar de devo\u00e7\u00e3o e f\u00e9.<\/p>\n<p>Em setembro de 2019, por ocasi\u00e3o da sua Canoniza\u00e7\u00e3o, presidida pelo Papa Francisco, o local foi reformado, ganhando um t\u00famulo de vidro com uma ef\u00edgie, em tamanho real, da Santa Dulce dos Pobres.<\/p>\n<p><strong>Obras sociais \u201cIrm\u00e3 Dulce\u201d<\/strong><\/p>\n<p><i>Maria Rita Pontes, sobrinha da Irm\u00e3 Dulce, escreveu uma biografia sobre sua tia, na qual destaca os exemplos de bondade, caridade e amor ao pr\u00f3ximo da \u201cM\u00e3e dos Pobres\u201d.<\/i><\/p>\n<hr \/>\n<p><em>Vatican News<\/em><\/p>\n","protected":false},"excerpt":{"rendered":"<p>Santa Dulce dos Pobres<\/p>\n","protected":false},"author":11,"featured_media":250127,"comment_status":"open","ping_status":"open","sticky":false,"template":"","format":"standard","meta":[],"categories":[1],"tags":[2237,1452],"acf":[],"yoast_head":"<!-- This site is optimized with the Yoast SEO plugin v19.2 - https:\/\/yoast.com\/wordpress\/plugins\/seo\/ -->\n<title>Santa Dulce Lopes Pontes (*1914 - \u20201992) - Not\u00edcias - Franciscanos<\/title>\n<meta name=\"robots\" content=\"index, follow, max-snippet:-1, max-image-preview:large, max-video-preview:-1\" \/>\n<link rel=\"canonical\" href=\"https:\/\/franciscanos.org.br\/noticias\/santa-dulce-lopes-pontes-1914-\u20201992.html\" \/>\n<meta property=\"og:locale\" content=\"pt_BR\" \/>\n<meta property=\"og:type\" content=\"article\" \/>\n<meta property=\"og:title\" content=\"Santa Dulce Lopes Pontes (*1914 - \u20201992) - Not\u00edcias - Franciscanos\" \/>\n<meta property=\"og:description\" content=\"Santa Dulce dos Pobres\" \/>\n<meta property=\"og:url\" content=\"https:\/\/franciscanos.org.br\/noticias\/santa-dulce-lopes-pontes-1914-\u20201992.html\" \/>\n<meta property=\"og:site_name\" content=\"Not\u00edcias - Franciscanos\" \/>\n<meta property=\"article:published_time\" content=\"2024-08-13T12:23:28+00:00\" \/>\n<meta property=\"article:modified_time\" content=\"2024-08-13T20:15:10+00:00\" \/>\n<meta property=\"og:image\" content=\"https:\/\/franciscanos.org.br\/noticias\/wp-content\/uploads\/2024\/08\/irma-dulce-12.jpg\" \/>\n\t<meta property=\"og:image:width\" content=\"1280\" \/>\n\t<meta property=\"og:image:height\" content=\"720\" \/>\n\t<meta property=\"og:image:type\" content=\"image\/jpeg\" \/>\n<meta name=\"author\" content=\"Adriana Rabelo\" \/>\n<meta name=\"twitter:card\" content=\"summary_large_image\" \/>\n<meta name=\"twitter:label1\" content=\"Escrito por\" \/>\n\t<meta name=\"twitter:data1\" content=\"Adriana Rabelo\" \/>\n\t<meta name=\"twitter:label2\" content=\"Est. tempo de leitura\" \/>\n\t<meta name=\"twitter:data2\" content=\"4 minutos\" \/>\n<script type=\"application\/ld+json\" class=\"yoast-schema-graph\">{\"@context\":\"https:\/\/schema.org\",\"@graph\":[{\"@type\":\"WebSite\",\"@id\":\"https:\/\/franciscanos.org.br\/noticias\/#website\",\"url\":\"https:\/\/franciscanos.org.br\/noticias\/\",\"name\":\"Not\u00edcias - Franciscanos\",\"description\":\"Prov\u00edncia Franciscana da Imaculada Concei\u00e7\u00e3o do Brasil - Ordem dos Frades Menores - OFM\",\"potentialAction\":[{\"@type\":\"SearchAction\",\"target\":{\"@type\":\"EntryPoint\",\"urlTemplate\":\"https:\/\/franciscanos.org.br\/noticias\/?s={search_term_string}\"},\"query-input\":\"required name=search_term_string\"}],\"inLanguage\":\"pt-BR\"},{\"@type\":\"ImageObject\",\"inLanguage\":\"pt-BR\",\"@id\":\"https:\/\/franciscanos.org.br\/noticias\/santa-dulce-lopes-pontes-1914-%e2%80%a01992.html#primaryimage\",\"url\":\"https:\/\/franciscanos.org.br\/noticias\/wp-content\/uploads\/2024\/08\/irma-dulce-12.jpg\",\"contentUrl\":\"https:\/\/franciscanos.org.br\/noticias\/wp-content\/uploads\/2024\/08\/irma-dulce-12.jpg\",\"width\":1280,\"height\":720},{\"@type\":\"WebPage\",\"@id\":\"https:\/\/franciscanos.org.br\/noticias\/santa-dulce-lopes-pontes-1914-%e2%80%a01992.html#webpage\",\"url\":\"https:\/\/franciscanos.org.br\/noticias\/santa-dulce-lopes-pontes-1914-%e2%80%a01992.html\",\"name\":\"Santa Dulce Lopes Pontes (*1914 - \u20201992) - Not\u00edcias - Franciscanos\",\"isPartOf\":{\"@id\":\"https:\/\/franciscanos.org.br\/noticias\/#website\"},\"primaryImageOfPage\":{\"@id\":\"https:\/\/franciscanos.org.br\/noticias\/santa-dulce-lopes-pontes-1914-%e2%80%a01992.html#primaryimage\"},\"datePublished\":\"2024-08-13T12:23:28+00:00\",\"dateModified\":\"2024-08-13T20:15:10+00:00\",\"author\":{\"@id\":\"https:\/\/franciscanos.org.br\/noticias\/#\/schema\/person\/d9422e83121c3ad3b0f423d195f5bb25\"},\"breadcrumb\":{\"@id\":\"https:\/\/franciscanos.org.br\/noticias\/santa-dulce-lopes-pontes-1914-%e2%80%a01992.html#breadcrumb\"},\"inLanguage\":\"pt-BR\",\"potentialAction\":[{\"@type\":\"ReadAction\",\"target\":[\"https:\/\/franciscanos.org.br\/noticias\/santa-dulce-lopes-pontes-1914-%e2%80%a01992.html\"]}]},{\"@type\":\"BreadcrumbList\",\"@id\":\"https:\/\/franciscanos.org.br\/noticias\/santa-dulce-lopes-pontes-1914-%e2%80%a01992.html#breadcrumb\",\"itemListElement\":[{\"@type\":\"ListItem\",\"position\":1,\"name\":\"Home\",\"item\":\"https:\/\/franciscanos.org.br\/noticias\"},{\"@type\":\"ListItem\",\"position\":2,\"name\":\"Santa Dulce Lopes Pontes (*1914 &#8211; \u20201992)\"}]},{\"@type\":\"Person\",\"@id\":\"https:\/\/franciscanos.org.br\/noticias\/#\/schema\/person\/d9422e83121c3ad3b0f423d195f5bb25\",\"name\":\"Adriana Rabelo\",\"image\":{\"@type\":\"ImageObject\",\"inLanguage\":\"pt-BR\",\"@id\":\"https:\/\/franciscanos.org.br\/noticias\/#\/schema\/person\/image\/\",\"url\":\"https:\/\/secure.gravatar.com\/avatar\/0a937b7500cd7df77540cfb8bede877d?s=96&d=mm&r=g\",\"contentUrl\":\"https:\/\/secure.gravatar.com\/avatar\/0a937b7500cd7df77540cfb8bede877d?s=96&d=mm&r=g\",\"caption\":\"Adriana Rabelo\"},\"url\":\"https:\/\/franciscanos.org.br\/noticias\/author\/adrianarabelo\"}]}<\/script>\n<!-- \/ Yoast SEO plugin. -->","yoast_head_json":{"title":"Santa Dulce Lopes Pontes (*1914 - \u20201992) - Not\u00edcias - Franciscanos","robots":{"index":"index","follow":"follow","max-snippet":"max-snippet:-1","max-image-preview":"max-image-preview:large","max-video-preview":"max-video-preview:-1"},"canonical":"https:\/\/franciscanos.org.br\/noticias\/santa-dulce-lopes-pontes-1914-\u20201992.html","og_locale":"pt_BR","og_type":"article","og_title":"Santa Dulce Lopes Pontes (*1914 - \u20201992) - Not\u00edcias - Franciscanos","og_description":"Santa Dulce dos Pobres","og_url":"https:\/\/franciscanos.org.br\/noticias\/santa-dulce-lopes-pontes-1914-\u20201992.html","og_site_name":"Not\u00edcias - Franciscanos","article_published_time":"2024-08-13T12:23:28+00:00","article_modified_time":"2024-08-13T20:15:10+00:00","og_image":[{"width":1280,"height":720,"url":"https:\/\/franciscanos.org.br\/noticias\/wp-content\/uploads\/2024\/08\/irma-dulce-12.jpg","type":"image\/jpeg"}],"author":"Adriana Rabelo","twitter_card":"summary_large_image","twitter_misc":{"Escrito por":"Adriana Rabelo","Est. tempo de leitura":"4 minutos"},"schema":{"@context":"https:\/\/schema.org","@graph":[{"@type":"WebSite","@id":"https:\/\/franciscanos.org.br\/noticias\/#website","url":"https:\/\/franciscanos.org.br\/noticias\/","name":"Not\u00edcias - Franciscanos","description":"Prov\u00edncia Franciscana da Imaculada Concei\u00e7\u00e3o do Brasil - Ordem dos Frades Menores - OFM","potentialAction":[{"@type":"SearchAction","target":{"@type":"EntryPoint","urlTemplate":"https:\/\/franciscanos.org.br\/noticias\/?s={search_term_string}"},"query-input":"required name=search_term_string"}],"inLanguage":"pt-BR"},{"@type":"ImageObject","inLanguage":"pt-BR","@id":"https:\/\/franciscanos.org.br\/noticias\/santa-dulce-lopes-pontes-1914-%e2%80%a01992.html#primaryimage","url":"https:\/\/franciscanos.org.br\/noticias\/wp-content\/uploads\/2024\/08\/irma-dulce-12.jpg","contentUrl":"https:\/\/franciscanos.org.br\/noticias\/wp-content\/uploads\/2024\/08\/irma-dulce-12.jpg","width":1280,"height":720},{"@type":"WebPage","@id":"https:\/\/franciscanos.org.br\/noticias\/santa-dulce-lopes-pontes-1914-%e2%80%a01992.html#webpage","url":"https:\/\/franciscanos.org.br\/noticias\/santa-dulce-lopes-pontes-1914-%e2%80%a01992.html","name":"Santa Dulce Lopes Pontes (*1914 - \u20201992) - Not\u00edcias - Franciscanos","isPartOf":{"@id":"https:\/\/franciscanos.org.br\/noticias\/#website"},"primaryImageOfPage":{"@id":"https:\/\/franciscanos.org.br\/noticias\/santa-dulce-lopes-pontes-1914-%e2%80%a01992.html#primaryimage"},"datePublished":"2024-08-13T12:23:28+00:00","dateModified":"2024-08-13T20:15:10+00:00","author":{"@id":"https:\/\/franciscanos.org.br\/noticias\/#\/schema\/person\/d9422e83121c3ad3b0f423d195f5bb25"},"breadcrumb":{"@id":"https:\/\/franciscanos.org.br\/noticias\/santa-dulce-lopes-pontes-1914-%e2%80%a01992.html#breadcrumb"},"inLanguage":"pt-BR","potentialAction":[{"@type":"ReadAction","target":["https:\/\/franciscanos.org.br\/noticias\/santa-dulce-lopes-pontes-1914-%e2%80%a01992.html"]}]},{"@type":"BreadcrumbList","@id":"https:\/\/franciscanos.org.br\/noticias\/santa-dulce-lopes-pontes-1914-%e2%80%a01992.html#breadcrumb","itemListElement":[{"@type":"ListItem","position":1,"name":"Home","item":"https:\/\/franciscanos.org.br\/noticias"},{"@type":"ListItem","position":2,"name":"Santa Dulce Lopes Pontes (*1914 &#8211; \u20201992)"}]},{"@type":"Person","@id":"https:\/\/franciscanos.org.br\/noticias\/#\/schema\/person\/d9422e83121c3ad3b0f423d195f5bb25","name":"Adriana Rabelo","image":{"@type":"ImageObject","inLanguage":"pt-BR","@id":"https:\/\/franciscanos.org.br\/noticias\/#\/schema\/person\/image\/","url":"https:\/\/secure.gravatar.com\/avatar\/0a937b7500cd7df77540cfb8bede877d?s=96&d=mm&r=g","contentUrl":"https:\/\/secure.gravatar.com\/avatar\/0a937b7500cd7df77540cfb8bede877d?s=96&d=mm&r=g","caption":"Adriana Rabelo"},"url":"https:\/\/franciscanos.org.br\/noticias\/author\/adrianarabelo"}]}},"_links":{"self":[{"href":"https:\/\/franciscanos.org.br\/noticias\/wp-json\/wp\/v2\/posts\/250126"}],"collection":[{"href":"https:\/\/franciscanos.org.br\/noticias\/wp-json\/wp\/v2\/posts"}],"about":[{"href":"https:\/\/franciscanos.org.br\/noticias\/wp-json\/wp\/v2\/types\/post"}],"author":[{"embeddable":true,"href":"https:\/\/franciscanos.org.br\/noticias\/wp-json\/wp\/v2\/users\/11"}],"replies":[{"embeddable":true,"href":"https:\/\/franciscanos.org.br\/noticias\/wp-json\/wp\/v2\/comments?post=250126"}],"version-history":[{"count":1,"href":"https:\/\/franciscanos.org.br\/noticias\/wp-json\/wp\/v2\/posts\/250126\/revisions"}],"predecessor-version":[{"id":250128,"href":"https:\/\/franciscanos.org.br\/noticias\/wp-json\/wp\/v2\/posts\/250126\/revisions\/250128"}],"wp:featuredmedia":[{"embeddable":true,"href":"https:\/\/franciscanos.org.br\/noticias\/wp-json\/wp\/v2\/media\/250127"}],"wp:attachment":[{"href":"https:\/\/franciscanos.org.br\/noticias\/wp-json\/wp\/v2\/media?parent=250126"}],"wp:term":[{"taxonomy":"category","embeddable":true,"href":"https:\/\/franciscanos.org.br\/noticias\/wp-json\/wp\/v2\/categories?post=250126"},{"taxonomy":"post_tag","embeddable":true,"href":"https:\/\/franciscanos.org.br\/noticias\/wp-json\/wp\/v2\/tags?post=250126"}],"curies":[{"name":"wp","href":"https:\/\/api.w.org\/{rel}","templated":true}]}}