{"id":250092,"date":"2024-08-13T14:58:09","date_gmt":"2024-08-13T17:58:09","guid":{"rendered":"https:\/\/franciscanos.org.br\/noticias\/?p=250092"},"modified":"2024-08-13T15:04:03","modified_gmt":"2024-08-13T18:04:03","slug":"abertura-da-exposicao-jornada-para-o-brasil-historia-das-imigracoes-de-povos-de-lingua-alema","status":"publish","type":"post","link":"https:\/\/franciscanos.org.br\/noticias\/abertura-da-exposicao-jornada-para-o-brasil-historia-das-imigracoes-de-povos-de-lingua-alema.html","title":{"rendered":"Exposi\u00e7\u00e3o ITF: \u201cJornada para o Brasil &#8211; Hist\u00f3ria das imigra\u00e7\u00f5es de povos de l\u00edngua alem\u00e3\u201d"},"content":{"rendered":"<p><img loading=\"lazy\" class=\"aligncenter wp-image-250093 size-full\" src=\"https:\/\/franciscanos.org.br\/noticias\/wp-content\/uploads\/2024\/08\/Abertura-da-exposicao-Jornada-para-o-Brasil-Historia-das-imigracoes-de-povos-de-lingua-alema-1366-x-767-px.png\" alt=\"\" width=\"2049\" height=\"1150\" srcset=\"https:\/\/franciscanos.org.br\/noticias\/wp-content\/uploads\/2024\/08\/Abertura-da-exposicao-Jornada-para-o-Brasil-Historia-das-imigracoes-de-povos-de-lingua-alema-1366-x-767-px.png 1920w, https:\/\/franciscanos.org.br\/noticias\/wp-content\/uploads\/2024\/08\/Abertura-da-exposicao-Jornada-para-o-Brasil-Historia-das-imigracoes-de-povos-de-lingua-alema-1366-x-767-px-450x253.png 450w, https:\/\/franciscanos.org.br\/noticias\/wp-content\/uploads\/2024\/08\/Abertura-da-exposicao-Jornada-para-o-Brasil-Historia-das-imigracoes-de-povos-de-lingua-alema-1366-x-767-px-1024x575.png 1024w, https:\/\/franciscanos.org.br\/noticias\/wp-content\/uploads\/2024\/08\/Abertura-da-exposicao-Jornada-para-o-Brasil-Historia-das-imigracoes-de-povos-de-lingua-alema-1366-x-767-px-768x431.png 768w, https:\/\/franciscanos.org.br\/noticias\/wp-content\/uploads\/2024\/08\/Abertura-da-exposicao-Jornada-para-o-Brasil-Historia-das-imigracoes-de-povos-de-lingua-alema-1366-x-767-px-1536x862.png 1536w, https:\/\/franciscanos.org.br\/noticias\/wp-content\/uploads\/2024\/08\/Abertura-da-exposicao-Jornada-para-o-Brasil-Historia-das-imigracoes-de-povos-de-lingua-alema-1366-x-767-px-150x84.png 150w\" sizes=\"(max-width: 2049px) 100vw, 2049px\" \/><\/p>\n<p>Em comemora\u00e7\u00e3o do Bicenten\u00e1rio da Imigra\u00e7\u00e3o Alem\u00e3 no Brasil, neste dia 14 de agosto, \u00e0s 19h30, o\u00a0 ITF (Instituto Teol\u00f3gico Franciscano), em Petr\u00f3polis (RJ),\u00a0 abrir\u00e1 a exposi\u00e7\u00e3o \u201cJornada para o Brasil &#8211; Hist\u00f3ria das imigra\u00e7\u00f5es de povos de l\u00edngua alem\u00e3\u201d.\u00a0 A atividade \u00e9 fruto de uma parceria como Instituto Martius-Staden, que\u00a0 cedeu 30 pain\u00e9is do seu acervo, e\u00a0 tamb\u00e9m conta com o apoio do Consulado Geral da Rep\u00fablica Federal da Alemanha.<\/p>\n<p>De acordo com o site oficial <span style=\"color: #3366ff;\">(<a style=\"color: #3366ff;\" href=\"https:\/\/www.martiusstaden.org.br\/\">https:\/\/www.martiusstaden.org.br\/<\/a>)<\/span>, o Instituto Martius-Staden \u00e9 uma entidade sem fins lucrativos mantida pela Funda\u00e7\u00e3o Visconde de Porto Seguro. Sua miss\u00e3o \u00e9 preservar as tradi\u00e7\u00f5es da cultura alem\u00e3 no Brasil e valoriz\u00e1-las no contexto contempor\u00e2neo, de modo a contribuir para o estreitamento dos la\u00e7os culturais entre Brasil e Alemanha e a estimular o interc\u00e2mbio cultural e cient\u00edfico por meio da promo\u00e7\u00e3o de eventos. Nesse sentido, entre as diversas a\u00e7\u00f5es que promove, lan\u00e7a regularmente publica\u00e7\u00f5es e exposi\u00e7\u00f5es itinerantes dedicadas \u00e0 imigra\u00e7\u00e3o alem\u00e3 e \u00e0s rela\u00e7\u00f5es culturais entre os dois pa\u00edses. A entidade mant\u00e9m um acervo de imigra\u00e7\u00e3o alem\u00e3 que se tornou refer\u00eancia para quem pesquisa a hist\u00f3ria dos imigrantes de pa\u00edses de l\u00edngua alem\u00e3 e sua genealogia: s\u00e3o mais de 140 mil dados biogr\u00e1ficos, mais de 200 mil documentos e 55 mil volumes de livros e revistas.<\/p>\n<p>Durante o evento de abertura da exposi\u00e7\u00e3o haver\u00e1 apresenta\u00e7\u00e3o do Coral das Meninas dos Canarinhos de Petr\u00f3polis.<\/p>\n<p><strong>A exposi\u00e7\u00e3o ficar\u00e1 aberta gratuitamente ao p\u00fablico at\u00e9 o dia 13 de setembro<\/strong>.<br \/>\nA abertura contar\u00e1 com palestras de:<br \/>\nFrei El\u00f3i Dion\u00edsio Piva, do Instituto Teol\u00f3gico Franciscano (ITF)<br \/>\nProf. Maur\u00edcio Vicente Ferreira J\u00fanior, Diretor do Museu Imperial \u2013 Instituto Brasileiro de Museus, e professor de Hist\u00f3ria da Universidade Cat\u00f3lica de Petr\u00f3polis<\/p>\n<p>O ITF est\u00e1 localizado na rua Coronel Veiga, 550 &#8211; Centro, Petr\u00f3polis<\/p>\n<p>Evento gratuito, vale certificado! Inscreva-se<br \/>\n<a href=\"https:\/\/www.usf.edu.br\/apps\/eventos\/inscricao\/?evento=319719\"><span style=\"color: #3366ff;\">https:\/\/www.usf.edu.br\/apps\/eventos\/inscricao\/?evento=319719<\/span><\/a><\/p>\n<hr \/>\n<p><span class=\"qu\" tabindex=\"-1\" role=\"gridcell\" translate=\"no\"><span class=\"gD\" data-hovercard-id=\"igor.souza@itf.edu.br\" data-hovercard-owner-id=\"21\">Igor Julio Fernandes de Souza- Assessoria ITF<\/span><\/span><\/p>\n<h3 class=\"iw gFxsud\"><\/h3>\n","protected":false},"excerpt":{"rendered":"<p> A exposi\u00e7\u00e3o \u00e9 gratuita e aberta ao p\u00fablico<\/p>\n","protected":false},"author":11,"featured_media":250095,"comment_status":"open","ping_status":"open","sticky":false,"template":"","format":"standard","meta":[],"categories":[1],"tags":[189],"acf":[],"yoast_head":"<!-- This site is optimized with the Yoast SEO plugin v19.2 - https:\/\/yoast.com\/wordpress\/plugins\/seo\/ -->\n<title>Exposi\u00e7\u00e3o ITF: \u201cJornada para o Brasil - Hist\u00f3ria das imigra\u00e7\u00f5es de povos de l\u00edngua alem\u00e3\u201d - Not\u00edcias - Franciscanos<\/title>\n<meta name=\"robots\" content=\"index, follow, max-snippet:-1, max-image-preview:large, max-video-preview:-1\" \/>\n<link rel=\"canonical\" href=\"https:\/\/franciscanos.org.br\/noticias\/abertura-da-exposicao-jornada-para-o-brasil-historia-das-imigracoes-de-povos-de-lingua-alema.html\" \/>\n<meta property=\"og:locale\" content=\"pt_BR\" \/>\n<meta property=\"og:type\" content=\"article\" \/>\n<meta property=\"og:title\" content=\"Exposi\u00e7\u00e3o ITF: \u201cJornada para o Brasil - Hist\u00f3ria das imigra\u00e7\u00f5es de povos de l\u00edngua alem\u00e3\u201d - Not\u00edcias - Franciscanos\" \/>\n<meta property=\"og:description\" content=\"A exposi\u00e7\u00e3o \u00e9 gratuita e aberta ao p\u00fablico\" \/>\n<meta property=\"og:url\" content=\"https:\/\/franciscanos.org.br\/noticias\/abertura-da-exposicao-jornada-para-o-brasil-historia-das-imigracoes-de-povos-de-lingua-alema.html\" \/>\n<meta property=\"og:site_name\" content=\"Not\u00edcias - Franciscanos\" \/>\n<meta property=\"article:published_time\" content=\"2024-08-13T17:58:09+00:00\" \/>\n<meta property=\"article:modified_time\" content=\"2024-08-13T18:04:03+00:00\" \/>\n<meta property=\"og:image\" content=\"https:\/\/franciscanos.org.br\/noticias\/wp-content\/uploads\/2024\/08\/chamada-3.jpg\" \/>\n\t<meta property=\"og:image:width\" content=\"800\" \/>\n\t<meta property=\"og:image:height\" content=\"550\" \/>\n\t<meta property=\"og:image:type\" content=\"image\/jpeg\" \/>\n<meta name=\"author\" content=\"Adriana Rabelo\" \/>\n<meta name=\"twitter:card\" content=\"summary_large_image\" \/>\n<meta name=\"twitter:label1\" content=\"Escrito por\" \/>\n\t<meta name=\"twitter:data1\" content=\"Adriana Rabelo\" \/>\n\t<meta name=\"twitter:label2\" content=\"Est. tempo de leitura\" \/>\n\t<meta name=\"twitter:data2\" content=\"2 minutos\" \/>\n<script type=\"application\/ld+json\" class=\"yoast-schema-graph\">{\"@context\":\"https:\/\/schema.org\",\"@graph\":[{\"@type\":\"WebSite\",\"@id\":\"https:\/\/franciscanos.org.br\/noticias\/#website\",\"url\":\"https:\/\/franciscanos.org.br\/noticias\/\",\"name\":\"Not\u00edcias - Franciscanos\",\"description\":\"Prov\u00edncia Franciscana da Imaculada Concei\u00e7\u00e3o do Brasil - Ordem dos Frades Menores - OFM\",\"potentialAction\":[{\"@type\":\"SearchAction\",\"target\":{\"@type\":\"EntryPoint\",\"urlTemplate\":\"https:\/\/franciscanos.org.br\/noticias\/?s={search_term_string}\"},\"query-input\":\"required name=search_term_string\"}],\"inLanguage\":\"pt-BR\"},{\"@type\":\"ImageObject\",\"inLanguage\":\"pt-BR\",\"@id\":\"https:\/\/franciscanos.org.br\/noticias\/abertura-da-exposicao-jornada-para-o-brasil-historia-das-imigracoes-de-povos-de-lingua-alema.html#primaryimage\",\"url\":\"https:\/\/franciscanos.org.br\/noticias\/wp-content\/uploads\/2024\/08\/chamada-3.jpg\",\"contentUrl\":\"https:\/\/franciscanos.org.br\/noticias\/wp-content\/uploads\/2024\/08\/chamada-3.jpg\",\"width\":800,\"height\":550},{\"@type\":\"WebPage\",\"@id\":\"https:\/\/franciscanos.org.br\/noticias\/abertura-da-exposicao-jornada-para-o-brasil-historia-das-imigracoes-de-povos-de-lingua-alema.html#webpage\",\"url\":\"https:\/\/franciscanos.org.br\/noticias\/abertura-da-exposicao-jornada-para-o-brasil-historia-das-imigracoes-de-povos-de-lingua-alema.html\",\"name\":\"Exposi\u00e7\u00e3o ITF: \u201cJornada para o Brasil - Hist\u00f3ria das imigra\u00e7\u00f5es de povos de l\u00edngua alem\u00e3\u201d - Not\u00edcias - Franciscanos\",\"isPartOf\":{\"@id\":\"https:\/\/franciscanos.org.br\/noticias\/#website\"},\"primaryImageOfPage\":{\"@id\":\"https:\/\/franciscanos.org.br\/noticias\/abertura-da-exposicao-jornada-para-o-brasil-historia-das-imigracoes-de-povos-de-lingua-alema.html#primaryimage\"},\"datePublished\":\"2024-08-13T17:58:09+00:00\",\"dateModified\":\"2024-08-13T18:04:03+00:00\",\"author\":{\"@id\":\"https:\/\/franciscanos.org.br\/noticias\/#\/schema\/person\/d9422e83121c3ad3b0f423d195f5bb25\"},\"breadcrumb\":{\"@id\":\"https:\/\/franciscanos.org.br\/noticias\/abertura-da-exposicao-jornada-para-o-brasil-historia-das-imigracoes-de-povos-de-lingua-alema.html#breadcrumb\"},\"inLanguage\":\"pt-BR\",\"potentialAction\":[{\"@type\":\"ReadAction\",\"target\":[\"https:\/\/franciscanos.org.br\/noticias\/abertura-da-exposicao-jornada-para-o-brasil-historia-das-imigracoes-de-povos-de-lingua-alema.html\"]}]},{\"@type\":\"BreadcrumbList\",\"@id\":\"https:\/\/franciscanos.org.br\/noticias\/abertura-da-exposicao-jornada-para-o-brasil-historia-das-imigracoes-de-povos-de-lingua-alema.html#breadcrumb\",\"itemListElement\":[{\"@type\":\"ListItem\",\"position\":1,\"name\":\"Home\",\"item\":\"https:\/\/franciscanos.org.br\/noticias\"},{\"@type\":\"ListItem\",\"position\":2,\"name\":\"Exposi\u00e7\u00e3o ITF: \u201cJornada para o Brasil &#8211; Hist\u00f3ria das imigra\u00e7\u00f5es de povos de l\u00edngua alem\u00e3\u201d\"}]},{\"@type\":\"Person\",\"@id\":\"https:\/\/franciscanos.org.br\/noticias\/#\/schema\/person\/d9422e83121c3ad3b0f423d195f5bb25\",\"name\":\"Adriana Rabelo\",\"image\":{\"@type\":\"ImageObject\",\"inLanguage\":\"pt-BR\",\"@id\":\"https:\/\/franciscanos.org.br\/noticias\/#\/schema\/person\/image\/\",\"url\":\"https:\/\/secure.gravatar.com\/avatar\/0a937b7500cd7df77540cfb8bede877d?s=96&d=mm&r=g\",\"contentUrl\":\"https:\/\/secure.gravatar.com\/avatar\/0a937b7500cd7df77540cfb8bede877d?s=96&d=mm&r=g\",\"caption\":\"Adriana Rabelo\"},\"url\":\"https:\/\/franciscanos.org.br\/noticias\/author\/adrianarabelo\"}]}<\/script>\n<!-- \/ Yoast SEO plugin. -->","yoast_head_json":{"title":"Exposi\u00e7\u00e3o ITF: \u201cJornada para o Brasil - Hist\u00f3ria das imigra\u00e7\u00f5es de povos de l\u00edngua alem\u00e3\u201d - Not\u00edcias - Franciscanos","robots":{"index":"index","follow":"follow","max-snippet":"max-snippet:-1","max-image-preview":"max-image-preview:large","max-video-preview":"max-video-preview:-1"},"canonical":"https:\/\/franciscanos.org.br\/noticias\/abertura-da-exposicao-jornada-para-o-brasil-historia-das-imigracoes-de-povos-de-lingua-alema.html","og_locale":"pt_BR","og_type":"article","og_title":"Exposi\u00e7\u00e3o ITF: \u201cJornada para o Brasil - Hist\u00f3ria das imigra\u00e7\u00f5es de povos de l\u00edngua alem\u00e3\u201d - Not\u00edcias - Franciscanos","og_description":"A exposi\u00e7\u00e3o \u00e9 gratuita e aberta ao p\u00fablico","og_url":"https:\/\/franciscanos.org.br\/noticias\/abertura-da-exposicao-jornada-para-o-brasil-historia-das-imigracoes-de-povos-de-lingua-alema.html","og_site_name":"Not\u00edcias - Franciscanos","article_published_time":"2024-08-13T17:58:09+00:00","article_modified_time":"2024-08-13T18:04:03+00:00","og_image":[{"width":800,"height":550,"url":"https:\/\/franciscanos.org.br\/noticias\/wp-content\/uploads\/2024\/08\/chamada-3.jpg","type":"image\/jpeg"}],"author":"Adriana Rabelo","twitter_card":"summary_large_image","twitter_misc":{"Escrito por":"Adriana Rabelo","Est. tempo de leitura":"2 minutos"},"schema":{"@context":"https:\/\/schema.org","@graph":[{"@type":"WebSite","@id":"https:\/\/franciscanos.org.br\/noticias\/#website","url":"https:\/\/franciscanos.org.br\/noticias\/","name":"Not\u00edcias - Franciscanos","description":"Prov\u00edncia Franciscana da Imaculada Concei\u00e7\u00e3o do Brasil - Ordem dos Frades Menores - OFM","potentialAction":[{"@type":"SearchAction","target":{"@type":"EntryPoint","urlTemplate":"https:\/\/franciscanos.org.br\/noticias\/?s={search_term_string}"},"query-input":"required name=search_term_string"}],"inLanguage":"pt-BR"},{"@type":"ImageObject","inLanguage":"pt-BR","@id":"https:\/\/franciscanos.org.br\/noticias\/abertura-da-exposicao-jornada-para-o-brasil-historia-das-imigracoes-de-povos-de-lingua-alema.html#primaryimage","url":"https:\/\/franciscanos.org.br\/noticias\/wp-content\/uploads\/2024\/08\/chamada-3.jpg","contentUrl":"https:\/\/franciscanos.org.br\/noticias\/wp-content\/uploads\/2024\/08\/chamada-3.jpg","width":800,"height":550},{"@type":"WebPage","@id":"https:\/\/franciscanos.org.br\/noticias\/abertura-da-exposicao-jornada-para-o-brasil-historia-das-imigracoes-de-povos-de-lingua-alema.html#webpage","url":"https:\/\/franciscanos.org.br\/noticias\/abertura-da-exposicao-jornada-para-o-brasil-historia-das-imigracoes-de-povos-de-lingua-alema.html","name":"Exposi\u00e7\u00e3o ITF: \u201cJornada para o Brasil - Hist\u00f3ria das imigra\u00e7\u00f5es de povos de l\u00edngua alem\u00e3\u201d - Not\u00edcias - Franciscanos","isPartOf":{"@id":"https:\/\/franciscanos.org.br\/noticias\/#website"},"primaryImageOfPage":{"@id":"https:\/\/franciscanos.org.br\/noticias\/abertura-da-exposicao-jornada-para-o-brasil-historia-das-imigracoes-de-povos-de-lingua-alema.html#primaryimage"},"datePublished":"2024-08-13T17:58:09+00:00","dateModified":"2024-08-13T18:04:03+00:00","author":{"@id":"https:\/\/franciscanos.org.br\/noticias\/#\/schema\/person\/d9422e83121c3ad3b0f423d195f5bb25"},"breadcrumb":{"@id":"https:\/\/franciscanos.org.br\/noticias\/abertura-da-exposicao-jornada-para-o-brasil-historia-das-imigracoes-de-povos-de-lingua-alema.html#breadcrumb"},"inLanguage":"pt-BR","potentialAction":[{"@type":"ReadAction","target":["https:\/\/franciscanos.org.br\/noticias\/abertura-da-exposicao-jornada-para-o-brasil-historia-das-imigracoes-de-povos-de-lingua-alema.html"]}]},{"@type":"BreadcrumbList","@id":"https:\/\/franciscanos.org.br\/noticias\/abertura-da-exposicao-jornada-para-o-brasil-historia-das-imigracoes-de-povos-de-lingua-alema.html#breadcrumb","itemListElement":[{"@type":"ListItem","position":1,"name":"Home","item":"https:\/\/franciscanos.org.br\/noticias"},{"@type":"ListItem","position":2,"name":"Exposi\u00e7\u00e3o ITF: \u201cJornada para o Brasil &#8211; Hist\u00f3ria das imigra\u00e7\u00f5es de povos de l\u00edngua alem\u00e3\u201d"}]},{"@type":"Person","@id":"https:\/\/franciscanos.org.br\/noticias\/#\/schema\/person\/d9422e83121c3ad3b0f423d195f5bb25","name":"Adriana Rabelo","image":{"@type":"ImageObject","inLanguage":"pt-BR","@id":"https:\/\/franciscanos.org.br\/noticias\/#\/schema\/person\/image\/","url":"https:\/\/secure.gravatar.com\/avatar\/0a937b7500cd7df77540cfb8bede877d?s=96&d=mm&r=g","contentUrl":"https:\/\/secure.gravatar.com\/avatar\/0a937b7500cd7df77540cfb8bede877d?s=96&d=mm&r=g","caption":"Adriana Rabelo"},"url":"https:\/\/franciscanos.org.br\/noticias\/author\/adrianarabelo"}]}},"_links":{"self":[{"href":"https:\/\/franciscanos.org.br\/noticias\/wp-json\/wp\/v2\/posts\/250092"}],"collection":[{"href":"https:\/\/franciscanos.org.br\/noticias\/wp-json\/wp\/v2\/posts"}],"about":[{"href":"https:\/\/franciscanos.org.br\/noticias\/wp-json\/wp\/v2\/types\/post"}],"author":[{"embeddable":true,"href":"https:\/\/franciscanos.org.br\/noticias\/wp-json\/wp\/v2\/users\/11"}],"replies":[{"embeddable":true,"href":"https:\/\/franciscanos.org.br\/noticias\/wp-json\/wp\/v2\/comments?post=250092"}],"version-history":[{"count":6,"href":"https:\/\/franciscanos.org.br\/noticias\/wp-json\/wp\/v2\/posts\/250092\/revisions"}],"predecessor-version":[{"id":250100,"href":"https:\/\/franciscanos.org.br\/noticias\/wp-json\/wp\/v2\/posts\/250092\/revisions\/250100"}],"wp:featuredmedia":[{"embeddable":true,"href":"https:\/\/franciscanos.org.br\/noticias\/wp-json\/wp\/v2\/media\/250095"}],"wp:attachment":[{"href":"https:\/\/franciscanos.org.br\/noticias\/wp-json\/wp\/v2\/media?parent=250092"}],"wp:term":[{"taxonomy":"category","embeddable":true,"href":"https:\/\/franciscanos.org.br\/noticias\/wp-json\/wp\/v2\/categories?post=250092"},{"taxonomy":"post_tag","embeddable":true,"href":"https:\/\/franciscanos.org.br\/noticias\/wp-json\/wp\/v2\/tags?post=250092"}],"curies":[{"name":"wp","href":"https:\/\/api.w.org\/{rel}","templated":true}]}}