{"id":249977,"date":"2024-08-08T15:19:33","date_gmt":"2024-08-08T18:19:33","guid":{"rendered":"https:\/\/franciscanos.org.br\/noticias\/?p=249977"},"modified":"2024-08-08T15:28:39","modified_gmt":"2024-08-08T18:28:39","slug":"ministro-provincial-visita-o-convento-da-penha-evangelizamos-em-fraternidade","status":"publish","type":"post","link":"https:\/\/franciscanos.org.br\/noticias\/ministro-provincial-visita-o-convento-da-penha-evangelizamos-em-fraternidade.html","title":{"rendered":"Ministro provincial visita o Convento da Penha: \u201cevangelizamos em fraternidade\u201d"},"content":{"rendered":"<p><img loading=\"lazy\" class=\"aligncenter wp-image-249981 size-full\" src=\"https:\/\/franciscanos.org.br\/noticias\/wp-content\/uploads\/2024\/08\/MATERIA-6.jpg\" alt=\"\" width=\"1280\" height=\"720\" srcset=\"https:\/\/franciscanos.org.br\/noticias\/wp-content\/uploads\/2024\/08\/MATERIA-6.jpg 1280w, https:\/\/franciscanos.org.br\/noticias\/wp-content\/uploads\/2024\/08\/MATERIA-6-450x253.jpg 450w, https:\/\/franciscanos.org.br\/noticias\/wp-content\/uploads\/2024\/08\/MATERIA-6-1024x576.jpg 1024w, https:\/\/franciscanos.org.br\/noticias\/wp-content\/uploads\/2024\/08\/MATERIA-6-768x432.jpg 768w, https:\/\/franciscanos.org.br\/noticias\/wp-content\/uploads\/2024\/08\/MATERIA-6-150x84.jpg 150w\" sizes=\"(max-width: 1280px) 100vw, 1280px\" \/><\/p>\n<p>Uma visita fraterna. Um momento de reencontro. Uma celebra\u00e7\u00e3o com sentimento de gratid\u00e3o. Assim foi realizada a tradicional Missa da Sa\u00fade, no Campinho do Convento da Penha, na tarde desta quarta-feira (7), com a presen\u00e7a do Frei Paulo Roberto Pereira, Ministro provincial da Prov\u00edncia Franciscana da Imaculada Concei\u00e7\u00e3o do Brasil. O frade foi guardi\u00e3o e reitor do Santu\u00e1rio de Nossa Senhora da Penha de 2016 a 2021.<\/p>\n<p>O objetivo da visita de Frei Paulo \u00e9 \u201crever\u201d, \u201catualizar\u201d e \u201canunciar\u201d, tema do Cap\u00edtulo Provincial, que ser\u00e1 realizado em novembro deste ano, em Agudos (SP). Faz parte da \u201cVisita Can\u00f4nica\u201d a confer\u00eancia dos livros de atas, cr\u00f4nicas, Missas e contabilidade. Al\u00e9m disso, ele tamb\u00e9m reencontrou os volunt\u00e1rios, ministros da Sagrada Eucaristia e os fi\u00e9is que acompanham a vida e miss\u00e3o da Penha.<\/p>\n<p>O Ministro provincial presidiu a Eucaristia, que foi concelebrada pelo Frei Paulo C\u00e9sar Ferreira da Silva,vig\u00e1rio;\u00a0 Frei Robson de Castro Guimar\u00e3es e\u00a0 Frei Alessandro Dias do\u00a0 Nascimento,\u00a0 do Instituto B\u00edblico Franciscano, em Jerusal\u00e9m (IL). A visita ao Regional do Esp\u00edrito Santo, o menor da Prov\u00edncia, foi iniciada no \u00faltimo fim de semana. No domingo, 04 de agosto, Frei Paulo presidiu o encerramento da Festa de Santa Clara de Assis, em Colatina (ES). Ele chegou ao Covento da Penha na noite da \u00faltima ter\u00e7a-feira, 6 de agosto.<\/p>\n<p>Em sua homilia, o frade destacou a alegria de retornar \u00e0 casa de Nossa Senhora das Alegrias e de celebrar a\u00a0 Santa Missa nas inten\u00e7\u00f5es da sa\u00fade. \u201cCom uma m\u00e3o sobre o peito, outra m\u00e3o apontada para o c\u00e9u, recebendo a gra\u00e7a do Senhor, queremos rezar. A bondade do Senhor nos cura, nos revigora. O vigor que vem do c\u00e9u nos torna comprometidos com uma vida saud\u00e1vel, uma vida santa. Primeiro gostaria de falar da alegria de estar aqui, mais uma vez, no Convento da Penha e, nesta ocasi\u00e3o, fazendo a visita fraterna. Uma das tarefas do Ministro provincial \u00e9 visitar as fraternidades. Desde ontem \u00e0 noite estou aqui convivendo com os confrades e recordando, aqueles combinados necess\u00e1rios para que nossa miss\u00e3o seja eficaz, seja frutuosa. Uma das lembran\u00e7as sempre necess\u00e1rias, \u00e9 que n\u00f3s frades, identificamos nossa miss\u00e3o fugindo de qualquer forma de subjetivismo. N\u00f3s evangelizamos em fraternidade e o an\u00fancio da fraternidade \u00e9 a nossa melhor maneira de evangelizar\u201d, afirmou.<\/p>\n\n\t\t<style type=\"text\/css\">\n\t\t\t#gallery-1 {\n\t\t\t\tmargin: auto;\n\t\t\t}\n\t\t\t#gallery-1 .gallery-item {\n\t\t\t\tfloat: left;\n\t\t\t\tmargin-top: 10px;\n\t\t\t\ttext-align: center;\n\t\t\t\twidth: 25%;\n\t\t\t}\n\t\t\t#gallery-1 img {\n\t\t\t\tborder: 2px solid #cfcfcf;\n\t\t\t}\n\t\t\t#gallery-1 .gallery-caption {\n\t\t\t\tmargin-left: 0;\n\t\t\t}\n\t\t\t\/* see gallery_shortcode() in wp-includes\/media.php *\/\n\t\t<\/style>\n\t\t<div id='gallery-1' class='gallery galleryid-249977 gallery-columns-4 gallery-size-medium'><dl class='gallery-item'>\n\t\t\t<dt class='gallery-icon landscape'>\n\t\t\t\t<a href='https:\/\/franciscanos.org.br\/noticias\/wp-content\/uploads\/2024\/08\/Missa-com-Frei-Paulo-Roberto-07-08-2024-7-scaled.jpg'><img width=\"450\" height=\"300\" src=\"https:\/\/franciscanos.org.br\/noticias\/wp-content\/uploads\/2024\/08\/Missa-com-Frei-Paulo-Roberto-07-08-2024-7-450x300.jpg\" class=\"attachment-medium size-medium\" alt=\"\" loading=\"lazy\" srcset=\"https:\/\/franciscanos.org.br\/noticias\/wp-content\/uploads\/2024\/08\/Missa-com-Frei-Paulo-Roberto-07-08-2024-7-450x300.jpg 450w, https:\/\/franciscanos.org.br\/noticias\/wp-content\/uploads\/2024\/08\/Missa-com-Frei-Paulo-Roberto-07-08-2024-7-1024x683.jpg 1024w, https:\/\/franciscanos.org.br\/noticias\/wp-content\/uploads\/2024\/08\/Missa-com-Frei-Paulo-Roberto-07-08-2024-7-768x512.jpg 768w, https:\/\/franciscanos.org.br\/noticias\/wp-content\/uploads\/2024\/08\/Missa-com-Frei-Paulo-Roberto-07-08-2024-7-1536x1024.jpg 1536w, https:\/\/franciscanos.org.br\/noticias\/wp-content\/uploads\/2024\/08\/Missa-com-Frei-Paulo-Roberto-07-08-2024-7-2048x1365.jpg 2048w, https:\/\/franciscanos.org.br\/noticias\/wp-content\/uploads\/2024\/08\/Missa-com-Frei-Paulo-Roberto-07-08-2024-7-150x100.jpg 150w, https:\/\/franciscanos.org.br\/noticias\/wp-content\/uploads\/2024\/08\/Missa-com-Frei-Paulo-Roberto-07-08-2024-7-scaled.jpg 1620w\" sizes=\"(max-width: 450px) 100vw, 450px\" \/><\/a>\n\t\t\t<\/dt><\/dl><dl class='gallery-item'>\n\t\t\t<dt class='gallery-icon landscape'>\n\t\t\t\t<a href='https:\/\/franciscanos.org.br\/noticias\/wp-content\/uploads\/2024\/08\/Missa-com-Frei-Paulo-Roberto-07-08-2024-8-scaled.jpg'><img width=\"450\" height=\"300\" src=\"https:\/\/franciscanos.org.br\/noticias\/wp-content\/uploads\/2024\/08\/Missa-com-Frei-Paulo-Roberto-07-08-2024-8-450x300.jpg\" class=\"attachment-medium size-medium\" alt=\"\" loading=\"lazy\" srcset=\"https:\/\/franciscanos.org.br\/noticias\/wp-content\/uploads\/2024\/08\/Missa-com-Frei-Paulo-Roberto-07-08-2024-8-450x300.jpg 450w, https:\/\/franciscanos.org.br\/noticias\/wp-content\/uploads\/2024\/08\/Missa-com-Frei-Paulo-Roberto-07-08-2024-8-1024x683.jpg 1024w, https:\/\/franciscanos.org.br\/noticias\/wp-content\/uploads\/2024\/08\/Missa-com-Frei-Paulo-Roberto-07-08-2024-8-768x512.jpg 768w, https:\/\/franciscanos.org.br\/noticias\/wp-content\/uploads\/2024\/08\/Missa-com-Frei-Paulo-Roberto-07-08-2024-8-1536x1024.jpg 1536w, https:\/\/franciscanos.org.br\/noticias\/wp-content\/uploads\/2024\/08\/Missa-com-Frei-Paulo-Roberto-07-08-2024-8-2048x1365.jpg 2048w, https:\/\/franciscanos.org.br\/noticias\/wp-content\/uploads\/2024\/08\/Missa-com-Frei-Paulo-Roberto-07-08-2024-8-150x100.jpg 150w, https:\/\/franciscanos.org.br\/noticias\/wp-content\/uploads\/2024\/08\/Missa-com-Frei-Paulo-Roberto-07-08-2024-8-scaled.jpg 1620w\" sizes=\"(max-width: 450px) 100vw, 450px\" \/><\/a>\n\t\t\t<\/dt><\/dl><dl class='gallery-item'>\n\t\t\t<dt class='gallery-icon landscape'>\n\t\t\t\t<a href='https:\/\/franciscanos.org.br\/noticias\/wp-content\/uploads\/2024\/08\/Missa-com-Frei-Paulo-Roberto-07-08-2024-12-scaled.jpg'><img width=\"450\" height=\"300\" src=\"https:\/\/franciscanos.org.br\/noticias\/wp-content\/uploads\/2024\/08\/Missa-com-Frei-Paulo-Roberto-07-08-2024-12-450x300.jpg\" class=\"attachment-medium size-medium\" alt=\"\" loading=\"lazy\" srcset=\"https:\/\/franciscanos.org.br\/noticias\/wp-content\/uploads\/2024\/08\/Missa-com-Frei-Paulo-Roberto-07-08-2024-12-450x300.jpg 450w, https:\/\/franciscanos.org.br\/noticias\/wp-content\/uploads\/2024\/08\/Missa-com-Frei-Paulo-Roberto-07-08-2024-12-1024x683.jpg 1024w, https:\/\/franciscanos.org.br\/noticias\/wp-content\/uploads\/2024\/08\/Missa-com-Frei-Paulo-Roberto-07-08-2024-12-768x512.jpg 768w, https:\/\/franciscanos.org.br\/noticias\/wp-content\/uploads\/2024\/08\/Missa-com-Frei-Paulo-Roberto-07-08-2024-12-1536x1024.jpg 1536w, https:\/\/franciscanos.org.br\/noticias\/wp-content\/uploads\/2024\/08\/Missa-com-Frei-Paulo-Roberto-07-08-2024-12-2048x1365.jpg 2048w, https:\/\/franciscanos.org.br\/noticias\/wp-content\/uploads\/2024\/08\/Missa-com-Frei-Paulo-Roberto-07-08-2024-12-150x100.jpg 150w, https:\/\/franciscanos.org.br\/noticias\/wp-content\/uploads\/2024\/08\/Missa-com-Frei-Paulo-Roberto-07-08-2024-12-scaled.jpg 1620w\" sizes=\"(max-width: 450px) 100vw, 450px\" \/><\/a>\n\t\t\t<\/dt><\/dl><dl class='gallery-item'>\n\t\t\t<dt class='gallery-icon landscape'>\n\t\t\t\t<a href='https:\/\/franciscanos.org.br\/noticias\/wp-content\/uploads\/2024\/08\/Missa-com-Frei-Paulo-Roberto-07-08-2024-13-scaled.jpg'><img width=\"450\" height=\"300\" src=\"https:\/\/franciscanos.org.br\/noticias\/wp-content\/uploads\/2024\/08\/Missa-com-Frei-Paulo-Roberto-07-08-2024-13-450x300.jpg\" class=\"attachment-medium size-medium\" alt=\"\" loading=\"lazy\" srcset=\"https:\/\/franciscanos.org.br\/noticias\/wp-content\/uploads\/2024\/08\/Missa-com-Frei-Paulo-Roberto-07-08-2024-13-450x300.jpg 450w, https:\/\/franciscanos.org.br\/noticias\/wp-content\/uploads\/2024\/08\/Missa-com-Frei-Paulo-Roberto-07-08-2024-13-1024x683.jpg 1024w, https:\/\/franciscanos.org.br\/noticias\/wp-content\/uploads\/2024\/08\/Missa-com-Frei-Paulo-Roberto-07-08-2024-13-768x512.jpg 768w, https:\/\/franciscanos.org.br\/noticias\/wp-content\/uploads\/2024\/08\/Missa-com-Frei-Paulo-Roberto-07-08-2024-13-1536x1024.jpg 1536w, https:\/\/franciscanos.org.br\/noticias\/wp-content\/uploads\/2024\/08\/Missa-com-Frei-Paulo-Roberto-07-08-2024-13-2048x1365.jpg 2048w, https:\/\/franciscanos.org.br\/noticias\/wp-content\/uploads\/2024\/08\/Missa-com-Frei-Paulo-Roberto-07-08-2024-13-150x100.jpg 150w, https:\/\/franciscanos.org.br\/noticias\/wp-content\/uploads\/2024\/08\/Missa-com-Frei-Paulo-Roberto-07-08-2024-13-scaled.jpg 1620w\" sizes=\"(max-width: 450px) 100vw, 450px\" \/><\/a>\n\t\t\t<\/dt><\/dl><br style=\"clear: both\" \/>\n\t\t<\/div>\n\n<p>Embasado no Evangelho do dia, o Ministro provincial falou sobre as virtudes individuais de cada frade que trabalha no Convento, e lembrou que a miss\u00e3o da fraternidade \u00e9\u00a0 de servir com generosidade. \u201cFrei Pedro Engel, que todos n\u00f3s amamos muito, disse que um dia, ap\u00f3s a Celebra\u00e7\u00e3o, como \u00e9 costume aqui, ele foi aspergir \u00e1gua benta nas pessoas piedosas e devotas,\u00a0 e algu\u00e9m teria dito para ele: \u2018O senhor \u00e9 o melhor jogador de \u00e1gua benta que n\u00f3s temos aqui no Convento\u2019. Ningu\u00e9m asperge \u00e1gua benta como o Frei Pedro, da mesma maneira como ningu\u00e9m prega o Evangelho com tamanho fervor como Frei Robson. Ningu\u00e9m canta t\u00e3o bonito quanto Frei Paulo C\u00e9sar. Ningu\u00e9m \u00e9 t\u00e3o prestativo e atento quanto Frei Alessandro. E a gente poderia ir multiplicando as virtudes individuais de cada frade. Ningu\u00e9m organiza t\u00e3o bem o Convento como o guardi\u00e3o, Frei Djalmo. Ningu\u00e9m \u00e9 t\u00e3o atento \u00e0s necessidades dos outros como Frei Jorge.<\/p>\n<p>A partir das caracter\u00edsticas dos frades do Convento,\u00a0 Frei Paulo resumiu a import\u00e2ncia da diversidade para a composi\u00e7\u00e3o de uma fraternidade. &#8220;Portanto, as virtudes individuais v\u00e3o se somando, mas elas n\u00e3o s\u00e3o t\u00e3o necess\u00e1rias quanto aquela virtude de toda a fraternidade. Voc\u00eas, por favor, esperem sempre de n\u00f3s um compromisso que \u00e9 de todos: oferecer o nosso melhor sempre que formos exigidos. Voc\u00eas encontrem na fraternidade franciscana, homens dispostos a servir com generosidade e acolher a todos que v\u00eam aqui com fraternidade. Esta \u00e9 a miss\u00e3o de todos. Cada qual individualmente com suas virtudes, com \u00fanico compromisso. Oferecer o seu melhor!\u201d, disse.<\/p>\n<p>Ainda sobre a relev\u00e2ncia de servir com carinho fraterno e disposi\u00e7\u00e3o,\u00a0 Frei Paulo recordou a miss\u00e3o dos frades de oferecer sempre o melhor. \u201cN\u00e3o exijam de n\u00f3s coisas que n\u00e3o podemos oferecer. N\u00e3o queremos estar aqui como <em>popstars<\/em>, como\u00a0<em>influencers<\/em>. E agora parece-me que \u00e9 uma mania entre os presb\u00edteros, ser\u00a0<em>influencers<\/em>,\u00a0<em>tiktokers<\/em>, n\u00e3o exijam isso de n\u00f3s. Mas exijam o que\u00a0 possamos oferecer o que temos de melhor, e cada qual oferecendo o seu melhor, estaremos contribuindo para que a fraternidade viva bem o privil\u00e9gio de morar no alto desta &#8216;Montanha aben\u00e7oada&#8217;.<img loading=\"lazy\" class=\"size-medium wp-image-249986 alignleft\" src=\"https:\/\/franciscanos.org.br\/noticias\/wp-content\/uploads\/2024\/08\/Missa-com-Frei-Paulo-Roberto-07-08-2024-50-450x300.jpg\" alt=\"\" width=\"450\" height=\"300\" srcset=\"https:\/\/franciscanos.org.br\/noticias\/wp-content\/uploads\/2024\/08\/Missa-com-Frei-Paulo-Roberto-07-08-2024-50-450x300.jpg 450w, https:\/\/franciscanos.org.br\/noticias\/wp-content\/uploads\/2024\/08\/Missa-com-Frei-Paulo-Roberto-07-08-2024-50-1024x683.jpg 1024w, https:\/\/franciscanos.org.br\/noticias\/wp-content\/uploads\/2024\/08\/Missa-com-Frei-Paulo-Roberto-07-08-2024-50-768x512.jpg 768w, https:\/\/franciscanos.org.br\/noticias\/wp-content\/uploads\/2024\/08\/Missa-com-Frei-Paulo-Roberto-07-08-2024-50-1536x1024.jpg 1536w, https:\/\/franciscanos.org.br\/noticias\/wp-content\/uploads\/2024\/08\/Missa-com-Frei-Paulo-Roberto-07-08-2024-50-2048x1365.jpg 2048w, https:\/\/franciscanos.org.br\/noticias\/wp-content\/uploads\/2024\/08\/Missa-com-Frei-Paulo-Roberto-07-08-2024-50-150x100.jpg 150w, https:\/\/franciscanos.org.br\/noticias\/wp-content\/uploads\/2024\/08\/Missa-com-Frei-Paulo-Roberto-07-08-2024-50-scaled.jpg 1620w\" sizes=\"(max-width: 450px) 100vw, 450px\" \/><\/p>\n<p>Ele destacou\u00a0 o quanto a presen\u00e7a dos fi\u00e9is na vida dos franciscanos. &#8220;Pe\u00e7o que rezem por n\u00f3s. Normalmente as pessoas v\u00eam ao Convento e pedem: \u2018Sua b\u00ean\u00e7\u00e3o, Frei\u2019. Sempre pedem-nos a b\u00ean\u00e7\u00e3o e a b\u00ean\u00e7\u00e3o n\u00e3o \u00e9 nossa, somos instrumentos da b\u00ean\u00e7\u00e3o de Deus. Podem continuar a pedir a b\u00ean\u00e7\u00e3o, n\u00f3s somos \u2018dispensadores da b\u00ean\u00e7\u00e3o\u2019, mas nos aben\u00e7oem tamb\u00e9m. Rezem por n\u00f3s, intercedam a Deus por n\u00f3s, roguem a Deus por n\u00f3s, rezem pela nossa sa\u00fade, rezem pela nossa salva\u00e7\u00e3o. E a prece de um pelo outro \u00e9 um exerc\u00edcio curativo, por isso, tem sentido essa congrega\u00e7\u00e3o semanal aqui neste lugar. Aqui viemos num exerc\u00edcio de confian\u00e7a em Deus e de partilha da mesma f\u00e9\u201d, lembrou.<\/p>\n<p>\u201cViemos aqui experimentar a mesma f\u00e9 e, por isso, esse ambiente \u00e9 de sana\u00e7\u00e3o, curativo, ambiente bom. Nesse sentido, podemos dizer: &#8216;Senhor, \u00e9 bom estarmos aqui&#8217;! \u00c9 bom fazer o esfor\u00e7o de subir a esta alta montanha para estar na presen\u00e7a de Deus, para experimentar o cora\u00e7\u00e3o acolhedor de Maria, nossa M\u00e3e e para experimentar tamb\u00e9m a amizade fraterna daqueles que t\u00eam a mesma f\u00e9 que eu tenho. Esse exerc\u00edcio de experimentar a fraternidade, a amizade social,\u00a0 o companheirismo, cura-nos. Porque os ambientes que nos expulsam, nos agridem, geram doen\u00e7a, mas o ambiente fraternal \u00e9 ambiente que cura. Repitamos essa terapia, repitamos esse tratamento. Gostemos de estar entre irm\u00e3os e revelar aquilo que temos de melhor. Gostemos de experimentar o respeito, a bondade, a capacidade de compreender, de perdoar. \u00c9 isso que fazemos aqui, \u00e9 como exerc\u00edcio terap\u00eautico, como exerc\u00edcio de sana\u00e7\u00e3o das doen\u00e7as, de revigoramento de nosso esp\u00edrito, de nossa alma, de nosso corpo. Melhor ainda quando somos brindados por esta leitura do profeta Jeremias (31,1-7). Deus olhando para seu povo que experimentou tanta desventura, diz: \u2018Amei-te com amor eterno e te atra\u00ed com a miseric\u00f3rdia\u2019.<img loading=\"lazy\" class=\"size-medium wp-image-249987 alignright\" src=\"https:\/\/franciscanos.org.br\/noticias\/wp-content\/uploads\/2024\/08\/Missa-com-Frei-Paulo-Roberto-07-08-2024-17-450x300.jpg\" alt=\"\" width=\"450\" height=\"300\" srcset=\"https:\/\/franciscanos.org.br\/noticias\/wp-content\/uploads\/2024\/08\/Missa-com-Frei-Paulo-Roberto-07-08-2024-17-450x300.jpg 450w, https:\/\/franciscanos.org.br\/noticias\/wp-content\/uploads\/2024\/08\/Missa-com-Frei-Paulo-Roberto-07-08-2024-17-1024x683.jpg 1024w, https:\/\/franciscanos.org.br\/noticias\/wp-content\/uploads\/2024\/08\/Missa-com-Frei-Paulo-Roberto-07-08-2024-17-768x512.jpg 768w, https:\/\/franciscanos.org.br\/noticias\/wp-content\/uploads\/2024\/08\/Missa-com-Frei-Paulo-Roberto-07-08-2024-17-1536x1024.jpg 1536w, https:\/\/franciscanos.org.br\/noticias\/wp-content\/uploads\/2024\/08\/Missa-com-Frei-Paulo-Roberto-07-08-2024-17-2048x1365.jpg 2048w, https:\/\/franciscanos.org.br\/noticias\/wp-content\/uploads\/2024\/08\/Missa-com-Frei-Paulo-Roberto-07-08-2024-17-150x100.jpg 150w, https:\/\/franciscanos.org.br\/noticias\/wp-content\/uploads\/2024\/08\/Missa-com-Frei-Paulo-Roberto-07-08-2024-17-scaled.jpg 1620w\" sizes=\"(max-width: 450px) 100vw, 450px\" \/><\/p>\n<p>O presidente da celebra\u00e7\u00e3o completou. &#8220;Ouvir o profeta nos dizer assim, enche nosso cora\u00e7\u00e3o de puro vigor. Deus deita os olhos sobre n\u00f3s e diz: &#8216;Eu te amei, quem te atraiu a mim foi a miseric\u00f3rdia, eu cuido de voc\u00ea e meu cuidado faz voc\u00ea semear, colher e dan\u00e7ar pela boa colheita&#8217;. \u00c9 Deus a alimentar nossa esperan\u00e7a. Deus nos ama, cuida de n\u00f3s. Sua miseric\u00f3rdia nos atrai, somos atra\u00eddos pela miseric\u00f3rdia do Senhor. E confortados assim, dan\u00e7amos de alegria, apesar de nossos pecados, de nossas fragilidades\u201d, refletiu.<\/p>\n<p>\u201cDeus deitou o seu olhar misericordioso sobre n\u00f3s e a n\u00f3s revelou o seu amor. Essa convic\u00e7\u00e3o nos enche de alegria, nos revigora, nos anima, nos d\u00e1 sa\u00fade novamente. \u00c9 por isso que \u00e9 bom repetirmos essa terapia, enfatizou Frei Paulo. &#8220;Ouvimos o bonito trecho de Mateus 15,21-28, quando Jesus amplia sua miss\u00e3o. Percebemos duas atitudes necess\u00e1rias para os crist\u00e3os. Primeiro o reconhecimento de nossa fragilidade, apesar de sermos criaturas amadas pelo Senhor, somos fr\u00e1geis, pequenos, somos insignificantes e, mesmo assim, somos aos olhos de Deus, criaturas &#8216;amor\u00e1veis&#8217;. Uma segunda atitude curativa \u00e9 a demonstra\u00e7\u00e3o da nossa f\u00e9, o entendimento que em Jesus est\u00e1 a nossa salva\u00e7\u00e3o. No di\u00e1logo do Evangelho percebemos duas atitudes, sendo o reconhecimento da nossa fragilidade, nossa insignific\u00e2ncia e, ao mesmo tempo, o reconhecimento do poder de Deus, da grandeza de Deus, de onde vem a nossa salva\u00e7\u00e3o\u201d, completou.<img loading=\"lazy\" class=\" wp-image-249989 alignleft\" src=\"https:\/\/franciscanos.org.br\/noticias\/wp-content\/uploads\/2024\/08\/Missa-com-Frei-Paulo-Roberto-07-08-2024-15-1536x1024-1-450x300.jpg\" alt=\"\" width=\"392\" height=\"261\" srcset=\"https:\/\/franciscanos.org.br\/noticias\/wp-content\/uploads\/2024\/08\/Missa-com-Frei-Paulo-Roberto-07-08-2024-15-1536x1024-1-450x300.jpg 450w, https:\/\/franciscanos.org.br\/noticias\/wp-content\/uploads\/2024\/08\/Missa-com-Frei-Paulo-Roberto-07-08-2024-15-1536x1024-1-1024x683.jpg 1024w, https:\/\/franciscanos.org.br\/noticias\/wp-content\/uploads\/2024\/08\/Missa-com-Frei-Paulo-Roberto-07-08-2024-15-1536x1024-1-768x512.jpg 768w, https:\/\/franciscanos.org.br\/noticias\/wp-content\/uploads\/2024\/08\/Missa-com-Frei-Paulo-Roberto-07-08-2024-15-1536x1024-1-150x100.jpg 150w, https:\/\/franciscanos.org.br\/noticias\/wp-content\/uploads\/2024\/08\/Missa-com-Frei-Paulo-Roberto-07-08-2024-15-1536x1024-1.jpg 1536w\" sizes=\"(max-width: 392px) 100vw, 392px\" \/><\/p>\n<p>Ao final da Santa Missa, o frade fez um convite vocacional, j\u00e1 que a Igreja no Brasil reserva o m\u00eas de agosto para as ora\u00e7\u00f5es pelas voca\u00e7\u00f5es. \u201cHoje nossa Prov\u00edncia conta com cerca de 300 frades, t\u00e1 diminuindo o n\u00famero de freis\u2026 Ent\u00e3o vamos rezar pelas voca\u00e7\u00f5es! Esse m\u00eas inteiro \u00e9 tempo de rezar pelas voca\u00e7\u00f5es. Podemos fazer um combinado de rezar ao menos uma Ave Maria por dia pelas voca\u00e7\u00f5es e um jeito bom de fazer brotar voca\u00e7\u00f5es \u00e9 viver bem a sua pr\u00f3pria voca\u00e7\u00e3o. A voca\u00e7\u00e3o de batizado, a voca\u00e7\u00e3o de fam\u00edlia, a voca\u00e7\u00e3o de crist\u00e3o no meio da sociedade. Viver bem, viver com valores crist\u00e3os\u201d, disse.<\/p>\n<p>A celebra\u00e7\u00e3o foi encerrada com a b\u00ean\u00e7\u00e3o de Nossa Senhora da Penha e parab\u00e9ns para os aniversariantes.<\/p>\n<hr \/>\n<p>Cristian Oliveira- Asssessoria Convento da Penha<\/p>\n<p>&nbsp;<\/p>\n","protected":false},"excerpt":{"rendered":"<p>Frei Paulo Roberto Pereira est\u00e1 em Visita Can\u00f4nica na regi\u00e3o provincial do Esp\u00edrito Santo<\/p>\n","protected":false},"author":11,"featured_media":249997,"comment_status":"open","ping_status":"open","sticky":false,"template":"","format":"standard","meta":[],"categories":[1],"tags":[248,2234],"acf":[],"yoast_head":"<!-- This site is optimized with the Yoast SEO plugin v19.2 - https:\/\/yoast.com\/wordpress\/plugins\/seo\/ -->\n<title>Ministro provincial visita o Convento da Penha: \u201cevangelizamos em fraternidade\u201d - Not\u00edcias - Franciscanos<\/title>\n<meta name=\"robots\" content=\"index, follow, max-snippet:-1, max-image-preview:large, max-video-preview:-1\" \/>\n<link rel=\"canonical\" href=\"https:\/\/franciscanos.org.br\/noticias\/ministro-provincial-visita-o-convento-da-penha-evangelizamos-em-fraternidade.html\" \/>\n<meta property=\"og:locale\" content=\"pt_BR\" \/>\n<meta property=\"og:type\" content=\"article\" \/>\n<meta property=\"og:title\" content=\"Ministro provincial visita o Convento da Penha: \u201cevangelizamos em fraternidade\u201d - Not\u00edcias - Franciscanos\" \/>\n<meta property=\"og:description\" content=\"Frei Paulo Roberto Pereira est\u00e1 em Visita Can\u00f4nica na regi\u00e3o provincial do Esp\u00edrito Santo\" \/>\n<meta property=\"og:url\" content=\"https:\/\/franciscanos.org.br\/noticias\/ministro-provincial-visita-o-convento-da-penha-evangelizamos-em-fraternidade.html\" \/>\n<meta property=\"og:site_name\" content=\"Not\u00edcias - Franciscanos\" \/>\n<meta property=\"article:published_time\" content=\"2024-08-08T18:19:33+00:00\" \/>\n<meta property=\"article:modified_time\" content=\"2024-08-08T18:28:39+00:00\" \/>\n<meta property=\"og:image\" content=\"https:\/\/franciscanos.org.br\/noticias\/wp-content\/uploads\/2024\/08\/CHAMADA-SITE-1.jpg\" \/>\n\t<meta property=\"og:image:width\" content=\"800\" \/>\n\t<meta property=\"og:image:height\" content=\"550\" \/>\n\t<meta property=\"og:image:type\" content=\"image\/jpeg\" \/>\n<meta name=\"author\" content=\"Adriana Rabelo\" \/>\n<meta name=\"twitter:card\" content=\"summary_large_image\" \/>\n<meta name=\"twitter:label1\" content=\"Escrito por\" \/>\n\t<meta name=\"twitter:data1\" content=\"Adriana Rabelo\" \/>\n\t<meta name=\"twitter:label2\" content=\"Est. tempo de leitura\" \/>\n\t<meta name=\"twitter:data2\" content=\"8 minutos\" \/>\n<script type=\"application\/ld+json\" class=\"yoast-schema-graph\">{\"@context\":\"https:\/\/schema.org\",\"@graph\":[{\"@type\":\"WebSite\",\"@id\":\"https:\/\/franciscanos.org.br\/noticias\/#website\",\"url\":\"https:\/\/franciscanos.org.br\/noticias\/\",\"name\":\"Not\u00edcias - Franciscanos\",\"description\":\"Prov\u00edncia Franciscana da Imaculada Concei\u00e7\u00e3o do Brasil - Ordem dos Frades Menores - OFM\",\"potentialAction\":[{\"@type\":\"SearchAction\",\"target\":{\"@type\":\"EntryPoint\",\"urlTemplate\":\"https:\/\/franciscanos.org.br\/noticias\/?s={search_term_string}\"},\"query-input\":\"required name=search_term_string\"}],\"inLanguage\":\"pt-BR\"},{\"@type\":\"ImageObject\",\"inLanguage\":\"pt-BR\",\"@id\":\"https:\/\/franciscanos.org.br\/noticias\/ministro-provincial-visita-o-convento-da-penha-evangelizamos-em-fraternidade.html#primaryimage\",\"url\":\"https:\/\/franciscanos.org.br\/noticias\/wp-content\/uploads\/2024\/08\/CHAMADA-SITE-1.jpg\",\"contentUrl\":\"https:\/\/franciscanos.org.br\/noticias\/wp-content\/uploads\/2024\/08\/CHAMADA-SITE-1.jpg\",\"width\":800,\"height\":550},{\"@type\":\"WebPage\",\"@id\":\"https:\/\/franciscanos.org.br\/noticias\/ministro-provincial-visita-o-convento-da-penha-evangelizamos-em-fraternidade.html#webpage\",\"url\":\"https:\/\/franciscanos.org.br\/noticias\/ministro-provincial-visita-o-convento-da-penha-evangelizamos-em-fraternidade.html\",\"name\":\"Ministro provincial visita o Convento da Penha: \u201cevangelizamos em fraternidade\u201d - Not\u00edcias - Franciscanos\",\"isPartOf\":{\"@id\":\"https:\/\/franciscanos.org.br\/noticias\/#website\"},\"primaryImageOfPage\":{\"@id\":\"https:\/\/franciscanos.org.br\/noticias\/ministro-provincial-visita-o-convento-da-penha-evangelizamos-em-fraternidade.html#primaryimage\"},\"datePublished\":\"2024-08-08T18:19:33+00:00\",\"dateModified\":\"2024-08-08T18:28:39+00:00\",\"author\":{\"@id\":\"https:\/\/franciscanos.org.br\/noticias\/#\/schema\/person\/d9422e83121c3ad3b0f423d195f5bb25\"},\"breadcrumb\":{\"@id\":\"https:\/\/franciscanos.org.br\/noticias\/ministro-provincial-visita-o-convento-da-penha-evangelizamos-em-fraternidade.html#breadcrumb\"},\"inLanguage\":\"pt-BR\",\"potentialAction\":[{\"@type\":\"ReadAction\",\"target\":[\"https:\/\/franciscanos.org.br\/noticias\/ministro-provincial-visita-o-convento-da-penha-evangelizamos-em-fraternidade.html\"]}]},{\"@type\":\"BreadcrumbList\",\"@id\":\"https:\/\/franciscanos.org.br\/noticias\/ministro-provincial-visita-o-convento-da-penha-evangelizamos-em-fraternidade.html#breadcrumb\",\"itemListElement\":[{\"@type\":\"ListItem\",\"position\":1,\"name\":\"Home\",\"item\":\"https:\/\/franciscanos.org.br\/noticias\"},{\"@type\":\"ListItem\",\"position\":2,\"name\":\"Ministro provincial visita o Convento da Penha: \u201cevangelizamos em fraternidade\u201d\"}]},{\"@type\":\"Person\",\"@id\":\"https:\/\/franciscanos.org.br\/noticias\/#\/schema\/person\/d9422e83121c3ad3b0f423d195f5bb25\",\"name\":\"Adriana Rabelo\",\"image\":{\"@type\":\"ImageObject\",\"inLanguage\":\"pt-BR\",\"@id\":\"https:\/\/franciscanos.org.br\/noticias\/#\/schema\/person\/image\/\",\"url\":\"https:\/\/secure.gravatar.com\/avatar\/0a937b7500cd7df77540cfb8bede877d?s=96&d=mm&r=g\",\"contentUrl\":\"https:\/\/secure.gravatar.com\/avatar\/0a937b7500cd7df77540cfb8bede877d?s=96&d=mm&r=g\",\"caption\":\"Adriana Rabelo\"},\"url\":\"https:\/\/franciscanos.org.br\/noticias\/author\/adrianarabelo\"}]}<\/script>\n<!-- \/ Yoast SEO plugin. -->","yoast_head_json":{"title":"Ministro provincial visita o Convento da Penha: \u201cevangelizamos em fraternidade\u201d - Not\u00edcias - Franciscanos","robots":{"index":"index","follow":"follow","max-snippet":"max-snippet:-1","max-image-preview":"max-image-preview:large","max-video-preview":"max-video-preview:-1"},"canonical":"https:\/\/franciscanos.org.br\/noticias\/ministro-provincial-visita-o-convento-da-penha-evangelizamos-em-fraternidade.html","og_locale":"pt_BR","og_type":"article","og_title":"Ministro provincial visita o Convento da Penha: \u201cevangelizamos em fraternidade\u201d - Not\u00edcias - Franciscanos","og_description":"Frei Paulo Roberto Pereira est\u00e1 em Visita Can\u00f4nica na regi\u00e3o provincial do Esp\u00edrito Santo","og_url":"https:\/\/franciscanos.org.br\/noticias\/ministro-provincial-visita-o-convento-da-penha-evangelizamos-em-fraternidade.html","og_site_name":"Not\u00edcias - Franciscanos","article_published_time":"2024-08-08T18:19:33+00:00","article_modified_time":"2024-08-08T18:28:39+00:00","og_image":[{"width":800,"height":550,"url":"https:\/\/franciscanos.org.br\/noticias\/wp-content\/uploads\/2024\/08\/CHAMADA-SITE-1.jpg","type":"image\/jpeg"}],"author":"Adriana Rabelo","twitter_card":"summary_large_image","twitter_misc":{"Escrito por":"Adriana Rabelo","Est. tempo de leitura":"8 minutos"},"schema":{"@context":"https:\/\/schema.org","@graph":[{"@type":"WebSite","@id":"https:\/\/franciscanos.org.br\/noticias\/#website","url":"https:\/\/franciscanos.org.br\/noticias\/","name":"Not\u00edcias - Franciscanos","description":"Prov\u00edncia Franciscana da Imaculada Concei\u00e7\u00e3o do Brasil - Ordem dos Frades Menores - OFM","potentialAction":[{"@type":"SearchAction","target":{"@type":"EntryPoint","urlTemplate":"https:\/\/franciscanos.org.br\/noticias\/?s={search_term_string}"},"query-input":"required name=search_term_string"}],"inLanguage":"pt-BR"},{"@type":"ImageObject","inLanguage":"pt-BR","@id":"https:\/\/franciscanos.org.br\/noticias\/ministro-provincial-visita-o-convento-da-penha-evangelizamos-em-fraternidade.html#primaryimage","url":"https:\/\/franciscanos.org.br\/noticias\/wp-content\/uploads\/2024\/08\/CHAMADA-SITE-1.jpg","contentUrl":"https:\/\/franciscanos.org.br\/noticias\/wp-content\/uploads\/2024\/08\/CHAMADA-SITE-1.jpg","width":800,"height":550},{"@type":"WebPage","@id":"https:\/\/franciscanos.org.br\/noticias\/ministro-provincial-visita-o-convento-da-penha-evangelizamos-em-fraternidade.html#webpage","url":"https:\/\/franciscanos.org.br\/noticias\/ministro-provincial-visita-o-convento-da-penha-evangelizamos-em-fraternidade.html","name":"Ministro provincial visita o Convento da Penha: \u201cevangelizamos em fraternidade\u201d - Not\u00edcias - Franciscanos","isPartOf":{"@id":"https:\/\/franciscanos.org.br\/noticias\/#website"},"primaryImageOfPage":{"@id":"https:\/\/franciscanos.org.br\/noticias\/ministro-provincial-visita-o-convento-da-penha-evangelizamos-em-fraternidade.html#primaryimage"},"datePublished":"2024-08-08T18:19:33+00:00","dateModified":"2024-08-08T18:28:39+00:00","author":{"@id":"https:\/\/franciscanos.org.br\/noticias\/#\/schema\/person\/d9422e83121c3ad3b0f423d195f5bb25"},"breadcrumb":{"@id":"https:\/\/franciscanos.org.br\/noticias\/ministro-provincial-visita-o-convento-da-penha-evangelizamos-em-fraternidade.html#breadcrumb"},"inLanguage":"pt-BR","potentialAction":[{"@type":"ReadAction","target":["https:\/\/franciscanos.org.br\/noticias\/ministro-provincial-visita-o-convento-da-penha-evangelizamos-em-fraternidade.html"]}]},{"@type":"BreadcrumbList","@id":"https:\/\/franciscanos.org.br\/noticias\/ministro-provincial-visita-o-convento-da-penha-evangelizamos-em-fraternidade.html#breadcrumb","itemListElement":[{"@type":"ListItem","position":1,"name":"Home","item":"https:\/\/franciscanos.org.br\/noticias"},{"@type":"ListItem","position":2,"name":"Ministro provincial visita o Convento da Penha: \u201cevangelizamos em fraternidade\u201d"}]},{"@type":"Person","@id":"https:\/\/franciscanos.org.br\/noticias\/#\/schema\/person\/d9422e83121c3ad3b0f423d195f5bb25","name":"Adriana Rabelo","image":{"@type":"ImageObject","inLanguage":"pt-BR","@id":"https:\/\/franciscanos.org.br\/noticias\/#\/schema\/person\/image\/","url":"https:\/\/secure.gravatar.com\/avatar\/0a937b7500cd7df77540cfb8bede877d?s=96&d=mm&r=g","contentUrl":"https:\/\/secure.gravatar.com\/avatar\/0a937b7500cd7df77540cfb8bede877d?s=96&d=mm&r=g","caption":"Adriana Rabelo"},"url":"https:\/\/franciscanos.org.br\/noticias\/author\/adrianarabelo"}]}},"_links":{"self":[{"href":"https:\/\/franciscanos.org.br\/noticias\/wp-json\/wp\/v2\/posts\/249977"}],"collection":[{"href":"https:\/\/franciscanos.org.br\/noticias\/wp-json\/wp\/v2\/posts"}],"about":[{"href":"https:\/\/franciscanos.org.br\/noticias\/wp-json\/wp\/v2\/types\/post"}],"author":[{"embeddable":true,"href":"https:\/\/franciscanos.org.br\/noticias\/wp-json\/wp\/v2\/users\/11"}],"replies":[{"embeddable":true,"href":"https:\/\/franciscanos.org.br\/noticias\/wp-json\/wp\/v2\/comments?post=249977"}],"version-history":[{"count":12,"href":"https:\/\/franciscanos.org.br\/noticias\/wp-json\/wp\/v2\/posts\/249977\/revisions"}],"predecessor-version":[{"id":250001,"href":"https:\/\/franciscanos.org.br\/noticias\/wp-json\/wp\/v2\/posts\/249977\/revisions\/250001"}],"wp:featuredmedia":[{"embeddable":true,"href":"https:\/\/franciscanos.org.br\/noticias\/wp-json\/wp\/v2\/media\/249997"}],"wp:attachment":[{"href":"https:\/\/franciscanos.org.br\/noticias\/wp-json\/wp\/v2\/media?parent=249977"}],"wp:term":[{"taxonomy":"category","embeddable":true,"href":"https:\/\/franciscanos.org.br\/noticias\/wp-json\/wp\/v2\/categories?post=249977"},{"taxonomy":"post_tag","embeddable":true,"href":"https:\/\/franciscanos.org.br\/noticias\/wp-json\/wp\/v2\/tags?post=249977"}],"curies":[{"name":"wp","href":"https:\/\/api.w.org\/{rel}","templated":true}]}}