{"id":249941,"date":"2024-08-07T10:39:26","date_gmt":"2024-08-07T13:39:26","guid":{"rendered":"https:\/\/franciscanos.org.br\/noticias\/?p=249941"},"modified":"2024-08-07T10:39:26","modified_gmt":"2024-08-07T13:39:26","slug":"sem-o-espirito-santo-a-igreja-nao-pode-ir-em-frente","status":"publish","type":"post","link":"https:\/\/franciscanos.org.br\/noticias\/sem-o-espirito-santo-a-igreja-nao-pode-ir-em-frente.html","title":{"rendered":"Sem o Esp\u00edrito Santo a Igreja n\u00e3o pode ir em frente"},"content":{"rendered":"<div><img loading=\"lazy\" class=\"aligncenter wp-image-249942 size-full\" src=\"https:\/\/franciscanos.org.br\/noticias\/wp-content\/uploads\/2024\/08\/cq5dam.thumbnail.cropped.750.422-3.jpeg\" alt=\"\" width=\"750\" height=\"422\" srcset=\"https:\/\/franciscanos.org.br\/noticias\/wp-content\/uploads\/2024\/08\/cq5dam.thumbnail.cropped.750.422-3.jpeg 750w, https:\/\/franciscanos.org.br\/noticias\/wp-content\/uploads\/2024\/08\/cq5dam.thumbnail.cropped.750.422-3-450x253.jpeg 450w, https:\/\/franciscanos.org.br\/noticias\/wp-content\/uploads\/2024\/08\/cq5dam.thumbnail.cropped.750.422-3-150x84.jpeg 150w\" sizes=\"(max-width: 750px) 100vw, 750px\" \/><\/div>\n<div class=\"article__subTitle\" style=\"text-align: center;\"><em>Francisco retomou hoje, 7 de agosto, as Audi\u00eancias Gerais de quarta-feira. Na catequese, o Papa continuou a reflex\u00e3o sobre a presen\u00e7a do Esp\u00edrito, come\u00e7ando pelo ato da Cria\u00e7\u00e3o e passando ao Novo Testamento. &#8220;O Esp\u00edrito Santo \u00e9 protagonista na Encarna\u00e7\u00e3o do Verbo: Maria torna-se M\u00e3e de Cristo e \u00e9 figura da Igreja&#8221;. Diante das dificuldades, o Papa convidou a sempre repetir: &#8220;Nada \u00e9 imposs\u00edvel para Deus&#8221;.<\/em><\/div>\n<div>\n<p>O Papa Francisco, nesta manh\u00e3, 07 de agosto, retomou as tradicionais Audi\u00eancias Gerais, suspensas desde 26 de junho devido \u00e0 habitual pausa de ver\u00e3o. Com milhares de fi\u00e9is e peregrinos presentes na Sala Paulo VI, o Santo Padre deu continuidade ao ciclo de catequeses sobre &#8220;O Esp\u00edrito e a Esposa. O Esp\u00edrito Santo conduz o povo de Deus ao encontro de Jesus, nossa esperan\u00e7a&#8221;, passando da leitura da Cria\u00e7\u00e3o \u00e0 do Novo Testamento.<\/p>\n<p>\u201cO tema de hoje \u00e9 o Esp\u00edrito Santo na Encarna\u00e7\u00e3o do Verbo\u201d, introduziu o Pont\u00edfice, dedicando sua reflex\u00e3o \u00e0 Maria, esposa do Esp\u00edrito e figura da Igreja, que do Esp\u00edrito recebe a for\u00e7a para anunciar a Palavra de Deus ap\u00f3s t\u00ea-la acolhido.<\/p>\n<h3>Maria concebeu pela a\u00e7\u00e3o do Esp\u00edrito Santo<\/h3>\n<p>Francisco parte do dado fundamental da f\u00e9, estabelecido pela Igreja no Conc\u00edlio Ecum\u00eanico de Constantinopla do ano 381 que definiu a divindade do Esp\u00edrito Santo, este artigo entrou na f\u00f3rmula do \u201cCredo\u201d, recitado em cada Missa: o Filho de Deus \u201cse encarnou pelo Esp\u00edrito Santo, no seio da Virgem Maria, e se fez homem\u201d, e completou:<\/p>\n<p><i>\u201c\u00c9, portanto, um fato ecum\u00eanico de f\u00e9, porque todos os crist\u00e3os professam juntos esse mesmo S\u00edmbolo de f\u00e9. A piedade cat\u00f3lica, desde tempos imemoriais, hauriu dela uma das suas ora\u00e7\u00f5es di\u00e1rias, o Angelus.\u201d<\/i><\/p>\n<h3>Maria, esposa do Esp\u00edrito Santo<\/h3>\n<p>Trata-se do artigo de f\u00e9, prosseguiu o Pont\u00edfice, &#8220;que permite falar de Maria como a Esposa por excel\u00eancia, que \u00e9 figura da Igreja&#8221;. A Lumen gentium, observa o Papa, retoma esse paralelismo entre Maria que gera o Filho &#8220;envolvida pelo Esp\u00edrito Santo&#8221; e a Igreja:<\/p>\n<p><i>\u201cA Igreja que contempla a sua santidade misteriosa e imita a sua caridade, cumprindo fielmente a vontade do Pai, torna-se tamb\u00e9m, ela pr\u00f3pria, m\u00e3e, pela fiel recep\u00e7\u00e3o da palavra de Deus: efetivamente, pela prega\u00e7\u00e3o e pelo Batismo, gera, para vida nova e imortal, os filhos concebidos por a\u00e7\u00e3o do Esp\u00edrito Santo e nascidos de Deus.\u201d<\/i><\/p>\n<h3>Anunciar Cristo e a sua salva\u00e7\u00e3o<\/h3>\n<p>O Papa sublinha que, assim como a Virgem primeiro acolheu em si Jesus para depois d\u00e1-lo \u00e0 luz, tamb\u00e9m a Igreja primeiro deve acolher a Palavra de Deus &#8220;para depois d\u00e1-la \u00e0 luz com a vida e a prega\u00e7\u00e3o&#8221;. Como Maria, que perguntou ao anjo que lhe anunciava a maternidade &#8220;como \u00e9 poss\u00edvel isso?&#8221;, recebendo a resposta &#8220;o Esp\u00edrito Santo descer\u00e1 sobre ti&#8221;, assim &#8220;tamb\u00e9m \u00e0 Igreja, diante de tarefas superiores \u00e0s suas for\u00e7as, surge espontaneamente a mesma pergunta&#8221;:<\/p>\n<p><i>\u201cComo \u00e9 poss\u00edvel anunciar Jesus Cristo e a sua salva\u00e7\u00e3o a um mundo que parece procurar apenas o bem-estar neste mundo? A resposta ainda \u00e9 a mesma de ent\u00e3o: \u2018Descer\u00e1 sobre v\u00f3s o Esp\u00edrito Santo e vos dar\u00e1 for\u00e7a; e sereis minhas testemunhas\u2019 (At 1,8).\u00a0Sem o Esp\u00edrito Santo, a Igreja n\u00e3o pode ir em frente, a Igreja n\u00e3o cresce, a Igreja n\u00e3o pode pregar.&#8221;<\/i><\/p>\n<h3>&#8220;Para Deus nada \u00e9 imposs\u00edvel&#8221;<\/h3>\n<p>\u201cE n\u00e3o apenas a Igreja, mas cada batizado, cada um de n\u00f3s\u201d, enfatizou o Papa, \u00e0s vezes se pergunta &#8220;como posso enfrentar esta situa\u00e7\u00e3o?&#8221;. Ajuda, nestes casos, recordar e repetir para si mesmo o que o anjo disse \u00e0 Virgem antes de a deixar:\u00a0<i>\u201cPara Deus, nada \u00e9 imposs\u00edvel\u201d,\u00a0<\/i>e conclui:<\/p>\n<p><i>\u201cIrm\u00e3os e irm\u00e3s, retomemos ent\u00e3o tamb\u00e9m n\u00f3s, sempre, o nosso caminho com esta reconfortante certeza no cora\u00e7\u00e3o: &#8220;Nada \u00e9 imposs\u00edvel para Deus&#8221;. E se n\u00f3s acreditarmos nisso, faremos milagres. Nada \u00e9 imposs\u00edvel para Deus.\u201d<\/i><\/p>\n<p><img loading=\"lazy\" class=\"aligncenter wp-image-249943 size-full\" src=\"https:\/\/franciscanos.org.br\/noticias\/wp-content\/uploads\/2024\/08\/cq5dam.thumbnail.cropped.750.422-2.jpeg\" alt=\"\" width=\"750\" height=\"422\" srcset=\"https:\/\/franciscanos.org.br\/noticias\/wp-content\/uploads\/2024\/08\/cq5dam.thumbnail.cropped.750.422-2.jpeg 750w, https:\/\/franciscanos.org.br\/noticias\/wp-content\/uploads\/2024\/08\/cq5dam.thumbnail.cropped.750.422-2-450x253.jpeg 450w, https:\/\/franciscanos.org.br\/noticias\/wp-content\/uploads\/2024\/08\/cq5dam.thumbnail.cropped.750.422-2-150x84.jpeg 150w\" sizes=\"(max-width: 750px) 100vw, 750px\" \/><\/p>\n<h2 class=\"article__title\">Expans\u00e3o da guerra no Oriente M\u00e9dio preocupa o Papa: que a vingan\u00e7a seja desarmada pelo perd\u00e3o<\/h2>\n<p>Ao final da audi\u00eancia, al\u00e9m do Oriente M\u00e9dio e da situa\u00e7\u00e3o humanit\u00e1ria insustent\u00e1vel em Gaza, apelos do Papa tamb\u00e9m pela paz na Ucr\u00e2nia, Mianmar e Sud\u00e3o e contra as discrimina\u00e7\u00f5es \u00e9tnicas no Paquist\u00e3o e Afeganist\u00e3o, especialmente contra as mulheres.<\/p>\n<p>&#8220;<i>Continuo a acompanhar con grande preocupa\u00e7\u00e3o a situa\u00e7\u00e3o no Oriente M\u00e9dio<\/i>&#8220;, afirmou o Papa ao iniciar seus diversos apelos ao final da Audi\u00eancia Geral desta quarta-feira.<\/p>\n<div>\n<aside class=\"article__readmore\">\n<div class=\"teaser--labelEvidence teaser teaser--type-article \">\n<article>\n<div class=\"teaser__labelWrapper\">\n<p>De fato, Israel se prepara para um ataque iraniano, que jurou vigan\u00e7a ap\u00f3s a morte em Teer\u00e3 do l\u00edder pol\u00edtico do Hamas, Ismail Haniyeh, na madrugada de quarta-feira, 31 de julho. Diversos cen\u00e1rios s\u00e3o considerados.\u00a0Os ataques poder\u00e3o partir do Hezbollah liban\u00eas que,\u00a0segundo o jornal\u00a0<i>Washington Post,<\/i>\u00a0acumulou um arsenal de m\u00edsseis, foguetes e drones, entre 130 e 150 mil, cujo lan\u00e7amento em s\u00e9rie poderia driblar o sistema<i>\u00a0Iron Dome,\u00a0<\/i>al\u00e9m de o\u00a0ataque poder ser realizado contemporaneamente a partir do Ir\u00e3 e seus aliados, como os Houthis, no I\u00eamen.<\/p>\n<p>Diante da vingan\u00e7a iminente, os israelenses voltam a fazer uso dos bunkers, enquanto a popula\u00e7\u00e3o estoca alimentos e \u00e1gua. Por lei, cada andar dos pr\u00e9dios em Israel deve ter uma sala blindada.\u00a0Hospitais de todo o pa\u00eds estabeleceram planos para receber milhares de v\u00edtimas. A cl\u00ednica Ichilov, em Tel Aviv, esvaziou o seu parque de estacionamento subterr\u00e2neo e transformou-o em abrigo de emerg\u00eancia.<\/p>\n<p>Uma s\u00e9rie de acontecimentos estes, desdobramento da a\u00e7\u00e3o israelense em Gaza em retalia\u00e7\u00e3o ao ataque do Hamas em outubro passado, que matou 1,4 mil israelenses, incluindo 1.033 civis, 275 soldados e 58 policiais. Os feridos foram mais 3.400 feridos, e 247 soldados e civis feitos ref\u00e9ns.<\/p>\n<p>Diante desta espiral do &#8220;olho por olho dente por dente&#8221;, o Santo Padre reiterou seu apelo a todas as partes envolvidas, para que &#8220;a vingan\u00e7a seja desarmada pelo perd\u00e3o&#8221;:<\/p>\n<p><i>Para que o conflito n\u00e3o se alastre e que o fogo cesse imediatamente em todas as frentes, come\u00e7ando por Gaza onde a situa\u00e7\u00e3o humanit\u00e1ria \u00e9 muito grave e insustent\u00e1vel. Rezo para que a busca sincera pela paz extingua as contendas, o amor supere o \u00f3dio e a vingan\u00e7a seja desarmada pelo perd\u00e3o.<\/i><\/p>\n<p>Francisco voltou a dirigir seu olhar a outros pa\u00edses afligidos por guerras, cujas popula\u00e7\u00f5es sofrem as consequ\u00eancias:<\/p>\n<p><i>Pe\u00e7o-vos que vos unais \u00e0 minha ora\u00e7\u00e3o tamb\u00e9m pela martirizada Ucr\u00e2nia, Mianmar, Sud\u00e3o: que estas popula\u00e7\u00f5es t\u00e3o provadas pela guerra possam encontrar em breve a t\u00e3o desejada paz.<\/i><\/p>\n<p>Antes da Audi\u00eancia, o Papa encontrou-se com uma\u00a0delega\u00e7\u00e3o da comunidade afeg\u00e3 na It\u00e1lia.\u00a0Resultante do encontro, seu \u00faltimo apelo pelo fim das discrimina\u00e7\u00f5es no Paquist\u00e3o e no Afeganist\u00e3o, em particular contra as mulheres:<\/p>\n<p><i>Unamos os nossos esfor\u00e7os e ora\u00e7\u00f5es para eliminar a discrimina\u00e7\u00e3o \u00e9tnica nas regi\u00f5es do Paquist\u00e3o e do Afeganist\u00e3o, especialmente a discrimina\u00e7\u00e3o contra as mulheres.<\/i><\/p>\n<hr \/>\n<p><a href=\"https:\/\/www.vaticannews.va\/pt\/papa\/news\/2024-08\/audiencia-geral-papa-francisco-07-08-24.html\"><b>Thulio Fonseca \u2013 Vatican News<\/b><\/a><\/p>\n<\/div>\n<\/article>\n<\/div>\n<\/aside>\n<\/div>\n<div>\n<div class=\"article__embed article__embed--unwrap article__embed--photo\">\n<figure><picture><source srcset=\"\/content\/dam\/vaticannews\/agenzie\/images\/srv\/2024\/08\/07\/2024-08-07-udienza-generale-\/1723016086146.JPG\/_jcr_content\/renditions\/cq5dam.thumbnail.cropped.1500.844.jpeg 2x, \/content\/dam\/vaticannews\/agenzie\/images\/srv\/2024\/08\/07\/2024-08-07-udienza-generale-\/1723016086146.JPG\/_jcr_content\/renditions\/cq5dam.thumbnail.cropped.750.422.jpeg 1x\" media=\"(min-width: 1024px)\" data-original-set=\"\/content\/dam\/vaticannews\/agenzie\/images\/srv\/2024\/08\/07\/2024-08-07-udienza-generale-\/1723016086146.JPG\/_jcr_content\/renditions\/cq5dam.thumbnail.cropped.1500.844.jpeg 2x, \/content\/dam\/vaticannews\/agenzie\/images\/srv\/2024\/08\/07\/2024-08-07-udienza-generale-\/1723016086146.JPG\/_jcr_content\/renditions\/cq5dam.thumbnail.cropped.750.422.jpeg 1x\" \/><source srcset=\"\/content\/dam\/vaticannews\/agenzie\/images\/srv\/2024\/08\/07\/2024-08-07-udienza-generale-\/1723016086146.JPG\/_jcr_content\/renditions\/cq5dam.thumbnail.cropped.1000.563.jpeg 2x, \/content\/dam\/vaticannews\/agenzie\/images\/srv\/2024\/08\/07\/2024-08-07-udienza-generale-\/1723016086146.JPG\/_jcr_content\/renditions\/cq5dam.thumbnail.cropped.500.281.jpeg 1x\" media=\"(min-width: 768px)\" data-original-set=\"\/content\/dam\/vaticannews\/agenzie\/images\/srv\/2024\/08\/07\/2024-08-07-udienza-generale-\/1723016086146.JPG\/_jcr_content\/renditions\/cq5dam.thumbnail.cropped.1000.563.jpeg 2x, \/content\/dam\/vaticannews\/agenzie\/images\/srv\/2024\/08\/07\/2024-08-07-udienza-generale-\/1723016086146.JPG\/_jcr_content\/renditions\/cq5dam.thumbnail.cropped.500.281.jpeg 1x\" \/><source srcset=\"\/content\/dam\/vaticannews\/agenzie\/images\/srv\/2024\/08\/07\/2024-08-07-udienza-generale-\/1723016086146.JPG\/_jcr_content\/renditions\/cq5dam.thumbnail.cropped.500.281.jpeg\" data-original-set=\"\/content\/dam\/vaticannews\/agenzie\/images\/srv\/2024\/08\/07\/2024-08-07-udienza-generale-\/1723016086146.JPG\/_jcr_content\/renditions\/cq5dam.thumbnail.cropped.500.281.jpeg\" \/><\/picture><\/figure>\n<\/div>\n<\/div>\n<div>\n<div class=\"article__embed article__embed--unwrap article__embed--photo\">\n<figure><picture><source srcset=\"\/content\/dam\/vaticannews\/agenzie\/images\/srv\/2024\/08\/07\/2024-08-07-udienza-generale-\/1723016094539.JPG\/_jcr_content\/renditions\/cq5dam.thumbnail.cropped.1500.844.jpeg 2x, \/content\/dam\/vaticannews\/agenzie\/images\/srv\/2024\/08\/07\/2024-08-07-udienza-generale-\/1723016094539.JPG\/_jcr_content\/renditions\/cq5dam.thumbnail.cropped.750.422.jpeg 1x\" media=\"(min-width: 1024px)\" data-original-set=\"\/content\/dam\/vaticannews\/agenzie\/images\/srv\/2024\/08\/07\/2024-08-07-udienza-generale-\/1723016094539.JPG\/_jcr_content\/renditions\/cq5dam.thumbnail.cropped.1500.844.jpeg 2x, \/content\/dam\/vaticannews\/agenzie\/images\/srv\/2024\/08\/07\/2024-08-07-udienza-generale-\/1723016094539.JPG\/_jcr_content\/renditions\/cq5dam.thumbnail.cropped.750.422.jpeg 1x\" \/><source srcset=\"\/content\/dam\/vaticannews\/agenzie\/images\/srv\/2024\/08\/07\/2024-08-07-udienza-generale-\/1723016094539.JPG\/_jcr_content\/renditions\/cq5dam.thumbnail.cropped.1000.563.jpeg 2x, \/content\/dam\/vaticannews\/agenzie\/images\/srv\/2024\/08\/07\/2024-08-07-udienza-generale-\/1723016094539.JPG\/_jcr_content\/renditions\/cq5dam.thumbnail.cropped.500.281.jpeg 1x\" media=\"(min-width: 768px)\" data-original-set=\"\/content\/dam\/vaticannews\/agenzie\/images\/srv\/2024\/08\/07\/2024-08-07-udienza-generale-\/1723016094539.JPG\/_jcr_content\/renditions\/cq5dam.thumbnail.cropped.1000.563.jpeg 2x, \/content\/dam\/vaticannews\/agenzie\/images\/srv\/2024\/08\/07\/2024-08-07-udienza-generale-\/1723016094539.JPG\/_jcr_content\/renditions\/cq5dam.thumbnail.cropped.500.281.jpeg 1x\" \/><source srcset=\"\/content\/dam\/vaticannews\/agenzie\/images\/srv\/2024\/08\/07\/2024-08-07-udienza-generale-\/1723016094539.JPG\/_jcr_content\/renditions\/cq5dam.thumbnail.cropped.500.281.jpeg\" data-original-set=\"\/content\/dam\/vaticannews\/agenzie\/images\/srv\/2024\/08\/07\/2024-08-07-udienza-generale-\/1723016094539.JPG\/_jcr_content\/renditions\/cq5dam.thumbnail.cropped.500.281.jpeg\" \/><\/picture><\/figure>\n<\/div>\n<\/div>\n<\/div>\n","protected":false},"excerpt":{"rendered":"<p>Francisco retomou hoje, 7 de agosto, as Audi\u00eancias Gerais de quarta-feira.<\/p>\n","protected":false},"author":10,"featured_media":249942,"comment_status":"open","ping_status":"open","sticky":false,"template":"","format":"standard","meta":[],"categories":[1,1428],"tags":[2196,1150,55],"acf":[],"yoast_head":"<!-- This site is optimized with the Yoast SEO plugin v19.2 - https:\/\/yoast.com\/wordpress\/plugins\/seo\/ -->\n<title>Sem o Esp\u00edrito Santo a Igreja n\u00e3o pode ir em frente - Not\u00edcias - Franciscanos<\/title>\n<meta name=\"robots\" content=\"index, follow, max-snippet:-1, max-image-preview:large, max-video-preview:-1\" \/>\n<link rel=\"canonical\" href=\"https:\/\/franciscanos.org.br\/noticias\/sem-o-espirito-santo-a-igreja-nao-pode-ir-em-frente.html\" \/>\n<meta property=\"og:locale\" content=\"pt_BR\" \/>\n<meta property=\"og:type\" content=\"article\" \/>\n<meta property=\"og:title\" content=\"Sem o Esp\u00edrito Santo a Igreja n\u00e3o pode ir em frente - Not\u00edcias - Franciscanos\" \/>\n<meta property=\"og:description\" content=\"Francisco retomou hoje, 7 de agosto, as Audi\u00eancias Gerais de quarta-feira.\" \/>\n<meta property=\"og:url\" content=\"https:\/\/franciscanos.org.br\/noticias\/sem-o-espirito-santo-a-igreja-nao-pode-ir-em-frente.html\" \/>\n<meta property=\"og:site_name\" content=\"Not\u00edcias - Franciscanos\" \/>\n<meta property=\"article:published_time\" content=\"2024-08-07T13:39:26+00:00\" \/>\n<meta property=\"og:image\" content=\"https:\/\/franciscanos.org.br\/noticias\/wp-content\/uploads\/2024\/08\/cq5dam.thumbnail.cropped.750.422-3.jpeg\" \/>\n\t<meta property=\"og:image:width\" content=\"750\" \/>\n\t<meta property=\"og:image:height\" content=\"422\" \/>\n\t<meta property=\"og:image:type\" content=\"image\/jpeg\" \/>\n<meta name=\"author\" content=\"Jo\u00e3o Vitor\" \/>\n<meta name=\"twitter:card\" content=\"summary_large_image\" \/>\n<meta name=\"twitter:label1\" content=\"Escrito por\" \/>\n\t<meta name=\"twitter:data1\" content=\"Jo\u00e3o Vitor\" \/>\n\t<meta name=\"twitter:label2\" content=\"Est. tempo de leitura\" \/>\n\t<meta name=\"twitter:data2\" content=\"6 minutos\" \/>\n<script type=\"application\/ld+json\" class=\"yoast-schema-graph\">{\"@context\":\"https:\/\/schema.org\",\"@graph\":[{\"@type\":\"WebSite\",\"@id\":\"https:\/\/franciscanos.org.br\/noticias\/#website\",\"url\":\"https:\/\/franciscanos.org.br\/noticias\/\",\"name\":\"Not\u00edcias - Franciscanos\",\"description\":\"Prov\u00edncia Franciscana da Imaculada Concei\u00e7\u00e3o do Brasil - Ordem dos Frades Menores - OFM\",\"potentialAction\":[{\"@type\":\"SearchAction\",\"target\":{\"@type\":\"EntryPoint\",\"urlTemplate\":\"https:\/\/franciscanos.org.br\/noticias\/?s={search_term_string}\"},\"query-input\":\"required name=search_term_string\"}],\"inLanguage\":\"pt-BR\"},{\"@type\":\"ImageObject\",\"inLanguage\":\"pt-BR\",\"@id\":\"https:\/\/franciscanos.org.br\/noticias\/sem-o-espirito-santo-a-igreja-nao-pode-ir-em-frente.html#primaryimage\",\"url\":\"https:\/\/franciscanos.org.br\/noticias\/wp-content\/uploads\/2024\/08\/cq5dam.thumbnail.cropped.750.422-3.jpeg\",\"contentUrl\":\"https:\/\/franciscanos.org.br\/noticias\/wp-content\/uploads\/2024\/08\/cq5dam.thumbnail.cropped.750.422-3.jpeg\",\"width\":750,\"height\":422},{\"@type\":\"WebPage\",\"@id\":\"https:\/\/franciscanos.org.br\/noticias\/sem-o-espirito-santo-a-igreja-nao-pode-ir-em-frente.html#webpage\",\"url\":\"https:\/\/franciscanos.org.br\/noticias\/sem-o-espirito-santo-a-igreja-nao-pode-ir-em-frente.html\",\"name\":\"Sem o Esp\u00edrito Santo a Igreja n\u00e3o pode ir em frente - Not\u00edcias - Franciscanos\",\"isPartOf\":{\"@id\":\"https:\/\/franciscanos.org.br\/noticias\/#website\"},\"primaryImageOfPage\":{\"@id\":\"https:\/\/franciscanos.org.br\/noticias\/sem-o-espirito-santo-a-igreja-nao-pode-ir-em-frente.html#primaryimage\"},\"datePublished\":\"2024-08-07T13:39:26+00:00\",\"dateModified\":\"2024-08-07T13:39:26+00:00\",\"author\":{\"@id\":\"https:\/\/franciscanos.org.br\/noticias\/#\/schema\/person\/8c11f06a466b856a11dd48d20600055f\"},\"breadcrumb\":{\"@id\":\"https:\/\/franciscanos.org.br\/noticias\/sem-o-espirito-santo-a-igreja-nao-pode-ir-em-frente.html#breadcrumb\"},\"inLanguage\":\"pt-BR\",\"potentialAction\":[{\"@type\":\"ReadAction\",\"target\":[\"https:\/\/franciscanos.org.br\/noticias\/sem-o-espirito-santo-a-igreja-nao-pode-ir-em-frente.html\"]}]},{\"@type\":\"BreadcrumbList\",\"@id\":\"https:\/\/franciscanos.org.br\/noticias\/sem-o-espirito-santo-a-igreja-nao-pode-ir-em-frente.html#breadcrumb\",\"itemListElement\":[{\"@type\":\"ListItem\",\"position\":1,\"name\":\"Home\",\"item\":\"https:\/\/franciscanos.org.br\/noticias\"},{\"@type\":\"ListItem\",\"position\":2,\"name\":\"Sem o Esp\u00edrito Santo a Igreja n\u00e3o pode ir em frente\"}]},{\"@type\":\"Person\",\"@id\":\"https:\/\/franciscanos.org.br\/noticias\/#\/schema\/person\/8c11f06a466b856a11dd48d20600055f\",\"name\":\"Jo\u00e3o Vitor\",\"image\":{\"@type\":\"ImageObject\",\"inLanguage\":\"pt-BR\",\"@id\":\"https:\/\/franciscanos.org.br\/noticias\/#\/schema\/person\/image\/\",\"url\":\"https:\/\/secure.gravatar.com\/avatar\/10ba5c9713e0c323617b4309a19e3a46?s=96&d=mm&r=g\",\"contentUrl\":\"https:\/\/secure.gravatar.com\/avatar\/10ba5c9713e0c323617b4309a19e3a46?s=96&d=mm&r=g\",\"caption\":\"Jo\u00e3o Vitor\"},\"url\":\"https:\/\/franciscanos.org.br\/noticias\/author\/joaovitor\"}]}<\/script>\n<!-- \/ Yoast SEO plugin. -->","yoast_head_json":{"title":"Sem o Esp\u00edrito Santo a Igreja n\u00e3o pode ir em frente - Not\u00edcias - Franciscanos","robots":{"index":"index","follow":"follow","max-snippet":"max-snippet:-1","max-image-preview":"max-image-preview:large","max-video-preview":"max-video-preview:-1"},"canonical":"https:\/\/franciscanos.org.br\/noticias\/sem-o-espirito-santo-a-igreja-nao-pode-ir-em-frente.html","og_locale":"pt_BR","og_type":"article","og_title":"Sem o Esp\u00edrito Santo a Igreja n\u00e3o pode ir em frente - Not\u00edcias - Franciscanos","og_description":"Francisco retomou hoje, 7 de agosto, as Audi\u00eancias Gerais de quarta-feira.","og_url":"https:\/\/franciscanos.org.br\/noticias\/sem-o-espirito-santo-a-igreja-nao-pode-ir-em-frente.html","og_site_name":"Not\u00edcias - Franciscanos","article_published_time":"2024-08-07T13:39:26+00:00","og_image":[{"width":750,"height":422,"url":"https:\/\/franciscanos.org.br\/noticias\/wp-content\/uploads\/2024\/08\/cq5dam.thumbnail.cropped.750.422-3.jpeg","type":"image\/jpeg"}],"author":"Jo\u00e3o Vitor","twitter_card":"summary_large_image","twitter_misc":{"Escrito por":"Jo\u00e3o Vitor","Est. tempo de leitura":"6 minutos"},"schema":{"@context":"https:\/\/schema.org","@graph":[{"@type":"WebSite","@id":"https:\/\/franciscanos.org.br\/noticias\/#website","url":"https:\/\/franciscanos.org.br\/noticias\/","name":"Not\u00edcias - Franciscanos","description":"Prov\u00edncia Franciscana da Imaculada Concei\u00e7\u00e3o do Brasil - Ordem dos Frades Menores - OFM","potentialAction":[{"@type":"SearchAction","target":{"@type":"EntryPoint","urlTemplate":"https:\/\/franciscanos.org.br\/noticias\/?s={search_term_string}"},"query-input":"required name=search_term_string"}],"inLanguage":"pt-BR"},{"@type":"ImageObject","inLanguage":"pt-BR","@id":"https:\/\/franciscanos.org.br\/noticias\/sem-o-espirito-santo-a-igreja-nao-pode-ir-em-frente.html#primaryimage","url":"https:\/\/franciscanos.org.br\/noticias\/wp-content\/uploads\/2024\/08\/cq5dam.thumbnail.cropped.750.422-3.jpeg","contentUrl":"https:\/\/franciscanos.org.br\/noticias\/wp-content\/uploads\/2024\/08\/cq5dam.thumbnail.cropped.750.422-3.jpeg","width":750,"height":422},{"@type":"WebPage","@id":"https:\/\/franciscanos.org.br\/noticias\/sem-o-espirito-santo-a-igreja-nao-pode-ir-em-frente.html#webpage","url":"https:\/\/franciscanos.org.br\/noticias\/sem-o-espirito-santo-a-igreja-nao-pode-ir-em-frente.html","name":"Sem o Esp\u00edrito Santo a Igreja n\u00e3o pode ir em frente - Not\u00edcias - Franciscanos","isPartOf":{"@id":"https:\/\/franciscanos.org.br\/noticias\/#website"},"primaryImageOfPage":{"@id":"https:\/\/franciscanos.org.br\/noticias\/sem-o-espirito-santo-a-igreja-nao-pode-ir-em-frente.html#primaryimage"},"datePublished":"2024-08-07T13:39:26+00:00","dateModified":"2024-08-07T13:39:26+00:00","author":{"@id":"https:\/\/franciscanos.org.br\/noticias\/#\/schema\/person\/8c11f06a466b856a11dd48d20600055f"},"breadcrumb":{"@id":"https:\/\/franciscanos.org.br\/noticias\/sem-o-espirito-santo-a-igreja-nao-pode-ir-em-frente.html#breadcrumb"},"inLanguage":"pt-BR","potentialAction":[{"@type":"ReadAction","target":["https:\/\/franciscanos.org.br\/noticias\/sem-o-espirito-santo-a-igreja-nao-pode-ir-em-frente.html"]}]},{"@type":"BreadcrumbList","@id":"https:\/\/franciscanos.org.br\/noticias\/sem-o-espirito-santo-a-igreja-nao-pode-ir-em-frente.html#breadcrumb","itemListElement":[{"@type":"ListItem","position":1,"name":"Home","item":"https:\/\/franciscanos.org.br\/noticias"},{"@type":"ListItem","position":2,"name":"Sem o Esp\u00edrito Santo a Igreja n\u00e3o pode ir em frente"}]},{"@type":"Person","@id":"https:\/\/franciscanos.org.br\/noticias\/#\/schema\/person\/8c11f06a466b856a11dd48d20600055f","name":"Jo\u00e3o Vitor","image":{"@type":"ImageObject","inLanguage":"pt-BR","@id":"https:\/\/franciscanos.org.br\/noticias\/#\/schema\/person\/image\/","url":"https:\/\/secure.gravatar.com\/avatar\/10ba5c9713e0c323617b4309a19e3a46?s=96&d=mm&r=g","contentUrl":"https:\/\/secure.gravatar.com\/avatar\/10ba5c9713e0c323617b4309a19e3a46?s=96&d=mm&r=g","caption":"Jo\u00e3o Vitor"},"url":"https:\/\/franciscanos.org.br\/noticias\/author\/joaovitor"}]}},"_links":{"self":[{"href":"https:\/\/franciscanos.org.br\/noticias\/wp-json\/wp\/v2\/posts\/249941"}],"collection":[{"href":"https:\/\/franciscanos.org.br\/noticias\/wp-json\/wp\/v2\/posts"}],"about":[{"href":"https:\/\/franciscanos.org.br\/noticias\/wp-json\/wp\/v2\/types\/post"}],"author":[{"embeddable":true,"href":"https:\/\/franciscanos.org.br\/noticias\/wp-json\/wp\/v2\/users\/10"}],"replies":[{"embeddable":true,"href":"https:\/\/franciscanos.org.br\/noticias\/wp-json\/wp\/v2\/comments?post=249941"}],"version-history":[{"count":1,"href":"https:\/\/franciscanos.org.br\/noticias\/wp-json\/wp\/v2\/posts\/249941\/revisions"}],"predecessor-version":[{"id":249944,"href":"https:\/\/franciscanos.org.br\/noticias\/wp-json\/wp\/v2\/posts\/249941\/revisions\/249944"}],"wp:featuredmedia":[{"embeddable":true,"href":"https:\/\/franciscanos.org.br\/noticias\/wp-json\/wp\/v2\/media\/249942"}],"wp:attachment":[{"href":"https:\/\/franciscanos.org.br\/noticias\/wp-json\/wp\/v2\/media?parent=249941"}],"wp:term":[{"taxonomy":"category","embeddable":true,"href":"https:\/\/franciscanos.org.br\/noticias\/wp-json\/wp\/v2\/categories?post=249941"},{"taxonomy":"post_tag","embeddable":true,"href":"https:\/\/franciscanos.org.br\/noticias\/wp-json\/wp\/v2\/tags?post=249941"}],"curies":[{"name":"wp","href":"https:\/\/api.w.org\/{rel}","templated":true}]}}