{"id":249925,"date":"2024-08-06T18:04:53","date_gmt":"2024-08-06T21:04:53","guid":{"rendered":"https:\/\/franciscanos.org.br\/noticias\/?p=249925"},"modified":"2024-08-06T18:14:36","modified_gmt":"2024-08-06T21:14:36","slug":"semana-das-padroeiras-na-paroquia-porciuncula-de-santana-em-niteroi","status":"publish","type":"post","link":"https:\/\/franciscanos.org.br\/noticias\/semana-das-padroeiras-na-paroquia-porciuncula-de-santana-em-niteroi.html","title":{"rendered":"Semana das Padroeiras na Par\u00f3quia Porci\u00fancula de Sant\u2019Ana em Niter\u00f3i"},"content":{"rendered":"<p><img loading=\"lazy\" class=\"aligncenter wp-image-249928 size-full\" src=\"https:\/\/franciscanos.org.br\/noticias\/wp-content\/uploads\/2024\/08\/materia-4.jpg\" alt=\"\" width=\"1280\" height=\"720\" srcset=\"https:\/\/franciscanos.org.br\/noticias\/wp-content\/uploads\/2024\/08\/materia-4.jpg 1280w, https:\/\/franciscanos.org.br\/noticias\/wp-content\/uploads\/2024\/08\/materia-4-450x253.jpg 450w, https:\/\/franciscanos.org.br\/noticias\/wp-content\/uploads\/2024\/08\/materia-4-1024x576.jpg 1024w, https:\/\/franciscanos.org.br\/noticias\/wp-content\/uploads\/2024\/08\/materia-4-768x432.jpg 768w, https:\/\/franciscanos.org.br\/noticias\/wp-content\/uploads\/2024\/08\/materia-4-150x84.jpg 150w\" sizes=\"(max-width: 1280px) 100vw, 1280px\" \/><\/p>\n<p>Entre os dias 26 de julho e 02 de agosto, a Par\u00f3quia Porci\u00fancula de Sant\u2019Ana, em Niter\u00f3i (RJ), festejou a Semana das Padroeiras. Um tempo de ora\u00e7\u00e3o e celebra\u00e7\u00e3o pela comunidade paroquial, pedindo a intercess\u00e3o das padroeiras: Sant&#8217;Ana e Nossa Senhora dos Anjos.<\/p>\n<p>No dia 26 de julho,\u00a0 a comunidade celebrou a festa de Sant\u2019Ana e S\u00e3o Joaquim, av\u00f3s de Jesus. Esse momento abriu as festividades da semana especial. A data tamb\u00e9m marcou a celebra\u00e7\u00e3o do dia dos av\u00f3s.\u00a0 A missa das 8h foi celebrada pelo p\u00e1roco, Frei Sal\u00e9sio Louren\u00e7o Hillesheim.<\/p>\n<p>Durante a homilia,\u00a0 o frade destacou o papel dos av\u00f3s na atualidade. &#8221; Neste dia, tamb\u00e9m gostar\u00edamos de dizer a cada av\u00f4, a cada av\u00f3, que felizes s\u00e3o voc\u00eas. \u00c9 pena que muitas vezes, n\u00f3s temos que constatar que sobre os av\u00f3s hoje, mais do que nunca, recaem a educa\u00e7\u00e3o dos netos. Eles n\u00e3o s\u00e3o apenas av\u00f3s, s\u00e3o tamb\u00e9m pais, m\u00e3es e muitas vezes as grandes preocupa\u00e7\u00f5es deles se restringem. Justamente nesta tarefa que muitas vezes devem assumir para ajudar os pr\u00f3prios filhos. Pe\u00e7amos ent\u00e3o a Deus que d\u00ea a eles, a todos os av\u00f3s, muita luz, muita for\u00e7a\u201d. No final da celebra\u00e7\u00e3o ele aben\u00e7oou os av\u00f3s presentes.<\/p>\n<p><img loading=\"lazy\" class=\" wp-image-249932 alignright\" src=\"https:\/\/franciscanos.org.br\/noticias\/wp-content\/uploads\/2024\/08\/EI4A39442-300x450.jpg\" alt=\"\" width=\"235\" height=\"353\" srcset=\"https:\/\/franciscanos.org.br\/noticias\/wp-content\/uploads\/2024\/08\/EI4A39442-300x450.jpg 300w, https:\/\/franciscanos.org.br\/noticias\/wp-content\/uploads\/2024\/08\/EI4A39442-683x1024.jpg 683w, https:\/\/franciscanos.org.br\/noticias\/wp-content\/uploads\/2024\/08\/EI4A39442-768x1152.jpg 768w, https:\/\/franciscanos.org.br\/noticias\/wp-content\/uploads\/2024\/08\/EI4A39442-1024x1536.jpg 1024w, https:\/\/franciscanos.org.br\/noticias\/wp-content\/uploads\/2024\/08\/EI4A39442-1365x2048.jpg 1365w, https:\/\/franciscanos.org.br\/noticias\/wp-content\/uploads\/2024\/08\/EI4A39442-150x225.jpg 150w, https:\/\/franciscanos.org.br\/noticias\/wp-content\/uploads\/2024\/08\/EI4A39442-scaled.jpg 720w\" sizes=\"(max-width: 235px) 100vw, 235px\" \/>No per\u00edodo da tarde, uma outra celebra\u00e7\u00e3o, presidida pelo Frei S\u00e9rgio Sebasti\u00e3o Pagan, tamb\u00e9m destacou a import\u00e2ncia dos av\u00f3s. Ap\u00f3s a b\u00ean\u00e7\u00e3o, todos foram convidados para uma confraterniza\u00e7\u00e3o especial no sal\u00e3o paroquial.<\/p>\n<p>No\u00a0 domingo, 28 de julho, a par\u00f3quia recebeu a visita do Vig\u00e1rio provincial, Frei Gustavo Wayand Medella,\u00a0 que presidiu a missa das 11h, do 17\u00b0 domingo do Tempo Comum. O frade, atualmente mora no Convento de Santo Ant\u00f4nio, no Largo da Carioca (RJ). A comunidade agradeceu a visita e deseja seu retorno em breve.<\/p>\n<p>Na sexta-feira, 02 de agosto, data da celebra\u00e7\u00e3o de Nossa Senhora dos Anjos,\u00a0 Dia do Perd\u00e3o de Assis e\u00a0 primeira sexta-feira do m\u00eas, a programa\u00e7\u00e3o foi especial. Na missa das 8h, Frei Sal\u00e9sio\u00a0 destacou na homilia a viv\u00eancia franciscana desta data. \u201cA Porci\u00fancula de Assis \u00e9 o lugar onde S\u00e3o Francisco de Assis come\u00e7ou a sua vida de convers\u00e3o. Ela \u00e9 conhecida como o lugar da miss\u00e3o, porque a partir dali, S\u00e3o Francisco de Assis enviava os irm\u00e3os pelo mundo e, ao mesmo tempo, reunia-se com todos. Ent\u00e3o, a Porci\u00fancula \u00e9 um lugar privilegiado e muito especial para a vida franciscana.\u00a0 \u00c9 o lugar onde\u00a0 nos vemos espelhamos, sobretudo, no cora\u00e7\u00e3o de Maria, o &#8216;Sim&#8217; dela gerando e construindo outros tantos sim.\u201d<\/p>\n\n\t\t<style type=\"text\/css\">\n\t\t\t#gallery-1 {\n\t\t\t\tmargin: auto;\n\t\t\t}\n\t\t\t#gallery-1 .gallery-item {\n\t\t\t\tfloat: left;\n\t\t\t\tmargin-top: 10px;\n\t\t\t\ttext-align: center;\n\t\t\t\twidth: 33%;\n\t\t\t}\n\t\t\t#gallery-1 img {\n\t\t\t\tborder: 2px solid #cfcfcf;\n\t\t\t}\n\t\t\t#gallery-1 .gallery-caption {\n\t\t\t\tmargin-left: 0;\n\t\t\t}\n\t\t\t\/* see gallery_shortcode() in wp-includes\/media.php *\/\n\t\t<\/style>\n\t\t<div id='gallery-1' class='gallery galleryid-249925 gallery-columns-3 gallery-size-medium'><dl class='gallery-item'>\n\t\t\t<dt class='gallery-icon landscape'>\n\t\t\t\t<a href='https:\/\/franciscanos.org.br\/noticias\/wp-content\/uploads\/2024\/08\/EI4A39552-scaled.jpg'><img width=\"450\" height=\"300\" src=\"https:\/\/franciscanos.org.br\/noticias\/wp-content\/uploads\/2024\/08\/EI4A39552-450x300.jpg\" class=\"attachment-medium size-medium\" alt=\"\" loading=\"lazy\" srcset=\"https:\/\/franciscanos.org.br\/noticias\/wp-content\/uploads\/2024\/08\/EI4A39552-450x300.jpg 450w, https:\/\/franciscanos.org.br\/noticias\/wp-content\/uploads\/2024\/08\/EI4A39552-1024x683.jpg 1024w, https:\/\/franciscanos.org.br\/noticias\/wp-content\/uploads\/2024\/08\/EI4A39552-768x512.jpg 768w, https:\/\/franciscanos.org.br\/noticias\/wp-content\/uploads\/2024\/08\/EI4A39552-1536x1024.jpg 1536w, https:\/\/franciscanos.org.br\/noticias\/wp-content\/uploads\/2024\/08\/EI4A39552-2048x1365.jpg 2048w, https:\/\/franciscanos.org.br\/noticias\/wp-content\/uploads\/2024\/08\/EI4A39552-150x100.jpg 150w, https:\/\/franciscanos.org.br\/noticias\/wp-content\/uploads\/2024\/08\/EI4A39552-scaled.jpg 1620w\" sizes=\"(max-width: 450px) 100vw, 450px\" \/><\/a>\n\t\t\t<\/dt><\/dl><dl class='gallery-item'>\n\t\t\t<dt class='gallery-icon landscape'>\n\t\t\t\t<a href='https:\/\/franciscanos.org.br\/noticias\/wp-content\/uploads\/2024\/08\/EI4A39912-1-scaled.jpg'><img width=\"450\" height=\"300\" src=\"https:\/\/franciscanos.org.br\/noticias\/wp-content\/uploads\/2024\/08\/EI4A39912-1-450x300.jpg\" class=\"attachment-medium size-medium\" alt=\"\" loading=\"lazy\" srcset=\"https:\/\/franciscanos.org.br\/noticias\/wp-content\/uploads\/2024\/08\/EI4A39912-1-450x300.jpg 450w, https:\/\/franciscanos.org.br\/noticias\/wp-content\/uploads\/2024\/08\/EI4A39912-1-1024x683.jpg 1024w, https:\/\/franciscanos.org.br\/noticias\/wp-content\/uploads\/2024\/08\/EI4A39912-1-768x512.jpg 768w, https:\/\/franciscanos.org.br\/noticias\/wp-content\/uploads\/2024\/08\/EI4A39912-1-1536x1024.jpg 1536w, https:\/\/franciscanos.org.br\/noticias\/wp-content\/uploads\/2024\/08\/EI4A39912-1-2048x1366.jpg 2048w, https:\/\/franciscanos.org.br\/noticias\/wp-content\/uploads\/2024\/08\/EI4A39912-1-150x100.jpg 150w, https:\/\/franciscanos.org.br\/noticias\/wp-content\/uploads\/2024\/08\/EI4A39912-1-scaled.jpg 1620w\" sizes=\"(max-width: 450px) 100vw, 450px\" \/><\/a>\n\t\t\t<\/dt><\/dl><dl class='gallery-item'>\n\t\t\t<dt class='gallery-icon landscape'>\n\t\t\t\t<a href='https:\/\/franciscanos.org.br\/noticias\/wp-content\/uploads\/2024\/08\/IMG-20240805-WA0049.jpg'><img width=\"450\" height=\"300\" src=\"https:\/\/franciscanos.org.br\/noticias\/wp-content\/uploads\/2024\/08\/IMG-20240805-WA0049-450x300.jpg\" class=\"attachment-medium size-medium\" alt=\"\" loading=\"lazy\" srcset=\"https:\/\/franciscanos.org.br\/noticias\/wp-content\/uploads\/2024\/08\/IMG-20240805-WA0049-450x300.jpg 450w, https:\/\/franciscanos.org.br\/noticias\/wp-content\/uploads\/2024\/08\/IMG-20240805-WA0049-1024x682.jpg 1024w, https:\/\/franciscanos.org.br\/noticias\/wp-content\/uploads\/2024\/08\/IMG-20240805-WA0049-768x512.jpg 768w, https:\/\/franciscanos.org.br\/noticias\/wp-content\/uploads\/2024\/08\/IMG-20240805-WA0049-1536x1023.jpg 1536w, https:\/\/franciscanos.org.br\/noticias\/wp-content\/uploads\/2024\/08\/IMG-20240805-WA0049-150x100.jpg 150w, https:\/\/franciscanos.org.br\/noticias\/wp-content\/uploads\/2024\/08\/IMG-20240805-WA0049.jpg 1600w\" sizes=\"(max-width: 450px) 100vw, 450px\" \/><\/a>\n\t\t\t<\/dt><\/dl><br style=\"clear: both\" \/>\n\t\t<\/div>\n\n<p>O t\u00edtulo dado a par\u00f3quia tamb\u00e9m foi destacado pelo frade. &#8220;Fazemos n\u00f3s aqui, em nossa Par\u00f3quia Porci\u00fancula de Sant\u2019Ana, esta liga\u00e7\u00e3o\u00a0 com a It\u00e1lia. Frei Donato tamb\u00e9m pensou, quando construiu essa casa bastante grande, que aqui (par\u00f3quia) fosse um lugar de encontro especial com o sagrado. Seu sonho era que aqui fosse um santu\u00e1rio, um lugar de perd\u00e3o, um lugar de acolhimento, um lugar de convers\u00e3o\u201d, salientou.<\/p>\n<p>Na parte da tarde, a missa das 15h, foi celebrada pelo Frei S\u00e9rgio, que relembrou a import\u00e2ncia do perd\u00e3o naquele dia:<br \/>\n\u201cN\u00f3s, franciscanos, e nossas igrejas hoje, assim como o Papa, celebramos o Dia do Perd\u00e3o de Assis, Dia do Perd\u00e3o da Porci\u00fancula, e aqui viemos pedir perd\u00e3o para receber Cristo na Eucaristia, neste momento dedicado ao Sagrado Cora\u00e7\u00e3o de Jesus.\u201d<\/p>\n<p>Como em toda primeira sexta-feira do m\u00eas, a celebra\u00e7\u00e3o encerrou com a Un\u00e7\u00e3o dos Enfermos.<\/p>\n<hr \/>\n<p>Larissa Rodrigues- Pascom Par\u00f3quia Porci\u00fancula<\/p>\n","protected":false},"excerpt":{"rendered":"<p>Celebra\u00e7\u00f5es marcaram Dia dos Av\u00f3s e Dia do Perd\u00e3o de Assis<\/p>\n","protected":false},"author":11,"featured_media":249936,"comment_status":"open","ping_status":"open","sticky":false,"template":"","format":"standard","meta":[],"categories":[1],"tags":[1842],"acf":[],"yoast_head":"<!-- This site is optimized with the Yoast SEO plugin v19.2 - https:\/\/yoast.com\/wordpress\/plugins\/seo\/ -->\n<title>Semana das Padroeiras na Par\u00f3quia Porci\u00fancula de Sant\u2019Ana em Niter\u00f3i - Not\u00edcias - Franciscanos<\/title>\n<meta name=\"robots\" content=\"index, follow, max-snippet:-1, max-image-preview:large, max-video-preview:-1\" \/>\n<link rel=\"canonical\" href=\"https:\/\/franciscanos.org.br\/noticias\/semana-das-padroeiras-na-paroquia-porciuncula-de-santana-em-niteroi.html\" \/>\n<meta property=\"og:locale\" content=\"pt_BR\" \/>\n<meta property=\"og:type\" content=\"article\" \/>\n<meta property=\"og:title\" content=\"Semana das Padroeiras na Par\u00f3quia Porci\u00fancula de Sant\u2019Ana em Niter\u00f3i - Not\u00edcias - Franciscanos\" \/>\n<meta property=\"og:description\" content=\"Celebra\u00e7\u00f5es marcaram Dia dos Av\u00f3s e Dia do Perd\u00e3o de Assis\" \/>\n<meta property=\"og:url\" content=\"https:\/\/franciscanos.org.br\/noticias\/semana-das-padroeiras-na-paroquia-porciuncula-de-santana-em-niteroi.html\" \/>\n<meta property=\"og:site_name\" content=\"Not\u00edcias - Franciscanos\" \/>\n<meta property=\"article:published_time\" content=\"2024-08-06T21:04:53+00:00\" \/>\n<meta property=\"article:modified_time\" content=\"2024-08-06T21:14:36+00:00\" \/>\n<meta property=\"og:image\" content=\"https:\/\/franciscanos.org.br\/noticias\/wp-content\/uploads\/2024\/08\/CHAMADA-SITE.jpg\" \/>\n\t<meta property=\"og:image:width\" content=\"800\" \/>\n\t<meta property=\"og:image:height\" content=\"550\" \/>\n\t<meta property=\"og:image:type\" content=\"image\/jpeg\" \/>\n<meta name=\"author\" content=\"Adriana Rabelo\" \/>\n<meta name=\"twitter:card\" content=\"summary_large_image\" \/>\n<meta name=\"twitter:label1\" content=\"Escrito por\" \/>\n\t<meta name=\"twitter:data1\" content=\"Adriana Rabelo\" \/>\n\t<meta name=\"twitter:label2\" content=\"Est. tempo de leitura\" \/>\n\t<meta name=\"twitter:data2\" content=\"3 minutos\" \/>\n<script type=\"application\/ld+json\" class=\"yoast-schema-graph\">{\"@context\":\"https:\/\/schema.org\",\"@graph\":[{\"@type\":\"WebSite\",\"@id\":\"https:\/\/franciscanos.org.br\/noticias\/#website\",\"url\":\"https:\/\/franciscanos.org.br\/noticias\/\",\"name\":\"Not\u00edcias - Franciscanos\",\"description\":\"Prov\u00edncia Franciscana da Imaculada Concei\u00e7\u00e3o do Brasil - Ordem dos Frades Menores - OFM\",\"potentialAction\":[{\"@type\":\"SearchAction\",\"target\":{\"@type\":\"EntryPoint\",\"urlTemplate\":\"https:\/\/franciscanos.org.br\/noticias\/?s={search_term_string}\"},\"query-input\":\"required name=search_term_string\"}],\"inLanguage\":\"pt-BR\"},{\"@type\":\"ImageObject\",\"inLanguage\":\"pt-BR\",\"@id\":\"https:\/\/franciscanos.org.br\/noticias\/semana-das-padroeiras-na-paroquia-porciuncula-de-santana-em-niteroi.html#primaryimage\",\"url\":\"https:\/\/franciscanos.org.br\/noticias\/wp-content\/uploads\/2024\/08\/CHAMADA-SITE.jpg\",\"contentUrl\":\"https:\/\/franciscanos.org.br\/noticias\/wp-content\/uploads\/2024\/08\/CHAMADA-SITE.jpg\",\"width\":800,\"height\":550},{\"@type\":\"WebPage\",\"@id\":\"https:\/\/franciscanos.org.br\/noticias\/semana-das-padroeiras-na-paroquia-porciuncula-de-santana-em-niteroi.html#webpage\",\"url\":\"https:\/\/franciscanos.org.br\/noticias\/semana-das-padroeiras-na-paroquia-porciuncula-de-santana-em-niteroi.html\",\"name\":\"Semana das Padroeiras na Par\u00f3quia Porci\u00fancula de Sant\u2019Ana em Niter\u00f3i - Not\u00edcias - Franciscanos\",\"isPartOf\":{\"@id\":\"https:\/\/franciscanos.org.br\/noticias\/#website\"},\"primaryImageOfPage\":{\"@id\":\"https:\/\/franciscanos.org.br\/noticias\/semana-das-padroeiras-na-paroquia-porciuncula-de-santana-em-niteroi.html#primaryimage\"},\"datePublished\":\"2024-08-06T21:04:53+00:00\",\"dateModified\":\"2024-08-06T21:14:36+00:00\",\"author\":{\"@id\":\"https:\/\/franciscanos.org.br\/noticias\/#\/schema\/person\/d9422e83121c3ad3b0f423d195f5bb25\"},\"breadcrumb\":{\"@id\":\"https:\/\/franciscanos.org.br\/noticias\/semana-das-padroeiras-na-paroquia-porciuncula-de-santana-em-niteroi.html#breadcrumb\"},\"inLanguage\":\"pt-BR\",\"potentialAction\":[{\"@type\":\"ReadAction\",\"target\":[\"https:\/\/franciscanos.org.br\/noticias\/semana-das-padroeiras-na-paroquia-porciuncula-de-santana-em-niteroi.html\"]}]},{\"@type\":\"BreadcrumbList\",\"@id\":\"https:\/\/franciscanos.org.br\/noticias\/semana-das-padroeiras-na-paroquia-porciuncula-de-santana-em-niteroi.html#breadcrumb\",\"itemListElement\":[{\"@type\":\"ListItem\",\"position\":1,\"name\":\"Home\",\"item\":\"https:\/\/franciscanos.org.br\/noticias\"},{\"@type\":\"ListItem\",\"position\":2,\"name\":\"Semana das Padroeiras na Par\u00f3quia Porci\u00fancula de Sant\u2019Ana em Niter\u00f3i\"}]},{\"@type\":\"Person\",\"@id\":\"https:\/\/franciscanos.org.br\/noticias\/#\/schema\/person\/d9422e83121c3ad3b0f423d195f5bb25\",\"name\":\"Adriana Rabelo\",\"image\":{\"@type\":\"ImageObject\",\"inLanguage\":\"pt-BR\",\"@id\":\"https:\/\/franciscanos.org.br\/noticias\/#\/schema\/person\/image\/\",\"url\":\"https:\/\/secure.gravatar.com\/avatar\/0a937b7500cd7df77540cfb8bede877d?s=96&d=mm&r=g\",\"contentUrl\":\"https:\/\/secure.gravatar.com\/avatar\/0a937b7500cd7df77540cfb8bede877d?s=96&d=mm&r=g\",\"caption\":\"Adriana Rabelo\"},\"url\":\"https:\/\/franciscanos.org.br\/noticias\/author\/adrianarabelo\"}]}<\/script>\n<!-- \/ Yoast SEO plugin. -->","yoast_head_json":{"title":"Semana das Padroeiras na Par\u00f3quia Porci\u00fancula de Sant\u2019Ana em Niter\u00f3i - Not\u00edcias - Franciscanos","robots":{"index":"index","follow":"follow","max-snippet":"max-snippet:-1","max-image-preview":"max-image-preview:large","max-video-preview":"max-video-preview:-1"},"canonical":"https:\/\/franciscanos.org.br\/noticias\/semana-das-padroeiras-na-paroquia-porciuncula-de-santana-em-niteroi.html","og_locale":"pt_BR","og_type":"article","og_title":"Semana das Padroeiras na Par\u00f3quia Porci\u00fancula de Sant\u2019Ana em Niter\u00f3i - Not\u00edcias - Franciscanos","og_description":"Celebra\u00e7\u00f5es marcaram Dia dos Av\u00f3s e Dia do Perd\u00e3o de Assis","og_url":"https:\/\/franciscanos.org.br\/noticias\/semana-das-padroeiras-na-paroquia-porciuncula-de-santana-em-niteroi.html","og_site_name":"Not\u00edcias - Franciscanos","article_published_time":"2024-08-06T21:04:53+00:00","article_modified_time":"2024-08-06T21:14:36+00:00","og_image":[{"width":800,"height":550,"url":"https:\/\/franciscanos.org.br\/noticias\/wp-content\/uploads\/2024\/08\/CHAMADA-SITE.jpg","type":"image\/jpeg"}],"author":"Adriana Rabelo","twitter_card":"summary_large_image","twitter_misc":{"Escrito por":"Adriana Rabelo","Est. tempo de leitura":"3 minutos"},"schema":{"@context":"https:\/\/schema.org","@graph":[{"@type":"WebSite","@id":"https:\/\/franciscanos.org.br\/noticias\/#website","url":"https:\/\/franciscanos.org.br\/noticias\/","name":"Not\u00edcias - Franciscanos","description":"Prov\u00edncia Franciscana da Imaculada Concei\u00e7\u00e3o do Brasil - Ordem dos Frades Menores - OFM","potentialAction":[{"@type":"SearchAction","target":{"@type":"EntryPoint","urlTemplate":"https:\/\/franciscanos.org.br\/noticias\/?s={search_term_string}"},"query-input":"required name=search_term_string"}],"inLanguage":"pt-BR"},{"@type":"ImageObject","inLanguage":"pt-BR","@id":"https:\/\/franciscanos.org.br\/noticias\/semana-das-padroeiras-na-paroquia-porciuncula-de-santana-em-niteroi.html#primaryimage","url":"https:\/\/franciscanos.org.br\/noticias\/wp-content\/uploads\/2024\/08\/CHAMADA-SITE.jpg","contentUrl":"https:\/\/franciscanos.org.br\/noticias\/wp-content\/uploads\/2024\/08\/CHAMADA-SITE.jpg","width":800,"height":550},{"@type":"WebPage","@id":"https:\/\/franciscanos.org.br\/noticias\/semana-das-padroeiras-na-paroquia-porciuncula-de-santana-em-niteroi.html#webpage","url":"https:\/\/franciscanos.org.br\/noticias\/semana-das-padroeiras-na-paroquia-porciuncula-de-santana-em-niteroi.html","name":"Semana das Padroeiras na Par\u00f3quia Porci\u00fancula de Sant\u2019Ana em Niter\u00f3i - Not\u00edcias - Franciscanos","isPartOf":{"@id":"https:\/\/franciscanos.org.br\/noticias\/#website"},"primaryImageOfPage":{"@id":"https:\/\/franciscanos.org.br\/noticias\/semana-das-padroeiras-na-paroquia-porciuncula-de-santana-em-niteroi.html#primaryimage"},"datePublished":"2024-08-06T21:04:53+00:00","dateModified":"2024-08-06T21:14:36+00:00","author":{"@id":"https:\/\/franciscanos.org.br\/noticias\/#\/schema\/person\/d9422e83121c3ad3b0f423d195f5bb25"},"breadcrumb":{"@id":"https:\/\/franciscanos.org.br\/noticias\/semana-das-padroeiras-na-paroquia-porciuncula-de-santana-em-niteroi.html#breadcrumb"},"inLanguage":"pt-BR","potentialAction":[{"@type":"ReadAction","target":["https:\/\/franciscanos.org.br\/noticias\/semana-das-padroeiras-na-paroquia-porciuncula-de-santana-em-niteroi.html"]}]},{"@type":"BreadcrumbList","@id":"https:\/\/franciscanos.org.br\/noticias\/semana-das-padroeiras-na-paroquia-porciuncula-de-santana-em-niteroi.html#breadcrumb","itemListElement":[{"@type":"ListItem","position":1,"name":"Home","item":"https:\/\/franciscanos.org.br\/noticias"},{"@type":"ListItem","position":2,"name":"Semana das Padroeiras na Par\u00f3quia Porci\u00fancula de Sant\u2019Ana em Niter\u00f3i"}]},{"@type":"Person","@id":"https:\/\/franciscanos.org.br\/noticias\/#\/schema\/person\/d9422e83121c3ad3b0f423d195f5bb25","name":"Adriana Rabelo","image":{"@type":"ImageObject","inLanguage":"pt-BR","@id":"https:\/\/franciscanos.org.br\/noticias\/#\/schema\/person\/image\/","url":"https:\/\/secure.gravatar.com\/avatar\/0a937b7500cd7df77540cfb8bede877d?s=96&d=mm&r=g","contentUrl":"https:\/\/secure.gravatar.com\/avatar\/0a937b7500cd7df77540cfb8bede877d?s=96&d=mm&r=g","caption":"Adriana Rabelo"},"url":"https:\/\/franciscanos.org.br\/noticias\/author\/adrianarabelo"}]}},"_links":{"self":[{"href":"https:\/\/franciscanos.org.br\/noticias\/wp-json\/wp\/v2\/posts\/249925"}],"collection":[{"href":"https:\/\/franciscanos.org.br\/noticias\/wp-json\/wp\/v2\/posts"}],"about":[{"href":"https:\/\/franciscanos.org.br\/noticias\/wp-json\/wp\/v2\/types\/post"}],"author":[{"embeddable":true,"href":"https:\/\/franciscanos.org.br\/noticias\/wp-json\/wp\/v2\/users\/11"}],"replies":[{"embeddable":true,"href":"https:\/\/franciscanos.org.br\/noticias\/wp-json\/wp\/v2\/comments?post=249925"}],"version-history":[{"count":7,"href":"https:\/\/franciscanos.org.br\/noticias\/wp-json\/wp\/v2\/posts\/249925\/revisions"}],"predecessor-version":[{"id":249940,"href":"https:\/\/franciscanos.org.br\/noticias\/wp-json\/wp\/v2\/posts\/249925\/revisions\/249940"}],"wp:featuredmedia":[{"embeddable":true,"href":"https:\/\/franciscanos.org.br\/noticias\/wp-json\/wp\/v2\/media\/249936"}],"wp:attachment":[{"href":"https:\/\/franciscanos.org.br\/noticias\/wp-json\/wp\/v2\/media?parent=249925"}],"wp:term":[{"taxonomy":"category","embeddable":true,"href":"https:\/\/franciscanos.org.br\/noticias\/wp-json\/wp\/v2\/categories?post=249925"},{"taxonomy":"post_tag","embeddable":true,"href":"https:\/\/franciscanos.org.br\/noticias\/wp-json\/wp\/v2\/tags?post=249925"}],"curies":[{"name":"wp","href":"https:\/\/api.w.org\/{rel}","templated":true}]}}