{"id":249895,"date":"2024-08-06T15:46:25","date_gmt":"2024-08-06T18:46:25","guid":{"rendered":"https:\/\/franciscanos.org.br\/noticias\/?p=249895"},"modified":"2024-08-09T13:58:55","modified_gmt":"2024-08-09T16:58:55","slug":"usf-realiza-semana-de-planejamento-pedagogico-e-formacao-para-o-2o-semestre","status":"publish","type":"post","link":"https:\/\/franciscanos.org.br\/noticias\/usf-realiza-semana-de-planejamento-pedagogico-e-formacao-para-o-2o-semestre.html","title":{"rendered":"USF realiza Semana de Planejamento Pedag\u00f3gico e Forma\u00e7\u00e3o para o 2\u00ba semestre"},"content":{"rendered":"<p><img loading=\"lazy\" class=\"aligncenter wp-image-249897 size-full\" src=\"https:\/\/franciscanos.org.br\/noticias\/wp-content\/uploads\/2024\/08\/MATERIA-3-2.jpg\" alt=\"\" width=\"800\" height=\"550\" srcset=\"https:\/\/franciscanos.org.br\/noticias\/wp-content\/uploads\/2024\/08\/MATERIA-3-2.jpg 800w, https:\/\/franciscanos.org.br\/noticias\/wp-content\/uploads\/2024\/08\/MATERIA-3-2-450x309.jpg 450w, https:\/\/franciscanos.org.br\/noticias\/wp-content\/uploads\/2024\/08\/MATERIA-3-2-768x528.jpg 768w, https:\/\/franciscanos.org.br\/noticias\/wp-content\/uploads\/2024\/08\/MATERIA-3-2-150x103.jpg 150w, https:\/\/franciscanos.org.br\/noticias\/wp-content\/uploads\/2024\/08\/MATERIA-3-2-320x220.jpg 320w\" sizes=\"(max-width: 800px) 100vw, 800px\" \/><\/p>\n<p>A Universidade S\u00e3o Francisco (USF) promoveu, de 29 de julho a 02 de agosto, a Semana de Planejamento Pedag\u00f3gico e Forma\u00e7\u00e3o, com o tema \u201cImers\u00e3o no C@mpus Digital \u2013 Explorando novos espa\u00e7os e processos de aprendizagem\u201d, com atividades para todos os docentes e colaboradores.<\/p>\n<p>Na ter\u00e7a-feira, 30 de julho, ocorreu a recep\u00e7\u00e3o oficial com a participa\u00e7\u00e3o da Reitoria da Universidade e da Mantenedora. O evento foi realizado no Sal\u00e3o Nobre do c\u00e2mpus Bragan\u00e7a Paulista, com transmiss\u00e3o para os outros c\u00e2mpus da USF, e contou com a presen\u00e7a do diretor-presidente da Casa de Nossa Senhora da Paz \u2013 A\u00e7\u00e3o Social Franciscana (CNSP \u2013 ASF), Frei Daniel Dellandrea, do reitor, Frei Gilberto Gon\u00e7alves Garcia, do vice-reitor Frei Thiago Alexandre Hayakawa, do pr\u00f3-reitor de Ensino, Pesquisa e Extens\u00e3o, professor Dilnei Lorenzi, e do pr\u00f3-reitor de Administra\u00e7\u00e3o e Planejamento, professor Adriel de Moura Cabral, al\u00e9m dos diretores de c\u00e2mpus, docentes e colaboradores.<\/p>\n\n\t\t<style type=\"text\/css\">\n\t\t\t#gallery-1 {\n\t\t\t\tmargin: auto;\n\t\t\t}\n\t\t\t#gallery-1 .gallery-item {\n\t\t\t\tfloat: left;\n\t\t\t\tmargin-top: 10px;\n\t\t\t\ttext-align: center;\n\t\t\t\twidth: 25%;\n\t\t\t}\n\t\t\t#gallery-1 img {\n\t\t\t\tborder: 2px solid #cfcfcf;\n\t\t\t}\n\t\t\t#gallery-1 .gallery-caption {\n\t\t\t\tmargin-left: 0;\n\t\t\t}\n\t\t\t\/* see gallery_shortcode() in wp-includes\/media.php *\/\n\t\t<\/style>\n\t\t<div id='gallery-1' class='gallery galleryid-249895 gallery-columns-4 gallery-size-medium'><dl class='gallery-item'>\n\t\t\t<dt class='gallery-icon landscape'>\n\t\t\t\t<a href='https:\/\/franciscanos.org.br\/noticias\/wp-content\/uploads\/2024\/08\/IC4A9943-scaled.jpg'><img width=\"450\" height=\"300\" src=\"https:\/\/franciscanos.org.br\/noticias\/wp-content\/uploads\/2024\/08\/IC4A9943-450x300.jpg\" class=\"attachment-medium size-medium\" alt=\"\" loading=\"lazy\" srcset=\"https:\/\/franciscanos.org.br\/noticias\/wp-content\/uploads\/2024\/08\/IC4A9943-450x300.jpg 450w, https:\/\/franciscanos.org.br\/noticias\/wp-content\/uploads\/2024\/08\/IC4A9943-1024x683.jpg 1024w, https:\/\/franciscanos.org.br\/noticias\/wp-content\/uploads\/2024\/08\/IC4A9943-768x512.jpg 768w, https:\/\/franciscanos.org.br\/noticias\/wp-content\/uploads\/2024\/08\/IC4A9943-1536x1024.jpg 1536w, https:\/\/franciscanos.org.br\/noticias\/wp-content\/uploads\/2024\/08\/IC4A9943-2048x1365.jpg 2048w, https:\/\/franciscanos.org.br\/noticias\/wp-content\/uploads\/2024\/08\/IC4A9943-150x100.jpg 150w, https:\/\/franciscanos.org.br\/noticias\/wp-content\/uploads\/2024\/08\/IC4A9943-scaled.jpg 1620w\" sizes=\"(max-width: 450px) 100vw, 450px\" \/><\/a>\n\t\t\t<\/dt><\/dl><dl class='gallery-item'>\n\t\t\t<dt class='gallery-icon landscape'>\n\t\t\t\t<a href='https:\/\/franciscanos.org.br\/noticias\/wp-content\/uploads\/2024\/08\/IC4A0074-scaled.jpg'><img width=\"450\" height=\"300\" src=\"https:\/\/franciscanos.org.br\/noticias\/wp-content\/uploads\/2024\/08\/IC4A0074-450x300.jpg\" class=\"attachment-medium size-medium\" alt=\"\" loading=\"lazy\" srcset=\"https:\/\/franciscanos.org.br\/noticias\/wp-content\/uploads\/2024\/08\/IC4A0074-450x300.jpg 450w, https:\/\/franciscanos.org.br\/noticias\/wp-content\/uploads\/2024\/08\/IC4A0074-1024x683.jpg 1024w, https:\/\/franciscanos.org.br\/noticias\/wp-content\/uploads\/2024\/08\/IC4A0074-768x512.jpg 768w, https:\/\/franciscanos.org.br\/noticias\/wp-content\/uploads\/2024\/08\/IC4A0074-1536x1024.jpg 1536w, https:\/\/franciscanos.org.br\/noticias\/wp-content\/uploads\/2024\/08\/IC4A0074-2048x1365.jpg 2048w, https:\/\/franciscanos.org.br\/noticias\/wp-content\/uploads\/2024\/08\/IC4A0074-150x100.jpg 150w, https:\/\/franciscanos.org.br\/noticias\/wp-content\/uploads\/2024\/08\/IC4A0074-scaled.jpg 1620w\" sizes=\"(max-width: 450px) 100vw, 450px\" \/><\/a>\n\t\t\t<\/dt><\/dl><dl class='gallery-item'>\n\t\t\t<dt class='gallery-icon landscape'>\n\t\t\t\t<a href='https:\/\/franciscanos.org.br\/noticias\/wp-content\/uploads\/2024\/08\/IC4A9989-scaled.jpg'><img width=\"450\" height=\"300\" src=\"https:\/\/franciscanos.org.br\/noticias\/wp-content\/uploads\/2024\/08\/IC4A9989-450x300.jpg\" class=\"attachment-medium size-medium\" alt=\"\" loading=\"lazy\" srcset=\"https:\/\/franciscanos.org.br\/noticias\/wp-content\/uploads\/2024\/08\/IC4A9989-450x300.jpg 450w, https:\/\/franciscanos.org.br\/noticias\/wp-content\/uploads\/2024\/08\/IC4A9989-1024x683.jpg 1024w, https:\/\/franciscanos.org.br\/noticias\/wp-content\/uploads\/2024\/08\/IC4A9989-768x512.jpg 768w, https:\/\/franciscanos.org.br\/noticias\/wp-content\/uploads\/2024\/08\/IC4A9989-1536x1024.jpg 1536w, https:\/\/franciscanos.org.br\/noticias\/wp-content\/uploads\/2024\/08\/IC4A9989-2048x1365.jpg 2048w, https:\/\/franciscanos.org.br\/noticias\/wp-content\/uploads\/2024\/08\/IC4A9989-150x100.jpg 150w, https:\/\/franciscanos.org.br\/noticias\/wp-content\/uploads\/2024\/08\/IC4A9989-scaled.jpg 1620w\" sizes=\"(max-width: 450px) 100vw, 450px\" \/><\/a>\n\t\t\t<\/dt><\/dl><dl class='gallery-item'>\n\t\t\t<dt class='gallery-icon landscape'>\n\t\t\t\t<a href='https:\/\/franciscanos.org.br\/noticias\/wp-content\/uploads\/2024\/08\/WhatsApp-Image-2024-07-31-at-12.08.27-2.jpeg'><img width=\"450\" height=\"300\" src=\"https:\/\/franciscanos.org.br\/noticias\/wp-content\/uploads\/2024\/08\/WhatsApp-Image-2024-07-31-at-12.08.27-2-450x300.jpeg\" class=\"attachment-medium size-medium\" alt=\"\" loading=\"lazy\" srcset=\"https:\/\/franciscanos.org.br\/noticias\/wp-content\/uploads\/2024\/08\/WhatsApp-Image-2024-07-31-at-12.08.27-2-450x300.jpeg 450w, https:\/\/franciscanos.org.br\/noticias\/wp-content\/uploads\/2024\/08\/WhatsApp-Image-2024-07-31-at-12.08.27-2-1024x682.jpeg 1024w, https:\/\/franciscanos.org.br\/noticias\/wp-content\/uploads\/2024\/08\/WhatsApp-Image-2024-07-31-at-12.08.27-2-768x512.jpeg 768w, https:\/\/franciscanos.org.br\/noticias\/wp-content\/uploads\/2024\/08\/WhatsApp-Image-2024-07-31-at-12.08.27-2-1536x1023.jpeg 1536w, https:\/\/franciscanos.org.br\/noticias\/wp-content\/uploads\/2024\/08\/WhatsApp-Image-2024-07-31-at-12.08.27-2-150x100.jpeg 150w, https:\/\/franciscanos.org.br\/noticias\/wp-content\/uploads\/2024\/08\/WhatsApp-Image-2024-07-31-at-12.08.27-2.jpeg 1600w\" sizes=\"(max-width: 450px) 100vw, 450px\" \/><\/a>\n\t\t\t<\/dt><\/dl><br style=\"clear: both\" \/>\n\t\t<\/div>\n\n<p>Durante a abertura, o reitor apresentou um panorama das mudan\u00e7as de pol\u00edticas p\u00fablicas para o setor de aprendizagem e seus desafios. \u201cVamos seguir em frente, tornando a nossa Universidade S\u00e3o Francisco cada vez mais um espa\u00e7o acad\u00eamico de qualidade e de compromisso com valores sociais fundamentais, que est\u00e3o muito bem descritos e apresentados pela moldura da espiritualidade franciscana de S\u00e3o Francisco de Assis, que todos aqui conhecemos muito bem\u201d, comentou Frei Gilberto.<img loading=\"lazy\" class=\" wp-image-249903 alignright\" src=\"https:\/\/franciscanos.org.br\/noticias\/wp-content\/uploads\/2024\/08\/IC4A0093-1-450x300.jpg\" alt=\"\" width=\"519\" height=\"346\" srcset=\"https:\/\/franciscanos.org.br\/noticias\/wp-content\/uploads\/2024\/08\/IC4A0093-1-450x300.jpg 450w, https:\/\/franciscanos.org.br\/noticias\/wp-content\/uploads\/2024\/08\/IC4A0093-1-1024x683.jpg 1024w, https:\/\/franciscanos.org.br\/noticias\/wp-content\/uploads\/2024\/08\/IC4A0093-1-768x512.jpg 768w, https:\/\/franciscanos.org.br\/noticias\/wp-content\/uploads\/2024\/08\/IC4A0093-1-1536x1024.jpg 1536w, https:\/\/franciscanos.org.br\/noticias\/wp-content\/uploads\/2024\/08\/IC4A0093-1-2048x1365.jpg 2048w, https:\/\/franciscanos.org.br\/noticias\/wp-content\/uploads\/2024\/08\/IC4A0093-1-150x100.jpg 150w, https:\/\/franciscanos.org.br\/noticias\/wp-content\/uploads\/2024\/08\/IC4A0093-1-scaled.jpg 1620w\" sizes=\"(max-width: 519px) 100vw, 519px\" \/><\/p>\n<p>O presidente da mantenedora destacou a presen\u00e7a franciscana na educa\u00e7\u00e3o superior brasileira e a miss\u00e3o da USF neste cen\u00e1rio. \u201cObservando os temas das muitas oficinas, pude concluir que todas est\u00e3o direcionadas \u00e0quilo que acreditamos em nossa miss\u00e3o, a miss\u00e3o da USF, que \u00e9 educar para a paz e o bem, com excel\u00eancia acad\u00eamica, pluralismo, inova\u00e7\u00e3o e sustentabilidade. Esta miss\u00e3o dever\u00e1 ser o prop\u00f3sito que ilumina toda a Semana Pedag\u00f3gica. \u00c9 ela que nos ajudar\u00e1 a manter um objetivo comum e conceber um projeto muito maior do que \u00e0s vezes imaginamos. Pertencer a esta institui\u00e7\u00e3o de ensino superior, uma institui\u00e7\u00e3o franciscana, \u00e9 acreditar neste projeto de educar para a paz e o bem, com excel\u00eancia acad\u00eamica, pluralismo, inova\u00e7\u00e3o e sustentabilidade. Existimos por causa deste projeto. E aqui fa\u00e7o um convite: sintam-se todos cooperadores desta nobre miss\u00e3o\u201d, ressaltou frei Daniel.<\/p>\n<p>Para o vice-reitor, a pol\u00edtica p\u00fablica da curriculariza\u00e7\u00e3o da extens\u00e3o foi um marco importante no primeiro semestre deste ano, com o trabalho desenvolvido pelos docentes e analistas que participaram do projeto. \u201cTodo esse trabalho da curriculariza\u00e7\u00e3o tem potencializado algo que acredito ser uma marca da Universidade de S\u00e3o Francisco. Essa marca \u00e9 justamente a produ\u00e7\u00e3o de conhecimento em franco di\u00e1logo com a sociedade. Os relatos que recebemos mostram como esse processo de curriculariza\u00e7\u00e3o, por meio dos componentes extensionistas, tem trazido a comunidade para dentro da institui\u00e7\u00e3o\u201d, explicou Frei Thiago.<\/p>\n<p>Para o pr\u00f3-reitor de Ensino, Pesquisa e Extens\u00e3o, professor Dilnei Lorenzi, a Semana de Planejamento \u00e9 fundamental para o bom desenvolvimento do semestre. \u201cPreparar o nosso semestre ao longo dos \u00faltimos anos tem sido sempre baseado na premissa de que somos uma universidade em forma\u00e7\u00e3o. Isso \u00e9 decisivo, pois assumimos que a forma\u00e7\u00e3o \u00e9 importante n\u00e3o somente para os nossos estudantes, mas tamb\u00e9m para o nosso corpo docente e administrativo. Com certeza, j\u00e1 estamos em um outro patamar de institui\u00e7\u00e3o. A forma\u00e7\u00e3o, no entanto, n\u00e3o termina nesta semana; ela continua. Portanto, fa\u00e7am bom uso das oportunidades, aproveite e dedique-se, para que possamos come\u00e7ar bem este semestre na pr\u00f3xima semana\u201d, disse o pr\u00f3-reitor.<\/p>\n<p><img loading=\"lazy\" class=\" wp-image-249905 alignleft\" src=\"https:\/\/franciscanos.org.br\/noticias\/wp-content\/uploads\/2024\/08\/IC4A9939-450x300.jpg\" alt=\"\" width=\"432\" height=\"288\" srcset=\"https:\/\/franciscanos.org.br\/noticias\/wp-content\/uploads\/2024\/08\/IC4A9939-450x300.jpg 450w, https:\/\/franciscanos.org.br\/noticias\/wp-content\/uploads\/2024\/08\/IC4A9939-1024x683.jpg 1024w, https:\/\/franciscanos.org.br\/noticias\/wp-content\/uploads\/2024\/08\/IC4A9939-768x512.jpg 768w, https:\/\/franciscanos.org.br\/noticias\/wp-content\/uploads\/2024\/08\/IC4A9939-1536x1024.jpg 1536w, https:\/\/franciscanos.org.br\/noticias\/wp-content\/uploads\/2024\/08\/IC4A9939-2048x1365.jpg 2048w, https:\/\/franciscanos.org.br\/noticias\/wp-content\/uploads\/2024\/08\/IC4A9939-150x100.jpg 150w, https:\/\/franciscanos.org.br\/noticias\/wp-content\/uploads\/2024\/08\/IC4A9939-scaled.jpg 1620w\" sizes=\"(max-width: 432px) 100vw, 432px\" \/>O pr\u00f3-reitor de Administra\u00e7\u00e3o e Planejamento, professor Adriel de Moura Cabral, destacou a relev\u00e2ncia da USF no cen\u00e1rio da educa\u00e7\u00e3o superior, com a marca de 26 mil estudantes. \u201cEssa conquista \u00e9 resultado do esfor\u00e7o de todo o time, tanto da parte acad\u00eamica quanto da administrativa, do corpo da Universidade de S\u00e3o Francisco e da nossa mantenedora. N\u00e3o alcan\u00e7amos esse n\u00famero de estudantes e esse patamar sem o empenho e a dedica\u00e7\u00e3o de cada um de voc\u00eas no dia a dia junto aos nossos alunos. Esse \u00e9 o resultado do trabalho de todos\u201d, afirmou o professor Adriel, que tamb\u00e9n agradeceu o empenho dos funcion\u00e1rios.\u00a0 &#8220;Gostaria de agradecer, especialmente durante esta Semana Pedag\u00f3gica, ao nosso corpo t\u00e9cnico-administrativo. Enquanto muitos de n\u00f3s est\u00e1vamos de f\u00e9rias, eles estavam batalhando, correndo com as prepara\u00e7\u00f5es para o novo semestre que est\u00e1 come\u00e7ando&#8221;, ressaltou.<\/p>\n<p>A Semana Pedag\u00f3gica ofereceu, ao longo de cinco dias, 38 atividades voltadas para docentes e o corpo t\u00e9cnico-administrativo, atraindo mais de 2 mil participantes.<\/p>\n<hr \/>\n<p>Ana Paula Moreira- Assessoria\u00a0 USF<\/p>\n","protected":false},"excerpt":{"rendered":"<p>Universidade S\u00e3o Francisco conta com 26 mil estudantes<\/p>\n","protected":false},"author":11,"featured_media":249898,"comment_status":"open","ping_status":"open","sticky":false,"template":"","format":"standard","meta":[],"categories":[1],"tags":[354],"acf":[],"yoast_head":"<!-- This site is optimized with the Yoast SEO plugin v19.2 - https:\/\/yoast.com\/wordpress\/plugins\/seo\/ -->\n<title>USF realiza Semana de Planejamento Pedag\u00f3gico e Forma\u00e7\u00e3o para o 2\u00ba semestre - Not\u00edcias - Franciscanos<\/title>\n<meta name=\"robots\" content=\"index, follow, max-snippet:-1, max-image-preview:large, max-video-preview:-1\" \/>\n<link rel=\"canonical\" href=\"https:\/\/franciscanos.org.br\/noticias\/usf-realiza-semana-de-planejamento-pedagogico-e-formacao-para-o-2o-semestre.html\" \/>\n<meta property=\"og:locale\" content=\"pt_BR\" \/>\n<meta property=\"og:type\" content=\"article\" \/>\n<meta property=\"og:title\" content=\"USF realiza Semana de Planejamento Pedag\u00f3gico e Forma\u00e7\u00e3o para o 2\u00ba semestre - Not\u00edcias - Franciscanos\" \/>\n<meta property=\"og:description\" content=\"Universidade S\u00e3o Francisco conta com 26 mil estudantes\" \/>\n<meta property=\"og:url\" content=\"https:\/\/franciscanos.org.br\/noticias\/usf-realiza-semana-de-planejamento-pedagogico-e-formacao-para-o-2o-semestre.html\" \/>\n<meta property=\"og:site_name\" content=\"Not\u00edcias - Franciscanos\" \/>\n<meta property=\"article:published_time\" content=\"2024-08-06T18:46:25+00:00\" \/>\n<meta property=\"article:modified_time\" content=\"2024-08-09T16:58:55+00:00\" \/>\n<meta property=\"og:image\" content=\"https:\/\/franciscanos.org.br\/noticias\/wp-content\/uploads\/2024\/08\/CHAMADA1.jpg\" \/>\n\t<meta property=\"og:image:width\" content=\"800\" \/>\n\t<meta property=\"og:image:height\" content=\"550\" \/>\n\t<meta property=\"og:image:type\" content=\"image\/jpeg\" \/>\n<meta name=\"author\" content=\"Adriana Rabelo\" \/>\n<meta name=\"twitter:card\" content=\"summary_large_image\" \/>\n<meta name=\"twitter:label1\" content=\"Escrito por\" \/>\n\t<meta name=\"twitter:data1\" content=\"Adriana Rabelo\" \/>\n\t<meta name=\"twitter:label2\" content=\"Est. tempo de leitura\" \/>\n\t<meta name=\"twitter:data2\" content=\"4 minutos\" \/>\n<script type=\"application\/ld+json\" class=\"yoast-schema-graph\">{\"@context\":\"https:\/\/schema.org\",\"@graph\":[{\"@type\":\"WebSite\",\"@id\":\"https:\/\/franciscanos.org.br\/noticias\/#website\",\"url\":\"https:\/\/franciscanos.org.br\/noticias\/\",\"name\":\"Not\u00edcias - Franciscanos\",\"description\":\"Prov\u00edncia Franciscana da Imaculada Concei\u00e7\u00e3o do Brasil - Ordem dos Frades Menores - OFM\",\"potentialAction\":[{\"@type\":\"SearchAction\",\"target\":{\"@type\":\"EntryPoint\",\"urlTemplate\":\"https:\/\/franciscanos.org.br\/noticias\/?s={search_term_string}\"},\"query-input\":\"required name=search_term_string\"}],\"inLanguage\":\"pt-BR\"},{\"@type\":\"ImageObject\",\"inLanguage\":\"pt-BR\",\"@id\":\"https:\/\/franciscanos.org.br\/noticias\/usf-realiza-semana-de-planejamento-pedagogico-e-formacao-para-o-2o-semestre.html#primaryimage\",\"url\":\"https:\/\/franciscanos.org.br\/noticias\/wp-content\/uploads\/2024\/08\/CHAMADA1.jpg\",\"contentUrl\":\"https:\/\/franciscanos.org.br\/noticias\/wp-content\/uploads\/2024\/08\/CHAMADA1.jpg\",\"width\":800,\"height\":550},{\"@type\":\"WebPage\",\"@id\":\"https:\/\/franciscanos.org.br\/noticias\/usf-realiza-semana-de-planejamento-pedagogico-e-formacao-para-o-2o-semestre.html#webpage\",\"url\":\"https:\/\/franciscanos.org.br\/noticias\/usf-realiza-semana-de-planejamento-pedagogico-e-formacao-para-o-2o-semestre.html\",\"name\":\"USF realiza Semana de Planejamento Pedag\u00f3gico e Forma\u00e7\u00e3o para o 2\u00ba semestre - Not\u00edcias - Franciscanos\",\"isPartOf\":{\"@id\":\"https:\/\/franciscanos.org.br\/noticias\/#website\"},\"primaryImageOfPage\":{\"@id\":\"https:\/\/franciscanos.org.br\/noticias\/usf-realiza-semana-de-planejamento-pedagogico-e-formacao-para-o-2o-semestre.html#primaryimage\"},\"datePublished\":\"2024-08-06T18:46:25+00:00\",\"dateModified\":\"2024-08-09T16:58:55+00:00\",\"author\":{\"@id\":\"https:\/\/franciscanos.org.br\/noticias\/#\/schema\/person\/d9422e83121c3ad3b0f423d195f5bb25\"},\"breadcrumb\":{\"@id\":\"https:\/\/franciscanos.org.br\/noticias\/usf-realiza-semana-de-planejamento-pedagogico-e-formacao-para-o-2o-semestre.html#breadcrumb\"},\"inLanguage\":\"pt-BR\",\"potentialAction\":[{\"@type\":\"ReadAction\",\"target\":[\"https:\/\/franciscanos.org.br\/noticias\/usf-realiza-semana-de-planejamento-pedagogico-e-formacao-para-o-2o-semestre.html\"]}]},{\"@type\":\"BreadcrumbList\",\"@id\":\"https:\/\/franciscanos.org.br\/noticias\/usf-realiza-semana-de-planejamento-pedagogico-e-formacao-para-o-2o-semestre.html#breadcrumb\",\"itemListElement\":[{\"@type\":\"ListItem\",\"position\":1,\"name\":\"Home\",\"item\":\"https:\/\/franciscanos.org.br\/noticias\"},{\"@type\":\"ListItem\",\"position\":2,\"name\":\"USF realiza Semana de Planejamento Pedag\u00f3gico e Forma\u00e7\u00e3o para o 2\u00ba semestre\"}]},{\"@type\":\"Person\",\"@id\":\"https:\/\/franciscanos.org.br\/noticias\/#\/schema\/person\/d9422e83121c3ad3b0f423d195f5bb25\",\"name\":\"Adriana Rabelo\",\"image\":{\"@type\":\"ImageObject\",\"inLanguage\":\"pt-BR\",\"@id\":\"https:\/\/franciscanos.org.br\/noticias\/#\/schema\/person\/image\/\",\"url\":\"https:\/\/secure.gravatar.com\/avatar\/0a937b7500cd7df77540cfb8bede877d?s=96&d=mm&r=g\",\"contentUrl\":\"https:\/\/secure.gravatar.com\/avatar\/0a937b7500cd7df77540cfb8bede877d?s=96&d=mm&r=g\",\"caption\":\"Adriana Rabelo\"},\"url\":\"https:\/\/franciscanos.org.br\/noticias\/author\/adrianarabelo\"}]}<\/script>\n<!-- \/ Yoast SEO plugin. -->","yoast_head_json":{"title":"USF realiza Semana de Planejamento Pedag\u00f3gico e Forma\u00e7\u00e3o para o 2\u00ba semestre - Not\u00edcias - Franciscanos","robots":{"index":"index","follow":"follow","max-snippet":"max-snippet:-1","max-image-preview":"max-image-preview:large","max-video-preview":"max-video-preview:-1"},"canonical":"https:\/\/franciscanos.org.br\/noticias\/usf-realiza-semana-de-planejamento-pedagogico-e-formacao-para-o-2o-semestre.html","og_locale":"pt_BR","og_type":"article","og_title":"USF realiza Semana de Planejamento Pedag\u00f3gico e Forma\u00e7\u00e3o para o 2\u00ba semestre - Not\u00edcias - Franciscanos","og_description":"Universidade S\u00e3o Francisco conta com 26 mil estudantes","og_url":"https:\/\/franciscanos.org.br\/noticias\/usf-realiza-semana-de-planejamento-pedagogico-e-formacao-para-o-2o-semestre.html","og_site_name":"Not\u00edcias - Franciscanos","article_published_time":"2024-08-06T18:46:25+00:00","article_modified_time":"2024-08-09T16:58:55+00:00","og_image":[{"width":800,"height":550,"url":"https:\/\/franciscanos.org.br\/noticias\/wp-content\/uploads\/2024\/08\/CHAMADA1.jpg","type":"image\/jpeg"}],"author":"Adriana Rabelo","twitter_card":"summary_large_image","twitter_misc":{"Escrito por":"Adriana Rabelo","Est. tempo de leitura":"4 minutos"},"schema":{"@context":"https:\/\/schema.org","@graph":[{"@type":"WebSite","@id":"https:\/\/franciscanos.org.br\/noticias\/#website","url":"https:\/\/franciscanos.org.br\/noticias\/","name":"Not\u00edcias - Franciscanos","description":"Prov\u00edncia Franciscana da Imaculada Concei\u00e7\u00e3o do Brasil - Ordem dos Frades Menores - OFM","potentialAction":[{"@type":"SearchAction","target":{"@type":"EntryPoint","urlTemplate":"https:\/\/franciscanos.org.br\/noticias\/?s={search_term_string}"},"query-input":"required name=search_term_string"}],"inLanguage":"pt-BR"},{"@type":"ImageObject","inLanguage":"pt-BR","@id":"https:\/\/franciscanos.org.br\/noticias\/usf-realiza-semana-de-planejamento-pedagogico-e-formacao-para-o-2o-semestre.html#primaryimage","url":"https:\/\/franciscanos.org.br\/noticias\/wp-content\/uploads\/2024\/08\/CHAMADA1.jpg","contentUrl":"https:\/\/franciscanos.org.br\/noticias\/wp-content\/uploads\/2024\/08\/CHAMADA1.jpg","width":800,"height":550},{"@type":"WebPage","@id":"https:\/\/franciscanos.org.br\/noticias\/usf-realiza-semana-de-planejamento-pedagogico-e-formacao-para-o-2o-semestre.html#webpage","url":"https:\/\/franciscanos.org.br\/noticias\/usf-realiza-semana-de-planejamento-pedagogico-e-formacao-para-o-2o-semestre.html","name":"USF realiza Semana de Planejamento Pedag\u00f3gico e Forma\u00e7\u00e3o para o 2\u00ba semestre - Not\u00edcias - Franciscanos","isPartOf":{"@id":"https:\/\/franciscanos.org.br\/noticias\/#website"},"primaryImageOfPage":{"@id":"https:\/\/franciscanos.org.br\/noticias\/usf-realiza-semana-de-planejamento-pedagogico-e-formacao-para-o-2o-semestre.html#primaryimage"},"datePublished":"2024-08-06T18:46:25+00:00","dateModified":"2024-08-09T16:58:55+00:00","author":{"@id":"https:\/\/franciscanos.org.br\/noticias\/#\/schema\/person\/d9422e83121c3ad3b0f423d195f5bb25"},"breadcrumb":{"@id":"https:\/\/franciscanos.org.br\/noticias\/usf-realiza-semana-de-planejamento-pedagogico-e-formacao-para-o-2o-semestre.html#breadcrumb"},"inLanguage":"pt-BR","potentialAction":[{"@type":"ReadAction","target":["https:\/\/franciscanos.org.br\/noticias\/usf-realiza-semana-de-planejamento-pedagogico-e-formacao-para-o-2o-semestre.html"]}]},{"@type":"BreadcrumbList","@id":"https:\/\/franciscanos.org.br\/noticias\/usf-realiza-semana-de-planejamento-pedagogico-e-formacao-para-o-2o-semestre.html#breadcrumb","itemListElement":[{"@type":"ListItem","position":1,"name":"Home","item":"https:\/\/franciscanos.org.br\/noticias"},{"@type":"ListItem","position":2,"name":"USF realiza Semana de Planejamento Pedag\u00f3gico e Forma\u00e7\u00e3o para o 2\u00ba semestre"}]},{"@type":"Person","@id":"https:\/\/franciscanos.org.br\/noticias\/#\/schema\/person\/d9422e83121c3ad3b0f423d195f5bb25","name":"Adriana Rabelo","image":{"@type":"ImageObject","inLanguage":"pt-BR","@id":"https:\/\/franciscanos.org.br\/noticias\/#\/schema\/person\/image\/","url":"https:\/\/secure.gravatar.com\/avatar\/0a937b7500cd7df77540cfb8bede877d?s=96&d=mm&r=g","contentUrl":"https:\/\/secure.gravatar.com\/avatar\/0a937b7500cd7df77540cfb8bede877d?s=96&d=mm&r=g","caption":"Adriana Rabelo"},"url":"https:\/\/franciscanos.org.br\/noticias\/author\/adrianarabelo"}]}},"_links":{"self":[{"href":"https:\/\/franciscanos.org.br\/noticias\/wp-json\/wp\/v2\/posts\/249895"}],"collection":[{"href":"https:\/\/franciscanos.org.br\/noticias\/wp-json\/wp\/v2\/posts"}],"about":[{"href":"https:\/\/franciscanos.org.br\/noticias\/wp-json\/wp\/v2\/types\/post"}],"author":[{"embeddable":true,"href":"https:\/\/franciscanos.org.br\/noticias\/wp-json\/wp\/v2\/users\/11"}],"replies":[{"embeddable":true,"href":"https:\/\/franciscanos.org.br\/noticias\/wp-json\/wp\/v2\/comments?post=249895"}],"version-history":[{"count":21,"href":"https:\/\/franciscanos.org.br\/noticias\/wp-json\/wp\/v2\/posts\/249895\/revisions"}],"predecessor-version":[{"id":250008,"href":"https:\/\/franciscanos.org.br\/noticias\/wp-json\/wp\/v2\/posts\/249895\/revisions\/250008"}],"wp:featuredmedia":[{"embeddable":true,"href":"https:\/\/franciscanos.org.br\/noticias\/wp-json\/wp\/v2\/media\/249898"}],"wp:attachment":[{"href":"https:\/\/franciscanos.org.br\/noticias\/wp-json\/wp\/v2\/media?parent=249895"}],"wp:term":[{"taxonomy":"category","embeddable":true,"href":"https:\/\/franciscanos.org.br\/noticias\/wp-json\/wp\/v2\/categories?post=249895"},{"taxonomy":"post_tag","embeddable":true,"href":"https:\/\/franciscanos.org.br\/noticias\/wp-json\/wp\/v2\/tags?post=249895"}],"curies":[{"name":"wp","href":"https:\/\/api.w.org\/{rel}","templated":true}]}}