{"id":249884,"date":"2024-08-06T11:55:36","date_gmt":"2024-08-06T14:55:36","guid":{"rendered":"https:\/\/franciscanos.org.br\/noticias\/?p=249884"},"modified":"2024-08-06T12:33:34","modified_gmt":"2024-08-06T15:33:34","slug":"campanha-da-fraternidade-2025-conheca-o-tema-a-identidade-visual-e-a-oracao","status":"publish","type":"post","link":"https:\/\/franciscanos.org.br\/noticias\/campanha-da-fraternidade-2025-conheca-o-tema-a-identidade-visual-e-a-oracao.html","title":{"rendered":"Campanha da Fraternidade 2025: conhe\u00e7a o tema, a identidade visual e a ora\u00e7\u00e3o"},"content":{"rendered":"<p><img loading=\"lazy\" src=\"https:\/\/franciscanos.org.br\/noticias\/wp-content\/uploads\/2024\/08\/CF25-dest-1280.jpg\" alt=\"\" width=\"1280\" height=\"720\" \/><\/p>\n<p><span class=\"TextRun SCXW101406448 BCX8\" lang=\"PT-BR\" xml:lang=\"PT-BR\" data-contrast=\"auto\"><span class=\"NormalTextRun SCXW101406448 BCX8\">A c<\/span><span class=\"NormalTextRun SCXW101406448 BCX8\">ada ano, os bispos do Conselho Episcopal Pastoral (CONSEP) da Confer\u00eancia Nacional dos Bispos do Brasil (CNBB), acolhendo as sugest\u00f5es vindas dos\u00a0<\/span><span class=\"NormalTextRun SCXW101406448 BCX8\">r<\/span><span class=\"NormalTextRun SCXW101406448 BCX8\">egionais, d<\/span><span class=\"NormalTextRun SCXW101406448 BCX8\">o<\/span><span class=\"NormalTextRun SCXW101406448 BCX8\">s organ<\/span><span class=\"NormalTextRun SCXW101406448 BCX8\">ismos do Povo de Deus<\/span><span class=\"NormalTextRun SCXW101406448 BCX8\">, das ordens e congrega\u00e7\u00f5es<\/span><span class=\"NormalTextRun SCXW101406448 BCX8\">\u00a0religiosas<\/span><span class=\"NormalTextRun SCXW101406448 BCX8\">\u00a0e dos fi\u00e9is<\/span><span class=\"NormalTextRun SCXW101406448 BCX8\">\u00a0leigos e leigas<\/span><span class=\"NormalTextRun SCXW101406448 BCX8\">,<\/span><span class=\"NormalTextRun SCXW101406448 BCX8\">\u00a0escolhem um tema e um lema para a Campanha da Fraternidade, com o objetivo de chamar a aten\u00e7\u00e3o sobre uma situa\u00e7\u00e3o que, na sociedade, necessita de convers\u00e3o<\/span><span class=\"NormalTextRun SCXW101406448 BCX8\">,<\/span>\u00a0<span class=\"NormalTextRun SCXW101406448 BCX8\">em vista<\/span>\u00a0<span class=\"NormalTextRun SCXW101406448 BCX8\">d<\/span><span class=\"NormalTextRun SCXW101406448 BCX8\">o bem de todos.<\/span><\/span><\/p>\n<p><span class=\"TextRun SCXW65196364 BCX8\" lang=\"PT-BR\" xml:lang=\"PT-BR\" data-contrast=\"auto\"><span class=\"NormalTextRun SCXW65196364 BCX8\">Em 2025, motivados pelos 800 anos da composi\u00e7\u00e3o do C\u00e2ntico das Criaturas de S\u00e3o Francisco de Assis; pelos 10 anos de publica\u00e7\u00e3o da Carta Enc\u00edclica\u00a0<\/span><\/span><span class=\"TextRun SCXW65196364 BCX8\" lang=\"PT-BR\" xml:lang=\"PT-BR\" data-contrast=\"auto\"><span class=\"NormalTextRun SpellingErrorV2Themed SCXW65196364 BCX8\">Laudato<\/span><span class=\"NormalTextRun SCXW65196364 BCX8\">\u00a0Si\u2019<\/span><\/span><span class=\"TextRun SCXW65196364 BCX8\" lang=\"PT-BR\" xml:lang=\"PT-BR\" data-contrast=\"auto\"><span class=\"NormalTextRun SCXW65196364 BCX8\">; pela recente publica\u00e7\u00e3o da Exorta\u00e7\u00e3o Apost\u00f3lica\u00a0<\/span><\/span><span class=\"TextRun SCXW65196364 BCX8\" lang=\"PT-BR\" xml:lang=\"PT-BR\" data-contrast=\"auto\"><span class=\"NormalTextRun SpellingErrorV2Themed SCXW65196364 BCX8\">Laudate<\/span><span class=\"NormalTextRun SCXW65196364 BCX8\">\u00a0Deum<\/span><\/span><span class=\"TextRun SCXW65196364 BCX8\" lang=\"PT-BR\" xml:lang=\"PT-BR\" data-contrast=\"auto\"><span class=\"NormalTextRun SCXW65196364 BCX8\">; pelos 10 anos de cria\u00e7\u00e3o da Rede Eclesial\u00a0<\/span><span class=\"NormalTextRun SpellingErrorV2Themed SCXW65196364 BCX8\">PanAmaz\u00f4nica<\/span><span class=\"NormalTextRun SCXW65196364 BCX8\">\u00a0(REPAM) e pela realiza\u00e7\u00e3o da COP 30, em Bel\u00e9m (PA), a primeira na Amaz\u00f4nia, acolhendo a sugest\u00e3o da Comiss\u00e3o Episcopal Especial para a Minera\u00e7\u00e3o e a Ecologia Integral, foi escolhido o tema:\u00a0<\/span><\/span><strong><span class=\"TextRun SCXW65196364 BCX8\" lang=\"PT-BR\" xml:lang=\"PT-BR\" data-contrast=\"auto\"><span class=\"NormalTextRun SCXW65196364 BCX8\">Fraternidade e Ecologia Integral<\/span><\/span><\/strong><span class=\"TextRun SCXW65196364 BCX8\" lang=\"PT-BR\" xml:lang=\"PT-BR\" data-contrast=\"auto\"><span class=\"NormalTextRun SCXW65196364 BCX8\">\u00a0e o lema:\u00a0<\/span><\/span><strong><span class=\"TextRun SCXW65196364 BCX8\" lang=\"PT-BR\" xml:lang=\"PT-BR\" data-contrast=\"auto\"><span class=\"NormalTextRun SCXW65196364 BCX8\">\u201cDeus viu que tudo era muito bom\u201d<\/span><\/span><\/strong><span class=\"TextRun SCXW65196364 BCX8\" lang=\"PT-BR\" xml:lang=\"PT-BR\" data-contrast=\"auto\"><strong><span class=\"NormalTextRun SCXW65196364 BCX8\">\u00a0(<\/span><span class=\"NormalTextRun SpellingErrorV2Themed SCXW65196364 BCX8\">Gn<\/span><\/strong><span class=\"NormalTextRun SCXW65196364 BCX8\"><strong>\u00a01,31)<\/strong>.<\/span><\/span><\/p>\n<p>A Ecologia \u00e9 a quest\u00e3o mais tratada pelas CF\u2019s ao longo destes 61 anos de exist\u00eancia. Foram 8 as CF\u2019s que de alguma forma abordaram essa tem\u00e1tica:<\/p>\n<p><b><span data-contrast=\"auto\">CF 1979-<\/span><\/b><span data-contrast=\"auto\">\u00a0Por um mundo mais humano: Preserve o que \u00e9 de todos<\/span><span data-contrast=\"auto\">\u201d<\/span><span data-contrast=\"auto\">;<\/span><span data-ccp-props=\"{&quot;201341983&quot;:0,&quot;335551550&quot;:6,&quot;335551620&quot;:6,&quot;335559739&quot;:0,&quot;335559740&quot;:276}\">\u00a0<\/span><\/p>\n<p><b><span data-contrast=\"auto\">CF 1986-<\/span><\/b><span data-contrast=\"auto\">\u00a0Fraternidade e a Terra: Terra de Deus, terra de irm\u00e3os;<\/span><span data-ccp-props=\"{&quot;201341983&quot;:0,&quot;335551550&quot;:6,&quot;335551620&quot;:6,&quot;335559739&quot;:0,&quot;335559740&quot;:276}\">\u00a0<\/span><\/p>\n<p><b><span data-contrast=\"auto\">CF 2002-<\/span><\/b><span data-contrast=\"auto\">\u00a0Fraternidade e povos ind\u00edgenas: Por uma terra sem males;<\/span><span data-ccp-props=\"{&quot;201341983&quot;:0,&quot;335551550&quot;:6,&quot;335551620&quot;:6,&quot;335559739&quot;:0,&quot;335559740&quot;:276}\">\u00a0<\/span><\/p>\n<p><b><span data-contrast=\"auto\">\u00a0CF 2004-<\/span><\/b><span data-contrast=\"auto\">\u00a0Fraternidade e \u00e1gua: \u00c1gua, fonte de vida;<\/span><span data-ccp-props=\"{&quot;201341983&quot;:0,&quot;335551550&quot;:6,&quot;335551620&quot;:6,&quot;335559739&quot;:0,&quot;335559740&quot;:276}\">\u00a0<\/span><\/p>\n<p><b><span data-contrast=\"auto\">CF 2007-<\/span><\/b><span data-contrast=\"auto\">\u00a0Fraternidade e Amaz\u00f4nia: vida e miss\u00e3o neste ch\u00e3o;<\/span><span data-ccp-props=\"{&quot;201341983&quot;:0,&quot;335551550&quot;:6,&quot;335551620&quot;:6,&quot;335559739&quot;:0,&quot;335559740&quot;:276}\">\u00a0<\/span><\/p>\n<p><b><span data-contrast=\"auto\">CF 2011-<\/span><\/b><span data-contrast=\"auto\">, Fraternidade e a Vida no Planeta: \u201cA Cria\u00e7\u00e3o geme em dores de parto\u201d (Rm 8,22);<\/span><span data-ccp-props=\"{&quot;201341983&quot;:0,&quot;335551550&quot;:6,&quot;335551620&quot;:6,&quot;335559739&quot;:0,&quot;335559740&quot;:276}\">\u00a0<\/span><\/p>\n<p><b><span data-contrast=\"auto\">CF 2016-<\/span><\/b><span data-contrast=\"auto\">\u00a0Casa comum, nossa responsabilidade: \u201cQuero ver o direito brotar como fonte e correr a justi\u00e7a qual riacho que n\u00e3o seca\u201d (Am 5,17) e<\/span><span data-ccp-props=\"{&quot;201341983&quot;:0,&quot;335551550&quot;:6,&quot;335551620&quot;:6,&quot;335559739&quot;:0,&quot;335559740&quot;:276}\">\u00a0<\/span><\/p>\n<p><b><span data-contrast=\"auto\">CF 2017-<\/span><\/b><span data-contrast=\"auto\">\u00a0Fraternidade: Biomas Brasileiros e defesa da vida: \u201cCultivar e guardar a Cria\u00e7\u00e3o\u201d (Gn 2,15).<\/span><span data-ccp-props=\"{&quot;201341983&quot;:0,&quot;335551550&quot;:6,&quot;335551620&quot;:6,&quot;335559739&quot;:0,&quot;335559740&quot;:278}\">\u00a0<\/span><\/p>\n<p><span class=\"TextRun SCXW67071776 BCX8\" lang=\"PT-BR\" xml:lang=\"PT-BR\" data-contrast=\"auto\"><span class=\"NormalTextRun SCXW67071776 BCX8\">Portanto, neste ano, a Campanha da Fraternidade aborda outra vez a tem\u00e1tica ambiental, com o objetivo de \u201cpromover, em esp\u00edrito quaresmal e em tempos de urgente crise socioambiental, um processo de convers\u00e3o integral, ouvindo o grito dos pobres e da Terra\u201d (Objetivo Geral da CF 2025).<\/span><\/span><\/p>\n<p>\u201cEstamos no dec\u00eanio decisivo para o planeta! Ou mudamos, convertemo-nos, ou provocaremos com nossas atitudes individuais e coletivas um colapso planet\u00e1rio. J\u00e1 estamos experimentando seu pren\u00fancio nas grandes cat\u00e1strofes que assolam o nosso pa\u00eds. E n\u00e3o existe planeta reserva! S\u00f3 temos este! E, embora ele viva sem n\u00f3s, n\u00f3s n\u00e3o vivemos sem ele. Ainda h\u00e1 tempo, mas o tempo \u00e9 agora! \u00c9 preciso urgente convers\u00e3o ecol\u00f3gica: passar da l\u00f3gica extrativista, que contempla a Terra como um reservat\u00f3rio sem fim de recursos, donde podemos retirar tudo aquilo que quisermos, como quisermos e quanto quisermos, para uma l\u00f3gica do cuidado\u201d.<\/p>\n<p>A Ecologia reaparece no conjunto das CF\u2019s de uma forma nova, como Ecologia Integral, conceito t\u00e3o caro ao Papa Francisco e que \u00e9 t\u00e3o importante no seu projeto de um Novo Humanismo Integral e Solid\u00e1rio, para o qual s\u00e3o bases a Amizade Social, tratada na CF 2024, a Educa\u00e7\u00e3o, tratada na CF 2022 e no Pacto Educativo Global, o Di\u00e1logo, tratado na CF 2021 e a miseric\u00f3rdia ou Compaix\u00e3o, tratada na CF 2020.<\/p>\n<p>\u201cPara n\u00f3s, a Ecologia Integral \u00e9 tamb\u00e9m espiritual. Professamos com alegria e gratid\u00e3o que Deus criou tudo com seu olhar amoroso. Todos os elementos materiais s\u00e3o bons, se orientados para a salva\u00e7\u00e3o dos seres humanos e de todas as criaturas. Assim, \u201cDeus viu que tudo era muito bom!\u201d (Gn 1,31)\u201d.<\/p>\n<p><strong>Os elementos da identidade visual\u00a0<\/strong><\/p>\n<p>A identidade visual da Campanha da Fraternidade 2025 \u00e9 de autoria do Paulo Augusto Cruz, da Assessoria de Comunica\u00e7\u00e3o da CNBB. Nela est\u00e3o representados os seguintes elementos:<\/p>\n<p><img loading=\"lazy\" class=\"aligncenter wp-image-249886 size-full\" src=\"https:\/\/franciscanos.org.br\/noticias\/wp-content\/uploads\/2024\/08\/WhatsApp-Image-2024-08-02-at-12.57.26-500x708-1.jpeg\" alt=\"\" width=\"500\" height=\"708\" srcset=\"https:\/\/franciscanos.org.br\/noticias\/wp-content\/uploads\/2024\/08\/WhatsApp-Image-2024-08-02-at-12.57.26-500x708-1.jpeg 500w, https:\/\/franciscanos.org.br\/noticias\/wp-content\/uploads\/2024\/08\/WhatsApp-Image-2024-08-02-at-12.57.26-500x708-1-318x450.jpeg 318w, https:\/\/franciscanos.org.br\/noticias\/wp-content\/uploads\/2024\/08\/WhatsApp-Image-2024-08-02-at-12.57.26-500x708-1-150x212.jpeg 150w\" sizes=\"(max-width: 500px) 100vw, 500px\" \/><\/p>\n<p><span data-contrast=\"auto\"><strong>S\u00e3o Francisco de Assis<\/strong><\/span><\/p>\n<p><span data-contrast=\"auto\">Em destaque no cartaz,\u00a0<strong>S\u00e3o Francisco de Assis<\/strong>\u00a0representa o homem novo que viveu uma experi\u00eancia com o amor de Deus, em Jesus crucificado, e reconciliou\u2013se com Deus, com os irm\u00e3os e irm\u00e3s e com toda a cria\u00e7\u00e3o. Esta reconcilia\u00e7\u00e3o universal ganha sua maior express\u00e3o no C\u00e2ntico das Criaturas, composto por S\u00e3o Francisco h\u00e1 precisos 800 anos. O recorte \u00e9 da obra do per\u00edodo barroco \u201c\u00caxtase de S\u00e3o Francisco de Assis\u201d, de Jusepe De Ribera.\u202f<\/span><span data-ccp-props=\"{&quot;201341983&quot;:0,&quot;335551550&quot;:6,&quot;335551620&quot;:6,&quot;335559738&quot;:120,&quot;335559739&quot;:120,&quot;335559740&quot;:276}\">\u00a0<\/span><\/p>\n<p><span data-contrast=\"auto\"><strong>A cruz<\/strong><\/span><\/p>\n<p><span data-contrast=\"auto\">No centro,\u00a0<strong>a Cruz<\/strong>\u00a0\u00e9 um elemento importante na espiritualidade quaresmal e franciscana. No cartaz, ela recorda a experi\u00eancia do Irm\u00e3o de Assis com o crucifixo da Igreja de S\u00e3o Dami\u00e3o, em Assis, na It\u00e1lia, onde Francisco ouviu o pr\u00f3prio Cristo que falava com ele e o enviava para reconstruir a sua Igreja. No in\u00edcio, Francisco entendeu que era a pequena Igreja de S\u00e3o Dami\u00e3o. Mais tarde, compreendeu que se tratava de algo bem maior, a Igreja mesma de Deus. A Quaresma \u00e9 este tempo de reconstru\u00e7\u00e3o de cada crist\u00e3o, cada comunidade, a sociedade e toda a Cria\u00e7\u00e3o, porque somos chamados \u00e0 convers\u00e3o.\u202f<\/span><span data-ccp-props=\"{&quot;201341983&quot;:0,&quot;335551550&quot;:6,&quot;335551620&quot;:6,&quot;335559738&quot;:120,&quot;335559739&quot;:120,&quot;335559740&quot;:276}\">\u00a0<\/span><\/p>\n<p><span data-contrast=\"auto\"><strong>A natureza<\/strong><\/span><\/p>\n<p><span data-contrast=\"auto\">A\u00a0<strong>arauc\u00e1ria<\/strong>, o\u00a0<strong>ip\u00ea amarelo<\/strong>, o\u00a0<strong>igarap\u00e9<\/strong>, o<strong>\u00a0mandacaru<\/strong>, a\u00a0<strong>on\u00e7a pintada<\/strong>\u00a0e as\u00a0<strong>araras canind\u00e9s<\/strong>, representam a fauna e a flora brasileiras em toda a sua exuber\u00e2ncia, que ao inv\u00e9s de serem exploradas de forma predat\u00f3ria, precisam ser cuidadas e integradas pelo ser humano, chamado por Deus a ser o guarda e o cuidador de toda a Cria\u00e7\u00e3o.\u202f<\/span><span data-ccp-props=\"{&quot;201341983&quot;:0,&quot;335551550&quot;:6,&quot;335551620&quot;:6,&quot;335559738&quot;:120,&quot;335559739&quot;:120,&quot;335559740&quot;:276}\">\u00a0<\/span><\/p>\n<p><span data-contrast=\"auto\"><strong>As cidades<\/strong><\/span><\/p>\n<p><span data-contrast=\"auto\">Os\u00a0<strong>pr\u00e9dios<\/strong>\u00a0e as\u00a0<strong>favelas<\/strong>\u00a0refletem o Brasil a cada dia mais urbano, onde se aglomeram verdadeiras multid\u00f5es num estilo de vida distante da natureza e altamente prejudicial \u00e0 vida. Cada um de n\u00f3s, seres humanos, o campo, a cidade, os animais, a vegeta\u00e7\u00e3o e as \u00e1guas fomos criados para ser, com a nossa vida, um verdadeiro \u201clouvor das criaturas\u201d ao bom Deus.\u202f<\/span><span data-ccp-props=\"{&quot;201341983&quot;:0,&quot;335551550&quot;:6,&quot;335551620&quot;:6,&quot;335559738&quot;:120,&quot;335559739&quot;:120,&quot;335559740&quot;:276}\">\u00a0<\/span><\/p>\n<p><span data-contrast=\"auto\"><strong>A colagem<\/strong><\/span><\/p>\n<p><span data-contrast=\"auto\">O uso do estilo de\u00a0<strong>colagem<\/strong>\u00a0\u00e9 uma escolha art\u00edstica e simb\u00f3lica. A t\u00e9cnica possibilita a uni\u00e3o de elementos diferentes em uma \u00fanica composi\u00e7\u00e3o, refletindo a diversidade e a interliga\u00e7\u00e3o entre tudo o que existe, entre toda a Cria\u00e7\u00e3o. A escolha do estilo tamb\u00e9m faz refer\u00eancia \u00e0 Ecologia Integral, onde todos os aspectos da vida \u2013 espiritual, social, ambiental e cultural \u2013 s\u00e3o considerados e valorizados. Cada peda\u00e7o na colagem, apesar de \u00fanico, contribui para a totalidade da imagem, assim como cada pessoa e cada parte do meio ambiente tem um papel crucial na cria\u00e7\u00e3o de um mundo sustent\u00e1vel e harmonioso.\u202f<\/span><span data-ccp-props=\"{&quot;201341983&quot;:0,&quot;335551550&quot;:6,&quot;335551620&quot;:6,&quot;335559738&quot;:120,&quot;335559739&quot;:120,&quot;335559740&quot;:276}\">\u00a0<\/span><\/p>\n<h4><strong>Ora\u00e7\u00e3o da CF 2025<\/strong><\/h4>\n<p><span class=\"TextRun SCXW88730939 BCX8\" lang=\"PT-BR\" xml:lang=\"PT-BR\" data-contrast=\"auto\"><span class=\"NormalTextRun SCXW88730939 BCX8\">A\u00a0<\/span><span class=\"NormalTextRun SCXW88730939 BCX8\">Ora\u00e7\u00e3o \u00e9 um resumo orante e suplicante a Deus daquilo que\u00a0<\/span><span class=\"NormalTextRun SCXW88730939 BCX8\">des<\/span><span class=\"NormalTextRun SCXW88730939 BCX8\">ejamos com a CF<\/span><span class=\"NormalTextRun SCXW88730939 BCX8\">\u00a02025. Junto ao cartaz \u00e9 o subs\u00eddio mais popular, que alcan\u00e7a maior p\u00fablico durante a sua realiza\u00e7\u00e3o. S\u00e3o muitas as pessoas e comunidades que rezam a Ora\u00e7\u00e3o da CF. \u201cDesejamos que ela alcance tamb\u00e9m os c\u00e9us e nos obtenha a gra\u00e7a do arrependimento e da convers\u00e3o integral\u201d, salienta o padre Jean Poul Hansen, secret\u00e1rio executivo de Campanhas da CNBB.<\/span><\/span><\/p>\n<p><strong>Confira:<\/strong><\/p>\n<p><em>\u00d3 Deus, nosso Pai, ao contemplar o trabalho de tuas m\u00e3os, viste que tudo era muito bom! O nosso pecado, por\u00e9m, feriu a beleza de tua obra, e hoje experimentamos suas consequ\u00eancias.<\/em><\/p>\n<p><em>Por Jesus, teu Filho e nosso irm\u00e3o, humildemente te pedimos: d\u00e1-nos, nesta Quaresma, a gra\u00e7a do sincero arrependimento e da convers\u00e3o de nossas atitudes.<\/em><\/p>\n<p><em>Que o teu Esp\u00edrito Santo reacenda em n\u00f3s a consci\u00eancia da miss\u00e3o que de ti recebemos: cultivar e guardar a Cria\u00e7\u00e3o, no cuidado e no respeito \u00e0 vida.<\/em><\/p>\n<p><em>Faz de n\u00f3s, \u00f3 Deus, promotores da solidariedade e da justi\u00e7a. Enquanto peregrinos, habitamos e constru\u00edmos nossa Casa Comum, na esperan\u00e7a de um dia sermos acolhidos na Casa que preparaste para n\u00f3s\u202fno\u202fC\u00e9u.\u202fAm\u00e9m!<\/em><\/p>\n<hr \/>\n<p>Fonte: <a href=\"https:\/\/www.cnbb.org.br\/campanha-da-fraternidade-2025-conheca-o-tema-a-identidade-visual-e-a-oracao\/\">https:\/\/www.cnbb.org.br\/campanha-da-fraternidade-2025-conheca-o-tema-a-identidade-visual-e-a-oracao\/<\/a><\/p>\n","protected":false},"excerpt":{"rendered":"<p>CF 2025: Fraternidade e Ecologia Integral<\/p>\n","protected":false},"author":11,"featured_media":249893,"comment_status":"open","ping_status":"open","sticky":false,"template":"","format":"standard","meta":[],"categories":[1],"tags":[2232,29],"acf":[],"yoast_head":"<!-- This site is optimized with the Yoast SEO plugin v19.2 - https:\/\/yoast.com\/wordpress\/plugins\/seo\/ -->\n<title>Campanha da Fraternidade 2025: conhe\u00e7a o tema, a identidade visual e a ora\u00e7\u00e3o - Not\u00edcias - Franciscanos<\/title>\n<meta name=\"robots\" content=\"index, follow, max-snippet:-1, max-image-preview:large, max-video-preview:-1\" \/>\n<link rel=\"canonical\" href=\"https:\/\/franciscanos.org.br\/noticias\/campanha-da-fraternidade-2025-conheca-o-tema-a-identidade-visual-e-a-oracao.html\" \/>\n<meta property=\"og:locale\" content=\"pt_BR\" \/>\n<meta property=\"og:type\" content=\"article\" \/>\n<meta property=\"og:title\" content=\"Campanha da Fraternidade 2025: conhe\u00e7a o tema, a identidade visual e a ora\u00e7\u00e3o - Not\u00edcias - Franciscanos\" \/>\n<meta property=\"og:description\" content=\"CF 2025: Fraternidade e Ecologia Integral\" \/>\n<meta property=\"og:url\" content=\"https:\/\/franciscanos.org.br\/noticias\/campanha-da-fraternidade-2025-conheca-o-tema-a-identidade-visual-e-a-oracao.html\" \/>\n<meta property=\"og:site_name\" content=\"Not\u00edcias - Franciscanos\" \/>\n<meta property=\"article:published_time\" content=\"2024-08-06T14:55:36+00:00\" \/>\n<meta property=\"article:modified_time\" content=\"2024-08-06T15:33:34+00:00\" \/>\n<meta property=\"og:image\" content=\"https:\/\/franciscanos.org.br\/noticias\/wp-content\/uploads\/2024\/08\/CF25-dest-800.jpg\" \/>\n\t<meta property=\"og:image:width\" content=\"800\" \/>\n\t<meta property=\"og:image:height\" content=\"550\" \/>\n\t<meta property=\"og:image:type\" content=\"image\/jpeg\" \/>\n<meta name=\"author\" content=\"Adriana Rabelo\" \/>\n<meta name=\"twitter:card\" content=\"summary_large_image\" \/>\n<meta name=\"twitter:label1\" content=\"Escrito por\" \/>\n\t<meta name=\"twitter:data1\" content=\"Adriana Rabelo\" \/>\n\t<meta name=\"twitter:label2\" content=\"Est. tempo de leitura\" \/>\n\t<meta name=\"twitter:data2\" content=\"7 minutos\" \/>\n<script type=\"application\/ld+json\" class=\"yoast-schema-graph\">{\"@context\":\"https:\/\/schema.org\",\"@graph\":[{\"@type\":\"WebSite\",\"@id\":\"https:\/\/franciscanos.org.br\/noticias\/#website\",\"url\":\"https:\/\/franciscanos.org.br\/noticias\/\",\"name\":\"Not\u00edcias - Franciscanos\",\"description\":\"Prov\u00edncia Franciscana da Imaculada Concei\u00e7\u00e3o do Brasil - Ordem dos Frades Menores - OFM\",\"potentialAction\":[{\"@type\":\"SearchAction\",\"target\":{\"@type\":\"EntryPoint\",\"urlTemplate\":\"https:\/\/franciscanos.org.br\/noticias\/?s={search_term_string}\"},\"query-input\":\"required name=search_term_string\"}],\"inLanguage\":\"pt-BR\"},{\"@type\":\"ImageObject\",\"inLanguage\":\"pt-BR\",\"@id\":\"https:\/\/franciscanos.org.br\/noticias\/campanha-da-fraternidade-2025-conheca-o-tema-a-identidade-visual-e-a-oracao.html#primaryimage\",\"url\":\"https:\/\/franciscanos.org.br\/noticias\/wp-content\/uploads\/2024\/08\/CF25-dest-800.jpg\",\"contentUrl\":\"https:\/\/franciscanos.org.br\/noticias\/wp-content\/uploads\/2024\/08\/CF25-dest-800.jpg\",\"width\":800,\"height\":550},{\"@type\":\"WebPage\",\"@id\":\"https:\/\/franciscanos.org.br\/noticias\/campanha-da-fraternidade-2025-conheca-o-tema-a-identidade-visual-e-a-oracao.html#webpage\",\"url\":\"https:\/\/franciscanos.org.br\/noticias\/campanha-da-fraternidade-2025-conheca-o-tema-a-identidade-visual-e-a-oracao.html\",\"name\":\"Campanha da Fraternidade 2025: conhe\u00e7a o tema, a identidade visual e a ora\u00e7\u00e3o - Not\u00edcias - Franciscanos\",\"isPartOf\":{\"@id\":\"https:\/\/franciscanos.org.br\/noticias\/#website\"},\"primaryImageOfPage\":{\"@id\":\"https:\/\/franciscanos.org.br\/noticias\/campanha-da-fraternidade-2025-conheca-o-tema-a-identidade-visual-e-a-oracao.html#primaryimage\"},\"datePublished\":\"2024-08-06T14:55:36+00:00\",\"dateModified\":\"2024-08-06T15:33:34+00:00\",\"author\":{\"@id\":\"https:\/\/franciscanos.org.br\/noticias\/#\/schema\/person\/d9422e83121c3ad3b0f423d195f5bb25\"},\"breadcrumb\":{\"@id\":\"https:\/\/franciscanos.org.br\/noticias\/campanha-da-fraternidade-2025-conheca-o-tema-a-identidade-visual-e-a-oracao.html#breadcrumb\"},\"inLanguage\":\"pt-BR\",\"potentialAction\":[{\"@type\":\"ReadAction\",\"target\":[\"https:\/\/franciscanos.org.br\/noticias\/campanha-da-fraternidade-2025-conheca-o-tema-a-identidade-visual-e-a-oracao.html\"]}]},{\"@type\":\"BreadcrumbList\",\"@id\":\"https:\/\/franciscanos.org.br\/noticias\/campanha-da-fraternidade-2025-conheca-o-tema-a-identidade-visual-e-a-oracao.html#breadcrumb\",\"itemListElement\":[{\"@type\":\"ListItem\",\"position\":1,\"name\":\"Home\",\"item\":\"https:\/\/franciscanos.org.br\/noticias\"},{\"@type\":\"ListItem\",\"position\":2,\"name\":\"Campanha da Fraternidade 2025: conhe\u00e7a o tema, a identidade visual e a ora\u00e7\u00e3o\"}]},{\"@type\":\"Person\",\"@id\":\"https:\/\/franciscanos.org.br\/noticias\/#\/schema\/person\/d9422e83121c3ad3b0f423d195f5bb25\",\"name\":\"Adriana Rabelo\",\"image\":{\"@type\":\"ImageObject\",\"inLanguage\":\"pt-BR\",\"@id\":\"https:\/\/franciscanos.org.br\/noticias\/#\/schema\/person\/image\/\",\"url\":\"https:\/\/secure.gravatar.com\/avatar\/0a937b7500cd7df77540cfb8bede877d?s=96&d=mm&r=g\",\"contentUrl\":\"https:\/\/secure.gravatar.com\/avatar\/0a937b7500cd7df77540cfb8bede877d?s=96&d=mm&r=g\",\"caption\":\"Adriana Rabelo\"},\"url\":\"https:\/\/franciscanos.org.br\/noticias\/author\/adrianarabelo\"}]}<\/script>\n<!-- \/ Yoast SEO plugin. -->","yoast_head_json":{"title":"Campanha da Fraternidade 2025: conhe\u00e7a o tema, a identidade visual e a ora\u00e7\u00e3o - Not\u00edcias - Franciscanos","robots":{"index":"index","follow":"follow","max-snippet":"max-snippet:-1","max-image-preview":"max-image-preview:large","max-video-preview":"max-video-preview:-1"},"canonical":"https:\/\/franciscanos.org.br\/noticias\/campanha-da-fraternidade-2025-conheca-o-tema-a-identidade-visual-e-a-oracao.html","og_locale":"pt_BR","og_type":"article","og_title":"Campanha da Fraternidade 2025: conhe\u00e7a o tema, a identidade visual e a ora\u00e7\u00e3o - Not\u00edcias - Franciscanos","og_description":"CF 2025: Fraternidade e Ecologia Integral","og_url":"https:\/\/franciscanos.org.br\/noticias\/campanha-da-fraternidade-2025-conheca-o-tema-a-identidade-visual-e-a-oracao.html","og_site_name":"Not\u00edcias - Franciscanos","article_published_time":"2024-08-06T14:55:36+00:00","article_modified_time":"2024-08-06T15:33:34+00:00","og_image":[{"width":800,"height":550,"url":"https:\/\/franciscanos.org.br\/noticias\/wp-content\/uploads\/2024\/08\/CF25-dest-800.jpg","type":"image\/jpeg"}],"author":"Adriana Rabelo","twitter_card":"summary_large_image","twitter_misc":{"Escrito por":"Adriana Rabelo","Est. tempo de leitura":"7 minutos"},"schema":{"@context":"https:\/\/schema.org","@graph":[{"@type":"WebSite","@id":"https:\/\/franciscanos.org.br\/noticias\/#website","url":"https:\/\/franciscanos.org.br\/noticias\/","name":"Not\u00edcias - Franciscanos","description":"Prov\u00edncia Franciscana da Imaculada Concei\u00e7\u00e3o do Brasil - Ordem dos Frades Menores - OFM","potentialAction":[{"@type":"SearchAction","target":{"@type":"EntryPoint","urlTemplate":"https:\/\/franciscanos.org.br\/noticias\/?s={search_term_string}"},"query-input":"required name=search_term_string"}],"inLanguage":"pt-BR"},{"@type":"ImageObject","inLanguage":"pt-BR","@id":"https:\/\/franciscanos.org.br\/noticias\/campanha-da-fraternidade-2025-conheca-o-tema-a-identidade-visual-e-a-oracao.html#primaryimage","url":"https:\/\/franciscanos.org.br\/noticias\/wp-content\/uploads\/2024\/08\/CF25-dest-800.jpg","contentUrl":"https:\/\/franciscanos.org.br\/noticias\/wp-content\/uploads\/2024\/08\/CF25-dest-800.jpg","width":800,"height":550},{"@type":"WebPage","@id":"https:\/\/franciscanos.org.br\/noticias\/campanha-da-fraternidade-2025-conheca-o-tema-a-identidade-visual-e-a-oracao.html#webpage","url":"https:\/\/franciscanos.org.br\/noticias\/campanha-da-fraternidade-2025-conheca-o-tema-a-identidade-visual-e-a-oracao.html","name":"Campanha da Fraternidade 2025: conhe\u00e7a o tema, a identidade visual e a ora\u00e7\u00e3o - Not\u00edcias - Franciscanos","isPartOf":{"@id":"https:\/\/franciscanos.org.br\/noticias\/#website"},"primaryImageOfPage":{"@id":"https:\/\/franciscanos.org.br\/noticias\/campanha-da-fraternidade-2025-conheca-o-tema-a-identidade-visual-e-a-oracao.html#primaryimage"},"datePublished":"2024-08-06T14:55:36+00:00","dateModified":"2024-08-06T15:33:34+00:00","author":{"@id":"https:\/\/franciscanos.org.br\/noticias\/#\/schema\/person\/d9422e83121c3ad3b0f423d195f5bb25"},"breadcrumb":{"@id":"https:\/\/franciscanos.org.br\/noticias\/campanha-da-fraternidade-2025-conheca-o-tema-a-identidade-visual-e-a-oracao.html#breadcrumb"},"inLanguage":"pt-BR","potentialAction":[{"@type":"ReadAction","target":["https:\/\/franciscanos.org.br\/noticias\/campanha-da-fraternidade-2025-conheca-o-tema-a-identidade-visual-e-a-oracao.html"]}]},{"@type":"BreadcrumbList","@id":"https:\/\/franciscanos.org.br\/noticias\/campanha-da-fraternidade-2025-conheca-o-tema-a-identidade-visual-e-a-oracao.html#breadcrumb","itemListElement":[{"@type":"ListItem","position":1,"name":"Home","item":"https:\/\/franciscanos.org.br\/noticias"},{"@type":"ListItem","position":2,"name":"Campanha da Fraternidade 2025: conhe\u00e7a o tema, a identidade visual e a ora\u00e7\u00e3o"}]},{"@type":"Person","@id":"https:\/\/franciscanos.org.br\/noticias\/#\/schema\/person\/d9422e83121c3ad3b0f423d195f5bb25","name":"Adriana Rabelo","image":{"@type":"ImageObject","inLanguage":"pt-BR","@id":"https:\/\/franciscanos.org.br\/noticias\/#\/schema\/person\/image\/","url":"https:\/\/secure.gravatar.com\/avatar\/0a937b7500cd7df77540cfb8bede877d?s=96&d=mm&r=g","contentUrl":"https:\/\/secure.gravatar.com\/avatar\/0a937b7500cd7df77540cfb8bede877d?s=96&d=mm&r=g","caption":"Adriana Rabelo"},"url":"https:\/\/franciscanos.org.br\/noticias\/author\/adrianarabelo"}]}},"_links":{"self":[{"href":"https:\/\/franciscanos.org.br\/noticias\/wp-json\/wp\/v2\/posts\/249884"}],"collection":[{"href":"https:\/\/franciscanos.org.br\/noticias\/wp-json\/wp\/v2\/posts"}],"about":[{"href":"https:\/\/franciscanos.org.br\/noticias\/wp-json\/wp\/v2\/types\/post"}],"author":[{"embeddable":true,"href":"https:\/\/franciscanos.org.br\/noticias\/wp-json\/wp\/v2\/users\/11"}],"replies":[{"embeddable":true,"href":"https:\/\/franciscanos.org.br\/noticias\/wp-json\/wp\/v2\/comments?post=249884"}],"version-history":[{"count":4,"href":"https:\/\/franciscanos.org.br\/noticias\/wp-json\/wp\/v2\/posts\/249884\/revisions"}],"predecessor-version":[{"id":249894,"href":"https:\/\/franciscanos.org.br\/noticias\/wp-json\/wp\/v2\/posts\/249884\/revisions\/249894"}],"wp:featuredmedia":[{"embeddable":true,"href":"https:\/\/franciscanos.org.br\/noticias\/wp-json\/wp\/v2\/media\/249893"}],"wp:attachment":[{"href":"https:\/\/franciscanos.org.br\/noticias\/wp-json\/wp\/v2\/media?parent=249884"}],"wp:term":[{"taxonomy":"category","embeddable":true,"href":"https:\/\/franciscanos.org.br\/noticias\/wp-json\/wp\/v2\/categories?post=249884"},{"taxonomy":"post_tag","embeddable":true,"href":"https:\/\/franciscanos.org.br\/noticias\/wp-json\/wp\/v2\/tags?post=249884"}],"curies":[{"name":"wp","href":"https:\/\/api.w.org\/{rel}","templated":true}]}}