{"id":249742,"date":"2024-08-05T18:02:19","date_gmt":"2024-08-05T21:02:19","guid":{"rendered":"https:\/\/franciscanos.org.br\/noticias\/?p=249742"},"modified":"2025-03-10T16:10:05","modified_gmt":"2025-03-10T19:10:05","slug":"encontro-dos-frades-estudantes-aborda-formacao-vida-em-fraternidade-e-vocacao","status":"publish","type":"post","link":"https:\/\/franciscanos.org.br\/noticias\/encontro-dos-frades-estudantes-aborda-formacao-vida-em-fraternidade-e-vocacao.html","title":{"rendered":"Encontro dos frades estudantes aborda forma\u00e7\u00e3o, vida em fraternidade e voca\u00e7\u00e3o"},"content":{"rendered":"<p>&nbsp;<\/p>\n<p><img loading=\"lazy\" class=\"aligncenter wp-image-249744 size-full\" src=\"https:\/\/franciscanos.org.br\/noticias\/wp-content\/uploads\/2024\/08\/MATERIA-2.jpg\" alt=\"\" width=\"1280\" height=\"720\" srcset=\"https:\/\/franciscanos.org.br\/noticias\/wp-content\/uploads\/2024\/08\/MATERIA-2.jpg 1280w, https:\/\/franciscanos.org.br\/noticias\/wp-content\/uploads\/2024\/08\/MATERIA-2-450x253.jpg 450w, https:\/\/franciscanos.org.br\/noticias\/wp-content\/uploads\/2024\/08\/MATERIA-2-1024x576.jpg 1024w, https:\/\/franciscanos.org.br\/noticias\/wp-content\/uploads\/2024\/08\/MATERIA-2-768x432.jpg 768w, https:\/\/franciscanos.org.br\/noticias\/wp-content\/uploads\/2024\/08\/MATERIA-2-150x84.jpg 150w\" sizes=\"(max-width: 1280px) 100vw, 1280px\" \/><\/p>\n<p><span style=\"font-weight: 400;\">Entre os dias 31 de julho e 2 de agosto, na Fraternidade Sagrado Cora\u00e7\u00e3o de Jesus, em Petr\u00f3polis (RJ), foi realizado o <em>3\u00ba Encontro dos Frades Estudantes da Prov\u00edncia Franciscana da Imaculada Concei\u00e7\u00e3o do Brasil<\/em>. Jovens em forma\u00e7\u00e3o da Fraternidade S\u00e3o Boaventura, em Campo Largo (PR), e da Fraternidade Sagrado Cora\u00e7\u00e3o de Jesus; al\u00e9m de um irm\u00e3o que vive o Ano Mission\u00e1rio na Fraternidade S\u00e3o Pedro Ap\u00f3stolo, em Pato Branco (PR), se reuniram para momentos de conviv\u00eancia fraterna e discuss\u00f5es sobre temas fundamentais de forma\u00e7\u00e3o, fraternidade e voca\u00e7\u00e3o religiosa, al\u00e9m de apresentarem propostas para o Cap\u00edtulo provincial. No total, 37 estudantes participaram do evento.<\/span><\/p>\n<p><span style=\"font-weight: 400;\">As atividades come\u00e7aram com a ora\u00e7\u00e3o das laudes na manh\u00e3 do dia 31 de julho. Frei Marcos Antonio de Andrade, Secret\u00e1rio para a Forma\u00e7\u00e3o e os Estudos, saudou e acolheu todos os estudantes. Frei Bruno Gon\u00e7alves Cezario e Frei Francisco Barbosa Mouzinho Junior, organizadores do evento, atuaram como moderadores das sess\u00f5es. Os aspectos essenciais para o bom \u00eaxito do encontro inclu\u00edram ora\u00e7\u00e3o, partilhas, reflex\u00f5es sobre o Cap\u00edtulo, conv\u00edvio, refei\u00e7\u00f5es, Eucaristia com a comunidade paroquial, passeios e fraternidade.<\/span><\/p>\n<p><span style=\"font-weight: 400;\">De acordo com Frei Bruno, os encontros geralmente ocorrem por ocasi\u00e3o do ano capitular, com o intuito de elencar assuntos que s\u00e3o importantes em rela\u00e7\u00e3o aos rumos que a Prov\u00edncia toma em seu processo de evangeliza\u00e7\u00e3o, aos olhos dos frades do per\u00edodo da forma\u00e7\u00e3o inicial. <img loading=\"lazy\" class=\" wp-image-249745 alignright\" src=\"https:\/\/franciscanos.org.br\/noticias\/wp-content\/uploads\/2024\/08\/IMG-20240731-WA0104-450x338.jpg\" alt=\"\" width=\"470\" height=\"353\" srcset=\"https:\/\/franciscanos.org.br\/noticias\/wp-content\/uploads\/2024\/08\/IMG-20240731-WA0104-450x338.jpg 450w, https:\/\/franciscanos.org.br\/noticias\/wp-content\/uploads\/2024\/08\/IMG-20240731-WA0104-1024x768.jpg 1024w, https:\/\/franciscanos.org.br\/noticias\/wp-content\/uploads\/2024\/08\/IMG-20240731-WA0104-768x576.jpg 768w, https:\/\/franciscanos.org.br\/noticias\/wp-content\/uploads\/2024\/08\/IMG-20240731-WA0104-150x113.jpg 150w, https:\/\/franciscanos.org.br\/noticias\/wp-content\/uploads\/2024\/08\/IMG-20240731-WA0104-600x450.jpg 600w, https:\/\/franciscanos.org.br\/noticias\/wp-content\/uploads\/2024\/08\/IMG-20240731-WA0104.jpg 1280w\" sizes=\"(max-width: 470px) 100vw, 470px\" \/><\/span><\/p>\n<p><span style=\"font-weight: 400;\">O Ministro provincial, Frei Paulo Roberto Pereira, participou do encontro e destacou a import\u00e2ncia do tema do Cap\u00edtulo provincial: &#8220;Rever, Atualizar e Anunciar&#8221;. Ele explicou que rever a vida \u00e9 um processo pessoal e comunit\u00e1rio, que envolve uma reflex\u00e3o sobre a realidade da Prov\u00edncia e da Ordem. Atualizar implica encontrar meios de implementar mudan\u00e7as significativas, come\u00e7ando por n\u00f3s mesmos, para que possamos, em seguida, anunciar a Boa Nova atrav\u00e9s do nosso modo de viver.<\/span><\/p>\n<p><span style=\"font-weight: 400;\">\u201cPrecisamos atualizar nossa presen\u00e7a, nossa disposi\u00e7\u00e3o e vigor,\u201d disse Frei Paulo. \u201cDevemos nos sentir chamados por amor e sermos peregrinos da esperan\u00e7a, levando a mensagem do Evangelho com renovado entusiasmo\u201d. Os frades estudantes se mostraram motivados a contribuir para o futuro da Prov\u00edncia e expressaram apoio \u00e0s palavras do ministro, destacando a import\u00e2ncia da express\u00e3o \u201cdo SAV ao C\u00e9u\u201d, que ressoou fortemente entre os participantes.\u00a0<\/span><\/p>\n<p><span style=\"font-weight: 400;\">No per\u00edodo da tarde, foi concedido o momento de partilhas de cada etapa formativa. Mesmo pertencendo \u00e0 fraternidades e estando em tempos diferentes de Profiss\u00e3o dos Votos, todos tiveram a oportunidade de compartilhar suas experi\u00eancias, expectativas e inquieta\u00e7\u00f5es. O momento se prolongou e culminou com a participa\u00e7\u00e3o da Eucaristia. \u00c0s 20h, em clima de profundo recolhimento, na Capela Frei Galv\u00e3o, anexa \u00e0 Igreja do Sagrado, os frades se reuniram para a ora\u00e7\u00e3o da noite.<\/span><\/p>\n<p><b>2\u00ba dia: Compreendendo as etapas do Cap\u00edtulo<\/b><\/p>\n\n\t\t<style type=\"text\/css\">\n\t\t\t#gallery-1 {\n\t\t\t\tmargin: auto;\n\t\t\t}\n\t\t\t#gallery-1 .gallery-item {\n\t\t\t\tfloat: left;\n\t\t\t\tmargin-top: 10px;\n\t\t\t\ttext-align: center;\n\t\t\t\twidth: 25%;\n\t\t\t}\n\t\t\t#gallery-1 img {\n\t\t\t\tborder: 2px solid #cfcfcf;\n\t\t\t}\n\t\t\t#gallery-1 .gallery-caption {\n\t\t\t\tmargin-left: 0;\n\t\t\t}\n\t\t\t\/* see gallery_shortcode() in wp-includes\/media.php *\/\n\t\t<\/style>\n\t\t<div id='gallery-1' class='gallery galleryid-249742 gallery-columns-4 gallery-size-medium'><dl class='gallery-item'>\n\t\t\t<dt class='gallery-icon landscape'>\n\t\t\t\t<a href='https:\/\/franciscanos.org.br\/noticias\/wp-content\/uploads\/2024\/08\/ENCONTRO-DOS-FRADES-ESTUDANTES-21.jpg'><img width=\"450\" height=\"337\" src=\"https:\/\/franciscanos.org.br\/noticias\/wp-content\/uploads\/2024\/08\/ENCONTRO-DOS-FRADES-ESTUDANTES-21-450x337.jpg\" class=\"attachment-medium size-medium\" alt=\"\" loading=\"lazy\" srcset=\"https:\/\/franciscanos.org.br\/noticias\/wp-content\/uploads\/2024\/08\/ENCONTRO-DOS-FRADES-ESTUDANTES-21-450x337.jpg 450w, https:\/\/franciscanos.org.br\/noticias\/wp-content\/uploads\/2024\/08\/ENCONTRO-DOS-FRADES-ESTUDANTES-21-150x112.jpg 150w, https:\/\/franciscanos.org.br\/noticias\/wp-content\/uploads\/2024\/08\/ENCONTRO-DOS-FRADES-ESTUDANTES-21.jpg 551w\" sizes=\"(max-width: 450px) 100vw, 450px\" \/><\/a>\n\t\t\t<\/dt><\/dl><dl class='gallery-item'>\n\t\t\t<dt class='gallery-icon landscape'>\n\t\t\t\t<a href='https:\/\/franciscanos.org.br\/noticias\/wp-content\/uploads\/2024\/08\/ENCONTRO-DOS-FRADES-ESTUDANTES-2.jpg'><img width=\"450\" height=\"337\" src=\"https:\/\/franciscanos.org.br\/noticias\/wp-content\/uploads\/2024\/08\/ENCONTRO-DOS-FRADES-ESTUDANTES-2-450x337.jpg\" class=\"attachment-medium size-medium\" alt=\"\" loading=\"lazy\" srcset=\"https:\/\/franciscanos.org.br\/noticias\/wp-content\/uploads\/2024\/08\/ENCONTRO-DOS-FRADES-ESTUDANTES-2-450x337.jpg 450w, https:\/\/franciscanos.org.br\/noticias\/wp-content\/uploads\/2024\/08\/ENCONTRO-DOS-FRADES-ESTUDANTES-2-150x112.jpg 150w, https:\/\/franciscanos.org.br\/noticias\/wp-content\/uploads\/2024\/08\/ENCONTRO-DOS-FRADES-ESTUDANTES-2.jpg 551w\" sizes=\"(max-width: 450px) 100vw, 450px\" \/><\/a>\n\t\t\t<\/dt><\/dl><dl class='gallery-item'>\n\t\t\t<dt class='gallery-icon landscape'>\n\t\t\t\t<a href='https:\/\/franciscanos.org.br\/noticias\/wp-content\/uploads\/2024\/08\/ENCONTRO-DOS-FRADES-ESTUDANTES-16.jpg'><img width=\"450\" height=\"337\" src=\"https:\/\/franciscanos.org.br\/noticias\/wp-content\/uploads\/2024\/08\/ENCONTRO-DOS-FRADES-ESTUDANTES-16-450x337.jpg\" class=\"attachment-medium size-medium\" alt=\"\" loading=\"lazy\" srcset=\"https:\/\/franciscanos.org.br\/noticias\/wp-content\/uploads\/2024\/08\/ENCONTRO-DOS-FRADES-ESTUDANTES-16-450x337.jpg 450w, https:\/\/franciscanos.org.br\/noticias\/wp-content\/uploads\/2024\/08\/ENCONTRO-DOS-FRADES-ESTUDANTES-16-150x112.jpg 150w, https:\/\/franciscanos.org.br\/noticias\/wp-content\/uploads\/2024\/08\/ENCONTRO-DOS-FRADES-ESTUDANTES-16.jpg 551w\" sizes=\"(max-width: 450px) 100vw, 450px\" \/><\/a>\n\t\t\t<\/dt><\/dl><dl class='gallery-item'>\n\t\t\t<dt class='gallery-icon landscape'>\n\t\t\t\t<a href='https:\/\/franciscanos.org.br\/noticias\/wp-content\/uploads\/2024\/08\/ENCONTRO-DOS-FRADES-ESTUDANTES-14.jpg'><img width=\"450\" height=\"337\" src=\"https:\/\/franciscanos.org.br\/noticias\/wp-content\/uploads\/2024\/08\/ENCONTRO-DOS-FRADES-ESTUDANTES-14-450x337.jpg\" class=\"attachment-medium size-medium\" alt=\"\" loading=\"lazy\" srcset=\"https:\/\/franciscanos.org.br\/noticias\/wp-content\/uploads\/2024\/08\/ENCONTRO-DOS-FRADES-ESTUDANTES-14-450x337.jpg 450w, https:\/\/franciscanos.org.br\/noticias\/wp-content\/uploads\/2024\/08\/ENCONTRO-DOS-FRADES-ESTUDANTES-14-150x112.jpg 150w, https:\/\/franciscanos.org.br\/noticias\/wp-content\/uploads\/2024\/08\/ENCONTRO-DOS-FRADES-ESTUDANTES-14.jpg 551w\" sizes=\"(max-width: 450px) 100vw, 450px\" \/><\/a>\n\t\t\t<\/dt><\/dl><br style=\"clear: both\" \/>\n\t\t<\/div>\n\n<p><span style=\"font-weight: 400;\">O segundo dia, quinta-feira, 1\u00ba de agosto, foi marcado por tr\u00eas momentos importantes. O primeiro ocorreu logo ap\u00f3s a ora\u00e7\u00e3o da manh\u00e3, quando Frei Marcos Andrade relembrou a todos como se d\u00e1 o processo de prepara\u00e7\u00e3o do Cap\u00edtulo, desde a convoca\u00e7\u00e3o, nomea\u00e7\u00f5es e execu\u00e7\u00e3o das demandas. Foram lidas partes dos Estatutos Particulares da Prov\u00edncia que descrevem os deveres e obriga\u00e7\u00f5es do Cap\u00edtulo.<\/span><\/p>\n<p><span style=\"font-weight: 400;\">Ainda no per\u00edodo da manh\u00e3, Frei Gilberto da Silva, Frei Rodrigo da Silva Santos e Frei Roger Strapazzon, integrantes da comiss\u00e3o que est\u00e1 planejando o novo itiner\u00e1rio formativo, deram suas contribui\u00e7\u00f5es. Frei Gilberto destacou que perceber a necessidade de mudan\u00e7a \u00e9 essencial na vida do frade e ponderou que isso vem ocorrendo desde S\u00e3o Francisco de Assis. Os tr\u00eas falaram sobre o processo, considerando as expectativas e os sonhos e ressaltaram que toda mudan\u00e7a gera inseguran\u00e7a e instabilidade.\u00a0<\/span><\/p>\n<p><span style=\"font-weight: 400;\">A tarde foi dedicada a uma reflex\u00e3o sobre as prioridades do sex\u00eanio. Divididos em grupos, os frades puderam abordar, de forma detalhada, todos os pontos do documento. Ap\u00f3s o caf\u00e9, reuniram-se novamente e cada representante dos grupos apresentou os pontos discutidos. Com esses apontamentos, foi elaborado o texto final avaliativo que ser\u00e1 encaminhado \u00e0 comiss\u00e3o preparat\u00f3ria do Cap\u00edtulo provincial.\u00a0<\/span><\/p>\n<p><b>3\u00ba dia: Conhecendo espa\u00e7os geradores de conhecimento<\/b><\/p>\n\n\t\t<style type=\"text\/css\">\n\t\t\t#gallery-2 {\n\t\t\t\tmargin: auto;\n\t\t\t}\n\t\t\t#gallery-2 .gallery-item {\n\t\t\t\tfloat: left;\n\t\t\t\tmargin-top: 10px;\n\t\t\t\ttext-align: center;\n\t\t\t\twidth: 33%;\n\t\t\t}\n\t\t\t#gallery-2 img {\n\t\t\t\tborder: 2px solid #cfcfcf;\n\t\t\t}\n\t\t\t#gallery-2 .gallery-caption {\n\t\t\t\tmargin-left: 0;\n\t\t\t}\n\t\t\t\/* see gallery_shortcode() in wp-includes\/media.php *\/\n\t\t<\/style>\n\t\t<div id='gallery-2' class='gallery galleryid-249742 gallery-columns-3 gallery-size-medium'><dl class='gallery-item'>\n\t\t\t<dt class='gallery-icon landscape'>\n\t\t\t\t<a href='https:\/\/franciscanos.org.br\/noticias\/wp-content\/uploads\/2024\/08\/ENCONTRO-DOS-FRADES-ESTUDANTES-38.jpg'><img width=\"450\" height=\"203\" src=\"https:\/\/franciscanos.org.br\/noticias\/wp-content\/uploads\/2024\/08\/ENCONTRO-DOS-FRADES-ESTUDANTES-38-450x203.jpg\" class=\"attachment-medium size-medium\" alt=\"\" loading=\"lazy\" srcset=\"https:\/\/franciscanos.org.br\/noticias\/wp-content\/uploads\/2024\/08\/ENCONTRO-DOS-FRADES-ESTUDANTES-38-450x203.jpg 450w, https:\/\/franciscanos.org.br\/noticias\/wp-content\/uploads\/2024\/08\/ENCONTRO-DOS-FRADES-ESTUDANTES-38-150x68.jpg 150w, https:\/\/franciscanos.org.br\/noticias\/wp-content\/uploads\/2024\/08\/ENCONTRO-DOS-FRADES-ESTUDANTES-38.jpg 551w\" sizes=\"(max-width: 450px) 100vw, 450px\" \/><\/a>\n\t\t\t<\/dt><\/dl><dl class='gallery-item'>\n\t\t\t<dt class='gallery-icon landscape'>\n\t\t\t\t<a href='https:\/\/franciscanos.org.br\/noticias\/wp-content\/uploads\/2024\/08\/ENCONTRO-DOS-FRADES-ESTUDANTES-39.jpg'><img width=\"450\" height=\"203\" src=\"https:\/\/franciscanos.org.br\/noticias\/wp-content\/uploads\/2024\/08\/ENCONTRO-DOS-FRADES-ESTUDANTES-39-450x203.jpg\" class=\"attachment-medium size-medium\" alt=\"\" loading=\"lazy\" srcset=\"https:\/\/franciscanos.org.br\/noticias\/wp-content\/uploads\/2024\/08\/ENCONTRO-DOS-FRADES-ESTUDANTES-39-450x203.jpg 450w, https:\/\/franciscanos.org.br\/noticias\/wp-content\/uploads\/2024\/08\/ENCONTRO-DOS-FRADES-ESTUDANTES-39-150x68.jpg 150w, https:\/\/franciscanos.org.br\/noticias\/wp-content\/uploads\/2024\/08\/ENCONTRO-DOS-FRADES-ESTUDANTES-39.jpg 551w\" sizes=\"(max-width: 450px) 100vw, 450px\" \/><\/a>\n\t\t\t<\/dt><\/dl><dl class='gallery-item'>\n\t\t\t<dt class='gallery-icon landscape'>\n\t\t\t\t<a href='https:\/\/franciscanos.org.br\/noticias\/wp-content\/uploads\/2024\/08\/ENCONTRO-DOS-FRADES-ESTUDANTES-36.jpg'><img width=\"450\" height=\"203\" src=\"https:\/\/franciscanos.org.br\/noticias\/wp-content\/uploads\/2024\/08\/ENCONTRO-DOS-FRADES-ESTUDANTES-36-450x203.jpg\" class=\"attachment-medium size-medium\" alt=\"\" loading=\"lazy\" srcset=\"https:\/\/franciscanos.org.br\/noticias\/wp-content\/uploads\/2024\/08\/ENCONTRO-DOS-FRADES-ESTUDANTES-36-450x203.jpg 450w, https:\/\/franciscanos.org.br\/noticias\/wp-content\/uploads\/2024\/08\/ENCONTRO-DOS-FRADES-ESTUDANTES-36-150x68.jpg 150w, https:\/\/franciscanos.org.br\/noticias\/wp-content\/uploads\/2024\/08\/ENCONTRO-DOS-FRADES-ESTUDANTES-36.jpg 551w\" sizes=\"(max-width: 450px) 100vw, 450px\" \/><\/a>\n\t\t\t<\/dt><\/dl><br style=\"clear: both\" \/>\n\t\t<\/div>\n\n<p><span style=\"font-weight: 400;\">O terceiro dia do encontro, sexta-feira, 2 de agosto, foi dedicado a passeios e visitas a locais importantes para a Prov\u00edncia. \u00c0s 8h30, todos os frades celebraram solenemente o Of\u00edcio de Santa Maria dos Anjos da Porci\u00fancula, uma data significativa para os Frades Menores. Em seguida, tiraram a foto oficial do encontro e partiram para o primeiro passeio.\u00a0<\/span><\/p>\n<p><span style=\"font-weight: 400;\">A primeira visita foi \u00e0 Editora Vozes, onde o colaborador Robson conduziu uma visita guiada, explicando o processo de produ\u00e7\u00e3o de um livro e mostrando os setores Editorial, DDG (Departamento de Design Gr\u00e1fico), CTP (Pr\u00e9-impress\u00e3o), Gr\u00e1fica (<em>Offset<\/em>), Dobra e Acabamento.\u00a0<\/span><\/p>\n<p><span style=\"font-weight: 400;\">Depois, dirigiram-se ao Instituto dos Meninos Cantores de Petr\u00f3polis, conhecidos como os Canarinhos de Petr\u00f3polis. Recebidos por Frei Marcos de Andrade, presidente do Instituto, e pela colaboradora Rose, conheceram a hist\u00f3ria e a rotina da entidade. Os maestros Marco Aur\u00e9lio Lischt e Marcelo Vizani prepararam uma bela surpresa: o coro, com praticamente todos os coralistas, apresentou <em>God Bless and Keep You,<\/em>\u00a0de John Rutter (O Senhor te aben\u00e7oe e te guarde).\u00a0<\/span><\/p>\n<p><span style=\"font-weight: 400;\">Por fim, visitaram o Instituto Teol\u00f3gico Franciscano, onde foram acolhidos pelo Reitor e guardi\u00e3o da fraternidade, Frei Sandro Roberto da Costa. Os frades tiveram a oportunidade de conhecer a hist\u00f3ria do pr\u00e9dio e da institui\u00e7\u00e3o, visitando todas as depend\u00eancias, incluindo a Biblioteca \u2013 uma das maiores do Brasil em conte\u00fado teol\u00f3gico \u2013, salas de aula, sal\u00e3o nobre, secretarias, capela do instituto e o convento que abriga a fraternidade. A visita foi encerrada com um caf\u00e9.\u00a0<\/span><\/p>\n<p><span style=\"font-weight: 400;\">De volta ao Convento Sagrado Cora\u00e7\u00e3o de Jesus, os frades se reuniram, \u00e0s 18h, para celebrar a Solenidade de Santa Maria dos Anjos. A Santa Missa foi presidida pelo Frei Jorge Paulo Schiavini e concelebrada pelo Frei Fernando de Ara\u00fajo Lima e Frei Rodrigo Santos, contando com a participa\u00e7\u00e3o da comunidade paroquial. A liturgia e os cantos ficaram aos cuidados dos frades participantes do encontro. Como \u00faltima programa\u00e7\u00e3o, toda a fraternidade local, juntamente com os participantes do encontro, celebraram festivamente e confraternizaram.\u00a0<\/span><\/p>\n<p><strong>Confira\u00a0 os depoimentos dos frades estudantes:<\/strong><\/p>\n<p><span style=\"font-weight: 400;\">\u201cSenhor, \u00e9 bom estarmos aqui [&#8230;] (Mt 17,4). Para mim, esta frase resume a experi\u00eancia fecunda de confraterniza\u00e7\u00e3o que n\u00f3s frades estudantes tivemos no &#8216;monte&#8217; de Petr\u00f3polis. Foi um momento maravilhoso onde, al\u00e9m da conviv\u00eancia fraterna mais intensa, foi poss\u00edvel refletir sobre o processo formativo (do &#8216;SAV ao c\u00e9u&#8217;), rever a caminhada e vida da Prov\u00edncia, atualiz\u00e1-la \u00e0 luz dos novos tempos para melhor viver o an\u00fancio do Evangelho e, assim, irradiar a vida franciscana nos dias de hoje com vigor e esperan\u00e7a. Paz e bem!\u201d (Frei Jos\u00e9 Cambanda Catimba)<\/span><\/p>\n<p><span style=\"font-weight: 400;\">\u2014&#8212;&#8212;&#8212;&#8212;&#8212;&#8212;&#8212;&#8212;&#8212;&#8212;&#8212;&#8212;&#8212;&#8211;<\/span><\/p>\n<p><span style=\"font-weight: 400;\">\u201cDo encontro eu destaco o tempo de conviv\u00eancia. Muitos confrades eu nunca tinha visto e foi interessante a intera\u00e7\u00e3o entre todos. Isso foi bem enriquecedor para um n\u00edvel provincial. As discuss\u00f5es no encontro da Prov\u00edncia foram bem din\u00e2micas, leves; bem como as explana\u00e7\u00f5es dos confrades acerca do novo caminho formativo.\u201d (Frei Gabriel Nogueira Alves)<\/span><\/p>\n<p><span style=\"font-weight: 400;\">\u2014&#8212;&#8212;&#8212;&#8212;&#8212;&#8212;&#8212;&#8212;&#8212;&#8212;&#8212;&#8212;&#8212;&#8212;&#8211;<\/span><\/p>\n<p><span style=\"font-weight: 400;\">\u201cO encontro proporciona v\u00e1rias experi\u00eancias para n\u00f3s, frades estudantes, principalmente a experi\u00eancia da partilha das alegrias, das dores e das dificuldades que vivemos no dia a dia, nessa forma\u00e7\u00e3o que \u00e9 constante para nossa vida e nossa caminhada. Tamb\u00e9m destaco a import\u00e2ncia de estarmos juntos, unidos. Falo por mim, atrav\u00e9s da experi\u00eancia do ano mission\u00e1rio: muitos confrades que h\u00e1 tempos n\u00e3o encontrava, tive a possibilidade do reencontro. Foi uma experi\u00eancia de conv\u00edvio, de vida fraterna uns com os outros que \u00e9 um ponto marcante. Creio que com isso, esse encontro contribuiu muito para a minha caminhada.\u201d (Frei Bruno Almeida de Mello)<\/span><\/p>\n<hr \/>\n<p>Frei Cristian dos Santos Lopes<\/p>\n\n\t\t<style type=\"text\/css\">\n\t\t\t#gallery-3 {\n\t\t\t\tmargin: auto;\n\t\t\t}\n\t\t\t#gallery-3 .gallery-item {\n\t\t\t\tfloat: left;\n\t\t\t\tmargin-top: 10px;\n\t\t\t\ttext-align: center;\n\t\t\t\twidth: 25%;\n\t\t\t}\n\t\t\t#gallery-3 img {\n\t\t\t\tborder: 2px solid #cfcfcf;\n\t\t\t}\n\t\t\t#gallery-3 .gallery-caption {\n\t\t\t\tmargin-left: 0;\n\t\t\t}\n\t\t\t\/* see gallery_shortcode() in wp-includes\/media.php *\/\n\t\t<\/style>\n\t\t<div id='gallery-3' class='gallery galleryid-249742 gallery-columns-4 gallery-size-thumbnail'><dl class='gallery-item'>\n\t\t\t<dt class='gallery-icon landscape'>\n\t\t\t\t<a href='https:\/\/franciscanos.org.br\/noticias\/wp-content\/uploads\/2024\/08\/ENCONTRO-DOS-FRADES-ESTUDANTES-47.jpg'><img width=\"300\" height=\"300\" src=\"https:\/\/franciscanos.org.br\/noticias\/wp-content\/uploads\/2024\/08\/ENCONTRO-DOS-FRADES-ESTUDANTES-47-300x300.jpg\" class=\"attachment-thumbnail size-thumbnail\" alt=\"\" loading=\"lazy\" srcset=\"https:\/\/franciscanos.org.br\/noticias\/wp-content\/uploads\/2024\/08\/ENCONTRO-DOS-FRADES-ESTUDANTES-47-300x300.jpg 300w, https:\/\/franciscanos.org.br\/noticias\/wp-content\/uploads\/2024\/08\/ENCONTRO-DOS-FRADES-ESTUDANTES-47-100x100.jpg 100w\" sizes=\"(max-width: 300px) 100vw, 300px\" \/><\/a>\n\t\t\t<\/dt><\/dl><dl class='gallery-item'>\n\t\t\t<dt class='gallery-icon landscape'>\n\t\t\t\t<a href='https:\/\/franciscanos.org.br\/noticias\/wp-content\/uploads\/2024\/08\/ENCONTRO-DOS-FRADES-ESTUDANTES-44.jpg'><img width=\"300\" height=\"300\" src=\"https:\/\/franciscanos.org.br\/noticias\/wp-content\/uploads\/2024\/08\/ENCONTRO-DOS-FRADES-ESTUDANTES-44-300x300.jpg\" class=\"attachment-thumbnail size-thumbnail\" alt=\"\" loading=\"lazy\" srcset=\"https:\/\/franciscanos.org.br\/noticias\/wp-content\/uploads\/2024\/08\/ENCONTRO-DOS-FRADES-ESTUDANTES-44-300x300.jpg 300w, https:\/\/franciscanos.org.br\/noticias\/wp-content\/uploads\/2024\/08\/ENCONTRO-DOS-FRADES-ESTUDANTES-44-100x100.jpg 100w\" sizes=\"(max-width: 300px) 100vw, 300px\" \/><\/a>\n\t\t\t<\/dt><\/dl><dl class='gallery-item'>\n\t\t\t<dt class='gallery-icon landscape'>\n\t\t\t\t<a href='https:\/\/franciscanos.org.br\/noticias\/wp-content\/uploads\/2024\/08\/ENCONTRO-DOS-FRADES-ESTUDANTES-42-1.jpg'><img width=\"300\" height=\"300\" src=\"https:\/\/franciscanos.org.br\/noticias\/wp-content\/uploads\/2024\/08\/ENCONTRO-DOS-FRADES-ESTUDANTES-42-1-300x300.jpg\" class=\"attachment-thumbnail size-thumbnail\" alt=\"\" loading=\"lazy\" srcset=\"https:\/\/franciscanos.org.br\/noticias\/wp-content\/uploads\/2024\/08\/ENCONTRO-DOS-FRADES-ESTUDANTES-42-1-300x300.jpg 300w, https:\/\/franciscanos.org.br\/noticias\/wp-content\/uploads\/2024\/08\/ENCONTRO-DOS-FRADES-ESTUDANTES-42-1-100x100.jpg 100w\" sizes=\"(max-width: 300px) 100vw, 300px\" \/><\/a>\n\t\t\t<\/dt><\/dl><dl class='gallery-item'>\n\t\t\t<dt class='gallery-icon landscape'>\n\t\t\t\t<a href='https:\/\/franciscanos.org.br\/noticias\/wp-content\/uploads\/2024\/08\/ENCONTRO-DOS-FRADES-ESTUDANTES-28.jpg'><img width=\"300\" height=\"300\" src=\"https:\/\/franciscanos.org.br\/noticias\/wp-content\/uploads\/2024\/08\/ENCONTRO-DOS-FRADES-ESTUDANTES-28-300x300.jpg\" class=\"attachment-thumbnail size-thumbnail\" alt=\"\" loading=\"lazy\" srcset=\"https:\/\/franciscanos.org.br\/noticias\/wp-content\/uploads\/2024\/08\/ENCONTRO-DOS-FRADES-ESTUDANTES-28-300x300.jpg 300w, https:\/\/franciscanos.org.br\/noticias\/wp-content\/uploads\/2024\/08\/ENCONTRO-DOS-FRADES-ESTUDANTES-28-100x100.jpg 100w\" sizes=\"(max-width: 300px) 100vw, 300px\" \/><\/a>\n\t\t\t<\/dt><\/dl><br style=\"clear: both\" \/><dl class='gallery-item'>\n\t\t\t<dt class='gallery-icon landscape'>\n\t\t\t\t<a href='https:\/\/franciscanos.org.br\/noticias\/wp-content\/uploads\/2024\/08\/ENCONTRO-DOS-FRADES-ESTUDANTES-23.jpg'><img width=\"300\" height=\"300\" src=\"https:\/\/franciscanos.org.br\/noticias\/wp-content\/uploads\/2024\/08\/ENCONTRO-DOS-FRADES-ESTUDANTES-23-300x300.jpg\" class=\"attachment-thumbnail size-thumbnail\" alt=\"\" loading=\"lazy\" srcset=\"https:\/\/franciscanos.org.br\/noticias\/wp-content\/uploads\/2024\/08\/ENCONTRO-DOS-FRADES-ESTUDANTES-23-300x300.jpg 300w, https:\/\/franciscanos.org.br\/noticias\/wp-content\/uploads\/2024\/08\/ENCONTRO-DOS-FRADES-ESTUDANTES-23-100x100.jpg 100w\" sizes=\"(max-width: 300px) 100vw, 300px\" \/><\/a>\n\t\t\t<\/dt><\/dl><dl class='gallery-item'>\n\t\t\t<dt class='gallery-icon landscape'>\n\t\t\t\t<a href='https:\/\/franciscanos.org.br\/noticias\/wp-content\/uploads\/2024\/08\/ENCONTRO-DOS-FRADES-ESTUDANTES-16-1.jpg'><img width=\"300\" height=\"300\" src=\"https:\/\/franciscanos.org.br\/noticias\/wp-content\/uploads\/2024\/08\/ENCONTRO-DOS-FRADES-ESTUDANTES-16-1-300x300.jpg\" class=\"attachment-thumbnail size-thumbnail\" alt=\"\" loading=\"lazy\" srcset=\"https:\/\/franciscanos.org.br\/noticias\/wp-content\/uploads\/2024\/08\/ENCONTRO-DOS-FRADES-ESTUDANTES-16-1-300x300.jpg 300w, https:\/\/franciscanos.org.br\/noticias\/wp-content\/uploads\/2024\/08\/ENCONTRO-DOS-FRADES-ESTUDANTES-16-1-100x100.jpg 100w\" sizes=\"(max-width: 300px) 100vw, 300px\" \/><\/a>\n\t\t\t<\/dt><\/dl><dl class='gallery-item'>\n\t\t\t<dt class='gallery-icon landscape'>\n\t\t\t\t<a href='https:\/\/franciscanos.org.br\/noticias\/wp-content\/uploads\/2024\/08\/ENCONTRO-DOS-FRADES-ESTUDANTES-35-1.jpg'><img width=\"300\" height=\"300\" src=\"https:\/\/franciscanos.org.br\/noticias\/wp-content\/uploads\/2024\/08\/ENCONTRO-DOS-FRADES-ESTUDANTES-35-1-300x300.jpg\" class=\"attachment-thumbnail size-thumbnail\" alt=\"\" loading=\"lazy\" srcset=\"https:\/\/franciscanos.org.br\/noticias\/wp-content\/uploads\/2024\/08\/ENCONTRO-DOS-FRADES-ESTUDANTES-35-1-300x300.jpg 300w, https:\/\/franciscanos.org.br\/noticias\/wp-content\/uploads\/2024\/08\/ENCONTRO-DOS-FRADES-ESTUDANTES-35-1-100x100.jpg 100w\" sizes=\"(max-width: 300px) 100vw, 300px\" \/><\/a>\n\t\t\t<\/dt><\/dl><dl class='gallery-item'>\n\t\t\t<dt class='gallery-icon portrait'>\n\t\t\t\t<a href='https:\/\/franciscanos.org.br\/noticias\/wp-content\/uploads\/2024\/08\/ENCONTRO-DOS-FRADES-ESTUDANTES-9.jpg'><img width=\"300\" height=\"300\" src=\"https:\/\/franciscanos.org.br\/noticias\/wp-content\/uploads\/2024\/08\/ENCONTRO-DOS-FRADES-ESTUDANTES-9-300x300.jpg\" class=\"attachment-thumbnail size-thumbnail\" alt=\"\" loading=\"lazy\" srcset=\"https:\/\/franciscanos.org.br\/noticias\/wp-content\/uploads\/2024\/08\/ENCONTRO-DOS-FRADES-ESTUDANTES-9-300x300.jpg 300w, https:\/\/franciscanos.org.br\/noticias\/wp-content\/uploads\/2024\/08\/ENCONTRO-DOS-FRADES-ESTUDANTES-9-100x100.jpg 100w\" sizes=\"(max-width: 300px) 100vw, 300px\" \/><\/a>\n\t\t\t<\/dt><\/dl><br style=\"clear: both\" \/><dl class='gallery-item'>\n\t\t\t<dt class='gallery-icon landscape'>\n\t\t\t\t<a href='https:\/\/franciscanos.org.br\/noticias\/wp-content\/uploads\/2024\/08\/ENCONTRO-DOS-FRADES-ESTUDANTES-8.jpg'><img width=\"300\" height=\"300\" src=\"https:\/\/franciscanos.org.br\/noticias\/wp-content\/uploads\/2024\/08\/ENCONTRO-DOS-FRADES-ESTUDANTES-8-300x300.jpg\" class=\"attachment-thumbnail size-thumbnail\" alt=\"\" loading=\"lazy\" srcset=\"https:\/\/franciscanos.org.br\/noticias\/wp-content\/uploads\/2024\/08\/ENCONTRO-DOS-FRADES-ESTUDANTES-8-300x300.jpg 300w, https:\/\/franciscanos.org.br\/noticias\/wp-content\/uploads\/2024\/08\/ENCONTRO-DOS-FRADES-ESTUDANTES-8-100x100.jpg 100w\" sizes=\"(max-width: 300px) 100vw, 300px\" \/><\/a>\n\t\t\t<\/dt><\/dl><dl class='gallery-item'>\n\t\t\t<dt class='gallery-icon portrait'>\n\t\t\t\t<a href='https:\/\/franciscanos.org.br\/noticias\/wp-content\/uploads\/2024\/08\/ENCONTRO-DOS-FRADES-ESTUDANTES-12.jpg'><img width=\"300\" height=\"300\" src=\"https:\/\/franciscanos.org.br\/noticias\/wp-content\/uploads\/2024\/08\/ENCONTRO-DOS-FRADES-ESTUDANTES-12-300x300.jpg\" class=\"attachment-thumbnail size-thumbnail\" alt=\"\" loading=\"lazy\" srcset=\"https:\/\/franciscanos.org.br\/noticias\/wp-content\/uploads\/2024\/08\/ENCONTRO-DOS-FRADES-ESTUDANTES-12-300x300.jpg 300w, https:\/\/franciscanos.org.br\/noticias\/wp-content\/uploads\/2024\/08\/ENCONTRO-DOS-FRADES-ESTUDANTES-12-100x100.jpg 100w\" sizes=\"(max-width: 300px) 100vw, 300px\" \/><\/a>\n\t\t\t<\/dt><\/dl><dl class='gallery-item'>\n\t\t\t<dt class='gallery-icon landscape'>\n\t\t\t\t<a href='https:\/\/franciscanos.org.br\/noticias\/wp-content\/uploads\/2024\/08\/ENCONTRO-DOS-FRADES-ESTUDANTES-7.jpg'><img width=\"300\" height=\"300\" src=\"https:\/\/franciscanos.org.br\/noticias\/wp-content\/uploads\/2024\/08\/ENCONTRO-DOS-FRADES-ESTUDANTES-7-300x300.jpg\" class=\"attachment-thumbnail size-thumbnail\" alt=\"\" loading=\"lazy\" srcset=\"https:\/\/franciscanos.org.br\/noticias\/wp-content\/uploads\/2024\/08\/ENCONTRO-DOS-FRADES-ESTUDANTES-7-300x300.jpg 300w, https:\/\/franciscanos.org.br\/noticias\/wp-content\/uploads\/2024\/08\/ENCONTRO-DOS-FRADES-ESTUDANTES-7-100x100.jpg 100w\" sizes=\"(max-width: 300px) 100vw, 300px\" \/><\/a>\n\t\t\t<\/dt><\/dl><dl class='gallery-item'>\n\t\t\t<dt class='gallery-icon landscape'>\n\t\t\t\t<a href='https:\/\/franciscanos.org.br\/noticias\/wp-content\/uploads\/2024\/08\/IMG-20240731-WA0100.jpg'><img width=\"300\" height=\"300\" src=\"https:\/\/franciscanos.org.br\/noticias\/wp-content\/uploads\/2024\/08\/IMG-20240731-WA0100-300x300.jpg\" class=\"attachment-thumbnail size-thumbnail\" alt=\"\" loading=\"lazy\" srcset=\"https:\/\/franciscanos.org.br\/noticias\/wp-content\/uploads\/2024\/08\/IMG-20240731-WA0100-300x300.jpg 300w, https:\/\/franciscanos.org.br\/noticias\/wp-content\/uploads\/2024\/08\/IMG-20240731-WA0100-100x100.jpg 100w\" sizes=\"(max-width: 300px) 100vw, 300px\" \/><\/a>\n\t\t\t<\/dt><\/dl><br style=\"clear: both\" \/>\n\t\t<\/div>\n\n","protected":false},"excerpt":{"rendered":"<p>Evento reuniu 37 frades em fase de forma\u00e7\u00e3o <\/p>\n","protected":false},"author":11,"featured_media":249744,"comment_status":"open","ping_status":"open","sticky":false,"template":"","format":"standard","meta":[],"categories":[1],"tags":[1878,1590,2231,190,2056],"acf":[],"yoast_head":"<!-- This site is optimized with the Yoast SEO plugin v19.2 - https:\/\/yoast.com\/wordpress\/plugins\/seo\/ -->\n<title>Encontro dos frades estudantes aborda forma\u00e7\u00e3o, vida em fraternidade e voca\u00e7\u00e3o - Not\u00edcias - Franciscanos<\/title>\n<meta name=\"robots\" content=\"index, follow, max-snippet:-1, max-image-preview:large, max-video-preview:-1\" \/>\n<link rel=\"canonical\" href=\"https:\/\/franciscanos.org.br\/noticias\/encontro-dos-frades-estudantes-aborda-formacao-vida-em-fraternidade-e-vocacao.html\" \/>\n<meta property=\"og:locale\" content=\"pt_BR\" \/>\n<meta property=\"og:type\" content=\"article\" \/>\n<meta property=\"og:title\" content=\"Encontro dos frades estudantes aborda forma\u00e7\u00e3o, vida em fraternidade e voca\u00e7\u00e3o - Not\u00edcias - Franciscanos\" \/>\n<meta property=\"og:description\" content=\"Evento reuniu 37 frades em fase de forma\u00e7\u00e3o\" \/>\n<meta property=\"og:url\" content=\"https:\/\/franciscanos.org.br\/noticias\/encontro-dos-frades-estudantes-aborda-formacao-vida-em-fraternidade-e-vocacao.html\" \/>\n<meta property=\"og:site_name\" content=\"Not\u00edcias - Franciscanos\" \/>\n<meta property=\"article:published_time\" content=\"2024-08-05T21:02:19+00:00\" \/>\n<meta property=\"article:modified_time\" content=\"2025-03-10T19:10:05+00:00\" \/>\n<meta property=\"og:image\" content=\"https:\/\/franciscanos.org.br\/noticias\/wp-content\/uploads\/2024\/08\/MATERIA-2.jpg\" \/>\n\t<meta property=\"og:image:width\" content=\"1280\" \/>\n\t<meta property=\"og:image:height\" content=\"720\" \/>\n\t<meta property=\"og:image:type\" content=\"image\/jpeg\" \/>\n<meta name=\"author\" content=\"Adriana Rabelo\" \/>\n<meta name=\"twitter:card\" content=\"summary_large_image\" \/>\n<meta name=\"twitter:label1\" content=\"Escrito por\" \/>\n\t<meta name=\"twitter:data1\" content=\"Adriana Rabelo\" \/>\n\t<meta name=\"twitter:label2\" content=\"Est. tempo de leitura\" \/>\n\t<meta name=\"twitter:data2\" content=\"7 minutos\" \/>\n<script type=\"application\/ld+json\" class=\"yoast-schema-graph\">{\"@context\":\"https:\/\/schema.org\",\"@graph\":[{\"@type\":\"WebSite\",\"@id\":\"https:\/\/franciscanos.org.br\/noticias\/#website\",\"url\":\"https:\/\/franciscanos.org.br\/noticias\/\",\"name\":\"Not\u00edcias - Franciscanos\",\"description\":\"Prov\u00edncia Franciscana da Imaculada Concei\u00e7\u00e3o do Brasil - Ordem dos Frades Menores - OFM\",\"potentialAction\":[{\"@type\":\"SearchAction\",\"target\":{\"@type\":\"EntryPoint\",\"urlTemplate\":\"https:\/\/franciscanos.org.br\/noticias\/?s={search_term_string}\"},\"query-input\":\"required name=search_term_string\"}],\"inLanguage\":\"pt-BR\"},{\"@type\":\"ImageObject\",\"inLanguage\":\"pt-BR\",\"@id\":\"https:\/\/franciscanos.org.br\/noticias\/encontro-dos-frades-estudantes-aborda-formacao-vida-em-fraternidade-e-vocacao.html#primaryimage\",\"url\":\"https:\/\/franciscanos.org.br\/noticias\/wp-content\/uploads\/2024\/08\/MATERIA-2.jpg\",\"contentUrl\":\"https:\/\/franciscanos.org.br\/noticias\/wp-content\/uploads\/2024\/08\/MATERIA-2.jpg\",\"width\":1280,\"height\":720},{\"@type\":\"WebPage\",\"@id\":\"https:\/\/franciscanos.org.br\/noticias\/encontro-dos-frades-estudantes-aborda-formacao-vida-em-fraternidade-e-vocacao.html#webpage\",\"url\":\"https:\/\/franciscanos.org.br\/noticias\/encontro-dos-frades-estudantes-aborda-formacao-vida-em-fraternidade-e-vocacao.html\",\"name\":\"Encontro dos frades estudantes aborda forma\u00e7\u00e3o, vida em fraternidade e voca\u00e7\u00e3o - Not\u00edcias - Franciscanos\",\"isPartOf\":{\"@id\":\"https:\/\/franciscanos.org.br\/noticias\/#website\"},\"primaryImageOfPage\":{\"@id\":\"https:\/\/franciscanos.org.br\/noticias\/encontro-dos-frades-estudantes-aborda-formacao-vida-em-fraternidade-e-vocacao.html#primaryimage\"},\"datePublished\":\"2024-08-05T21:02:19+00:00\",\"dateModified\":\"2025-03-10T19:10:05+00:00\",\"author\":{\"@id\":\"https:\/\/franciscanos.org.br\/noticias\/#\/schema\/person\/d9422e83121c3ad3b0f423d195f5bb25\"},\"breadcrumb\":{\"@id\":\"https:\/\/franciscanos.org.br\/noticias\/encontro-dos-frades-estudantes-aborda-formacao-vida-em-fraternidade-e-vocacao.html#breadcrumb\"},\"inLanguage\":\"pt-BR\",\"potentialAction\":[{\"@type\":\"ReadAction\",\"target\":[\"https:\/\/franciscanos.org.br\/noticias\/encontro-dos-frades-estudantes-aborda-formacao-vida-em-fraternidade-e-vocacao.html\"]}]},{\"@type\":\"BreadcrumbList\",\"@id\":\"https:\/\/franciscanos.org.br\/noticias\/encontro-dos-frades-estudantes-aborda-formacao-vida-em-fraternidade-e-vocacao.html#breadcrumb\",\"itemListElement\":[{\"@type\":\"ListItem\",\"position\":1,\"name\":\"Home\",\"item\":\"https:\/\/franciscanos.org.br\/noticias\"},{\"@type\":\"ListItem\",\"position\":2,\"name\":\"Encontro dos frades estudantes aborda forma\u00e7\u00e3o, vida em fraternidade e voca\u00e7\u00e3o\"}]},{\"@type\":\"Person\",\"@id\":\"https:\/\/franciscanos.org.br\/noticias\/#\/schema\/person\/d9422e83121c3ad3b0f423d195f5bb25\",\"name\":\"Adriana Rabelo\",\"image\":{\"@type\":\"ImageObject\",\"inLanguage\":\"pt-BR\",\"@id\":\"https:\/\/franciscanos.org.br\/noticias\/#\/schema\/person\/image\/\",\"url\":\"https:\/\/secure.gravatar.com\/avatar\/0a937b7500cd7df77540cfb8bede877d?s=96&d=mm&r=g\",\"contentUrl\":\"https:\/\/secure.gravatar.com\/avatar\/0a937b7500cd7df77540cfb8bede877d?s=96&d=mm&r=g\",\"caption\":\"Adriana Rabelo\"},\"url\":\"https:\/\/franciscanos.org.br\/noticias\/author\/adrianarabelo\"}]}<\/script>\n<!-- \/ Yoast SEO plugin. -->","yoast_head_json":{"title":"Encontro dos frades estudantes aborda forma\u00e7\u00e3o, vida em fraternidade e voca\u00e7\u00e3o - Not\u00edcias - Franciscanos","robots":{"index":"index","follow":"follow","max-snippet":"max-snippet:-1","max-image-preview":"max-image-preview:large","max-video-preview":"max-video-preview:-1"},"canonical":"https:\/\/franciscanos.org.br\/noticias\/encontro-dos-frades-estudantes-aborda-formacao-vida-em-fraternidade-e-vocacao.html","og_locale":"pt_BR","og_type":"article","og_title":"Encontro dos frades estudantes aborda forma\u00e7\u00e3o, vida em fraternidade e voca\u00e7\u00e3o - Not\u00edcias - Franciscanos","og_description":"Evento reuniu 37 frades em fase de forma\u00e7\u00e3o","og_url":"https:\/\/franciscanos.org.br\/noticias\/encontro-dos-frades-estudantes-aborda-formacao-vida-em-fraternidade-e-vocacao.html","og_site_name":"Not\u00edcias - Franciscanos","article_published_time":"2024-08-05T21:02:19+00:00","article_modified_time":"2025-03-10T19:10:05+00:00","og_image":[{"width":1280,"height":720,"url":"https:\/\/franciscanos.org.br\/noticias\/wp-content\/uploads\/2024\/08\/MATERIA-2.jpg","type":"image\/jpeg"}],"author":"Adriana Rabelo","twitter_card":"summary_large_image","twitter_misc":{"Escrito por":"Adriana Rabelo","Est. tempo de leitura":"7 minutos"},"schema":{"@context":"https:\/\/schema.org","@graph":[{"@type":"WebSite","@id":"https:\/\/franciscanos.org.br\/noticias\/#website","url":"https:\/\/franciscanos.org.br\/noticias\/","name":"Not\u00edcias - Franciscanos","description":"Prov\u00edncia Franciscana da Imaculada Concei\u00e7\u00e3o do Brasil - Ordem dos Frades Menores - OFM","potentialAction":[{"@type":"SearchAction","target":{"@type":"EntryPoint","urlTemplate":"https:\/\/franciscanos.org.br\/noticias\/?s={search_term_string}"},"query-input":"required name=search_term_string"}],"inLanguage":"pt-BR"},{"@type":"ImageObject","inLanguage":"pt-BR","@id":"https:\/\/franciscanos.org.br\/noticias\/encontro-dos-frades-estudantes-aborda-formacao-vida-em-fraternidade-e-vocacao.html#primaryimage","url":"https:\/\/franciscanos.org.br\/noticias\/wp-content\/uploads\/2024\/08\/MATERIA-2.jpg","contentUrl":"https:\/\/franciscanos.org.br\/noticias\/wp-content\/uploads\/2024\/08\/MATERIA-2.jpg","width":1280,"height":720},{"@type":"WebPage","@id":"https:\/\/franciscanos.org.br\/noticias\/encontro-dos-frades-estudantes-aborda-formacao-vida-em-fraternidade-e-vocacao.html#webpage","url":"https:\/\/franciscanos.org.br\/noticias\/encontro-dos-frades-estudantes-aborda-formacao-vida-em-fraternidade-e-vocacao.html","name":"Encontro dos frades estudantes aborda forma\u00e7\u00e3o, vida em fraternidade e voca\u00e7\u00e3o - Not\u00edcias - Franciscanos","isPartOf":{"@id":"https:\/\/franciscanos.org.br\/noticias\/#website"},"primaryImageOfPage":{"@id":"https:\/\/franciscanos.org.br\/noticias\/encontro-dos-frades-estudantes-aborda-formacao-vida-em-fraternidade-e-vocacao.html#primaryimage"},"datePublished":"2024-08-05T21:02:19+00:00","dateModified":"2025-03-10T19:10:05+00:00","author":{"@id":"https:\/\/franciscanos.org.br\/noticias\/#\/schema\/person\/d9422e83121c3ad3b0f423d195f5bb25"},"breadcrumb":{"@id":"https:\/\/franciscanos.org.br\/noticias\/encontro-dos-frades-estudantes-aborda-formacao-vida-em-fraternidade-e-vocacao.html#breadcrumb"},"inLanguage":"pt-BR","potentialAction":[{"@type":"ReadAction","target":["https:\/\/franciscanos.org.br\/noticias\/encontro-dos-frades-estudantes-aborda-formacao-vida-em-fraternidade-e-vocacao.html"]}]},{"@type":"BreadcrumbList","@id":"https:\/\/franciscanos.org.br\/noticias\/encontro-dos-frades-estudantes-aborda-formacao-vida-em-fraternidade-e-vocacao.html#breadcrumb","itemListElement":[{"@type":"ListItem","position":1,"name":"Home","item":"https:\/\/franciscanos.org.br\/noticias"},{"@type":"ListItem","position":2,"name":"Encontro dos frades estudantes aborda forma\u00e7\u00e3o, vida em fraternidade e voca\u00e7\u00e3o"}]},{"@type":"Person","@id":"https:\/\/franciscanos.org.br\/noticias\/#\/schema\/person\/d9422e83121c3ad3b0f423d195f5bb25","name":"Adriana Rabelo","image":{"@type":"ImageObject","inLanguage":"pt-BR","@id":"https:\/\/franciscanos.org.br\/noticias\/#\/schema\/person\/image\/","url":"https:\/\/secure.gravatar.com\/avatar\/0a937b7500cd7df77540cfb8bede877d?s=96&d=mm&r=g","contentUrl":"https:\/\/secure.gravatar.com\/avatar\/0a937b7500cd7df77540cfb8bede877d?s=96&d=mm&r=g","caption":"Adriana Rabelo"},"url":"https:\/\/franciscanos.org.br\/noticias\/author\/adrianarabelo"}]}},"_links":{"self":[{"href":"https:\/\/franciscanos.org.br\/noticias\/wp-json\/wp\/v2\/posts\/249742"}],"collection":[{"href":"https:\/\/franciscanos.org.br\/noticias\/wp-json\/wp\/v2\/posts"}],"about":[{"href":"https:\/\/franciscanos.org.br\/noticias\/wp-json\/wp\/v2\/types\/post"}],"author":[{"embeddable":true,"href":"https:\/\/franciscanos.org.br\/noticias\/wp-json\/wp\/v2\/users\/11"}],"replies":[{"embeddable":true,"href":"https:\/\/franciscanos.org.br\/noticias\/wp-json\/wp\/v2\/comments?post=249742"}],"version-history":[{"count":11,"href":"https:\/\/franciscanos.org.br\/noticias\/wp-json\/wp\/v2\/posts\/249742\/revisions"}],"predecessor-version":[{"id":250003,"href":"https:\/\/franciscanos.org.br\/noticias\/wp-json\/wp\/v2\/posts\/249742\/revisions\/250003"}],"wp:featuredmedia":[{"embeddable":true,"href":"https:\/\/franciscanos.org.br\/noticias\/wp-json\/wp\/v2\/media\/249744"}],"wp:attachment":[{"href":"https:\/\/franciscanos.org.br\/noticias\/wp-json\/wp\/v2\/media?parent=249742"}],"wp:term":[{"taxonomy":"category","embeddable":true,"href":"https:\/\/franciscanos.org.br\/noticias\/wp-json\/wp\/v2\/categories?post=249742"},{"taxonomy":"post_tag","embeddable":true,"href":"https:\/\/franciscanos.org.br\/noticias\/wp-json\/wp\/v2\/tags?post=249742"}],"curies":[{"name":"wp","href":"https:\/\/api.w.org\/{rel}","templated":true}]}}